{"id":117319,"date":"2026-02-26T08:57:12","date_gmt":"2026-02-26T11:57:12","guid":{"rendered":"https:\/\/aldiachaco.com.ar\/?p=117319"},"modified":"2026-02-26T08:57:12","modified_gmt":"2026-02-26T11:57:12","slug":"la-cgt-no-hara-un-nuevo-paro-pero-ira-a-la-justicia-para-declarar-la-inconstitucionalidad-de-la-reforma-laboral","status":"publish","type":"post","link":"https:\/\/aldiachaco.com.ar\/index.php\/2026\/02\/26\/la-cgt-no-hara-un-nuevo-paro-pero-ira-a-la-justicia-para-declarar-la-inconstitucionalidad-de-la-reforma-laboral\/","title":{"rendered":"La CGT no har\u00e1 un nuevo paro, pero ir\u00e1 a la Justicia para declarar la inconstitucionalidad de la reforma laboral"},"content":{"rendered":"<p class=\"ds-markdown-paragraph\">Tal como anticip\u00f3 \u00c1mbito, la Confederaci\u00f3n General del Trabajo (CGT) da por descontado que el Gobierno lograr\u00e1 la sanci\u00f3n de la reforma laboral este viernes en el Senado y ahora apuesta al camino judicial para frenarla. El cosecretario general de la central obrera, Jorge Sola, confirm\u00f3 que el lunes realizar\u00e1n una presentaci\u00f3n judicial contra la iniciativa, buscando declarar su &#8220;inconstitucionalidad&#8221;.<\/p>\n<p class=\"ds-markdown-paragraph\"><strong>Movilizaci\u00f3n a tribunales<\/strong><\/p>\n<p class=\"ds-markdown-paragraph\">La presentaci\u00f3n ser\u00e1 en los tribunales ubicados frente a la plaza Lavalle y estar\u00e1 acompa\u00f1ada de una movilizaci\u00f3n. De esta manera, se descarta un nuevo paro general. Las fuerzas de la CGT estar\u00e1n puestas en realizar una importante movilizaci\u00f3n que respalde la presentaci\u00f3n judicial, apuntando m\u00e1s a los &#8220;grises&#8221; de la norma que a su totalidad.<\/p>\n<p class=\"ds-markdown-paragraph\">Sola no dio detalles espec\u00edficos sobre los puntos que cuestionar\u00e1n, pero se\u00f1al\u00f3 que &#8220;hay varios puntos que tienen que ver con derechos individuales y colectivos y que alteran no solamente la representaci\u00f3n gremial de los trabajadores, sino tambi\u00e9n los derechos individuales de cada uno de ellos&#8221;.<\/p>\n<p class=\"ds-markdown-paragraph\"><strong>Un camino que no termina<\/strong><\/p>\n<p class=\"ds-markdown-paragraph\">El reclamo contra la reforma laboral no terminar\u00e1 el lunes, seg\u00fan anticip\u00f3 Sola. &#8220;Nuestro plan de acci\u00f3n va a seguir, no s\u00f3lo con la reforma laboral, sino con la gran ca\u00edda de puestos de trabajo, con la desaparici\u00f3n de pymes, con el endeudamiento familiar&#8221;, afirm\u00f3.<\/p>\n<p class=\"ds-markdown-paragraph\">La CGT recurre a la instancia judicial despu\u00e9s de intentar, sin \u00e9xito, el di\u00e1logo con el Gobierno y mandatarios provinciales. &#8220;A la luz de los resultados, pareciera que no ha alcanzado&#8221;, reconoci\u00f3 Sola, apuntando contra aquellos gobernadores que hab\u00edan manifestado coincidencias con las cr\u00edticas de la CGT pero luego no lo ratificaron con los votos de sus legisladores.<\/p>\n<p class=\"ds-markdown-paragraph\"><strong>El Gobierno reabrir\u00e1 el debate por las licencias m\u00e9dicas<\/strong><\/p>\n<p class=\"ds-markdown-paragraph\">Mientras se prepara el tratamiento de la reforma laboral en el Senado, el oficialismo ya proyecta una nueva discusi\u00f3n para los pr\u00f3ximos meses: la regulaci\u00f3n de las licencias m\u00e9dicas. El presidente provisional de la C\u00e1mara Alta, Bartolom\u00e9 Abdala, adelant\u00f3 que el Gobierno buscar\u00e1 impulsar una ley en el per\u00edodo ordinario para modificar el r\u00e9gimen de licencias por enfermedad, un esquema que inicialmente formaba parte del texto de la reforma y que finalmente fue retirado tras generar fuertes cuestionamientos.<\/p>\n<p class=\"ds-markdown-paragraph\">&#8220;En definitiva, lo de las licencias es algo menor dentro de una ley mucho m\u00e1s amplia. Ese art\u00edculo trataba las enfermedades graves de una manera diferente y por eso se elimin\u00f3, pero de ninguna manera la ley que se va a sancionar el viernes pierde importancia&#8221;, sostuvo Abdala, quien dej\u00f3 en claro que m\u00e1s adelante podr\u00eda presentarse una nueva iniciativa para &#8220;corregir&#8221; el tema.<\/p>\n","protected":false},"excerpt":{"rendered":"<p>Tal como anticip\u00f3 \u00c1mbito, la Confederaci\u00f3n General del Trabajo (CGT) da por descontado que el Gobierno lograr\u00e1 la sanci\u00f3n de la reforma laboral este viernes en el Senado y ahora apuesta al camino judicial para frenarla. El cosecretario general de la central obrera, Jorge Sola, confirm\u00f3 que el lunes realizar\u00e1n una presentaci\u00f3n judicial contra la &hellip;<\/p>\n","protected":false},"author":9,"featured_media":117320,"comment_status":"open","ping_status":"open","sticky":false,"template":"","format":"standard","meta":{"content-type":"","_monsterinsights_skip_tracking":false,"_monsterinsights_sitenote_active":false,"_monsterinsights_sitenote_note":"","_monsterinsights_sitenote_category":0,"_jetpack_memberships_contains_paid_content":false,"footnotes":"","jetpack_publicize_message":"","jetpack_publicize_feature_enabled":true,"jetpack_social_post_already_shared":true,"jetpack_social_options":{"image_generator_settings":{"template":"highway","default_image_id":0,"font":"","enabled":false},"version":2}},"categories":[153],"tags":[],"class_list":["post-117319","post","type-post","status-publish","format-standard","has-post-thumbnail","hentry","category-politica"],"yoast_head":"<!-- This site is optimized with the Yoast SEO plugin v27.4 - https:\/\/yoast.com\/product\/yoast-seo-wordpress\/ -->\n<title>La CGT no har\u00e1 un nuevo paro, pero ir\u00e1 a la Justicia para declarar la inconstitucionalidad de la reforma laboral | Al Dia Chaco<\/title>\n<meta name=\"robots\" content=\"index, follow, max-snippet:-1, max-image-preview:large, max-video-preview:-1\" \/>\n<link rel=\"canonical\" href=\"https:\/\/aldiachaco.com.ar\/index.php\/2026\/02\/26\/la-cgt-no-hara-un-nuevo-paro-pero-ira-a-la-justicia-para-declarar-la-inconstitucionalidad-de-la-reforma-laboral\/\" \/>\n<meta property=\"og:locale\" content=\"es_ES\" \/>\n<meta property=\"og:type\" content=\"article\" \/>\n<meta property=\"og:title\" content=\"La CGT no har\u00e1 un nuevo paro, pero ir\u00e1 a la Justicia para declarar la inconstitucionalidad de la reforma laboral | Al Dia Chaco\" \/>\n<meta property=\"og:description\" content=\"Tal como anticip\u00f3 \u00c1mbito, la Confederaci\u00f3n General del Trabajo (CGT) da por descontado que el Gobierno lograr\u00e1 la sanci\u00f3n de la reforma laboral este viernes en el Senado y ahora apuesta al camino judicial para frenarla. El cosecretario general de la central obrera, Jorge Sola, confirm\u00f3 que el lunes realizar\u00e1n una presentaci\u00f3n judicial contra la &hellip;\" \/>\n<meta property=\"og:url\" content=\"https:\/\/aldiachaco.com.ar\/index.php\/2026\/02\/26\/la-cgt-no-hara-un-nuevo-paro-pero-ira-a-la-justicia-para-declarar-la-inconstitucionalidad-de-la-reforma-laboral\/\" \/>\n<meta property=\"og:site_name\" content=\"Al Dia Chaco\" \/>\n<meta property=\"article:published_time\" content=\"2026-02-26T11:57:12+00:00\" \/>\n<meta property=\"og:image\" content=\"https:\/\/aldiachaco.com.ar\/wp-content\/uploads\/2026\/02\/2602cgt.webp\" \/>\n\t<meta property=\"og:image:width\" content=\"655\" \/>\n\t<meta property=\"og:image:height\" content=\"368\" \/>\n\t<meta property=\"og:image:type\" content=\"image\/webp\" \/>\n<meta name=\"author\" content=\"RedaccionRM\" \/>\n<meta name=\"twitter:card\" content=\"summary_large_image\" \/>\n<meta name=\"twitter:label1\" content=\"Escrito por\" \/>\n\t<meta name=\"twitter:data1\" content=\"RedaccionRM\" \/>\n\t<meta name=\"twitter:label2\" content=\"Tiempo de lectura\" \/>\n\t<meta name=\"twitter:data2\" content=\"3 minutos\" \/>\n<script type=\"application\/ld+json\" class=\"yoast-schema-graph\">{\"@context\":\"https:\\\/\\\/schema.org\",\"@graph\":[{\"@type\":\"Article\",\"@id\":\"https:\\\/\\\/aldiachaco.com.ar\\\/index.php\\\/2026\\\/02\\\/26\\\/la-cgt-no-hara-un-nuevo-paro-pero-ira-a-la-justicia-para-declarar-la-inconstitucionalidad-de-la-reforma-laboral\\\/#article\",\"isPartOf\":{\"@id\":\"https:\\\/\\\/aldiachaco.com.ar\\\/index.php\\\/2026\\\/02\\\/26\\\/la-cgt-no-hara-un-nuevo-paro-pero-ira-a-la-justicia-para-declarar-la-inconstitucionalidad-de-la-reforma-laboral\\\/\"},\"author\":{\"name\":\"RedaccionRM\",\"@id\":\"https:\\\/\\\/aldiachaco.com.ar\\\/#\\\/schema\\\/person\\\/b24e975af8022082f5889a7a7299e962\"},\"headline\":\"La CGT no har\u00e1 un nuevo paro, pero ir\u00e1 a la Justicia para declarar la inconstitucionalidad de la reforma laboral\",\"datePublished\":\"2026-02-26T11:57:12+00:00\",\"mainEntityOfPage\":{\"@id\":\"https:\\\/\\\/aldiachaco.com.ar\\\/index.php\\\/2026\\\/02\\\/26\\\/la-cgt-no-hara-un-nuevo-paro-pero-ira-a-la-justicia-para-declarar-la-inconstitucionalidad-de-la-reforma-laboral\\\/\"},\"wordCount\":482,\"commentCount\":0,\"publisher\":{\"@id\":\"https:\\\/\\\/aldiachaco.com.ar\\\/#organization\"},\"image\":{\"@id\":\"https:\\\/\\\/aldiachaco.com.ar\\\/index.php\\\/2026\\\/02\\\/26\\\/la-cgt-no-hara-un-nuevo-paro-pero-ira-a-la-justicia-para-declarar-la-inconstitucionalidad-de-la-reforma-laboral\\\/#primaryimage\"},\"thumbnailUrl\":\"https:\\\/\\\/aldiachaco.com.ar\\\/wp-content\\\/uploads\\\/2026\\\/02\\\/2602cgt.webp\",\"articleSection\":[\"Pol\u00edtica\"],\"inLanguage\":\"es-AR\",\"potentialAction\":[{\"@type\":\"CommentAction\",\"name\":\"Comment\",\"target\":[\"https:\\\/\\\/aldiachaco.com.ar\\\/index.php\\\/2026\\\/02\\\/26\\\/la-cgt-no-hara-un-nuevo-paro-pero-ira-a-la-justicia-para-declarar-la-inconstitucionalidad-de-la-reforma-laboral\\\/#respond\"]}]},{\"@type\":\"WebPage\",\"@id\":\"https:\\\/\\\/aldiachaco.com.ar\\\/index.php\\\/2026\\\/02\\\/26\\\/la-cgt-no-hara-un-nuevo-paro-pero-ira-a-la-justicia-para-declarar-la-inconstitucionalidad-de-la-reforma-laboral\\\/\",\"url\":\"https:\\\/\\\/aldiachaco.com.ar\\\/index.php\\\/2026\\\/02\\\/26\\\/la-cgt-no-hara-un-nuevo-paro-pero-ira-a-la-justicia-para-declarar-la-inconstitucionalidad-de-la-reforma-laboral\\\/\",\"name\":\"La CGT no har\u00e1 un nuevo paro, pero ir\u00e1 a la Justicia para declarar la inconstitucionalidad de la reforma laboral | Al Dia Chaco\",\"isPartOf\":{\"@id\":\"https:\\\/\\\/aldiachaco.com.ar\\\/#website\"},\"primaryImageOfPage\":{\"@id\":\"https:\\\/\\\/aldiachaco.com.ar\\\/index.php\\\/2026\\\/02\\\/26\\\/la-cgt-no-hara-un-nuevo-paro-pero-ira-a-la-justicia-para-declarar-la-inconstitucionalidad-de-la-reforma-laboral\\\/#primaryimage\"},\"image\":{\"@id\":\"https:\\\/\\\/aldiachaco.com.ar\\\/index.php\\\/2026\\\/02\\\/26\\\/la-cgt-no-hara-un-nuevo-paro-pero-ira-a-la-justicia-para-declarar-la-inconstitucionalidad-de-la-reforma-laboral\\\/#primaryimage\"},\"thumbnailUrl\":\"https:\\\/\\\/aldiachaco.com.ar\\\/wp-content\\\/uploads\\\/2026\\\/02\\\/2602cgt.webp\",\"datePublished\":\"2026-02-26T11:57:12+00:00\",\"breadcrumb\":{\"@id\":\"https:\\\/\\\/aldiachaco.com.ar\\\/index.php\\\/2026\\\/02\\\/26\\\/la-cgt-no-hara-un-nuevo-paro-pero-ira-a-la-justicia-para-declarar-la-inconstitucionalidad-de-la-reforma-laboral\\\/#breadcrumb\"},\"inLanguage\":\"es-AR\",\"potentialAction\":[{\"@type\":\"ReadAction\",\"target\":[\"https:\\\/\\\/aldiachaco.com.ar\\\/index.php\\\/2026\\\/02\\\/26\\\/la-cgt-no-hara-un-nuevo-paro-pero-ira-a-la-justicia-para-declarar-la-inconstitucionalidad-de-la-reforma-laboral\\\/\"]}]},{\"@type\":\"ImageObject\",\"inLanguage\":\"es-AR\",\"@id\":\"https:\\\/\\\/aldiachaco.com.ar\\\/index.php\\\/2026\\\/02\\\/26\\\/la-cgt-no-hara-un-nuevo-paro-pero-ira-a-la-justicia-para-declarar-la-inconstitucionalidad-de-la-reforma-laboral\\\/#primaryimage\",\"url\":\"https:\\\/\\\/aldiachaco.com.ar\\\/wp-content\\\/uploads\\\/2026\\\/02\\\/2602cgt.webp\",\"contentUrl\":\"https:\\\/\\\/aldiachaco.com.ar\\\/wp-content\\\/uploads\\\/2026\\\/02\\\/2602cgt.webp\",\"width\":655,\"height\":368},{\"@type\":\"BreadcrumbList\",\"@id\":\"https:\\\/\\\/aldiachaco.com.ar\\\/index.php\\\/2026\\\/02\\\/26\\\/la-cgt-no-hara-un-nuevo-paro-pero-ira-a-la-justicia-para-declarar-la-inconstitucionalidad-de-la-reforma-laboral\\\/#breadcrumb\",\"itemListElement\":[{\"@type\":\"ListItem\",\"position\":1,\"name\":\"Home\",\"item\":\"https:\\\/\\\/aldiachaco.com.ar\\\/\"},{\"@type\":\"ListItem\",\"position\":2,\"name\":\"La CGT no har\u00e1 un nuevo paro, pero ir\u00e1 a la Justicia para declarar la inconstitucionalidad de la reforma laboral\"}]},{\"@type\":\"WebSite\",\"@id\":\"https:\\\/\\\/aldiachaco.com.ar\\\/#website\",\"url\":\"https:\\\/\\\/aldiachaco.com.ar\\\/\",\"name\":\"Al Dia Chaco\",\"description\":\"Noticias del Chaco y el mundo\",\"publisher\":{\"@id\":\"https:\\\/\\\/aldiachaco.com.ar\\\/#organization\"},\"alternateName\":\"Al D\u00eda Chaco\",\"potentialAction\":[{\"@type\":\"SearchAction\",\"target\":{\"@type\":\"EntryPoint\",\"urlTemplate\":\"https:\\\/\\\/aldiachaco.com.ar\\\/?s={search_term_string}\"},\"query-input\":{\"@type\":\"PropertyValueSpecification\",\"valueRequired\":true,\"valueName\":\"search_term_string\"}}],\"inLanguage\":\"es-AR\"},{\"@type\":\"Organization\",\"@id\":\"https:\\\/\\\/aldiachaco.com.ar\\\/#organization\",\"name\":\"Al Dia Chaco\",\"url\":\"https:\\\/\\\/aldiachaco.com.ar\\\/\",\"logo\":{\"@type\":\"ImageObject\",\"inLanguage\":\"es-AR\",\"@id\":\"https:\\\/\\\/aldiachaco.com.ar\\\/#\\\/schema\\\/logo\\\/image\\\/\",\"url\":\"https:\\\/\\\/aldiachaco.com.ar\\\/wp-content\\\/uploads\\\/2017\\\/11\\\/AL-DIA-CHACO-L@2x.png\",\"contentUrl\":\"https:\\\/\\\/aldiachaco.com.ar\\\/wp-content\\\/uploads\\\/2017\\\/11\\\/AL-DIA-CHACO-L@2x.png\",\"width\":232,\"height\":60,\"caption\":\"Al Dia Chaco\"},\"image\":{\"@id\":\"https:\\\/\\\/aldiachaco.com.ar\\\/#\\\/schema\\\/logo\\\/image\\\/\"}},{\"@type\":\"Person\",\"@id\":\"https:\\\/\\\/aldiachaco.com.ar\\\/#\\\/schema\\\/person\\\/b24e975af8022082f5889a7a7299e962\",\"name\":\"RedaccionRM\",\"image\":{\"@type\":\"ImageObject\",\"inLanguage\":\"es-AR\",\"@id\":\"https:\\\/\\\/aldiachaco.com.ar\\\/wp-content\\\/litespeed\\\/avatar\\\/a30118fcb7a6295303f1c91164c6aba1.jpg?ver=1776734264\",\"url\":\"https:\\\/\\\/aldiachaco.com.ar\\\/wp-content\\\/litespeed\\\/avatar\\\/a30118fcb7a6295303f1c91164c6aba1.jpg?ver=1776734264\",\"contentUrl\":\"https:\\\/\\\/aldiachaco.com.ar\\\/wp-content\\\/litespeed\\\/avatar\\\/a30118fcb7a6295303f1c91164c6aba1.jpg?ver=1776734264\",\"caption\":\"RedaccionRM\"},\"url\":\"https:\\\/\\\/aldiachaco.com.ar\\\/index.php\\\/author\\\/redaccionrm\\\/\"}]}<\/script>\n<!-- \/ Yoast SEO plugin. -->","yoast_head_json":{"title":"La CGT no har\u00e1 un nuevo paro, pero ir\u00e1 a la Justicia para declarar la inconstitucionalidad de la reforma laboral | Al Dia Chaco","robots":{"index":"index","follow":"follow","max-snippet":"max-snippet:-1","max-image-preview":"max-image-preview:large","max-video-preview":"max-video-preview:-1"},"canonical":"https:\/\/aldiachaco.com.ar\/index.php\/2026\/02\/26\/la-cgt-no-hara-un-nuevo-paro-pero-ira-a-la-justicia-para-declarar-la-inconstitucionalidad-de-la-reforma-laboral\/","og_locale":"es_ES","og_type":"article","og_title":"La CGT no har\u00e1 un nuevo paro, pero ir\u00e1 a la Justicia para declarar la inconstitucionalidad de la reforma laboral | Al Dia Chaco","og_description":"Tal como anticip\u00f3 \u00c1mbito, la Confederaci\u00f3n General del Trabajo (CGT) da por descontado que el Gobierno lograr\u00e1 la sanci\u00f3n de la reforma laboral este viernes en el Senado y ahora apuesta al camino judicial para frenarla. El cosecretario general de la central obrera, Jorge Sola, confirm\u00f3 que el lunes realizar\u00e1n una presentaci\u00f3n judicial contra la &hellip;","og_url":"https:\/\/aldiachaco.com.ar\/index.php\/2026\/02\/26\/la-cgt-no-hara-un-nuevo-paro-pero-ira-a-la-justicia-para-declarar-la-inconstitucionalidad-de-la-reforma-laboral\/","og_site_name":"Al Dia Chaco","article_published_time":"2026-02-26T11:57:12+00:00","og_image":[{"width":655,"height":368,"url":"https:\/\/aldiachaco.com.ar\/wp-content\/uploads\/2026\/02\/2602cgt.webp","type":"image\/webp"}],"author":"RedaccionRM","twitter_card":"summary_large_image","twitter_misc":{"Escrito por":"RedaccionRM","Tiempo de lectura":"3 minutos"},"schema":{"@context":"https:\/\/schema.org","@graph":[{"@type":"Article","@id":"https:\/\/aldiachaco.com.ar\/index.php\/2026\/02\/26\/la-cgt-no-hara-un-nuevo-paro-pero-ira-a-la-justicia-para-declarar-la-inconstitucionalidad-de-la-reforma-laboral\/#article","isPartOf":{"@id":"https:\/\/aldiachaco.com.ar\/index.php\/2026\/02\/26\/la-cgt-no-hara-un-nuevo-paro-pero-ira-a-la-justicia-para-declarar-la-inconstitucionalidad-de-la-reforma-laboral\/"},"author":{"name":"RedaccionRM","@id":"https:\/\/aldiachaco.com.ar\/#\/schema\/person\/b24e975af8022082f5889a7a7299e962"},"headline":"La CGT no har\u00e1 un nuevo paro, pero ir\u00e1 a la Justicia para declarar la inconstitucionalidad de la reforma laboral","datePublished":"2026-02-26T11:57:12+00:00","mainEntityOfPage":{"@id":"https:\/\/aldiachaco.com.ar\/index.php\/2026\/02\/26\/la-cgt-no-hara-un-nuevo-paro-pero-ira-a-la-justicia-para-declarar-la-inconstitucionalidad-de-la-reforma-laboral\/"},"wordCount":482,"commentCount":0,"publisher":{"@id":"https:\/\/aldiachaco.com.ar\/#organization"},"image":{"@id":"https:\/\/aldiachaco.com.ar\/index.php\/2026\/02\/26\/la-cgt-no-hara-un-nuevo-paro-pero-ira-a-la-justicia-para-declarar-la-inconstitucionalidad-de-la-reforma-laboral\/#primaryimage"},"thumbnailUrl":"https:\/\/aldiachaco.com.ar\/wp-content\/uploads\/2026\/02\/2602cgt.webp","articleSection":["Pol\u00edtica"],"inLanguage":"es-AR","potentialAction":[{"@type":"CommentAction","name":"Comment","target":["https:\/\/aldiachaco.com.ar\/index.php\/2026\/02\/26\/la-cgt-no-hara-un-nuevo-paro-pero-ira-a-la-justicia-para-declarar-la-inconstitucionalidad-de-la-reforma-laboral\/#respond"]}]},{"@type":"WebPage","@id":"https:\/\/aldiachaco.com.ar\/index.php\/2026\/02\/26\/la-cgt-no-hara-un-nuevo-paro-pero-ira-a-la-justicia-para-declarar-la-inconstitucionalidad-de-la-reforma-laboral\/","url":"https:\/\/aldiachaco.com.ar\/index.php\/2026\/02\/26\/la-cgt-no-hara-un-nuevo-paro-pero-ira-a-la-justicia-para-declarar-la-inconstitucionalidad-de-la-reforma-laboral\/","name":"La CGT no har\u00e1 un nuevo paro, pero ir\u00e1 a la Justicia para declarar la inconstitucionalidad de la reforma laboral | Al Dia Chaco","isPartOf":{"@id":"https:\/\/aldiachaco.com.ar\/#website"},"primaryImageOfPage":{"@id":"https:\/\/aldiachaco.com.ar\/index.php\/2026\/02\/26\/la-cgt-no-hara-un-nuevo-paro-pero-ira-a-la-justicia-para-declarar-la-inconstitucionalidad-de-la-reforma-laboral\/#primaryimage"},"image":{"@id":"https:\/\/aldiachaco.com.ar\/index.php\/2026\/02\/26\/la-cgt-no-hara-un-nuevo-paro-pero-ira-a-la-justicia-para-declarar-la-inconstitucionalidad-de-la-reforma-laboral\/#primaryimage"},"thumbnailUrl":"https:\/\/aldiachaco.com.ar\/wp-content\/uploads\/2026\/02\/2602cgt.webp","datePublished":"2026-02-26T11:57:12+00:00","breadcrumb":{"@id":"https:\/\/aldiachaco.com.ar\/index.php\/2026\/02\/26\/la-cgt-no-hara-un-nuevo-paro-pero-ira-a-la-justicia-para-declarar-la-inconstitucionalidad-de-la-reforma-laboral\/#breadcrumb"},"inLanguage":"es-AR","potentialAction":[{"@type":"ReadAction","target":["https:\/\/aldiachaco.com.ar\/index.php\/2026\/02\/26\/la-cgt-no-hara-un-nuevo-paro-pero-ira-a-la-justicia-para-declarar-la-inconstitucionalidad-de-la-reforma-laboral\/"]}]},{"@type":"ImageObject","inLanguage":"es-AR","@id":"https:\/\/aldiachaco.com.ar\/index.php\/2026\/02\/26\/la-cgt-no-hara-un-nuevo-paro-pero-ira-a-la-justicia-para-declarar-la-inconstitucionalidad-de-la-reforma-laboral\/#primaryimage","url":"https:\/\/aldiachaco.com.ar\/wp-content\/uploads\/2026\/02\/2602cgt.webp","contentUrl":"https:\/\/aldiachaco.com.ar\/wp-content\/uploads\/2026\/02\/2602cgt.webp","width":655,"height":368},{"@type":"BreadcrumbList","@id":"https:\/\/aldiachaco.com.ar\/index.php\/2026\/02\/26\/la-cgt-no-hara-un-nuevo-paro-pero-ira-a-la-justicia-para-declarar-la-inconstitucionalidad-de-la-reforma-laboral\/#breadcrumb","itemListElement":[{"@type":"ListItem","position":1,"name":"Home","item":"https:\/\/aldiachaco.com.ar\/"},{"@type":"ListItem","position":2,"name":"La CGT no har\u00e1 un nuevo paro, pero ir\u00e1 a la Justicia para declarar la inconstitucionalidad de la reforma laboral"}]},{"@type":"WebSite","@id":"https:\/\/aldiachaco.com.ar\/#website","url":"https:\/\/aldiachaco.com.ar\/","name":"Al Dia Chaco","description":"Noticias del Chaco y el mundo","publisher":{"@id":"https:\/\/aldiachaco.com.ar\/#organization"},"alternateName":"Al D\u00eda Chaco","potentialAction":[{"@type":"SearchAction","target":{"@type":"EntryPoint","urlTemplate":"https:\/\/aldiachaco.com.ar\/?s={search_term_string}"},"query-input":{"@type":"PropertyValueSpecification","valueRequired":true,"valueName":"search_term_string"}}],"inLanguage":"es-AR"},{"@type":"Organization","@id":"https:\/\/aldiachaco.com.ar\/#organization","name":"Al Dia Chaco","url":"https:\/\/aldiachaco.com.ar\/","logo":{"@type":"ImageObject","inLanguage":"es-AR","@id":"https:\/\/aldiachaco.com.ar\/#\/schema\/logo\/image\/","url":"https:\/\/aldiachaco.com.ar\/wp-content\/uploads\/2017\/11\/AL-DIA-CHACO-L@2x.png","contentUrl":"https:\/\/aldiachaco.com.ar\/wp-content\/uploads\/2017\/11\/AL-DIA-CHACO-L@2x.png","width":232,"height":60,"caption":"Al Dia Chaco"},"image":{"@id":"https:\/\/aldiachaco.com.ar\/#\/schema\/logo\/image\/"}},{"@type":"Person","@id":"https:\/\/aldiachaco.com.ar\/#\/schema\/person\/b24e975af8022082f5889a7a7299e962","name":"RedaccionRM","image":{"@type":"ImageObject","inLanguage":"es-AR","@id":"https:\/\/aldiachaco.com.ar\/wp-content\/litespeed\/avatar\/a30118fcb7a6295303f1c91164c6aba1.jpg?ver=1776734264","url":"https:\/\/aldiachaco.com.ar\/wp-content\/litespeed\/avatar\/a30118fcb7a6295303f1c91164c6aba1.jpg?ver=1776734264","contentUrl":"https:\/\/aldiachaco.com.ar\/wp-content\/litespeed\/avatar\/a30118fcb7a6295303f1c91164c6aba1.jpg?ver=1776734264","caption":"RedaccionRM"},"url":"https:\/\/aldiachaco.com.ar\/index.php\/author\/redaccionrm\/"}]}},"jetpack_publicize_connections":[],"jetpack_featured_media_url":"https:\/\/aldiachaco.com.ar\/wp-content\/uploads\/2026\/02\/2602cgt.webp","jetpack_sharing_enabled":true,"amp_enabled":true,"_links":{"self":[{"href":"https:\/\/aldiachaco.com.ar\/index.php\/wp-json\/wp\/v2\/posts\/117319","targetHints":{"allow":["GET"]}}],"collection":[{"href":"https:\/\/aldiachaco.com.ar\/index.php\/wp-json\/wp\/v2\/posts"}],"about":[{"href":"https:\/\/aldiachaco.com.ar\/index.php\/wp-json\/wp\/v2\/types\/post"}],"author":[{"embeddable":true,"href":"https:\/\/aldiachaco.com.ar\/index.php\/wp-json\/wp\/v2\/users\/9"}],"replies":[{"embeddable":true,"href":"https:\/\/aldiachaco.com.ar\/index.php\/wp-json\/wp\/v2\/comments?post=117319"}],"version-history":[{"count":1,"href":"https:\/\/aldiachaco.com.ar\/index.php\/wp-json\/wp\/v2\/posts\/117319\/revisions"}],"predecessor-version":[{"id":117321,"href":"https:\/\/aldiachaco.com.ar\/index.php\/wp-json\/wp\/v2\/posts\/117319\/revisions\/117321"}],"wp:featuredmedia":[{"embeddable":true,"href":"https:\/\/aldiachaco.com.ar\/index.php\/wp-json\/wp\/v2\/media\/117320"}],"wp:attachment":[{"href":"https:\/\/aldiachaco.com.ar\/index.php\/wp-json\/wp\/v2\/media?parent=117319"}],"wp:term":[{"taxonomy":"category","embeddable":true,"href":"https:\/\/aldiachaco.com.ar\/index.php\/wp-json\/wp\/v2\/categories?post=117319"},{"taxonomy":"post_tag","embeddable":true,"href":"https:\/\/aldiachaco.com.ar\/index.php\/wp-json\/wp\/v2\/tags?post=117319"}],"curies":[{"name":"wp","href":"https:\/\/api.w.org\/{rel}","templated":true}]}}