{"id":117308,"date":"2026-02-25T18:57:28","date_gmt":"2026-02-25T21:57:28","guid":{"rendered":"https:\/\/aldiachaco.com.ar\/?p=117308"},"modified":"2026-02-25T19:00:41","modified_gmt":"2026-02-25T22:00:41","slug":"charata-choque-frontal-entre-dos-camionetas-dejo-varios-heridos-y-un-conductor-atrapado-entre-los-hierros","status":"publish","type":"post","link":"https:\/\/aldiachaco.com.ar\/index.php\/2026\/02\/25\/charata-choque-frontal-entre-dos-camionetas-dejo-varios-heridos-y-un-conductor-atrapado-entre-los-hierros\/","title":{"rendered":"Charata: choque frontal entre dos camionetas dej\u00f3 varios heridos y un conductor atrapado entre los hierros"},"content":{"rendered":"<p class=\"ds-markdown-paragraph\">Un fuerte incidente vial se registr\u00f3 alrededor de las 14:15 sobre el camino vecinal del &#8220;Cementerio Viejo&#8221;, a unos 6 kil\u00f3metros del casco urbano de Charata. El accidente, cuyas causas se investigan, involucr\u00f3 a dos camionetas y moviliz\u00f3 a m\u00faltiples equipos de emergencia.<\/p>\n<p class=\"ds-markdown-paragraph\"><strong>Los veh\u00edculos involucrados<\/strong><\/p>\n<p class=\"ds-markdown-paragraph\">La colisi\u00f3n frontal tuvo como protagonistas a una Toyota Hilux blanca, perteneciente a una firma de servicios agrarios y conducida por un joven de 23 a\u00f1os oriundo de Coronel Du Graty (quien result\u00f3 con lesiones leves), y una Ford F-100 verde en la que circulaban cuatro personas.<\/p>\n<p class=\"ds-markdown-paragraph\"><strong>Rescate y asistencia<\/strong><\/p>\n<p class=\"ds-markdown-paragraph\">La peor parte se la llevaron los ocupantes del segundo rodado. Tres de ellos fueron trasladados de urgencia al hospital local apenas arrib\u00f3 la asistencia m\u00e9dica. Sin embargo, el conductor de la Ford F-100 qued\u00f3 atrapado entre los hierros retorcidos de la cabina.<\/p>\n<p class=\"ds-markdown-paragraph\">Ante la gravedad de la situaci\u00f3n, trabajaron de forma conjunta efectivos de la Divisi\u00f3n Bomberos Interior Charata y el Cuerpo de Bomberos Voluntarios, quienes mediante maniobras de corte y expansi\u00f3n lograron liberar al hombre para su inmediato traslado.<\/p>\n<p class=\"ds-markdown-paragraph\"><strong>Estado de salud y derivados<\/strong><\/p>\n<p class=\"ds-markdown-paragraph\">Tras el ingreso al nosocomio, se emitieron los primeros partes m\u00e9dicos:<\/p>\n<ul>\n<li>\n<p class=\"ds-markdown-paragraph\">Un hombre de 36 a\u00f1os, vecino de Las Bre\u00f1as, sufri\u00f3 &#8220;traumatismo cerrado de t\u00f3rax y de cr\u00e1neo&#8221;, por lo que fue derivado de complejidad al Hospital 4 de Junio de S\u00e1enz Pe\u00f1a.<\/p>\n<\/li>\n<li>\n<p class=\"ds-markdown-paragraph\">Otro de los ocupantes, un hombre de 60 a\u00f1os tambi\u00e9n de Las Bre\u00f1as, presenta &#8220;politraumatismos con traumatismo enc\u00e9falo craneano (TEC) moderado&#8221;, siendo derivado a una cl\u00ednica privada.<\/p>\n<\/li>\n<\/ul>\n<p class=\"ds-markdown-paragraph\"><strong>Peritajes<\/strong><\/p>\n<p class=\"ds-markdown-paragraph\">En el lugar del hecho se hicieron presentes el Ayudante Fiscal y peritos del Poder Judicial, quienes realizaron las tareas de planimetr\u00eda y recolecci\u00f3n de pruebas para determinar las responsabilidades del siniestro. Personal de la Comisar\u00eda Primera de Charata custodi\u00f3 la zona durante el operativo.<\/p>\n<p><img loading=\"lazy\" decoding=\"async\" class=\"alignnone size-medium wp-image-117309\" src=\"https:\/\/aldiachaco.com.ar\/wp-content\/uploads\/2026\/02\/WhatsApp-Image-2026-02-25-at-17.08.10-300x169.jpeg\" alt=\"\" width=\"300\" height=\"169\" srcset=\"https:\/\/aldiachaco.com.ar\/wp-content\/uploads\/2026\/02\/WhatsApp-Image-2026-02-25-at-17.08.10-300x169.jpeg 300w, https:\/\/aldiachaco.com.ar\/wp-content\/uploads\/2026\/02\/WhatsApp-Image-2026-02-25-at-17.08.10-1024x576.jpeg 1024w, https:\/\/aldiachaco.com.ar\/wp-content\/uploads\/2026\/02\/WhatsApp-Image-2026-02-25-at-17.08.10-768x432.jpeg 768w, https:\/\/aldiachaco.com.ar\/wp-content\/uploads\/2026\/02\/WhatsApp-Image-2026-02-25-at-17.08.10-1536x864.jpeg 1536w, https:\/\/aldiachaco.com.ar\/wp-content\/uploads\/2026\/02\/WhatsApp-Image-2026-02-25-at-17.08.10-390x220.jpeg 390w, https:\/\/aldiachaco.com.ar\/wp-content\/uploads\/2026\/02\/WhatsApp-Image-2026-02-25-at-17.08.10-780x439.jpeg 780w, https:\/\/aldiachaco.com.ar\/wp-content\/uploads\/2026\/02\/WhatsApp-Image-2026-02-25-at-17.08.10-600x337.jpeg 600w, https:\/\/aldiachaco.com.ar\/wp-content\/uploads\/2026\/02\/WhatsApp-Image-2026-02-25-at-17.08.10.jpeg 1599w\" sizes=\"auto, (max-width: 300px) 100vw, 300px\" \/> <img loading=\"lazy\" decoding=\"async\" class=\"alignnone size-medium wp-image-117310\" src=\"https:\/\/aldiachaco.com.ar\/wp-content\/uploads\/2026\/02\/WhatsApp-Image-2026-02-25-at-17.08.09-1-300x169.jpeg\" alt=\"\" width=\"300\" height=\"169\" srcset=\"https:\/\/aldiachaco.com.ar\/wp-content\/uploads\/2026\/02\/WhatsApp-Image-2026-02-25-at-17.08.09-1-300x169.jpeg 300w, https:\/\/aldiachaco.com.ar\/wp-content\/uploads\/2026\/02\/WhatsApp-Image-2026-02-25-at-17.08.09-1-1024x576.jpeg 1024w, https:\/\/aldiachaco.com.ar\/wp-content\/uploads\/2026\/02\/WhatsApp-Image-2026-02-25-at-17.08.09-1-768x432.jpeg 768w, https:\/\/aldiachaco.com.ar\/wp-content\/uploads\/2026\/02\/WhatsApp-Image-2026-02-25-at-17.08.09-1-1536x864.jpeg 1536w, https:\/\/aldiachaco.com.ar\/wp-content\/uploads\/2026\/02\/WhatsApp-Image-2026-02-25-at-17.08.09-1-390x220.jpeg 390w, https:\/\/aldiachaco.com.ar\/wp-content\/uploads\/2026\/02\/WhatsApp-Image-2026-02-25-at-17.08.09-1-780x439.jpeg 780w, https:\/\/aldiachaco.com.ar\/wp-content\/uploads\/2026\/02\/WhatsApp-Image-2026-02-25-at-17.08.09-1-600x337.jpeg 600w, https:\/\/aldiachaco.com.ar\/wp-content\/uploads\/2026\/02\/WhatsApp-Image-2026-02-25-at-17.08.09-1.jpeg 1599w\" sizes=\"auto, (max-width: 300px) 100vw, 300px\" \/><\/p>\n","protected":false},"excerpt":{"rendered":"<p>Un fuerte incidente vial se registr\u00f3 alrededor de las 14:15 sobre el camino vecinal del &#8220;Cementerio Viejo&#8221;, a unos 6 kil\u00f3metros del casco urbano de Charata. El accidente, cuyas causas se investigan, involucr\u00f3 a dos camionetas y moviliz\u00f3 a m\u00faltiples equipos de emergencia. Los veh\u00edculos involucrados La colisi\u00f3n frontal tuvo como protagonistas a una Toyota &hellip;<\/p>\n","protected":false},"author":9,"featured_media":117312,"comment_status":"open","ping_status":"open","sticky":false,"template":"","format":"standard","meta":{"content-type":"","_monsterinsights_skip_tracking":false,"_monsterinsights_sitenote_active":false,"_monsterinsights_sitenote_note":"","_monsterinsights_sitenote_category":0,"_jetpack_memberships_contains_paid_content":false,"footnotes":"","jetpack_publicize_message":"","jetpack_publicize_feature_enabled":true,"jetpack_social_post_already_shared":true,"jetpack_social_options":{"image_generator_settings":{"template":"highway","default_image_id":0,"font":"","enabled":false},"version":2}},"categories":[249],"tags":[],"class_list":["post-117308","post","type-post","status-publish","format-standard","has-post-thumbnail","hentry","category-charata"],"yoast_head":"<!-- This site is optimized with the Yoast SEO plugin v27.4 - https:\/\/yoast.com\/product\/yoast-seo-wordpress\/ -->\n<title>Charata: choque frontal entre dos camionetas dej\u00f3 varios heridos y un conductor atrapado entre los hierros | Al Dia Chaco<\/title>\n<meta name=\"robots\" content=\"index, follow, max-snippet:-1, max-image-preview:large, max-video-preview:-1\" \/>\n<link rel=\"canonical\" href=\"https:\/\/aldiachaco.com.ar\/index.php\/2026\/02\/25\/charata-choque-frontal-entre-dos-camionetas-dejo-varios-heridos-y-un-conductor-atrapado-entre-los-hierros\/\" \/>\n<meta property=\"og:locale\" content=\"es_ES\" \/>\n<meta property=\"og:type\" content=\"article\" \/>\n<meta property=\"og:title\" content=\"Charata: choque frontal entre dos camionetas dej\u00f3 varios heridos y un conductor atrapado entre los hierros | Al Dia Chaco\" \/>\n<meta property=\"og:description\" content=\"Un fuerte incidente vial se registr\u00f3 alrededor de las 14:15 sobre el camino vecinal del &#8220;Cementerio Viejo&#8221;, a unos 6 kil\u00f3metros del casco urbano de Charata. El accidente, cuyas causas se investigan, involucr\u00f3 a dos camionetas y moviliz\u00f3 a m\u00faltiples equipos de emergencia. Los veh\u00edculos involucrados La colisi\u00f3n frontal tuvo como protagonistas a una Toyota &hellip;\" \/>\n<meta property=\"og:url\" content=\"https:\/\/aldiachaco.com.ar\/index.php\/2026\/02\/25\/charata-choque-frontal-entre-dos-camionetas-dejo-varios-heridos-y-un-conductor-atrapado-entre-los-hierros\/\" \/>\n<meta property=\"og:site_name\" content=\"Al Dia Chaco\" \/>\n<meta property=\"article:published_time\" content=\"2026-02-25T21:57:28+00:00\" \/>\n<meta property=\"article:modified_time\" content=\"2026-02-25T22:00:41+00:00\" \/>\n<meta property=\"og:image\" content=\"https:\/\/aldiachaco.com.ar\/wp-content\/uploads\/2026\/02\/WhatsApp-Image-2026-02-25-at-17.08.09.jpeg\" \/>\n\t<meta property=\"og:image:width\" content=\"1599\" \/>\n\t<meta property=\"og:image:height\" content=\"899\" \/>\n\t<meta property=\"og:image:type\" content=\"image\/jpeg\" \/>\n<meta name=\"author\" content=\"RedaccionRM\" \/>\n<meta name=\"twitter:card\" content=\"summary_large_image\" \/>\n<meta name=\"twitter:label1\" content=\"Escrito por\" \/>\n\t<meta name=\"twitter:data1\" content=\"RedaccionRM\" \/>\n\t<meta name=\"twitter:label2\" content=\"Tiempo de lectura\" \/>\n\t<meta name=\"twitter:data2\" content=\"2 minutos\" \/>\n<script type=\"application\/ld+json\" class=\"yoast-schema-graph\">{\"@context\":\"https:\\\/\\\/schema.org\",\"@graph\":[{\"@type\":\"Article\",\"@id\":\"https:\\\/\\\/aldiachaco.com.ar\\\/index.php\\\/2026\\\/02\\\/25\\\/charata-choque-frontal-entre-dos-camionetas-dejo-varios-heridos-y-un-conductor-atrapado-entre-los-hierros\\\/#article\",\"isPartOf\":{\"@id\":\"https:\\\/\\\/aldiachaco.com.ar\\\/index.php\\\/2026\\\/02\\\/25\\\/charata-choque-frontal-entre-dos-camionetas-dejo-varios-heridos-y-un-conductor-atrapado-entre-los-hierros\\\/\"},\"author\":{\"name\":\"RedaccionRM\",\"@id\":\"https:\\\/\\\/aldiachaco.com.ar\\\/#\\\/schema\\\/person\\\/b24e975af8022082f5889a7a7299e962\"},\"headline\":\"Charata: choque frontal entre dos camionetas dej\u00f3 varios heridos y un conductor atrapado entre los hierros\",\"datePublished\":\"2026-02-25T21:57:28+00:00\",\"dateModified\":\"2026-02-25T22:00:41+00:00\",\"mainEntityOfPage\":{\"@id\":\"https:\\\/\\\/aldiachaco.com.ar\\\/index.php\\\/2026\\\/02\\\/25\\\/charata-choque-frontal-entre-dos-camionetas-dejo-varios-heridos-y-un-conductor-atrapado-entre-los-hierros\\\/\"},\"wordCount\":332,\"commentCount\":0,\"publisher\":{\"@id\":\"https:\\\/\\\/aldiachaco.com.ar\\\/#organization\"},\"image\":{\"@id\":\"https:\\\/\\\/aldiachaco.com.ar\\\/index.php\\\/2026\\\/02\\\/25\\\/charata-choque-frontal-entre-dos-camionetas-dejo-varios-heridos-y-un-conductor-atrapado-entre-los-hierros\\\/#primaryimage\"},\"thumbnailUrl\":\"https:\\\/\\\/aldiachaco.com.ar\\\/wp-content\\\/uploads\\\/2026\\\/02\\\/WhatsApp-Image-2026-02-25-at-17.08.09.jpeg\",\"articleSection\":[\"Charata\"],\"inLanguage\":\"es-AR\",\"potentialAction\":[{\"@type\":\"CommentAction\",\"name\":\"Comment\",\"target\":[\"https:\\\/\\\/aldiachaco.com.ar\\\/index.php\\\/2026\\\/02\\\/25\\\/charata-choque-frontal-entre-dos-camionetas-dejo-varios-heridos-y-un-conductor-atrapado-entre-los-hierros\\\/#respond\"]}]},{\"@type\":\"WebPage\",\"@id\":\"https:\\\/\\\/aldiachaco.com.ar\\\/index.php\\\/2026\\\/02\\\/25\\\/charata-choque-frontal-entre-dos-camionetas-dejo-varios-heridos-y-un-conductor-atrapado-entre-los-hierros\\\/\",\"url\":\"https:\\\/\\\/aldiachaco.com.ar\\\/index.php\\\/2026\\\/02\\\/25\\\/charata-choque-frontal-entre-dos-camionetas-dejo-varios-heridos-y-un-conductor-atrapado-entre-los-hierros\\\/\",\"name\":\"Charata: choque frontal entre dos camionetas dej\u00f3 varios heridos y un conductor atrapado entre los hierros | Al Dia Chaco\",\"isPartOf\":{\"@id\":\"https:\\\/\\\/aldiachaco.com.ar\\\/#website\"},\"primaryImageOfPage\":{\"@id\":\"https:\\\/\\\/aldiachaco.com.ar\\\/index.php\\\/2026\\\/02\\\/25\\\/charata-choque-frontal-entre-dos-camionetas-dejo-varios-heridos-y-un-conductor-atrapado-entre-los-hierros\\\/#primaryimage\"},\"image\":{\"@id\":\"https:\\\/\\\/aldiachaco.com.ar\\\/index.php\\\/2026\\\/02\\\/25\\\/charata-choque-frontal-entre-dos-camionetas-dejo-varios-heridos-y-un-conductor-atrapado-entre-los-hierros\\\/#primaryimage\"},\"thumbnailUrl\":\"https:\\\/\\\/aldiachaco.com.ar\\\/wp-content\\\/uploads\\\/2026\\\/02\\\/WhatsApp-Image-2026-02-25-at-17.08.09.jpeg\",\"datePublished\":\"2026-02-25T21:57:28+00:00\",\"dateModified\":\"2026-02-25T22:00:41+00:00\",\"breadcrumb\":{\"@id\":\"https:\\\/\\\/aldiachaco.com.ar\\\/index.php\\\/2026\\\/02\\\/25\\\/charata-choque-frontal-entre-dos-camionetas-dejo-varios-heridos-y-un-conductor-atrapado-entre-los-hierros\\\/#breadcrumb\"},\"inLanguage\":\"es-AR\",\"potentialAction\":[{\"@type\":\"ReadAction\",\"target\":[\"https:\\\/\\\/aldiachaco.com.ar\\\/index.php\\\/2026\\\/02\\\/25\\\/charata-choque-frontal-entre-dos-camionetas-dejo-varios-heridos-y-un-conductor-atrapado-entre-los-hierros\\\/\"]}]},{\"@type\":\"ImageObject\",\"inLanguage\":\"es-AR\",\"@id\":\"https:\\\/\\\/aldiachaco.com.ar\\\/index.php\\\/2026\\\/02\\\/25\\\/charata-choque-frontal-entre-dos-camionetas-dejo-varios-heridos-y-un-conductor-atrapado-entre-los-hierros\\\/#primaryimage\",\"url\":\"https:\\\/\\\/aldiachaco.com.ar\\\/wp-content\\\/uploads\\\/2026\\\/02\\\/WhatsApp-Image-2026-02-25-at-17.08.09.jpeg\",\"contentUrl\":\"https:\\\/\\\/aldiachaco.com.ar\\\/wp-content\\\/uploads\\\/2026\\\/02\\\/WhatsApp-Image-2026-02-25-at-17.08.09.jpeg\",\"width\":1599,\"height\":899},{\"@type\":\"BreadcrumbList\",\"@id\":\"https:\\\/\\\/aldiachaco.com.ar\\\/index.php\\\/2026\\\/02\\\/25\\\/charata-choque-frontal-entre-dos-camionetas-dejo-varios-heridos-y-un-conductor-atrapado-entre-los-hierros\\\/#breadcrumb\",\"itemListElement\":[{\"@type\":\"ListItem\",\"position\":1,\"name\":\"Home\",\"item\":\"https:\\\/\\\/aldiachaco.com.ar\\\/\"},{\"@type\":\"ListItem\",\"position\":2,\"name\":\"Charata: choque frontal entre dos camionetas dej\u00f3 varios heridos y un conductor atrapado entre los hierros\"}]},{\"@type\":\"WebSite\",\"@id\":\"https:\\\/\\\/aldiachaco.com.ar\\\/#website\",\"url\":\"https:\\\/\\\/aldiachaco.com.ar\\\/\",\"name\":\"Al Dia Chaco\",\"description\":\"Noticias del Chaco y el mundo\",\"publisher\":{\"@id\":\"https:\\\/\\\/aldiachaco.com.ar\\\/#organization\"},\"alternateName\":\"Al D\u00eda Chaco\",\"potentialAction\":[{\"@type\":\"SearchAction\",\"target\":{\"@type\":\"EntryPoint\",\"urlTemplate\":\"https:\\\/\\\/aldiachaco.com.ar\\\/?s={search_term_string}\"},\"query-input\":{\"@type\":\"PropertyValueSpecification\",\"valueRequired\":true,\"valueName\":\"search_term_string\"}}],\"inLanguage\":\"es-AR\"},{\"@type\":\"Organization\",\"@id\":\"https:\\\/\\\/aldiachaco.com.ar\\\/#organization\",\"name\":\"Al Dia Chaco\",\"url\":\"https:\\\/\\\/aldiachaco.com.ar\\\/\",\"logo\":{\"@type\":\"ImageObject\",\"inLanguage\":\"es-AR\",\"@id\":\"https:\\\/\\\/aldiachaco.com.ar\\\/#\\\/schema\\\/logo\\\/image\\\/\",\"url\":\"https:\\\/\\\/aldiachaco.com.ar\\\/wp-content\\\/uploads\\\/2017\\\/11\\\/AL-DIA-CHACO-L@2x.png\",\"contentUrl\":\"https:\\\/\\\/aldiachaco.com.ar\\\/wp-content\\\/uploads\\\/2017\\\/11\\\/AL-DIA-CHACO-L@2x.png\",\"width\":232,\"height\":60,\"caption\":\"Al Dia Chaco\"},\"image\":{\"@id\":\"https:\\\/\\\/aldiachaco.com.ar\\\/#\\\/schema\\\/logo\\\/image\\\/\"}},{\"@type\":\"Person\",\"@id\":\"https:\\\/\\\/aldiachaco.com.ar\\\/#\\\/schema\\\/person\\\/b24e975af8022082f5889a7a7299e962\",\"name\":\"RedaccionRM\",\"image\":{\"@type\":\"ImageObject\",\"inLanguage\":\"es-AR\",\"@id\":\"https:\\\/\\\/aldiachaco.com.ar\\\/wp-content\\\/litespeed\\\/avatar\\\/a30118fcb7a6295303f1c91164c6aba1.jpg?ver=1777339088\",\"url\":\"https:\\\/\\\/aldiachaco.com.ar\\\/wp-content\\\/litespeed\\\/avatar\\\/a30118fcb7a6295303f1c91164c6aba1.jpg?ver=1777339088\",\"contentUrl\":\"https:\\\/\\\/aldiachaco.com.ar\\\/wp-content\\\/litespeed\\\/avatar\\\/a30118fcb7a6295303f1c91164c6aba1.jpg?ver=1777339088\",\"caption\":\"RedaccionRM\"},\"url\":\"https:\\\/\\\/aldiachaco.com.ar\\\/index.php\\\/author\\\/redaccionrm\\\/\"}]}<\/script>\n<!-- \/ Yoast SEO plugin. -->","yoast_head_json":{"title":"Charata: choque frontal entre dos camionetas dej\u00f3 varios heridos y un conductor atrapado entre los hierros | Al Dia Chaco","robots":{"index":"index","follow":"follow","max-snippet":"max-snippet:-1","max-image-preview":"max-image-preview:large","max-video-preview":"max-video-preview:-1"},"canonical":"https:\/\/aldiachaco.com.ar\/index.php\/2026\/02\/25\/charata-choque-frontal-entre-dos-camionetas-dejo-varios-heridos-y-un-conductor-atrapado-entre-los-hierros\/","og_locale":"es_ES","og_type":"article","og_title":"Charata: choque frontal entre dos camionetas dej\u00f3 varios heridos y un conductor atrapado entre los hierros | Al Dia Chaco","og_description":"Un fuerte incidente vial se registr\u00f3 alrededor de las 14:15 sobre el camino vecinal del &#8220;Cementerio Viejo&#8221;, a unos 6 kil\u00f3metros del casco urbano de Charata. El accidente, cuyas causas se investigan, involucr\u00f3 a dos camionetas y moviliz\u00f3 a m\u00faltiples equipos de emergencia. Los veh\u00edculos involucrados La colisi\u00f3n frontal tuvo como protagonistas a una Toyota &hellip;","og_url":"https:\/\/aldiachaco.com.ar\/index.php\/2026\/02\/25\/charata-choque-frontal-entre-dos-camionetas-dejo-varios-heridos-y-un-conductor-atrapado-entre-los-hierros\/","og_site_name":"Al Dia Chaco","article_published_time":"2026-02-25T21:57:28+00:00","article_modified_time":"2026-02-25T22:00:41+00:00","og_image":[{"width":1599,"height":899,"url":"https:\/\/aldiachaco.com.ar\/wp-content\/uploads\/2026\/02\/WhatsApp-Image-2026-02-25-at-17.08.09.jpeg","type":"image\/jpeg"}],"author":"RedaccionRM","twitter_card":"summary_large_image","twitter_misc":{"Escrito por":"RedaccionRM","Tiempo de lectura":"2 minutos"},"schema":{"@context":"https:\/\/schema.org","@graph":[{"@type":"Article","@id":"https:\/\/aldiachaco.com.ar\/index.php\/2026\/02\/25\/charata-choque-frontal-entre-dos-camionetas-dejo-varios-heridos-y-un-conductor-atrapado-entre-los-hierros\/#article","isPartOf":{"@id":"https:\/\/aldiachaco.com.ar\/index.php\/2026\/02\/25\/charata-choque-frontal-entre-dos-camionetas-dejo-varios-heridos-y-un-conductor-atrapado-entre-los-hierros\/"},"author":{"name":"RedaccionRM","@id":"https:\/\/aldiachaco.com.ar\/#\/schema\/person\/b24e975af8022082f5889a7a7299e962"},"headline":"Charata: choque frontal entre dos camionetas dej\u00f3 varios heridos y un conductor atrapado entre los hierros","datePublished":"2026-02-25T21:57:28+00:00","dateModified":"2026-02-25T22:00:41+00:00","mainEntityOfPage":{"@id":"https:\/\/aldiachaco.com.ar\/index.php\/2026\/02\/25\/charata-choque-frontal-entre-dos-camionetas-dejo-varios-heridos-y-un-conductor-atrapado-entre-los-hierros\/"},"wordCount":332,"commentCount":0,"publisher":{"@id":"https:\/\/aldiachaco.com.ar\/#organization"},"image":{"@id":"https:\/\/aldiachaco.com.ar\/index.php\/2026\/02\/25\/charata-choque-frontal-entre-dos-camionetas-dejo-varios-heridos-y-un-conductor-atrapado-entre-los-hierros\/#primaryimage"},"thumbnailUrl":"https:\/\/aldiachaco.com.ar\/wp-content\/uploads\/2026\/02\/WhatsApp-Image-2026-02-25-at-17.08.09.jpeg","articleSection":["Charata"],"inLanguage":"es-AR","potentialAction":[{"@type":"CommentAction","name":"Comment","target":["https:\/\/aldiachaco.com.ar\/index.php\/2026\/02\/25\/charata-choque-frontal-entre-dos-camionetas-dejo-varios-heridos-y-un-conductor-atrapado-entre-los-hierros\/#respond"]}]},{"@type":"WebPage","@id":"https:\/\/aldiachaco.com.ar\/index.php\/2026\/02\/25\/charata-choque-frontal-entre-dos-camionetas-dejo-varios-heridos-y-un-conductor-atrapado-entre-los-hierros\/","url":"https:\/\/aldiachaco.com.ar\/index.php\/2026\/02\/25\/charata-choque-frontal-entre-dos-camionetas-dejo-varios-heridos-y-un-conductor-atrapado-entre-los-hierros\/","name":"Charata: choque frontal entre dos camionetas dej\u00f3 varios heridos y un conductor atrapado entre los hierros | Al Dia Chaco","isPartOf":{"@id":"https:\/\/aldiachaco.com.ar\/#website"},"primaryImageOfPage":{"@id":"https:\/\/aldiachaco.com.ar\/index.php\/2026\/02\/25\/charata-choque-frontal-entre-dos-camionetas-dejo-varios-heridos-y-un-conductor-atrapado-entre-los-hierros\/#primaryimage"},"image":{"@id":"https:\/\/aldiachaco.com.ar\/index.php\/2026\/02\/25\/charata-choque-frontal-entre-dos-camionetas-dejo-varios-heridos-y-un-conductor-atrapado-entre-los-hierros\/#primaryimage"},"thumbnailUrl":"https:\/\/aldiachaco.com.ar\/wp-content\/uploads\/2026\/02\/WhatsApp-Image-2026-02-25-at-17.08.09.jpeg","datePublished":"2026-02-25T21:57:28+00:00","dateModified":"2026-02-25T22:00:41+00:00","breadcrumb":{"@id":"https:\/\/aldiachaco.com.ar\/index.php\/2026\/02\/25\/charata-choque-frontal-entre-dos-camionetas-dejo-varios-heridos-y-un-conductor-atrapado-entre-los-hierros\/#breadcrumb"},"inLanguage":"es-AR","potentialAction":[{"@type":"ReadAction","target":["https:\/\/aldiachaco.com.ar\/index.php\/2026\/02\/25\/charata-choque-frontal-entre-dos-camionetas-dejo-varios-heridos-y-un-conductor-atrapado-entre-los-hierros\/"]}]},{"@type":"ImageObject","inLanguage":"es-AR","@id":"https:\/\/aldiachaco.com.ar\/index.php\/2026\/02\/25\/charata-choque-frontal-entre-dos-camionetas-dejo-varios-heridos-y-un-conductor-atrapado-entre-los-hierros\/#primaryimage","url":"https:\/\/aldiachaco.com.ar\/wp-content\/uploads\/2026\/02\/WhatsApp-Image-2026-02-25-at-17.08.09.jpeg","contentUrl":"https:\/\/aldiachaco.com.ar\/wp-content\/uploads\/2026\/02\/WhatsApp-Image-2026-02-25-at-17.08.09.jpeg","width":1599,"height":899},{"@type":"BreadcrumbList","@id":"https:\/\/aldiachaco.com.ar\/index.php\/2026\/02\/25\/charata-choque-frontal-entre-dos-camionetas-dejo-varios-heridos-y-un-conductor-atrapado-entre-los-hierros\/#breadcrumb","itemListElement":[{"@type":"ListItem","position":1,"name":"Home","item":"https:\/\/aldiachaco.com.ar\/"},{"@type":"ListItem","position":2,"name":"Charata: choque frontal entre dos camionetas dej\u00f3 varios heridos y un conductor atrapado entre los hierros"}]},{"@type":"WebSite","@id":"https:\/\/aldiachaco.com.ar\/#website","url":"https:\/\/aldiachaco.com.ar\/","name":"Al Dia Chaco","description":"Noticias del Chaco y el mundo","publisher":{"@id":"https:\/\/aldiachaco.com.ar\/#organization"},"alternateName":"Al D\u00eda Chaco","potentialAction":[{"@type":"SearchAction","target":{"@type":"EntryPoint","urlTemplate":"https:\/\/aldiachaco.com.ar\/?s={search_term_string}"},"query-input":{"@type":"PropertyValueSpecification","valueRequired":true,"valueName":"search_term_string"}}],"inLanguage":"es-AR"},{"@type":"Organization","@id":"https:\/\/aldiachaco.com.ar\/#organization","name":"Al Dia Chaco","url":"https:\/\/aldiachaco.com.ar\/","logo":{"@type":"ImageObject","inLanguage":"es-AR","@id":"https:\/\/aldiachaco.com.ar\/#\/schema\/logo\/image\/","url":"https:\/\/aldiachaco.com.ar\/wp-content\/uploads\/2017\/11\/AL-DIA-CHACO-L@2x.png","contentUrl":"https:\/\/aldiachaco.com.ar\/wp-content\/uploads\/2017\/11\/AL-DIA-CHACO-L@2x.png","width":232,"height":60,"caption":"Al Dia Chaco"},"image":{"@id":"https:\/\/aldiachaco.com.ar\/#\/schema\/logo\/image\/"}},{"@type":"Person","@id":"https:\/\/aldiachaco.com.ar\/#\/schema\/person\/b24e975af8022082f5889a7a7299e962","name":"RedaccionRM","image":{"@type":"ImageObject","inLanguage":"es-AR","@id":"https:\/\/aldiachaco.com.ar\/wp-content\/litespeed\/avatar\/a30118fcb7a6295303f1c91164c6aba1.jpg?ver=1777339088","url":"https:\/\/aldiachaco.com.ar\/wp-content\/litespeed\/avatar\/a30118fcb7a6295303f1c91164c6aba1.jpg?ver=1777339088","contentUrl":"https:\/\/aldiachaco.com.ar\/wp-content\/litespeed\/avatar\/a30118fcb7a6295303f1c91164c6aba1.jpg?ver=1777339088","caption":"RedaccionRM"},"url":"https:\/\/aldiachaco.com.ar\/index.php\/author\/redaccionrm\/"}]}},"jetpack_publicize_connections":[],"jetpack_featured_media_url":"https:\/\/aldiachaco.com.ar\/wp-content\/uploads\/2026\/02\/WhatsApp-Image-2026-02-25-at-17.08.09.jpeg","jetpack_sharing_enabled":true,"amp_enabled":true,"_links":{"self":[{"href":"https:\/\/aldiachaco.com.ar\/index.php\/wp-json\/wp\/v2\/posts\/117308","targetHints":{"allow":["GET"]}}],"collection":[{"href":"https:\/\/aldiachaco.com.ar\/index.php\/wp-json\/wp\/v2\/posts"}],"about":[{"href":"https:\/\/aldiachaco.com.ar\/index.php\/wp-json\/wp\/v2\/types\/post"}],"author":[{"embeddable":true,"href":"https:\/\/aldiachaco.com.ar\/index.php\/wp-json\/wp\/v2\/users\/9"}],"replies":[{"embeddable":true,"href":"https:\/\/aldiachaco.com.ar\/index.php\/wp-json\/wp\/v2\/comments?post=117308"}],"version-history":[{"count":1,"href":"https:\/\/aldiachaco.com.ar\/index.php\/wp-json\/wp\/v2\/posts\/117308\/revisions"}],"predecessor-version":[{"id":117311,"href":"https:\/\/aldiachaco.com.ar\/index.php\/wp-json\/wp\/v2\/posts\/117308\/revisions\/117311"}],"wp:featuredmedia":[{"embeddable":true,"href":"https:\/\/aldiachaco.com.ar\/index.php\/wp-json\/wp\/v2\/media\/117312"}],"wp:attachment":[{"href":"https:\/\/aldiachaco.com.ar\/index.php\/wp-json\/wp\/v2\/media?parent=117308"}],"wp:term":[{"taxonomy":"category","embeddable":true,"href":"https:\/\/aldiachaco.com.ar\/index.php\/wp-json\/wp\/v2\/categories?post=117308"},{"taxonomy":"post_tag","embeddable":true,"href":"https:\/\/aldiachaco.com.ar\/index.php\/wp-json\/wp\/v2\/tags?post=117308"}],"curies":[{"name":"wp","href":"https:\/\/api.w.org\/{rel}","templated":true}]}}