{"id":117292,"date":"2026-02-25T09:29:49","date_gmt":"2026-02-25T12:29:49","guid":{"rendered":"https:\/\/aldiachaco.com.ar\/?p=117292"},"modified":"2026-02-25T09:29:49","modified_gmt":"2026-02-25T12:29:49","slug":"el-titular-de-la-cac-respaldo-el-plan-del-gobierno-pero-advirtio-algunos-vamos-a-quedar-en-el-camino","status":"publish","type":"post","link":"https:\/\/aldiachaco.com.ar\/index.php\/2026\/02\/25\/el-titular-de-la-cac-respaldo-el-plan-del-gobierno-pero-advirtio-algunos-vamos-a-quedar-en-el-camino\/","title":{"rendered":"El titular de la CAC respald\u00f3 el plan del Gobierno, pero advirti\u00f3: &#8220;Algunos vamos a quedar en el camino&#8221;"},"content":{"rendered":"<p class=\"ds-markdown-paragraph\">El presidente de la C\u00e1mara Argentina de Comercio y Servicios (CAC), Mario Grinman, respald\u00f3 el plan econ\u00f3mico del Gobierno tras reunirse con el jefe de Gabinete, Manuel Adorni, pero lanz\u00f3 una dura advertencia sobre las dificultades que enfrentan los distintos sectores empresarios en el actual contexto.<\/p>\n<p class=\"ds-markdown-paragraph\">&#8220;Algunos vamos a quedar en el camino, pero es el precio que hay que pagar para tener una Argentina normal&#8221;, sostuvo Grinman en declaraciones a radio Mitre. El dirigente, que tambi\u00e9n forma parte del Grupo de los 6 (G6), reconoci\u00f3 que el pa\u00eds &#8220;no est\u00e1 atravesando un momento f\u00e1cil&#8221;, aunque destac\u00f3 que hay &#8220;se\u00f1ales interesantes en el crecimiento econ\u00f3mico&#8221;.<\/p>\n<p class=\"ds-markdown-paragraph\">&#8220;Estamos dispuestos a apoyarlo con todo el sacrificio que se necesita para salir adelante&#8221;, indic\u00f3 Grinman, quien ayer particip\u00f3 de un encuentro con Adorni en la Casa Rosada junto a otros referentes de las principales c\u00e1maras empresariales. Seg\u00fan coment\u00f3, en la reuni\u00f3n el Gobierno dej\u00f3 en claro que no dar\u00e1 marcha atr\u00e1s con su plan econ\u00f3mico.<\/p>\n<p class=\"ds-markdown-paragraph\">&#8220;Hay que buscarle la vuelta para que la Argentina entre en una estructura de bonanza; eso lleva tiempo para que afecte positivamente a todos los sectores. No se puede ir con parches para un sector s\u00ed y para el otro no&#8221;, concluy\u00f3.<\/p>\n<p class=\"ds-markdown-paragraph\">Las declaraciones de Grinman reflejan la tensi\u00f3n que atraviesa el empresariado en medio de la recesi\u00f3n, la ca\u00edda del consumo y los cierres de f\u00e1bricas como Fate y los despidos en Quilmes. Seg\u00fan cifras oficiales, en dos a\u00f1os cerraron 21.938 empresas y se perdieron 290.600 empleos.<\/p>\n","protected":false},"excerpt":{"rendered":"<p>El presidente de la C\u00e1mara Argentina de Comercio y Servicios (CAC), Mario Grinman, respald\u00f3 el plan econ\u00f3mico del Gobierno tras reunirse con el jefe de Gabinete, Manuel Adorni, pero lanz\u00f3 una dura advertencia sobre las dificultades que enfrentan los distintos sectores empresarios en el actual contexto. &#8220;Algunos vamos a quedar en el camino, pero es &hellip;<\/p>\n","protected":false},"author":9,"featured_media":117293,"comment_status":"open","ping_status":"open","sticky":false,"template":"","format":"standard","meta":{"content-type":"","_monsterinsights_skip_tracking":false,"_monsterinsights_sitenote_active":false,"_monsterinsights_sitenote_note":"","_monsterinsights_sitenote_category":0,"_jetpack_memberships_contains_paid_content":false,"footnotes":"","jetpack_publicize_message":"","jetpack_publicize_feature_enabled":true,"jetpack_social_post_already_shared":true,"jetpack_social_options":{"image_generator_settings":{"template":"highway","default_image_id":0,"font":"","enabled":false},"version":2}},"categories":[65],"tags":[],"class_list":["post-117292","post","type-post","status-publish","format-standard","has-post-thumbnail","hentry","category-economia"],"yoast_head":"<!-- This site is optimized with the Yoast SEO plugin v27.4 - https:\/\/yoast.com\/product\/yoast-seo-wordpress\/ -->\n<title>El titular de la CAC respald\u00f3 el plan del Gobierno, pero advirti\u00f3: &quot;Algunos vamos a quedar en el camino&quot; | Al Dia Chaco<\/title>\n<meta name=\"robots\" content=\"index, follow, max-snippet:-1, max-image-preview:large, max-video-preview:-1\" \/>\n<link rel=\"canonical\" href=\"https:\/\/aldiachaco.com.ar\/index.php\/2026\/02\/25\/el-titular-de-la-cac-respaldo-el-plan-del-gobierno-pero-advirtio-algunos-vamos-a-quedar-en-el-camino\/\" \/>\n<meta property=\"og:locale\" content=\"es_ES\" \/>\n<meta property=\"og:type\" content=\"article\" \/>\n<meta property=\"og:title\" content=\"El titular de la CAC respald\u00f3 el plan del Gobierno, pero advirti\u00f3: &quot;Algunos vamos a quedar en el camino&quot; | Al Dia Chaco\" \/>\n<meta property=\"og:description\" content=\"El presidente de la C\u00e1mara Argentina de Comercio y Servicios (CAC), Mario Grinman, respald\u00f3 el plan econ\u00f3mico del Gobierno tras reunirse con el jefe de Gabinete, Manuel Adorni, pero lanz\u00f3 una dura advertencia sobre las dificultades que enfrentan los distintos sectores empresarios en el actual contexto. &#8220;Algunos vamos a quedar en el camino, pero es &hellip;\" \/>\n<meta property=\"og:url\" content=\"https:\/\/aldiachaco.com.ar\/index.php\/2026\/02\/25\/el-titular-de-la-cac-respaldo-el-plan-del-gobierno-pero-advirtio-algunos-vamos-a-quedar-en-el-camino\/\" \/>\n<meta property=\"og:site_name\" content=\"Al Dia Chaco\" \/>\n<meta property=\"article:published_time\" content=\"2026-02-25T12:29:49+00:00\" \/>\n<meta property=\"og:image\" content=\"https:\/\/aldiachaco.com.ar\/wp-content\/uploads\/2026\/02\/2502grinman.jpg\" \/>\n\t<meta property=\"og:image:width\" content=\"640\" \/>\n\t<meta property=\"og:image:height\" content=\"439\" \/>\n\t<meta property=\"og:image:type\" content=\"image\/jpeg\" \/>\n<meta name=\"author\" content=\"RedaccionRM\" \/>\n<meta name=\"twitter:card\" content=\"summary_large_image\" \/>\n<meta name=\"twitter:label1\" content=\"Escrito por\" \/>\n\t<meta name=\"twitter:data1\" content=\"RedaccionRM\" \/>\n\t<meta name=\"twitter:label2\" content=\"Tiempo de lectura\" \/>\n\t<meta name=\"twitter:data2\" content=\"2 minutos\" \/>\n<script type=\"application\/ld+json\" class=\"yoast-schema-graph\">{\"@context\":\"https:\\\/\\\/schema.org\",\"@graph\":[{\"@type\":\"Article\",\"@id\":\"https:\\\/\\\/aldiachaco.com.ar\\\/index.php\\\/2026\\\/02\\\/25\\\/el-titular-de-la-cac-respaldo-el-plan-del-gobierno-pero-advirtio-algunos-vamos-a-quedar-en-el-camino\\\/#article\",\"isPartOf\":{\"@id\":\"https:\\\/\\\/aldiachaco.com.ar\\\/index.php\\\/2026\\\/02\\\/25\\\/el-titular-de-la-cac-respaldo-el-plan-del-gobierno-pero-advirtio-algunos-vamos-a-quedar-en-el-camino\\\/\"},\"author\":{\"name\":\"RedaccionRM\",\"@id\":\"https:\\\/\\\/aldiachaco.com.ar\\\/#\\\/schema\\\/person\\\/b24e975af8022082f5889a7a7299e962\"},\"headline\":\"El titular de la CAC respald\u00f3 el plan del Gobierno, pero advirti\u00f3: &#8220;Algunos vamos a quedar en el camino&#8221;\",\"datePublished\":\"2026-02-25T12:29:49+00:00\",\"mainEntityOfPage\":{\"@id\":\"https:\\\/\\\/aldiachaco.com.ar\\\/index.php\\\/2026\\\/02\\\/25\\\/el-titular-de-la-cac-respaldo-el-plan-del-gobierno-pero-advirtio-algunos-vamos-a-quedar-en-el-camino\\\/\"},\"wordCount\":283,\"commentCount\":0,\"publisher\":{\"@id\":\"https:\\\/\\\/aldiachaco.com.ar\\\/#organization\"},\"image\":{\"@id\":\"https:\\\/\\\/aldiachaco.com.ar\\\/index.php\\\/2026\\\/02\\\/25\\\/el-titular-de-la-cac-respaldo-el-plan-del-gobierno-pero-advirtio-algunos-vamos-a-quedar-en-el-camino\\\/#primaryimage\"},\"thumbnailUrl\":\"https:\\\/\\\/aldiachaco.com.ar\\\/wp-content\\\/uploads\\\/2026\\\/02\\\/2502grinman.jpg\",\"articleSection\":[\"Econom\u00eda\"],\"inLanguage\":\"es-AR\",\"potentialAction\":[{\"@type\":\"CommentAction\",\"name\":\"Comment\",\"target\":[\"https:\\\/\\\/aldiachaco.com.ar\\\/index.php\\\/2026\\\/02\\\/25\\\/el-titular-de-la-cac-respaldo-el-plan-del-gobierno-pero-advirtio-algunos-vamos-a-quedar-en-el-camino\\\/#respond\"]}]},{\"@type\":\"WebPage\",\"@id\":\"https:\\\/\\\/aldiachaco.com.ar\\\/index.php\\\/2026\\\/02\\\/25\\\/el-titular-de-la-cac-respaldo-el-plan-del-gobierno-pero-advirtio-algunos-vamos-a-quedar-en-el-camino\\\/\",\"url\":\"https:\\\/\\\/aldiachaco.com.ar\\\/index.php\\\/2026\\\/02\\\/25\\\/el-titular-de-la-cac-respaldo-el-plan-del-gobierno-pero-advirtio-algunos-vamos-a-quedar-en-el-camino\\\/\",\"name\":\"El titular de la CAC respald\u00f3 el plan del Gobierno, pero advirti\u00f3: \\\"Algunos vamos a quedar en el camino\\\" | Al Dia Chaco\",\"isPartOf\":{\"@id\":\"https:\\\/\\\/aldiachaco.com.ar\\\/#website\"},\"primaryImageOfPage\":{\"@id\":\"https:\\\/\\\/aldiachaco.com.ar\\\/index.php\\\/2026\\\/02\\\/25\\\/el-titular-de-la-cac-respaldo-el-plan-del-gobierno-pero-advirtio-algunos-vamos-a-quedar-en-el-camino\\\/#primaryimage\"},\"image\":{\"@id\":\"https:\\\/\\\/aldiachaco.com.ar\\\/index.php\\\/2026\\\/02\\\/25\\\/el-titular-de-la-cac-respaldo-el-plan-del-gobierno-pero-advirtio-algunos-vamos-a-quedar-en-el-camino\\\/#primaryimage\"},\"thumbnailUrl\":\"https:\\\/\\\/aldiachaco.com.ar\\\/wp-content\\\/uploads\\\/2026\\\/02\\\/2502grinman.jpg\",\"datePublished\":\"2026-02-25T12:29:49+00:00\",\"breadcrumb\":{\"@id\":\"https:\\\/\\\/aldiachaco.com.ar\\\/index.php\\\/2026\\\/02\\\/25\\\/el-titular-de-la-cac-respaldo-el-plan-del-gobierno-pero-advirtio-algunos-vamos-a-quedar-en-el-camino\\\/#breadcrumb\"},\"inLanguage\":\"es-AR\",\"potentialAction\":[{\"@type\":\"ReadAction\",\"target\":[\"https:\\\/\\\/aldiachaco.com.ar\\\/index.php\\\/2026\\\/02\\\/25\\\/el-titular-de-la-cac-respaldo-el-plan-del-gobierno-pero-advirtio-algunos-vamos-a-quedar-en-el-camino\\\/\"]}]},{\"@type\":\"ImageObject\",\"inLanguage\":\"es-AR\",\"@id\":\"https:\\\/\\\/aldiachaco.com.ar\\\/index.php\\\/2026\\\/02\\\/25\\\/el-titular-de-la-cac-respaldo-el-plan-del-gobierno-pero-advirtio-algunos-vamos-a-quedar-en-el-camino\\\/#primaryimage\",\"url\":\"https:\\\/\\\/aldiachaco.com.ar\\\/wp-content\\\/uploads\\\/2026\\\/02\\\/2502grinman.jpg\",\"contentUrl\":\"https:\\\/\\\/aldiachaco.com.ar\\\/wp-content\\\/uploads\\\/2026\\\/02\\\/2502grinman.jpg\",\"width\":640,\"height\":439},{\"@type\":\"BreadcrumbList\",\"@id\":\"https:\\\/\\\/aldiachaco.com.ar\\\/index.php\\\/2026\\\/02\\\/25\\\/el-titular-de-la-cac-respaldo-el-plan-del-gobierno-pero-advirtio-algunos-vamos-a-quedar-en-el-camino\\\/#breadcrumb\",\"itemListElement\":[{\"@type\":\"ListItem\",\"position\":1,\"name\":\"Home\",\"item\":\"https:\\\/\\\/aldiachaco.com.ar\\\/\"},{\"@type\":\"ListItem\",\"position\":2,\"name\":\"El titular de la CAC respald\u00f3 el plan del Gobierno, pero advirti\u00f3: &#8220;Algunos vamos a quedar en el camino&#8221;\"}]},{\"@type\":\"WebSite\",\"@id\":\"https:\\\/\\\/aldiachaco.com.ar\\\/#website\",\"url\":\"https:\\\/\\\/aldiachaco.com.ar\\\/\",\"name\":\"Al Dia Chaco\",\"description\":\"Noticias del Chaco y el mundo\",\"publisher\":{\"@id\":\"https:\\\/\\\/aldiachaco.com.ar\\\/#organization\"},\"alternateName\":\"Al D\u00eda Chaco\",\"potentialAction\":[{\"@type\":\"SearchAction\",\"target\":{\"@type\":\"EntryPoint\",\"urlTemplate\":\"https:\\\/\\\/aldiachaco.com.ar\\\/?s={search_term_string}\"},\"query-input\":{\"@type\":\"PropertyValueSpecification\",\"valueRequired\":true,\"valueName\":\"search_term_string\"}}],\"inLanguage\":\"es-AR\"},{\"@type\":\"Organization\",\"@id\":\"https:\\\/\\\/aldiachaco.com.ar\\\/#organization\",\"name\":\"Al Dia Chaco\",\"url\":\"https:\\\/\\\/aldiachaco.com.ar\\\/\",\"logo\":{\"@type\":\"ImageObject\",\"inLanguage\":\"es-AR\",\"@id\":\"https:\\\/\\\/aldiachaco.com.ar\\\/#\\\/schema\\\/logo\\\/image\\\/\",\"url\":\"https:\\\/\\\/aldiachaco.com.ar\\\/wp-content\\\/uploads\\\/2017\\\/11\\\/AL-DIA-CHACO-L@2x.png\",\"contentUrl\":\"https:\\\/\\\/aldiachaco.com.ar\\\/wp-content\\\/uploads\\\/2017\\\/11\\\/AL-DIA-CHACO-L@2x.png\",\"width\":232,\"height\":60,\"caption\":\"Al Dia Chaco\"},\"image\":{\"@id\":\"https:\\\/\\\/aldiachaco.com.ar\\\/#\\\/schema\\\/logo\\\/image\\\/\"}},{\"@type\":\"Person\",\"@id\":\"https:\\\/\\\/aldiachaco.com.ar\\\/#\\\/schema\\\/person\\\/b24e975af8022082f5889a7a7299e962\",\"name\":\"RedaccionRM\",\"image\":{\"@type\":\"ImageObject\",\"inLanguage\":\"es-AR\",\"@id\":\"https:\\\/\\\/aldiachaco.com.ar\\\/wp-content\\\/litespeed\\\/avatar\\\/a30118fcb7a6295303f1c91164c6aba1.jpg?ver=1777339088\",\"url\":\"https:\\\/\\\/aldiachaco.com.ar\\\/wp-content\\\/litespeed\\\/avatar\\\/a30118fcb7a6295303f1c91164c6aba1.jpg?ver=1777339088\",\"contentUrl\":\"https:\\\/\\\/aldiachaco.com.ar\\\/wp-content\\\/litespeed\\\/avatar\\\/a30118fcb7a6295303f1c91164c6aba1.jpg?ver=1777339088\",\"caption\":\"RedaccionRM\"},\"url\":\"https:\\\/\\\/aldiachaco.com.ar\\\/index.php\\\/author\\\/redaccionrm\\\/\"}]}<\/script>\n<!-- \/ Yoast SEO plugin. -->","yoast_head_json":{"title":"El titular de la CAC respald\u00f3 el plan del Gobierno, pero advirti\u00f3: \"Algunos vamos a quedar en el camino\" | Al Dia Chaco","robots":{"index":"index","follow":"follow","max-snippet":"max-snippet:-1","max-image-preview":"max-image-preview:large","max-video-preview":"max-video-preview:-1"},"canonical":"https:\/\/aldiachaco.com.ar\/index.php\/2026\/02\/25\/el-titular-de-la-cac-respaldo-el-plan-del-gobierno-pero-advirtio-algunos-vamos-a-quedar-en-el-camino\/","og_locale":"es_ES","og_type":"article","og_title":"El titular de la CAC respald\u00f3 el plan del Gobierno, pero advirti\u00f3: \"Algunos vamos a quedar en el camino\" | Al Dia Chaco","og_description":"El presidente de la C\u00e1mara Argentina de Comercio y Servicios (CAC), Mario Grinman, respald\u00f3 el plan econ\u00f3mico del Gobierno tras reunirse con el jefe de Gabinete, Manuel Adorni, pero lanz\u00f3 una dura advertencia sobre las dificultades que enfrentan los distintos sectores empresarios en el actual contexto. &#8220;Algunos vamos a quedar en el camino, pero es &hellip;","og_url":"https:\/\/aldiachaco.com.ar\/index.php\/2026\/02\/25\/el-titular-de-la-cac-respaldo-el-plan-del-gobierno-pero-advirtio-algunos-vamos-a-quedar-en-el-camino\/","og_site_name":"Al Dia Chaco","article_published_time":"2026-02-25T12:29:49+00:00","og_image":[{"width":640,"height":439,"url":"https:\/\/aldiachaco.com.ar\/wp-content\/uploads\/2026\/02\/2502grinman.jpg","type":"image\/jpeg"}],"author":"RedaccionRM","twitter_card":"summary_large_image","twitter_misc":{"Escrito por":"RedaccionRM","Tiempo de lectura":"2 minutos"},"schema":{"@context":"https:\/\/schema.org","@graph":[{"@type":"Article","@id":"https:\/\/aldiachaco.com.ar\/index.php\/2026\/02\/25\/el-titular-de-la-cac-respaldo-el-plan-del-gobierno-pero-advirtio-algunos-vamos-a-quedar-en-el-camino\/#article","isPartOf":{"@id":"https:\/\/aldiachaco.com.ar\/index.php\/2026\/02\/25\/el-titular-de-la-cac-respaldo-el-plan-del-gobierno-pero-advirtio-algunos-vamos-a-quedar-en-el-camino\/"},"author":{"name":"RedaccionRM","@id":"https:\/\/aldiachaco.com.ar\/#\/schema\/person\/b24e975af8022082f5889a7a7299e962"},"headline":"El titular de la CAC respald\u00f3 el plan del Gobierno, pero advirti\u00f3: &#8220;Algunos vamos a quedar en el camino&#8221;","datePublished":"2026-02-25T12:29:49+00:00","mainEntityOfPage":{"@id":"https:\/\/aldiachaco.com.ar\/index.php\/2026\/02\/25\/el-titular-de-la-cac-respaldo-el-plan-del-gobierno-pero-advirtio-algunos-vamos-a-quedar-en-el-camino\/"},"wordCount":283,"commentCount":0,"publisher":{"@id":"https:\/\/aldiachaco.com.ar\/#organization"},"image":{"@id":"https:\/\/aldiachaco.com.ar\/index.php\/2026\/02\/25\/el-titular-de-la-cac-respaldo-el-plan-del-gobierno-pero-advirtio-algunos-vamos-a-quedar-en-el-camino\/#primaryimage"},"thumbnailUrl":"https:\/\/aldiachaco.com.ar\/wp-content\/uploads\/2026\/02\/2502grinman.jpg","articleSection":["Econom\u00eda"],"inLanguage":"es-AR","potentialAction":[{"@type":"CommentAction","name":"Comment","target":["https:\/\/aldiachaco.com.ar\/index.php\/2026\/02\/25\/el-titular-de-la-cac-respaldo-el-plan-del-gobierno-pero-advirtio-algunos-vamos-a-quedar-en-el-camino\/#respond"]}]},{"@type":"WebPage","@id":"https:\/\/aldiachaco.com.ar\/index.php\/2026\/02\/25\/el-titular-de-la-cac-respaldo-el-plan-del-gobierno-pero-advirtio-algunos-vamos-a-quedar-en-el-camino\/","url":"https:\/\/aldiachaco.com.ar\/index.php\/2026\/02\/25\/el-titular-de-la-cac-respaldo-el-plan-del-gobierno-pero-advirtio-algunos-vamos-a-quedar-en-el-camino\/","name":"El titular de la CAC respald\u00f3 el plan del Gobierno, pero advirti\u00f3: \"Algunos vamos a quedar en el camino\" | Al Dia Chaco","isPartOf":{"@id":"https:\/\/aldiachaco.com.ar\/#website"},"primaryImageOfPage":{"@id":"https:\/\/aldiachaco.com.ar\/index.php\/2026\/02\/25\/el-titular-de-la-cac-respaldo-el-plan-del-gobierno-pero-advirtio-algunos-vamos-a-quedar-en-el-camino\/#primaryimage"},"image":{"@id":"https:\/\/aldiachaco.com.ar\/index.php\/2026\/02\/25\/el-titular-de-la-cac-respaldo-el-plan-del-gobierno-pero-advirtio-algunos-vamos-a-quedar-en-el-camino\/#primaryimage"},"thumbnailUrl":"https:\/\/aldiachaco.com.ar\/wp-content\/uploads\/2026\/02\/2502grinman.jpg","datePublished":"2026-02-25T12:29:49+00:00","breadcrumb":{"@id":"https:\/\/aldiachaco.com.ar\/index.php\/2026\/02\/25\/el-titular-de-la-cac-respaldo-el-plan-del-gobierno-pero-advirtio-algunos-vamos-a-quedar-en-el-camino\/#breadcrumb"},"inLanguage":"es-AR","potentialAction":[{"@type":"ReadAction","target":["https:\/\/aldiachaco.com.ar\/index.php\/2026\/02\/25\/el-titular-de-la-cac-respaldo-el-plan-del-gobierno-pero-advirtio-algunos-vamos-a-quedar-en-el-camino\/"]}]},{"@type":"ImageObject","inLanguage":"es-AR","@id":"https:\/\/aldiachaco.com.ar\/index.php\/2026\/02\/25\/el-titular-de-la-cac-respaldo-el-plan-del-gobierno-pero-advirtio-algunos-vamos-a-quedar-en-el-camino\/#primaryimage","url":"https:\/\/aldiachaco.com.ar\/wp-content\/uploads\/2026\/02\/2502grinman.jpg","contentUrl":"https:\/\/aldiachaco.com.ar\/wp-content\/uploads\/2026\/02\/2502grinman.jpg","width":640,"height":439},{"@type":"BreadcrumbList","@id":"https:\/\/aldiachaco.com.ar\/index.php\/2026\/02\/25\/el-titular-de-la-cac-respaldo-el-plan-del-gobierno-pero-advirtio-algunos-vamos-a-quedar-en-el-camino\/#breadcrumb","itemListElement":[{"@type":"ListItem","position":1,"name":"Home","item":"https:\/\/aldiachaco.com.ar\/"},{"@type":"ListItem","position":2,"name":"El titular de la CAC respald\u00f3 el plan del Gobierno, pero advirti\u00f3: &#8220;Algunos vamos a quedar en el camino&#8221;"}]},{"@type":"WebSite","@id":"https:\/\/aldiachaco.com.ar\/#website","url":"https:\/\/aldiachaco.com.ar\/","name":"Al Dia Chaco","description":"Noticias del Chaco y el mundo","publisher":{"@id":"https:\/\/aldiachaco.com.ar\/#organization"},"alternateName":"Al D\u00eda Chaco","potentialAction":[{"@type":"SearchAction","target":{"@type":"EntryPoint","urlTemplate":"https:\/\/aldiachaco.com.ar\/?s={search_term_string}"},"query-input":{"@type":"PropertyValueSpecification","valueRequired":true,"valueName":"search_term_string"}}],"inLanguage":"es-AR"},{"@type":"Organization","@id":"https:\/\/aldiachaco.com.ar\/#organization","name":"Al Dia Chaco","url":"https:\/\/aldiachaco.com.ar\/","logo":{"@type":"ImageObject","inLanguage":"es-AR","@id":"https:\/\/aldiachaco.com.ar\/#\/schema\/logo\/image\/","url":"https:\/\/aldiachaco.com.ar\/wp-content\/uploads\/2017\/11\/AL-DIA-CHACO-L@2x.png","contentUrl":"https:\/\/aldiachaco.com.ar\/wp-content\/uploads\/2017\/11\/AL-DIA-CHACO-L@2x.png","width":232,"height":60,"caption":"Al Dia Chaco"},"image":{"@id":"https:\/\/aldiachaco.com.ar\/#\/schema\/logo\/image\/"}},{"@type":"Person","@id":"https:\/\/aldiachaco.com.ar\/#\/schema\/person\/b24e975af8022082f5889a7a7299e962","name":"RedaccionRM","image":{"@type":"ImageObject","inLanguage":"es-AR","@id":"https:\/\/aldiachaco.com.ar\/wp-content\/litespeed\/avatar\/a30118fcb7a6295303f1c91164c6aba1.jpg?ver=1777339088","url":"https:\/\/aldiachaco.com.ar\/wp-content\/litespeed\/avatar\/a30118fcb7a6295303f1c91164c6aba1.jpg?ver=1777339088","contentUrl":"https:\/\/aldiachaco.com.ar\/wp-content\/litespeed\/avatar\/a30118fcb7a6295303f1c91164c6aba1.jpg?ver=1777339088","caption":"RedaccionRM"},"url":"https:\/\/aldiachaco.com.ar\/index.php\/author\/redaccionrm\/"}]}},"jetpack_publicize_connections":[],"jetpack_featured_media_url":"https:\/\/aldiachaco.com.ar\/wp-content\/uploads\/2026\/02\/2502grinman.jpg","jetpack_sharing_enabled":true,"amp_enabled":true,"_links":{"self":[{"href":"https:\/\/aldiachaco.com.ar\/index.php\/wp-json\/wp\/v2\/posts\/117292","targetHints":{"allow":["GET"]}}],"collection":[{"href":"https:\/\/aldiachaco.com.ar\/index.php\/wp-json\/wp\/v2\/posts"}],"about":[{"href":"https:\/\/aldiachaco.com.ar\/index.php\/wp-json\/wp\/v2\/types\/post"}],"author":[{"embeddable":true,"href":"https:\/\/aldiachaco.com.ar\/index.php\/wp-json\/wp\/v2\/users\/9"}],"replies":[{"embeddable":true,"href":"https:\/\/aldiachaco.com.ar\/index.php\/wp-json\/wp\/v2\/comments?post=117292"}],"version-history":[{"count":1,"href":"https:\/\/aldiachaco.com.ar\/index.php\/wp-json\/wp\/v2\/posts\/117292\/revisions"}],"predecessor-version":[{"id":117294,"href":"https:\/\/aldiachaco.com.ar\/index.php\/wp-json\/wp\/v2\/posts\/117292\/revisions\/117294"}],"wp:featuredmedia":[{"embeddable":true,"href":"https:\/\/aldiachaco.com.ar\/index.php\/wp-json\/wp\/v2\/media\/117293"}],"wp:attachment":[{"href":"https:\/\/aldiachaco.com.ar\/index.php\/wp-json\/wp\/v2\/media?parent=117292"}],"wp:term":[{"taxonomy":"category","embeddable":true,"href":"https:\/\/aldiachaco.com.ar\/index.php\/wp-json\/wp\/v2\/categories?post=117292"},{"taxonomy":"post_tag","embeddable":true,"href":"https:\/\/aldiachaco.com.ar\/index.php\/wp-json\/wp\/v2\/tags?post=117292"}],"curies":[{"name":"wp","href":"https:\/\/api.w.org\/{rel}","templated":true}]}}