{"id":117268,"date":"2026-02-24T17:32:41","date_gmt":"2026-02-24T20:32:41","guid":{"rendered":"https:\/\/aldiachaco.com.ar\/?p=117268"},"modified":"2026-02-24T17:32:41","modified_gmt":"2026-02-24T20:32:41","slug":"etiquetas-ayuda-humanitaria-guerra-de-ucrania-noticias-catolicas-papa-leon-xiv-el-papa-leon-xiv-envio-un-cargamento-humanitario-a-ucrania-con-medicamentos-y-mas-de-1-000-radiadores-electricos","status":"publish","type":"post","link":"https:\/\/aldiachaco.com.ar\/index.php\/2026\/02\/24\/etiquetas-ayuda-humanitaria-guerra-de-ucrania-noticias-catolicas-papa-leon-xiv-el-papa-leon-xiv-envio-un-cargamento-humanitario-a-ucrania-con-medicamentos-y-mas-de-1-000-radiadores-electricos\/","title":{"rendered":"Etiquetas: ayuda humanitaria, guerra de Ucrania, noticias cat\u00f3licas, Papa Le\u00f3n XIV El Papa Le\u00f3n XIV envi\u00f3 un cargamento humanitario a Ucrania con medicamentos y m\u00e1s de 1.000 radiadores el\u00e9ctricos"},"content":{"rendered":"<p class=\"ds-markdown-paragraph\">El Papa Le\u00f3n XIV envi\u00f3 a Ucrania un cargamento humanitario con medicamentos urgentes y m\u00e1s de 1.000 radiadores el\u00e9ctricos para ayudar a la poblaci\u00f3n afectada por la guerra, que ya lleva cuatro a\u00f1os. La iniciativa, canalizada a trav\u00e9s del Dicasterio para el Servicio de la Caridad y la Limosner\u00eda Apost\u00f3lica, responde a un pedido &#8220;desesperado&#8221; de los obispos ucranianos ante los \u00faltimos bombardeos del ej\u00e9rcito ruso, especialmente en la zona de Zaporiyia.<\/p>\n<p class=\"ds-markdown-paragraph\"><strong>Un gesto ante la emergencia<\/strong><\/p>\n<p class=\"ds-markdown-paragraph\">El valor comercial del cargamento supera el mill\u00f3n de euros y fue posible, en gran parte, gracias a la colaboraci\u00f3n de la Fundaci\u00f3n Banco Farmac\u00e9utico ETS. Los m\u00e1s de 1.000 radiadores el\u00e9ctricos de aceite, adquiridos en Italia, permitir\u00e1n proporcionar calefacci\u00f3n b\u00e1sica a las familias afectadas, muchas de las cuales se han quedado sin ese servicio tras los ataques a infraestructuras energ\u00e9ticas.<\/p>\n<p class=\"ds-markdown-paragraph\">Monse\u00f1or Pavlo Honcharuk, obispo de J\u00e1rkov-Zaporiyia, hab\u00eda alertado sobre la situaci\u00f3n de m\u00e1s de 800 familias que perdieron la calefacci\u00f3n y no pueden reparar los da\u00f1os a corto plazo. Pese a las dificultades log\u00edsticas, el material ya lleg\u00f3 a Zaporiyia este 24 de febrero y ser\u00e1 distribuido en las zonas m\u00e1s castigadas por los bombardeos.<\/p>\n<p class=\"ds-markdown-paragraph\"><strong>El llamado del Papa a la paz<\/strong><\/p>\n<p class=\"ds-markdown-paragraph\">El domingo pasado, durante el rezo del \u00c1ngelus, el Papa Le\u00f3n XIV inst\u00f3 a pactar un alto el fuego en Ucrania &#8220;sin demora&#8221;. &#8220;En mi coraz\u00f3n est\u00e1 todav\u00eda la dram\u00e1tica situaci\u00f3n que est\u00e1 ante los ojos de todos. \u00a1Cu\u00e1ntas v\u00edctimas, cu\u00e1ntas vidas y familias rotas, cu\u00e1nta destrucci\u00f3n, cu\u00e1ntos sufrimientos indescriptibles!&#8221;, afirm\u00f3.<\/p>\n<p class=\"ds-markdown-paragraph\">&#8220;Que cesen las armas, que terminen los bombardeos, que se llegue sin demora a un alto el fuego y se fortalezca el di\u00e1logo para abrir el camino a la paz&#8221;, agreg\u00f3 el Pont\u00edfice, e invit\u00f3 a unirse en oraci\u00f3n &#8220;por el martirizado pueblo ucraniano&#8221;.<\/p>\n<p class=\"ds-markdown-paragraph\"><strong>El contexto de la guerra<\/strong><\/p>\n<p class=\"ds-markdown-paragraph\">Cuatro a\u00f1os despu\u00e9s del inicio de la invasi\u00f3n rusa, la l\u00ednea del frente se encuentra estancada. Mosc\u00fa domina cerca del 20% del territorio ucraniano, una extensi\u00f3n poco mayor que la de hace dos a\u00f1os: desde 2024 controla solo un 1,5% m\u00e1s de territorio (unos 6.000 kil\u00f3metros cuadrados), a pesar de los ingentes esfuerzos militares.<\/p>\n<p class=\"ds-markdown-paragraph\">La iniciativa del Papa se enmarca en la constante cercan\u00eda que la Santa Sede y la Iglesia local han mostrado hacia la poblaci\u00f3n ucraniana desde el inicio de la invasi\u00f3n.<\/p>\n","protected":false},"excerpt":{"rendered":"<p>El Papa Le\u00f3n XIV envi\u00f3 a Ucrania un cargamento humanitario con medicamentos urgentes y m\u00e1s de 1.000 radiadores el\u00e9ctricos para ayudar a la poblaci\u00f3n afectada por la guerra, que ya lleva cuatro a\u00f1os. La iniciativa, canalizada a trav\u00e9s del Dicasterio para el Servicio de la Caridad y la Limosner\u00eda Apost\u00f3lica, responde a un pedido &#8220;desesperado&#8221; &hellip;<\/p>\n","protected":false},"author":9,"featured_media":117269,"comment_status":"open","ping_status":"open","sticky":false,"template":"","format":"standard","meta":{"content-type":"","_monsterinsights_skip_tracking":false,"_monsterinsights_sitenote_active":false,"_monsterinsights_sitenote_note":"","_monsterinsights_sitenote_category":0,"_jetpack_memberships_contains_paid_content":false,"footnotes":"","jetpack_publicize_message":"","jetpack_publicize_feature_enabled":true,"jetpack_social_post_already_shared":true,"jetpack_social_options":{"image_generator_settings":{"template":"highway","default_image_id":0,"font":"","enabled":false},"version":2}},"categories":[271],"tags":[],"class_list":["post-117268","post","type-post","status-publish","format-standard","has-post-thumbnail","hentry","category-mundo"],"yoast_head":"<!-- This site is optimized with the Yoast SEO plugin v27.4 - https:\/\/yoast.com\/product\/yoast-seo-wordpress\/ -->\n<title>Etiquetas: ayuda humanitaria, guerra de Ucrania, noticias cat\u00f3licas, Papa Le\u00f3n XIV El Papa Le\u00f3n XIV envi\u00f3 un cargamento humanitario a Ucrania con medicamentos y m\u00e1s de 1.000 radiadores el\u00e9ctricos | Al Dia Chaco<\/title>\n<meta name=\"robots\" content=\"index, follow, max-snippet:-1, max-image-preview:large, max-video-preview:-1\" \/>\n<link rel=\"canonical\" href=\"https:\/\/aldiachaco.com.ar\/index.php\/2026\/02\/24\/etiquetas-ayuda-humanitaria-guerra-de-ucrania-noticias-catolicas-papa-leon-xiv-el-papa-leon-xiv-envio-un-cargamento-humanitario-a-ucrania-con-medicamentos-y-mas-de-1-000-radiadores-electricos\/\" \/>\n<meta property=\"og:locale\" content=\"es_ES\" \/>\n<meta property=\"og:type\" content=\"article\" \/>\n<meta property=\"og:title\" content=\"Etiquetas: ayuda humanitaria, guerra de Ucrania, noticias cat\u00f3licas, Papa Le\u00f3n XIV El Papa Le\u00f3n XIV envi\u00f3 un cargamento humanitario a Ucrania con medicamentos y m\u00e1s de 1.000 radiadores el\u00e9ctricos | Al Dia Chaco\" \/>\n<meta property=\"og:description\" content=\"El Papa Le\u00f3n XIV envi\u00f3 a Ucrania un cargamento humanitario con medicamentos urgentes y m\u00e1s de 1.000 radiadores el\u00e9ctricos para ayudar a la poblaci\u00f3n afectada por la guerra, que ya lleva cuatro a\u00f1os. La iniciativa, canalizada a trav\u00e9s del Dicasterio para el Servicio de la Caridad y la Limosner\u00eda Apost\u00f3lica, responde a un pedido &#8220;desesperado&#8221; &hellip;\" \/>\n<meta property=\"og:url\" content=\"https:\/\/aldiachaco.com.ar\/index.php\/2026\/02\/24\/etiquetas-ayuda-humanitaria-guerra-de-ucrania-noticias-catolicas-papa-leon-xiv-el-papa-leon-xiv-envio-un-cargamento-humanitario-a-ucrania-con-medicamentos-y-mas-de-1-000-radiadores-electricos\/\" \/>\n<meta property=\"og:site_name\" content=\"Al Dia Chaco\" \/>\n<meta property=\"article:published_time\" content=\"2026-02-24T20:32:41+00:00\" \/>\n<meta property=\"og:image\" content=\"https:\/\/aldiachaco.com.ar\/wp-content\/uploads\/2026\/02\/2402papa.webp\" \/>\n\t<meta property=\"og:image:width\" content=\"1160\" \/>\n\t<meta property=\"og:image:height\" content=\"653\" \/>\n\t<meta property=\"og:image:type\" content=\"image\/webp\" \/>\n<meta name=\"author\" content=\"RedaccionRM\" \/>\n<meta name=\"twitter:card\" content=\"summary_large_image\" \/>\n<meta name=\"twitter:label1\" content=\"Escrito por\" \/>\n\t<meta name=\"twitter:data1\" content=\"RedaccionRM\" \/>\n\t<meta name=\"twitter:label2\" content=\"Tiempo de lectura\" \/>\n\t<meta name=\"twitter:data2\" content=\"2 minutos\" \/>\n<script type=\"application\/ld+json\" class=\"yoast-schema-graph\">{\"@context\":\"https:\\\/\\\/schema.org\",\"@graph\":[{\"@type\":\"Article\",\"@id\":\"https:\\\/\\\/aldiachaco.com.ar\\\/index.php\\\/2026\\\/02\\\/24\\\/etiquetas-ayuda-humanitaria-guerra-de-ucrania-noticias-catolicas-papa-leon-xiv-el-papa-leon-xiv-envio-un-cargamento-humanitario-a-ucrania-con-medicamentos-y-mas-de-1-000-radiadores-electricos\\\/#article\",\"isPartOf\":{\"@id\":\"https:\\\/\\\/aldiachaco.com.ar\\\/index.php\\\/2026\\\/02\\\/24\\\/etiquetas-ayuda-humanitaria-guerra-de-ucrania-noticias-catolicas-papa-leon-xiv-el-papa-leon-xiv-envio-un-cargamento-humanitario-a-ucrania-con-medicamentos-y-mas-de-1-000-radiadores-electricos\\\/\"},\"author\":{\"name\":\"RedaccionRM\",\"@id\":\"https:\\\/\\\/aldiachaco.com.ar\\\/#\\\/schema\\\/person\\\/b24e975af8022082f5889a7a7299e962\"},\"headline\":\"Etiquetas: ayuda humanitaria, guerra de Ucrania, noticias cat\u00f3licas, Papa Le\u00f3n XIV El Papa Le\u00f3n XIV envi\u00f3 un cargamento humanitario a Ucrania con medicamentos y m\u00e1s de 1.000 radiadores el\u00e9ctricos\",\"datePublished\":\"2026-02-24T20:32:41+00:00\",\"mainEntityOfPage\":{\"@id\":\"https:\\\/\\\/aldiachaco.com.ar\\\/index.php\\\/2026\\\/02\\\/24\\\/etiquetas-ayuda-humanitaria-guerra-de-ucrania-noticias-catolicas-papa-leon-xiv-el-papa-leon-xiv-envio-un-cargamento-humanitario-a-ucrania-con-medicamentos-y-mas-de-1-000-radiadores-electricos\\\/\"},\"wordCount\":462,\"commentCount\":0,\"publisher\":{\"@id\":\"https:\\\/\\\/aldiachaco.com.ar\\\/#organization\"},\"image\":{\"@id\":\"https:\\\/\\\/aldiachaco.com.ar\\\/index.php\\\/2026\\\/02\\\/24\\\/etiquetas-ayuda-humanitaria-guerra-de-ucrania-noticias-catolicas-papa-leon-xiv-el-papa-leon-xiv-envio-un-cargamento-humanitario-a-ucrania-con-medicamentos-y-mas-de-1-000-radiadores-electricos\\\/#primaryimage\"},\"thumbnailUrl\":\"https:\\\/\\\/aldiachaco.com.ar\\\/wp-content\\\/uploads\\\/2026\\\/02\\\/2402papa.webp\",\"articleSection\":[\"Mundo\"],\"inLanguage\":\"es-AR\",\"potentialAction\":[{\"@type\":\"CommentAction\",\"name\":\"Comment\",\"target\":[\"https:\\\/\\\/aldiachaco.com.ar\\\/index.php\\\/2026\\\/02\\\/24\\\/etiquetas-ayuda-humanitaria-guerra-de-ucrania-noticias-catolicas-papa-leon-xiv-el-papa-leon-xiv-envio-un-cargamento-humanitario-a-ucrania-con-medicamentos-y-mas-de-1-000-radiadores-electricos\\\/#respond\"]}]},{\"@type\":\"WebPage\",\"@id\":\"https:\\\/\\\/aldiachaco.com.ar\\\/index.php\\\/2026\\\/02\\\/24\\\/etiquetas-ayuda-humanitaria-guerra-de-ucrania-noticias-catolicas-papa-leon-xiv-el-papa-leon-xiv-envio-un-cargamento-humanitario-a-ucrania-con-medicamentos-y-mas-de-1-000-radiadores-electricos\\\/\",\"url\":\"https:\\\/\\\/aldiachaco.com.ar\\\/index.php\\\/2026\\\/02\\\/24\\\/etiquetas-ayuda-humanitaria-guerra-de-ucrania-noticias-catolicas-papa-leon-xiv-el-papa-leon-xiv-envio-un-cargamento-humanitario-a-ucrania-con-medicamentos-y-mas-de-1-000-radiadores-electricos\\\/\",\"name\":\"Etiquetas: ayuda humanitaria, guerra de Ucrania, noticias cat\u00f3licas, Papa Le\u00f3n XIV El Papa Le\u00f3n XIV envi\u00f3 un cargamento humanitario a Ucrania con medicamentos y m\u00e1s de 1.000 radiadores el\u00e9ctricos | Al Dia Chaco\",\"isPartOf\":{\"@id\":\"https:\\\/\\\/aldiachaco.com.ar\\\/#website\"},\"primaryImageOfPage\":{\"@id\":\"https:\\\/\\\/aldiachaco.com.ar\\\/index.php\\\/2026\\\/02\\\/24\\\/etiquetas-ayuda-humanitaria-guerra-de-ucrania-noticias-catolicas-papa-leon-xiv-el-papa-leon-xiv-envio-un-cargamento-humanitario-a-ucrania-con-medicamentos-y-mas-de-1-000-radiadores-electricos\\\/#primaryimage\"},\"image\":{\"@id\":\"https:\\\/\\\/aldiachaco.com.ar\\\/index.php\\\/2026\\\/02\\\/24\\\/etiquetas-ayuda-humanitaria-guerra-de-ucrania-noticias-catolicas-papa-leon-xiv-el-papa-leon-xiv-envio-un-cargamento-humanitario-a-ucrania-con-medicamentos-y-mas-de-1-000-radiadores-electricos\\\/#primaryimage\"},\"thumbnailUrl\":\"https:\\\/\\\/aldiachaco.com.ar\\\/wp-content\\\/uploads\\\/2026\\\/02\\\/2402papa.webp\",\"datePublished\":\"2026-02-24T20:32:41+00:00\",\"breadcrumb\":{\"@id\":\"https:\\\/\\\/aldiachaco.com.ar\\\/index.php\\\/2026\\\/02\\\/24\\\/etiquetas-ayuda-humanitaria-guerra-de-ucrania-noticias-catolicas-papa-leon-xiv-el-papa-leon-xiv-envio-un-cargamento-humanitario-a-ucrania-con-medicamentos-y-mas-de-1-000-radiadores-electricos\\\/#breadcrumb\"},\"inLanguage\":\"es-AR\",\"potentialAction\":[{\"@type\":\"ReadAction\",\"target\":[\"https:\\\/\\\/aldiachaco.com.ar\\\/index.php\\\/2026\\\/02\\\/24\\\/etiquetas-ayuda-humanitaria-guerra-de-ucrania-noticias-catolicas-papa-leon-xiv-el-papa-leon-xiv-envio-un-cargamento-humanitario-a-ucrania-con-medicamentos-y-mas-de-1-000-radiadores-electricos\\\/\"]}]},{\"@type\":\"ImageObject\",\"inLanguage\":\"es-AR\",\"@id\":\"https:\\\/\\\/aldiachaco.com.ar\\\/index.php\\\/2026\\\/02\\\/24\\\/etiquetas-ayuda-humanitaria-guerra-de-ucrania-noticias-catolicas-papa-leon-xiv-el-papa-leon-xiv-envio-un-cargamento-humanitario-a-ucrania-con-medicamentos-y-mas-de-1-000-radiadores-electricos\\\/#primaryimage\",\"url\":\"https:\\\/\\\/aldiachaco.com.ar\\\/wp-content\\\/uploads\\\/2026\\\/02\\\/2402papa.webp\",\"contentUrl\":\"https:\\\/\\\/aldiachaco.com.ar\\\/wp-content\\\/uploads\\\/2026\\\/02\\\/2402papa.webp\",\"width\":1160,\"height\":653},{\"@type\":\"BreadcrumbList\",\"@id\":\"https:\\\/\\\/aldiachaco.com.ar\\\/index.php\\\/2026\\\/02\\\/24\\\/etiquetas-ayuda-humanitaria-guerra-de-ucrania-noticias-catolicas-papa-leon-xiv-el-papa-leon-xiv-envio-un-cargamento-humanitario-a-ucrania-con-medicamentos-y-mas-de-1-000-radiadores-electricos\\\/#breadcrumb\",\"itemListElement\":[{\"@type\":\"ListItem\",\"position\":1,\"name\":\"Home\",\"item\":\"https:\\\/\\\/aldiachaco.com.ar\\\/\"},{\"@type\":\"ListItem\",\"position\":2,\"name\":\"Etiquetas: ayuda humanitaria, guerra de Ucrania, noticias cat\u00f3licas, Papa Le\u00f3n XIV El Papa Le\u00f3n XIV envi\u00f3 un cargamento humanitario a Ucrania con medicamentos y m\u00e1s de 1.000 radiadores el\u00e9ctricos\"}]},{\"@type\":\"WebSite\",\"@id\":\"https:\\\/\\\/aldiachaco.com.ar\\\/#website\",\"url\":\"https:\\\/\\\/aldiachaco.com.ar\\\/\",\"name\":\"Al Dia Chaco\",\"description\":\"Noticias del Chaco y el mundo\",\"publisher\":{\"@id\":\"https:\\\/\\\/aldiachaco.com.ar\\\/#organization\"},\"alternateName\":\"Al D\u00eda Chaco\",\"potentialAction\":[{\"@type\":\"SearchAction\",\"target\":{\"@type\":\"EntryPoint\",\"urlTemplate\":\"https:\\\/\\\/aldiachaco.com.ar\\\/?s={search_term_string}\"},\"query-input\":{\"@type\":\"PropertyValueSpecification\",\"valueRequired\":true,\"valueName\":\"search_term_string\"}}],\"inLanguage\":\"es-AR\"},{\"@type\":\"Organization\",\"@id\":\"https:\\\/\\\/aldiachaco.com.ar\\\/#organization\",\"name\":\"Al Dia Chaco\",\"url\":\"https:\\\/\\\/aldiachaco.com.ar\\\/\",\"logo\":{\"@type\":\"ImageObject\",\"inLanguage\":\"es-AR\",\"@id\":\"https:\\\/\\\/aldiachaco.com.ar\\\/#\\\/schema\\\/logo\\\/image\\\/\",\"url\":\"https:\\\/\\\/aldiachaco.com.ar\\\/wp-content\\\/uploads\\\/2017\\\/11\\\/AL-DIA-CHACO-L@2x.png\",\"contentUrl\":\"https:\\\/\\\/aldiachaco.com.ar\\\/wp-content\\\/uploads\\\/2017\\\/11\\\/AL-DIA-CHACO-L@2x.png\",\"width\":232,\"height\":60,\"caption\":\"Al Dia Chaco\"},\"image\":{\"@id\":\"https:\\\/\\\/aldiachaco.com.ar\\\/#\\\/schema\\\/logo\\\/image\\\/\"}},{\"@type\":\"Person\",\"@id\":\"https:\\\/\\\/aldiachaco.com.ar\\\/#\\\/schema\\\/person\\\/b24e975af8022082f5889a7a7299e962\",\"name\":\"RedaccionRM\",\"image\":{\"@type\":\"ImageObject\",\"inLanguage\":\"es-AR\",\"@id\":\"https:\\\/\\\/aldiachaco.com.ar\\\/wp-content\\\/litespeed\\\/avatar\\\/a30118fcb7a6295303f1c91164c6aba1.jpg?ver=1777339088\",\"url\":\"https:\\\/\\\/aldiachaco.com.ar\\\/wp-content\\\/litespeed\\\/avatar\\\/a30118fcb7a6295303f1c91164c6aba1.jpg?ver=1777339088\",\"contentUrl\":\"https:\\\/\\\/aldiachaco.com.ar\\\/wp-content\\\/litespeed\\\/avatar\\\/a30118fcb7a6295303f1c91164c6aba1.jpg?ver=1777339088\",\"caption\":\"RedaccionRM\"},\"url\":\"https:\\\/\\\/aldiachaco.com.ar\\\/index.php\\\/author\\\/redaccionrm\\\/\"}]}<\/script>\n<!-- \/ Yoast SEO plugin. -->","yoast_head_json":{"title":"Etiquetas: ayuda humanitaria, guerra de Ucrania, noticias cat\u00f3licas, Papa Le\u00f3n XIV El Papa Le\u00f3n XIV envi\u00f3 un cargamento humanitario a Ucrania con medicamentos y m\u00e1s de 1.000 radiadores el\u00e9ctricos | Al Dia Chaco","robots":{"index":"index","follow":"follow","max-snippet":"max-snippet:-1","max-image-preview":"max-image-preview:large","max-video-preview":"max-video-preview:-1"},"canonical":"https:\/\/aldiachaco.com.ar\/index.php\/2026\/02\/24\/etiquetas-ayuda-humanitaria-guerra-de-ucrania-noticias-catolicas-papa-leon-xiv-el-papa-leon-xiv-envio-un-cargamento-humanitario-a-ucrania-con-medicamentos-y-mas-de-1-000-radiadores-electricos\/","og_locale":"es_ES","og_type":"article","og_title":"Etiquetas: ayuda humanitaria, guerra de Ucrania, noticias cat\u00f3licas, Papa Le\u00f3n XIV El Papa Le\u00f3n XIV envi\u00f3 un cargamento humanitario a Ucrania con medicamentos y m\u00e1s de 1.000 radiadores el\u00e9ctricos | Al Dia Chaco","og_description":"El Papa Le\u00f3n XIV envi\u00f3 a Ucrania un cargamento humanitario con medicamentos urgentes y m\u00e1s de 1.000 radiadores el\u00e9ctricos para ayudar a la poblaci\u00f3n afectada por la guerra, que ya lleva cuatro a\u00f1os. La iniciativa, canalizada a trav\u00e9s del Dicasterio para el Servicio de la Caridad y la Limosner\u00eda Apost\u00f3lica, responde a un pedido &#8220;desesperado&#8221; &hellip;","og_url":"https:\/\/aldiachaco.com.ar\/index.php\/2026\/02\/24\/etiquetas-ayuda-humanitaria-guerra-de-ucrania-noticias-catolicas-papa-leon-xiv-el-papa-leon-xiv-envio-un-cargamento-humanitario-a-ucrania-con-medicamentos-y-mas-de-1-000-radiadores-electricos\/","og_site_name":"Al Dia Chaco","article_published_time":"2026-02-24T20:32:41+00:00","og_image":[{"width":1160,"height":653,"url":"https:\/\/aldiachaco.com.ar\/wp-content\/uploads\/2026\/02\/2402papa.webp","type":"image\/webp"}],"author":"RedaccionRM","twitter_card":"summary_large_image","twitter_misc":{"Escrito por":"RedaccionRM","Tiempo de lectura":"2 minutos"},"schema":{"@context":"https:\/\/schema.org","@graph":[{"@type":"Article","@id":"https:\/\/aldiachaco.com.ar\/index.php\/2026\/02\/24\/etiquetas-ayuda-humanitaria-guerra-de-ucrania-noticias-catolicas-papa-leon-xiv-el-papa-leon-xiv-envio-un-cargamento-humanitario-a-ucrania-con-medicamentos-y-mas-de-1-000-radiadores-electricos\/#article","isPartOf":{"@id":"https:\/\/aldiachaco.com.ar\/index.php\/2026\/02\/24\/etiquetas-ayuda-humanitaria-guerra-de-ucrania-noticias-catolicas-papa-leon-xiv-el-papa-leon-xiv-envio-un-cargamento-humanitario-a-ucrania-con-medicamentos-y-mas-de-1-000-radiadores-electricos\/"},"author":{"name":"RedaccionRM","@id":"https:\/\/aldiachaco.com.ar\/#\/schema\/person\/b24e975af8022082f5889a7a7299e962"},"headline":"Etiquetas: ayuda humanitaria, guerra de Ucrania, noticias cat\u00f3licas, Papa Le\u00f3n XIV El Papa Le\u00f3n XIV envi\u00f3 un cargamento humanitario a Ucrania con medicamentos y m\u00e1s de 1.000 radiadores el\u00e9ctricos","datePublished":"2026-02-24T20:32:41+00:00","mainEntityOfPage":{"@id":"https:\/\/aldiachaco.com.ar\/index.php\/2026\/02\/24\/etiquetas-ayuda-humanitaria-guerra-de-ucrania-noticias-catolicas-papa-leon-xiv-el-papa-leon-xiv-envio-un-cargamento-humanitario-a-ucrania-con-medicamentos-y-mas-de-1-000-radiadores-electricos\/"},"wordCount":462,"commentCount":0,"publisher":{"@id":"https:\/\/aldiachaco.com.ar\/#organization"},"image":{"@id":"https:\/\/aldiachaco.com.ar\/index.php\/2026\/02\/24\/etiquetas-ayuda-humanitaria-guerra-de-ucrania-noticias-catolicas-papa-leon-xiv-el-papa-leon-xiv-envio-un-cargamento-humanitario-a-ucrania-con-medicamentos-y-mas-de-1-000-radiadores-electricos\/#primaryimage"},"thumbnailUrl":"https:\/\/aldiachaco.com.ar\/wp-content\/uploads\/2026\/02\/2402papa.webp","articleSection":["Mundo"],"inLanguage":"es-AR","potentialAction":[{"@type":"CommentAction","name":"Comment","target":["https:\/\/aldiachaco.com.ar\/index.php\/2026\/02\/24\/etiquetas-ayuda-humanitaria-guerra-de-ucrania-noticias-catolicas-papa-leon-xiv-el-papa-leon-xiv-envio-un-cargamento-humanitario-a-ucrania-con-medicamentos-y-mas-de-1-000-radiadores-electricos\/#respond"]}]},{"@type":"WebPage","@id":"https:\/\/aldiachaco.com.ar\/index.php\/2026\/02\/24\/etiquetas-ayuda-humanitaria-guerra-de-ucrania-noticias-catolicas-papa-leon-xiv-el-papa-leon-xiv-envio-un-cargamento-humanitario-a-ucrania-con-medicamentos-y-mas-de-1-000-radiadores-electricos\/","url":"https:\/\/aldiachaco.com.ar\/index.php\/2026\/02\/24\/etiquetas-ayuda-humanitaria-guerra-de-ucrania-noticias-catolicas-papa-leon-xiv-el-papa-leon-xiv-envio-un-cargamento-humanitario-a-ucrania-con-medicamentos-y-mas-de-1-000-radiadores-electricos\/","name":"Etiquetas: ayuda humanitaria, guerra de Ucrania, noticias cat\u00f3licas, Papa Le\u00f3n XIV El Papa Le\u00f3n XIV envi\u00f3 un cargamento humanitario a Ucrania con medicamentos y m\u00e1s de 1.000 radiadores el\u00e9ctricos | Al Dia Chaco","isPartOf":{"@id":"https:\/\/aldiachaco.com.ar\/#website"},"primaryImageOfPage":{"@id":"https:\/\/aldiachaco.com.ar\/index.php\/2026\/02\/24\/etiquetas-ayuda-humanitaria-guerra-de-ucrania-noticias-catolicas-papa-leon-xiv-el-papa-leon-xiv-envio-un-cargamento-humanitario-a-ucrania-con-medicamentos-y-mas-de-1-000-radiadores-electricos\/#primaryimage"},"image":{"@id":"https:\/\/aldiachaco.com.ar\/index.php\/2026\/02\/24\/etiquetas-ayuda-humanitaria-guerra-de-ucrania-noticias-catolicas-papa-leon-xiv-el-papa-leon-xiv-envio-un-cargamento-humanitario-a-ucrania-con-medicamentos-y-mas-de-1-000-radiadores-electricos\/#primaryimage"},"thumbnailUrl":"https:\/\/aldiachaco.com.ar\/wp-content\/uploads\/2026\/02\/2402papa.webp","datePublished":"2026-02-24T20:32:41+00:00","breadcrumb":{"@id":"https:\/\/aldiachaco.com.ar\/index.php\/2026\/02\/24\/etiquetas-ayuda-humanitaria-guerra-de-ucrania-noticias-catolicas-papa-leon-xiv-el-papa-leon-xiv-envio-un-cargamento-humanitario-a-ucrania-con-medicamentos-y-mas-de-1-000-radiadores-electricos\/#breadcrumb"},"inLanguage":"es-AR","potentialAction":[{"@type":"ReadAction","target":["https:\/\/aldiachaco.com.ar\/index.php\/2026\/02\/24\/etiquetas-ayuda-humanitaria-guerra-de-ucrania-noticias-catolicas-papa-leon-xiv-el-papa-leon-xiv-envio-un-cargamento-humanitario-a-ucrania-con-medicamentos-y-mas-de-1-000-radiadores-electricos\/"]}]},{"@type":"ImageObject","inLanguage":"es-AR","@id":"https:\/\/aldiachaco.com.ar\/index.php\/2026\/02\/24\/etiquetas-ayuda-humanitaria-guerra-de-ucrania-noticias-catolicas-papa-leon-xiv-el-papa-leon-xiv-envio-un-cargamento-humanitario-a-ucrania-con-medicamentos-y-mas-de-1-000-radiadores-electricos\/#primaryimage","url":"https:\/\/aldiachaco.com.ar\/wp-content\/uploads\/2026\/02\/2402papa.webp","contentUrl":"https:\/\/aldiachaco.com.ar\/wp-content\/uploads\/2026\/02\/2402papa.webp","width":1160,"height":653},{"@type":"BreadcrumbList","@id":"https:\/\/aldiachaco.com.ar\/index.php\/2026\/02\/24\/etiquetas-ayuda-humanitaria-guerra-de-ucrania-noticias-catolicas-papa-leon-xiv-el-papa-leon-xiv-envio-un-cargamento-humanitario-a-ucrania-con-medicamentos-y-mas-de-1-000-radiadores-electricos\/#breadcrumb","itemListElement":[{"@type":"ListItem","position":1,"name":"Home","item":"https:\/\/aldiachaco.com.ar\/"},{"@type":"ListItem","position":2,"name":"Etiquetas: ayuda humanitaria, guerra de Ucrania, noticias cat\u00f3licas, Papa Le\u00f3n XIV El Papa Le\u00f3n XIV envi\u00f3 un cargamento humanitario a Ucrania con medicamentos y m\u00e1s de 1.000 radiadores el\u00e9ctricos"}]},{"@type":"WebSite","@id":"https:\/\/aldiachaco.com.ar\/#website","url":"https:\/\/aldiachaco.com.ar\/","name":"Al Dia Chaco","description":"Noticias del Chaco y el mundo","publisher":{"@id":"https:\/\/aldiachaco.com.ar\/#organization"},"alternateName":"Al D\u00eda Chaco","potentialAction":[{"@type":"SearchAction","target":{"@type":"EntryPoint","urlTemplate":"https:\/\/aldiachaco.com.ar\/?s={search_term_string}"},"query-input":{"@type":"PropertyValueSpecification","valueRequired":true,"valueName":"search_term_string"}}],"inLanguage":"es-AR"},{"@type":"Organization","@id":"https:\/\/aldiachaco.com.ar\/#organization","name":"Al Dia Chaco","url":"https:\/\/aldiachaco.com.ar\/","logo":{"@type":"ImageObject","inLanguage":"es-AR","@id":"https:\/\/aldiachaco.com.ar\/#\/schema\/logo\/image\/","url":"https:\/\/aldiachaco.com.ar\/wp-content\/uploads\/2017\/11\/AL-DIA-CHACO-L@2x.png","contentUrl":"https:\/\/aldiachaco.com.ar\/wp-content\/uploads\/2017\/11\/AL-DIA-CHACO-L@2x.png","width":232,"height":60,"caption":"Al Dia Chaco"},"image":{"@id":"https:\/\/aldiachaco.com.ar\/#\/schema\/logo\/image\/"}},{"@type":"Person","@id":"https:\/\/aldiachaco.com.ar\/#\/schema\/person\/b24e975af8022082f5889a7a7299e962","name":"RedaccionRM","image":{"@type":"ImageObject","inLanguage":"es-AR","@id":"https:\/\/aldiachaco.com.ar\/wp-content\/litespeed\/avatar\/a30118fcb7a6295303f1c91164c6aba1.jpg?ver=1777339088","url":"https:\/\/aldiachaco.com.ar\/wp-content\/litespeed\/avatar\/a30118fcb7a6295303f1c91164c6aba1.jpg?ver=1777339088","contentUrl":"https:\/\/aldiachaco.com.ar\/wp-content\/litespeed\/avatar\/a30118fcb7a6295303f1c91164c6aba1.jpg?ver=1777339088","caption":"RedaccionRM"},"url":"https:\/\/aldiachaco.com.ar\/index.php\/author\/redaccionrm\/"}]}},"jetpack_publicize_connections":[],"jetpack_featured_media_url":"https:\/\/aldiachaco.com.ar\/wp-content\/uploads\/2026\/02\/2402papa.webp","jetpack_sharing_enabled":true,"amp_enabled":true,"_links":{"self":[{"href":"https:\/\/aldiachaco.com.ar\/index.php\/wp-json\/wp\/v2\/posts\/117268","targetHints":{"allow":["GET"]}}],"collection":[{"href":"https:\/\/aldiachaco.com.ar\/index.php\/wp-json\/wp\/v2\/posts"}],"about":[{"href":"https:\/\/aldiachaco.com.ar\/index.php\/wp-json\/wp\/v2\/types\/post"}],"author":[{"embeddable":true,"href":"https:\/\/aldiachaco.com.ar\/index.php\/wp-json\/wp\/v2\/users\/9"}],"replies":[{"embeddable":true,"href":"https:\/\/aldiachaco.com.ar\/index.php\/wp-json\/wp\/v2\/comments?post=117268"}],"version-history":[{"count":1,"href":"https:\/\/aldiachaco.com.ar\/index.php\/wp-json\/wp\/v2\/posts\/117268\/revisions"}],"predecessor-version":[{"id":117270,"href":"https:\/\/aldiachaco.com.ar\/index.php\/wp-json\/wp\/v2\/posts\/117268\/revisions\/117270"}],"wp:featuredmedia":[{"embeddable":true,"href":"https:\/\/aldiachaco.com.ar\/index.php\/wp-json\/wp\/v2\/media\/117269"}],"wp:attachment":[{"href":"https:\/\/aldiachaco.com.ar\/index.php\/wp-json\/wp\/v2\/media?parent=117268"}],"wp:term":[{"taxonomy":"category","embeddable":true,"href":"https:\/\/aldiachaco.com.ar\/index.php\/wp-json\/wp\/v2\/categories?post=117268"},{"taxonomy":"post_tag","embeddable":true,"href":"https:\/\/aldiachaco.com.ar\/index.php\/wp-json\/wp\/v2\/tags?post=117268"}],"curies":[{"name":"wp","href":"https:\/\/api.w.org\/{rel}","templated":true}]}}