{"id":117265,"date":"2026-02-24T11:11:13","date_gmt":"2026-02-24T14:11:13","guid":{"rendered":"https:\/\/aldiachaco.com.ar\/?p=117265"},"modified":"2026-02-24T11:11:13","modified_gmt":"2026-02-24T14:11:13","slug":"adelantan-la-campana-antigripal-en-argentina-por-la-circulacion-de-una-nueva-variante-de-influenza","status":"publish","type":"post","link":"https:\/\/aldiachaco.com.ar\/index.php\/2026\/02\/24\/adelantan-la-campana-antigripal-en-argentina-por-la-circulacion-de-una-nueva-variante-de-influenza\/","title":{"rendered":"Adelantan la campa\u00f1a antigripal en Argentina por la circulaci\u00f3n de una nueva variante de influenza"},"content":{"rendered":"<p class=\"ds-markdown-paragraph\">El Ministerio de Salud de la Naci\u00f3n anunci\u00f3 el adelanto de la campa\u00f1a de vacunaci\u00f3n antigripal para el pr\u00f3ximo 9 de marzo, con el objetivo de proteger a la poblaci\u00f3n m\u00e1s vulnerable ante el aumento de la circulaci\u00f3n de virus respiratorios y la detecci\u00f3n de una nueva variante de influenza: la H3N2, subclado K.<\/p>\n<p class=\"ds-markdown-paragraph\">La decisi\u00f3n fue confirmada por el ministro de Salud, Mario Lugones, quien explic\u00f3: &#8220;Nos anticipamos al calendario habitual para que la poblaci\u00f3n est\u00e9 protegida antes del pico de circulaci\u00f3n viral. Cada a\u00f1o, los virus respiratorios comienzan a circular m\u00e1s temprano. Decidimos actuar tempranamente para evitar el posible impacto de las nuevas variantes y cuidar a las personas que m\u00e1s lo necesitan&#8221;.<\/p>\n<p class=\"ds-markdown-paragraph\"><strong>Una variante m\u00e1s contagiosa<\/strong><\/p>\n<p class=\"ds-markdown-paragraph\">Si bien la nueva variante H3N2 no produce cuadros m\u00e1s graves, implica una mayor capacidad de contagio, lo que podr\u00eda aumentar la presi\u00f3n sobre el sistema de salud p\u00fablico. El m\u00e9dico infect\u00f3logo Roberto Debbag explic\u00f3 que el cuadro suele comenzar con tos persistente y congesti\u00f3n nasal, y entre 24 y 48 horas despu\u00e9s aparecen fiebre alta, decaimiento y molestias pulmonares.<\/p>\n<p class=\"ds-markdown-paragraph\"><strong>Qui\u00e9nes deben vacunarse<\/strong><\/p>\n<p class=\"ds-markdown-paragraph\">La poblaci\u00f3n objetivo definida por el Ministerio de Salud incluye:<\/p>\n<ul>\n<li>\n<p class=\"ds-markdown-paragraph\">Ni\u00f1os y ni\u00f1as de 6 a 24 meses.<\/p>\n<\/li>\n<li>\n<p class=\"ds-markdown-paragraph\">Adultos mayores de 65 a\u00f1os.<\/p>\n<\/li>\n<li>\n<p class=\"ds-markdown-paragraph\">Personal de salud.<\/p>\n<\/li>\n<li>\n<p class=\"ds-markdown-paragraph\">Embarazadas y pu\u00e9rperas.<\/p>\n<\/li>\n<li>\n<p class=\"ds-markdown-paragraph\">Personas con factores de riesgo: enfermedades respiratorias o card\u00edacas cr\u00f3nicas, inmunodeficiencias, patolog\u00edas oncohematol\u00f3gicas, antecedentes de trasplante, diabetes, obesidad m\u00f3rbida e insuficiencia renal cr\u00f3nica, entre otras.<\/p>\n<\/li>\n<\/ul>\n<p class=\"ds-markdown-paragraph\"><strong>Dosis y distribuci\u00f3n<\/strong><\/p>\n<p class=\"ds-markdown-paragraph\">El Ministerio adquiri\u00f3 8.160.000 dosis de vacuna antigripal para garantizar el suministro en todo el pa\u00eds. La distribuci\u00f3n ser\u00e1:<\/p>\n<ul>\n<li>\n<p class=\"ds-markdown-paragraph\">4.700.000 dosis para adultos de 2 a 64 a\u00f1os con factores de riesgo.<\/p>\n<\/li>\n<li>\n<p class=\"ds-markdown-paragraph\">2.300.000 dosis adyuvantadas para mayores de 65 a\u00f1os.<\/p>\n<\/li>\n<li>\n<p class=\"ds-markdown-paragraph\">1.160.000 dosis pedi\u00e1tricas para ni\u00f1os de 6 a 24 meses.<\/p>\n<\/li>\n<\/ul>\n<p class=\"ds-markdown-paragraph\"><strong>Cobertura y advertencias<\/strong><\/p>\n<p class=\"ds-markdown-paragraph\">En las \u00faltimas tres campa\u00f1as, la cobertura fue baja: en adultos mayores oscil\u00f3 entre 41,6% y 42,2%, mientras que en menores de dos a\u00f1os menos del 70% complet\u00f3 el esquema de dos dosis. Las autoridades advirtieron que una cobertura insuficiente podr\u00eda elevar la ocupaci\u00f3n de camas, aumentar derivaciones y exigir la reprogramaci\u00f3n de pr\u00e1cticas sanitarias.<\/p>\n<p class=\"ds-markdown-paragraph\">La campa\u00f1a ser\u00e1 gratuita para la poblaci\u00f3n objetivo. Cada provincia y la Ciudad de Buenos Aires informar\u00e1n la ubicaci\u00f3n y los cronogramas de los vacunatorios oficiales. El Gobierno nacional centraliza la log\u00edstica y distribuci\u00f3n, mientras las jurisdicciones organizan la administraci\u00f3n y comunicaci\u00f3n local.<\/p>\n<p class=\"ds-markdown-paragraph\">Lugones remarc\u00f3 que todas las vacunas del Calendario Nacional &#8220;son seguras y cuentan con evidencia cient\u00edfica de su eficacia&#8221;.<\/p>\n","protected":false},"excerpt":{"rendered":"<p>El Ministerio de Salud de la Naci\u00f3n anunci\u00f3 el adelanto de la campa\u00f1a de vacunaci\u00f3n antigripal para el pr\u00f3ximo 9 de marzo, con el objetivo de proteger a la poblaci\u00f3n m\u00e1s vulnerable ante el aumento de la circulaci\u00f3n de virus respiratorios y la detecci\u00f3n de una nueva variante de influenza: la H3N2, subclado K. La &hellip;<\/p>\n","protected":false},"author":9,"featured_media":117266,"comment_status":"open","ping_status":"open","sticky":false,"template":"","format":"standard","meta":{"content-type":"","_monsterinsights_skip_tracking":false,"_monsterinsights_sitenote_active":false,"_monsterinsights_sitenote_note":"","_monsterinsights_sitenote_category":0,"_jetpack_memberships_contains_paid_content":false,"footnotes":"","jetpack_publicize_message":"","jetpack_publicize_feature_enabled":true,"jetpack_social_post_already_shared":true,"jetpack_social_options":{"image_generator_settings":{"template":"highway","default_image_id":0,"font":"","enabled":false},"version":2}},"categories":[70],"tags":[],"class_list":["post-117265","post","type-post","status-publish","format-standard","has-post-thumbnail","hentry","category-salud"],"yoast_head":"<!-- This site is optimized with the Yoast SEO plugin v27.4 - https:\/\/yoast.com\/product\/yoast-seo-wordpress\/ -->\n<title>Adelantan la campa\u00f1a antigripal en Argentina por la circulaci\u00f3n de una nueva variante de influenza | Al Dia Chaco<\/title>\n<meta name=\"robots\" content=\"index, follow, max-snippet:-1, max-image-preview:large, max-video-preview:-1\" \/>\n<link rel=\"canonical\" href=\"https:\/\/aldiachaco.com.ar\/index.php\/2026\/02\/24\/adelantan-la-campana-antigripal-en-argentina-por-la-circulacion-de-una-nueva-variante-de-influenza\/\" \/>\n<meta property=\"og:locale\" content=\"es_ES\" \/>\n<meta property=\"og:type\" content=\"article\" \/>\n<meta property=\"og:title\" content=\"Adelantan la campa\u00f1a antigripal en Argentina por la circulaci\u00f3n de una nueva variante de influenza | Al Dia Chaco\" \/>\n<meta property=\"og:description\" content=\"El Ministerio de Salud de la Naci\u00f3n anunci\u00f3 el adelanto de la campa\u00f1a de vacunaci\u00f3n antigripal para el pr\u00f3ximo 9 de marzo, con el objetivo de proteger a la poblaci\u00f3n m\u00e1s vulnerable ante el aumento de la circulaci\u00f3n de virus respiratorios y la detecci\u00f3n de una nueva variante de influenza: la H3N2, subclado K. La &hellip;\" \/>\n<meta property=\"og:url\" content=\"https:\/\/aldiachaco.com.ar\/index.php\/2026\/02\/24\/adelantan-la-campana-antigripal-en-argentina-por-la-circulacion-de-una-nueva-variante-de-influenza\/\" \/>\n<meta property=\"og:site_name\" content=\"Al Dia Chaco\" \/>\n<meta property=\"article:published_time\" content=\"2026-02-24T14:11:13+00:00\" \/>\n<meta property=\"og:image\" content=\"https:\/\/aldiachaco.com.ar\/wp-content\/uploads\/2026\/02\/2402vacunas-scaled.jpeg\" \/>\n\t<meta property=\"og:image:width\" content=\"2560\" \/>\n\t<meta property=\"og:image:height\" content=\"1750\" \/>\n\t<meta property=\"og:image:type\" content=\"image\/jpeg\" \/>\n<meta name=\"author\" content=\"RedaccionRM\" \/>\n<meta name=\"twitter:card\" content=\"summary_large_image\" \/>\n<meta name=\"twitter:label1\" content=\"Escrito por\" \/>\n\t<meta name=\"twitter:data1\" content=\"RedaccionRM\" \/>\n\t<meta name=\"twitter:label2\" content=\"Tiempo de lectura\" \/>\n\t<meta name=\"twitter:data2\" content=\"3 minutos\" \/>\n<script type=\"application\/ld+json\" class=\"yoast-schema-graph\">{\"@context\":\"https:\\\/\\\/schema.org\",\"@graph\":[{\"@type\":\"Article\",\"@id\":\"https:\\\/\\\/aldiachaco.com.ar\\\/index.php\\\/2026\\\/02\\\/24\\\/adelantan-la-campana-antigripal-en-argentina-por-la-circulacion-de-una-nueva-variante-de-influenza\\\/#article\",\"isPartOf\":{\"@id\":\"https:\\\/\\\/aldiachaco.com.ar\\\/index.php\\\/2026\\\/02\\\/24\\\/adelantan-la-campana-antigripal-en-argentina-por-la-circulacion-de-una-nueva-variante-de-influenza\\\/\"},\"author\":{\"name\":\"RedaccionRM\",\"@id\":\"https:\\\/\\\/aldiachaco.com.ar\\\/#\\\/schema\\\/person\\\/b24e975af8022082f5889a7a7299e962\"},\"headline\":\"Adelantan la campa\u00f1a antigripal en Argentina por la circulaci\u00f3n de una nueva variante de influenza\",\"datePublished\":\"2026-02-24T14:11:13+00:00\",\"mainEntityOfPage\":{\"@id\":\"https:\\\/\\\/aldiachaco.com.ar\\\/index.php\\\/2026\\\/02\\\/24\\\/adelantan-la-campana-antigripal-en-argentina-por-la-circulacion-de-una-nueva-variante-de-influenza\\\/\"},\"wordCount\":467,\"commentCount\":0,\"publisher\":{\"@id\":\"https:\\\/\\\/aldiachaco.com.ar\\\/#organization\"},\"image\":{\"@id\":\"https:\\\/\\\/aldiachaco.com.ar\\\/index.php\\\/2026\\\/02\\\/24\\\/adelantan-la-campana-antigripal-en-argentina-por-la-circulacion-de-una-nueva-variante-de-influenza\\\/#primaryimage\"},\"thumbnailUrl\":\"https:\\\/\\\/aldiachaco.com.ar\\\/wp-content\\\/uploads\\\/2026\\\/02\\\/2402vacunas-scaled.jpeg\",\"articleSection\":[\"Salud\"],\"inLanguage\":\"es-AR\",\"potentialAction\":[{\"@type\":\"CommentAction\",\"name\":\"Comment\",\"target\":[\"https:\\\/\\\/aldiachaco.com.ar\\\/index.php\\\/2026\\\/02\\\/24\\\/adelantan-la-campana-antigripal-en-argentina-por-la-circulacion-de-una-nueva-variante-de-influenza\\\/#respond\"]}]},{\"@type\":\"WebPage\",\"@id\":\"https:\\\/\\\/aldiachaco.com.ar\\\/index.php\\\/2026\\\/02\\\/24\\\/adelantan-la-campana-antigripal-en-argentina-por-la-circulacion-de-una-nueva-variante-de-influenza\\\/\",\"url\":\"https:\\\/\\\/aldiachaco.com.ar\\\/index.php\\\/2026\\\/02\\\/24\\\/adelantan-la-campana-antigripal-en-argentina-por-la-circulacion-de-una-nueva-variante-de-influenza\\\/\",\"name\":\"Adelantan la campa\u00f1a antigripal en Argentina por la circulaci\u00f3n de una nueva variante de influenza | Al Dia Chaco\",\"isPartOf\":{\"@id\":\"https:\\\/\\\/aldiachaco.com.ar\\\/#website\"},\"primaryImageOfPage\":{\"@id\":\"https:\\\/\\\/aldiachaco.com.ar\\\/index.php\\\/2026\\\/02\\\/24\\\/adelantan-la-campana-antigripal-en-argentina-por-la-circulacion-de-una-nueva-variante-de-influenza\\\/#primaryimage\"},\"image\":{\"@id\":\"https:\\\/\\\/aldiachaco.com.ar\\\/index.php\\\/2026\\\/02\\\/24\\\/adelantan-la-campana-antigripal-en-argentina-por-la-circulacion-de-una-nueva-variante-de-influenza\\\/#primaryimage\"},\"thumbnailUrl\":\"https:\\\/\\\/aldiachaco.com.ar\\\/wp-content\\\/uploads\\\/2026\\\/02\\\/2402vacunas-scaled.jpeg\",\"datePublished\":\"2026-02-24T14:11:13+00:00\",\"breadcrumb\":{\"@id\":\"https:\\\/\\\/aldiachaco.com.ar\\\/index.php\\\/2026\\\/02\\\/24\\\/adelantan-la-campana-antigripal-en-argentina-por-la-circulacion-de-una-nueva-variante-de-influenza\\\/#breadcrumb\"},\"inLanguage\":\"es-AR\",\"potentialAction\":[{\"@type\":\"ReadAction\",\"target\":[\"https:\\\/\\\/aldiachaco.com.ar\\\/index.php\\\/2026\\\/02\\\/24\\\/adelantan-la-campana-antigripal-en-argentina-por-la-circulacion-de-una-nueva-variante-de-influenza\\\/\"]}]},{\"@type\":\"ImageObject\",\"inLanguage\":\"es-AR\",\"@id\":\"https:\\\/\\\/aldiachaco.com.ar\\\/index.php\\\/2026\\\/02\\\/24\\\/adelantan-la-campana-antigripal-en-argentina-por-la-circulacion-de-una-nueva-variante-de-influenza\\\/#primaryimage\",\"url\":\"https:\\\/\\\/aldiachaco.com.ar\\\/wp-content\\\/uploads\\\/2026\\\/02\\\/2402vacunas-scaled.jpeg\",\"contentUrl\":\"https:\\\/\\\/aldiachaco.com.ar\\\/wp-content\\\/uploads\\\/2026\\\/02\\\/2402vacunas-scaled.jpeg\",\"width\":2560,\"height\":1750},{\"@type\":\"BreadcrumbList\",\"@id\":\"https:\\\/\\\/aldiachaco.com.ar\\\/index.php\\\/2026\\\/02\\\/24\\\/adelantan-la-campana-antigripal-en-argentina-por-la-circulacion-de-una-nueva-variante-de-influenza\\\/#breadcrumb\",\"itemListElement\":[{\"@type\":\"ListItem\",\"position\":1,\"name\":\"Home\",\"item\":\"https:\\\/\\\/aldiachaco.com.ar\\\/\"},{\"@type\":\"ListItem\",\"position\":2,\"name\":\"Adelantan la campa\u00f1a antigripal en Argentina por la circulaci\u00f3n de una nueva variante de influenza\"}]},{\"@type\":\"WebSite\",\"@id\":\"https:\\\/\\\/aldiachaco.com.ar\\\/#website\",\"url\":\"https:\\\/\\\/aldiachaco.com.ar\\\/\",\"name\":\"Al Dia Chaco\",\"description\":\"Noticias del Chaco y el mundo\",\"publisher\":{\"@id\":\"https:\\\/\\\/aldiachaco.com.ar\\\/#organization\"},\"alternateName\":\"Al D\u00eda Chaco\",\"potentialAction\":[{\"@type\":\"SearchAction\",\"target\":{\"@type\":\"EntryPoint\",\"urlTemplate\":\"https:\\\/\\\/aldiachaco.com.ar\\\/?s={search_term_string}\"},\"query-input\":{\"@type\":\"PropertyValueSpecification\",\"valueRequired\":true,\"valueName\":\"search_term_string\"}}],\"inLanguage\":\"es-AR\"},{\"@type\":\"Organization\",\"@id\":\"https:\\\/\\\/aldiachaco.com.ar\\\/#organization\",\"name\":\"Al Dia Chaco\",\"url\":\"https:\\\/\\\/aldiachaco.com.ar\\\/\",\"logo\":{\"@type\":\"ImageObject\",\"inLanguage\":\"es-AR\",\"@id\":\"https:\\\/\\\/aldiachaco.com.ar\\\/#\\\/schema\\\/logo\\\/image\\\/\",\"url\":\"https:\\\/\\\/aldiachaco.com.ar\\\/wp-content\\\/uploads\\\/2017\\\/11\\\/AL-DIA-CHACO-L@2x.png\",\"contentUrl\":\"https:\\\/\\\/aldiachaco.com.ar\\\/wp-content\\\/uploads\\\/2017\\\/11\\\/AL-DIA-CHACO-L@2x.png\",\"width\":232,\"height\":60,\"caption\":\"Al Dia Chaco\"},\"image\":{\"@id\":\"https:\\\/\\\/aldiachaco.com.ar\\\/#\\\/schema\\\/logo\\\/image\\\/\"}},{\"@type\":\"Person\",\"@id\":\"https:\\\/\\\/aldiachaco.com.ar\\\/#\\\/schema\\\/person\\\/b24e975af8022082f5889a7a7299e962\",\"name\":\"RedaccionRM\",\"image\":{\"@type\":\"ImageObject\",\"inLanguage\":\"es-AR\",\"@id\":\"https:\\\/\\\/aldiachaco.com.ar\\\/wp-content\\\/litespeed\\\/avatar\\\/a30118fcb7a6295303f1c91164c6aba1.jpg?ver=1777339088\",\"url\":\"https:\\\/\\\/aldiachaco.com.ar\\\/wp-content\\\/litespeed\\\/avatar\\\/a30118fcb7a6295303f1c91164c6aba1.jpg?ver=1777339088\",\"contentUrl\":\"https:\\\/\\\/aldiachaco.com.ar\\\/wp-content\\\/litespeed\\\/avatar\\\/a30118fcb7a6295303f1c91164c6aba1.jpg?ver=1777339088\",\"caption\":\"RedaccionRM\"},\"url\":\"https:\\\/\\\/aldiachaco.com.ar\\\/index.php\\\/author\\\/redaccionrm\\\/\"}]}<\/script>\n<!-- \/ Yoast SEO plugin. -->","yoast_head_json":{"title":"Adelantan la campa\u00f1a antigripal en Argentina por la circulaci\u00f3n de una nueva variante de influenza | Al Dia Chaco","robots":{"index":"index","follow":"follow","max-snippet":"max-snippet:-1","max-image-preview":"max-image-preview:large","max-video-preview":"max-video-preview:-1"},"canonical":"https:\/\/aldiachaco.com.ar\/index.php\/2026\/02\/24\/adelantan-la-campana-antigripal-en-argentina-por-la-circulacion-de-una-nueva-variante-de-influenza\/","og_locale":"es_ES","og_type":"article","og_title":"Adelantan la campa\u00f1a antigripal en Argentina por la circulaci\u00f3n de una nueva variante de influenza | Al Dia Chaco","og_description":"El Ministerio de Salud de la Naci\u00f3n anunci\u00f3 el adelanto de la campa\u00f1a de vacunaci\u00f3n antigripal para el pr\u00f3ximo 9 de marzo, con el objetivo de proteger a la poblaci\u00f3n m\u00e1s vulnerable ante el aumento de la circulaci\u00f3n de virus respiratorios y la detecci\u00f3n de una nueva variante de influenza: la H3N2, subclado K. La &hellip;","og_url":"https:\/\/aldiachaco.com.ar\/index.php\/2026\/02\/24\/adelantan-la-campana-antigripal-en-argentina-por-la-circulacion-de-una-nueva-variante-de-influenza\/","og_site_name":"Al Dia Chaco","article_published_time":"2026-02-24T14:11:13+00:00","og_image":[{"width":2560,"height":1750,"url":"https:\/\/aldiachaco.com.ar\/wp-content\/uploads\/2026\/02\/2402vacunas-scaled.jpeg","type":"image\/jpeg"}],"author":"RedaccionRM","twitter_card":"summary_large_image","twitter_misc":{"Escrito por":"RedaccionRM","Tiempo de lectura":"3 minutos"},"schema":{"@context":"https:\/\/schema.org","@graph":[{"@type":"Article","@id":"https:\/\/aldiachaco.com.ar\/index.php\/2026\/02\/24\/adelantan-la-campana-antigripal-en-argentina-por-la-circulacion-de-una-nueva-variante-de-influenza\/#article","isPartOf":{"@id":"https:\/\/aldiachaco.com.ar\/index.php\/2026\/02\/24\/adelantan-la-campana-antigripal-en-argentina-por-la-circulacion-de-una-nueva-variante-de-influenza\/"},"author":{"name":"RedaccionRM","@id":"https:\/\/aldiachaco.com.ar\/#\/schema\/person\/b24e975af8022082f5889a7a7299e962"},"headline":"Adelantan la campa\u00f1a antigripal en Argentina por la circulaci\u00f3n de una nueva variante de influenza","datePublished":"2026-02-24T14:11:13+00:00","mainEntityOfPage":{"@id":"https:\/\/aldiachaco.com.ar\/index.php\/2026\/02\/24\/adelantan-la-campana-antigripal-en-argentina-por-la-circulacion-de-una-nueva-variante-de-influenza\/"},"wordCount":467,"commentCount":0,"publisher":{"@id":"https:\/\/aldiachaco.com.ar\/#organization"},"image":{"@id":"https:\/\/aldiachaco.com.ar\/index.php\/2026\/02\/24\/adelantan-la-campana-antigripal-en-argentina-por-la-circulacion-de-una-nueva-variante-de-influenza\/#primaryimage"},"thumbnailUrl":"https:\/\/aldiachaco.com.ar\/wp-content\/uploads\/2026\/02\/2402vacunas-scaled.jpeg","articleSection":["Salud"],"inLanguage":"es-AR","potentialAction":[{"@type":"CommentAction","name":"Comment","target":["https:\/\/aldiachaco.com.ar\/index.php\/2026\/02\/24\/adelantan-la-campana-antigripal-en-argentina-por-la-circulacion-de-una-nueva-variante-de-influenza\/#respond"]}]},{"@type":"WebPage","@id":"https:\/\/aldiachaco.com.ar\/index.php\/2026\/02\/24\/adelantan-la-campana-antigripal-en-argentina-por-la-circulacion-de-una-nueva-variante-de-influenza\/","url":"https:\/\/aldiachaco.com.ar\/index.php\/2026\/02\/24\/adelantan-la-campana-antigripal-en-argentina-por-la-circulacion-de-una-nueva-variante-de-influenza\/","name":"Adelantan la campa\u00f1a antigripal en Argentina por la circulaci\u00f3n de una nueva variante de influenza | Al Dia Chaco","isPartOf":{"@id":"https:\/\/aldiachaco.com.ar\/#website"},"primaryImageOfPage":{"@id":"https:\/\/aldiachaco.com.ar\/index.php\/2026\/02\/24\/adelantan-la-campana-antigripal-en-argentina-por-la-circulacion-de-una-nueva-variante-de-influenza\/#primaryimage"},"image":{"@id":"https:\/\/aldiachaco.com.ar\/index.php\/2026\/02\/24\/adelantan-la-campana-antigripal-en-argentina-por-la-circulacion-de-una-nueva-variante-de-influenza\/#primaryimage"},"thumbnailUrl":"https:\/\/aldiachaco.com.ar\/wp-content\/uploads\/2026\/02\/2402vacunas-scaled.jpeg","datePublished":"2026-02-24T14:11:13+00:00","breadcrumb":{"@id":"https:\/\/aldiachaco.com.ar\/index.php\/2026\/02\/24\/adelantan-la-campana-antigripal-en-argentina-por-la-circulacion-de-una-nueva-variante-de-influenza\/#breadcrumb"},"inLanguage":"es-AR","potentialAction":[{"@type":"ReadAction","target":["https:\/\/aldiachaco.com.ar\/index.php\/2026\/02\/24\/adelantan-la-campana-antigripal-en-argentina-por-la-circulacion-de-una-nueva-variante-de-influenza\/"]}]},{"@type":"ImageObject","inLanguage":"es-AR","@id":"https:\/\/aldiachaco.com.ar\/index.php\/2026\/02\/24\/adelantan-la-campana-antigripal-en-argentina-por-la-circulacion-de-una-nueva-variante-de-influenza\/#primaryimage","url":"https:\/\/aldiachaco.com.ar\/wp-content\/uploads\/2026\/02\/2402vacunas-scaled.jpeg","contentUrl":"https:\/\/aldiachaco.com.ar\/wp-content\/uploads\/2026\/02\/2402vacunas-scaled.jpeg","width":2560,"height":1750},{"@type":"BreadcrumbList","@id":"https:\/\/aldiachaco.com.ar\/index.php\/2026\/02\/24\/adelantan-la-campana-antigripal-en-argentina-por-la-circulacion-de-una-nueva-variante-de-influenza\/#breadcrumb","itemListElement":[{"@type":"ListItem","position":1,"name":"Home","item":"https:\/\/aldiachaco.com.ar\/"},{"@type":"ListItem","position":2,"name":"Adelantan la campa\u00f1a antigripal en Argentina por la circulaci\u00f3n de una nueva variante de influenza"}]},{"@type":"WebSite","@id":"https:\/\/aldiachaco.com.ar\/#website","url":"https:\/\/aldiachaco.com.ar\/","name":"Al Dia Chaco","description":"Noticias del Chaco y el mundo","publisher":{"@id":"https:\/\/aldiachaco.com.ar\/#organization"},"alternateName":"Al D\u00eda Chaco","potentialAction":[{"@type":"SearchAction","target":{"@type":"EntryPoint","urlTemplate":"https:\/\/aldiachaco.com.ar\/?s={search_term_string}"},"query-input":{"@type":"PropertyValueSpecification","valueRequired":true,"valueName":"search_term_string"}}],"inLanguage":"es-AR"},{"@type":"Organization","@id":"https:\/\/aldiachaco.com.ar\/#organization","name":"Al Dia Chaco","url":"https:\/\/aldiachaco.com.ar\/","logo":{"@type":"ImageObject","inLanguage":"es-AR","@id":"https:\/\/aldiachaco.com.ar\/#\/schema\/logo\/image\/","url":"https:\/\/aldiachaco.com.ar\/wp-content\/uploads\/2017\/11\/AL-DIA-CHACO-L@2x.png","contentUrl":"https:\/\/aldiachaco.com.ar\/wp-content\/uploads\/2017\/11\/AL-DIA-CHACO-L@2x.png","width":232,"height":60,"caption":"Al Dia Chaco"},"image":{"@id":"https:\/\/aldiachaco.com.ar\/#\/schema\/logo\/image\/"}},{"@type":"Person","@id":"https:\/\/aldiachaco.com.ar\/#\/schema\/person\/b24e975af8022082f5889a7a7299e962","name":"RedaccionRM","image":{"@type":"ImageObject","inLanguage":"es-AR","@id":"https:\/\/aldiachaco.com.ar\/wp-content\/litespeed\/avatar\/a30118fcb7a6295303f1c91164c6aba1.jpg?ver=1777339088","url":"https:\/\/aldiachaco.com.ar\/wp-content\/litespeed\/avatar\/a30118fcb7a6295303f1c91164c6aba1.jpg?ver=1777339088","contentUrl":"https:\/\/aldiachaco.com.ar\/wp-content\/litespeed\/avatar\/a30118fcb7a6295303f1c91164c6aba1.jpg?ver=1777339088","caption":"RedaccionRM"},"url":"https:\/\/aldiachaco.com.ar\/index.php\/author\/redaccionrm\/"}]}},"jetpack_publicize_connections":[],"jetpack_featured_media_url":"https:\/\/aldiachaco.com.ar\/wp-content\/uploads\/2026\/02\/2402vacunas-scaled.jpeg","jetpack_sharing_enabled":true,"amp_enabled":true,"_links":{"self":[{"href":"https:\/\/aldiachaco.com.ar\/index.php\/wp-json\/wp\/v2\/posts\/117265","targetHints":{"allow":["GET"]}}],"collection":[{"href":"https:\/\/aldiachaco.com.ar\/index.php\/wp-json\/wp\/v2\/posts"}],"about":[{"href":"https:\/\/aldiachaco.com.ar\/index.php\/wp-json\/wp\/v2\/types\/post"}],"author":[{"embeddable":true,"href":"https:\/\/aldiachaco.com.ar\/index.php\/wp-json\/wp\/v2\/users\/9"}],"replies":[{"embeddable":true,"href":"https:\/\/aldiachaco.com.ar\/index.php\/wp-json\/wp\/v2\/comments?post=117265"}],"version-history":[{"count":1,"href":"https:\/\/aldiachaco.com.ar\/index.php\/wp-json\/wp\/v2\/posts\/117265\/revisions"}],"predecessor-version":[{"id":117267,"href":"https:\/\/aldiachaco.com.ar\/index.php\/wp-json\/wp\/v2\/posts\/117265\/revisions\/117267"}],"wp:featuredmedia":[{"embeddable":true,"href":"https:\/\/aldiachaco.com.ar\/index.php\/wp-json\/wp\/v2\/media\/117266"}],"wp:attachment":[{"href":"https:\/\/aldiachaco.com.ar\/index.php\/wp-json\/wp\/v2\/media?parent=117265"}],"wp:term":[{"taxonomy":"category","embeddable":true,"href":"https:\/\/aldiachaco.com.ar\/index.php\/wp-json\/wp\/v2\/categories?post=117265"},{"taxonomy":"post_tag","embeddable":true,"href":"https:\/\/aldiachaco.com.ar\/index.php\/wp-json\/wp\/v2\/tags?post=117265"}],"curies":[{"name":"wp","href":"https:\/\/api.w.org\/{rel}","templated":true}]}}