{"id":117262,"date":"2026-02-24T10:54:40","date_gmt":"2026-02-24T13:54:40","guid":{"rendered":"https:\/\/aldiachaco.com.ar\/?p=117262"},"modified":"2026-02-24T10:54:40","modified_gmt":"2026-02-24T13:54:40","slug":"vuelve-a-aumentar-el-peaje-en-el-puente-belgrano-y-makalle-la-categoria-mas-baja-costara-1500","status":"publish","type":"post","link":"https:\/\/aldiachaco.com.ar\/index.php\/2026\/02\/24\/vuelve-a-aumentar-el-peaje-en-el-puente-belgrano-y-makalle-la-categoria-mas-baja-costara-1500\/","title":{"rendered":"Vuelve a aumentar el peaje en el puente Belgrano y Makall\u00e9: la categor\u00eda m\u00e1s baja costar\u00e1 $1500"},"content":{"rendered":"<p class=\"ds-markdown-paragraph\">Vialidad Nacional confirm\u00f3 este martes un nuevo incremento en las tarifas de peaje para los tramos I al X operados por Corredores Viales S.A., que incluyen las estaciones del Puente General Belgrano y Makall\u00e9 en la provincia del Chaco. El aumento, del 15% promedio, entrar\u00e1 en vigencia desde este jueves 26 de febrero a las 0 horas.<\/p>\n<p class=\"ds-markdown-paragraph\"><strong>El segundo aumento en dos meses<\/strong><\/p>\n<p class=\"ds-markdown-paragraph\">Esta es la segunda suba implementada por la concesionaria en los \u00faltimos dos meses. El 27 de diciembre de 2025, el costo para cruzar el puente interprovincial Chaco-Corrientes en auto pas\u00f3 de $1000 a $1300. Ahora, ese valor llegar\u00e1 a $1500, acumulando un incremento del 50% en menos de 60 d\u00edas.<\/p>\n<p class=\"ds-markdown-paragraph\">El organismo nacional inform\u00f3 que el incremento se da luego de un proceso de participaci\u00f3n ciudadana que se desarroll\u00f3 desde el 14 de enero hasta el 5 de febrero de 2026, donde los interesados pudieron conocer el proyecto y realizar presentaciones formales.<\/p>\n<p class=\"ds-markdown-paragraph\"><strong>Los nuevos valores por categor\u00eda<\/strong><\/p>\n<p class=\"ds-markdown-paragraph\">A partir del jueves, las tarifas quedar\u00e1n de la siguiente manera:<\/p>\n<ul>\n<li>\n<p class=\"ds-markdown-paragraph\"><strong>Categor\u00eda 1:<\/strong>\u00a0$1500 (veh\u00edculos livianos de 2 ejes y hasta 2,10 m de altura: autos, pick-ups, utilitarios, camionetas sin remolque).<\/p>\n<\/li>\n<li>\n<p class=\"ds-markdown-paragraph\"><strong>Categor\u00eda 2:<\/strong>\u00a0$3000 (veh\u00edculos de 2 ejes y m\u00e1s de 2,10 m de altura: combies, minibuses, utilitarios altos).<\/p>\n<\/li>\n<li>\n<p class=\"ds-markdown-paragraph\"><strong>Categor\u00eda 3:<\/strong>\u00a0$4500 (veh\u00edculos de 3 ejes: camiones o buses peque\u00f1os).<\/p>\n<\/li>\n<li>\n<p class=\"ds-markdown-paragraph\"><strong>Categor\u00eda 4:<\/strong>\u00a0$6000 (veh\u00edculos de 4 ejes: camiones medianos, \u00f3mnibus de larga distancia).<\/p>\n<\/li>\n<li>\n<p class=\"ds-markdown-paragraph\"><strong>Categor\u00eda 5:<\/strong>\u00a0$7500 (veh\u00edculos de 5 o m\u00e1s ejes: camiones pesados con acoplado o semirremolque).<\/p>\n<\/li>\n<\/ul>\n<p class=\"ds-markdown-paragraph\"><strong>Recomendaciones<\/strong><\/p>\n<p class=\"ds-markdown-paragraph\">Desde Vialidad Nacional alientan el uso del sistema TelePASE, que permite agilizar el cobro y reducir los tiempos de viaje para los usuarios.<\/p>\n<p class=\"ds-markdown-paragraph\">Las nuevas tarifas alcanzan a las estaciones de peaje emplazadas en los tramos del I al X de Corredores Viales S.A., entre los cuales se encuentran la autopista Riccheri, Ezeiza-Ca\u00f1uelas, Buenos Aires-Rosario y Rosario-C\u00f3rdoba, incluyendo distintos tramos de las rutas 3, 205, 5, 7, 8, 9 y 12, entre otras.<\/p>\n","protected":false},"excerpt":{"rendered":"<p>Vialidad Nacional confirm\u00f3 este martes un nuevo incremento en las tarifas de peaje para los tramos I al X operados por Corredores Viales S.A., que incluyen las estaciones del Puente General Belgrano y Makall\u00e9 en la provincia del Chaco. El aumento, del 15% promedio, entrar\u00e1 en vigencia desde este jueves 26 de febrero a las &hellip;<\/p>\n","protected":false},"author":9,"featured_media":117263,"comment_status":"open","ping_status":"open","sticky":false,"template":"","format":"standard","meta":{"content-type":"","_monsterinsights_skip_tracking":false,"_monsterinsights_sitenote_active":false,"_monsterinsights_sitenote_note":"","_monsterinsights_sitenote_category":0,"_jetpack_memberships_contains_paid_content":false,"footnotes":"","jetpack_publicize_message":"","jetpack_publicize_feature_enabled":true,"jetpack_social_post_already_shared":true,"jetpack_social_options":{"image_generator_settings":{"template":"highway","default_image_id":0,"font":"","enabled":false},"version":2}},"categories":[65],"tags":[],"class_list":["post-117262","post","type-post","status-publish","format-standard","has-post-thumbnail","hentry","category-economia"],"yoast_head":"<!-- This site is optimized with the Yoast SEO plugin v27.4 - https:\/\/yoast.com\/product\/yoast-seo-wordpress\/ -->\n<title>Vuelve a aumentar el peaje en el puente Belgrano y Makall\u00e9: la categor\u00eda m\u00e1s baja costar\u00e1 $1500 | Al Dia Chaco<\/title>\n<meta name=\"robots\" content=\"index, follow, max-snippet:-1, max-image-preview:large, max-video-preview:-1\" \/>\n<link rel=\"canonical\" href=\"https:\/\/aldiachaco.com.ar\/index.php\/2026\/02\/24\/vuelve-a-aumentar-el-peaje-en-el-puente-belgrano-y-makalle-la-categoria-mas-baja-costara-1500\/\" \/>\n<meta property=\"og:locale\" content=\"es_ES\" \/>\n<meta property=\"og:type\" content=\"article\" \/>\n<meta property=\"og:title\" content=\"Vuelve a aumentar el peaje en el puente Belgrano y Makall\u00e9: la categor\u00eda m\u00e1s baja costar\u00e1 $1500 | Al Dia Chaco\" \/>\n<meta property=\"og:description\" content=\"Vialidad Nacional confirm\u00f3 este martes un nuevo incremento en las tarifas de peaje para los tramos I al X operados por Corredores Viales S.A., que incluyen las estaciones del Puente General Belgrano y Makall\u00e9 en la provincia del Chaco. El aumento, del 15% promedio, entrar\u00e1 en vigencia desde este jueves 26 de febrero a las &hellip;\" \/>\n<meta property=\"og:url\" content=\"https:\/\/aldiachaco.com.ar\/index.php\/2026\/02\/24\/vuelve-a-aumentar-el-peaje-en-el-puente-belgrano-y-makalle-la-categoria-mas-baja-costara-1500\/\" \/>\n<meta property=\"og:site_name\" content=\"Al Dia Chaco\" \/>\n<meta property=\"article:published_time\" content=\"2026-02-24T13:54:40+00:00\" \/>\n<meta property=\"og:image\" content=\"https:\/\/aldiachaco.com.ar\/wp-content\/uploads\/2026\/02\/2402peaje.jpg\" \/>\n\t<meta property=\"og:image:width\" content=\"800\" \/>\n\t<meta property=\"og:image:height\" content=\"600\" \/>\n\t<meta property=\"og:image:type\" content=\"image\/jpeg\" \/>\n<meta name=\"author\" content=\"RedaccionRM\" \/>\n<meta name=\"twitter:card\" content=\"summary_large_image\" \/>\n<meta name=\"twitter:label1\" content=\"Escrito por\" \/>\n\t<meta name=\"twitter:data1\" content=\"RedaccionRM\" \/>\n\t<meta name=\"twitter:label2\" content=\"Tiempo de lectura\" \/>\n\t<meta name=\"twitter:data2\" content=\"2 minutos\" \/>\n<script type=\"application\/ld+json\" class=\"yoast-schema-graph\">{\"@context\":\"https:\\\/\\\/schema.org\",\"@graph\":[{\"@type\":\"Article\",\"@id\":\"https:\\\/\\\/aldiachaco.com.ar\\\/index.php\\\/2026\\\/02\\\/24\\\/vuelve-a-aumentar-el-peaje-en-el-puente-belgrano-y-makalle-la-categoria-mas-baja-costara-1500\\\/#article\",\"isPartOf\":{\"@id\":\"https:\\\/\\\/aldiachaco.com.ar\\\/index.php\\\/2026\\\/02\\\/24\\\/vuelve-a-aumentar-el-peaje-en-el-puente-belgrano-y-makalle-la-categoria-mas-baja-costara-1500\\\/\"},\"author\":{\"name\":\"RedaccionRM\",\"@id\":\"https:\\\/\\\/aldiachaco.com.ar\\\/#\\\/schema\\\/person\\\/b24e975af8022082f5889a7a7299e962\"},\"headline\":\"Vuelve a aumentar el peaje en el puente Belgrano y Makall\u00e9: la categor\u00eda m\u00e1s baja costar\u00e1 $1500\",\"datePublished\":\"2026-02-24T13:54:40+00:00\",\"mainEntityOfPage\":{\"@id\":\"https:\\\/\\\/aldiachaco.com.ar\\\/index.php\\\/2026\\\/02\\\/24\\\/vuelve-a-aumentar-el-peaje-en-el-puente-belgrano-y-makalle-la-categoria-mas-baja-costara-1500\\\/\"},\"wordCount\":325,\"commentCount\":0,\"publisher\":{\"@id\":\"https:\\\/\\\/aldiachaco.com.ar\\\/#organization\"},\"image\":{\"@id\":\"https:\\\/\\\/aldiachaco.com.ar\\\/index.php\\\/2026\\\/02\\\/24\\\/vuelve-a-aumentar-el-peaje-en-el-puente-belgrano-y-makalle-la-categoria-mas-baja-costara-1500\\\/#primaryimage\"},\"thumbnailUrl\":\"https:\\\/\\\/aldiachaco.com.ar\\\/wp-content\\\/uploads\\\/2026\\\/02\\\/2402peaje.jpg\",\"articleSection\":[\"Econom\u00eda\"],\"inLanguage\":\"es-AR\",\"potentialAction\":[{\"@type\":\"CommentAction\",\"name\":\"Comment\",\"target\":[\"https:\\\/\\\/aldiachaco.com.ar\\\/index.php\\\/2026\\\/02\\\/24\\\/vuelve-a-aumentar-el-peaje-en-el-puente-belgrano-y-makalle-la-categoria-mas-baja-costara-1500\\\/#respond\"]}]},{\"@type\":\"WebPage\",\"@id\":\"https:\\\/\\\/aldiachaco.com.ar\\\/index.php\\\/2026\\\/02\\\/24\\\/vuelve-a-aumentar-el-peaje-en-el-puente-belgrano-y-makalle-la-categoria-mas-baja-costara-1500\\\/\",\"url\":\"https:\\\/\\\/aldiachaco.com.ar\\\/index.php\\\/2026\\\/02\\\/24\\\/vuelve-a-aumentar-el-peaje-en-el-puente-belgrano-y-makalle-la-categoria-mas-baja-costara-1500\\\/\",\"name\":\"Vuelve a aumentar el peaje en el puente Belgrano y Makall\u00e9: la categor\u00eda m\u00e1s baja costar\u00e1 $1500 | Al Dia Chaco\",\"isPartOf\":{\"@id\":\"https:\\\/\\\/aldiachaco.com.ar\\\/#website\"},\"primaryImageOfPage\":{\"@id\":\"https:\\\/\\\/aldiachaco.com.ar\\\/index.php\\\/2026\\\/02\\\/24\\\/vuelve-a-aumentar-el-peaje-en-el-puente-belgrano-y-makalle-la-categoria-mas-baja-costara-1500\\\/#primaryimage\"},\"image\":{\"@id\":\"https:\\\/\\\/aldiachaco.com.ar\\\/index.php\\\/2026\\\/02\\\/24\\\/vuelve-a-aumentar-el-peaje-en-el-puente-belgrano-y-makalle-la-categoria-mas-baja-costara-1500\\\/#primaryimage\"},\"thumbnailUrl\":\"https:\\\/\\\/aldiachaco.com.ar\\\/wp-content\\\/uploads\\\/2026\\\/02\\\/2402peaje.jpg\",\"datePublished\":\"2026-02-24T13:54:40+00:00\",\"breadcrumb\":{\"@id\":\"https:\\\/\\\/aldiachaco.com.ar\\\/index.php\\\/2026\\\/02\\\/24\\\/vuelve-a-aumentar-el-peaje-en-el-puente-belgrano-y-makalle-la-categoria-mas-baja-costara-1500\\\/#breadcrumb\"},\"inLanguage\":\"es-AR\",\"potentialAction\":[{\"@type\":\"ReadAction\",\"target\":[\"https:\\\/\\\/aldiachaco.com.ar\\\/index.php\\\/2026\\\/02\\\/24\\\/vuelve-a-aumentar-el-peaje-en-el-puente-belgrano-y-makalle-la-categoria-mas-baja-costara-1500\\\/\"]}]},{\"@type\":\"ImageObject\",\"inLanguage\":\"es-AR\",\"@id\":\"https:\\\/\\\/aldiachaco.com.ar\\\/index.php\\\/2026\\\/02\\\/24\\\/vuelve-a-aumentar-el-peaje-en-el-puente-belgrano-y-makalle-la-categoria-mas-baja-costara-1500\\\/#primaryimage\",\"url\":\"https:\\\/\\\/aldiachaco.com.ar\\\/wp-content\\\/uploads\\\/2026\\\/02\\\/2402peaje.jpg\",\"contentUrl\":\"https:\\\/\\\/aldiachaco.com.ar\\\/wp-content\\\/uploads\\\/2026\\\/02\\\/2402peaje.jpg\",\"width\":800,\"height\":600},{\"@type\":\"BreadcrumbList\",\"@id\":\"https:\\\/\\\/aldiachaco.com.ar\\\/index.php\\\/2026\\\/02\\\/24\\\/vuelve-a-aumentar-el-peaje-en-el-puente-belgrano-y-makalle-la-categoria-mas-baja-costara-1500\\\/#breadcrumb\",\"itemListElement\":[{\"@type\":\"ListItem\",\"position\":1,\"name\":\"Home\",\"item\":\"https:\\\/\\\/aldiachaco.com.ar\\\/\"},{\"@type\":\"ListItem\",\"position\":2,\"name\":\"Vuelve a aumentar el peaje en el puente Belgrano y Makall\u00e9: la categor\u00eda m\u00e1s baja costar\u00e1 $1500\"}]},{\"@type\":\"WebSite\",\"@id\":\"https:\\\/\\\/aldiachaco.com.ar\\\/#website\",\"url\":\"https:\\\/\\\/aldiachaco.com.ar\\\/\",\"name\":\"Al Dia Chaco\",\"description\":\"Noticias del Chaco y el mundo\",\"publisher\":{\"@id\":\"https:\\\/\\\/aldiachaco.com.ar\\\/#organization\"},\"alternateName\":\"Al D\u00eda Chaco\",\"potentialAction\":[{\"@type\":\"SearchAction\",\"target\":{\"@type\":\"EntryPoint\",\"urlTemplate\":\"https:\\\/\\\/aldiachaco.com.ar\\\/?s={search_term_string}\"},\"query-input\":{\"@type\":\"PropertyValueSpecification\",\"valueRequired\":true,\"valueName\":\"search_term_string\"}}],\"inLanguage\":\"es-AR\"},{\"@type\":\"Organization\",\"@id\":\"https:\\\/\\\/aldiachaco.com.ar\\\/#organization\",\"name\":\"Al Dia Chaco\",\"url\":\"https:\\\/\\\/aldiachaco.com.ar\\\/\",\"logo\":{\"@type\":\"ImageObject\",\"inLanguage\":\"es-AR\",\"@id\":\"https:\\\/\\\/aldiachaco.com.ar\\\/#\\\/schema\\\/logo\\\/image\\\/\",\"url\":\"https:\\\/\\\/aldiachaco.com.ar\\\/wp-content\\\/uploads\\\/2017\\\/11\\\/AL-DIA-CHACO-L@2x.png\",\"contentUrl\":\"https:\\\/\\\/aldiachaco.com.ar\\\/wp-content\\\/uploads\\\/2017\\\/11\\\/AL-DIA-CHACO-L@2x.png\",\"width\":232,\"height\":60,\"caption\":\"Al Dia Chaco\"},\"image\":{\"@id\":\"https:\\\/\\\/aldiachaco.com.ar\\\/#\\\/schema\\\/logo\\\/image\\\/\"}},{\"@type\":\"Person\",\"@id\":\"https:\\\/\\\/aldiachaco.com.ar\\\/#\\\/schema\\\/person\\\/b24e975af8022082f5889a7a7299e962\",\"name\":\"RedaccionRM\",\"image\":{\"@type\":\"ImageObject\",\"inLanguage\":\"es-AR\",\"@id\":\"https:\\\/\\\/aldiachaco.com.ar\\\/wp-content\\\/litespeed\\\/avatar\\\/a30118fcb7a6295303f1c91164c6aba1.jpg?ver=1777339088\",\"url\":\"https:\\\/\\\/aldiachaco.com.ar\\\/wp-content\\\/litespeed\\\/avatar\\\/a30118fcb7a6295303f1c91164c6aba1.jpg?ver=1777339088\",\"contentUrl\":\"https:\\\/\\\/aldiachaco.com.ar\\\/wp-content\\\/litespeed\\\/avatar\\\/a30118fcb7a6295303f1c91164c6aba1.jpg?ver=1777339088\",\"caption\":\"RedaccionRM\"},\"url\":\"https:\\\/\\\/aldiachaco.com.ar\\\/index.php\\\/author\\\/redaccionrm\\\/\"}]}<\/script>\n<!-- \/ Yoast SEO plugin. -->","yoast_head_json":{"title":"Vuelve a aumentar el peaje en el puente Belgrano y Makall\u00e9: la categor\u00eda m\u00e1s baja costar\u00e1 $1500 | Al Dia Chaco","robots":{"index":"index","follow":"follow","max-snippet":"max-snippet:-1","max-image-preview":"max-image-preview:large","max-video-preview":"max-video-preview:-1"},"canonical":"https:\/\/aldiachaco.com.ar\/index.php\/2026\/02\/24\/vuelve-a-aumentar-el-peaje-en-el-puente-belgrano-y-makalle-la-categoria-mas-baja-costara-1500\/","og_locale":"es_ES","og_type":"article","og_title":"Vuelve a aumentar el peaje en el puente Belgrano y Makall\u00e9: la categor\u00eda m\u00e1s baja costar\u00e1 $1500 | Al Dia Chaco","og_description":"Vialidad Nacional confirm\u00f3 este martes un nuevo incremento en las tarifas de peaje para los tramos I al X operados por Corredores Viales S.A., que incluyen las estaciones del Puente General Belgrano y Makall\u00e9 en la provincia del Chaco. El aumento, del 15% promedio, entrar\u00e1 en vigencia desde este jueves 26 de febrero a las &hellip;","og_url":"https:\/\/aldiachaco.com.ar\/index.php\/2026\/02\/24\/vuelve-a-aumentar-el-peaje-en-el-puente-belgrano-y-makalle-la-categoria-mas-baja-costara-1500\/","og_site_name":"Al Dia Chaco","article_published_time":"2026-02-24T13:54:40+00:00","og_image":[{"width":800,"height":600,"url":"https:\/\/aldiachaco.com.ar\/wp-content\/uploads\/2026\/02\/2402peaje.jpg","type":"image\/jpeg"}],"author":"RedaccionRM","twitter_card":"summary_large_image","twitter_misc":{"Escrito por":"RedaccionRM","Tiempo de lectura":"2 minutos"},"schema":{"@context":"https:\/\/schema.org","@graph":[{"@type":"Article","@id":"https:\/\/aldiachaco.com.ar\/index.php\/2026\/02\/24\/vuelve-a-aumentar-el-peaje-en-el-puente-belgrano-y-makalle-la-categoria-mas-baja-costara-1500\/#article","isPartOf":{"@id":"https:\/\/aldiachaco.com.ar\/index.php\/2026\/02\/24\/vuelve-a-aumentar-el-peaje-en-el-puente-belgrano-y-makalle-la-categoria-mas-baja-costara-1500\/"},"author":{"name":"RedaccionRM","@id":"https:\/\/aldiachaco.com.ar\/#\/schema\/person\/b24e975af8022082f5889a7a7299e962"},"headline":"Vuelve a aumentar el peaje en el puente Belgrano y Makall\u00e9: la categor\u00eda m\u00e1s baja costar\u00e1 $1500","datePublished":"2026-02-24T13:54:40+00:00","mainEntityOfPage":{"@id":"https:\/\/aldiachaco.com.ar\/index.php\/2026\/02\/24\/vuelve-a-aumentar-el-peaje-en-el-puente-belgrano-y-makalle-la-categoria-mas-baja-costara-1500\/"},"wordCount":325,"commentCount":0,"publisher":{"@id":"https:\/\/aldiachaco.com.ar\/#organization"},"image":{"@id":"https:\/\/aldiachaco.com.ar\/index.php\/2026\/02\/24\/vuelve-a-aumentar-el-peaje-en-el-puente-belgrano-y-makalle-la-categoria-mas-baja-costara-1500\/#primaryimage"},"thumbnailUrl":"https:\/\/aldiachaco.com.ar\/wp-content\/uploads\/2026\/02\/2402peaje.jpg","articleSection":["Econom\u00eda"],"inLanguage":"es-AR","potentialAction":[{"@type":"CommentAction","name":"Comment","target":["https:\/\/aldiachaco.com.ar\/index.php\/2026\/02\/24\/vuelve-a-aumentar-el-peaje-en-el-puente-belgrano-y-makalle-la-categoria-mas-baja-costara-1500\/#respond"]}]},{"@type":"WebPage","@id":"https:\/\/aldiachaco.com.ar\/index.php\/2026\/02\/24\/vuelve-a-aumentar-el-peaje-en-el-puente-belgrano-y-makalle-la-categoria-mas-baja-costara-1500\/","url":"https:\/\/aldiachaco.com.ar\/index.php\/2026\/02\/24\/vuelve-a-aumentar-el-peaje-en-el-puente-belgrano-y-makalle-la-categoria-mas-baja-costara-1500\/","name":"Vuelve a aumentar el peaje en el puente Belgrano y Makall\u00e9: la categor\u00eda m\u00e1s baja costar\u00e1 $1500 | Al Dia Chaco","isPartOf":{"@id":"https:\/\/aldiachaco.com.ar\/#website"},"primaryImageOfPage":{"@id":"https:\/\/aldiachaco.com.ar\/index.php\/2026\/02\/24\/vuelve-a-aumentar-el-peaje-en-el-puente-belgrano-y-makalle-la-categoria-mas-baja-costara-1500\/#primaryimage"},"image":{"@id":"https:\/\/aldiachaco.com.ar\/index.php\/2026\/02\/24\/vuelve-a-aumentar-el-peaje-en-el-puente-belgrano-y-makalle-la-categoria-mas-baja-costara-1500\/#primaryimage"},"thumbnailUrl":"https:\/\/aldiachaco.com.ar\/wp-content\/uploads\/2026\/02\/2402peaje.jpg","datePublished":"2026-02-24T13:54:40+00:00","breadcrumb":{"@id":"https:\/\/aldiachaco.com.ar\/index.php\/2026\/02\/24\/vuelve-a-aumentar-el-peaje-en-el-puente-belgrano-y-makalle-la-categoria-mas-baja-costara-1500\/#breadcrumb"},"inLanguage":"es-AR","potentialAction":[{"@type":"ReadAction","target":["https:\/\/aldiachaco.com.ar\/index.php\/2026\/02\/24\/vuelve-a-aumentar-el-peaje-en-el-puente-belgrano-y-makalle-la-categoria-mas-baja-costara-1500\/"]}]},{"@type":"ImageObject","inLanguage":"es-AR","@id":"https:\/\/aldiachaco.com.ar\/index.php\/2026\/02\/24\/vuelve-a-aumentar-el-peaje-en-el-puente-belgrano-y-makalle-la-categoria-mas-baja-costara-1500\/#primaryimage","url":"https:\/\/aldiachaco.com.ar\/wp-content\/uploads\/2026\/02\/2402peaje.jpg","contentUrl":"https:\/\/aldiachaco.com.ar\/wp-content\/uploads\/2026\/02\/2402peaje.jpg","width":800,"height":600},{"@type":"BreadcrumbList","@id":"https:\/\/aldiachaco.com.ar\/index.php\/2026\/02\/24\/vuelve-a-aumentar-el-peaje-en-el-puente-belgrano-y-makalle-la-categoria-mas-baja-costara-1500\/#breadcrumb","itemListElement":[{"@type":"ListItem","position":1,"name":"Home","item":"https:\/\/aldiachaco.com.ar\/"},{"@type":"ListItem","position":2,"name":"Vuelve a aumentar el peaje en el puente Belgrano y Makall\u00e9: la categor\u00eda m\u00e1s baja costar\u00e1 $1500"}]},{"@type":"WebSite","@id":"https:\/\/aldiachaco.com.ar\/#website","url":"https:\/\/aldiachaco.com.ar\/","name":"Al Dia Chaco","description":"Noticias del Chaco y el mundo","publisher":{"@id":"https:\/\/aldiachaco.com.ar\/#organization"},"alternateName":"Al D\u00eda Chaco","potentialAction":[{"@type":"SearchAction","target":{"@type":"EntryPoint","urlTemplate":"https:\/\/aldiachaco.com.ar\/?s={search_term_string}"},"query-input":{"@type":"PropertyValueSpecification","valueRequired":true,"valueName":"search_term_string"}}],"inLanguage":"es-AR"},{"@type":"Organization","@id":"https:\/\/aldiachaco.com.ar\/#organization","name":"Al Dia Chaco","url":"https:\/\/aldiachaco.com.ar\/","logo":{"@type":"ImageObject","inLanguage":"es-AR","@id":"https:\/\/aldiachaco.com.ar\/#\/schema\/logo\/image\/","url":"https:\/\/aldiachaco.com.ar\/wp-content\/uploads\/2017\/11\/AL-DIA-CHACO-L@2x.png","contentUrl":"https:\/\/aldiachaco.com.ar\/wp-content\/uploads\/2017\/11\/AL-DIA-CHACO-L@2x.png","width":232,"height":60,"caption":"Al Dia Chaco"},"image":{"@id":"https:\/\/aldiachaco.com.ar\/#\/schema\/logo\/image\/"}},{"@type":"Person","@id":"https:\/\/aldiachaco.com.ar\/#\/schema\/person\/b24e975af8022082f5889a7a7299e962","name":"RedaccionRM","image":{"@type":"ImageObject","inLanguage":"es-AR","@id":"https:\/\/aldiachaco.com.ar\/wp-content\/litespeed\/avatar\/a30118fcb7a6295303f1c91164c6aba1.jpg?ver=1777339088","url":"https:\/\/aldiachaco.com.ar\/wp-content\/litespeed\/avatar\/a30118fcb7a6295303f1c91164c6aba1.jpg?ver=1777339088","contentUrl":"https:\/\/aldiachaco.com.ar\/wp-content\/litespeed\/avatar\/a30118fcb7a6295303f1c91164c6aba1.jpg?ver=1777339088","caption":"RedaccionRM"},"url":"https:\/\/aldiachaco.com.ar\/index.php\/author\/redaccionrm\/"}]}},"jetpack_publicize_connections":[],"jetpack_featured_media_url":"https:\/\/aldiachaco.com.ar\/wp-content\/uploads\/2026\/02\/2402peaje.jpg","jetpack_sharing_enabled":true,"amp_enabled":true,"_links":{"self":[{"href":"https:\/\/aldiachaco.com.ar\/index.php\/wp-json\/wp\/v2\/posts\/117262","targetHints":{"allow":["GET"]}}],"collection":[{"href":"https:\/\/aldiachaco.com.ar\/index.php\/wp-json\/wp\/v2\/posts"}],"about":[{"href":"https:\/\/aldiachaco.com.ar\/index.php\/wp-json\/wp\/v2\/types\/post"}],"author":[{"embeddable":true,"href":"https:\/\/aldiachaco.com.ar\/index.php\/wp-json\/wp\/v2\/users\/9"}],"replies":[{"embeddable":true,"href":"https:\/\/aldiachaco.com.ar\/index.php\/wp-json\/wp\/v2\/comments?post=117262"}],"version-history":[{"count":1,"href":"https:\/\/aldiachaco.com.ar\/index.php\/wp-json\/wp\/v2\/posts\/117262\/revisions"}],"predecessor-version":[{"id":117264,"href":"https:\/\/aldiachaco.com.ar\/index.php\/wp-json\/wp\/v2\/posts\/117262\/revisions\/117264"}],"wp:featuredmedia":[{"embeddable":true,"href":"https:\/\/aldiachaco.com.ar\/index.php\/wp-json\/wp\/v2\/media\/117263"}],"wp:attachment":[{"href":"https:\/\/aldiachaco.com.ar\/index.php\/wp-json\/wp\/v2\/media?parent=117262"}],"wp:term":[{"taxonomy":"category","embeddable":true,"href":"https:\/\/aldiachaco.com.ar\/index.php\/wp-json\/wp\/v2\/categories?post=117262"},{"taxonomy":"post_tag","embeddable":true,"href":"https:\/\/aldiachaco.com.ar\/index.php\/wp-json\/wp\/v2\/tags?post=117262"}],"curies":[{"name":"wp","href":"https:\/\/api.w.org\/{rel}","templated":true}]}}