{"id":117256,"date":"2026-02-24T10:27:23","date_gmt":"2026-02-24T13:27:23","guid":{"rendered":"https:\/\/aldiachaco.com.ar\/?p=117256"},"modified":"2026-02-24T10:27:23","modified_gmt":"2026-02-24T13:27:23","slug":"intec-chaco-financiara-iniciativas-tecnologicas-con-impacto-productivo-en-la-provincia","status":"publish","type":"post","link":"https:\/\/aldiachaco.com.ar\/index.php\/2026\/02\/24\/intec-chaco-financiara-iniciativas-tecnologicas-con-impacto-productivo-en-la-provincia\/","title":{"rendered":"INTEC Chaco financiar\u00e1 iniciativas tecnol\u00f3gicas con impacto productivo en la provincia"},"content":{"rendered":"<p class=\"ds-markdown-paragraph\">El Gobierno provincial, a trav\u00e9s del Instituto Chaque\u00f1o de Ciencia, Tecnolog\u00eda e Innovaci\u00f3n (ICCTI), lanz\u00f3 el programa Innovaci\u00f3n Tecnol\u00f3gica Chaco (INTEC Chaco), una iniciativa destinada a acompa\u00f1ar a empresas que inviertan en proyectos de innovaci\u00f3n tecnol\u00f3gica, con el objetivo de fortalecer la competitividad y el desarrollo productivo en la provincia.<\/p>\n<p class=\"ds-markdown-paragraph\">La convocatoria estar\u00e1 abierta desde el 23 de febrero hasta el 15 de abril de 2026. La presentaci\u00f3n del programa se realiz\u00f3 en el auditorio del Nuevo Banco del Chaco, con la participaci\u00f3n de autoridades provinciales, entre ellas el secretario de Coordinaci\u00f3n de Gabinete, Livio Guti\u00e9rrez; la presidenta del ICCTI, Delfina Veirav\u00e9; y el vicepresidente del organismo, Alejandro Gorodner, adem\u00e1s de empresarios y representantes del sector productivo y del sistema cient\u00edfico-tecnol\u00f3gico.<\/p>\n<p class=\"ds-markdown-paragraph\">El programa se enmarca en uno de los ejes de trabajo del ICCTI vinculado al financiamiento de proyectos que promuevan la innovaci\u00f3n tecnol\u00f3gica como motor para mejorar la productividad, el desarrollo y la sustentabilidad de la provincia.<\/p>\n<p class=\"ds-markdown-paragraph\"><strong>Financiamiento y sectores estrat\u00e9gicos<\/strong><\/p>\n<p class=\"ds-markdown-paragraph\">Cada iniciativa podr\u00e1 acceder a un financiamiento de entre 10 y 30 millones de pesos, con el objetivo de impulsar propuestas con impacto y un grado de innovaci\u00f3n relevante para el territorio.<\/p>\n<p class=\"ds-markdown-paragraph\">La convocatoria priorizar\u00e1 proyectos en sectores estrat\u00e9gicos:<\/p>\n<ul>\n<li>\n<p class=\"ds-markdown-paragraph\"><strong>Salud y Ambiente:<\/strong>\u00a0iniciativas vinculadas a HealthTech, CleanTech, bioinform\u00e1tica y desarrollos para el diagn\u00f3stico, tratamiento y prevenci\u00f3n de enfermedades end\u00e9micas.<\/p>\n<\/li>\n<li>\n<p class=\"ds-markdown-paragraph\"><strong>Econom\u00eda del Conocimiento:<\/strong>\u00a0software, servicios inform\u00e1ticos, inteligencia artificial, internet de las cosas, automatizaci\u00f3n, rob\u00f3tica, industria 4.0, nanotecnolog\u00eda, biotecnolog\u00eda y servicios de ingenier\u00eda e I+D.<\/p>\n<\/li>\n<li>\n<p class=\"ds-markdown-paragraph\"><strong>Agroindustria:<\/strong>\u00a0con foco en los sectores algodonero-textil, foresto-industrial, granos y oleaginosas, ganadero-c\u00e1rnico, frutihort\u00edcola, alimentos y bebidas.<\/p>\n<\/li>\n<\/ul>\n<p class=\"ds-markdown-paragraph\"><strong>Objetivos del programa<\/strong><\/p>\n<p class=\"ds-markdown-paragraph\">A trav\u00e9s de INTEC Chaco se busca impulsar iniciativas que mejoren la competitividad de las empresas mediante la incorporaci\u00f3n de tecnolog\u00eda, con potencial de comercializaci\u00f3n y exportaci\u00f3n, y que promuevan la generaci\u00f3n de empleo a partir del desarrollo de nuevos productos y servicios.<\/p>\n<p class=\"ds-markdown-paragraph\">Adem\u00e1s, el programa apunta a fortalecer la transferencia de conocimiento y la articulaci\u00f3n entre investigadores, el sector privado y el Estado, consolidando un ecosistema cient\u00edfico-tecnol\u00f3gico que contribuya al desarrollo socioecon\u00f3mico provincial.<\/p>\n<p class=\"ds-markdown-paragraph\"><strong>Plazos de la convocatoria<\/strong><\/p>\n<p class=\"ds-markdown-paragraph\">La convocatoria permanecer\u00e1 abierta desde este lunes 23 de febrero hasta el mi\u00e9rcoles 15 de abril de 2026. Los proyectos seleccionados deber\u00e1n ejecutarse en un plazo m\u00e1ximo de 12 meses, de acuerdo con las condiciones establecidas por el programa.<\/p>\n<p class=\"ds-markdown-paragraph\">Las empresas interesadas pueden consultar m\u00e1s informaci\u00f3n, requisitos y condiciones de postulaci\u00f3n en el sitio oficial del ICCTI.<\/p>\n","protected":false},"excerpt":{"rendered":"<p>El Gobierno provincial, a trav\u00e9s del Instituto Chaque\u00f1o de Ciencia, Tecnolog\u00eda e Innovaci\u00f3n (ICCTI), lanz\u00f3 el programa Innovaci\u00f3n Tecnol\u00f3gica Chaco (INTEC Chaco), una iniciativa destinada a acompa\u00f1ar a empresas que inviertan en proyectos de innovaci\u00f3n tecnol\u00f3gica, con el objetivo de fortalecer la competitividad y el desarrollo productivo en la provincia. La convocatoria estar\u00e1 abierta desde &hellip;<\/p>\n","protected":false},"author":9,"featured_media":117257,"comment_status":"open","ping_status":"open","sticky":false,"template":"","format":"standard","meta":{"content-type":"","_monsterinsights_skip_tracking":false,"_monsterinsights_sitenote_active":false,"_monsterinsights_sitenote_note":"","_monsterinsights_sitenote_category":0,"_jetpack_memberships_contains_paid_content":false,"footnotes":"","jetpack_publicize_message":"","jetpack_publicize_feature_enabled":true,"jetpack_social_post_already_shared":true,"jetpack_social_options":{"image_generator_settings":{"template":"highway","default_image_id":0,"font":"","enabled":false},"version":2}},"categories":[198],"tags":[],"class_list":["post-117256","post","type-post","status-publish","format-standard","has-post-thumbnail","hentry","category-actualidad"],"yoast_head":"<!-- This site is optimized with the Yoast SEO plugin v27.4 - https:\/\/yoast.com\/product\/yoast-seo-wordpress\/ -->\n<title>INTEC Chaco financiar\u00e1 iniciativas tecnol\u00f3gicas con impacto productivo en la provincia | Al Dia Chaco<\/title>\n<meta name=\"robots\" content=\"index, follow, max-snippet:-1, max-image-preview:large, max-video-preview:-1\" \/>\n<link rel=\"canonical\" href=\"https:\/\/aldiachaco.com.ar\/index.php\/2026\/02\/24\/intec-chaco-financiara-iniciativas-tecnologicas-con-impacto-productivo-en-la-provincia\/\" \/>\n<meta property=\"og:locale\" content=\"es_ES\" \/>\n<meta property=\"og:type\" content=\"article\" \/>\n<meta property=\"og:title\" content=\"INTEC Chaco financiar\u00e1 iniciativas tecnol\u00f3gicas con impacto productivo en la provincia | Al Dia Chaco\" \/>\n<meta property=\"og:description\" content=\"El Gobierno provincial, a trav\u00e9s del Instituto Chaque\u00f1o de Ciencia, Tecnolog\u00eda e Innovaci\u00f3n (ICCTI), lanz\u00f3 el programa Innovaci\u00f3n Tecnol\u00f3gica Chaco (INTEC Chaco), una iniciativa destinada a acompa\u00f1ar a empresas que inviertan en proyectos de innovaci\u00f3n tecnol\u00f3gica, con el objetivo de fortalecer la competitividad y el desarrollo productivo en la provincia. La convocatoria estar\u00e1 abierta desde &hellip;\" \/>\n<meta property=\"og:url\" content=\"https:\/\/aldiachaco.com.ar\/index.php\/2026\/02\/24\/intec-chaco-financiara-iniciativas-tecnologicas-con-impacto-productivo-en-la-provincia\/\" \/>\n<meta property=\"og:site_name\" content=\"Al Dia Chaco\" \/>\n<meta property=\"article:published_time\" content=\"2026-02-24T13:27:23+00:00\" \/>\n<meta property=\"og:image\" content=\"https:\/\/aldiachaco.com.ar\/wp-content\/uploads\/2026\/02\/WhatsApp-Image-2026-02-24-at-09.55.43.jpeg\" \/>\n\t<meta property=\"og:image:width\" content=\"1596\" \/>\n\t<meta property=\"og:image:height\" content=\"1001\" \/>\n\t<meta property=\"og:image:type\" content=\"image\/jpeg\" \/>\n<meta name=\"author\" content=\"RedaccionRM\" \/>\n<meta name=\"twitter:card\" content=\"summary_large_image\" \/>\n<meta name=\"twitter:label1\" content=\"Escrito por\" \/>\n\t<meta name=\"twitter:data1\" content=\"RedaccionRM\" \/>\n\t<meta name=\"twitter:label2\" content=\"Tiempo de lectura\" \/>\n\t<meta name=\"twitter:data2\" content=\"3 minutos\" \/>\n<script type=\"application\/ld+json\" class=\"yoast-schema-graph\">{\"@context\":\"https:\\\/\\\/schema.org\",\"@graph\":[{\"@type\":\"Article\",\"@id\":\"https:\\\/\\\/aldiachaco.com.ar\\\/index.php\\\/2026\\\/02\\\/24\\\/intec-chaco-financiara-iniciativas-tecnologicas-con-impacto-productivo-en-la-provincia\\\/#article\",\"isPartOf\":{\"@id\":\"https:\\\/\\\/aldiachaco.com.ar\\\/index.php\\\/2026\\\/02\\\/24\\\/intec-chaco-financiara-iniciativas-tecnologicas-con-impacto-productivo-en-la-provincia\\\/\"},\"author\":{\"name\":\"RedaccionRM\",\"@id\":\"https:\\\/\\\/aldiachaco.com.ar\\\/#\\\/schema\\\/person\\\/b24e975af8022082f5889a7a7299e962\"},\"headline\":\"INTEC Chaco financiar\u00e1 iniciativas tecnol\u00f3gicas con impacto productivo en la provincia\",\"datePublished\":\"2026-02-24T13:27:23+00:00\",\"mainEntityOfPage\":{\"@id\":\"https:\\\/\\\/aldiachaco.com.ar\\\/index.php\\\/2026\\\/02\\\/24\\\/intec-chaco-financiara-iniciativas-tecnologicas-con-impacto-productivo-en-la-provincia\\\/\"},\"wordCount\":453,\"commentCount\":0,\"publisher\":{\"@id\":\"https:\\\/\\\/aldiachaco.com.ar\\\/#organization\"},\"image\":{\"@id\":\"https:\\\/\\\/aldiachaco.com.ar\\\/index.php\\\/2026\\\/02\\\/24\\\/intec-chaco-financiara-iniciativas-tecnologicas-con-impacto-productivo-en-la-provincia\\\/#primaryimage\"},\"thumbnailUrl\":\"https:\\\/\\\/aldiachaco.com.ar\\\/wp-content\\\/uploads\\\/2026\\\/02\\\/WhatsApp-Image-2026-02-24-at-09.55.43.jpeg\",\"articleSection\":[\"Actualidad\"],\"inLanguage\":\"es-AR\",\"potentialAction\":[{\"@type\":\"CommentAction\",\"name\":\"Comment\",\"target\":[\"https:\\\/\\\/aldiachaco.com.ar\\\/index.php\\\/2026\\\/02\\\/24\\\/intec-chaco-financiara-iniciativas-tecnologicas-con-impacto-productivo-en-la-provincia\\\/#respond\"]}]},{\"@type\":\"WebPage\",\"@id\":\"https:\\\/\\\/aldiachaco.com.ar\\\/index.php\\\/2026\\\/02\\\/24\\\/intec-chaco-financiara-iniciativas-tecnologicas-con-impacto-productivo-en-la-provincia\\\/\",\"url\":\"https:\\\/\\\/aldiachaco.com.ar\\\/index.php\\\/2026\\\/02\\\/24\\\/intec-chaco-financiara-iniciativas-tecnologicas-con-impacto-productivo-en-la-provincia\\\/\",\"name\":\"INTEC Chaco financiar\u00e1 iniciativas tecnol\u00f3gicas con impacto productivo en la provincia | Al Dia Chaco\",\"isPartOf\":{\"@id\":\"https:\\\/\\\/aldiachaco.com.ar\\\/#website\"},\"primaryImageOfPage\":{\"@id\":\"https:\\\/\\\/aldiachaco.com.ar\\\/index.php\\\/2026\\\/02\\\/24\\\/intec-chaco-financiara-iniciativas-tecnologicas-con-impacto-productivo-en-la-provincia\\\/#primaryimage\"},\"image\":{\"@id\":\"https:\\\/\\\/aldiachaco.com.ar\\\/index.php\\\/2026\\\/02\\\/24\\\/intec-chaco-financiara-iniciativas-tecnologicas-con-impacto-productivo-en-la-provincia\\\/#primaryimage\"},\"thumbnailUrl\":\"https:\\\/\\\/aldiachaco.com.ar\\\/wp-content\\\/uploads\\\/2026\\\/02\\\/WhatsApp-Image-2026-02-24-at-09.55.43.jpeg\",\"datePublished\":\"2026-02-24T13:27:23+00:00\",\"breadcrumb\":{\"@id\":\"https:\\\/\\\/aldiachaco.com.ar\\\/index.php\\\/2026\\\/02\\\/24\\\/intec-chaco-financiara-iniciativas-tecnologicas-con-impacto-productivo-en-la-provincia\\\/#breadcrumb\"},\"inLanguage\":\"es-AR\",\"potentialAction\":[{\"@type\":\"ReadAction\",\"target\":[\"https:\\\/\\\/aldiachaco.com.ar\\\/index.php\\\/2026\\\/02\\\/24\\\/intec-chaco-financiara-iniciativas-tecnologicas-con-impacto-productivo-en-la-provincia\\\/\"]}]},{\"@type\":\"ImageObject\",\"inLanguage\":\"es-AR\",\"@id\":\"https:\\\/\\\/aldiachaco.com.ar\\\/index.php\\\/2026\\\/02\\\/24\\\/intec-chaco-financiara-iniciativas-tecnologicas-con-impacto-productivo-en-la-provincia\\\/#primaryimage\",\"url\":\"https:\\\/\\\/aldiachaco.com.ar\\\/wp-content\\\/uploads\\\/2026\\\/02\\\/WhatsApp-Image-2026-02-24-at-09.55.43.jpeg\",\"contentUrl\":\"https:\\\/\\\/aldiachaco.com.ar\\\/wp-content\\\/uploads\\\/2026\\\/02\\\/WhatsApp-Image-2026-02-24-at-09.55.43.jpeg\",\"width\":1596,\"height\":1001},{\"@type\":\"BreadcrumbList\",\"@id\":\"https:\\\/\\\/aldiachaco.com.ar\\\/index.php\\\/2026\\\/02\\\/24\\\/intec-chaco-financiara-iniciativas-tecnologicas-con-impacto-productivo-en-la-provincia\\\/#breadcrumb\",\"itemListElement\":[{\"@type\":\"ListItem\",\"position\":1,\"name\":\"Home\",\"item\":\"https:\\\/\\\/aldiachaco.com.ar\\\/\"},{\"@type\":\"ListItem\",\"position\":2,\"name\":\"INTEC Chaco financiar\u00e1 iniciativas tecnol\u00f3gicas con impacto productivo en la provincia\"}]},{\"@type\":\"WebSite\",\"@id\":\"https:\\\/\\\/aldiachaco.com.ar\\\/#website\",\"url\":\"https:\\\/\\\/aldiachaco.com.ar\\\/\",\"name\":\"Al Dia Chaco\",\"description\":\"Noticias del Chaco y el mundo\",\"publisher\":{\"@id\":\"https:\\\/\\\/aldiachaco.com.ar\\\/#organization\"},\"alternateName\":\"Al D\u00eda Chaco\",\"potentialAction\":[{\"@type\":\"SearchAction\",\"target\":{\"@type\":\"EntryPoint\",\"urlTemplate\":\"https:\\\/\\\/aldiachaco.com.ar\\\/?s={search_term_string}\"},\"query-input\":{\"@type\":\"PropertyValueSpecification\",\"valueRequired\":true,\"valueName\":\"search_term_string\"}}],\"inLanguage\":\"es-AR\"},{\"@type\":\"Organization\",\"@id\":\"https:\\\/\\\/aldiachaco.com.ar\\\/#organization\",\"name\":\"Al Dia Chaco\",\"url\":\"https:\\\/\\\/aldiachaco.com.ar\\\/\",\"logo\":{\"@type\":\"ImageObject\",\"inLanguage\":\"es-AR\",\"@id\":\"https:\\\/\\\/aldiachaco.com.ar\\\/#\\\/schema\\\/logo\\\/image\\\/\",\"url\":\"https:\\\/\\\/aldiachaco.com.ar\\\/wp-content\\\/uploads\\\/2017\\\/11\\\/AL-DIA-CHACO-L@2x.png\",\"contentUrl\":\"https:\\\/\\\/aldiachaco.com.ar\\\/wp-content\\\/uploads\\\/2017\\\/11\\\/AL-DIA-CHACO-L@2x.png\",\"width\":232,\"height\":60,\"caption\":\"Al Dia Chaco\"},\"image\":{\"@id\":\"https:\\\/\\\/aldiachaco.com.ar\\\/#\\\/schema\\\/logo\\\/image\\\/\"}},{\"@type\":\"Person\",\"@id\":\"https:\\\/\\\/aldiachaco.com.ar\\\/#\\\/schema\\\/person\\\/b24e975af8022082f5889a7a7299e962\",\"name\":\"RedaccionRM\",\"image\":{\"@type\":\"ImageObject\",\"inLanguage\":\"es-AR\",\"@id\":\"https:\\\/\\\/aldiachaco.com.ar\\\/wp-content\\\/litespeed\\\/avatar\\\/a30118fcb7a6295303f1c91164c6aba1.jpg?ver=1777339088\",\"url\":\"https:\\\/\\\/aldiachaco.com.ar\\\/wp-content\\\/litespeed\\\/avatar\\\/a30118fcb7a6295303f1c91164c6aba1.jpg?ver=1777339088\",\"contentUrl\":\"https:\\\/\\\/aldiachaco.com.ar\\\/wp-content\\\/litespeed\\\/avatar\\\/a30118fcb7a6295303f1c91164c6aba1.jpg?ver=1777339088\",\"caption\":\"RedaccionRM\"},\"url\":\"https:\\\/\\\/aldiachaco.com.ar\\\/index.php\\\/author\\\/redaccionrm\\\/\"}]}<\/script>\n<!-- \/ Yoast SEO plugin. -->","yoast_head_json":{"title":"INTEC Chaco financiar\u00e1 iniciativas tecnol\u00f3gicas con impacto productivo en la provincia | Al Dia Chaco","robots":{"index":"index","follow":"follow","max-snippet":"max-snippet:-1","max-image-preview":"max-image-preview:large","max-video-preview":"max-video-preview:-1"},"canonical":"https:\/\/aldiachaco.com.ar\/index.php\/2026\/02\/24\/intec-chaco-financiara-iniciativas-tecnologicas-con-impacto-productivo-en-la-provincia\/","og_locale":"es_ES","og_type":"article","og_title":"INTEC Chaco financiar\u00e1 iniciativas tecnol\u00f3gicas con impacto productivo en la provincia | Al Dia Chaco","og_description":"El Gobierno provincial, a trav\u00e9s del Instituto Chaque\u00f1o de Ciencia, Tecnolog\u00eda e Innovaci\u00f3n (ICCTI), lanz\u00f3 el programa Innovaci\u00f3n Tecnol\u00f3gica Chaco (INTEC Chaco), una iniciativa destinada a acompa\u00f1ar a empresas que inviertan en proyectos de innovaci\u00f3n tecnol\u00f3gica, con el objetivo de fortalecer la competitividad y el desarrollo productivo en la provincia. La convocatoria estar\u00e1 abierta desde &hellip;","og_url":"https:\/\/aldiachaco.com.ar\/index.php\/2026\/02\/24\/intec-chaco-financiara-iniciativas-tecnologicas-con-impacto-productivo-en-la-provincia\/","og_site_name":"Al Dia Chaco","article_published_time":"2026-02-24T13:27:23+00:00","og_image":[{"width":1596,"height":1001,"url":"https:\/\/aldiachaco.com.ar\/wp-content\/uploads\/2026\/02\/WhatsApp-Image-2026-02-24-at-09.55.43.jpeg","type":"image\/jpeg"}],"author":"RedaccionRM","twitter_card":"summary_large_image","twitter_misc":{"Escrito por":"RedaccionRM","Tiempo de lectura":"3 minutos"},"schema":{"@context":"https:\/\/schema.org","@graph":[{"@type":"Article","@id":"https:\/\/aldiachaco.com.ar\/index.php\/2026\/02\/24\/intec-chaco-financiara-iniciativas-tecnologicas-con-impacto-productivo-en-la-provincia\/#article","isPartOf":{"@id":"https:\/\/aldiachaco.com.ar\/index.php\/2026\/02\/24\/intec-chaco-financiara-iniciativas-tecnologicas-con-impacto-productivo-en-la-provincia\/"},"author":{"name":"RedaccionRM","@id":"https:\/\/aldiachaco.com.ar\/#\/schema\/person\/b24e975af8022082f5889a7a7299e962"},"headline":"INTEC Chaco financiar\u00e1 iniciativas tecnol\u00f3gicas con impacto productivo en la provincia","datePublished":"2026-02-24T13:27:23+00:00","mainEntityOfPage":{"@id":"https:\/\/aldiachaco.com.ar\/index.php\/2026\/02\/24\/intec-chaco-financiara-iniciativas-tecnologicas-con-impacto-productivo-en-la-provincia\/"},"wordCount":453,"commentCount":0,"publisher":{"@id":"https:\/\/aldiachaco.com.ar\/#organization"},"image":{"@id":"https:\/\/aldiachaco.com.ar\/index.php\/2026\/02\/24\/intec-chaco-financiara-iniciativas-tecnologicas-con-impacto-productivo-en-la-provincia\/#primaryimage"},"thumbnailUrl":"https:\/\/aldiachaco.com.ar\/wp-content\/uploads\/2026\/02\/WhatsApp-Image-2026-02-24-at-09.55.43.jpeg","articleSection":["Actualidad"],"inLanguage":"es-AR","potentialAction":[{"@type":"CommentAction","name":"Comment","target":["https:\/\/aldiachaco.com.ar\/index.php\/2026\/02\/24\/intec-chaco-financiara-iniciativas-tecnologicas-con-impacto-productivo-en-la-provincia\/#respond"]}]},{"@type":"WebPage","@id":"https:\/\/aldiachaco.com.ar\/index.php\/2026\/02\/24\/intec-chaco-financiara-iniciativas-tecnologicas-con-impacto-productivo-en-la-provincia\/","url":"https:\/\/aldiachaco.com.ar\/index.php\/2026\/02\/24\/intec-chaco-financiara-iniciativas-tecnologicas-con-impacto-productivo-en-la-provincia\/","name":"INTEC Chaco financiar\u00e1 iniciativas tecnol\u00f3gicas con impacto productivo en la provincia | Al Dia Chaco","isPartOf":{"@id":"https:\/\/aldiachaco.com.ar\/#website"},"primaryImageOfPage":{"@id":"https:\/\/aldiachaco.com.ar\/index.php\/2026\/02\/24\/intec-chaco-financiara-iniciativas-tecnologicas-con-impacto-productivo-en-la-provincia\/#primaryimage"},"image":{"@id":"https:\/\/aldiachaco.com.ar\/index.php\/2026\/02\/24\/intec-chaco-financiara-iniciativas-tecnologicas-con-impacto-productivo-en-la-provincia\/#primaryimage"},"thumbnailUrl":"https:\/\/aldiachaco.com.ar\/wp-content\/uploads\/2026\/02\/WhatsApp-Image-2026-02-24-at-09.55.43.jpeg","datePublished":"2026-02-24T13:27:23+00:00","breadcrumb":{"@id":"https:\/\/aldiachaco.com.ar\/index.php\/2026\/02\/24\/intec-chaco-financiara-iniciativas-tecnologicas-con-impacto-productivo-en-la-provincia\/#breadcrumb"},"inLanguage":"es-AR","potentialAction":[{"@type":"ReadAction","target":["https:\/\/aldiachaco.com.ar\/index.php\/2026\/02\/24\/intec-chaco-financiara-iniciativas-tecnologicas-con-impacto-productivo-en-la-provincia\/"]}]},{"@type":"ImageObject","inLanguage":"es-AR","@id":"https:\/\/aldiachaco.com.ar\/index.php\/2026\/02\/24\/intec-chaco-financiara-iniciativas-tecnologicas-con-impacto-productivo-en-la-provincia\/#primaryimage","url":"https:\/\/aldiachaco.com.ar\/wp-content\/uploads\/2026\/02\/WhatsApp-Image-2026-02-24-at-09.55.43.jpeg","contentUrl":"https:\/\/aldiachaco.com.ar\/wp-content\/uploads\/2026\/02\/WhatsApp-Image-2026-02-24-at-09.55.43.jpeg","width":1596,"height":1001},{"@type":"BreadcrumbList","@id":"https:\/\/aldiachaco.com.ar\/index.php\/2026\/02\/24\/intec-chaco-financiara-iniciativas-tecnologicas-con-impacto-productivo-en-la-provincia\/#breadcrumb","itemListElement":[{"@type":"ListItem","position":1,"name":"Home","item":"https:\/\/aldiachaco.com.ar\/"},{"@type":"ListItem","position":2,"name":"INTEC Chaco financiar\u00e1 iniciativas tecnol\u00f3gicas con impacto productivo en la provincia"}]},{"@type":"WebSite","@id":"https:\/\/aldiachaco.com.ar\/#website","url":"https:\/\/aldiachaco.com.ar\/","name":"Al Dia Chaco","description":"Noticias del Chaco y el mundo","publisher":{"@id":"https:\/\/aldiachaco.com.ar\/#organization"},"alternateName":"Al D\u00eda Chaco","potentialAction":[{"@type":"SearchAction","target":{"@type":"EntryPoint","urlTemplate":"https:\/\/aldiachaco.com.ar\/?s={search_term_string}"},"query-input":{"@type":"PropertyValueSpecification","valueRequired":true,"valueName":"search_term_string"}}],"inLanguage":"es-AR"},{"@type":"Organization","@id":"https:\/\/aldiachaco.com.ar\/#organization","name":"Al Dia Chaco","url":"https:\/\/aldiachaco.com.ar\/","logo":{"@type":"ImageObject","inLanguage":"es-AR","@id":"https:\/\/aldiachaco.com.ar\/#\/schema\/logo\/image\/","url":"https:\/\/aldiachaco.com.ar\/wp-content\/uploads\/2017\/11\/AL-DIA-CHACO-L@2x.png","contentUrl":"https:\/\/aldiachaco.com.ar\/wp-content\/uploads\/2017\/11\/AL-DIA-CHACO-L@2x.png","width":232,"height":60,"caption":"Al Dia Chaco"},"image":{"@id":"https:\/\/aldiachaco.com.ar\/#\/schema\/logo\/image\/"}},{"@type":"Person","@id":"https:\/\/aldiachaco.com.ar\/#\/schema\/person\/b24e975af8022082f5889a7a7299e962","name":"RedaccionRM","image":{"@type":"ImageObject","inLanguage":"es-AR","@id":"https:\/\/aldiachaco.com.ar\/wp-content\/litespeed\/avatar\/a30118fcb7a6295303f1c91164c6aba1.jpg?ver=1777339088","url":"https:\/\/aldiachaco.com.ar\/wp-content\/litespeed\/avatar\/a30118fcb7a6295303f1c91164c6aba1.jpg?ver=1777339088","contentUrl":"https:\/\/aldiachaco.com.ar\/wp-content\/litespeed\/avatar\/a30118fcb7a6295303f1c91164c6aba1.jpg?ver=1777339088","caption":"RedaccionRM"},"url":"https:\/\/aldiachaco.com.ar\/index.php\/author\/redaccionrm\/"}]}},"jetpack_publicize_connections":[],"jetpack_featured_media_url":"https:\/\/aldiachaco.com.ar\/wp-content\/uploads\/2026\/02\/WhatsApp-Image-2026-02-24-at-09.55.43.jpeg","jetpack_sharing_enabled":true,"amp_enabled":true,"_links":{"self":[{"href":"https:\/\/aldiachaco.com.ar\/index.php\/wp-json\/wp\/v2\/posts\/117256","targetHints":{"allow":["GET"]}}],"collection":[{"href":"https:\/\/aldiachaco.com.ar\/index.php\/wp-json\/wp\/v2\/posts"}],"about":[{"href":"https:\/\/aldiachaco.com.ar\/index.php\/wp-json\/wp\/v2\/types\/post"}],"author":[{"embeddable":true,"href":"https:\/\/aldiachaco.com.ar\/index.php\/wp-json\/wp\/v2\/users\/9"}],"replies":[{"embeddable":true,"href":"https:\/\/aldiachaco.com.ar\/index.php\/wp-json\/wp\/v2\/comments?post=117256"}],"version-history":[{"count":1,"href":"https:\/\/aldiachaco.com.ar\/index.php\/wp-json\/wp\/v2\/posts\/117256\/revisions"}],"predecessor-version":[{"id":117258,"href":"https:\/\/aldiachaco.com.ar\/index.php\/wp-json\/wp\/v2\/posts\/117256\/revisions\/117258"}],"wp:featuredmedia":[{"embeddable":true,"href":"https:\/\/aldiachaco.com.ar\/index.php\/wp-json\/wp\/v2\/media\/117257"}],"wp:attachment":[{"href":"https:\/\/aldiachaco.com.ar\/index.php\/wp-json\/wp\/v2\/media?parent=117256"}],"wp:term":[{"taxonomy":"category","embeddable":true,"href":"https:\/\/aldiachaco.com.ar\/index.php\/wp-json\/wp\/v2\/categories?post=117256"},{"taxonomy":"post_tag","embeddable":true,"href":"https:\/\/aldiachaco.com.ar\/index.php\/wp-json\/wp\/v2\/tags?post=117256"}],"curies":[{"name":"wp","href":"https:\/\/api.w.org\/{rel}","templated":true}]}}