{"id":117253,"date":"2026-02-24T10:17:17","date_gmt":"2026-02-24T13:17:17","guid":{"rendered":"https:\/\/aldiachaco.com.ar\/?p=117253"},"modified":"2026-02-24T10:17:17","modified_gmt":"2026-02-24T13:17:17","slug":"benitez-molas-le-pidio-a-zdero-que-hable-como-el-gobernador-que-prometio-ser-en-la-previa-de-la-apertura-de-sesiones","status":"publish","type":"post","link":"https:\/\/aldiachaco.com.ar\/index.php\/2026\/02\/24\/benitez-molas-le-pidio-a-zdero-que-hable-como-el-gobernador-que-prometio-ser-en-la-previa-de-la-apertura-de-sesiones\/","title":{"rendered":"Ben\u00edtez Molas le pidi\u00f3 a Zdero que &#8220;hable como el gobernador que prometi\u00f3 ser&#8221; en la previa de la apertura de sesiones"},"content":{"rendered":"<p class=\"ds-markdown-paragraph\">En la antesala del mensaje del 1\u00b0 de marzo, el diputado provincial del PJ, Sebasti\u00e1n Ben\u00edtez Molas, reclam\u00f3 al gobernador Leandro Zdero &#8220;un discurso de estadista y no de candidato&#8221;. A su entender, el tiempo de la herencia recibida &#8220;ya se agot\u00f3&#8221; y la sociedad demanda soluciones concretas. &#8220;Que se saque el saco de eterno candidato y hable como el gobernador que prometi\u00f3 ser&#8221;, plante\u00f3 en declaraciones a la prensa.<\/p>\n<p class=\"ds-markdown-paragraph\"><strong>Cr\u00edticas a la gesti\u00f3n provincial y nacional<\/strong><\/p>\n<p class=\"ds-markdown-paragraph\">El legislador cuestion\u00f3 el acompa\u00f1amiento provincial a la reforma laboral impulsada por Javier Milei, advirtiendo que esa iniciativa implica una p\u00e9rdida de coparticipaci\u00f3n para la provincia y los municipios equivalente a m\u00e1s de una masa salarial, con impacto directo en salud, educaci\u00f3n y seguridad.<\/p>\n<p class=\"ds-markdown-paragraph\">En materia social, consider\u00f3 que el asistencialismo &#8220;fracas\u00f3 como m\u00e9todo de ascenso social&#8221; y propuso transformar los planes en formaci\u00f3n obligatoria en oficios tecnol\u00f3gicos y agrot\u00e9cnicos. Fue tajante al fijar l\u00edmites pol\u00edticos: &#8220;Me corto la mano antes de acordar con dirigentes piqueteros. Lo que viene es sin piqueteros. La intermediaci\u00f3n debe terminar&#8221;, afirm\u00f3.<\/p>\n<p class=\"ds-markdown-paragraph\"><strong>Institucionalidad y gobernabilidad<\/strong><\/p>\n<p class=\"ds-markdown-paragraph\">Sobre la paridad 16 a 16 en la C\u00e1mara de Diputados, sostuvo que no es un obst\u00e1culo sino un mensaje de la sociedad para que no existan mayor\u00edas autom\u00e1ticas. &#8220;La gobernabilidad no es un cheque en blanco&#8221;, afirm\u00f3, y remarc\u00f3 que acompa\u00f1ar\u00e1n las leyes que beneficien al Chaco, pero exigir\u00e1n calidad t\u00e9cnica en cada proyecto.<\/p>\n<p class=\"ds-markdown-paragraph\">Plante\u00f3 que la Legislatura debe ser un \u00e1mbito de pensamiento estrat\u00e9gico y no una escriban\u00eda, y pidi\u00f3 debates de fondo para discutir un verdadero perfil de desarrollo provincial.<\/p>\n<p class=\"ds-markdown-paragraph\"><strong>Econom\u00eda, producci\u00f3n y empleo<\/strong><\/p>\n<p class=\"ds-markdown-paragraph\">Ben\u00edtez Molas diferenci\u00f3 austeridad de ajuste. Se\u00f1al\u00f3 que no puede considerarse &#8220;gasto&#8221; a la inversi\u00f3n en seguridad ni a los salarios docentes, policiales y del personal de salud, que describi\u00f3 como deteriorados. Tambi\u00e9n advirti\u00f3 sobre el estado de edificios escolares y la falta de insumos en el sistema sanitario.<\/p>\n<p class=\"ds-markdown-paragraph\">En materia productiva, reclam\u00f3 un plan integral que fortalezca cadenas de valor locales y genere financiamiento para pymes y el sector agropecuario. Sostuvo que la provincia debe definir qu\u00e9 producir, c\u00f3mo exportar y qu\u00e9 valor agregado generar, adem\u00e1s de mejorar rutas y log\u00edstica para reducir costos.<\/p>\n<p class=\"ds-markdown-paragraph\"><strong>Infraestructura y visi\u00f3n estrat\u00e9gica<\/strong><\/p>\n<p class=\"ds-markdown-paragraph\">El diputado cuestion\u00f3 lo que defini\u00f3 como una visi\u00f3n centralista que perjudica al Norte Grande. Insisti\u00f3 en que sin obras p\u00fablicas la provincia pierde competitividad y se desalientan inversiones. Respecto a la infraestructura portuaria y ferroviaria, afirm\u00f3 que el Chaco &#8220;debe proyectarse al mundo desde Barranqueras y Las Palmas&#8221;, con participaci\u00f3n privada para modernizar instalaciones, pero con administraci\u00f3n estrat\u00e9gica estatal.<\/p>\n<p class=\"ds-markdown-paragraph\"><strong>El futuro del peronismo<\/strong><\/p>\n<p class=\"ds-markdown-paragraph\">En cuanto al escenario interno, habl\u00f3 de una renovaci\u00f3n metodol\u00f3gica y de la necesidad de construir un proyecto com\u00fan que represente a trabajadores y emprendedores. Sostuvo que la unidad no puede ser un amontonamiento electoral, sino una herramienta para resolver problemas concretos. &#8220;El peronismo no puede ser una sumatoria de islas; debe ser un continente fuerte&#8221;, subray\u00f3.<\/p>\n<p class=\"ds-markdown-paragraph\">Destac\u00f3 adem\u00e1s el rol de Jorge Capitanich como dirigente con mayor representatividad en la provincia y presidente del Consejo Provincial del PJ. &#8220;Coqui es presente y futuro, una figura muy importante no solo para nuestra provincia, sino para el pa\u00eds. Es un senador sobresaliente, un l\u00edder de consulta permanente y un militante necesario en este contexto&#8221;, sintetiz\u00f3.<\/p>\n<p class=\"ds-markdown-paragraph\"><strong>Mirada nacional<\/strong><\/p>\n<p class=\"ds-markdown-paragraph\">A nivel pa\u00eds, describi\u00f3 un escenario complejo y cuestion\u00f3 el rumbo econ\u00f3mico del gobierno nacional. Si bien reconoci\u00f3 la necesidad de ordenar la macroeconom\u00eda, advirti\u00f3 que el ajuste genera un &#8220;desorden social real&#8221; con cierre de f\u00e1bricas y comercios. &#8220;La derecha tiene raz\u00f3n en algo: hay que ordenar la macroeconom\u00eda, aunque en el caso de Milei y Caputo solo fue declamativa, lo \u00fanico que est\u00e1n arreglando son las cuentas de ellos y sus socios&#8221;, apunt\u00f3.<\/p>\n","protected":false},"excerpt":{"rendered":"<p>En la antesala del mensaje del 1\u00b0 de marzo, el diputado provincial del PJ, Sebasti\u00e1n Ben\u00edtez Molas, reclam\u00f3 al gobernador Leandro Zdero &#8220;un discurso de estadista y no de candidato&#8221;. A su entender, el tiempo de la herencia recibida &#8220;ya se agot\u00f3&#8221; y la sociedad demanda soluciones concretas. &#8220;Que se saque el saco de eterno &hellip;<\/p>\n","protected":false},"author":9,"featured_media":117254,"comment_status":"open","ping_status":"open","sticky":false,"template":"","format":"standard","meta":{"content-type":"","_monsterinsights_skip_tracking":false,"_monsterinsights_sitenote_active":false,"_monsterinsights_sitenote_note":"","_monsterinsights_sitenote_category":0,"_jetpack_memberships_contains_paid_content":false,"footnotes":"","jetpack_publicize_message":"","jetpack_publicize_feature_enabled":true,"jetpack_social_post_already_shared":true,"jetpack_social_options":{"image_generator_settings":{"template":"highway","default_image_id":0,"font":"","enabled":false},"version":2}},"categories":[1],"tags":[],"class_list":["post-117253","post","type-post","status-publish","format-standard","has-post-thumbnail","hentry","category-aplicaciones"],"yoast_head":"<!-- This site is optimized with the Yoast SEO plugin v27.4 - https:\/\/yoast.com\/product\/yoast-seo-wordpress\/ -->\n<title>Ben\u00edtez Molas le pidi\u00f3 a Zdero que &quot;hable como el gobernador que prometi\u00f3 ser&quot; en la previa de la apertura de sesiones | Al Dia Chaco<\/title>\n<meta name=\"robots\" content=\"index, follow, max-snippet:-1, max-image-preview:large, max-video-preview:-1\" \/>\n<link rel=\"canonical\" href=\"https:\/\/aldiachaco.com.ar\/index.php\/2026\/02\/24\/benitez-molas-le-pidio-a-zdero-que-hable-como-el-gobernador-que-prometio-ser-en-la-previa-de-la-apertura-de-sesiones\/\" \/>\n<meta property=\"og:locale\" content=\"es_ES\" \/>\n<meta property=\"og:type\" content=\"article\" \/>\n<meta property=\"og:title\" content=\"Ben\u00edtez Molas le pidi\u00f3 a Zdero que &quot;hable como el gobernador que prometi\u00f3 ser&quot; en la previa de la apertura de sesiones | Al Dia Chaco\" \/>\n<meta property=\"og:description\" content=\"En la antesala del mensaje del 1\u00b0 de marzo, el diputado provincial del PJ, Sebasti\u00e1n Ben\u00edtez Molas, reclam\u00f3 al gobernador Leandro Zdero &#8220;un discurso de estadista y no de candidato&#8221;. A su entender, el tiempo de la herencia recibida &#8220;ya se agot\u00f3&#8221; y la sociedad demanda soluciones concretas. &#8220;Que se saque el saco de eterno &hellip;\" \/>\n<meta property=\"og:url\" content=\"https:\/\/aldiachaco.com.ar\/index.php\/2026\/02\/24\/benitez-molas-le-pidio-a-zdero-que-hable-como-el-gobernador-que-prometio-ser-en-la-previa-de-la-apertura-de-sesiones\/\" \/>\n<meta property=\"og:site_name\" content=\"Al Dia Chaco\" \/>\n<meta property=\"article:published_time\" content=\"2026-02-24T13:17:17+00:00\" \/>\n<meta property=\"og:image\" content=\"https:\/\/aldiachaco.com.ar\/wp-content\/uploads\/2026\/02\/2402mola.webp\" \/>\n\t<meta property=\"og:image:width\" content=\"533\" \/>\n\t<meta property=\"og:image:height\" content=\"800\" \/>\n\t<meta property=\"og:image:type\" content=\"image\/webp\" \/>\n<meta name=\"author\" content=\"RedaccionRM\" \/>\n<meta name=\"twitter:card\" content=\"summary_large_image\" \/>\n<meta name=\"twitter:label1\" content=\"Escrito por\" \/>\n\t<meta name=\"twitter:data1\" content=\"RedaccionRM\" \/>\n\t<meta name=\"twitter:label2\" content=\"Tiempo de lectura\" \/>\n\t<meta name=\"twitter:data2\" content=\"4 minutos\" \/>\n<script type=\"application\/ld+json\" class=\"yoast-schema-graph\">{\"@context\":\"https:\\\/\\\/schema.org\",\"@graph\":[{\"@type\":\"Article\",\"@id\":\"https:\\\/\\\/aldiachaco.com.ar\\\/index.php\\\/2026\\\/02\\\/24\\\/benitez-molas-le-pidio-a-zdero-que-hable-como-el-gobernador-que-prometio-ser-en-la-previa-de-la-apertura-de-sesiones\\\/#article\",\"isPartOf\":{\"@id\":\"https:\\\/\\\/aldiachaco.com.ar\\\/index.php\\\/2026\\\/02\\\/24\\\/benitez-molas-le-pidio-a-zdero-que-hable-como-el-gobernador-que-prometio-ser-en-la-previa-de-la-apertura-de-sesiones\\\/\"},\"author\":{\"name\":\"RedaccionRM\",\"@id\":\"https:\\\/\\\/aldiachaco.com.ar\\\/#\\\/schema\\\/person\\\/b24e975af8022082f5889a7a7299e962\"},\"headline\":\"Ben\u00edtez Molas le pidi\u00f3 a Zdero que &#8220;hable como el gobernador que prometi\u00f3 ser&#8221; en la previa de la apertura de sesiones\",\"datePublished\":\"2026-02-24T13:17:17+00:00\",\"mainEntityOfPage\":{\"@id\":\"https:\\\/\\\/aldiachaco.com.ar\\\/index.php\\\/2026\\\/02\\\/24\\\/benitez-molas-le-pidio-a-zdero-que-hable-como-el-gobernador-que-prometio-ser-en-la-previa-de-la-apertura-de-sesiones\\\/\"},\"wordCount\":693,\"commentCount\":0,\"publisher\":{\"@id\":\"https:\\\/\\\/aldiachaco.com.ar\\\/#organization\"},\"image\":{\"@id\":\"https:\\\/\\\/aldiachaco.com.ar\\\/index.php\\\/2026\\\/02\\\/24\\\/benitez-molas-le-pidio-a-zdero-que-hable-como-el-gobernador-que-prometio-ser-en-la-previa-de-la-apertura-de-sesiones\\\/#primaryimage\"},\"thumbnailUrl\":\"https:\\\/\\\/aldiachaco.com.ar\\\/wp-content\\\/uploads\\\/2026\\\/02\\\/2402mola.webp\",\"articleSection\":[\"Aplicaciones\"],\"inLanguage\":\"es-AR\",\"potentialAction\":[{\"@type\":\"CommentAction\",\"name\":\"Comment\",\"target\":[\"https:\\\/\\\/aldiachaco.com.ar\\\/index.php\\\/2026\\\/02\\\/24\\\/benitez-molas-le-pidio-a-zdero-que-hable-como-el-gobernador-que-prometio-ser-en-la-previa-de-la-apertura-de-sesiones\\\/#respond\"]}]},{\"@type\":\"WebPage\",\"@id\":\"https:\\\/\\\/aldiachaco.com.ar\\\/index.php\\\/2026\\\/02\\\/24\\\/benitez-molas-le-pidio-a-zdero-que-hable-como-el-gobernador-que-prometio-ser-en-la-previa-de-la-apertura-de-sesiones\\\/\",\"url\":\"https:\\\/\\\/aldiachaco.com.ar\\\/index.php\\\/2026\\\/02\\\/24\\\/benitez-molas-le-pidio-a-zdero-que-hable-como-el-gobernador-que-prometio-ser-en-la-previa-de-la-apertura-de-sesiones\\\/\",\"name\":\"Ben\u00edtez Molas le pidi\u00f3 a Zdero que \\\"hable como el gobernador que prometi\u00f3 ser\\\" en la previa de la apertura de sesiones | Al Dia Chaco\",\"isPartOf\":{\"@id\":\"https:\\\/\\\/aldiachaco.com.ar\\\/#website\"},\"primaryImageOfPage\":{\"@id\":\"https:\\\/\\\/aldiachaco.com.ar\\\/index.php\\\/2026\\\/02\\\/24\\\/benitez-molas-le-pidio-a-zdero-que-hable-como-el-gobernador-que-prometio-ser-en-la-previa-de-la-apertura-de-sesiones\\\/#primaryimage\"},\"image\":{\"@id\":\"https:\\\/\\\/aldiachaco.com.ar\\\/index.php\\\/2026\\\/02\\\/24\\\/benitez-molas-le-pidio-a-zdero-que-hable-como-el-gobernador-que-prometio-ser-en-la-previa-de-la-apertura-de-sesiones\\\/#primaryimage\"},\"thumbnailUrl\":\"https:\\\/\\\/aldiachaco.com.ar\\\/wp-content\\\/uploads\\\/2026\\\/02\\\/2402mola.webp\",\"datePublished\":\"2026-02-24T13:17:17+00:00\",\"breadcrumb\":{\"@id\":\"https:\\\/\\\/aldiachaco.com.ar\\\/index.php\\\/2026\\\/02\\\/24\\\/benitez-molas-le-pidio-a-zdero-que-hable-como-el-gobernador-que-prometio-ser-en-la-previa-de-la-apertura-de-sesiones\\\/#breadcrumb\"},\"inLanguage\":\"es-AR\",\"potentialAction\":[{\"@type\":\"ReadAction\",\"target\":[\"https:\\\/\\\/aldiachaco.com.ar\\\/index.php\\\/2026\\\/02\\\/24\\\/benitez-molas-le-pidio-a-zdero-que-hable-como-el-gobernador-que-prometio-ser-en-la-previa-de-la-apertura-de-sesiones\\\/\"]}]},{\"@type\":\"ImageObject\",\"inLanguage\":\"es-AR\",\"@id\":\"https:\\\/\\\/aldiachaco.com.ar\\\/index.php\\\/2026\\\/02\\\/24\\\/benitez-molas-le-pidio-a-zdero-que-hable-como-el-gobernador-que-prometio-ser-en-la-previa-de-la-apertura-de-sesiones\\\/#primaryimage\",\"url\":\"https:\\\/\\\/aldiachaco.com.ar\\\/wp-content\\\/uploads\\\/2026\\\/02\\\/2402mola.webp\",\"contentUrl\":\"https:\\\/\\\/aldiachaco.com.ar\\\/wp-content\\\/uploads\\\/2026\\\/02\\\/2402mola.webp\",\"width\":533,\"height\":800},{\"@type\":\"BreadcrumbList\",\"@id\":\"https:\\\/\\\/aldiachaco.com.ar\\\/index.php\\\/2026\\\/02\\\/24\\\/benitez-molas-le-pidio-a-zdero-que-hable-como-el-gobernador-que-prometio-ser-en-la-previa-de-la-apertura-de-sesiones\\\/#breadcrumb\",\"itemListElement\":[{\"@type\":\"ListItem\",\"position\":1,\"name\":\"Home\",\"item\":\"https:\\\/\\\/aldiachaco.com.ar\\\/\"},{\"@type\":\"ListItem\",\"position\":2,\"name\":\"Ben\u00edtez Molas le pidi\u00f3 a Zdero que &#8220;hable como el gobernador que prometi\u00f3 ser&#8221; en la previa de la apertura de sesiones\"}]},{\"@type\":\"WebSite\",\"@id\":\"https:\\\/\\\/aldiachaco.com.ar\\\/#website\",\"url\":\"https:\\\/\\\/aldiachaco.com.ar\\\/\",\"name\":\"Al Dia Chaco\",\"description\":\"Noticias del Chaco y el mundo\",\"publisher\":{\"@id\":\"https:\\\/\\\/aldiachaco.com.ar\\\/#organization\"},\"alternateName\":\"Al D\u00eda Chaco\",\"potentialAction\":[{\"@type\":\"SearchAction\",\"target\":{\"@type\":\"EntryPoint\",\"urlTemplate\":\"https:\\\/\\\/aldiachaco.com.ar\\\/?s={search_term_string}\"},\"query-input\":{\"@type\":\"PropertyValueSpecification\",\"valueRequired\":true,\"valueName\":\"search_term_string\"}}],\"inLanguage\":\"es-AR\"},{\"@type\":\"Organization\",\"@id\":\"https:\\\/\\\/aldiachaco.com.ar\\\/#organization\",\"name\":\"Al Dia Chaco\",\"url\":\"https:\\\/\\\/aldiachaco.com.ar\\\/\",\"logo\":{\"@type\":\"ImageObject\",\"inLanguage\":\"es-AR\",\"@id\":\"https:\\\/\\\/aldiachaco.com.ar\\\/#\\\/schema\\\/logo\\\/image\\\/\",\"url\":\"https:\\\/\\\/aldiachaco.com.ar\\\/wp-content\\\/uploads\\\/2017\\\/11\\\/AL-DIA-CHACO-L@2x.png\",\"contentUrl\":\"https:\\\/\\\/aldiachaco.com.ar\\\/wp-content\\\/uploads\\\/2017\\\/11\\\/AL-DIA-CHACO-L@2x.png\",\"width\":232,\"height\":60,\"caption\":\"Al Dia Chaco\"},\"image\":{\"@id\":\"https:\\\/\\\/aldiachaco.com.ar\\\/#\\\/schema\\\/logo\\\/image\\\/\"}},{\"@type\":\"Person\",\"@id\":\"https:\\\/\\\/aldiachaco.com.ar\\\/#\\\/schema\\\/person\\\/b24e975af8022082f5889a7a7299e962\",\"name\":\"RedaccionRM\",\"image\":{\"@type\":\"ImageObject\",\"inLanguage\":\"es-AR\",\"@id\":\"https:\\\/\\\/aldiachaco.com.ar\\\/wp-content\\\/litespeed\\\/avatar\\\/a30118fcb7a6295303f1c91164c6aba1.jpg?ver=1777339088\",\"url\":\"https:\\\/\\\/aldiachaco.com.ar\\\/wp-content\\\/litespeed\\\/avatar\\\/a30118fcb7a6295303f1c91164c6aba1.jpg?ver=1777339088\",\"contentUrl\":\"https:\\\/\\\/aldiachaco.com.ar\\\/wp-content\\\/litespeed\\\/avatar\\\/a30118fcb7a6295303f1c91164c6aba1.jpg?ver=1777339088\",\"caption\":\"RedaccionRM\"},\"url\":\"https:\\\/\\\/aldiachaco.com.ar\\\/index.php\\\/author\\\/redaccionrm\\\/\"}]}<\/script>\n<!-- \/ Yoast SEO plugin. -->","yoast_head_json":{"title":"Ben\u00edtez Molas le pidi\u00f3 a Zdero que \"hable como el gobernador que prometi\u00f3 ser\" en la previa de la apertura de sesiones | Al Dia Chaco","robots":{"index":"index","follow":"follow","max-snippet":"max-snippet:-1","max-image-preview":"max-image-preview:large","max-video-preview":"max-video-preview:-1"},"canonical":"https:\/\/aldiachaco.com.ar\/index.php\/2026\/02\/24\/benitez-molas-le-pidio-a-zdero-que-hable-como-el-gobernador-que-prometio-ser-en-la-previa-de-la-apertura-de-sesiones\/","og_locale":"es_ES","og_type":"article","og_title":"Ben\u00edtez Molas le pidi\u00f3 a Zdero que \"hable como el gobernador que prometi\u00f3 ser\" en la previa de la apertura de sesiones | Al Dia Chaco","og_description":"En la antesala del mensaje del 1\u00b0 de marzo, el diputado provincial del PJ, Sebasti\u00e1n Ben\u00edtez Molas, reclam\u00f3 al gobernador Leandro Zdero &#8220;un discurso de estadista y no de candidato&#8221;. A su entender, el tiempo de la herencia recibida &#8220;ya se agot\u00f3&#8221; y la sociedad demanda soluciones concretas. &#8220;Que se saque el saco de eterno &hellip;","og_url":"https:\/\/aldiachaco.com.ar\/index.php\/2026\/02\/24\/benitez-molas-le-pidio-a-zdero-que-hable-como-el-gobernador-que-prometio-ser-en-la-previa-de-la-apertura-de-sesiones\/","og_site_name":"Al Dia Chaco","article_published_time":"2026-02-24T13:17:17+00:00","og_image":[{"width":533,"height":800,"url":"https:\/\/aldiachaco.com.ar\/wp-content\/uploads\/2026\/02\/2402mola.webp","type":"image\/webp"}],"author":"RedaccionRM","twitter_card":"summary_large_image","twitter_misc":{"Escrito por":"RedaccionRM","Tiempo de lectura":"4 minutos"},"schema":{"@context":"https:\/\/schema.org","@graph":[{"@type":"Article","@id":"https:\/\/aldiachaco.com.ar\/index.php\/2026\/02\/24\/benitez-molas-le-pidio-a-zdero-que-hable-como-el-gobernador-que-prometio-ser-en-la-previa-de-la-apertura-de-sesiones\/#article","isPartOf":{"@id":"https:\/\/aldiachaco.com.ar\/index.php\/2026\/02\/24\/benitez-molas-le-pidio-a-zdero-que-hable-como-el-gobernador-que-prometio-ser-en-la-previa-de-la-apertura-de-sesiones\/"},"author":{"name":"RedaccionRM","@id":"https:\/\/aldiachaco.com.ar\/#\/schema\/person\/b24e975af8022082f5889a7a7299e962"},"headline":"Ben\u00edtez Molas le pidi\u00f3 a Zdero que &#8220;hable como el gobernador que prometi\u00f3 ser&#8221; en la previa de la apertura de sesiones","datePublished":"2026-02-24T13:17:17+00:00","mainEntityOfPage":{"@id":"https:\/\/aldiachaco.com.ar\/index.php\/2026\/02\/24\/benitez-molas-le-pidio-a-zdero-que-hable-como-el-gobernador-que-prometio-ser-en-la-previa-de-la-apertura-de-sesiones\/"},"wordCount":693,"commentCount":0,"publisher":{"@id":"https:\/\/aldiachaco.com.ar\/#organization"},"image":{"@id":"https:\/\/aldiachaco.com.ar\/index.php\/2026\/02\/24\/benitez-molas-le-pidio-a-zdero-que-hable-como-el-gobernador-que-prometio-ser-en-la-previa-de-la-apertura-de-sesiones\/#primaryimage"},"thumbnailUrl":"https:\/\/aldiachaco.com.ar\/wp-content\/uploads\/2026\/02\/2402mola.webp","articleSection":["Aplicaciones"],"inLanguage":"es-AR","potentialAction":[{"@type":"CommentAction","name":"Comment","target":["https:\/\/aldiachaco.com.ar\/index.php\/2026\/02\/24\/benitez-molas-le-pidio-a-zdero-que-hable-como-el-gobernador-que-prometio-ser-en-la-previa-de-la-apertura-de-sesiones\/#respond"]}]},{"@type":"WebPage","@id":"https:\/\/aldiachaco.com.ar\/index.php\/2026\/02\/24\/benitez-molas-le-pidio-a-zdero-que-hable-como-el-gobernador-que-prometio-ser-en-la-previa-de-la-apertura-de-sesiones\/","url":"https:\/\/aldiachaco.com.ar\/index.php\/2026\/02\/24\/benitez-molas-le-pidio-a-zdero-que-hable-como-el-gobernador-que-prometio-ser-en-la-previa-de-la-apertura-de-sesiones\/","name":"Ben\u00edtez Molas le pidi\u00f3 a Zdero que \"hable como el gobernador que prometi\u00f3 ser\" en la previa de la apertura de sesiones | Al Dia Chaco","isPartOf":{"@id":"https:\/\/aldiachaco.com.ar\/#website"},"primaryImageOfPage":{"@id":"https:\/\/aldiachaco.com.ar\/index.php\/2026\/02\/24\/benitez-molas-le-pidio-a-zdero-que-hable-como-el-gobernador-que-prometio-ser-en-la-previa-de-la-apertura-de-sesiones\/#primaryimage"},"image":{"@id":"https:\/\/aldiachaco.com.ar\/index.php\/2026\/02\/24\/benitez-molas-le-pidio-a-zdero-que-hable-como-el-gobernador-que-prometio-ser-en-la-previa-de-la-apertura-de-sesiones\/#primaryimage"},"thumbnailUrl":"https:\/\/aldiachaco.com.ar\/wp-content\/uploads\/2026\/02\/2402mola.webp","datePublished":"2026-02-24T13:17:17+00:00","breadcrumb":{"@id":"https:\/\/aldiachaco.com.ar\/index.php\/2026\/02\/24\/benitez-molas-le-pidio-a-zdero-que-hable-como-el-gobernador-que-prometio-ser-en-la-previa-de-la-apertura-de-sesiones\/#breadcrumb"},"inLanguage":"es-AR","potentialAction":[{"@type":"ReadAction","target":["https:\/\/aldiachaco.com.ar\/index.php\/2026\/02\/24\/benitez-molas-le-pidio-a-zdero-que-hable-como-el-gobernador-que-prometio-ser-en-la-previa-de-la-apertura-de-sesiones\/"]}]},{"@type":"ImageObject","inLanguage":"es-AR","@id":"https:\/\/aldiachaco.com.ar\/index.php\/2026\/02\/24\/benitez-molas-le-pidio-a-zdero-que-hable-como-el-gobernador-que-prometio-ser-en-la-previa-de-la-apertura-de-sesiones\/#primaryimage","url":"https:\/\/aldiachaco.com.ar\/wp-content\/uploads\/2026\/02\/2402mola.webp","contentUrl":"https:\/\/aldiachaco.com.ar\/wp-content\/uploads\/2026\/02\/2402mola.webp","width":533,"height":800},{"@type":"BreadcrumbList","@id":"https:\/\/aldiachaco.com.ar\/index.php\/2026\/02\/24\/benitez-molas-le-pidio-a-zdero-que-hable-como-el-gobernador-que-prometio-ser-en-la-previa-de-la-apertura-de-sesiones\/#breadcrumb","itemListElement":[{"@type":"ListItem","position":1,"name":"Home","item":"https:\/\/aldiachaco.com.ar\/"},{"@type":"ListItem","position":2,"name":"Ben\u00edtez Molas le pidi\u00f3 a Zdero que &#8220;hable como el gobernador que prometi\u00f3 ser&#8221; en la previa de la apertura de sesiones"}]},{"@type":"WebSite","@id":"https:\/\/aldiachaco.com.ar\/#website","url":"https:\/\/aldiachaco.com.ar\/","name":"Al Dia Chaco","description":"Noticias del Chaco y el mundo","publisher":{"@id":"https:\/\/aldiachaco.com.ar\/#organization"},"alternateName":"Al D\u00eda Chaco","potentialAction":[{"@type":"SearchAction","target":{"@type":"EntryPoint","urlTemplate":"https:\/\/aldiachaco.com.ar\/?s={search_term_string}"},"query-input":{"@type":"PropertyValueSpecification","valueRequired":true,"valueName":"search_term_string"}}],"inLanguage":"es-AR"},{"@type":"Organization","@id":"https:\/\/aldiachaco.com.ar\/#organization","name":"Al Dia Chaco","url":"https:\/\/aldiachaco.com.ar\/","logo":{"@type":"ImageObject","inLanguage":"es-AR","@id":"https:\/\/aldiachaco.com.ar\/#\/schema\/logo\/image\/","url":"https:\/\/aldiachaco.com.ar\/wp-content\/uploads\/2017\/11\/AL-DIA-CHACO-L@2x.png","contentUrl":"https:\/\/aldiachaco.com.ar\/wp-content\/uploads\/2017\/11\/AL-DIA-CHACO-L@2x.png","width":232,"height":60,"caption":"Al Dia Chaco"},"image":{"@id":"https:\/\/aldiachaco.com.ar\/#\/schema\/logo\/image\/"}},{"@type":"Person","@id":"https:\/\/aldiachaco.com.ar\/#\/schema\/person\/b24e975af8022082f5889a7a7299e962","name":"RedaccionRM","image":{"@type":"ImageObject","inLanguage":"es-AR","@id":"https:\/\/aldiachaco.com.ar\/wp-content\/litespeed\/avatar\/a30118fcb7a6295303f1c91164c6aba1.jpg?ver=1777339088","url":"https:\/\/aldiachaco.com.ar\/wp-content\/litespeed\/avatar\/a30118fcb7a6295303f1c91164c6aba1.jpg?ver=1777339088","contentUrl":"https:\/\/aldiachaco.com.ar\/wp-content\/litespeed\/avatar\/a30118fcb7a6295303f1c91164c6aba1.jpg?ver=1777339088","caption":"RedaccionRM"},"url":"https:\/\/aldiachaco.com.ar\/index.php\/author\/redaccionrm\/"}]}},"jetpack_publicize_connections":[],"jetpack_featured_media_url":"https:\/\/aldiachaco.com.ar\/wp-content\/uploads\/2026\/02\/2402mola.webp","jetpack_sharing_enabled":true,"amp_enabled":true,"_links":{"self":[{"href":"https:\/\/aldiachaco.com.ar\/index.php\/wp-json\/wp\/v2\/posts\/117253","targetHints":{"allow":["GET"]}}],"collection":[{"href":"https:\/\/aldiachaco.com.ar\/index.php\/wp-json\/wp\/v2\/posts"}],"about":[{"href":"https:\/\/aldiachaco.com.ar\/index.php\/wp-json\/wp\/v2\/types\/post"}],"author":[{"embeddable":true,"href":"https:\/\/aldiachaco.com.ar\/index.php\/wp-json\/wp\/v2\/users\/9"}],"replies":[{"embeddable":true,"href":"https:\/\/aldiachaco.com.ar\/index.php\/wp-json\/wp\/v2\/comments?post=117253"}],"version-history":[{"count":1,"href":"https:\/\/aldiachaco.com.ar\/index.php\/wp-json\/wp\/v2\/posts\/117253\/revisions"}],"predecessor-version":[{"id":117255,"href":"https:\/\/aldiachaco.com.ar\/index.php\/wp-json\/wp\/v2\/posts\/117253\/revisions\/117255"}],"wp:featuredmedia":[{"embeddable":true,"href":"https:\/\/aldiachaco.com.ar\/index.php\/wp-json\/wp\/v2\/media\/117254"}],"wp:attachment":[{"href":"https:\/\/aldiachaco.com.ar\/index.php\/wp-json\/wp\/v2\/media?parent=117253"}],"wp:term":[{"taxonomy":"category","embeddable":true,"href":"https:\/\/aldiachaco.com.ar\/index.php\/wp-json\/wp\/v2\/categories?post=117253"},{"taxonomy":"post_tag","embeddable":true,"href":"https:\/\/aldiachaco.com.ar\/index.php\/wp-json\/wp\/v2\/tags?post=117253"}],"curies":[{"name":"wp","href":"https:\/\/api.w.org\/{rel}","templated":true}]}}