{"id":117250,"date":"2026-02-23T22:18:16","date_gmt":"2026-02-24T01:18:16","guid":{"rendered":"https:\/\/aldiachaco.com.ar\/?p=117250"},"modified":"2026-02-23T22:18:16","modified_gmt":"2026-02-24T01:18:16","slug":"resistencia-un-caloventor-habria-provocado-el-incendio-de-una-vivienda-en-villa-don-enrique","status":"publish","type":"post","link":"https:\/\/aldiachaco.com.ar\/index.php\/2026\/02\/23\/resistencia-un-caloventor-habria-provocado-el-incendio-de-una-vivienda-en-villa-don-enrique\/","title":{"rendered":"RESISTENCIA: UN CALOVENTOR HABR\u00cdA PROVOCADO EL INCENDIO DE UNA VIVIENDA EN VILLA DON ENRIQUE"},"content":{"rendered":"<p>Pasadas las 20:50 de este lunes, efectivos de la Comisar\u00eda Cuarta Metropolitana intervinieron en un siniestro \u00edgneo registrado en un domicilio ubicado sobre la calle Misiones al 50, en el barrio Villa Don Enrique de la capital chaque\u00f1a.<\/p>\n<p>&nbsp;<\/p>\n<p>Al arribar al lugar, los agentes confirmaron la veracidad del incidente y solicitaron la presencia urgente de los equipos de rescate. El operativo de extinci\u00f3n cont\u00f3 con el trabajo conjunto de las unidades de Bomberos Voluntarios Zona Sur, adem\u00e1s del apoyo t\u00e9cnico de la Divisi\u00f3n Bomberos de la Polic\u00eda Metropolitana.<\/p>\n<p>&nbsp;<\/p>\n<p>Seg\u00fan el reporte oficial, la propietaria del inmueble \u2014una mujer de 72 a\u00f1os\u2014 manifest\u00f3 que las llamas se habr\u00edan originado de manera accidental tras el encendido de un caloventor.<\/p>\n<p>&nbsp;<\/p>\n<p>Gracias al r\u00e1pido despliegue del personal bomberil, el foco \u00edgneo fue sofocado, evitando que el fuego se propagara a viviendas linderas. No se informaron personas lesionadas, registr\u00e1ndose \u00fanicamente da\u00f1os materiales en la propiedad.<\/p>\n","protected":false},"excerpt":{"rendered":"<p>Pasadas las 20:50 de este lunes, efectivos de la Comisar\u00eda Cuarta Metropolitana intervinieron en un siniestro \u00edgneo registrado en un domicilio ubicado sobre la calle Misiones al 50, en el barrio Villa Don Enrique de la capital chaque\u00f1a. &nbsp; Al arribar al lugar, los agentes confirmaron la veracidad del incidente y solicitaron la presencia urgente &hellip;<\/p>\n","protected":false},"author":9,"featured_media":117251,"comment_status":"open","ping_status":"open","sticky":false,"template":"","format":"standard","meta":{"content-type":"","_monsterinsights_skip_tracking":false,"_monsterinsights_sitenote_active":false,"_monsterinsights_sitenote_note":"","_monsterinsights_sitenote_category":0,"_jetpack_memberships_contains_paid_content":false,"footnotes":"","jetpack_publicize_message":"","jetpack_publicize_feature_enabled":true,"jetpack_social_post_already_shared":true,"jetpack_social_options":{"image_generator_settings":{"template":"highway","default_image_id":0,"font":"","enabled":false},"version":2}},"categories":[86],"tags":[],"class_list":["post-117250","post","type-post","status-publish","format-standard","has-post-thumbnail","hentry","category-policiales"],"yoast_head":"<!-- This site is optimized with the Yoast SEO plugin v27.4 - https:\/\/yoast.com\/product\/yoast-seo-wordpress\/ -->\n<title>RESISTENCIA: UN CALOVENTOR HABR\u00cdA PROVOCADO EL INCENDIO DE UNA VIVIENDA EN VILLA DON ENRIQUE | Al Dia Chaco<\/title>\n<meta name=\"robots\" content=\"index, follow, max-snippet:-1, max-image-preview:large, max-video-preview:-1\" \/>\n<link rel=\"canonical\" href=\"https:\/\/aldiachaco.com.ar\/index.php\/2026\/02\/23\/resistencia-un-caloventor-habria-provocado-el-incendio-de-una-vivienda-en-villa-don-enrique\/\" \/>\n<meta property=\"og:locale\" content=\"es_ES\" \/>\n<meta property=\"og:type\" content=\"article\" \/>\n<meta property=\"og:title\" content=\"RESISTENCIA: UN CALOVENTOR HABR\u00cdA PROVOCADO EL INCENDIO DE UNA VIVIENDA EN VILLA DON ENRIQUE | Al Dia Chaco\" \/>\n<meta property=\"og:description\" content=\"Pasadas las 20:50 de este lunes, efectivos de la Comisar\u00eda Cuarta Metropolitana intervinieron en un siniestro \u00edgneo registrado en un domicilio ubicado sobre la calle Misiones al 50, en el barrio Villa Don Enrique de la capital chaque\u00f1a. &nbsp; Al arribar al lugar, los agentes confirmaron la veracidad del incidente y solicitaron la presencia urgente &hellip;\" \/>\n<meta property=\"og:url\" content=\"https:\/\/aldiachaco.com.ar\/index.php\/2026\/02\/23\/resistencia-un-caloventor-habria-provocado-el-incendio-de-una-vivienda-en-villa-don-enrique\/\" \/>\n<meta property=\"og:site_name\" content=\"Al Dia Chaco\" \/>\n<meta property=\"article:published_time\" content=\"2026-02-24T01:18:16+00:00\" \/>\n<meta property=\"og:image\" content=\"https:\/\/aldiachaco.com.ar\/wp-content\/uploads\/2026\/02\/IMG-20260223-WA0074.jpg\" \/>\n\t<meta property=\"og:image:width\" content=\"719\" \/>\n\t<meta property=\"og:image:height\" content=\"1600\" \/>\n\t<meta property=\"og:image:type\" content=\"image\/jpeg\" \/>\n<meta name=\"author\" content=\"RedaccionRM\" \/>\n<meta name=\"twitter:card\" content=\"summary_large_image\" \/>\n<meta name=\"twitter:label1\" content=\"Escrito por\" \/>\n\t<meta name=\"twitter:data1\" content=\"RedaccionRM\" \/>\n\t<meta name=\"twitter:label2\" content=\"Tiempo de lectura\" \/>\n\t<meta name=\"twitter:data2\" content=\"1 minuto\" \/>\n<script type=\"application\/ld+json\" class=\"yoast-schema-graph\">{\"@context\":\"https:\\\/\\\/schema.org\",\"@graph\":[{\"@type\":\"Article\",\"@id\":\"https:\\\/\\\/aldiachaco.com.ar\\\/index.php\\\/2026\\\/02\\\/23\\\/resistencia-un-caloventor-habria-provocado-el-incendio-de-una-vivienda-en-villa-don-enrique\\\/#article\",\"isPartOf\":{\"@id\":\"https:\\\/\\\/aldiachaco.com.ar\\\/index.php\\\/2026\\\/02\\\/23\\\/resistencia-un-caloventor-habria-provocado-el-incendio-de-una-vivienda-en-villa-don-enrique\\\/\"},\"author\":{\"name\":\"RedaccionRM\",\"@id\":\"https:\\\/\\\/aldiachaco.com.ar\\\/#\\\/schema\\\/person\\\/b24e975af8022082f5889a7a7299e962\"},\"headline\":\"RESISTENCIA: UN CALOVENTOR HABR\u00cdA PROVOCADO EL INCENDIO DE UNA VIVIENDA EN VILLA DON ENRIQUE\",\"datePublished\":\"2026-02-24T01:18:16+00:00\",\"mainEntityOfPage\":{\"@id\":\"https:\\\/\\\/aldiachaco.com.ar\\\/index.php\\\/2026\\\/02\\\/23\\\/resistencia-un-caloventor-habria-provocado-el-incendio-de-una-vivienda-en-villa-don-enrique\\\/\"},\"wordCount\":178,\"commentCount\":0,\"publisher\":{\"@id\":\"https:\\\/\\\/aldiachaco.com.ar\\\/#organization\"},\"image\":{\"@id\":\"https:\\\/\\\/aldiachaco.com.ar\\\/index.php\\\/2026\\\/02\\\/23\\\/resistencia-un-caloventor-habria-provocado-el-incendio-de-una-vivienda-en-villa-don-enrique\\\/#primaryimage\"},\"thumbnailUrl\":\"https:\\\/\\\/aldiachaco.com.ar\\\/wp-content\\\/uploads\\\/2026\\\/02\\\/IMG-20260223-WA0074.jpg\",\"articleSection\":[\"Policiales\"],\"inLanguage\":\"es-AR\",\"potentialAction\":[{\"@type\":\"CommentAction\",\"name\":\"Comment\",\"target\":[\"https:\\\/\\\/aldiachaco.com.ar\\\/index.php\\\/2026\\\/02\\\/23\\\/resistencia-un-caloventor-habria-provocado-el-incendio-de-una-vivienda-en-villa-don-enrique\\\/#respond\"]}]},{\"@type\":\"WebPage\",\"@id\":\"https:\\\/\\\/aldiachaco.com.ar\\\/index.php\\\/2026\\\/02\\\/23\\\/resistencia-un-caloventor-habria-provocado-el-incendio-de-una-vivienda-en-villa-don-enrique\\\/\",\"url\":\"https:\\\/\\\/aldiachaco.com.ar\\\/index.php\\\/2026\\\/02\\\/23\\\/resistencia-un-caloventor-habria-provocado-el-incendio-de-una-vivienda-en-villa-don-enrique\\\/\",\"name\":\"RESISTENCIA: UN CALOVENTOR HABR\u00cdA PROVOCADO EL INCENDIO DE UNA VIVIENDA EN VILLA DON ENRIQUE | Al Dia Chaco\",\"isPartOf\":{\"@id\":\"https:\\\/\\\/aldiachaco.com.ar\\\/#website\"},\"primaryImageOfPage\":{\"@id\":\"https:\\\/\\\/aldiachaco.com.ar\\\/index.php\\\/2026\\\/02\\\/23\\\/resistencia-un-caloventor-habria-provocado-el-incendio-de-una-vivienda-en-villa-don-enrique\\\/#primaryimage\"},\"image\":{\"@id\":\"https:\\\/\\\/aldiachaco.com.ar\\\/index.php\\\/2026\\\/02\\\/23\\\/resistencia-un-caloventor-habria-provocado-el-incendio-de-una-vivienda-en-villa-don-enrique\\\/#primaryimage\"},\"thumbnailUrl\":\"https:\\\/\\\/aldiachaco.com.ar\\\/wp-content\\\/uploads\\\/2026\\\/02\\\/IMG-20260223-WA0074.jpg\",\"datePublished\":\"2026-02-24T01:18:16+00:00\",\"breadcrumb\":{\"@id\":\"https:\\\/\\\/aldiachaco.com.ar\\\/index.php\\\/2026\\\/02\\\/23\\\/resistencia-un-caloventor-habria-provocado-el-incendio-de-una-vivienda-en-villa-don-enrique\\\/#breadcrumb\"},\"inLanguage\":\"es-AR\",\"potentialAction\":[{\"@type\":\"ReadAction\",\"target\":[\"https:\\\/\\\/aldiachaco.com.ar\\\/index.php\\\/2026\\\/02\\\/23\\\/resistencia-un-caloventor-habria-provocado-el-incendio-de-una-vivienda-en-villa-don-enrique\\\/\"]}]},{\"@type\":\"ImageObject\",\"inLanguage\":\"es-AR\",\"@id\":\"https:\\\/\\\/aldiachaco.com.ar\\\/index.php\\\/2026\\\/02\\\/23\\\/resistencia-un-caloventor-habria-provocado-el-incendio-de-una-vivienda-en-villa-don-enrique\\\/#primaryimage\",\"url\":\"https:\\\/\\\/aldiachaco.com.ar\\\/wp-content\\\/uploads\\\/2026\\\/02\\\/IMG-20260223-WA0074.jpg\",\"contentUrl\":\"https:\\\/\\\/aldiachaco.com.ar\\\/wp-content\\\/uploads\\\/2026\\\/02\\\/IMG-20260223-WA0074.jpg\",\"width\":719,\"height\":1600},{\"@type\":\"BreadcrumbList\",\"@id\":\"https:\\\/\\\/aldiachaco.com.ar\\\/index.php\\\/2026\\\/02\\\/23\\\/resistencia-un-caloventor-habria-provocado-el-incendio-de-una-vivienda-en-villa-don-enrique\\\/#breadcrumb\",\"itemListElement\":[{\"@type\":\"ListItem\",\"position\":1,\"name\":\"Home\",\"item\":\"https:\\\/\\\/aldiachaco.com.ar\\\/\"},{\"@type\":\"ListItem\",\"position\":2,\"name\":\"RESISTENCIA: UN CALOVENTOR HABR\u00cdA PROVOCADO EL INCENDIO DE UNA VIVIENDA EN VILLA DON ENRIQUE\"}]},{\"@type\":\"WebSite\",\"@id\":\"https:\\\/\\\/aldiachaco.com.ar\\\/#website\",\"url\":\"https:\\\/\\\/aldiachaco.com.ar\\\/\",\"name\":\"Al Dia Chaco\",\"description\":\"Noticias del Chaco y el mundo\",\"publisher\":{\"@id\":\"https:\\\/\\\/aldiachaco.com.ar\\\/#organization\"},\"alternateName\":\"Al D\u00eda Chaco\",\"potentialAction\":[{\"@type\":\"SearchAction\",\"target\":{\"@type\":\"EntryPoint\",\"urlTemplate\":\"https:\\\/\\\/aldiachaco.com.ar\\\/?s={search_term_string}\"},\"query-input\":{\"@type\":\"PropertyValueSpecification\",\"valueRequired\":true,\"valueName\":\"search_term_string\"}}],\"inLanguage\":\"es-AR\"},{\"@type\":\"Organization\",\"@id\":\"https:\\\/\\\/aldiachaco.com.ar\\\/#organization\",\"name\":\"Al Dia Chaco\",\"url\":\"https:\\\/\\\/aldiachaco.com.ar\\\/\",\"logo\":{\"@type\":\"ImageObject\",\"inLanguage\":\"es-AR\",\"@id\":\"https:\\\/\\\/aldiachaco.com.ar\\\/#\\\/schema\\\/logo\\\/image\\\/\",\"url\":\"https:\\\/\\\/aldiachaco.com.ar\\\/wp-content\\\/uploads\\\/2017\\\/11\\\/AL-DIA-CHACO-L@2x.png\",\"contentUrl\":\"https:\\\/\\\/aldiachaco.com.ar\\\/wp-content\\\/uploads\\\/2017\\\/11\\\/AL-DIA-CHACO-L@2x.png\",\"width\":232,\"height\":60,\"caption\":\"Al Dia Chaco\"},\"image\":{\"@id\":\"https:\\\/\\\/aldiachaco.com.ar\\\/#\\\/schema\\\/logo\\\/image\\\/\"}},{\"@type\":\"Person\",\"@id\":\"https:\\\/\\\/aldiachaco.com.ar\\\/#\\\/schema\\\/person\\\/b24e975af8022082f5889a7a7299e962\",\"name\":\"RedaccionRM\",\"image\":{\"@type\":\"ImageObject\",\"inLanguage\":\"es-AR\",\"@id\":\"https:\\\/\\\/aldiachaco.com.ar\\\/wp-content\\\/litespeed\\\/avatar\\\/a30118fcb7a6295303f1c91164c6aba1.jpg?ver=1777339088\",\"url\":\"https:\\\/\\\/aldiachaco.com.ar\\\/wp-content\\\/litespeed\\\/avatar\\\/a30118fcb7a6295303f1c91164c6aba1.jpg?ver=1777339088\",\"contentUrl\":\"https:\\\/\\\/aldiachaco.com.ar\\\/wp-content\\\/litespeed\\\/avatar\\\/a30118fcb7a6295303f1c91164c6aba1.jpg?ver=1777339088\",\"caption\":\"RedaccionRM\"},\"url\":\"https:\\\/\\\/aldiachaco.com.ar\\\/index.php\\\/author\\\/redaccionrm\\\/\"}]}<\/script>\n<!-- \/ Yoast SEO plugin. -->","yoast_head_json":{"title":"RESISTENCIA: UN CALOVENTOR HABR\u00cdA PROVOCADO EL INCENDIO DE UNA VIVIENDA EN VILLA DON ENRIQUE | Al Dia Chaco","robots":{"index":"index","follow":"follow","max-snippet":"max-snippet:-1","max-image-preview":"max-image-preview:large","max-video-preview":"max-video-preview:-1"},"canonical":"https:\/\/aldiachaco.com.ar\/index.php\/2026\/02\/23\/resistencia-un-caloventor-habria-provocado-el-incendio-de-una-vivienda-en-villa-don-enrique\/","og_locale":"es_ES","og_type":"article","og_title":"RESISTENCIA: UN CALOVENTOR HABR\u00cdA PROVOCADO EL INCENDIO DE UNA VIVIENDA EN VILLA DON ENRIQUE | Al Dia Chaco","og_description":"Pasadas las 20:50 de este lunes, efectivos de la Comisar\u00eda Cuarta Metropolitana intervinieron en un siniestro \u00edgneo registrado en un domicilio ubicado sobre la calle Misiones al 50, en el barrio Villa Don Enrique de la capital chaque\u00f1a. &nbsp; Al arribar al lugar, los agentes confirmaron la veracidad del incidente y solicitaron la presencia urgente &hellip;","og_url":"https:\/\/aldiachaco.com.ar\/index.php\/2026\/02\/23\/resistencia-un-caloventor-habria-provocado-el-incendio-de-una-vivienda-en-villa-don-enrique\/","og_site_name":"Al Dia Chaco","article_published_time":"2026-02-24T01:18:16+00:00","og_image":[{"width":719,"height":1600,"url":"https:\/\/aldiachaco.com.ar\/wp-content\/uploads\/2026\/02\/IMG-20260223-WA0074.jpg","type":"image\/jpeg"}],"author":"RedaccionRM","twitter_card":"summary_large_image","twitter_misc":{"Escrito por":"RedaccionRM","Tiempo de lectura":"1 minuto"},"schema":{"@context":"https:\/\/schema.org","@graph":[{"@type":"Article","@id":"https:\/\/aldiachaco.com.ar\/index.php\/2026\/02\/23\/resistencia-un-caloventor-habria-provocado-el-incendio-de-una-vivienda-en-villa-don-enrique\/#article","isPartOf":{"@id":"https:\/\/aldiachaco.com.ar\/index.php\/2026\/02\/23\/resistencia-un-caloventor-habria-provocado-el-incendio-de-una-vivienda-en-villa-don-enrique\/"},"author":{"name":"RedaccionRM","@id":"https:\/\/aldiachaco.com.ar\/#\/schema\/person\/b24e975af8022082f5889a7a7299e962"},"headline":"RESISTENCIA: UN CALOVENTOR HABR\u00cdA PROVOCADO EL INCENDIO DE UNA VIVIENDA EN VILLA DON ENRIQUE","datePublished":"2026-02-24T01:18:16+00:00","mainEntityOfPage":{"@id":"https:\/\/aldiachaco.com.ar\/index.php\/2026\/02\/23\/resistencia-un-caloventor-habria-provocado-el-incendio-de-una-vivienda-en-villa-don-enrique\/"},"wordCount":178,"commentCount":0,"publisher":{"@id":"https:\/\/aldiachaco.com.ar\/#organization"},"image":{"@id":"https:\/\/aldiachaco.com.ar\/index.php\/2026\/02\/23\/resistencia-un-caloventor-habria-provocado-el-incendio-de-una-vivienda-en-villa-don-enrique\/#primaryimage"},"thumbnailUrl":"https:\/\/aldiachaco.com.ar\/wp-content\/uploads\/2026\/02\/IMG-20260223-WA0074.jpg","articleSection":["Policiales"],"inLanguage":"es-AR","potentialAction":[{"@type":"CommentAction","name":"Comment","target":["https:\/\/aldiachaco.com.ar\/index.php\/2026\/02\/23\/resistencia-un-caloventor-habria-provocado-el-incendio-de-una-vivienda-en-villa-don-enrique\/#respond"]}]},{"@type":"WebPage","@id":"https:\/\/aldiachaco.com.ar\/index.php\/2026\/02\/23\/resistencia-un-caloventor-habria-provocado-el-incendio-de-una-vivienda-en-villa-don-enrique\/","url":"https:\/\/aldiachaco.com.ar\/index.php\/2026\/02\/23\/resistencia-un-caloventor-habria-provocado-el-incendio-de-una-vivienda-en-villa-don-enrique\/","name":"RESISTENCIA: UN CALOVENTOR HABR\u00cdA PROVOCADO EL INCENDIO DE UNA VIVIENDA EN VILLA DON ENRIQUE | Al Dia Chaco","isPartOf":{"@id":"https:\/\/aldiachaco.com.ar\/#website"},"primaryImageOfPage":{"@id":"https:\/\/aldiachaco.com.ar\/index.php\/2026\/02\/23\/resistencia-un-caloventor-habria-provocado-el-incendio-de-una-vivienda-en-villa-don-enrique\/#primaryimage"},"image":{"@id":"https:\/\/aldiachaco.com.ar\/index.php\/2026\/02\/23\/resistencia-un-caloventor-habria-provocado-el-incendio-de-una-vivienda-en-villa-don-enrique\/#primaryimage"},"thumbnailUrl":"https:\/\/aldiachaco.com.ar\/wp-content\/uploads\/2026\/02\/IMG-20260223-WA0074.jpg","datePublished":"2026-02-24T01:18:16+00:00","breadcrumb":{"@id":"https:\/\/aldiachaco.com.ar\/index.php\/2026\/02\/23\/resistencia-un-caloventor-habria-provocado-el-incendio-de-una-vivienda-en-villa-don-enrique\/#breadcrumb"},"inLanguage":"es-AR","potentialAction":[{"@type":"ReadAction","target":["https:\/\/aldiachaco.com.ar\/index.php\/2026\/02\/23\/resistencia-un-caloventor-habria-provocado-el-incendio-de-una-vivienda-en-villa-don-enrique\/"]}]},{"@type":"ImageObject","inLanguage":"es-AR","@id":"https:\/\/aldiachaco.com.ar\/index.php\/2026\/02\/23\/resistencia-un-caloventor-habria-provocado-el-incendio-de-una-vivienda-en-villa-don-enrique\/#primaryimage","url":"https:\/\/aldiachaco.com.ar\/wp-content\/uploads\/2026\/02\/IMG-20260223-WA0074.jpg","contentUrl":"https:\/\/aldiachaco.com.ar\/wp-content\/uploads\/2026\/02\/IMG-20260223-WA0074.jpg","width":719,"height":1600},{"@type":"BreadcrumbList","@id":"https:\/\/aldiachaco.com.ar\/index.php\/2026\/02\/23\/resistencia-un-caloventor-habria-provocado-el-incendio-de-una-vivienda-en-villa-don-enrique\/#breadcrumb","itemListElement":[{"@type":"ListItem","position":1,"name":"Home","item":"https:\/\/aldiachaco.com.ar\/"},{"@type":"ListItem","position":2,"name":"RESISTENCIA: UN CALOVENTOR HABR\u00cdA PROVOCADO EL INCENDIO DE UNA VIVIENDA EN VILLA DON ENRIQUE"}]},{"@type":"WebSite","@id":"https:\/\/aldiachaco.com.ar\/#website","url":"https:\/\/aldiachaco.com.ar\/","name":"Al Dia Chaco","description":"Noticias del Chaco y el mundo","publisher":{"@id":"https:\/\/aldiachaco.com.ar\/#organization"},"alternateName":"Al D\u00eda Chaco","potentialAction":[{"@type":"SearchAction","target":{"@type":"EntryPoint","urlTemplate":"https:\/\/aldiachaco.com.ar\/?s={search_term_string}"},"query-input":{"@type":"PropertyValueSpecification","valueRequired":true,"valueName":"search_term_string"}}],"inLanguage":"es-AR"},{"@type":"Organization","@id":"https:\/\/aldiachaco.com.ar\/#organization","name":"Al Dia Chaco","url":"https:\/\/aldiachaco.com.ar\/","logo":{"@type":"ImageObject","inLanguage":"es-AR","@id":"https:\/\/aldiachaco.com.ar\/#\/schema\/logo\/image\/","url":"https:\/\/aldiachaco.com.ar\/wp-content\/uploads\/2017\/11\/AL-DIA-CHACO-L@2x.png","contentUrl":"https:\/\/aldiachaco.com.ar\/wp-content\/uploads\/2017\/11\/AL-DIA-CHACO-L@2x.png","width":232,"height":60,"caption":"Al Dia Chaco"},"image":{"@id":"https:\/\/aldiachaco.com.ar\/#\/schema\/logo\/image\/"}},{"@type":"Person","@id":"https:\/\/aldiachaco.com.ar\/#\/schema\/person\/b24e975af8022082f5889a7a7299e962","name":"RedaccionRM","image":{"@type":"ImageObject","inLanguage":"es-AR","@id":"https:\/\/aldiachaco.com.ar\/wp-content\/litespeed\/avatar\/a30118fcb7a6295303f1c91164c6aba1.jpg?ver=1777339088","url":"https:\/\/aldiachaco.com.ar\/wp-content\/litespeed\/avatar\/a30118fcb7a6295303f1c91164c6aba1.jpg?ver=1777339088","contentUrl":"https:\/\/aldiachaco.com.ar\/wp-content\/litespeed\/avatar\/a30118fcb7a6295303f1c91164c6aba1.jpg?ver=1777339088","caption":"RedaccionRM"},"url":"https:\/\/aldiachaco.com.ar\/index.php\/author\/redaccionrm\/"}]}},"jetpack_publicize_connections":[],"jetpack_featured_media_url":"https:\/\/aldiachaco.com.ar\/wp-content\/uploads\/2026\/02\/IMG-20260223-WA0074.jpg","jetpack_sharing_enabled":true,"amp_enabled":true,"_links":{"self":[{"href":"https:\/\/aldiachaco.com.ar\/index.php\/wp-json\/wp\/v2\/posts\/117250","targetHints":{"allow":["GET"]}}],"collection":[{"href":"https:\/\/aldiachaco.com.ar\/index.php\/wp-json\/wp\/v2\/posts"}],"about":[{"href":"https:\/\/aldiachaco.com.ar\/index.php\/wp-json\/wp\/v2\/types\/post"}],"author":[{"embeddable":true,"href":"https:\/\/aldiachaco.com.ar\/index.php\/wp-json\/wp\/v2\/users\/9"}],"replies":[{"embeddable":true,"href":"https:\/\/aldiachaco.com.ar\/index.php\/wp-json\/wp\/v2\/comments?post=117250"}],"version-history":[{"count":1,"href":"https:\/\/aldiachaco.com.ar\/index.php\/wp-json\/wp\/v2\/posts\/117250\/revisions"}],"predecessor-version":[{"id":117252,"href":"https:\/\/aldiachaco.com.ar\/index.php\/wp-json\/wp\/v2\/posts\/117250\/revisions\/117252"}],"wp:featuredmedia":[{"embeddable":true,"href":"https:\/\/aldiachaco.com.ar\/index.php\/wp-json\/wp\/v2\/media\/117251"}],"wp:attachment":[{"href":"https:\/\/aldiachaco.com.ar\/index.php\/wp-json\/wp\/v2\/media?parent=117250"}],"wp:term":[{"taxonomy":"category","embeddable":true,"href":"https:\/\/aldiachaco.com.ar\/index.php\/wp-json\/wp\/v2\/categories?post=117250"},{"taxonomy":"post_tag","embeddable":true,"href":"https:\/\/aldiachaco.com.ar\/index.php\/wp-json\/wp\/v2\/tags?post=117250"}],"curies":[{"name":"wp","href":"https:\/\/api.w.org\/{rel}","templated":true}]}}