{"id":117244,"date":"2026-02-23T20:31:10","date_gmt":"2026-02-23T23:31:10","guid":{"rendered":"https:\/\/aldiachaco.com.ar\/?p=117244"},"modified":"2026-02-23T20:31:10","modified_gmt":"2026-02-23T23:31:10","slug":"mirtha-legrand-cumple-99-anos-los-4-momentos-iconicos-que-la-consagraron-como-emblema-de-la-television-argentina","status":"publish","type":"post","link":"https:\/\/aldiachaco.com.ar\/index.php\/2026\/02\/23\/mirtha-legrand-cumple-99-anos-los-4-momentos-iconicos-que-la-consagraron-como-emblema-de-la-television-argentina\/","title":{"rendered":"Mirtha Legrand cumple 99 a\u00f1os: los 4 momentos ic\u00f3nicos que la consagraron como emblema de la televisi\u00f3n argentina"},"content":{"rendered":"<p class=\"ds-markdown-paragraph\">Este 23 de febrero, Mirtha Legrand est\u00e1 de fiesta. La &#8220;Chiqui&#8221; celebra sus 99 a\u00f1os rodeada de familia y amigos en una cena \u00edntima organizada por su hija, Marcela Tinayre. En las redes sociales, sus seguidores no tardaron en felicitarla y recordar algunos de los momentos m\u00e1s ic\u00f3nicos de su extensa carrera, que la convirtieron en un emblema de la pantalla argentina y un fen\u00f3meno internacional.<\/p>\n<p class=\"ds-markdown-paragraph\"><strong>1. El exabrupto que se volvi\u00f3 hist\u00f3rico: &#8220;\u00a1Carajo, mierda!&#8221;<\/strong><\/p>\n<p class=\"ds-markdown-paragraph\">Uno de los momentos m\u00e1s virales de Mirtha ocurri\u00f3 fuera de c\u00e1mara. Durante una grabaci\u00f3n con su esposo, el director Daniel Tinayre, una serie de errores t\u00e9cnicos la sacaron de quicio. Enfurecida, lanz\u00f3: &#8220;No me calmo nada&#8230; \u00a1demasiado esfuerzo hago, carajo, mierda!&#8221;. La escena, filtrada a\u00f1os despu\u00e9s, mostr\u00f3 un lado desconocido de la conductora y se convirti\u00f3 en una frase c\u00e9lebre que ella misma termin\u00f3 adoptando con humor en sus programas .<\/p>\n<p class=\"ds-markdown-paragraph\"><strong>2. La pregunta m\u00e1s brutal de la historia: &#8220;\u00bfPor qu\u00e9 mataste a tus padres?&#8221;<\/strong><\/p>\n<p class=\"ds-markdown-paragraph\">La sinceridad de Mirtha no tiene l\u00edmites. En uno de sus almuerzos, entrevist\u00f3 a Sergio Schoklender, quien ya hab\u00eda cumplido condena por el parricidio de sus padres en 1981. Con una mezcla de cortes\u00eda exquisita y crudeza absoluta, solt\u00f3: &#8220;No te quiero incomodar, ni te quiero hacer pasar un mal momento&#8230; pero te quiero preguntar: \u00bfpor qu\u00e9 mataste a tus padres?&#8221;. La combinaci\u00f3n de su tono y la pregunta directa se convirti\u00f3 en uno de los momentos m\u00e1s recordados de la televisi\u00f3n argentina .<\/p>\n<p class=\"ds-markdown-paragraph\"><strong>3. &#8220;A esa&#8221;: el d\u00eda que Mirtha cant\u00f3 con Pimpinela<\/strong><\/p>\n<p class=\"ds-markdown-paragraph\">En 1991, la Chiqui sorprendi\u00f3 a todos al interpretar junto a Pimpinela el hit &#8220;A esa&#8221;. La conductora confes\u00f3 que no durmi\u00f3 la noche anterior para estudiar la letra y los gestos. El resultado fue tan perfecto que, cuando los hermanos Lucero volvieron a su mesa en 2025, el momento fue recordado como uno de los m\u00e1s entra\u00f1ables de su carrera .<\/p>\n<p class=\"ds-markdown-paragraph\"><strong>4. El sticker que conquist\u00f3 WhatsApp: el aplauso elegante<\/strong><\/p>\n<p class=\"ds-markdown-paragraph\">Mirtha es protagonista de incontables memes, pero hay un sticker de WhatsApp que se volvi\u00f3 universal: el de ella aplaudiendo con elegancia. El gesto surgi\u00f3 durante un almuerzo con Bandana, cuando Lissa Vera improvis\u00f3 un rap en vivo. El contraste entre el estilo urbano de la canci\u00f3n y la reacci\u00f3n sofisticada de Mirtha qued\u00f3 grabado en el imaginario popular .<\/p>\n<p class=\"ds-markdown-paragraph\"><strong>Una vida dedicada a la pantalla<\/strong><\/p>\n<p class=\"ds-markdown-paragraph\">Mirtha Legrand comenz\u00f3 su carrera en el cine a los 13 a\u00f1os y lleva m\u00e1s de ocho d\u00e9cadas frente a las c\u00e1maras. Su &#8220;almuerzo&#8221; dominical es un ritual nacional y su estilo inconfundible, una escuela para generaciones de periodistas y conductores. A sus 99 a\u00f1os, sigue siendo &#8220;la due\u00f1a de los almuerzos&#8221; y un emblema de la cultura argentina.<\/p>\n","protected":false},"excerpt":{"rendered":"<p>Este 23 de febrero, Mirtha Legrand est\u00e1 de fiesta. La &#8220;Chiqui&#8221; celebra sus 99 a\u00f1os rodeada de familia y amigos en una cena \u00edntima organizada por su hija, Marcela Tinayre. En las redes sociales, sus seguidores no tardaron en felicitarla y recordar algunos de los momentos m\u00e1s ic\u00f3nicos de su extensa carrera, que la convirtieron &hellip;<\/p>\n","protected":false},"author":9,"featured_media":117245,"comment_status":"open","ping_status":"open","sticky":false,"template":"","format":"standard","meta":{"content-type":"","_monsterinsights_skip_tracking":false,"_monsterinsights_sitenote_active":false,"_monsterinsights_sitenote_note":"","_monsterinsights_sitenote_category":0,"_jetpack_memberships_contains_paid_content":false,"footnotes":"","jetpack_publicize_message":"","jetpack_publicize_feature_enabled":true,"jetpack_social_post_already_shared":true,"jetpack_social_options":{"image_generator_settings":{"template":"highway","default_image_id":0,"font":"","enabled":false},"version":2}},"categories":[159],"tags":[],"class_list":["post-117244","post","type-post","status-publish","format-standard","has-post-thumbnail","hentry","category-espectaculos"],"yoast_head":"<!-- This site is optimized with the Yoast SEO plugin v27.4 - https:\/\/yoast.com\/product\/yoast-seo-wordpress\/ -->\n<title>Mirtha Legrand cumple 99 a\u00f1os: los 4 momentos ic\u00f3nicos que la consagraron como emblema de la televisi\u00f3n argentina | Al Dia Chaco<\/title>\n<meta name=\"robots\" content=\"index, follow, max-snippet:-1, max-image-preview:large, max-video-preview:-1\" \/>\n<link rel=\"canonical\" href=\"https:\/\/aldiachaco.com.ar\/index.php\/2026\/02\/23\/mirtha-legrand-cumple-99-anos-los-4-momentos-iconicos-que-la-consagraron-como-emblema-de-la-television-argentina\/\" \/>\n<meta property=\"og:locale\" content=\"es_ES\" \/>\n<meta property=\"og:type\" content=\"article\" \/>\n<meta property=\"og:title\" content=\"Mirtha Legrand cumple 99 a\u00f1os: los 4 momentos ic\u00f3nicos que la consagraron como emblema de la televisi\u00f3n argentina | Al Dia Chaco\" \/>\n<meta property=\"og:description\" content=\"Este 23 de febrero, Mirtha Legrand est\u00e1 de fiesta. La &#8220;Chiqui&#8221; celebra sus 99 a\u00f1os rodeada de familia y amigos en una cena \u00edntima organizada por su hija, Marcela Tinayre. En las redes sociales, sus seguidores no tardaron en felicitarla y recordar algunos de los momentos m\u00e1s ic\u00f3nicos de su extensa carrera, que la convirtieron &hellip;\" \/>\n<meta property=\"og:url\" content=\"https:\/\/aldiachaco.com.ar\/index.php\/2026\/02\/23\/mirtha-legrand-cumple-99-anos-los-4-momentos-iconicos-que-la-consagraron-como-emblema-de-la-television-argentina\/\" \/>\n<meta property=\"og:site_name\" content=\"Al Dia Chaco\" \/>\n<meta property=\"article:published_time\" content=\"2026-02-23T23:31:10+00:00\" \/>\n<meta property=\"og:image\" content=\"https:\/\/aldiachaco.com.ar\/wp-content\/uploads\/2026\/02\/2302mirta.jpg\" \/>\n\t<meta property=\"og:image:width\" content=\"1280\" \/>\n\t<meta property=\"og:image:height\" content=\"720\" \/>\n\t<meta property=\"og:image:type\" content=\"image\/jpeg\" \/>\n<meta name=\"author\" content=\"RedaccionRM\" \/>\n<meta name=\"twitter:card\" content=\"summary_large_image\" \/>\n<meta name=\"twitter:label1\" content=\"Escrito por\" \/>\n\t<meta name=\"twitter:data1\" content=\"RedaccionRM\" \/>\n\t<meta name=\"twitter:label2\" content=\"Tiempo de lectura\" \/>\n\t<meta name=\"twitter:data2\" content=\"3 minutos\" \/>\n<script type=\"application\/ld+json\" class=\"yoast-schema-graph\">{\"@context\":\"https:\\\/\\\/schema.org\",\"@graph\":[{\"@type\":\"Article\",\"@id\":\"https:\\\/\\\/aldiachaco.com.ar\\\/index.php\\\/2026\\\/02\\\/23\\\/mirtha-legrand-cumple-99-anos-los-4-momentos-iconicos-que-la-consagraron-como-emblema-de-la-television-argentina\\\/#article\",\"isPartOf\":{\"@id\":\"https:\\\/\\\/aldiachaco.com.ar\\\/index.php\\\/2026\\\/02\\\/23\\\/mirtha-legrand-cumple-99-anos-los-4-momentos-iconicos-que-la-consagraron-como-emblema-de-la-television-argentina\\\/\"},\"author\":{\"name\":\"RedaccionRM\",\"@id\":\"https:\\\/\\\/aldiachaco.com.ar\\\/#\\\/schema\\\/person\\\/b24e975af8022082f5889a7a7299e962\"},\"headline\":\"Mirtha Legrand cumple 99 a\u00f1os: los 4 momentos ic\u00f3nicos que la consagraron como emblema de la televisi\u00f3n argentina\",\"datePublished\":\"2026-02-23T23:31:10+00:00\",\"mainEntityOfPage\":{\"@id\":\"https:\\\/\\\/aldiachaco.com.ar\\\/index.php\\\/2026\\\/02\\\/23\\\/mirtha-legrand-cumple-99-anos-los-4-momentos-iconicos-que-la-consagraron-como-emblema-de-la-television-argentina\\\/\"},\"wordCount\":485,\"commentCount\":0,\"publisher\":{\"@id\":\"https:\\\/\\\/aldiachaco.com.ar\\\/#organization\"},\"image\":{\"@id\":\"https:\\\/\\\/aldiachaco.com.ar\\\/index.php\\\/2026\\\/02\\\/23\\\/mirtha-legrand-cumple-99-anos-los-4-momentos-iconicos-que-la-consagraron-como-emblema-de-la-television-argentina\\\/#primaryimage\"},\"thumbnailUrl\":\"https:\\\/\\\/aldiachaco.com.ar\\\/wp-content\\\/uploads\\\/2026\\\/02\\\/2302mirta.jpg\",\"articleSection\":[\"Espect\u00e1culos\"],\"inLanguage\":\"es-AR\",\"potentialAction\":[{\"@type\":\"CommentAction\",\"name\":\"Comment\",\"target\":[\"https:\\\/\\\/aldiachaco.com.ar\\\/index.php\\\/2026\\\/02\\\/23\\\/mirtha-legrand-cumple-99-anos-los-4-momentos-iconicos-que-la-consagraron-como-emblema-de-la-television-argentina\\\/#respond\"]}]},{\"@type\":\"WebPage\",\"@id\":\"https:\\\/\\\/aldiachaco.com.ar\\\/index.php\\\/2026\\\/02\\\/23\\\/mirtha-legrand-cumple-99-anos-los-4-momentos-iconicos-que-la-consagraron-como-emblema-de-la-television-argentina\\\/\",\"url\":\"https:\\\/\\\/aldiachaco.com.ar\\\/index.php\\\/2026\\\/02\\\/23\\\/mirtha-legrand-cumple-99-anos-los-4-momentos-iconicos-que-la-consagraron-como-emblema-de-la-television-argentina\\\/\",\"name\":\"Mirtha Legrand cumple 99 a\u00f1os: los 4 momentos ic\u00f3nicos que la consagraron como emblema de la televisi\u00f3n argentina | Al Dia Chaco\",\"isPartOf\":{\"@id\":\"https:\\\/\\\/aldiachaco.com.ar\\\/#website\"},\"primaryImageOfPage\":{\"@id\":\"https:\\\/\\\/aldiachaco.com.ar\\\/index.php\\\/2026\\\/02\\\/23\\\/mirtha-legrand-cumple-99-anos-los-4-momentos-iconicos-que-la-consagraron-como-emblema-de-la-television-argentina\\\/#primaryimage\"},\"image\":{\"@id\":\"https:\\\/\\\/aldiachaco.com.ar\\\/index.php\\\/2026\\\/02\\\/23\\\/mirtha-legrand-cumple-99-anos-los-4-momentos-iconicos-que-la-consagraron-como-emblema-de-la-television-argentina\\\/#primaryimage\"},\"thumbnailUrl\":\"https:\\\/\\\/aldiachaco.com.ar\\\/wp-content\\\/uploads\\\/2026\\\/02\\\/2302mirta.jpg\",\"datePublished\":\"2026-02-23T23:31:10+00:00\",\"breadcrumb\":{\"@id\":\"https:\\\/\\\/aldiachaco.com.ar\\\/index.php\\\/2026\\\/02\\\/23\\\/mirtha-legrand-cumple-99-anos-los-4-momentos-iconicos-que-la-consagraron-como-emblema-de-la-television-argentina\\\/#breadcrumb\"},\"inLanguage\":\"es-AR\",\"potentialAction\":[{\"@type\":\"ReadAction\",\"target\":[\"https:\\\/\\\/aldiachaco.com.ar\\\/index.php\\\/2026\\\/02\\\/23\\\/mirtha-legrand-cumple-99-anos-los-4-momentos-iconicos-que-la-consagraron-como-emblema-de-la-television-argentina\\\/\"]}]},{\"@type\":\"ImageObject\",\"inLanguage\":\"es-AR\",\"@id\":\"https:\\\/\\\/aldiachaco.com.ar\\\/index.php\\\/2026\\\/02\\\/23\\\/mirtha-legrand-cumple-99-anos-los-4-momentos-iconicos-que-la-consagraron-como-emblema-de-la-television-argentina\\\/#primaryimage\",\"url\":\"https:\\\/\\\/aldiachaco.com.ar\\\/wp-content\\\/uploads\\\/2026\\\/02\\\/2302mirta.jpg\",\"contentUrl\":\"https:\\\/\\\/aldiachaco.com.ar\\\/wp-content\\\/uploads\\\/2026\\\/02\\\/2302mirta.jpg\",\"width\":1280,\"height\":720},{\"@type\":\"BreadcrumbList\",\"@id\":\"https:\\\/\\\/aldiachaco.com.ar\\\/index.php\\\/2026\\\/02\\\/23\\\/mirtha-legrand-cumple-99-anos-los-4-momentos-iconicos-que-la-consagraron-como-emblema-de-la-television-argentina\\\/#breadcrumb\",\"itemListElement\":[{\"@type\":\"ListItem\",\"position\":1,\"name\":\"Home\",\"item\":\"https:\\\/\\\/aldiachaco.com.ar\\\/\"},{\"@type\":\"ListItem\",\"position\":2,\"name\":\"Mirtha Legrand cumple 99 a\u00f1os: los 4 momentos ic\u00f3nicos que la consagraron como emblema de la televisi\u00f3n argentina\"}]},{\"@type\":\"WebSite\",\"@id\":\"https:\\\/\\\/aldiachaco.com.ar\\\/#website\",\"url\":\"https:\\\/\\\/aldiachaco.com.ar\\\/\",\"name\":\"Al Dia Chaco\",\"description\":\"Noticias del Chaco y el mundo\",\"publisher\":{\"@id\":\"https:\\\/\\\/aldiachaco.com.ar\\\/#organization\"},\"alternateName\":\"Al D\u00eda Chaco\",\"potentialAction\":[{\"@type\":\"SearchAction\",\"target\":{\"@type\":\"EntryPoint\",\"urlTemplate\":\"https:\\\/\\\/aldiachaco.com.ar\\\/?s={search_term_string}\"},\"query-input\":{\"@type\":\"PropertyValueSpecification\",\"valueRequired\":true,\"valueName\":\"search_term_string\"}}],\"inLanguage\":\"es-AR\"},{\"@type\":\"Organization\",\"@id\":\"https:\\\/\\\/aldiachaco.com.ar\\\/#organization\",\"name\":\"Al Dia Chaco\",\"url\":\"https:\\\/\\\/aldiachaco.com.ar\\\/\",\"logo\":{\"@type\":\"ImageObject\",\"inLanguage\":\"es-AR\",\"@id\":\"https:\\\/\\\/aldiachaco.com.ar\\\/#\\\/schema\\\/logo\\\/image\\\/\",\"url\":\"https:\\\/\\\/aldiachaco.com.ar\\\/wp-content\\\/uploads\\\/2017\\\/11\\\/AL-DIA-CHACO-L@2x.png\",\"contentUrl\":\"https:\\\/\\\/aldiachaco.com.ar\\\/wp-content\\\/uploads\\\/2017\\\/11\\\/AL-DIA-CHACO-L@2x.png\",\"width\":232,\"height\":60,\"caption\":\"Al Dia Chaco\"},\"image\":{\"@id\":\"https:\\\/\\\/aldiachaco.com.ar\\\/#\\\/schema\\\/logo\\\/image\\\/\"}},{\"@type\":\"Person\",\"@id\":\"https:\\\/\\\/aldiachaco.com.ar\\\/#\\\/schema\\\/person\\\/b24e975af8022082f5889a7a7299e962\",\"name\":\"RedaccionRM\",\"image\":{\"@type\":\"ImageObject\",\"inLanguage\":\"es-AR\",\"@id\":\"https:\\\/\\\/aldiachaco.com.ar\\\/wp-content\\\/litespeed\\\/avatar\\\/a30118fcb7a6295303f1c91164c6aba1.jpg?ver=1777339088\",\"url\":\"https:\\\/\\\/aldiachaco.com.ar\\\/wp-content\\\/litespeed\\\/avatar\\\/a30118fcb7a6295303f1c91164c6aba1.jpg?ver=1777339088\",\"contentUrl\":\"https:\\\/\\\/aldiachaco.com.ar\\\/wp-content\\\/litespeed\\\/avatar\\\/a30118fcb7a6295303f1c91164c6aba1.jpg?ver=1777339088\",\"caption\":\"RedaccionRM\"},\"url\":\"https:\\\/\\\/aldiachaco.com.ar\\\/index.php\\\/author\\\/redaccionrm\\\/\"}]}<\/script>\n<!-- \/ Yoast SEO plugin. -->","yoast_head_json":{"title":"Mirtha Legrand cumple 99 a\u00f1os: los 4 momentos ic\u00f3nicos que la consagraron como emblema de la televisi\u00f3n argentina | Al Dia Chaco","robots":{"index":"index","follow":"follow","max-snippet":"max-snippet:-1","max-image-preview":"max-image-preview:large","max-video-preview":"max-video-preview:-1"},"canonical":"https:\/\/aldiachaco.com.ar\/index.php\/2026\/02\/23\/mirtha-legrand-cumple-99-anos-los-4-momentos-iconicos-que-la-consagraron-como-emblema-de-la-television-argentina\/","og_locale":"es_ES","og_type":"article","og_title":"Mirtha Legrand cumple 99 a\u00f1os: los 4 momentos ic\u00f3nicos que la consagraron como emblema de la televisi\u00f3n argentina | Al Dia Chaco","og_description":"Este 23 de febrero, Mirtha Legrand est\u00e1 de fiesta. La &#8220;Chiqui&#8221; celebra sus 99 a\u00f1os rodeada de familia y amigos en una cena \u00edntima organizada por su hija, Marcela Tinayre. En las redes sociales, sus seguidores no tardaron en felicitarla y recordar algunos de los momentos m\u00e1s ic\u00f3nicos de su extensa carrera, que la convirtieron &hellip;","og_url":"https:\/\/aldiachaco.com.ar\/index.php\/2026\/02\/23\/mirtha-legrand-cumple-99-anos-los-4-momentos-iconicos-que-la-consagraron-como-emblema-de-la-television-argentina\/","og_site_name":"Al Dia Chaco","article_published_time":"2026-02-23T23:31:10+00:00","og_image":[{"width":1280,"height":720,"url":"https:\/\/aldiachaco.com.ar\/wp-content\/uploads\/2026\/02\/2302mirta.jpg","type":"image\/jpeg"}],"author":"RedaccionRM","twitter_card":"summary_large_image","twitter_misc":{"Escrito por":"RedaccionRM","Tiempo de lectura":"3 minutos"},"schema":{"@context":"https:\/\/schema.org","@graph":[{"@type":"Article","@id":"https:\/\/aldiachaco.com.ar\/index.php\/2026\/02\/23\/mirtha-legrand-cumple-99-anos-los-4-momentos-iconicos-que-la-consagraron-como-emblema-de-la-television-argentina\/#article","isPartOf":{"@id":"https:\/\/aldiachaco.com.ar\/index.php\/2026\/02\/23\/mirtha-legrand-cumple-99-anos-los-4-momentos-iconicos-que-la-consagraron-como-emblema-de-la-television-argentina\/"},"author":{"name":"RedaccionRM","@id":"https:\/\/aldiachaco.com.ar\/#\/schema\/person\/b24e975af8022082f5889a7a7299e962"},"headline":"Mirtha Legrand cumple 99 a\u00f1os: los 4 momentos ic\u00f3nicos que la consagraron como emblema de la televisi\u00f3n argentina","datePublished":"2026-02-23T23:31:10+00:00","mainEntityOfPage":{"@id":"https:\/\/aldiachaco.com.ar\/index.php\/2026\/02\/23\/mirtha-legrand-cumple-99-anos-los-4-momentos-iconicos-que-la-consagraron-como-emblema-de-la-television-argentina\/"},"wordCount":485,"commentCount":0,"publisher":{"@id":"https:\/\/aldiachaco.com.ar\/#organization"},"image":{"@id":"https:\/\/aldiachaco.com.ar\/index.php\/2026\/02\/23\/mirtha-legrand-cumple-99-anos-los-4-momentos-iconicos-que-la-consagraron-como-emblema-de-la-television-argentina\/#primaryimage"},"thumbnailUrl":"https:\/\/aldiachaco.com.ar\/wp-content\/uploads\/2026\/02\/2302mirta.jpg","articleSection":["Espect\u00e1culos"],"inLanguage":"es-AR","potentialAction":[{"@type":"CommentAction","name":"Comment","target":["https:\/\/aldiachaco.com.ar\/index.php\/2026\/02\/23\/mirtha-legrand-cumple-99-anos-los-4-momentos-iconicos-que-la-consagraron-como-emblema-de-la-television-argentina\/#respond"]}]},{"@type":"WebPage","@id":"https:\/\/aldiachaco.com.ar\/index.php\/2026\/02\/23\/mirtha-legrand-cumple-99-anos-los-4-momentos-iconicos-que-la-consagraron-como-emblema-de-la-television-argentina\/","url":"https:\/\/aldiachaco.com.ar\/index.php\/2026\/02\/23\/mirtha-legrand-cumple-99-anos-los-4-momentos-iconicos-que-la-consagraron-como-emblema-de-la-television-argentina\/","name":"Mirtha Legrand cumple 99 a\u00f1os: los 4 momentos ic\u00f3nicos que la consagraron como emblema de la televisi\u00f3n argentina | Al Dia Chaco","isPartOf":{"@id":"https:\/\/aldiachaco.com.ar\/#website"},"primaryImageOfPage":{"@id":"https:\/\/aldiachaco.com.ar\/index.php\/2026\/02\/23\/mirtha-legrand-cumple-99-anos-los-4-momentos-iconicos-que-la-consagraron-como-emblema-de-la-television-argentina\/#primaryimage"},"image":{"@id":"https:\/\/aldiachaco.com.ar\/index.php\/2026\/02\/23\/mirtha-legrand-cumple-99-anos-los-4-momentos-iconicos-que-la-consagraron-como-emblema-de-la-television-argentina\/#primaryimage"},"thumbnailUrl":"https:\/\/aldiachaco.com.ar\/wp-content\/uploads\/2026\/02\/2302mirta.jpg","datePublished":"2026-02-23T23:31:10+00:00","breadcrumb":{"@id":"https:\/\/aldiachaco.com.ar\/index.php\/2026\/02\/23\/mirtha-legrand-cumple-99-anos-los-4-momentos-iconicos-que-la-consagraron-como-emblema-de-la-television-argentina\/#breadcrumb"},"inLanguage":"es-AR","potentialAction":[{"@type":"ReadAction","target":["https:\/\/aldiachaco.com.ar\/index.php\/2026\/02\/23\/mirtha-legrand-cumple-99-anos-los-4-momentos-iconicos-que-la-consagraron-como-emblema-de-la-television-argentina\/"]}]},{"@type":"ImageObject","inLanguage":"es-AR","@id":"https:\/\/aldiachaco.com.ar\/index.php\/2026\/02\/23\/mirtha-legrand-cumple-99-anos-los-4-momentos-iconicos-que-la-consagraron-como-emblema-de-la-television-argentina\/#primaryimage","url":"https:\/\/aldiachaco.com.ar\/wp-content\/uploads\/2026\/02\/2302mirta.jpg","contentUrl":"https:\/\/aldiachaco.com.ar\/wp-content\/uploads\/2026\/02\/2302mirta.jpg","width":1280,"height":720},{"@type":"BreadcrumbList","@id":"https:\/\/aldiachaco.com.ar\/index.php\/2026\/02\/23\/mirtha-legrand-cumple-99-anos-los-4-momentos-iconicos-que-la-consagraron-como-emblema-de-la-television-argentina\/#breadcrumb","itemListElement":[{"@type":"ListItem","position":1,"name":"Home","item":"https:\/\/aldiachaco.com.ar\/"},{"@type":"ListItem","position":2,"name":"Mirtha Legrand cumple 99 a\u00f1os: los 4 momentos ic\u00f3nicos que la consagraron como emblema de la televisi\u00f3n argentina"}]},{"@type":"WebSite","@id":"https:\/\/aldiachaco.com.ar\/#website","url":"https:\/\/aldiachaco.com.ar\/","name":"Al Dia Chaco","description":"Noticias del Chaco y el mundo","publisher":{"@id":"https:\/\/aldiachaco.com.ar\/#organization"},"alternateName":"Al D\u00eda Chaco","potentialAction":[{"@type":"SearchAction","target":{"@type":"EntryPoint","urlTemplate":"https:\/\/aldiachaco.com.ar\/?s={search_term_string}"},"query-input":{"@type":"PropertyValueSpecification","valueRequired":true,"valueName":"search_term_string"}}],"inLanguage":"es-AR"},{"@type":"Organization","@id":"https:\/\/aldiachaco.com.ar\/#organization","name":"Al Dia Chaco","url":"https:\/\/aldiachaco.com.ar\/","logo":{"@type":"ImageObject","inLanguage":"es-AR","@id":"https:\/\/aldiachaco.com.ar\/#\/schema\/logo\/image\/","url":"https:\/\/aldiachaco.com.ar\/wp-content\/uploads\/2017\/11\/AL-DIA-CHACO-L@2x.png","contentUrl":"https:\/\/aldiachaco.com.ar\/wp-content\/uploads\/2017\/11\/AL-DIA-CHACO-L@2x.png","width":232,"height":60,"caption":"Al Dia Chaco"},"image":{"@id":"https:\/\/aldiachaco.com.ar\/#\/schema\/logo\/image\/"}},{"@type":"Person","@id":"https:\/\/aldiachaco.com.ar\/#\/schema\/person\/b24e975af8022082f5889a7a7299e962","name":"RedaccionRM","image":{"@type":"ImageObject","inLanguage":"es-AR","@id":"https:\/\/aldiachaco.com.ar\/wp-content\/litespeed\/avatar\/a30118fcb7a6295303f1c91164c6aba1.jpg?ver=1777339088","url":"https:\/\/aldiachaco.com.ar\/wp-content\/litespeed\/avatar\/a30118fcb7a6295303f1c91164c6aba1.jpg?ver=1777339088","contentUrl":"https:\/\/aldiachaco.com.ar\/wp-content\/litespeed\/avatar\/a30118fcb7a6295303f1c91164c6aba1.jpg?ver=1777339088","caption":"RedaccionRM"},"url":"https:\/\/aldiachaco.com.ar\/index.php\/author\/redaccionrm\/"}]}},"jetpack_publicize_connections":[],"jetpack_featured_media_url":"https:\/\/aldiachaco.com.ar\/wp-content\/uploads\/2026\/02\/2302mirta.jpg","jetpack_sharing_enabled":true,"amp_enabled":true,"_links":{"self":[{"href":"https:\/\/aldiachaco.com.ar\/index.php\/wp-json\/wp\/v2\/posts\/117244","targetHints":{"allow":["GET"]}}],"collection":[{"href":"https:\/\/aldiachaco.com.ar\/index.php\/wp-json\/wp\/v2\/posts"}],"about":[{"href":"https:\/\/aldiachaco.com.ar\/index.php\/wp-json\/wp\/v2\/types\/post"}],"author":[{"embeddable":true,"href":"https:\/\/aldiachaco.com.ar\/index.php\/wp-json\/wp\/v2\/users\/9"}],"replies":[{"embeddable":true,"href":"https:\/\/aldiachaco.com.ar\/index.php\/wp-json\/wp\/v2\/comments?post=117244"}],"version-history":[{"count":1,"href":"https:\/\/aldiachaco.com.ar\/index.php\/wp-json\/wp\/v2\/posts\/117244\/revisions"}],"predecessor-version":[{"id":117246,"href":"https:\/\/aldiachaco.com.ar\/index.php\/wp-json\/wp\/v2\/posts\/117244\/revisions\/117246"}],"wp:featuredmedia":[{"embeddable":true,"href":"https:\/\/aldiachaco.com.ar\/index.php\/wp-json\/wp\/v2\/media\/117245"}],"wp:attachment":[{"href":"https:\/\/aldiachaco.com.ar\/index.php\/wp-json\/wp\/v2\/media?parent=117244"}],"wp:term":[{"taxonomy":"category","embeddable":true,"href":"https:\/\/aldiachaco.com.ar\/index.php\/wp-json\/wp\/v2\/categories?post=117244"},{"taxonomy":"post_tag","embeddable":true,"href":"https:\/\/aldiachaco.com.ar\/index.php\/wp-json\/wp\/v2\/tags?post=117244"}],"curies":[{"name":"wp","href":"https:\/\/api.w.org\/{rel}","templated":true}]}}