{"id":117241,"date":"2026-02-23T20:18:10","date_gmt":"2026-02-23T23:18:10","guid":{"rendered":"https:\/\/aldiachaco.com.ar\/?p=117241"},"modified":"2026-02-23T20:18:10","modified_gmt":"2026-02-23T23:18:10","slug":"bomba-internacional-aseguran-que-juliana-awada-y-el-rey-felipe-vi-de-espana-viven-un-intenso-romance","status":"publish","type":"post","link":"https:\/\/aldiachaco.com.ar\/index.php\/2026\/02\/23\/bomba-internacional-aseguran-que-juliana-awada-y-el-rey-felipe-vi-de-espana-viven-un-intenso-romance\/","title":{"rendered":"Bomba internacional: aseguran que Juliana Awada y el rey Felipe VI de Espa\u00f1a viven un intenso romance"},"content":{"rendered":"<p class=\"ds-markdown-paragraph\">Un rumor que sacude tanto al espect\u00e1culo argentino como a la corona espa\u00f1ola estall\u00f3 este lunes: la ex primera dama Juliana Awada, recientemente separada de Mauricio Macri, habr\u00eda iniciado un apasionado romance con el rey Felipe VI de Espa\u00f1a . La versi\u00f3n fue lanzada por Rodrigo Lussich en Intrusos y r\u00e1pidamente se replic\u00f3 en medios de ambos lados del Atl\u00e1ntico .<\/p>\n<p class=\"ds-markdown-paragraph\"><strong>El origen del rumor<\/strong><\/p>\n<p class=\"ds-markdown-paragraph\">Seg\u00fan la informaci\u00f3n difundida por Lussich, los comentarios provienen del &#8220;c\u00edrculo rojo&#8221; argentino, integrado por empresarios, banqueros y lobistas\u00a0. &#8220;Dicen que Juliana Awada est\u00e1 muy cerca de un espa\u00f1ol. Este espa\u00f1ol est\u00e1 casado con una espa\u00f1ola. \u00c9l estar\u00eda separado de su mujer, pero las circunstancias lo han obligado a continuar&#8221;, sostuvo el periodista en pantalla, para luego precisar: &#8220;Estamos hablando del rey Felipe VI de Borb\u00f3n y de Juliana Awada&#8221;\u00a0.<\/p>\n<p class=\"ds-markdown-paragraph\">La versi\u00f3n cobra fuerza en un contexto donde desde hace meses la prensa espa\u00f1ola especula con una crisis en el matrimonio real. Seg\u00fan trascendi\u00f3, Felipe VI y la reina Letizia Ortiz estar\u00edan separados &#8220;desde 2012&#8221;, pero habr\u00edan acordado mantener las formas institucionales hasta que la princesa Leonor, heredera al trono, alcanzara la mayor\u00eda de edad\u00a0. Leonor tiene actualmente 20 a\u00f1os, por lo que, de ser cierto ese pacto, ya estar\u00edan en condiciones de blanquear la situaci\u00f3n\u00a0.<\/p>\n<p class=\"ds-markdown-paragraph\"><strong>Un encuentro que hoy cobra otro sentido<\/strong><\/p>\n<p class=\"ds-markdown-paragraph\">Los panelistas de Intrusos rescataron im\u00e1genes de la visita de Estado de los Reyes a la Argentina en 2019, cuando Mauricio Macri era presidente. En aquellas fotograf\u00edas, Juliana Awada y Letizia Ortiz protagonizaron un recordado &#8220;duelo de estilos&#8221;, pero ahora los analistas de la prensa rosa releen las im\u00e1genes bajo una nueva \u00f3ptica\u00a0. &#8220;Ac\u00e1 el rey ya la mira con codicia a Juliana. Esta foto es el comienzo de lo que hoy podr\u00eda ser la concreci\u00f3n de un romance&#8221;, lanz\u00f3 Lussich al analizar una de las instant\u00e1neas\u00a0.<\/p>\n<p class=\"ds-markdown-paragraph\"><strong>&#8220;Tendr\u00edamos una segunda reina argentina&#8221;<\/strong><\/p>\n<p class=\"ds-markdown-paragraph\">En el programa, Daniel Ambrosino destac\u00f3 el impacto simb\u00f3lico que tendr\u00eda para Argentina: &#8220;De concretarse esta pareja, tendr\u00edamos una segunda reina argentina&#8221;, en alusi\u00f3n a M\u00e1xima Zorreguieta, reina consorte de los Pa\u00edses Bajos por su matrimonio con el rey Guillermo Alejandro\u00a0. Incluso se animaron a enumerar la presencia argentina como m\u00e1ximos exponentes en el mundo: &#8220;Tenemos un Papa, Maradona, M\u00e1xima y ahora tendr\u00edamos a Juliana&#8221;\u00a0.<\/p>\n<p class=\"ds-markdown-paragraph\"><strong>Sin confirmaci\u00f3n oficial<\/strong><\/p>\n<p class=\"ds-markdown-paragraph\">Hasta el momento, no hay declaraciones oficiales ni de la Casa Real espa\u00f1ola ni de Juliana Awada que confirmen o desmientan los rumores\u00a0. La propia Awada hab\u00eda compartido en enero una reflexi\u00f3n tras su separaci\u00f3n de Macri: &#8220;Hay procesos \u00edntimos y personales que necesitan de tiempo, silencio y cuidado, estamos cerrando una etapa&#8221;\u00a0.<\/p>\n<p class=\"ds-markdown-paragraph\"><strong>Mauricio Macri tambi\u00e9n en la mira<\/strong><\/p>\n<p class=\"ds-markdown-paragraph\">Mientras tanto, el expresidente tambi\u00e9n fue objeto de especulaciones sobre su vida amorosa. En los \u00faltimos d\u00edas se lo vincul\u00f3 con la modelo Natalia Graciano, ex esposa de Mat\u00edas Martin, aunque no hubo confirmaci\u00f3n por ninguna de las partes\u00a0. Tambi\u00e9n se mencion\u00f3 a Guillermina Vald\u00e9s, aunque ella misma aclar\u00f3 que el contacto no pas\u00f3 de una conversaci\u00f3n breve\u00a0.<\/p>\n<p class=\"ds-markdown-paragraph\">El esc\u00e1ndalo, que mezcla pol\u00edtica, realeza y espect\u00e1culo, promete seguir sumando cap\u00edtulos en los pr\u00f3ximos d\u00edas.<\/p>\n","protected":false},"excerpt":{"rendered":"<p>Un rumor que sacude tanto al espect\u00e1culo argentino como a la corona espa\u00f1ola estall\u00f3 este lunes: la ex primera dama Juliana Awada, recientemente separada de Mauricio Macri, habr\u00eda iniciado un apasionado romance con el rey Felipe VI de Espa\u00f1a . La versi\u00f3n fue lanzada por Rodrigo Lussich en Intrusos y r\u00e1pidamente se replic\u00f3 en medios &hellip;<\/p>\n","protected":false},"author":9,"featured_media":117242,"comment_status":"open","ping_status":"open","sticky":false,"template":"","format":"standard","meta":{"content-type":"","_monsterinsights_skip_tracking":false,"_monsterinsights_sitenote_active":false,"_monsterinsights_sitenote_note":"","_monsterinsights_sitenote_category":0,"_jetpack_memberships_contains_paid_content":false,"footnotes":"","jetpack_publicize_message":"","jetpack_publicize_feature_enabled":true,"jetpack_social_post_already_shared":true,"jetpack_social_options":{"image_generator_settings":{"template":"highway","default_image_id":0,"font":"","enabled":false},"version":2}},"categories":[271],"tags":[],"class_list":["post-117241","post","type-post","status-publish","format-standard","has-post-thumbnail","hentry","category-mundo"],"yoast_head":"<!-- This site is optimized with the Yoast SEO plugin v27.4 - https:\/\/yoast.com\/product\/yoast-seo-wordpress\/ -->\n<title>Bomba internacional: aseguran que Juliana Awada y el rey Felipe VI de Espa\u00f1a viven un intenso romance | Al Dia Chaco<\/title>\n<meta name=\"robots\" content=\"index, follow, max-snippet:-1, max-image-preview:large, max-video-preview:-1\" \/>\n<link rel=\"canonical\" href=\"https:\/\/aldiachaco.com.ar\/index.php\/2026\/02\/23\/bomba-internacional-aseguran-que-juliana-awada-y-el-rey-felipe-vi-de-espana-viven-un-intenso-romance\/\" \/>\n<meta property=\"og:locale\" content=\"es_ES\" \/>\n<meta property=\"og:type\" content=\"article\" \/>\n<meta property=\"og:title\" content=\"Bomba internacional: aseguran que Juliana Awada y el rey Felipe VI de Espa\u00f1a viven un intenso romance | Al Dia Chaco\" \/>\n<meta property=\"og:description\" content=\"Un rumor que sacude tanto al espect\u00e1culo argentino como a la corona espa\u00f1ola estall\u00f3 este lunes: la ex primera dama Juliana Awada, recientemente separada de Mauricio Macri, habr\u00eda iniciado un apasionado romance con el rey Felipe VI de Espa\u00f1a . La versi\u00f3n fue lanzada por Rodrigo Lussich en Intrusos y r\u00e1pidamente se replic\u00f3 en medios &hellip;\" \/>\n<meta property=\"og:url\" content=\"https:\/\/aldiachaco.com.ar\/index.php\/2026\/02\/23\/bomba-internacional-aseguran-que-juliana-awada-y-el-rey-felipe-vi-de-espana-viven-un-intenso-romance\/\" \/>\n<meta property=\"og:site_name\" content=\"Al Dia Chaco\" \/>\n<meta property=\"article:published_time\" content=\"2026-02-23T23:18:10+00:00\" \/>\n<meta property=\"og:image\" content=\"https:\/\/aldiachaco.com.ar\/wp-content\/uploads\/2026\/02\/2302juliana.webp\" \/>\n\t<meta property=\"og:image:width\" content=\"1536\" \/>\n\t<meta property=\"og:image:height\" content=\"864\" \/>\n\t<meta property=\"og:image:type\" content=\"image\/webp\" \/>\n<meta name=\"author\" content=\"RedaccionRM\" \/>\n<meta name=\"twitter:card\" content=\"summary_large_image\" \/>\n<meta name=\"twitter:label1\" content=\"Escrito por\" \/>\n\t<meta name=\"twitter:data1\" content=\"RedaccionRM\" \/>\n\t<meta name=\"twitter:label2\" content=\"Tiempo de lectura\" \/>\n\t<meta name=\"twitter:data2\" content=\"3 minutos\" \/>\n<script type=\"application\/ld+json\" class=\"yoast-schema-graph\">{\"@context\":\"https:\\\/\\\/schema.org\",\"@graph\":[{\"@type\":\"Article\",\"@id\":\"https:\\\/\\\/aldiachaco.com.ar\\\/index.php\\\/2026\\\/02\\\/23\\\/bomba-internacional-aseguran-que-juliana-awada-y-el-rey-felipe-vi-de-espana-viven-un-intenso-romance\\\/#article\",\"isPartOf\":{\"@id\":\"https:\\\/\\\/aldiachaco.com.ar\\\/index.php\\\/2026\\\/02\\\/23\\\/bomba-internacional-aseguran-que-juliana-awada-y-el-rey-felipe-vi-de-espana-viven-un-intenso-romance\\\/\"},\"author\":{\"name\":\"RedaccionRM\",\"@id\":\"https:\\\/\\\/aldiachaco.com.ar\\\/#\\\/schema\\\/person\\\/b24e975af8022082f5889a7a7299e962\"},\"headline\":\"Bomba internacional: aseguran que Juliana Awada y el rey Felipe VI de Espa\u00f1a viven un intenso romance\",\"datePublished\":\"2026-02-23T23:18:10+00:00\",\"mainEntityOfPage\":{\"@id\":\"https:\\\/\\\/aldiachaco.com.ar\\\/index.php\\\/2026\\\/02\\\/23\\\/bomba-internacional-aseguran-que-juliana-awada-y-el-rey-felipe-vi-de-espana-viven-un-intenso-romance\\\/\"},\"wordCount\":583,\"commentCount\":0,\"publisher\":{\"@id\":\"https:\\\/\\\/aldiachaco.com.ar\\\/#organization\"},\"image\":{\"@id\":\"https:\\\/\\\/aldiachaco.com.ar\\\/index.php\\\/2026\\\/02\\\/23\\\/bomba-internacional-aseguran-que-juliana-awada-y-el-rey-felipe-vi-de-espana-viven-un-intenso-romance\\\/#primaryimage\"},\"thumbnailUrl\":\"https:\\\/\\\/aldiachaco.com.ar\\\/wp-content\\\/uploads\\\/2026\\\/02\\\/2302juliana.webp\",\"articleSection\":[\"Mundo\"],\"inLanguage\":\"es-AR\",\"potentialAction\":[{\"@type\":\"CommentAction\",\"name\":\"Comment\",\"target\":[\"https:\\\/\\\/aldiachaco.com.ar\\\/index.php\\\/2026\\\/02\\\/23\\\/bomba-internacional-aseguran-que-juliana-awada-y-el-rey-felipe-vi-de-espana-viven-un-intenso-romance\\\/#respond\"]}]},{\"@type\":\"WebPage\",\"@id\":\"https:\\\/\\\/aldiachaco.com.ar\\\/index.php\\\/2026\\\/02\\\/23\\\/bomba-internacional-aseguran-que-juliana-awada-y-el-rey-felipe-vi-de-espana-viven-un-intenso-romance\\\/\",\"url\":\"https:\\\/\\\/aldiachaco.com.ar\\\/index.php\\\/2026\\\/02\\\/23\\\/bomba-internacional-aseguran-que-juliana-awada-y-el-rey-felipe-vi-de-espana-viven-un-intenso-romance\\\/\",\"name\":\"Bomba internacional: aseguran que Juliana Awada y el rey Felipe VI de Espa\u00f1a viven un intenso romance | Al Dia Chaco\",\"isPartOf\":{\"@id\":\"https:\\\/\\\/aldiachaco.com.ar\\\/#website\"},\"primaryImageOfPage\":{\"@id\":\"https:\\\/\\\/aldiachaco.com.ar\\\/index.php\\\/2026\\\/02\\\/23\\\/bomba-internacional-aseguran-que-juliana-awada-y-el-rey-felipe-vi-de-espana-viven-un-intenso-romance\\\/#primaryimage\"},\"image\":{\"@id\":\"https:\\\/\\\/aldiachaco.com.ar\\\/index.php\\\/2026\\\/02\\\/23\\\/bomba-internacional-aseguran-que-juliana-awada-y-el-rey-felipe-vi-de-espana-viven-un-intenso-romance\\\/#primaryimage\"},\"thumbnailUrl\":\"https:\\\/\\\/aldiachaco.com.ar\\\/wp-content\\\/uploads\\\/2026\\\/02\\\/2302juliana.webp\",\"datePublished\":\"2026-02-23T23:18:10+00:00\",\"breadcrumb\":{\"@id\":\"https:\\\/\\\/aldiachaco.com.ar\\\/index.php\\\/2026\\\/02\\\/23\\\/bomba-internacional-aseguran-que-juliana-awada-y-el-rey-felipe-vi-de-espana-viven-un-intenso-romance\\\/#breadcrumb\"},\"inLanguage\":\"es-AR\",\"potentialAction\":[{\"@type\":\"ReadAction\",\"target\":[\"https:\\\/\\\/aldiachaco.com.ar\\\/index.php\\\/2026\\\/02\\\/23\\\/bomba-internacional-aseguran-que-juliana-awada-y-el-rey-felipe-vi-de-espana-viven-un-intenso-romance\\\/\"]}]},{\"@type\":\"ImageObject\",\"inLanguage\":\"es-AR\",\"@id\":\"https:\\\/\\\/aldiachaco.com.ar\\\/index.php\\\/2026\\\/02\\\/23\\\/bomba-internacional-aseguran-que-juliana-awada-y-el-rey-felipe-vi-de-espana-viven-un-intenso-romance\\\/#primaryimage\",\"url\":\"https:\\\/\\\/aldiachaco.com.ar\\\/wp-content\\\/uploads\\\/2026\\\/02\\\/2302juliana.webp\",\"contentUrl\":\"https:\\\/\\\/aldiachaco.com.ar\\\/wp-content\\\/uploads\\\/2026\\\/02\\\/2302juliana.webp\",\"width\":1536,\"height\":864},{\"@type\":\"BreadcrumbList\",\"@id\":\"https:\\\/\\\/aldiachaco.com.ar\\\/index.php\\\/2026\\\/02\\\/23\\\/bomba-internacional-aseguran-que-juliana-awada-y-el-rey-felipe-vi-de-espana-viven-un-intenso-romance\\\/#breadcrumb\",\"itemListElement\":[{\"@type\":\"ListItem\",\"position\":1,\"name\":\"Home\",\"item\":\"https:\\\/\\\/aldiachaco.com.ar\\\/\"},{\"@type\":\"ListItem\",\"position\":2,\"name\":\"Bomba internacional: aseguran que Juliana Awada y el rey Felipe VI de Espa\u00f1a viven un intenso romance\"}]},{\"@type\":\"WebSite\",\"@id\":\"https:\\\/\\\/aldiachaco.com.ar\\\/#website\",\"url\":\"https:\\\/\\\/aldiachaco.com.ar\\\/\",\"name\":\"Al Dia Chaco\",\"description\":\"Noticias del Chaco y el mundo\",\"publisher\":{\"@id\":\"https:\\\/\\\/aldiachaco.com.ar\\\/#organization\"},\"alternateName\":\"Al D\u00eda Chaco\",\"potentialAction\":[{\"@type\":\"SearchAction\",\"target\":{\"@type\":\"EntryPoint\",\"urlTemplate\":\"https:\\\/\\\/aldiachaco.com.ar\\\/?s={search_term_string}\"},\"query-input\":{\"@type\":\"PropertyValueSpecification\",\"valueRequired\":true,\"valueName\":\"search_term_string\"}}],\"inLanguage\":\"es-AR\"},{\"@type\":\"Organization\",\"@id\":\"https:\\\/\\\/aldiachaco.com.ar\\\/#organization\",\"name\":\"Al Dia Chaco\",\"url\":\"https:\\\/\\\/aldiachaco.com.ar\\\/\",\"logo\":{\"@type\":\"ImageObject\",\"inLanguage\":\"es-AR\",\"@id\":\"https:\\\/\\\/aldiachaco.com.ar\\\/#\\\/schema\\\/logo\\\/image\\\/\",\"url\":\"https:\\\/\\\/aldiachaco.com.ar\\\/wp-content\\\/uploads\\\/2017\\\/11\\\/AL-DIA-CHACO-L@2x.png\",\"contentUrl\":\"https:\\\/\\\/aldiachaco.com.ar\\\/wp-content\\\/uploads\\\/2017\\\/11\\\/AL-DIA-CHACO-L@2x.png\",\"width\":232,\"height\":60,\"caption\":\"Al Dia Chaco\"},\"image\":{\"@id\":\"https:\\\/\\\/aldiachaco.com.ar\\\/#\\\/schema\\\/logo\\\/image\\\/\"}},{\"@type\":\"Person\",\"@id\":\"https:\\\/\\\/aldiachaco.com.ar\\\/#\\\/schema\\\/person\\\/b24e975af8022082f5889a7a7299e962\",\"name\":\"RedaccionRM\",\"image\":{\"@type\":\"ImageObject\",\"inLanguage\":\"es-AR\",\"@id\":\"https:\\\/\\\/aldiachaco.com.ar\\\/wp-content\\\/litespeed\\\/avatar\\\/a30118fcb7a6295303f1c91164c6aba1.jpg?ver=1777339088\",\"url\":\"https:\\\/\\\/aldiachaco.com.ar\\\/wp-content\\\/litespeed\\\/avatar\\\/a30118fcb7a6295303f1c91164c6aba1.jpg?ver=1777339088\",\"contentUrl\":\"https:\\\/\\\/aldiachaco.com.ar\\\/wp-content\\\/litespeed\\\/avatar\\\/a30118fcb7a6295303f1c91164c6aba1.jpg?ver=1777339088\",\"caption\":\"RedaccionRM\"},\"url\":\"https:\\\/\\\/aldiachaco.com.ar\\\/index.php\\\/author\\\/redaccionrm\\\/\"}]}<\/script>\n<!-- \/ Yoast SEO plugin. -->","yoast_head_json":{"title":"Bomba internacional: aseguran que Juliana Awada y el rey Felipe VI de Espa\u00f1a viven un intenso romance | Al Dia Chaco","robots":{"index":"index","follow":"follow","max-snippet":"max-snippet:-1","max-image-preview":"max-image-preview:large","max-video-preview":"max-video-preview:-1"},"canonical":"https:\/\/aldiachaco.com.ar\/index.php\/2026\/02\/23\/bomba-internacional-aseguran-que-juliana-awada-y-el-rey-felipe-vi-de-espana-viven-un-intenso-romance\/","og_locale":"es_ES","og_type":"article","og_title":"Bomba internacional: aseguran que Juliana Awada y el rey Felipe VI de Espa\u00f1a viven un intenso romance | Al Dia Chaco","og_description":"Un rumor que sacude tanto al espect\u00e1culo argentino como a la corona espa\u00f1ola estall\u00f3 este lunes: la ex primera dama Juliana Awada, recientemente separada de Mauricio Macri, habr\u00eda iniciado un apasionado romance con el rey Felipe VI de Espa\u00f1a . La versi\u00f3n fue lanzada por Rodrigo Lussich en Intrusos y r\u00e1pidamente se replic\u00f3 en medios &hellip;","og_url":"https:\/\/aldiachaco.com.ar\/index.php\/2026\/02\/23\/bomba-internacional-aseguran-que-juliana-awada-y-el-rey-felipe-vi-de-espana-viven-un-intenso-romance\/","og_site_name":"Al Dia Chaco","article_published_time":"2026-02-23T23:18:10+00:00","og_image":[{"width":1536,"height":864,"url":"https:\/\/aldiachaco.com.ar\/wp-content\/uploads\/2026\/02\/2302juliana.webp","type":"image\/webp"}],"author":"RedaccionRM","twitter_card":"summary_large_image","twitter_misc":{"Escrito por":"RedaccionRM","Tiempo de lectura":"3 minutos"},"schema":{"@context":"https:\/\/schema.org","@graph":[{"@type":"Article","@id":"https:\/\/aldiachaco.com.ar\/index.php\/2026\/02\/23\/bomba-internacional-aseguran-que-juliana-awada-y-el-rey-felipe-vi-de-espana-viven-un-intenso-romance\/#article","isPartOf":{"@id":"https:\/\/aldiachaco.com.ar\/index.php\/2026\/02\/23\/bomba-internacional-aseguran-que-juliana-awada-y-el-rey-felipe-vi-de-espana-viven-un-intenso-romance\/"},"author":{"name":"RedaccionRM","@id":"https:\/\/aldiachaco.com.ar\/#\/schema\/person\/b24e975af8022082f5889a7a7299e962"},"headline":"Bomba internacional: aseguran que Juliana Awada y el rey Felipe VI de Espa\u00f1a viven un intenso romance","datePublished":"2026-02-23T23:18:10+00:00","mainEntityOfPage":{"@id":"https:\/\/aldiachaco.com.ar\/index.php\/2026\/02\/23\/bomba-internacional-aseguran-que-juliana-awada-y-el-rey-felipe-vi-de-espana-viven-un-intenso-romance\/"},"wordCount":583,"commentCount":0,"publisher":{"@id":"https:\/\/aldiachaco.com.ar\/#organization"},"image":{"@id":"https:\/\/aldiachaco.com.ar\/index.php\/2026\/02\/23\/bomba-internacional-aseguran-que-juliana-awada-y-el-rey-felipe-vi-de-espana-viven-un-intenso-romance\/#primaryimage"},"thumbnailUrl":"https:\/\/aldiachaco.com.ar\/wp-content\/uploads\/2026\/02\/2302juliana.webp","articleSection":["Mundo"],"inLanguage":"es-AR","potentialAction":[{"@type":"CommentAction","name":"Comment","target":["https:\/\/aldiachaco.com.ar\/index.php\/2026\/02\/23\/bomba-internacional-aseguran-que-juliana-awada-y-el-rey-felipe-vi-de-espana-viven-un-intenso-romance\/#respond"]}]},{"@type":"WebPage","@id":"https:\/\/aldiachaco.com.ar\/index.php\/2026\/02\/23\/bomba-internacional-aseguran-que-juliana-awada-y-el-rey-felipe-vi-de-espana-viven-un-intenso-romance\/","url":"https:\/\/aldiachaco.com.ar\/index.php\/2026\/02\/23\/bomba-internacional-aseguran-que-juliana-awada-y-el-rey-felipe-vi-de-espana-viven-un-intenso-romance\/","name":"Bomba internacional: aseguran que Juliana Awada y el rey Felipe VI de Espa\u00f1a viven un intenso romance | Al Dia Chaco","isPartOf":{"@id":"https:\/\/aldiachaco.com.ar\/#website"},"primaryImageOfPage":{"@id":"https:\/\/aldiachaco.com.ar\/index.php\/2026\/02\/23\/bomba-internacional-aseguran-que-juliana-awada-y-el-rey-felipe-vi-de-espana-viven-un-intenso-romance\/#primaryimage"},"image":{"@id":"https:\/\/aldiachaco.com.ar\/index.php\/2026\/02\/23\/bomba-internacional-aseguran-que-juliana-awada-y-el-rey-felipe-vi-de-espana-viven-un-intenso-romance\/#primaryimage"},"thumbnailUrl":"https:\/\/aldiachaco.com.ar\/wp-content\/uploads\/2026\/02\/2302juliana.webp","datePublished":"2026-02-23T23:18:10+00:00","breadcrumb":{"@id":"https:\/\/aldiachaco.com.ar\/index.php\/2026\/02\/23\/bomba-internacional-aseguran-que-juliana-awada-y-el-rey-felipe-vi-de-espana-viven-un-intenso-romance\/#breadcrumb"},"inLanguage":"es-AR","potentialAction":[{"@type":"ReadAction","target":["https:\/\/aldiachaco.com.ar\/index.php\/2026\/02\/23\/bomba-internacional-aseguran-que-juliana-awada-y-el-rey-felipe-vi-de-espana-viven-un-intenso-romance\/"]}]},{"@type":"ImageObject","inLanguage":"es-AR","@id":"https:\/\/aldiachaco.com.ar\/index.php\/2026\/02\/23\/bomba-internacional-aseguran-que-juliana-awada-y-el-rey-felipe-vi-de-espana-viven-un-intenso-romance\/#primaryimage","url":"https:\/\/aldiachaco.com.ar\/wp-content\/uploads\/2026\/02\/2302juliana.webp","contentUrl":"https:\/\/aldiachaco.com.ar\/wp-content\/uploads\/2026\/02\/2302juliana.webp","width":1536,"height":864},{"@type":"BreadcrumbList","@id":"https:\/\/aldiachaco.com.ar\/index.php\/2026\/02\/23\/bomba-internacional-aseguran-que-juliana-awada-y-el-rey-felipe-vi-de-espana-viven-un-intenso-romance\/#breadcrumb","itemListElement":[{"@type":"ListItem","position":1,"name":"Home","item":"https:\/\/aldiachaco.com.ar\/"},{"@type":"ListItem","position":2,"name":"Bomba internacional: aseguran que Juliana Awada y el rey Felipe VI de Espa\u00f1a viven un intenso romance"}]},{"@type":"WebSite","@id":"https:\/\/aldiachaco.com.ar\/#website","url":"https:\/\/aldiachaco.com.ar\/","name":"Al Dia Chaco","description":"Noticias del Chaco y el mundo","publisher":{"@id":"https:\/\/aldiachaco.com.ar\/#organization"},"alternateName":"Al D\u00eda Chaco","potentialAction":[{"@type":"SearchAction","target":{"@type":"EntryPoint","urlTemplate":"https:\/\/aldiachaco.com.ar\/?s={search_term_string}"},"query-input":{"@type":"PropertyValueSpecification","valueRequired":true,"valueName":"search_term_string"}}],"inLanguage":"es-AR"},{"@type":"Organization","@id":"https:\/\/aldiachaco.com.ar\/#organization","name":"Al Dia Chaco","url":"https:\/\/aldiachaco.com.ar\/","logo":{"@type":"ImageObject","inLanguage":"es-AR","@id":"https:\/\/aldiachaco.com.ar\/#\/schema\/logo\/image\/","url":"https:\/\/aldiachaco.com.ar\/wp-content\/uploads\/2017\/11\/AL-DIA-CHACO-L@2x.png","contentUrl":"https:\/\/aldiachaco.com.ar\/wp-content\/uploads\/2017\/11\/AL-DIA-CHACO-L@2x.png","width":232,"height":60,"caption":"Al Dia Chaco"},"image":{"@id":"https:\/\/aldiachaco.com.ar\/#\/schema\/logo\/image\/"}},{"@type":"Person","@id":"https:\/\/aldiachaco.com.ar\/#\/schema\/person\/b24e975af8022082f5889a7a7299e962","name":"RedaccionRM","image":{"@type":"ImageObject","inLanguage":"es-AR","@id":"https:\/\/aldiachaco.com.ar\/wp-content\/litespeed\/avatar\/a30118fcb7a6295303f1c91164c6aba1.jpg?ver=1777339088","url":"https:\/\/aldiachaco.com.ar\/wp-content\/litespeed\/avatar\/a30118fcb7a6295303f1c91164c6aba1.jpg?ver=1777339088","contentUrl":"https:\/\/aldiachaco.com.ar\/wp-content\/litespeed\/avatar\/a30118fcb7a6295303f1c91164c6aba1.jpg?ver=1777339088","caption":"RedaccionRM"},"url":"https:\/\/aldiachaco.com.ar\/index.php\/author\/redaccionrm\/"}]}},"jetpack_publicize_connections":[],"jetpack_featured_media_url":"https:\/\/aldiachaco.com.ar\/wp-content\/uploads\/2026\/02\/2302juliana.webp","jetpack_sharing_enabled":true,"amp_enabled":true,"_links":{"self":[{"href":"https:\/\/aldiachaco.com.ar\/index.php\/wp-json\/wp\/v2\/posts\/117241","targetHints":{"allow":["GET"]}}],"collection":[{"href":"https:\/\/aldiachaco.com.ar\/index.php\/wp-json\/wp\/v2\/posts"}],"about":[{"href":"https:\/\/aldiachaco.com.ar\/index.php\/wp-json\/wp\/v2\/types\/post"}],"author":[{"embeddable":true,"href":"https:\/\/aldiachaco.com.ar\/index.php\/wp-json\/wp\/v2\/users\/9"}],"replies":[{"embeddable":true,"href":"https:\/\/aldiachaco.com.ar\/index.php\/wp-json\/wp\/v2\/comments?post=117241"}],"version-history":[{"count":1,"href":"https:\/\/aldiachaco.com.ar\/index.php\/wp-json\/wp\/v2\/posts\/117241\/revisions"}],"predecessor-version":[{"id":117243,"href":"https:\/\/aldiachaco.com.ar\/index.php\/wp-json\/wp\/v2\/posts\/117241\/revisions\/117243"}],"wp:featuredmedia":[{"embeddable":true,"href":"https:\/\/aldiachaco.com.ar\/index.php\/wp-json\/wp\/v2\/media\/117242"}],"wp:attachment":[{"href":"https:\/\/aldiachaco.com.ar\/index.php\/wp-json\/wp\/v2\/media?parent=117241"}],"wp:term":[{"taxonomy":"category","embeddable":true,"href":"https:\/\/aldiachaco.com.ar\/index.php\/wp-json\/wp\/v2\/categories?post=117241"},{"taxonomy":"post_tag","embeddable":true,"href":"https:\/\/aldiachaco.com.ar\/index.php\/wp-json\/wp\/v2\/tags?post=117241"}],"curies":[{"name":"wp","href":"https:\/\/api.w.org\/{rel}","templated":true}]}}