{"id":117232,"date":"2026-02-23T19:42:07","date_gmt":"2026-02-23T22:42:07","guid":{"rendered":"https:\/\/aldiachaco.com.ar\/?p=117232"},"modified":"2026-02-23T19:42:07","modified_gmt":"2026-02-23T22:42:07","slug":"bombazo-en-el-futbol-argentino-la-afa-suspendio-la-fecha-9-del-torneo-apertura-por-un-paro-de-cuatro-dias","status":"publish","type":"post","link":"https:\/\/aldiachaco.com.ar\/index.php\/2026\/02\/23\/bombazo-en-el-futbol-argentino-la-afa-suspendio-la-fecha-9-del-torneo-apertura-por-un-paro-de-cuatro-dias\/","title":{"rendered":"\u00a1Bombazo en el f\u00fatbol argentino! La AFA suspendi\u00f3 la fecha 9 del Torneo Apertura por un paro de cuatro d\u00edas"},"content":{"rendered":"<p class=\"ds-markdown-paragraph\">Los clubes de Primera Divisi\u00f3n resolvieron convocar a un paro de todas las categor\u00edas del f\u00fatbol argentino los d\u00edas 5, 6, 7 y 8 de marzo, fecha en la que se iba a disputar la novena jornada del Torneo Apertura 2026. La medida se decidi\u00f3 por unanimidad en una reuni\u00f3n del Comit\u00e9 Ejecutivo de la Liga Profesional, en se\u00f1al de repudio a la denuncia penal que impulsa la Agencia de Recaudaci\u00f3n y Control Aduanero (ARCA) contra las autoridades de la Asociaci\u00f3n del F\u00fatbol Argentino (AFA)\u00a0.<\/p>\n<p class=\"ds-markdown-paragraph\"><strong>El origen del conflicto<\/strong><\/p>\n<p class=\"ds-markdown-paragraph\">El proceso penal se inici\u00f3 el 12 de diciembre de 2025 tras una denuncia de ARCA que detect\u00f3 una &#8220;omisi\u00f3n sistem\u00e1tica&#8221; en el pago de tributos. La acusaci\u00f3n document\u00f3 que la entidad no retuvo ni deposit\u00f3 aportes a la seguridad social entre marzo de 2024 y septiembre de 2025, lo que habr\u00eda ocasionado un perjuicio fiscal superior a los\u00a0<strong>$19.350 millones<\/strong>\u00a0.<\/p>\n<p class=\"ds-markdown-paragraph\">El juez Diego Amarante cit\u00f3 a indagatoria a Claudio &#8220;Chiqui&#8221; Tapia (presidente de AFA), Pablo Toviggino (tesorero), Gustavo Lorenzo (director general), V\u00edctor Blanco y Cristian Malaspina. Las audiencias est\u00e1n previstas para el 5, 6 y 9 de marzo\u00a0.<\/p>\n<p class=\"ds-markdown-paragraph\"><strong>La postura de la AFA<\/strong><\/p>\n<p class=\"ds-markdown-paragraph\">En un comunicado oficial, la AFA sostuvo que &#8220;no tiene deuda alguna exigible por las obligaciones fiscales que han sido tomadas como sustento de la denuncia&#8221;. Aseguran que los pagos se realizaron &#8220;de forma voluntaria en forma previa a su vencimiento&#8221; y que el planteo ya fue presentado ante la C\u00e1mara de Apelaciones\u00a0.<\/p>\n<p class=\"ds-markdown-paragraph\">La entidad acus\u00f3 a ARCA de pretender &#8220;convertir obligaciones que a\u00fan no se encuentran vencidas en el sustento de un delito penal tributario, en abierta contradicci\u00f3n a las normas jur\u00eddicas vigentes&#8221;\u00a0.<\/p>\n<p class=\"ds-markdown-paragraph\"><strong>Las voces de los dirigentes<\/strong><\/p>\n<p class=\"ds-markdown-paragraph\">Fabi\u00e1n Berlanga, presidente de V\u00e9lez Sarsfield, fue uno de los primeros en hablar a la salida de la reuni\u00f3n: &#8220;Creo que hay una persecuci\u00f3n a los clubes. Esto lo planteamos porque pasa a ser un tema de Estado. Se est\u00e1 declarando una guerra contra el f\u00fatbol que no tiene nada que ver. Quieren imponer las SAD y ya los socios dejaron claro su postura&#8221;\u00a0.<\/p>\n<p class=\"ds-markdown-paragraph\">Consultado sobre el alcance de la medida, Berlanga fue contundente: &#8220;No se descarta parar el torneo. Tomaremos la medida que haya que tomar&#8221;\u00a0.<\/p>\n<p class=\"ds-markdown-paragraph\"><strong>Tapia, autorizado a viajar al exterior<\/strong><\/p>\n<p class=\"ds-markdown-paragraph\">En medio de la tormenta, el juez Amarante autoriz\u00f3 a Claudio Tapia a viajar al exterior entre el 23 y 28 de febrero para asistir a compromisos con la CONMEBOL en Colombia y Brasil, bajo una fianza de\u00a0<strong>$5 millones<\/strong>\u00a0y la condici\u00f3n de notificar su regreso en 48 horas\u00a0.<\/p>\n<p class=\"ds-markdown-paragraph\"><strong>Los partidos suspendidos<\/strong><\/p>\n<p class=\"ds-markdown-paragraph\">La novena jornada del Torneo Apertura incluir\u00eda encuentros de alto impacto como River \u2013 Atl\u00e9tico Tucum\u00e1n en el Monumental, Central C\u00f3rdoba \u2013 Boca en Santiago del Estero y el cl\u00e1sico San Lorenzo \u2013 Independiente en el Nuevo Gas\u00f3metro\u00a0.<\/p>\n","protected":false},"excerpt":{"rendered":"<p>Los clubes de Primera Divisi\u00f3n resolvieron convocar a un paro de todas las categor\u00edas del f\u00fatbol argentino los d\u00edas 5, 6, 7 y 8 de marzo, fecha en la que se iba a disputar la novena jornada del Torneo Apertura 2026. La medida se decidi\u00f3 por unanimidad en una reuni\u00f3n del Comit\u00e9 Ejecutivo de la &hellip;<\/p>\n","protected":false},"author":9,"featured_media":117233,"comment_status":"open","ping_status":"open","sticky":false,"template":"","format":"standard","meta":{"content-type":"","_monsterinsights_skip_tracking":false,"_monsterinsights_sitenote_active":false,"_monsterinsights_sitenote_note":"","_monsterinsights_sitenote_category":0,"_jetpack_memberships_contains_paid_content":false,"footnotes":"","jetpack_publicize_message":"","jetpack_publicize_feature_enabled":true,"jetpack_social_post_already_shared":true,"jetpack_social_options":{"image_generator_settings":{"template":"highway","default_image_id":0,"font":"","enabled":false},"version":2}},"categories":[72],"tags":[],"class_list":["post-117232","post","type-post","status-publish","format-standard","has-post-thumbnail","hentry","category-deportes"],"yoast_head":"<!-- This site is optimized with the Yoast SEO plugin v27.4 - https:\/\/yoast.com\/product\/yoast-seo-wordpress\/ -->\n<title>\u00a1Bombazo en el f\u00fatbol argentino! La AFA suspendi\u00f3 la fecha 9 del Torneo Apertura por un paro de cuatro d\u00edas | Al Dia Chaco<\/title>\n<meta name=\"robots\" content=\"index, follow, max-snippet:-1, max-image-preview:large, max-video-preview:-1\" \/>\n<link rel=\"canonical\" href=\"https:\/\/aldiachaco.com.ar\/index.php\/2026\/02\/23\/bombazo-en-el-futbol-argentino-la-afa-suspendio-la-fecha-9-del-torneo-apertura-por-un-paro-de-cuatro-dias\/\" \/>\n<meta property=\"og:locale\" content=\"es_ES\" \/>\n<meta property=\"og:type\" content=\"article\" \/>\n<meta property=\"og:title\" content=\"\u00a1Bombazo en el f\u00fatbol argentino! La AFA suspendi\u00f3 la fecha 9 del Torneo Apertura por un paro de cuatro d\u00edas | Al Dia Chaco\" \/>\n<meta property=\"og:description\" content=\"Los clubes de Primera Divisi\u00f3n resolvieron convocar a un paro de todas las categor\u00edas del f\u00fatbol argentino los d\u00edas 5, 6, 7 y 8 de marzo, fecha en la que se iba a disputar la novena jornada del Torneo Apertura 2026. La medida se decidi\u00f3 por unanimidad en una reuni\u00f3n del Comit\u00e9 Ejecutivo de la &hellip;\" \/>\n<meta property=\"og:url\" content=\"https:\/\/aldiachaco.com.ar\/index.php\/2026\/02\/23\/bombazo-en-el-futbol-argentino-la-afa-suspendio-la-fecha-9-del-torneo-apertura-por-un-paro-de-cuatro-dias\/\" \/>\n<meta property=\"og:site_name\" content=\"Al Dia Chaco\" \/>\n<meta property=\"article:published_time\" content=\"2026-02-23T22:42:07+00:00\" \/>\n<meta property=\"og:image\" content=\"https:\/\/aldiachaco.com.ar\/wp-content\/uploads\/2026\/02\/2302afa.webp\" \/>\n\t<meta property=\"og:image:width\" content=\"790\" \/>\n\t<meta property=\"og:image:height\" content=\"526\" \/>\n\t<meta property=\"og:image:type\" content=\"image\/webp\" \/>\n<meta name=\"author\" content=\"RedaccionRM\" \/>\n<meta name=\"twitter:card\" content=\"summary_large_image\" \/>\n<meta name=\"twitter:label1\" content=\"Escrito por\" \/>\n\t<meta name=\"twitter:data1\" content=\"RedaccionRM\" \/>\n\t<meta name=\"twitter:label2\" content=\"Tiempo de lectura\" \/>\n\t<meta name=\"twitter:data2\" content=\"3 minutos\" \/>\n<script type=\"application\/ld+json\" class=\"yoast-schema-graph\">{\"@context\":\"https:\\\/\\\/schema.org\",\"@graph\":[{\"@type\":\"Article\",\"@id\":\"https:\\\/\\\/aldiachaco.com.ar\\\/index.php\\\/2026\\\/02\\\/23\\\/bombazo-en-el-futbol-argentino-la-afa-suspendio-la-fecha-9-del-torneo-apertura-por-un-paro-de-cuatro-dias\\\/#article\",\"isPartOf\":{\"@id\":\"https:\\\/\\\/aldiachaco.com.ar\\\/index.php\\\/2026\\\/02\\\/23\\\/bombazo-en-el-futbol-argentino-la-afa-suspendio-la-fecha-9-del-torneo-apertura-por-un-paro-de-cuatro-dias\\\/\"},\"author\":{\"name\":\"RedaccionRM\",\"@id\":\"https:\\\/\\\/aldiachaco.com.ar\\\/#\\\/schema\\\/person\\\/b24e975af8022082f5889a7a7299e962\"},\"headline\":\"\u00a1Bombazo en el f\u00fatbol argentino! La AFA suspendi\u00f3 la fecha 9 del Torneo Apertura por un paro de cuatro d\u00edas\",\"datePublished\":\"2026-02-23T22:42:07+00:00\",\"mainEntityOfPage\":{\"@id\":\"https:\\\/\\\/aldiachaco.com.ar\\\/index.php\\\/2026\\\/02\\\/23\\\/bombazo-en-el-futbol-argentino-la-afa-suspendio-la-fecha-9-del-torneo-apertura-por-un-paro-de-cuatro-dias\\\/\"},\"wordCount\":498,\"commentCount\":0,\"publisher\":{\"@id\":\"https:\\\/\\\/aldiachaco.com.ar\\\/#organization\"},\"image\":{\"@id\":\"https:\\\/\\\/aldiachaco.com.ar\\\/index.php\\\/2026\\\/02\\\/23\\\/bombazo-en-el-futbol-argentino-la-afa-suspendio-la-fecha-9-del-torneo-apertura-por-un-paro-de-cuatro-dias\\\/#primaryimage\"},\"thumbnailUrl\":\"https:\\\/\\\/aldiachaco.com.ar\\\/wp-content\\\/uploads\\\/2026\\\/02\\\/2302afa.webp\",\"articleSection\":[\"Deportes\"],\"inLanguage\":\"es-AR\",\"potentialAction\":[{\"@type\":\"CommentAction\",\"name\":\"Comment\",\"target\":[\"https:\\\/\\\/aldiachaco.com.ar\\\/index.php\\\/2026\\\/02\\\/23\\\/bombazo-en-el-futbol-argentino-la-afa-suspendio-la-fecha-9-del-torneo-apertura-por-un-paro-de-cuatro-dias\\\/#respond\"]}]},{\"@type\":\"WebPage\",\"@id\":\"https:\\\/\\\/aldiachaco.com.ar\\\/index.php\\\/2026\\\/02\\\/23\\\/bombazo-en-el-futbol-argentino-la-afa-suspendio-la-fecha-9-del-torneo-apertura-por-un-paro-de-cuatro-dias\\\/\",\"url\":\"https:\\\/\\\/aldiachaco.com.ar\\\/index.php\\\/2026\\\/02\\\/23\\\/bombazo-en-el-futbol-argentino-la-afa-suspendio-la-fecha-9-del-torneo-apertura-por-un-paro-de-cuatro-dias\\\/\",\"name\":\"\u00a1Bombazo en el f\u00fatbol argentino! La AFA suspendi\u00f3 la fecha 9 del Torneo Apertura por un paro de cuatro d\u00edas | Al Dia Chaco\",\"isPartOf\":{\"@id\":\"https:\\\/\\\/aldiachaco.com.ar\\\/#website\"},\"primaryImageOfPage\":{\"@id\":\"https:\\\/\\\/aldiachaco.com.ar\\\/index.php\\\/2026\\\/02\\\/23\\\/bombazo-en-el-futbol-argentino-la-afa-suspendio-la-fecha-9-del-torneo-apertura-por-un-paro-de-cuatro-dias\\\/#primaryimage\"},\"image\":{\"@id\":\"https:\\\/\\\/aldiachaco.com.ar\\\/index.php\\\/2026\\\/02\\\/23\\\/bombazo-en-el-futbol-argentino-la-afa-suspendio-la-fecha-9-del-torneo-apertura-por-un-paro-de-cuatro-dias\\\/#primaryimage\"},\"thumbnailUrl\":\"https:\\\/\\\/aldiachaco.com.ar\\\/wp-content\\\/uploads\\\/2026\\\/02\\\/2302afa.webp\",\"datePublished\":\"2026-02-23T22:42:07+00:00\",\"breadcrumb\":{\"@id\":\"https:\\\/\\\/aldiachaco.com.ar\\\/index.php\\\/2026\\\/02\\\/23\\\/bombazo-en-el-futbol-argentino-la-afa-suspendio-la-fecha-9-del-torneo-apertura-por-un-paro-de-cuatro-dias\\\/#breadcrumb\"},\"inLanguage\":\"es-AR\",\"potentialAction\":[{\"@type\":\"ReadAction\",\"target\":[\"https:\\\/\\\/aldiachaco.com.ar\\\/index.php\\\/2026\\\/02\\\/23\\\/bombazo-en-el-futbol-argentino-la-afa-suspendio-la-fecha-9-del-torneo-apertura-por-un-paro-de-cuatro-dias\\\/\"]}]},{\"@type\":\"ImageObject\",\"inLanguage\":\"es-AR\",\"@id\":\"https:\\\/\\\/aldiachaco.com.ar\\\/index.php\\\/2026\\\/02\\\/23\\\/bombazo-en-el-futbol-argentino-la-afa-suspendio-la-fecha-9-del-torneo-apertura-por-un-paro-de-cuatro-dias\\\/#primaryimage\",\"url\":\"https:\\\/\\\/aldiachaco.com.ar\\\/wp-content\\\/uploads\\\/2026\\\/02\\\/2302afa.webp\",\"contentUrl\":\"https:\\\/\\\/aldiachaco.com.ar\\\/wp-content\\\/uploads\\\/2026\\\/02\\\/2302afa.webp\",\"width\":790,\"height\":526},{\"@type\":\"BreadcrumbList\",\"@id\":\"https:\\\/\\\/aldiachaco.com.ar\\\/index.php\\\/2026\\\/02\\\/23\\\/bombazo-en-el-futbol-argentino-la-afa-suspendio-la-fecha-9-del-torneo-apertura-por-un-paro-de-cuatro-dias\\\/#breadcrumb\",\"itemListElement\":[{\"@type\":\"ListItem\",\"position\":1,\"name\":\"Home\",\"item\":\"https:\\\/\\\/aldiachaco.com.ar\\\/\"},{\"@type\":\"ListItem\",\"position\":2,\"name\":\"\u00a1Bombazo en el f\u00fatbol argentino! La AFA suspendi\u00f3 la fecha 9 del Torneo Apertura por un paro de cuatro d\u00edas\"}]},{\"@type\":\"WebSite\",\"@id\":\"https:\\\/\\\/aldiachaco.com.ar\\\/#website\",\"url\":\"https:\\\/\\\/aldiachaco.com.ar\\\/\",\"name\":\"Al Dia Chaco\",\"description\":\"Noticias del Chaco y el mundo\",\"publisher\":{\"@id\":\"https:\\\/\\\/aldiachaco.com.ar\\\/#organization\"},\"alternateName\":\"Al D\u00eda Chaco\",\"potentialAction\":[{\"@type\":\"SearchAction\",\"target\":{\"@type\":\"EntryPoint\",\"urlTemplate\":\"https:\\\/\\\/aldiachaco.com.ar\\\/?s={search_term_string}\"},\"query-input\":{\"@type\":\"PropertyValueSpecification\",\"valueRequired\":true,\"valueName\":\"search_term_string\"}}],\"inLanguage\":\"es-AR\"},{\"@type\":\"Organization\",\"@id\":\"https:\\\/\\\/aldiachaco.com.ar\\\/#organization\",\"name\":\"Al Dia Chaco\",\"url\":\"https:\\\/\\\/aldiachaco.com.ar\\\/\",\"logo\":{\"@type\":\"ImageObject\",\"inLanguage\":\"es-AR\",\"@id\":\"https:\\\/\\\/aldiachaco.com.ar\\\/#\\\/schema\\\/logo\\\/image\\\/\",\"url\":\"https:\\\/\\\/aldiachaco.com.ar\\\/wp-content\\\/uploads\\\/2017\\\/11\\\/AL-DIA-CHACO-L@2x.png\",\"contentUrl\":\"https:\\\/\\\/aldiachaco.com.ar\\\/wp-content\\\/uploads\\\/2017\\\/11\\\/AL-DIA-CHACO-L@2x.png\",\"width\":232,\"height\":60,\"caption\":\"Al Dia Chaco\"},\"image\":{\"@id\":\"https:\\\/\\\/aldiachaco.com.ar\\\/#\\\/schema\\\/logo\\\/image\\\/\"}},{\"@type\":\"Person\",\"@id\":\"https:\\\/\\\/aldiachaco.com.ar\\\/#\\\/schema\\\/person\\\/b24e975af8022082f5889a7a7299e962\",\"name\":\"RedaccionRM\",\"image\":{\"@type\":\"ImageObject\",\"inLanguage\":\"es-AR\",\"@id\":\"https:\\\/\\\/aldiachaco.com.ar\\\/wp-content\\\/litespeed\\\/avatar\\\/a30118fcb7a6295303f1c91164c6aba1.jpg?ver=1777339088\",\"url\":\"https:\\\/\\\/aldiachaco.com.ar\\\/wp-content\\\/litespeed\\\/avatar\\\/a30118fcb7a6295303f1c91164c6aba1.jpg?ver=1777339088\",\"contentUrl\":\"https:\\\/\\\/aldiachaco.com.ar\\\/wp-content\\\/litespeed\\\/avatar\\\/a30118fcb7a6295303f1c91164c6aba1.jpg?ver=1777339088\",\"caption\":\"RedaccionRM\"},\"url\":\"https:\\\/\\\/aldiachaco.com.ar\\\/index.php\\\/author\\\/redaccionrm\\\/\"}]}<\/script>\n<!-- \/ Yoast SEO plugin. -->","yoast_head_json":{"title":"\u00a1Bombazo en el f\u00fatbol argentino! La AFA suspendi\u00f3 la fecha 9 del Torneo Apertura por un paro de cuatro d\u00edas | Al Dia Chaco","robots":{"index":"index","follow":"follow","max-snippet":"max-snippet:-1","max-image-preview":"max-image-preview:large","max-video-preview":"max-video-preview:-1"},"canonical":"https:\/\/aldiachaco.com.ar\/index.php\/2026\/02\/23\/bombazo-en-el-futbol-argentino-la-afa-suspendio-la-fecha-9-del-torneo-apertura-por-un-paro-de-cuatro-dias\/","og_locale":"es_ES","og_type":"article","og_title":"\u00a1Bombazo en el f\u00fatbol argentino! La AFA suspendi\u00f3 la fecha 9 del Torneo Apertura por un paro de cuatro d\u00edas | Al Dia Chaco","og_description":"Los clubes de Primera Divisi\u00f3n resolvieron convocar a un paro de todas las categor\u00edas del f\u00fatbol argentino los d\u00edas 5, 6, 7 y 8 de marzo, fecha en la que se iba a disputar la novena jornada del Torneo Apertura 2026. La medida se decidi\u00f3 por unanimidad en una reuni\u00f3n del Comit\u00e9 Ejecutivo de la &hellip;","og_url":"https:\/\/aldiachaco.com.ar\/index.php\/2026\/02\/23\/bombazo-en-el-futbol-argentino-la-afa-suspendio-la-fecha-9-del-torneo-apertura-por-un-paro-de-cuatro-dias\/","og_site_name":"Al Dia Chaco","article_published_time":"2026-02-23T22:42:07+00:00","og_image":[{"width":790,"height":526,"url":"https:\/\/aldiachaco.com.ar\/wp-content\/uploads\/2026\/02\/2302afa.webp","type":"image\/webp"}],"author":"RedaccionRM","twitter_card":"summary_large_image","twitter_misc":{"Escrito por":"RedaccionRM","Tiempo de lectura":"3 minutos"},"schema":{"@context":"https:\/\/schema.org","@graph":[{"@type":"Article","@id":"https:\/\/aldiachaco.com.ar\/index.php\/2026\/02\/23\/bombazo-en-el-futbol-argentino-la-afa-suspendio-la-fecha-9-del-torneo-apertura-por-un-paro-de-cuatro-dias\/#article","isPartOf":{"@id":"https:\/\/aldiachaco.com.ar\/index.php\/2026\/02\/23\/bombazo-en-el-futbol-argentino-la-afa-suspendio-la-fecha-9-del-torneo-apertura-por-un-paro-de-cuatro-dias\/"},"author":{"name":"RedaccionRM","@id":"https:\/\/aldiachaco.com.ar\/#\/schema\/person\/b24e975af8022082f5889a7a7299e962"},"headline":"\u00a1Bombazo en el f\u00fatbol argentino! La AFA suspendi\u00f3 la fecha 9 del Torneo Apertura por un paro de cuatro d\u00edas","datePublished":"2026-02-23T22:42:07+00:00","mainEntityOfPage":{"@id":"https:\/\/aldiachaco.com.ar\/index.php\/2026\/02\/23\/bombazo-en-el-futbol-argentino-la-afa-suspendio-la-fecha-9-del-torneo-apertura-por-un-paro-de-cuatro-dias\/"},"wordCount":498,"commentCount":0,"publisher":{"@id":"https:\/\/aldiachaco.com.ar\/#organization"},"image":{"@id":"https:\/\/aldiachaco.com.ar\/index.php\/2026\/02\/23\/bombazo-en-el-futbol-argentino-la-afa-suspendio-la-fecha-9-del-torneo-apertura-por-un-paro-de-cuatro-dias\/#primaryimage"},"thumbnailUrl":"https:\/\/aldiachaco.com.ar\/wp-content\/uploads\/2026\/02\/2302afa.webp","articleSection":["Deportes"],"inLanguage":"es-AR","potentialAction":[{"@type":"CommentAction","name":"Comment","target":["https:\/\/aldiachaco.com.ar\/index.php\/2026\/02\/23\/bombazo-en-el-futbol-argentino-la-afa-suspendio-la-fecha-9-del-torneo-apertura-por-un-paro-de-cuatro-dias\/#respond"]}]},{"@type":"WebPage","@id":"https:\/\/aldiachaco.com.ar\/index.php\/2026\/02\/23\/bombazo-en-el-futbol-argentino-la-afa-suspendio-la-fecha-9-del-torneo-apertura-por-un-paro-de-cuatro-dias\/","url":"https:\/\/aldiachaco.com.ar\/index.php\/2026\/02\/23\/bombazo-en-el-futbol-argentino-la-afa-suspendio-la-fecha-9-del-torneo-apertura-por-un-paro-de-cuatro-dias\/","name":"\u00a1Bombazo en el f\u00fatbol argentino! La AFA suspendi\u00f3 la fecha 9 del Torneo Apertura por un paro de cuatro d\u00edas | Al Dia Chaco","isPartOf":{"@id":"https:\/\/aldiachaco.com.ar\/#website"},"primaryImageOfPage":{"@id":"https:\/\/aldiachaco.com.ar\/index.php\/2026\/02\/23\/bombazo-en-el-futbol-argentino-la-afa-suspendio-la-fecha-9-del-torneo-apertura-por-un-paro-de-cuatro-dias\/#primaryimage"},"image":{"@id":"https:\/\/aldiachaco.com.ar\/index.php\/2026\/02\/23\/bombazo-en-el-futbol-argentino-la-afa-suspendio-la-fecha-9-del-torneo-apertura-por-un-paro-de-cuatro-dias\/#primaryimage"},"thumbnailUrl":"https:\/\/aldiachaco.com.ar\/wp-content\/uploads\/2026\/02\/2302afa.webp","datePublished":"2026-02-23T22:42:07+00:00","breadcrumb":{"@id":"https:\/\/aldiachaco.com.ar\/index.php\/2026\/02\/23\/bombazo-en-el-futbol-argentino-la-afa-suspendio-la-fecha-9-del-torneo-apertura-por-un-paro-de-cuatro-dias\/#breadcrumb"},"inLanguage":"es-AR","potentialAction":[{"@type":"ReadAction","target":["https:\/\/aldiachaco.com.ar\/index.php\/2026\/02\/23\/bombazo-en-el-futbol-argentino-la-afa-suspendio-la-fecha-9-del-torneo-apertura-por-un-paro-de-cuatro-dias\/"]}]},{"@type":"ImageObject","inLanguage":"es-AR","@id":"https:\/\/aldiachaco.com.ar\/index.php\/2026\/02\/23\/bombazo-en-el-futbol-argentino-la-afa-suspendio-la-fecha-9-del-torneo-apertura-por-un-paro-de-cuatro-dias\/#primaryimage","url":"https:\/\/aldiachaco.com.ar\/wp-content\/uploads\/2026\/02\/2302afa.webp","contentUrl":"https:\/\/aldiachaco.com.ar\/wp-content\/uploads\/2026\/02\/2302afa.webp","width":790,"height":526},{"@type":"BreadcrumbList","@id":"https:\/\/aldiachaco.com.ar\/index.php\/2026\/02\/23\/bombazo-en-el-futbol-argentino-la-afa-suspendio-la-fecha-9-del-torneo-apertura-por-un-paro-de-cuatro-dias\/#breadcrumb","itemListElement":[{"@type":"ListItem","position":1,"name":"Home","item":"https:\/\/aldiachaco.com.ar\/"},{"@type":"ListItem","position":2,"name":"\u00a1Bombazo en el f\u00fatbol argentino! La AFA suspendi\u00f3 la fecha 9 del Torneo Apertura por un paro de cuatro d\u00edas"}]},{"@type":"WebSite","@id":"https:\/\/aldiachaco.com.ar\/#website","url":"https:\/\/aldiachaco.com.ar\/","name":"Al Dia Chaco","description":"Noticias del Chaco y el mundo","publisher":{"@id":"https:\/\/aldiachaco.com.ar\/#organization"},"alternateName":"Al D\u00eda Chaco","potentialAction":[{"@type":"SearchAction","target":{"@type":"EntryPoint","urlTemplate":"https:\/\/aldiachaco.com.ar\/?s={search_term_string}"},"query-input":{"@type":"PropertyValueSpecification","valueRequired":true,"valueName":"search_term_string"}}],"inLanguage":"es-AR"},{"@type":"Organization","@id":"https:\/\/aldiachaco.com.ar\/#organization","name":"Al Dia Chaco","url":"https:\/\/aldiachaco.com.ar\/","logo":{"@type":"ImageObject","inLanguage":"es-AR","@id":"https:\/\/aldiachaco.com.ar\/#\/schema\/logo\/image\/","url":"https:\/\/aldiachaco.com.ar\/wp-content\/uploads\/2017\/11\/AL-DIA-CHACO-L@2x.png","contentUrl":"https:\/\/aldiachaco.com.ar\/wp-content\/uploads\/2017\/11\/AL-DIA-CHACO-L@2x.png","width":232,"height":60,"caption":"Al Dia Chaco"},"image":{"@id":"https:\/\/aldiachaco.com.ar\/#\/schema\/logo\/image\/"}},{"@type":"Person","@id":"https:\/\/aldiachaco.com.ar\/#\/schema\/person\/b24e975af8022082f5889a7a7299e962","name":"RedaccionRM","image":{"@type":"ImageObject","inLanguage":"es-AR","@id":"https:\/\/aldiachaco.com.ar\/wp-content\/litespeed\/avatar\/a30118fcb7a6295303f1c91164c6aba1.jpg?ver=1777339088","url":"https:\/\/aldiachaco.com.ar\/wp-content\/litespeed\/avatar\/a30118fcb7a6295303f1c91164c6aba1.jpg?ver=1777339088","contentUrl":"https:\/\/aldiachaco.com.ar\/wp-content\/litespeed\/avatar\/a30118fcb7a6295303f1c91164c6aba1.jpg?ver=1777339088","caption":"RedaccionRM"},"url":"https:\/\/aldiachaco.com.ar\/index.php\/author\/redaccionrm\/"}]}},"jetpack_publicize_connections":[],"jetpack_featured_media_url":"https:\/\/aldiachaco.com.ar\/wp-content\/uploads\/2026\/02\/2302afa.webp","jetpack_sharing_enabled":true,"amp_enabled":true,"_links":{"self":[{"href":"https:\/\/aldiachaco.com.ar\/index.php\/wp-json\/wp\/v2\/posts\/117232","targetHints":{"allow":["GET"]}}],"collection":[{"href":"https:\/\/aldiachaco.com.ar\/index.php\/wp-json\/wp\/v2\/posts"}],"about":[{"href":"https:\/\/aldiachaco.com.ar\/index.php\/wp-json\/wp\/v2\/types\/post"}],"author":[{"embeddable":true,"href":"https:\/\/aldiachaco.com.ar\/index.php\/wp-json\/wp\/v2\/users\/9"}],"replies":[{"embeddable":true,"href":"https:\/\/aldiachaco.com.ar\/index.php\/wp-json\/wp\/v2\/comments?post=117232"}],"version-history":[{"count":1,"href":"https:\/\/aldiachaco.com.ar\/index.php\/wp-json\/wp\/v2\/posts\/117232\/revisions"}],"predecessor-version":[{"id":117234,"href":"https:\/\/aldiachaco.com.ar\/index.php\/wp-json\/wp\/v2\/posts\/117232\/revisions\/117234"}],"wp:featuredmedia":[{"embeddable":true,"href":"https:\/\/aldiachaco.com.ar\/index.php\/wp-json\/wp\/v2\/media\/117233"}],"wp:attachment":[{"href":"https:\/\/aldiachaco.com.ar\/index.php\/wp-json\/wp\/v2\/media?parent=117232"}],"wp:term":[{"taxonomy":"category","embeddable":true,"href":"https:\/\/aldiachaco.com.ar\/index.php\/wp-json\/wp\/v2\/categories?post=117232"},{"taxonomy":"post_tag","embeddable":true,"href":"https:\/\/aldiachaco.com.ar\/index.php\/wp-json\/wp\/v2\/tags?post=117232"}],"curies":[{"name":"wp","href":"https:\/\/api.w.org\/{rel}","templated":true}]}}