{"id":117226,"date":"2026-02-23T18:28:26","date_gmt":"2026-02-23T21:28:26","guid":{"rendered":"https:\/\/aldiachaco.com.ar\/?p=117226"},"modified":"2026-02-23T18:28:26","modified_gmt":"2026-02-23T21:28:26","slug":"siniestro-vial-en-ruta-11-un-camion-perdio-el-control-por-la-lluvia-e-impacto-contra-un-semaforo-y-luminarias","status":"publish","type":"post","link":"https:\/\/aldiachaco.com.ar\/index.php\/2026\/02\/23\/siniestro-vial-en-ruta-11-un-camion-perdio-el-control-por-la-lluvia-e-impacto-contra-un-semaforo-y-luminarias\/","title":{"rendered":"SINIESTRO VIAL EN RUTA 11: UN CAMI\u00d3N PERDI\u00d3 EL CONTROL POR LA LLUVIA E IMPACT\u00d3 CONTRA UN SEM\u00c1FORO Y LUMINARIAS"},"content":{"rendered":"<p>Un cami\u00f3n de gran porte protagoniz\u00f3 un siniestro vial este lunes por la tarde sobre la Ruta Nacional 11, a la altura del kil\u00f3metro 1002, en la intersecci\u00f3n con la calle Bouque. El incidente, ocurrido bajo condiciones clim\u00e1ticas adversas, dej\u00f3 importantes da\u00f1os materiales en la infraestructura p\u00fablica.<\/p>\n<p>&nbsp;<\/p>\n<p>Alrededor de las 16:20, el sistema de la Divisi\u00f3n Videovigilancia detect\u00f3 el momento en que un cami\u00f3n marca Iveco con acoplado, que circulaba por el carril ascendente, perdi\u00f3 el control. Seg\u00fan manifest\u00f3 el conductor \u2014un hombre de 47 a\u00f1os oriundo de Corrientes\u2014, el estado del asfalto producto de las lluvias provoc\u00f3 que el transporte derrapara.<\/p>\n<p>&nbsp;<\/p>\n<p>En su trayectoria, el pesado veh\u00edculo colision\u00f3 contra una jirafa de alumbrado p\u00fablico ubicada en el cantero central y posteriormente impact\u00f3 contra un sem\u00e1foro de la intersecci\u00f3n.<\/p>\n<p>&nbsp;<\/p>\n<p>Al lugar arrib\u00f3 personal de la Comisar\u00eda 14\u00b0, la Polic\u00eda Caminera y una cuadrilla de SECHEEP para intervenir ante los da\u00f1os en el tendido el\u00e9ctrico. Si bien una ambulancia se hizo presente para asistir al chofer, se confirm\u00f3 que este no sufri\u00f3 lesiones y se encontraba en buen estado de salud.<\/p>\n<p>&nbsp;<\/p>\n<p>Efectivos de la Divisi\u00f3n Criminal\u00edstica realizaron las pericias correspondientes en el lugar para determinar la mec\u00e1nica definitiva del accidente.<\/p>\n<p>&nbsp;<\/p>\n<p><img loading=\"lazy\" decoding=\"async\" class=\"alignnone size-medium wp-image-117228\" src=\"https:\/\/aldiachaco.com.ar\/wp-content\/uploads\/2026\/02\/IMG-20260223-WA0041-225x300.jpg\" alt=\"\" width=\"225\" height=\"300\" srcset=\"https:\/\/aldiachaco.com.ar\/wp-content\/uploads\/2026\/02\/IMG-20260223-WA0041-225x300.jpg 225w, https:\/\/aldiachaco.com.ar\/wp-content\/uploads\/2026\/02\/IMG-20260223-WA0041-768x1024.jpg 768w, https:\/\/aldiachaco.com.ar\/wp-content\/uploads\/2026\/02\/IMG-20260223-WA0041-1152x1536.jpg 1152w, https:\/\/aldiachaco.com.ar\/wp-content\/uploads\/2026\/02\/IMG-20260223-WA0041-353x470.jpg 353w, https:\/\/aldiachaco.com.ar\/wp-content\/uploads\/2026\/02\/IMG-20260223-WA0041-600x800.jpg 600w, https:\/\/aldiachaco.com.ar\/wp-content\/uploads\/2026\/02\/IMG-20260223-WA0041.jpg 1200w\" sizes=\"auto, (max-width: 225px) 100vw, 225px\" \/> <img loading=\"lazy\" decoding=\"async\" class=\"alignnone size-medium wp-image-117229\" src=\"https:\/\/aldiachaco.com.ar\/wp-content\/uploads\/2026\/02\/IMG-20260223-WA0040-225x300.jpg\" alt=\"\" width=\"225\" height=\"300\" srcset=\"https:\/\/aldiachaco.com.ar\/wp-content\/uploads\/2026\/02\/IMG-20260223-WA0040-225x300.jpg 225w, https:\/\/aldiachaco.com.ar\/wp-content\/uploads\/2026\/02\/IMG-20260223-WA0040-768x1024.jpg 768w, https:\/\/aldiachaco.com.ar\/wp-content\/uploads\/2026\/02\/IMG-20260223-WA0040-1152x1536.jpg 1152w, https:\/\/aldiachaco.com.ar\/wp-content\/uploads\/2026\/02\/IMG-20260223-WA0040-353x470.jpg 353w, https:\/\/aldiachaco.com.ar\/wp-content\/uploads\/2026\/02\/IMG-20260223-WA0040-600x800.jpg 600w, https:\/\/aldiachaco.com.ar\/wp-content\/uploads\/2026\/02\/IMG-20260223-WA0040.jpg 1200w\" sizes=\"auto, (max-width: 225px) 100vw, 225px\" \/> <img loading=\"lazy\" decoding=\"async\" class=\"alignnone size-medium wp-image-117230\" src=\"https:\/\/aldiachaco.com.ar\/wp-content\/uploads\/2026\/02\/IMG-20260223-WA0039-225x300.jpg\" alt=\"\" width=\"225\" height=\"300\" srcset=\"https:\/\/aldiachaco.com.ar\/wp-content\/uploads\/2026\/02\/IMG-20260223-WA0039-225x300.jpg 225w, https:\/\/aldiachaco.com.ar\/wp-content\/uploads\/2026\/02\/IMG-20260223-WA0039-768x1024.jpg 768w, https:\/\/aldiachaco.com.ar\/wp-content\/uploads\/2026\/02\/IMG-20260223-WA0039-1152x1536.jpg 1152w, https:\/\/aldiachaco.com.ar\/wp-content\/uploads\/2026\/02\/IMG-20260223-WA0039-353x470.jpg 353w, https:\/\/aldiachaco.com.ar\/wp-content\/uploads\/2026\/02\/IMG-20260223-WA0039-600x800.jpg 600w, https:\/\/aldiachaco.com.ar\/wp-content\/uploads\/2026\/02\/IMG-20260223-WA0039.jpg 1200w\" sizes=\"auto, (max-width: 225px) 100vw, 225px\" \/><\/p>\n","protected":false},"excerpt":{"rendered":"<p>Un cami\u00f3n de gran porte protagoniz\u00f3 un siniestro vial este lunes por la tarde sobre la Ruta Nacional 11, a la altura del kil\u00f3metro 1002, en la intersecci\u00f3n con la calle Bouque. El incidente, ocurrido bajo condiciones clim\u00e1ticas adversas, dej\u00f3 importantes da\u00f1os materiales en la infraestructura p\u00fablica. &nbsp; Alrededor de las 16:20, el sistema de &hellip;<\/p>\n","protected":false},"author":9,"featured_media":117227,"comment_status":"open","ping_status":"open","sticky":false,"template":"","format":"standard","meta":{"content-type":"","_monsterinsights_skip_tracking":false,"_monsterinsights_sitenote_active":false,"_monsterinsights_sitenote_note":"","_monsterinsights_sitenote_category":0,"_jetpack_memberships_contains_paid_content":false,"footnotes":"","jetpack_publicize_message":"","jetpack_publicize_feature_enabled":true,"jetpack_social_post_already_shared":true,"jetpack_social_options":{"image_generator_settings":{"template":"highway","default_image_id":0,"font":"","enabled":false},"version":2}},"categories":[86],"tags":[],"class_list":["post-117226","post","type-post","status-publish","format-standard","has-post-thumbnail","hentry","category-policiales"],"yoast_head":"<!-- This site is optimized with the Yoast SEO plugin v27.4 - https:\/\/yoast.com\/product\/yoast-seo-wordpress\/ -->\n<title>SINIESTRO VIAL EN RUTA 11: UN CAMI\u00d3N PERDI\u00d3 EL CONTROL POR LA LLUVIA E IMPACT\u00d3 CONTRA UN SEM\u00c1FORO Y LUMINARIAS | Al Dia Chaco<\/title>\n<meta name=\"robots\" content=\"index, follow, max-snippet:-1, max-image-preview:large, max-video-preview:-1\" \/>\n<link rel=\"canonical\" href=\"https:\/\/aldiachaco.com.ar\/index.php\/2026\/02\/23\/siniestro-vial-en-ruta-11-un-camion-perdio-el-control-por-la-lluvia-e-impacto-contra-un-semaforo-y-luminarias\/\" \/>\n<meta property=\"og:locale\" content=\"es_ES\" \/>\n<meta property=\"og:type\" content=\"article\" \/>\n<meta property=\"og:title\" content=\"SINIESTRO VIAL EN RUTA 11: UN CAMI\u00d3N PERDI\u00d3 EL CONTROL POR LA LLUVIA E IMPACT\u00d3 CONTRA UN SEM\u00c1FORO Y LUMINARIAS | Al Dia Chaco\" \/>\n<meta property=\"og:description\" content=\"Un cami\u00f3n de gran porte protagoniz\u00f3 un siniestro vial este lunes por la tarde sobre la Ruta Nacional 11, a la altura del kil\u00f3metro 1002, en la intersecci\u00f3n con la calle Bouque. El incidente, ocurrido bajo condiciones clim\u00e1ticas adversas, dej\u00f3 importantes da\u00f1os materiales en la infraestructura p\u00fablica. &nbsp; Alrededor de las 16:20, el sistema de &hellip;\" \/>\n<meta property=\"og:url\" content=\"https:\/\/aldiachaco.com.ar\/index.php\/2026\/02\/23\/siniestro-vial-en-ruta-11-un-camion-perdio-el-control-por-la-lluvia-e-impacto-contra-un-semaforo-y-luminarias\/\" \/>\n<meta property=\"og:site_name\" content=\"Al Dia Chaco\" \/>\n<meta property=\"article:published_time\" content=\"2026-02-23T21:28:26+00:00\" \/>\n<meta property=\"og:image\" content=\"https:\/\/aldiachaco.com.ar\/wp-content\/uploads\/2026\/02\/IMG-20260223-WA0042.jpg\" \/>\n\t<meta property=\"og:image:width\" content=\"1505\" \/>\n\t<meta property=\"og:image:height\" content=\"748\" \/>\n\t<meta property=\"og:image:type\" content=\"image\/jpeg\" \/>\n<meta name=\"author\" content=\"RedaccionRM\" \/>\n<meta name=\"twitter:card\" content=\"summary_large_image\" \/>\n<meta name=\"twitter:label1\" content=\"Escrito por\" \/>\n\t<meta name=\"twitter:data1\" content=\"RedaccionRM\" \/>\n\t<meta name=\"twitter:label2\" content=\"Tiempo de lectura\" \/>\n\t<meta name=\"twitter:data2\" content=\"2 minutos\" \/>\n<script type=\"application\/ld+json\" class=\"yoast-schema-graph\">{\"@context\":\"https:\\\/\\\/schema.org\",\"@graph\":[{\"@type\":\"Article\",\"@id\":\"https:\\\/\\\/aldiachaco.com.ar\\\/index.php\\\/2026\\\/02\\\/23\\\/siniestro-vial-en-ruta-11-un-camion-perdio-el-control-por-la-lluvia-e-impacto-contra-un-semaforo-y-luminarias\\\/#article\",\"isPartOf\":{\"@id\":\"https:\\\/\\\/aldiachaco.com.ar\\\/index.php\\\/2026\\\/02\\\/23\\\/siniestro-vial-en-ruta-11-un-camion-perdio-el-control-por-la-lluvia-e-impacto-contra-un-semaforo-y-luminarias\\\/\"},\"author\":{\"name\":\"RedaccionRM\",\"@id\":\"https:\\\/\\\/aldiachaco.com.ar\\\/#\\\/schema\\\/person\\\/b24e975af8022082f5889a7a7299e962\"},\"headline\":\"SINIESTRO VIAL EN RUTA 11: UN CAMI\u00d3N PERDI\u00d3 EL CONTROL POR LA LLUVIA E IMPACT\u00d3 CONTRA UN SEM\u00c1FORO Y LUMINARIAS\",\"datePublished\":\"2026-02-23T21:28:26+00:00\",\"mainEntityOfPage\":{\"@id\":\"https:\\\/\\\/aldiachaco.com.ar\\\/index.php\\\/2026\\\/02\\\/23\\\/siniestro-vial-en-ruta-11-un-camion-perdio-el-control-por-la-lluvia-e-impacto-contra-un-semaforo-y-luminarias\\\/\"},\"wordCount\":241,\"commentCount\":0,\"publisher\":{\"@id\":\"https:\\\/\\\/aldiachaco.com.ar\\\/#organization\"},\"image\":{\"@id\":\"https:\\\/\\\/aldiachaco.com.ar\\\/index.php\\\/2026\\\/02\\\/23\\\/siniestro-vial-en-ruta-11-un-camion-perdio-el-control-por-la-lluvia-e-impacto-contra-un-semaforo-y-luminarias\\\/#primaryimage\"},\"thumbnailUrl\":\"https:\\\/\\\/aldiachaco.com.ar\\\/wp-content\\\/uploads\\\/2026\\\/02\\\/IMG-20260223-WA0042.jpg\",\"articleSection\":[\"Policiales\"],\"inLanguage\":\"es-AR\",\"potentialAction\":[{\"@type\":\"CommentAction\",\"name\":\"Comment\",\"target\":[\"https:\\\/\\\/aldiachaco.com.ar\\\/index.php\\\/2026\\\/02\\\/23\\\/siniestro-vial-en-ruta-11-un-camion-perdio-el-control-por-la-lluvia-e-impacto-contra-un-semaforo-y-luminarias\\\/#respond\"]}]},{\"@type\":\"WebPage\",\"@id\":\"https:\\\/\\\/aldiachaco.com.ar\\\/index.php\\\/2026\\\/02\\\/23\\\/siniestro-vial-en-ruta-11-un-camion-perdio-el-control-por-la-lluvia-e-impacto-contra-un-semaforo-y-luminarias\\\/\",\"url\":\"https:\\\/\\\/aldiachaco.com.ar\\\/index.php\\\/2026\\\/02\\\/23\\\/siniestro-vial-en-ruta-11-un-camion-perdio-el-control-por-la-lluvia-e-impacto-contra-un-semaforo-y-luminarias\\\/\",\"name\":\"SINIESTRO VIAL EN RUTA 11: UN CAMI\u00d3N PERDI\u00d3 EL CONTROL POR LA LLUVIA E IMPACT\u00d3 CONTRA UN SEM\u00c1FORO Y LUMINARIAS | Al Dia Chaco\",\"isPartOf\":{\"@id\":\"https:\\\/\\\/aldiachaco.com.ar\\\/#website\"},\"primaryImageOfPage\":{\"@id\":\"https:\\\/\\\/aldiachaco.com.ar\\\/index.php\\\/2026\\\/02\\\/23\\\/siniestro-vial-en-ruta-11-un-camion-perdio-el-control-por-la-lluvia-e-impacto-contra-un-semaforo-y-luminarias\\\/#primaryimage\"},\"image\":{\"@id\":\"https:\\\/\\\/aldiachaco.com.ar\\\/index.php\\\/2026\\\/02\\\/23\\\/siniestro-vial-en-ruta-11-un-camion-perdio-el-control-por-la-lluvia-e-impacto-contra-un-semaforo-y-luminarias\\\/#primaryimage\"},\"thumbnailUrl\":\"https:\\\/\\\/aldiachaco.com.ar\\\/wp-content\\\/uploads\\\/2026\\\/02\\\/IMG-20260223-WA0042.jpg\",\"datePublished\":\"2026-02-23T21:28:26+00:00\",\"breadcrumb\":{\"@id\":\"https:\\\/\\\/aldiachaco.com.ar\\\/index.php\\\/2026\\\/02\\\/23\\\/siniestro-vial-en-ruta-11-un-camion-perdio-el-control-por-la-lluvia-e-impacto-contra-un-semaforo-y-luminarias\\\/#breadcrumb\"},\"inLanguage\":\"es-AR\",\"potentialAction\":[{\"@type\":\"ReadAction\",\"target\":[\"https:\\\/\\\/aldiachaco.com.ar\\\/index.php\\\/2026\\\/02\\\/23\\\/siniestro-vial-en-ruta-11-un-camion-perdio-el-control-por-la-lluvia-e-impacto-contra-un-semaforo-y-luminarias\\\/\"]}]},{\"@type\":\"ImageObject\",\"inLanguage\":\"es-AR\",\"@id\":\"https:\\\/\\\/aldiachaco.com.ar\\\/index.php\\\/2026\\\/02\\\/23\\\/siniestro-vial-en-ruta-11-un-camion-perdio-el-control-por-la-lluvia-e-impacto-contra-un-semaforo-y-luminarias\\\/#primaryimage\",\"url\":\"https:\\\/\\\/aldiachaco.com.ar\\\/wp-content\\\/uploads\\\/2026\\\/02\\\/IMG-20260223-WA0042.jpg\",\"contentUrl\":\"https:\\\/\\\/aldiachaco.com.ar\\\/wp-content\\\/uploads\\\/2026\\\/02\\\/IMG-20260223-WA0042.jpg\",\"width\":1505,\"height\":748},{\"@type\":\"BreadcrumbList\",\"@id\":\"https:\\\/\\\/aldiachaco.com.ar\\\/index.php\\\/2026\\\/02\\\/23\\\/siniestro-vial-en-ruta-11-un-camion-perdio-el-control-por-la-lluvia-e-impacto-contra-un-semaforo-y-luminarias\\\/#breadcrumb\",\"itemListElement\":[{\"@type\":\"ListItem\",\"position\":1,\"name\":\"Home\",\"item\":\"https:\\\/\\\/aldiachaco.com.ar\\\/\"},{\"@type\":\"ListItem\",\"position\":2,\"name\":\"SINIESTRO VIAL EN RUTA 11: UN CAMI\u00d3N PERDI\u00d3 EL CONTROL POR LA LLUVIA E IMPACT\u00d3 CONTRA UN SEM\u00c1FORO Y LUMINARIAS\"}]},{\"@type\":\"WebSite\",\"@id\":\"https:\\\/\\\/aldiachaco.com.ar\\\/#website\",\"url\":\"https:\\\/\\\/aldiachaco.com.ar\\\/\",\"name\":\"Al Dia Chaco\",\"description\":\"Noticias del Chaco y el mundo\",\"publisher\":{\"@id\":\"https:\\\/\\\/aldiachaco.com.ar\\\/#organization\"},\"alternateName\":\"Al D\u00eda Chaco\",\"potentialAction\":[{\"@type\":\"SearchAction\",\"target\":{\"@type\":\"EntryPoint\",\"urlTemplate\":\"https:\\\/\\\/aldiachaco.com.ar\\\/?s={search_term_string}\"},\"query-input\":{\"@type\":\"PropertyValueSpecification\",\"valueRequired\":true,\"valueName\":\"search_term_string\"}}],\"inLanguage\":\"es-AR\"},{\"@type\":\"Organization\",\"@id\":\"https:\\\/\\\/aldiachaco.com.ar\\\/#organization\",\"name\":\"Al Dia Chaco\",\"url\":\"https:\\\/\\\/aldiachaco.com.ar\\\/\",\"logo\":{\"@type\":\"ImageObject\",\"inLanguage\":\"es-AR\",\"@id\":\"https:\\\/\\\/aldiachaco.com.ar\\\/#\\\/schema\\\/logo\\\/image\\\/\",\"url\":\"https:\\\/\\\/aldiachaco.com.ar\\\/wp-content\\\/uploads\\\/2017\\\/11\\\/AL-DIA-CHACO-L@2x.png\",\"contentUrl\":\"https:\\\/\\\/aldiachaco.com.ar\\\/wp-content\\\/uploads\\\/2017\\\/11\\\/AL-DIA-CHACO-L@2x.png\",\"width\":232,\"height\":60,\"caption\":\"Al Dia Chaco\"},\"image\":{\"@id\":\"https:\\\/\\\/aldiachaco.com.ar\\\/#\\\/schema\\\/logo\\\/image\\\/\"}},{\"@type\":\"Person\",\"@id\":\"https:\\\/\\\/aldiachaco.com.ar\\\/#\\\/schema\\\/person\\\/b24e975af8022082f5889a7a7299e962\",\"name\":\"RedaccionRM\",\"image\":{\"@type\":\"ImageObject\",\"inLanguage\":\"es-AR\",\"@id\":\"https:\\\/\\\/aldiachaco.com.ar\\\/wp-content\\\/litespeed\\\/avatar\\\/a30118fcb7a6295303f1c91164c6aba1.jpg?ver=1777339088\",\"url\":\"https:\\\/\\\/aldiachaco.com.ar\\\/wp-content\\\/litespeed\\\/avatar\\\/a30118fcb7a6295303f1c91164c6aba1.jpg?ver=1777339088\",\"contentUrl\":\"https:\\\/\\\/aldiachaco.com.ar\\\/wp-content\\\/litespeed\\\/avatar\\\/a30118fcb7a6295303f1c91164c6aba1.jpg?ver=1777339088\",\"caption\":\"RedaccionRM\"},\"url\":\"https:\\\/\\\/aldiachaco.com.ar\\\/index.php\\\/author\\\/redaccionrm\\\/\"}]}<\/script>\n<!-- \/ Yoast SEO plugin. -->","yoast_head_json":{"title":"SINIESTRO VIAL EN RUTA 11: UN CAMI\u00d3N PERDI\u00d3 EL CONTROL POR LA LLUVIA E IMPACT\u00d3 CONTRA UN SEM\u00c1FORO Y LUMINARIAS | Al Dia Chaco","robots":{"index":"index","follow":"follow","max-snippet":"max-snippet:-1","max-image-preview":"max-image-preview:large","max-video-preview":"max-video-preview:-1"},"canonical":"https:\/\/aldiachaco.com.ar\/index.php\/2026\/02\/23\/siniestro-vial-en-ruta-11-un-camion-perdio-el-control-por-la-lluvia-e-impacto-contra-un-semaforo-y-luminarias\/","og_locale":"es_ES","og_type":"article","og_title":"SINIESTRO VIAL EN RUTA 11: UN CAMI\u00d3N PERDI\u00d3 EL CONTROL POR LA LLUVIA E IMPACT\u00d3 CONTRA UN SEM\u00c1FORO Y LUMINARIAS | Al Dia Chaco","og_description":"Un cami\u00f3n de gran porte protagoniz\u00f3 un siniestro vial este lunes por la tarde sobre la Ruta Nacional 11, a la altura del kil\u00f3metro 1002, en la intersecci\u00f3n con la calle Bouque. El incidente, ocurrido bajo condiciones clim\u00e1ticas adversas, dej\u00f3 importantes da\u00f1os materiales en la infraestructura p\u00fablica. &nbsp; Alrededor de las 16:20, el sistema de &hellip;","og_url":"https:\/\/aldiachaco.com.ar\/index.php\/2026\/02\/23\/siniestro-vial-en-ruta-11-un-camion-perdio-el-control-por-la-lluvia-e-impacto-contra-un-semaforo-y-luminarias\/","og_site_name":"Al Dia Chaco","article_published_time":"2026-02-23T21:28:26+00:00","og_image":[{"width":1505,"height":748,"url":"https:\/\/aldiachaco.com.ar\/wp-content\/uploads\/2026\/02\/IMG-20260223-WA0042.jpg","type":"image\/jpeg"}],"author":"RedaccionRM","twitter_card":"summary_large_image","twitter_misc":{"Escrito por":"RedaccionRM","Tiempo de lectura":"2 minutos"},"schema":{"@context":"https:\/\/schema.org","@graph":[{"@type":"Article","@id":"https:\/\/aldiachaco.com.ar\/index.php\/2026\/02\/23\/siniestro-vial-en-ruta-11-un-camion-perdio-el-control-por-la-lluvia-e-impacto-contra-un-semaforo-y-luminarias\/#article","isPartOf":{"@id":"https:\/\/aldiachaco.com.ar\/index.php\/2026\/02\/23\/siniestro-vial-en-ruta-11-un-camion-perdio-el-control-por-la-lluvia-e-impacto-contra-un-semaforo-y-luminarias\/"},"author":{"name":"RedaccionRM","@id":"https:\/\/aldiachaco.com.ar\/#\/schema\/person\/b24e975af8022082f5889a7a7299e962"},"headline":"SINIESTRO VIAL EN RUTA 11: UN CAMI\u00d3N PERDI\u00d3 EL CONTROL POR LA LLUVIA E IMPACT\u00d3 CONTRA UN SEM\u00c1FORO Y LUMINARIAS","datePublished":"2026-02-23T21:28:26+00:00","mainEntityOfPage":{"@id":"https:\/\/aldiachaco.com.ar\/index.php\/2026\/02\/23\/siniestro-vial-en-ruta-11-un-camion-perdio-el-control-por-la-lluvia-e-impacto-contra-un-semaforo-y-luminarias\/"},"wordCount":241,"commentCount":0,"publisher":{"@id":"https:\/\/aldiachaco.com.ar\/#organization"},"image":{"@id":"https:\/\/aldiachaco.com.ar\/index.php\/2026\/02\/23\/siniestro-vial-en-ruta-11-un-camion-perdio-el-control-por-la-lluvia-e-impacto-contra-un-semaforo-y-luminarias\/#primaryimage"},"thumbnailUrl":"https:\/\/aldiachaco.com.ar\/wp-content\/uploads\/2026\/02\/IMG-20260223-WA0042.jpg","articleSection":["Policiales"],"inLanguage":"es-AR","potentialAction":[{"@type":"CommentAction","name":"Comment","target":["https:\/\/aldiachaco.com.ar\/index.php\/2026\/02\/23\/siniestro-vial-en-ruta-11-un-camion-perdio-el-control-por-la-lluvia-e-impacto-contra-un-semaforo-y-luminarias\/#respond"]}]},{"@type":"WebPage","@id":"https:\/\/aldiachaco.com.ar\/index.php\/2026\/02\/23\/siniestro-vial-en-ruta-11-un-camion-perdio-el-control-por-la-lluvia-e-impacto-contra-un-semaforo-y-luminarias\/","url":"https:\/\/aldiachaco.com.ar\/index.php\/2026\/02\/23\/siniestro-vial-en-ruta-11-un-camion-perdio-el-control-por-la-lluvia-e-impacto-contra-un-semaforo-y-luminarias\/","name":"SINIESTRO VIAL EN RUTA 11: UN CAMI\u00d3N PERDI\u00d3 EL CONTROL POR LA LLUVIA E IMPACT\u00d3 CONTRA UN SEM\u00c1FORO Y LUMINARIAS | Al Dia Chaco","isPartOf":{"@id":"https:\/\/aldiachaco.com.ar\/#website"},"primaryImageOfPage":{"@id":"https:\/\/aldiachaco.com.ar\/index.php\/2026\/02\/23\/siniestro-vial-en-ruta-11-un-camion-perdio-el-control-por-la-lluvia-e-impacto-contra-un-semaforo-y-luminarias\/#primaryimage"},"image":{"@id":"https:\/\/aldiachaco.com.ar\/index.php\/2026\/02\/23\/siniestro-vial-en-ruta-11-un-camion-perdio-el-control-por-la-lluvia-e-impacto-contra-un-semaforo-y-luminarias\/#primaryimage"},"thumbnailUrl":"https:\/\/aldiachaco.com.ar\/wp-content\/uploads\/2026\/02\/IMG-20260223-WA0042.jpg","datePublished":"2026-02-23T21:28:26+00:00","breadcrumb":{"@id":"https:\/\/aldiachaco.com.ar\/index.php\/2026\/02\/23\/siniestro-vial-en-ruta-11-un-camion-perdio-el-control-por-la-lluvia-e-impacto-contra-un-semaforo-y-luminarias\/#breadcrumb"},"inLanguage":"es-AR","potentialAction":[{"@type":"ReadAction","target":["https:\/\/aldiachaco.com.ar\/index.php\/2026\/02\/23\/siniestro-vial-en-ruta-11-un-camion-perdio-el-control-por-la-lluvia-e-impacto-contra-un-semaforo-y-luminarias\/"]}]},{"@type":"ImageObject","inLanguage":"es-AR","@id":"https:\/\/aldiachaco.com.ar\/index.php\/2026\/02\/23\/siniestro-vial-en-ruta-11-un-camion-perdio-el-control-por-la-lluvia-e-impacto-contra-un-semaforo-y-luminarias\/#primaryimage","url":"https:\/\/aldiachaco.com.ar\/wp-content\/uploads\/2026\/02\/IMG-20260223-WA0042.jpg","contentUrl":"https:\/\/aldiachaco.com.ar\/wp-content\/uploads\/2026\/02\/IMG-20260223-WA0042.jpg","width":1505,"height":748},{"@type":"BreadcrumbList","@id":"https:\/\/aldiachaco.com.ar\/index.php\/2026\/02\/23\/siniestro-vial-en-ruta-11-un-camion-perdio-el-control-por-la-lluvia-e-impacto-contra-un-semaforo-y-luminarias\/#breadcrumb","itemListElement":[{"@type":"ListItem","position":1,"name":"Home","item":"https:\/\/aldiachaco.com.ar\/"},{"@type":"ListItem","position":2,"name":"SINIESTRO VIAL EN RUTA 11: UN CAMI\u00d3N PERDI\u00d3 EL CONTROL POR LA LLUVIA E IMPACT\u00d3 CONTRA UN SEM\u00c1FORO Y LUMINARIAS"}]},{"@type":"WebSite","@id":"https:\/\/aldiachaco.com.ar\/#website","url":"https:\/\/aldiachaco.com.ar\/","name":"Al Dia Chaco","description":"Noticias del Chaco y el mundo","publisher":{"@id":"https:\/\/aldiachaco.com.ar\/#organization"},"alternateName":"Al D\u00eda Chaco","potentialAction":[{"@type":"SearchAction","target":{"@type":"EntryPoint","urlTemplate":"https:\/\/aldiachaco.com.ar\/?s={search_term_string}"},"query-input":{"@type":"PropertyValueSpecification","valueRequired":true,"valueName":"search_term_string"}}],"inLanguage":"es-AR"},{"@type":"Organization","@id":"https:\/\/aldiachaco.com.ar\/#organization","name":"Al Dia Chaco","url":"https:\/\/aldiachaco.com.ar\/","logo":{"@type":"ImageObject","inLanguage":"es-AR","@id":"https:\/\/aldiachaco.com.ar\/#\/schema\/logo\/image\/","url":"https:\/\/aldiachaco.com.ar\/wp-content\/uploads\/2017\/11\/AL-DIA-CHACO-L@2x.png","contentUrl":"https:\/\/aldiachaco.com.ar\/wp-content\/uploads\/2017\/11\/AL-DIA-CHACO-L@2x.png","width":232,"height":60,"caption":"Al Dia Chaco"},"image":{"@id":"https:\/\/aldiachaco.com.ar\/#\/schema\/logo\/image\/"}},{"@type":"Person","@id":"https:\/\/aldiachaco.com.ar\/#\/schema\/person\/b24e975af8022082f5889a7a7299e962","name":"RedaccionRM","image":{"@type":"ImageObject","inLanguage":"es-AR","@id":"https:\/\/aldiachaco.com.ar\/wp-content\/litespeed\/avatar\/a30118fcb7a6295303f1c91164c6aba1.jpg?ver=1777339088","url":"https:\/\/aldiachaco.com.ar\/wp-content\/litespeed\/avatar\/a30118fcb7a6295303f1c91164c6aba1.jpg?ver=1777339088","contentUrl":"https:\/\/aldiachaco.com.ar\/wp-content\/litespeed\/avatar\/a30118fcb7a6295303f1c91164c6aba1.jpg?ver=1777339088","caption":"RedaccionRM"},"url":"https:\/\/aldiachaco.com.ar\/index.php\/author\/redaccionrm\/"}]}},"jetpack_publicize_connections":[],"jetpack_featured_media_url":"https:\/\/aldiachaco.com.ar\/wp-content\/uploads\/2026\/02\/IMG-20260223-WA0042.jpg","jetpack_sharing_enabled":true,"amp_enabled":true,"_links":{"self":[{"href":"https:\/\/aldiachaco.com.ar\/index.php\/wp-json\/wp\/v2\/posts\/117226","targetHints":{"allow":["GET"]}}],"collection":[{"href":"https:\/\/aldiachaco.com.ar\/index.php\/wp-json\/wp\/v2\/posts"}],"about":[{"href":"https:\/\/aldiachaco.com.ar\/index.php\/wp-json\/wp\/v2\/types\/post"}],"author":[{"embeddable":true,"href":"https:\/\/aldiachaco.com.ar\/index.php\/wp-json\/wp\/v2\/users\/9"}],"replies":[{"embeddable":true,"href":"https:\/\/aldiachaco.com.ar\/index.php\/wp-json\/wp\/v2\/comments?post=117226"}],"version-history":[{"count":1,"href":"https:\/\/aldiachaco.com.ar\/index.php\/wp-json\/wp\/v2\/posts\/117226\/revisions"}],"predecessor-version":[{"id":117231,"href":"https:\/\/aldiachaco.com.ar\/index.php\/wp-json\/wp\/v2\/posts\/117226\/revisions\/117231"}],"wp:featuredmedia":[{"embeddable":true,"href":"https:\/\/aldiachaco.com.ar\/index.php\/wp-json\/wp\/v2\/media\/117227"}],"wp:attachment":[{"href":"https:\/\/aldiachaco.com.ar\/index.php\/wp-json\/wp\/v2\/media?parent=117226"}],"wp:term":[{"taxonomy":"category","embeddable":true,"href":"https:\/\/aldiachaco.com.ar\/index.php\/wp-json\/wp\/v2\/categories?post=117226"},{"taxonomy":"post_tag","embeddable":true,"href":"https:\/\/aldiachaco.com.ar\/index.php\/wp-json\/wp\/v2\/tags?post=117226"}],"curies":[{"name":"wp","href":"https:\/\/api.w.org\/{rel}","templated":true}]}}