{"id":117217,"date":"2026-02-23T10:36:41","date_gmt":"2026-02-23T13:36:41","guid":{"rendered":"https:\/\/aldiachaco.com.ar\/?p=117217"},"modified":"2026-02-23T10:36:41","modified_gmt":"2026-02-23T13:36:41","slug":"el-intendente-de-saenz-pena-sabia-como-se-operaba-santiago-perez-pons-denuncio-perdida-de-1-500-millones-y-pidio-su-procesamiento","status":"publish","type":"post","link":"https:\/\/aldiachaco.com.ar\/index.php\/2026\/02\/23\/el-intendente-de-saenz-pena-sabia-como-se-operaba-santiago-perez-pons-denuncio-perdida-de-1-500-millones-y-pidio-su-procesamiento\/","title":{"rendered":"&#8220;El intendente de S\u00e1enz Pe\u00f1a sab\u00eda c\u00f3mo se operaba&#8221;: Santiago P\u00e9rez Pons denunci\u00f3 p\u00e9rdida de $1.500 millones y pidi\u00f3 su procesamiento"},"content":{"rendered":"<p class=\"ds-markdown-paragraph\">El diputado provincial y exministro de Econom\u00eda de la provincia, Santiago P\u00e9rez Pons, se refiri\u00f3 en una extensa entrevista con Sin Vueltas al esc\u00e1ndalo por la inversi\u00f3n de fondos municipales de Presidencia Roque S\u00e1enz Pe\u00f1a en la Bolsa de Comercio del Chaco, que deriv\u00f3 en una p\u00e9rdida de 1.500 millones de pesos. P\u00e9rez Pons fue contundente: el intendente Bruno Cipolini &#8220;sab\u00eda c\u00f3mo se operaba&#8221; y es el principal responsable pol\u00edtico y legal.<\/p>\n<p class=\"ds-markdown-paragraph\"><strong>&#8220;Si no hac\u00edamos la denuncia, no se iba a saber&#8221;<\/strong><\/p>\n<p class=\"ds-markdown-paragraph\">P\u00e9rez Pons record\u00f3 que la denuncia penal que present\u00f3 junto a otros concejales fue clave para destapar el esc\u00e1ndalo. &#8220;Si nosotros no hac\u00edamos la denuncia penal, esto seguramente no se iba a saber. Nunca el intendente iba a hacer una conferencia de prensa&#8221;, afirm\u00f3.<\/p>\n<p class=\"ds-markdown-paragraph\">Seg\u00fan explic\u00f3, el municipio realiz\u00f3 &#8220;inversiones sin garant\u00edas, riesgosas, dentro de la bolsa de comercio&#8221;, algo que &#8220;siempre amerita una aprobaci\u00f3n del Concejo Municipal que no se hizo&#8221;. La operatoria, detall\u00f3, consisti\u00f3 en &#8220;invertir en cheques sin garant\u00eda que le daban rendimientos altos&#8221;, algo que compar\u00f3 con &#8220;jugar a la poceada sabiendo que tiene grandes chances de perder&#8221;.<\/p>\n<p class=\"ds-markdown-paragraph\"><strong>Responsabilidad del intendente<\/strong><\/p>\n<p class=\"ds-markdown-paragraph\">Consultado sobre si Cipolini pudo haber sido ajeno a la operatoria, P\u00e9rez Pons fue terminante: &#8220;Las responsabilidades de la ley son claras. El intendente autoriza a trav\u00e9s de resoluciones esos movimientos. El \u00fanico responsable del patrimonio del municipio es el intendente, por acci\u00f3n propia o por delegaci\u00f3n de funciones&#8221;.<\/p>\n<p class=\"ds-markdown-paragraph\">Adem\u00e1s, se\u00f1al\u00f3 que la Bolsa de Comercio sali\u00f3 a desmentir la versi\u00f3n del municipio de ser &#8220;damnificado&#8221;. &#8220;El presidente de la bolsa dijo que el intendente y sus funcionarios sab\u00edan c\u00f3mo estaban operando, que ellos solamente son intermediarios. Los que colocaron esos fondos fueron ellos a trav\u00e9s de la bolsa&#8221;, explic\u00f3.<\/p>\n<p class=\"ds-markdown-paragraph\"><strong>&#8220;Ac\u00e1 se perdi\u00f3 la plata, ya no vuelve&#8221;<\/strong><\/p>\n<p class=\"ds-markdown-paragraph\">El diputado enfatiz\u00f3 la gravedad del hecho: &#8220;Ac\u00e1 no es solamente que hizo algo en contra de la ley o que no ten\u00eda la norma para hacerlo, sino que ac\u00e1 se perdi\u00f3 la plata. Esto nunca ocurri\u00f3 en un municipio. Salieron de las cuentas del Estado y ya no vuelven. Son recursos de los saenzpe\u00f1enses, principalmente para hacer calles, iluminaci\u00f3n, para que la gente pueda vivir mejor&#8221;.<\/p>\n<p class=\"ds-markdown-paragraph\">En ese sentido, adelant\u00f3 los pasos judiciales: &#8220;Pedimos la imputaci\u00f3n y el procesamiento del intendente y de sus funcionarios. La justicia deber\u00eda actuar haciendo allanamientos, llam\u00e1ndolos a declarar. Esperemos que no reciban presiones ni del gobernador ni del intendente que haga frenar la causa&#8221;.<\/p>\n<p class=\"ds-markdown-paragraph\"><strong>Su gesti\u00f3n y el futuro del peronismo<\/strong><\/p>\n<p class=\"ds-markdown-paragraph\">P\u00e9rez Pons tambi\u00e9n se refiri\u00f3 a su paso por el Ministerio de Econom\u00eda, que asumi\u00f3 con 26 a\u00f1os. &#8220;Para m\u00ed fue un orgullo el cargo que el exgobernador Capitanich me otorg\u00f3. Pudimos terminar 1.500 obras p\u00fablicas en mi gesti\u00f3n. Eso es un orgullo y qued\u00f3 mucho por hacer, y seguramente muchas equivocaciones tambi\u00e9n&#8221;, reconoci\u00f3.<\/p>\n<p class=\"ds-markdown-paragraph\">Sobre el futuro del peronismo, llam\u00f3 a &#8220;discutir qu\u00e9 queremos hacer para adelante&#8221; y a dar espacio a nuevas generaciones. &#8220;Nuestra generaci\u00f3n tiene una responsabilidad de tomar las conducciones necesarias. Los ciclos se acaban y la gente merece que venga gente con nuevas ideas y formas, porque los tiempos cambiaron&#8221;.<\/p>\n<p class=\"ds-markdown-paragraph\">Consultado sobre sus aspiraciones para 2027, respondi\u00f3: &#8220;Uno siempre tiene aspiraciones de gobernar la provincia, de trabajar para que eso ocurra. Ser\u00e1n mis compa\u00f1eros, compa\u00f1eras y ciudadanos que lo determinen&#8221;.<\/p>\n","protected":false},"excerpt":{"rendered":"<p>El diputado provincial y exministro de Econom\u00eda de la provincia, Santiago P\u00e9rez Pons, se refiri\u00f3 en una extensa entrevista con Sin Vueltas al esc\u00e1ndalo por la inversi\u00f3n de fondos municipales de Presidencia Roque S\u00e1enz Pe\u00f1a en la Bolsa de Comercio del Chaco, que deriv\u00f3 en una p\u00e9rdida de 1.500 millones de pesos. P\u00e9rez Pons fue &hellip;<\/p>\n","protected":false},"author":9,"featured_media":117218,"comment_status":"open","ping_status":"open","sticky":false,"template":"","format":"standard","meta":{"content-type":"","_monsterinsights_skip_tracking":false,"_monsterinsights_sitenote_active":false,"_monsterinsights_sitenote_note":"","_monsterinsights_sitenote_category":0,"_jetpack_memberships_contains_paid_content":false,"footnotes":"","jetpack_publicize_message":"","jetpack_publicize_feature_enabled":true,"jetpack_social_post_already_shared":true,"jetpack_social_options":{"image_generator_settings":{"template":"highway","default_image_id":0,"font":"","enabled":false},"version":2}},"categories":[153],"tags":[],"class_list":["post-117217","post","type-post","status-publish","format-standard","has-post-thumbnail","hentry","category-politica"],"yoast_head":"<!-- This site is optimized with the Yoast SEO plugin v27.4 - https:\/\/yoast.com\/product\/yoast-seo-wordpress\/ -->\n<title>&quot;El intendente de S\u00e1enz Pe\u00f1a sab\u00eda c\u00f3mo se operaba&quot;: Santiago P\u00e9rez Pons denunci\u00f3 p\u00e9rdida de $1.500 millones y pidi\u00f3 su procesamiento | Al Dia Chaco<\/title>\n<meta name=\"robots\" content=\"index, follow, max-snippet:-1, max-image-preview:large, max-video-preview:-1\" \/>\n<link rel=\"canonical\" href=\"https:\/\/aldiachaco.com.ar\/index.php\/2026\/02\/23\/el-intendente-de-saenz-pena-sabia-como-se-operaba-santiago-perez-pons-denuncio-perdida-de-1-500-millones-y-pidio-su-procesamiento\/\" \/>\n<meta property=\"og:locale\" content=\"es_ES\" \/>\n<meta property=\"og:type\" content=\"article\" \/>\n<meta property=\"og:title\" content=\"&quot;El intendente de S\u00e1enz Pe\u00f1a sab\u00eda c\u00f3mo se operaba&quot;: Santiago P\u00e9rez Pons denunci\u00f3 p\u00e9rdida de $1.500 millones y pidi\u00f3 su procesamiento | Al Dia Chaco\" \/>\n<meta property=\"og:description\" content=\"El diputado provincial y exministro de Econom\u00eda de la provincia, Santiago P\u00e9rez Pons, se refiri\u00f3 en una extensa entrevista con Sin Vueltas al esc\u00e1ndalo por la inversi\u00f3n de fondos municipales de Presidencia Roque S\u00e1enz Pe\u00f1a en la Bolsa de Comercio del Chaco, que deriv\u00f3 en una p\u00e9rdida de 1.500 millones de pesos. P\u00e9rez Pons fue &hellip;\" \/>\n<meta property=\"og:url\" content=\"https:\/\/aldiachaco.com.ar\/index.php\/2026\/02\/23\/el-intendente-de-saenz-pena-sabia-como-se-operaba-santiago-perez-pons-denuncio-perdida-de-1-500-millones-y-pidio-su-procesamiento\/\" \/>\n<meta property=\"og:site_name\" content=\"Al Dia Chaco\" \/>\n<meta property=\"article:published_time\" content=\"2026-02-23T13:36:41+00:00\" \/>\n<meta property=\"og:image\" content=\"https:\/\/aldiachaco.com.ar\/wp-content\/uploads\/2026\/02\/perez-pons.jpg\" \/>\n\t<meta property=\"og:image:width\" content=\"832\" \/>\n\t<meta property=\"og:image:height\" content=\"832\" \/>\n\t<meta property=\"og:image:type\" content=\"image\/jpeg\" \/>\n<meta name=\"author\" content=\"RedaccionRM\" \/>\n<meta name=\"twitter:card\" content=\"summary_large_image\" \/>\n<meta name=\"twitter:label1\" content=\"Escrito por\" \/>\n\t<meta name=\"twitter:data1\" content=\"RedaccionRM\" \/>\n\t<meta name=\"twitter:label2\" content=\"Tiempo de lectura\" \/>\n\t<meta name=\"twitter:data2\" content=\"3 minutos\" \/>\n<script type=\"application\/ld+json\" class=\"yoast-schema-graph\">{\"@context\":\"https:\\\/\\\/schema.org\",\"@graph\":[{\"@type\":\"Article\",\"@id\":\"https:\\\/\\\/aldiachaco.com.ar\\\/index.php\\\/2026\\\/02\\\/23\\\/el-intendente-de-saenz-pena-sabia-como-se-operaba-santiago-perez-pons-denuncio-perdida-de-1-500-millones-y-pidio-su-procesamiento\\\/#article\",\"isPartOf\":{\"@id\":\"https:\\\/\\\/aldiachaco.com.ar\\\/index.php\\\/2026\\\/02\\\/23\\\/el-intendente-de-saenz-pena-sabia-como-se-operaba-santiago-perez-pons-denuncio-perdida-de-1-500-millones-y-pidio-su-procesamiento\\\/\"},\"author\":{\"name\":\"RedaccionRM\",\"@id\":\"https:\\\/\\\/aldiachaco.com.ar\\\/#\\\/schema\\\/person\\\/b24e975af8022082f5889a7a7299e962\"},\"headline\":\"&#8220;El intendente de S\u00e1enz Pe\u00f1a sab\u00eda c\u00f3mo se operaba&#8221;: Santiago P\u00e9rez Pons denunci\u00f3 p\u00e9rdida de $1.500 millones y pidi\u00f3 su procesamiento\",\"datePublished\":\"2026-02-23T13:36:41+00:00\",\"mainEntityOfPage\":{\"@id\":\"https:\\\/\\\/aldiachaco.com.ar\\\/index.php\\\/2026\\\/02\\\/23\\\/el-intendente-de-saenz-pena-sabia-como-se-operaba-santiago-perez-pons-denuncio-perdida-de-1-500-millones-y-pidio-su-procesamiento\\\/\"},\"wordCount\":616,\"commentCount\":0,\"publisher\":{\"@id\":\"https:\\\/\\\/aldiachaco.com.ar\\\/#organization\"},\"image\":{\"@id\":\"https:\\\/\\\/aldiachaco.com.ar\\\/index.php\\\/2026\\\/02\\\/23\\\/el-intendente-de-saenz-pena-sabia-como-se-operaba-santiago-perez-pons-denuncio-perdida-de-1-500-millones-y-pidio-su-procesamiento\\\/#primaryimage\"},\"thumbnailUrl\":\"https:\\\/\\\/aldiachaco.com.ar\\\/wp-content\\\/uploads\\\/2026\\\/02\\\/perez-pons.jpg\",\"articleSection\":[\"Pol\u00edtica\"],\"inLanguage\":\"es-AR\",\"potentialAction\":[{\"@type\":\"CommentAction\",\"name\":\"Comment\",\"target\":[\"https:\\\/\\\/aldiachaco.com.ar\\\/index.php\\\/2026\\\/02\\\/23\\\/el-intendente-de-saenz-pena-sabia-como-se-operaba-santiago-perez-pons-denuncio-perdida-de-1-500-millones-y-pidio-su-procesamiento\\\/#respond\"]}]},{\"@type\":\"WebPage\",\"@id\":\"https:\\\/\\\/aldiachaco.com.ar\\\/index.php\\\/2026\\\/02\\\/23\\\/el-intendente-de-saenz-pena-sabia-como-se-operaba-santiago-perez-pons-denuncio-perdida-de-1-500-millones-y-pidio-su-procesamiento\\\/\",\"url\":\"https:\\\/\\\/aldiachaco.com.ar\\\/index.php\\\/2026\\\/02\\\/23\\\/el-intendente-de-saenz-pena-sabia-como-se-operaba-santiago-perez-pons-denuncio-perdida-de-1-500-millones-y-pidio-su-procesamiento\\\/\",\"name\":\"\\\"El intendente de S\u00e1enz Pe\u00f1a sab\u00eda c\u00f3mo se operaba\\\": Santiago P\u00e9rez Pons denunci\u00f3 p\u00e9rdida de $1.500 millones y pidi\u00f3 su procesamiento | Al Dia Chaco\",\"isPartOf\":{\"@id\":\"https:\\\/\\\/aldiachaco.com.ar\\\/#website\"},\"primaryImageOfPage\":{\"@id\":\"https:\\\/\\\/aldiachaco.com.ar\\\/index.php\\\/2026\\\/02\\\/23\\\/el-intendente-de-saenz-pena-sabia-como-se-operaba-santiago-perez-pons-denuncio-perdida-de-1-500-millones-y-pidio-su-procesamiento\\\/#primaryimage\"},\"image\":{\"@id\":\"https:\\\/\\\/aldiachaco.com.ar\\\/index.php\\\/2026\\\/02\\\/23\\\/el-intendente-de-saenz-pena-sabia-como-se-operaba-santiago-perez-pons-denuncio-perdida-de-1-500-millones-y-pidio-su-procesamiento\\\/#primaryimage\"},\"thumbnailUrl\":\"https:\\\/\\\/aldiachaco.com.ar\\\/wp-content\\\/uploads\\\/2026\\\/02\\\/perez-pons.jpg\",\"datePublished\":\"2026-02-23T13:36:41+00:00\",\"breadcrumb\":{\"@id\":\"https:\\\/\\\/aldiachaco.com.ar\\\/index.php\\\/2026\\\/02\\\/23\\\/el-intendente-de-saenz-pena-sabia-como-se-operaba-santiago-perez-pons-denuncio-perdida-de-1-500-millones-y-pidio-su-procesamiento\\\/#breadcrumb\"},\"inLanguage\":\"es-AR\",\"potentialAction\":[{\"@type\":\"ReadAction\",\"target\":[\"https:\\\/\\\/aldiachaco.com.ar\\\/index.php\\\/2026\\\/02\\\/23\\\/el-intendente-de-saenz-pena-sabia-como-se-operaba-santiago-perez-pons-denuncio-perdida-de-1-500-millones-y-pidio-su-procesamiento\\\/\"]}]},{\"@type\":\"ImageObject\",\"inLanguage\":\"es-AR\",\"@id\":\"https:\\\/\\\/aldiachaco.com.ar\\\/index.php\\\/2026\\\/02\\\/23\\\/el-intendente-de-saenz-pena-sabia-como-se-operaba-santiago-perez-pons-denuncio-perdida-de-1-500-millones-y-pidio-su-procesamiento\\\/#primaryimage\",\"url\":\"https:\\\/\\\/aldiachaco.com.ar\\\/wp-content\\\/uploads\\\/2026\\\/02\\\/perez-pons.jpg\",\"contentUrl\":\"https:\\\/\\\/aldiachaco.com.ar\\\/wp-content\\\/uploads\\\/2026\\\/02\\\/perez-pons.jpg\",\"width\":832,\"height\":832},{\"@type\":\"BreadcrumbList\",\"@id\":\"https:\\\/\\\/aldiachaco.com.ar\\\/index.php\\\/2026\\\/02\\\/23\\\/el-intendente-de-saenz-pena-sabia-como-se-operaba-santiago-perez-pons-denuncio-perdida-de-1-500-millones-y-pidio-su-procesamiento\\\/#breadcrumb\",\"itemListElement\":[{\"@type\":\"ListItem\",\"position\":1,\"name\":\"Home\",\"item\":\"https:\\\/\\\/aldiachaco.com.ar\\\/\"},{\"@type\":\"ListItem\",\"position\":2,\"name\":\"&#8220;El intendente de S\u00e1enz Pe\u00f1a sab\u00eda c\u00f3mo se operaba&#8221;: Santiago P\u00e9rez Pons denunci\u00f3 p\u00e9rdida de $1.500 millones y pidi\u00f3 su procesamiento\"}]},{\"@type\":\"WebSite\",\"@id\":\"https:\\\/\\\/aldiachaco.com.ar\\\/#website\",\"url\":\"https:\\\/\\\/aldiachaco.com.ar\\\/\",\"name\":\"Al Dia Chaco\",\"description\":\"Noticias del Chaco y el mundo\",\"publisher\":{\"@id\":\"https:\\\/\\\/aldiachaco.com.ar\\\/#organization\"},\"alternateName\":\"Al D\u00eda Chaco\",\"potentialAction\":[{\"@type\":\"SearchAction\",\"target\":{\"@type\":\"EntryPoint\",\"urlTemplate\":\"https:\\\/\\\/aldiachaco.com.ar\\\/?s={search_term_string}\"},\"query-input\":{\"@type\":\"PropertyValueSpecification\",\"valueRequired\":true,\"valueName\":\"search_term_string\"}}],\"inLanguage\":\"es-AR\"},{\"@type\":\"Organization\",\"@id\":\"https:\\\/\\\/aldiachaco.com.ar\\\/#organization\",\"name\":\"Al Dia Chaco\",\"url\":\"https:\\\/\\\/aldiachaco.com.ar\\\/\",\"logo\":{\"@type\":\"ImageObject\",\"inLanguage\":\"es-AR\",\"@id\":\"https:\\\/\\\/aldiachaco.com.ar\\\/#\\\/schema\\\/logo\\\/image\\\/\",\"url\":\"https:\\\/\\\/aldiachaco.com.ar\\\/wp-content\\\/uploads\\\/2017\\\/11\\\/AL-DIA-CHACO-L@2x.png\",\"contentUrl\":\"https:\\\/\\\/aldiachaco.com.ar\\\/wp-content\\\/uploads\\\/2017\\\/11\\\/AL-DIA-CHACO-L@2x.png\",\"width\":232,\"height\":60,\"caption\":\"Al Dia Chaco\"},\"image\":{\"@id\":\"https:\\\/\\\/aldiachaco.com.ar\\\/#\\\/schema\\\/logo\\\/image\\\/\"}},{\"@type\":\"Person\",\"@id\":\"https:\\\/\\\/aldiachaco.com.ar\\\/#\\\/schema\\\/person\\\/b24e975af8022082f5889a7a7299e962\",\"name\":\"RedaccionRM\",\"image\":{\"@type\":\"ImageObject\",\"inLanguage\":\"es-AR\",\"@id\":\"https:\\\/\\\/aldiachaco.com.ar\\\/wp-content\\\/litespeed\\\/avatar\\\/a30118fcb7a6295303f1c91164c6aba1.jpg?ver=1777339088\",\"url\":\"https:\\\/\\\/aldiachaco.com.ar\\\/wp-content\\\/litespeed\\\/avatar\\\/a30118fcb7a6295303f1c91164c6aba1.jpg?ver=1777339088\",\"contentUrl\":\"https:\\\/\\\/aldiachaco.com.ar\\\/wp-content\\\/litespeed\\\/avatar\\\/a30118fcb7a6295303f1c91164c6aba1.jpg?ver=1777339088\",\"caption\":\"RedaccionRM\"},\"url\":\"https:\\\/\\\/aldiachaco.com.ar\\\/index.php\\\/author\\\/redaccionrm\\\/\"}]}<\/script>\n<!-- \/ Yoast SEO plugin. -->","yoast_head_json":{"title":"\"El intendente de S\u00e1enz Pe\u00f1a sab\u00eda c\u00f3mo se operaba\": Santiago P\u00e9rez Pons denunci\u00f3 p\u00e9rdida de $1.500 millones y pidi\u00f3 su procesamiento | Al Dia Chaco","robots":{"index":"index","follow":"follow","max-snippet":"max-snippet:-1","max-image-preview":"max-image-preview:large","max-video-preview":"max-video-preview:-1"},"canonical":"https:\/\/aldiachaco.com.ar\/index.php\/2026\/02\/23\/el-intendente-de-saenz-pena-sabia-como-se-operaba-santiago-perez-pons-denuncio-perdida-de-1-500-millones-y-pidio-su-procesamiento\/","og_locale":"es_ES","og_type":"article","og_title":"\"El intendente de S\u00e1enz Pe\u00f1a sab\u00eda c\u00f3mo se operaba\": Santiago P\u00e9rez Pons denunci\u00f3 p\u00e9rdida de $1.500 millones y pidi\u00f3 su procesamiento | Al Dia Chaco","og_description":"El diputado provincial y exministro de Econom\u00eda de la provincia, Santiago P\u00e9rez Pons, se refiri\u00f3 en una extensa entrevista con Sin Vueltas al esc\u00e1ndalo por la inversi\u00f3n de fondos municipales de Presidencia Roque S\u00e1enz Pe\u00f1a en la Bolsa de Comercio del Chaco, que deriv\u00f3 en una p\u00e9rdida de 1.500 millones de pesos. P\u00e9rez Pons fue &hellip;","og_url":"https:\/\/aldiachaco.com.ar\/index.php\/2026\/02\/23\/el-intendente-de-saenz-pena-sabia-como-se-operaba-santiago-perez-pons-denuncio-perdida-de-1-500-millones-y-pidio-su-procesamiento\/","og_site_name":"Al Dia Chaco","article_published_time":"2026-02-23T13:36:41+00:00","og_image":[{"width":832,"height":832,"url":"https:\/\/aldiachaco.com.ar\/wp-content\/uploads\/2026\/02\/perez-pons.jpg","type":"image\/jpeg"}],"author":"RedaccionRM","twitter_card":"summary_large_image","twitter_misc":{"Escrito por":"RedaccionRM","Tiempo de lectura":"3 minutos"},"schema":{"@context":"https:\/\/schema.org","@graph":[{"@type":"Article","@id":"https:\/\/aldiachaco.com.ar\/index.php\/2026\/02\/23\/el-intendente-de-saenz-pena-sabia-como-se-operaba-santiago-perez-pons-denuncio-perdida-de-1-500-millones-y-pidio-su-procesamiento\/#article","isPartOf":{"@id":"https:\/\/aldiachaco.com.ar\/index.php\/2026\/02\/23\/el-intendente-de-saenz-pena-sabia-como-se-operaba-santiago-perez-pons-denuncio-perdida-de-1-500-millones-y-pidio-su-procesamiento\/"},"author":{"name":"RedaccionRM","@id":"https:\/\/aldiachaco.com.ar\/#\/schema\/person\/b24e975af8022082f5889a7a7299e962"},"headline":"&#8220;El intendente de S\u00e1enz Pe\u00f1a sab\u00eda c\u00f3mo se operaba&#8221;: Santiago P\u00e9rez Pons denunci\u00f3 p\u00e9rdida de $1.500 millones y pidi\u00f3 su procesamiento","datePublished":"2026-02-23T13:36:41+00:00","mainEntityOfPage":{"@id":"https:\/\/aldiachaco.com.ar\/index.php\/2026\/02\/23\/el-intendente-de-saenz-pena-sabia-como-se-operaba-santiago-perez-pons-denuncio-perdida-de-1-500-millones-y-pidio-su-procesamiento\/"},"wordCount":616,"commentCount":0,"publisher":{"@id":"https:\/\/aldiachaco.com.ar\/#organization"},"image":{"@id":"https:\/\/aldiachaco.com.ar\/index.php\/2026\/02\/23\/el-intendente-de-saenz-pena-sabia-como-se-operaba-santiago-perez-pons-denuncio-perdida-de-1-500-millones-y-pidio-su-procesamiento\/#primaryimage"},"thumbnailUrl":"https:\/\/aldiachaco.com.ar\/wp-content\/uploads\/2026\/02\/perez-pons.jpg","articleSection":["Pol\u00edtica"],"inLanguage":"es-AR","potentialAction":[{"@type":"CommentAction","name":"Comment","target":["https:\/\/aldiachaco.com.ar\/index.php\/2026\/02\/23\/el-intendente-de-saenz-pena-sabia-como-se-operaba-santiago-perez-pons-denuncio-perdida-de-1-500-millones-y-pidio-su-procesamiento\/#respond"]}]},{"@type":"WebPage","@id":"https:\/\/aldiachaco.com.ar\/index.php\/2026\/02\/23\/el-intendente-de-saenz-pena-sabia-como-se-operaba-santiago-perez-pons-denuncio-perdida-de-1-500-millones-y-pidio-su-procesamiento\/","url":"https:\/\/aldiachaco.com.ar\/index.php\/2026\/02\/23\/el-intendente-de-saenz-pena-sabia-como-se-operaba-santiago-perez-pons-denuncio-perdida-de-1-500-millones-y-pidio-su-procesamiento\/","name":"\"El intendente de S\u00e1enz Pe\u00f1a sab\u00eda c\u00f3mo se operaba\": Santiago P\u00e9rez Pons denunci\u00f3 p\u00e9rdida de $1.500 millones y pidi\u00f3 su procesamiento | Al Dia Chaco","isPartOf":{"@id":"https:\/\/aldiachaco.com.ar\/#website"},"primaryImageOfPage":{"@id":"https:\/\/aldiachaco.com.ar\/index.php\/2026\/02\/23\/el-intendente-de-saenz-pena-sabia-como-se-operaba-santiago-perez-pons-denuncio-perdida-de-1-500-millones-y-pidio-su-procesamiento\/#primaryimage"},"image":{"@id":"https:\/\/aldiachaco.com.ar\/index.php\/2026\/02\/23\/el-intendente-de-saenz-pena-sabia-como-se-operaba-santiago-perez-pons-denuncio-perdida-de-1-500-millones-y-pidio-su-procesamiento\/#primaryimage"},"thumbnailUrl":"https:\/\/aldiachaco.com.ar\/wp-content\/uploads\/2026\/02\/perez-pons.jpg","datePublished":"2026-02-23T13:36:41+00:00","breadcrumb":{"@id":"https:\/\/aldiachaco.com.ar\/index.php\/2026\/02\/23\/el-intendente-de-saenz-pena-sabia-como-se-operaba-santiago-perez-pons-denuncio-perdida-de-1-500-millones-y-pidio-su-procesamiento\/#breadcrumb"},"inLanguage":"es-AR","potentialAction":[{"@type":"ReadAction","target":["https:\/\/aldiachaco.com.ar\/index.php\/2026\/02\/23\/el-intendente-de-saenz-pena-sabia-como-se-operaba-santiago-perez-pons-denuncio-perdida-de-1-500-millones-y-pidio-su-procesamiento\/"]}]},{"@type":"ImageObject","inLanguage":"es-AR","@id":"https:\/\/aldiachaco.com.ar\/index.php\/2026\/02\/23\/el-intendente-de-saenz-pena-sabia-como-se-operaba-santiago-perez-pons-denuncio-perdida-de-1-500-millones-y-pidio-su-procesamiento\/#primaryimage","url":"https:\/\/aldiachaco.com.ar\/wp-content\/uploads\/2026\/02\/perez-pons.jpg","contentUrl":"https:\/\/aldiachaco.com.ar\/wp-content\/uploads\/2026\/02\/perez-pons.jpg","width":832,"height":832},{"@type":"BreadcrumbList","@id":"https:\/\/aldiachaco.com.ar\/index.php\/2026\/02\/23\/el-intendente-de-saenz-pena-sabia-como-se-operaba-santiago-perez-pons-denuncio-perdida-de-1-500-millones-y-pidio-su-procesamiento\/#breadcrumb","itemListElement":[{"@type":"ListItem","position":1,"name":"Home","item":"https:\/\/aldiachaco.com.ar\/"},{"@type":"ListItem","position":2,"name":"&#8220;El intendente de S\u00e1enz Pe\u00f1a sab\u00eda c\u00f3mo se operaba&#8221;: Santiago P\u00e9rez Pons denunci\u00f3 p\u00e9rdida de $1.500 millones y pidi\u00f3 su procesamiento"}]},{"@type":"WebSite","@id":"https:\/\/aldiachaco.com.ar\/#website","url":"https:\/\/aldiachaco.com.ar\/","name":"Al Dia Chaco","description":"Noticias del Chaco y el mundo","publisher":{"@id":"https:\/\/aldiachaco.com.ar\/#organization"},"alternateName":"Al D\u00eda Chaco","potentialAction":[{"@type":"SearchAction","target":{"@type":"EntryPoint","urlTemplate":"https:\/\/aldiachaco.com.ar\/?s={search_term_string}"},"query-input":{"@type":"PropertyValueSpecification","valueRequired":true,"valueName":"search_term_string"}}],"inLanguage":"es-AR"},{"@type":"Organization","@id":"https:\/\/aldiachaco.com.ar\/#organization","name":"Al Dia Chaco","url":"https:\/\/aldiachaco.com.ar\/","logo":{"@type":"ImageObject","inLanguage":"es-AR","@id":"https:\/\/aldiachaco.com.ar\/#\/schema\/logo\/image\/","url":"https:\/\/aldiachaco.com.ar\/wp-content\/uploads\/2017\/11\/AL-DIA-CHACO-L@2x.png","contentUrl":"https:\/\/aldiachaco.com.ar\/wp-content\/uploads\/2017\/11\/AL-DIA-CHACO-L@2x.png","width":232,"height":60,"caption":"Al Dia Chaco"},"image":{"@id":"https:\/\/aldiachaco.com.ar\/#\/schema\/logo\/image\/"}},{"@type":"Person","@id":"https:\/\/aldiachaco.com.ar\/#\/schema\/person\/b24e975af8022082f5889a7a7299e962","name":"RedaccionRM","image":{"@type":"ImageObject","inLanguage":"es-AR","@id":"https:\/\/aldiachaco.com.ar\/wp-content\/litespeed\/avatar\/a30118fcb7a6295303f1c91164c6aba1.jpg?ver=1777339088","url":"https:\/\/aldiachaco.com.ar\/wp-content\/litespeed\/avatar\/a30118fcb7a6295303f1c91164c6aba1.jpg?ver=1777339088","contentUrl":"https:\/\/aldiachaco.com.ar\/wp-content\/litespeed\/avatar\/a30118fcb7a6295303f1c91164c6aba1.jpg?ver=1777339088","caption":"RedaccionRM"},"url":"https:\/\/aldiachaco.com.ar\/index.php\/author\/redaccionrm\/"}]}},"jetpack_publicize_connections":[],"jetpack_featured_media_url":"https:\/\/aldiachaco.com.ar\/wp-content\/uploads\/2026\/02\/perez-pons.jpg","jetpack_sharing_enabled":true,"amp_enabled":true,"_links":{"self":[{"href":"https:\/\/aldiachaco.com.ar\/index.php\/wp-json\/wp\/v2\/posts\/117217","targetHints":{"allow":["GET"]}}],"collection":[{"href":"https:\/\/aldiachaco.com.ar\/index.php\/wp-json\/wp\/v2\/posts"}],"about":[{"href":"https:\/\/aldiachaco.com.ar\/index.php\/wp-json\/wp\/v2\/types\/post"}],"author":[{"embeddable":true,"href":"https:\/\/aldiachaco.com.ar\/index.php\/wp-json\/wp\/v2\/users\/9"}],"replies":[{"embeddable":true,"href":"https:\/\/aldiachaco.com.ar\/index.php\/wp-json\/wp\/v2\/comments?post=117217"}],"version-history":[{"count":1,"href":"https:\/\/aldiachaco.com.ar\/index.php\/wp-json\/wp\/v2\/posts\/117217\/revisions"}],"predecessor-version":[{"id":117219,"href":"https:\/\/aldiachaco.com.ar\/index.php\/wp-json\/wp\/v2\/posts\/117217\/revisions\/117219"}],"wp:featuredmedia":[{"embeddable":true,"href":"https:\/\/aldiachaco.com.ar\/index.php\/wp-json\/wp\/v2\/media\/117218"}],"wp:attachment":[{"href":"https:\/\/aldiachaco.com.ar\/index.php\/wp-json\/wp\/v2\/media?parent=117217"}],"wp:term":[{"taxonomy":"category","embeddable":true,"href":"https:\/\/aldiachaco.com.ar\/index.php\/wp-json\/wp\/v2\/categories?post=117217"},{"taxonomy":"post_tag","embeddable":true,"href":"https:\/\/aldiachaco.com.ar\/index.php\/wp-json\/wp\/v2\/tags?post=117217"}],"curies":[{"name":"wp","href":"https:\/\/api.w.org\/{rel}","templated":true}]}}