{"id":117211,"date":"2026-02-23T10:04:07","date_gmt":"2026-02-23T13:04:07","guid":{"rendered":"https:\/\/aldiachaco.com.ar\/?p=117211"},"modified":"2026-02-23T10:04:07","modified_gmt":"2026-02-23T13:04:07","slug":"mi-sobrino-de-13-anos-increpo-a-los-delincuentes-y-lo-apuntaron-la-intendenta-de-laguna-blanca-relato-el-violento-robo-que-vivio-su-familia","status":"publish","type":"post","link":"https:\/\/aldiachaco.com.ar\/index.php\/2026\/02\/23\/mi-sobrino-de-13-anos-increpo-a-los-delincuentes-y-lo-apuntaron-la-intendenta-de-laguna-blanca-relato-el-violento-robo-que-vivio-su-familia\/","title":{"rendered":"&#8220;Mi sobrino de 13 a\u00f1os increp\u00f3 a los delincuentes y lo apuntaron&#8221;: la intendenta de Laguna Blanca relat\u00f3 el violento robo que vivi\u00f3 su familia"},"content":{"rendered":"<p class=\"ds-markdown-paragraph\">La intendenta de Laguna Blanca, Claudia Panzardi, se comunic\u00f3 con Sin Vueltas para relatar el violento episodio que vivi\u00f3 su familia, cuando delincuentes ingresaron a robar a la casa de su hermano y amenazaron a su sobrino de 13 a\u00f1os. El hecho, ocurrido en una zona rural sobre el acceso a la localidad, conmocion\u00f3 a la comunidad por lo inusual de este tipo de delitos en la zona.<\/p>\n<p class=\"ds-markdown-paragraph\">&#8220;El d\u00eda de ayer entraron a la casa de mi hermano, que est\u00e1 muy pr\u00f3xima a la m\u00eda. Mi sobrino tiene 13 a\u00f1os. Rompieron la c\u00e1mara de seguridad, tambi\u00e9n la llave de la moto de mi hermano y se estaban llevando la moto. Mi sobrino los increp\u00f3 y lo apuntaron. Fue un momento muy dif\u00edcil&#8221;, relat\u00f3 Panzardi.<\/p>\n<p class=\"ds-markdown-paragraph\">Seg\u00fan su testimonio, un grupo de entre cuatro y cinco delincuentes a bordo de un Peugeot 208 gris lleg\u00f3 al lugar simulando un desperfecto mec\u00e1nico. &#8220;El auto estaba parado en mi casa, yo no estaba en ese momento, hab\u00eda salido con mi hijo. Simulaban arreglar un desperfecto, levantaron el cap\u00f3, mientras los otros dos fueron a meterse a la casa de mi hermano&#8221;, explic\u00f3.<\/p>\n<p class=\"ds-markdown-paragraph\">Afortunadamente, personal policial que pasaba por el lugar advirti\u00f3 la situaci\u00f3n. &#8220;Mi hermano vive muy sobre la calle. Justo pasaba la polic\u00eda y advirtieron que estaban estas personas con el nene. La polic\u00eda le dio la voz de alto. Dos de los delincuentes salieron a correr, uno para cada lado. Otros estaban en el auto un poquito m\u00e1s adelante, bien al lado de mi casa, esper\u00e1ndolos&#8221;.<\/p>\n<p class=\"ds-markdown-paragraph\">Uno de los delincuentes fue capturado en el momento, y durante la madrugada, la divisi\u00f3n de investigaciones habr\u00eda detenido al resto de los involucrados. Los asaltantes estaban armados y se comunicaban por radio, seg\u00fan precis\u00f3 la intendenta.<\/p>\n<p class=\"ds-markdown-paragraph\"><strong>Una comunidad tranquila en alerta<\/strong><\/p>\n<p class=\"ds-markdown-paragraph\">Panzardi destac\u00f3 que Laguna Blanca es una &#8220;comunidad muy tranquila, muy solidaria, donde todos nos cuidamos&#8221;, y que este tipo de hechos no son habituales. &#8220;Nunca pasa nada. La verdad que no nos est\u00e1bamos cuidando, dejamos muchas veces los portones abiertos, a veces ni los portones andan. Esa confianza de que nunca pasa nada. No tenemos que perder eso, porque es lo m\u00e1s lindo de las localidades del interior&#8221;.<\/p>\n<p class=\"ds-markdown-paragraph\">Sin embargo, advirti\u00f3 que el crecimiento demogr\u00e1fico y la llegada de nuevas familias a los barrios La Mansa y La Brava generan un nuevo escenario. &#8220;Hay mucho movimiento nuevo. Antes se conoc\u00edan entre todos, ahora ya no es raro ver veh\u00edculos que no conocemos. Pero tampoco es para estigmatizar a nadie&#8221;.<\/p>\n<p class=\"ds-markdown-paragraph\"><strong>&#8220;Me duele como madre&#8221;<\/strong><\/p>\n<p class=\"ds-markdown-paragraph\">Consultada sobre la baja de imputabilidad, la intendenta se mostr\u00f3 a favor, aunque con matices. &#8220;Me parece bien que se incursione en este tema. Yo a un chico de 8 a\u00f1os le pregunto si robar est\u00e1 bien y me va a decir que no. Ya saben. Un chico de 14 a\u00f1os puede matar, y de hecho lo han hecho. Y son utilizados justamente por la edad&#8221;.<\/p>\n<p class=\"ds-markdown-paragraph\">Pero tambi\u00e9n reflexion\u00f3: &#8220;Me duele como madre. No puedo dejar de ver a un hijo en cualquier chico en esta situaci\u00f3n. No puedo abstraerme de esa condici\u00f3n de madre. Me duele mucho. Pero no puedo desconocer que hay mucha gente damnificada por delitos perpetrados por adolescentes&#8221;.<\/p>\n<p class=\"ds-markdown-paragraph\"><strong>Interna peronista y candidatura 2027<\/strong><\/p>\n<p class=\"ds-markdown-paragraph\">Panzardi confirm\u00f3 que sigue siendo afiliada al peronismo, aunque debi\u00f3 ir por una fuerza externa &#8220;ante la falta de respuestas de la conducci\u00f3n que no permiti\u00f3 que se puedan dirimir liderazgos en una interna&#8221;. Y anticip\u00f3 que participar\u00e1 en las elecciones de 2027: &#8220;Voy a participar a nivel provincial, nacional tambi\u00e9n. Espero que se abra el debate en el Partido Justicialista, que se deje de perseguir a los que pensamos diferente y de llamarnos traidores&#8221;.<\/p>\n<p class=\"ds-markdown-paragraph\">Cuestion\u00f3 duramente a quienes &#8220;recorren la provincia mintiendo, que no pudieron con una intendencia y pretenden gobernar la provincia. Me causa p\u00e1nico, risa y verg\u00fcenza ajena&#8221;. Y asegur\u00f3 que est\u00e1 dispuesta a competir en una interna: &#8220;Por supuesto que s\u00ed&#8221;.<\/p>\n","protected":false},"excerpt":{"rendered":"<p>La intendenta de Laguna Blanca, Claudia Panzardi, se comunic\u00f3 con Sin Vueltas para relatar el violento episodio que vivi\u00f3 su familia, cuando delincuentes ingresaron a robar a la casa de su hermano y amenazaron a su sobrino de 13 a\u00f1os. El hecho, ocurrido en una zona rural sobre el acceso a la localidad, conmocion\u00f3 a &hellip;<\/p>\n","protected":false},"author":9,"featured_media":117212,"comment_status":"open","ping_status":"open","sticky":false,"template":"","format":"standard","meta":{"content-type":"","_monsterinsights_skip_tracking":false,"_monsterinsights_sitenote_active":false,"_monsterinsights_sitenote_note":"","_monsterinsights_sitenote_category":0,"_jetpack_memberships_contains_paid_content":false,"footnotes":"","jetpack_publicize_message":"","jetpack_publicize_feature_enabled":true,"jetpack_social_post_already_shared":true,"jetpack_social_options":{"image_generator_settings":{"template":"highway","default_image_id":0,"font":"","enabled":false},"version":2}},"categories":[153],"tags":[],"class_list":["post-117211","post","type-post","status-publish","format-standard","has-post-thumbnail","hentry","category-politica"],"yoast_head":"<!-- This site is optimized with the Yoast SEO plugin v27.4 - https:\/\/yoast.com\/product\/yoast-seo-wordpress\/ -->\n<title>&quot;Mi sobrino de 13 a\u00f1os increp\u00f3 a los delincuentes y lo apuntaron&quot;: la intendenta de Laguna Blanca relat\u00f3 el violento robo que vivi\u00f3 su familia | Al Dia Chaco<\/title>\n<meta name=\"robots\" content=\"index, follow, max-snippet:-1, max-image-preview:large, max-video-preview:-1\" \/>\n<link rel=\"canonical\" href=\"https:\/\/aldiachaco.com.ar\/index.php\/2026\/02\/23\/mi-sobrino-de-13-anos-increpo-a-los-delincuentes-y-lo-apuntaron-la-intendenta-de-laguna-blanca-relato-el-violento-robo-que-vivio-su-familia\/\" \/>\n<meta property=\"og:locale\" content=\"es_ES\" \/>\n<meta property=\"og:type\" content=\"article\" \/>\n<meta property=\"og:title\" content=\"&quot;Mi sobrino de 13 a\u00f1os increp\u00f3 a los delincuentes y lo apuntaron&quot;: la intendenta de Laguna Blanca relat\u00f3 el violento robo que vivi\u00f3 su familia | Al Dia Chaco\" \/>\n<meta property=\"og:description\" content=\"La intendenta de Laguna Blanca, Claudia Panzardi, se comunic\u00f3 con Sin Vueltas para relatar el violento episodio que vivi\u00f3 su familia, cuando delincuentes ingresaron a robar a la casa de su hermano y amenazaron a su sobrino de 13 a\u00f1os. El hecho, ocurrido en una zona rural sobre el acceso a la localidad, conmocion\u00f3 a &hellip;\" \/>\n<meta property=\"og:url\" content=\"https:\/\/aldiachaco.com.ar\/index.php\/2026\/02\/23\/mi-sobrino-de-13-anos-increpo-a-los-delincuentes-y-lo-apuntaron-la-intendenta-de-laguna-blanca-relato-el-violento-robo-que-vivio-su-familia\/\" \/>\n<meta property=\"og:site_name\" content=\"Al Dia Chaco\" \/>\n<meta property=\"article:published_time\" content=\"2026-02-23T13:04:07+00:00\" \/>\n<meta property=\"og:image\" content=\"https:\/\/aldiachaco.com.ar\/wp-content\/uploads\/2026\/02\/2302claudia.webp\" \/>\n\t<meta property=\"og:image:width\" content=\"850\" \/>\n\t<meta property=\"og:image:height\" content=\"850\" \/>\n\t<meta property=\"og:image:type\" content=\"image\/webp\" \/>\n<meta name=\"author\" content=\"RedaccionRM\" \/>\n<meta name=\"twitter:card\" content=\"summary_large_image\" \/>\n<meta name=\"twitter:label1\" content=\"Escrito por\" \/>\n\t<meta name=\"twitter:data1\" content=\"RedaccionRM\" \/>\n\t<meta name=\"twitter:label2\" content=\"Tiempo de lectura\" \/>\n\t<meta name=\"twitter:data2\" content=\"4 minutos\" \/>\n<script type=\"application\/ld+json\" class=\"yoast-schema-graph\">{\"@context\":\"https:\\\/\\\/schema.org\",\"@graph\":[{\"@type\":\"Article\",\"@id\":\"https:\\\/\\\/aldiachaco.com.ar\\\/index.php\\\/2026\\\/02\\\/23\\\/mi-sobrino-de-13-anos-increpo-a-los-delincuentes-y-lo-apuntaron-la-intendenta-de-laguna-blanca-relato-el-violento-robo-que-vivio-su-familia\\\/#article\",\"isPartOf\":{\"@id\":\"https:\\\/\\\/aldiachaco.com.ar\\\/index.php\\\/2026\\\/02\\\/23\\\/mi-sobrino-de-13-anos-increpo-a-los-delincuentes-y-lo-apuntaron-la-intendenta-de-laguna-blanca-relato-el-violento-robo-que-vivio-su-familia\\\/\"},\"author\":{\"name\":\"RedaccionRM\",\"@id\":\"https:\\\/\\\/aldiachaco.com.ar\\\/#\\\/schema\\\/person\\\/b24e975af8022082f5889a7a7299e962\"},\"headline\":\"&#8220;Mi sobrino de 13 a\u00f1os increp\u00f3 a los delincuentes y lo apuntaron&#8221;: la intendenta de Laguna Blanca relat\u00f3 el violento robo que vivi\u00f3 su familia\",\"datePublished\":\"2026-02-23T13:04:07+00:00\",\"mainEntityOfPage\":{\"@id\":\"https:\\\/\\\/aldiachaco.com.ar\\\/index.php\\\/2026\\\/02\\\/23\\\/mi-sobrino-de-13-anos-increpo-a-los-delincuentes-y-lo-apuntaron-la-intendenta-de-laguna-blanca-relato-el-violento-robo-que-vivio-su-familia\\\/\"},\"wordCount\":704,\"commentCount\":0,\"publisher\":{\"@id\":\"https:\\\/\\\/aldiachaco.com.ar\\\/#organization\"},\"image\":{\"@id\":\"https:\\\/\\\/aldiachaco.com.ar\\\/index.php\\\/2026\\\/02\\\/23\\\/mi-sobrino-de-13-anos-increpo-a-los-delincuentes-y-lo-apuntaron-la-intendenta-de-laguna-blanca-relato-el-violento-robo-que-vivio-su-familia\\\/#primaryimage\"},\"thumbnailUrl\":\"https:\\\/\\\/aldiachaco.com.ar\\\/wp-content\\\/uploads\\\/2026\\\/02\\\/2302claudia.webp\",\"articleSection\":[\"Pol\u00edtica\"],\"inLanguage\":\"es-AR\",\"potentialAction\":[{\"@type\":\"CommentAction\",\"name\":\"Comment\",\"target\":[\"https:\\\/\\\/aldiachaco.com.ar\\\/index.php\\\/2026\\\/02\\\/23\\\/mi-sobrino-de-13-anos-increpo-a-los-delincuentes-y-lo-apuntaron-la-intendenta-de-laguna-blanca-relato-el-violento-robo-que-vivio-su-familia\\\/#respond\"]}]},{\"@type\":\"WebPage\",\"@id\":\"https:\\\/\\\/aldiachaco.com.ar\\\/index.php\\\/2026\\\/02\\\/23\\\/mi-sobrino-de-13-anos-increpo-a-los-delincuentes-y-lo-apuntaron-la-intendenta-de-laguna-blanca-relato-el-violento-robo-que-vivio-su-familia\\\/\",\"url\":\"https:\\\/\\\/aldiachaco.com.ar\\\/index.php\\\/2026\\\/02\\\/23\\\/mi-sobrino-de-13-anos-increpo-a-los-delincuentes-y-lo-apuntaron-la-intendenta-de-laguna-blanca-relato-el-violento-robo-que-vivio-su-familia\\\/\",\"name\":\"\\\"Mi sobrino de 13 a\u00f1os increp\u00f3 a los delincuentes y lo apuntaron\\\": la intendenta de Laguna Blanca relat\u00f3 el violento robo que vivi\u00f3 su familia | Al Dia Chaco\",\"isPartOf\":{\"@id\":\"https:\\\/\\\/aldiachaco.com.ar\\\/#website\"},\"primaryImageOfPage\":{\"@id\":\"https:\\\/\\\/aldiachaco.com.ar\\\/index.php\\\/2026\\\/02\\\/23\\\/mi-sobrino-de-13-anos-increpo-a-los-delincuentes-y-lo-apuntaron-la-intendenta-de-laguna-blanca-relato-el-violento-robo-que-vivio-su-familia\\\/#primaryimage\"},\"image\":{\"@id\":\"https:\\\/\\\/aldiachaco.com.ar\\\/index.php\\\/2026\\\/02\\\/23\\\/mi-sobrino-de-13-anos-increpo-a-los-delincuentes-y-lo-apuntaron-la-intendenta-de-laguna-blanca-relato-el-violento-robo-que-vivio-su-familia\\\/#primaryimage\"},\"thumbnailUrl\":\"https:\\\/\\\/aldiachaco.com.ar\\\/wp-content\\\/uploads\\\/2026\\\/02\\\/2302claudia.webp\",\"datePublished\":\"2026-02-23T13:04:07+00:00\",\"breadcrumb\":{\"@id\":\"https:\\\/\\\/aldiachaco.com.ar\\\/index.php\\\/2026\\\/02\\\/23\\\/mi-sobrino-de-13-anos-increpo-a-los-delincuentes-y-lo-apuntaron-la-intendenta-de-laguna-blanca-relato-el-violento-robo-que-vivio-su-familia\\\/#breadcrumb\"},\"inLanguage\":\"es-AR\",\"potentialAction\":[{\"@type\":\"ReadAction\",\"target\":[\"https:\\\/\\\/aldiachaco.com.ar\\\/index.php\\\/2026\\\/02\\\/23\\\/mi-sobrino-de-13-anos-increpo-a-los-delincuentes-y-lo-apuntaron-la-intendenta-de-laguna-blanca-relato-el-violento-robo-que-vivio-su-familia\\\/\"]}]},{\"@type\":\"ImageObject\",\"inLanguage\":\"es-AR\",\"@id\":\"https:\\\/\\\/aldiachaco.com.ar\\\/index.php\\\/2026\\\/02\\\/23\\\/mi-sobrino-de-13-anos-increpo-a-los-delincuentes-y-lo-apuntaron-la-intendenta-de-laguna-blanca-relato-el-violento-robo-que-vivio-su-familia\\\/#primaryimage\",\"url\":\"https:\\\/\\\/aldiachaco.com.ar\\\/wp-content\\\/uploads\\\/2026\\\/02\\\/2302claudia.webp\",\"contentUrl\":\"https:\\\/\\\/aldiachaco.com.ar\\\/wp-content\\\/uploads\\\/2026\\\/02\\\/2302claudia.webp\",\"width\":850,\"height\":850},{\"@type\":\"BreadcrumbList\",\"@id\":\"https:\\\/\\\/aldiachaco.com.ar\\\/index.php\\\/2026\\\/02\\\/23\\\/mi-sobrino-de-13-anos-increpo-a-los-delincuentes-y-lo-apuntaron-la-intendenta-de-laguna-blanca-relato-el-violento-robo-que-vivio-su-familia\\\/#breadcrumb\",\"itemListElement\":[{\"@type\":\"ListItem\",\"position\":1,\"name\":\"Home\",\"item\":\"https:\\\/\\\/aldiachaco.com.ar\\\/\"},{\"@type\":\"ListItem\",\"position\":2,\"name\":\"&#8220;Mi sobrino de 13 a\u00f1os increp\u00f3 a los delincuentes y lo apuntaron&#8221;: la intendenta de Laguna Blanca relat\u00f3 el violento robo que vivi\u00f3 su familia\"}]},{\"@type\":\"WebSite\",\"@id\":\"https:\\\/\\\/aldiachaco.com.ar\\\/#website\",\"url\":\"https:\\\/\\\/aldiachaco.com.ar\\\/\",\"name\":\"Al Dia Chaco\",\"description\":\"Noticias del Chaco y el mundo\",\"publisher\":{\"@id\":\"https:\\\/\\\/aldiachaco.com.ar\\\/#organization\"},\"alternateName\":\"Al D\u00eda Chaco\",\"potentialAction\":[{\"@type\":\"SearchAction\",\"target\":{\"@type\":\"EntryPoint\",\"urlTemplate\":\"https:\\\/\\\/aldiachaco.com.ar\\\/?s={search_term_string}\"},\"query-input\":{\"@type\":\"PropertyValueSpecification\",\"valueRequired\":true,\"valueName\":\"search_term_string\"}}],\"inLanguage\":\"es-AR\"},{\"@type\":\"Organization\",\"@id\":\"https:\\\/\\\/aldiachaco.com.ar\\\/#organization\",\"name\":\"Al Dia Chaco\",\"url\":\"https:\\\/\\\/aldiachaco.com.ar\\\/\",\"logo\":{\"@type\":\"ImageObject\",\"inLanguage\":\"es-AR\",\"@id\":\"https:\\\/\\\/aldiachaco.com.ar\\\/#\\\/schema\\\/logo\\\/image\\\/\",\"url\":\"https:\\\/\\\/aldiachaco.com.ar\\\/wp-content\\\/uploads\\\/2017\\\/11\\\/AL-DIA-CHACO-L@2x.png\",\"contentUrl\":\"https:\\\/\\\/aldiachaco.com.ar\\\/wp-content\\\/uploads\\\/2017\\\/11\\\/AL-DIA-CHACO-L@2x.png\",\"width\":232,\"height\":60,\"caption\":\"Al Dia Chaco\"},\"image\":{\"@id\":\"https:\\\/\\\/aldiachaco.com.ar\\\/#\\\/schema\\\/logo\\\/image\\\/\"}},{\"@type\":\"Person\",\"@id\":\"https:\\\/\\\/aldiachaco.com.ar\\\/#\\\/schema\\\/person\\\/b24e975af8022082f5889a7a7299e962\",\"name\":\"RedaccionRM\",\"image\":{\"@type\":\"ImageObject\",\"inLanguage\":\"es-AR\",\"@id\":\"https:\\\/\\\/aldiachaco.com.ar\\\/wp-content\\\/litespeed\\\/avatar\\\/a30118fcb7a6295303f1c91164c6aba1.jpg?ver=1777339088\",\"url\":\"https:\\\/\\\/aldiachaco.com.ar\\\/wp-content\\\/litespeed\\\/avatar\\\/a30118fcb7a6295303f1c91164c6aba1.jpg?ver=1777339088\",\"contentUrl\":\"https:\\\/\\\/aldiachaco.com.ar\\\/wp-content\\\/litespeed\\\/avatar\\\/a30118fcb7a6295303f1c91164c6aba1.jpg?ver=1777339088\",\"caption\":\"RedaccionRM\"},\"url\":\"https:\\\/\\\/aldiachaco.com.ar\\\/index.php\\\/author\\\/redaccionrm\\\/\"}]}<\/script>\n<!-- \/ Yoast SEO plugin. -->","yoast_head_json":{"title":"\"Mi sobrino de 13 a\u00f1os increp\u00f3 a los delincuentes y lo apuntaron\": la intendenta de Laguna Blanca relat\u00f3 el violento robo que vivi\u00f3 su familia | Al Dia Chaco","robots":{"index":"index","follow":"follow","max-snippet":"max-snippet:-1","max-image-preview":"max-image-preview:large","max-video-preview":"max-video-preview:-1"},"canonical":"https:\/\/aldiachaco.com.ar\/index.php\/2026\/02\/23\/mi-sobrino-de-13-anos-increpo-a-los-delincuentes-y-lo-apuntaron-la-intendenta-de-laguna-blanca-relato-el-violento-robo-que-vivio-su-familia\/","og_locale":"es_ES","og_type":"article","og_title":"\"Mi sobrino de 13 a\u00f1os increp\u00f3 a los delincuentes y lo apuntaron\": la intendenta de Laguna Blanca relat\u00f3 el violento robo que vivi\u00f3 su familia | Al Dia Chaco","og_description":"La intendenta de Laguna Blanca, Claudia Panzardi, se comunic\u00f3 con Sin Vueltas para relatar el violento episodio que vivi\u00f3 su familia, cuando delincuentes ingresaron a robar a la casa de su hermano y amenazaron a su sobrino de 13 a\u00f1os. El hecho, ocurrido en una zona rural sobre el acceso a la localidad, conmocion\u00f3 a &hellip;","og_url":"https:\/\/aldiachaco.com.ar\/index.php\/2026\/02\/23\/mi-sobrino-de-13-anos-increpo-a-los-delincuentes-y-lo-apuntaron-la-intendenta-de-laguna-blanca-relato-el-violento-robo-que-vivio-su-familia\/","og_site_name":"Al Dia Chaco","article_published_time":"2026-02-23T13:04:07+00:00","og_image":[{"width":850,"height":850,"url":"https:\/\/aldiachaco.com.ar\/wp-content\/uploads\/2026\/02\/2302claudia.webp","type":"image\/webp"}],"author":"RedaccionRM","twitter_card":"summary_large_image","twitter_misc":{"Escrito por":"RedaccionRM","Tiempo de lectura":"4 minutos"},"schema":{"@context":"https:\/\/schema.org","@graph":[{"@type":"Article","@id":"https:\/\/aldiachaco.com.ar\/index.php\/2026\/02\/23\/mi-sobrino-de-13-anos-increpo-a-los-delincuentes-y-lo-apuntaron-la-intendenta-de-laguna-blanca-relato-el-violento-robo-que-vivio-su-familia\/#article","isPartOf":{"@id":"https:\/\/aldiachaco.com.ar\/index.php\/2026\/02\/23\/mi-sobrino-de-13-anos-increpo-a-los-delincuentes-y-lo-apuntaron-la-intendenta-de-laguna-blanca-relato-el-violento-robo-que-vivio-su-familia\/"},"author":{"name":"RedaccionRM","@id":"https:\/\/aldiachaco.com.ar\/#\/schema\/person\/b24e975af8022082f5889a7a7299e962"},"headline":"&#8220;Mi sobrino de 13 a\u00f1os increp\u00f3 a los delincuentes y lo apuntaron&#8221;: la intendenta de Laguna Blanca relat\u00f3 el violento robo que vivi\u00f3 su familia","datePublished":"2026-02-23T13:04:07+00:00","mainEntityOfPage":{"@id":"https:\/\/aldiachaco.com.ar\/index.php\/2026\/02\/23\/mi-sobrino-de-13-anos-increpo-a-los-delincuentes-y-lo-apuntaron-la-intendenta-de-laguna-blanca-relato-el-violento-robo-que-vivio-su-familia\/"},"wordCount":704,"commentCount":0,"publisher":{"@id":"https:\/\/aldiachaco.com.ar\/#organization"},"image":{"@id":"https:\/\/aldiachaco.com.ar\/index.php\/2026\/02\/23\/mi-sobrino-de-13-anos-increpo-a-los-delincuentes-y-lo-apuntaron-la-intendenta-de-laguna-blanca-relato-el-violento-robo-que-vivio-su-familia\/#primaryimage"},"thumbnailUrl":"https:\/\/aldiachaco.com.ar\/wp-content\/uploads\/2026\/02\/2302claudia.webp","articleSection":["Pol\u00edtica"],"inLanguage":"es-AR","potentialAction":[{"@type":"CommentAction","name":"Comment","target":["https:\/\/aldiachaco.com.ar\/index.php\/2026\/02\/23\/mi-sobrino-de-13-anos-increpo-a-los-delincuentes-y-lo-apuntaron-la-intendenta-de-laguna-blanca-relato-el-violento-robo-que-vivio-su-familia\/#respond"]}]},{"@type":"WebPage","@id":"https:\/\/aldiachaco.com.ar\/index.php\/2026\/02\/23\/mi-sobrino-de-13-anos-increpo-a-los-delincuentes-y-lo-apuntaron-la-intendenta-de-laguna-blanca-relato-el-violento-robo-que-vivio-su-familia\/","url":"https:\/\/aldiachaco.com.ar\/index.php\/2026\/02\/23\/mi-sobrino-de-13-anos-increpo-a-los-delincuentes-y-lo-apuntaron-la-intendenta-de-laguna-blanca-relato-el-violento-robo-que-vivio-su-familia\/","name":"\"Mi sobrino de 13 a\u00f1os increp\u00f3 a los delincuentes y lo apuntaron\": la intendenta de Laguna Blanca relat\u00f3 el violento robo que vivi\u00f3 su familia | Al Dia Chaco","isPartOf":{"@id":"https:\/\/aldiachaco.com.ar\/#website"},"primaryImageOfPage":{"@id":"https:\/\/aldiachaco.com.ar\/index.php\/2026\/02\/23\/mi-sobrino-de-13-anos-increpo-a-los-delincuentes-y-lo-apuntaron-la-intendenta-de-laguna-blanca-relato-el-violento-robo-que-vivio-su-familia\/#primaryimage"},"image":{"@id":"https:\/\/aldiachaco.com.ar\/index.php\/2026\/02\/23\/mi-sobrino-de-13-anos-increpo-a-los-delincuentes-y-lo-apuntaron-la-intendenta-de-laguna-blanca-relato-el-violento-robo-que-vivio-su-familia\/#primaryimage"},"thumbnailUrl":"https:\/\/aldiachaco.com.ar\/wp-content\/uploads\/2026\/02\/2302claudia.webp","datePublished":"2026-02-23T13:04:07+00:00","breadcrumb":{"@id":"https:\/\/aldiachaco.com.ar\/index.php\/2026\/02\/23\/mi-sobrino-de-13-anos-increpo-a-los-delincuentes-y-lo-apuntaron-la-intendenta-de-laguna-blanca-relato-el-violento-robo-que-vivio-su-familia\/#breadcrumb"},"inLanguage":"es-AR","potentialAction":[{"@type":"ReadAction","target":["https:\/\/aldiachaco.com.ar\/index.php\/2026\/02\/23\/mi-sobrino-de-13-anos-increpo-a-los-delincuentes-y-lo-apuntaron-la-intendenta-de-laguna-blanca-relato-el-violento-robo-que-vivio-su-familia\/"]}]},{"@type":"ImageObject","inLanguage":"es-AR","@id":"https:\/\/aldiachaco.com.ar\/index.php\/2026\/02\/23\/mi-sobrino-de-13-anos-increpo-a-los-delincuentes-y-lo-apuntaron-la-intendenta-de-laguna-blanca-relato-el-violento-robo-que-vivio-su-familia\/#primaryimage","url":"https:\/\/aldiachaco.com.ar\/wp-content\/uploads\/2026\/02\/2302claudia.webp","contentUrl":"https:\/\/aldiachaco.com.ar\/wp-content\/uploads\/2026\/02\/2302claudia.webp","width":850,"height":850},{"@type":"BreadcrumbList","@id":"https:\/\/aldiachaco.com.ar\/index.php\/2026\/02\/23\/mi-sobrino-de-13-anos-increpo-a-los-delincuentes-y-lo-apuntaron-la-intendenta-de-laguna-blanca-relato-el-violento-robo-que-vivio-su-familia\/#breadcrumb","itemListElement":[{"@type":"ListItem","position":1,"name":"Home","item":"https:\/\/aldiachaco.com.ar\/"},{"@type":"ListItem","position":2,"name":"&#8220;Mi sobrino de 13 a\u00f1os increp\u00f3 a los delincuentes y lo apuntaron&#8221;: la intendenta de Laguna Blanca relat\u00f3 el violento robo que vivi\u00f3 su familia"}]},{"@type":"WebSite","@id":"https:\/\/aldiachaco.com.ar\/#website","url":"https:\/\/aldiachaco.com.ar\/","name":"Al Dia Chaco","description":"Noticias del Chaco y el mundo","publisher":{"@id":"https:\/\/aldiachaco.com.ar\/#organization"},"alternateName":"Al D\u00eda Chaco","potentialAction":[{"@type":"SearchAction","target":{"@type":"EntryPoint","urlTemplate":"https:\/\/aldiachaco.com.ar\/?s={search_term_string}"},"query-input":{"@type":"PropertyValueSpecification","valueRequired":true,"valueName":"search_term_string"}}],"inLanguage":"es-AR"},{"@type":"Organization","@id":"https:\/\/aldiachaco.com.ar\/#organization","name":"Al Dia Chaco","url":"https:\/\/aldiachaco.com.ar\/","logo":{"@type":"ImageObject","inLanguage":"es-AR","@id":"https:\/\/aldiachaco.com.ar\/#\/schema\/logo\/image\/","url":"https:\/\/aldiachaco.com.ar\/wp-content\/uploads\/2017\/11\/AL-DIA-CHACO-L@2x.png","contentUrl":"https:\/\/aldiachaco.com.ar\/wp-content\/uploads\/2017\/11\/AL-DIA-CHACO-L@2x.png","width":232,"height":60,"caption":"Al Dia Chaco"},"image":{"@id":"https:\/\/aldiachaco.com.ar\/#\/schema\/logo\/image\/"}},{"@type":"Person","@id":"https:\/\/aldiachaco.com.ar\/#\/schema\/person\/b24e975af8022082f5889a7a7299e962","name":"RedaccionRM","image":{"@type":"ImageObject","inLanguage":"es-AR","@id":"https:\/\/aldiachaco.com.ar\/wp-content\/litespeed\/avatar\/a30118fcb7a6295303f1c91164c6aba1.jpg?ver=1777339088","url":"https:\/\/aldiachaco.com.ar\/wp-content\/litespeed\/avatar\/a30118fcb7a6295303f1c91164c6aba1.jpg?ver=1777339088","contentUrl":"https:\/\/aldiachaco.com.ar\/wp-content\/litespeed\/avatar\/a30118fcb7a6295303f1c91164c6aba1.jpg?ver=1777339088","caption":"RedaccionRM"},"url":"https:\/\/aldiachaco.com.ar\/index.php\/author\/redaccionrm\/"}]}},"jetpack_publicize_connections":[],"jetpack_featured_media_url":"https:\/\/aldiachaco.com.ar\/wp-content\/uploads\/2026\/02\/2302claudia.webp","jetpack_sharing_enabled":true,"amp_enabled":true,"_links":{"self":[{"href":"https:\/\/aldiachaco.com.ar\/index.php\/wp-json\/wp\/v2\/posts\/117211","targetHints":{"allow":["GET"]}}],"collection":[{"href":"https:\/\/aldiachaco.com.ar\/index.php\/wp-json\/wp\/v2\/posts"}],"about":[{"href":"https:\/\/aldiachaco.com.ar\/index.php\/wp-json\/wp\/v2\/types\/post"}],"author":[{"embeddable":true,"href":"https:\/\/aldiachaco.com.ar\/index.php\/wp-json\/wp\/v2\/users\/9"}],"replies":[{"embeddable":true,"href":"https:\/\/aldiachaco.com.ar\/index.php\/wp-json\/wp\/v2\/comments?post=117211"}],"version-history":[{"count":1,"href":"https:\/\/aldiachaco.com.ar\/index.php\/wp-json\/wp\/v2\/posts\/117211\/revisions"}],"predecessor-version":[{"id":117213,"href":"https:\/\/aldiachaco.com.ar\/index.php\/wp-json\/wp\/v2\/posts\/117211\/revisions\/117213"}],"wp:featuredmedia":[{"embeddable":true,"href":"https:\/\/aldiachaco.com.ar\/index.php\/wp-json\/wp\/v2\/media\/117212"}],"wp:attachment":[{"href":"https:\/\/aldiachaco.com.ar\/index.php\/wp-json\/wp\/v2\/media?parent=117211"}],"wp:term":[{"taxonomy":"category","embeddable":true,"href":"https:\/\/aldiachaco.com.ar\/index.php\/wp-json\/wp\/v2\/categories?post=117211"},{"taxonomy":"post_tag","embeddable":true,"href":"https:\/\/aldiachaco.com.ar\/index.php\/wp-json\/wp\/v2\/tags?post=117211"}],"curies":[{"name":"wp","href":"https:\/\/api.w.org\/{rel}","templated":true}]}}