{"id":117181,"date":"2026-02-21T13:16:11","date_gmt":"2026-02-21T16:16:11","guid":{"rendered":"https:\/\/aldiachaco.com.ar\/?p=117181"},"modified":"2026-02-21T13:16:11","modified_gmt":"2026-02-21T16:16:11","slug":"tragico-hallazgo-en-una-panaderia-de-resistencia-murio-electrocutado","status":"publish","type":"post","link":"https:\/\/aldiachaco.com.ar\/index.php\/2026\/02\/21\/tragico-hallazgo-en-una-panaderia-de-resistencia-murio-electrocutado\/","title":{"rendered":"Tr\u00e1gico hallazgo en una panader\u00eda de Resistencia: muri\u00f3 electrocutado"},"content":{"rendered":"<p>Un hombre de 25 a\u00f1os fue hallado sin vida esta madrugada en el interior de una panader\u00eda ubicada en calle Urquiza al 1700 de Resistencia, tras un principio de incendio en el lugar. La v\u00edctima, identificada como Eros Martires Almir\u00f3n, habr\u00eda fallecido por una descarga el\u00e9ctrica.<\/p>\n<p>&nbsp;<\/p>\n<p>Cerca de las 4:00, efectivos de la Divisi\u00f3n Patrulla Preventiva tomaron conocimiento del siniestro y se hicieron presentes en el lugar. All\u00ed se entrevistaron con un ciudadano de 23 a\u00f1os, inquilino del inmueble, quien alert\u00f3 sobre la situaci\u00f3n. Ante la emergencia, se solicit\u00f3 la colaboraci\u00f3n de Bomberos, que procedieron a cortar la energ\u00eda el\u00e9ctrica y forzar un candado para poder ingresar al local.<\/p>\n<p>&nbsp;<\/p>\n<p>Una vez en el interior, los uniformados encontraron a Almir\u00f3n tendido en el suelo, aparentemente sin signos vitales. Minutos despu\u00e9s, el personal de salud confirm\u00f3 el fallecimiento. El m\u00e9dico policial diagnostic\u00f3 como causa del deceso: \u201cParo cardiorrespiratorio post traum\u00e1tico \u2013 muerte por electrocuci\u00f3n\u201d.<\/p>\n<p>&nbsp;<\/p>\n<p>En el lugar trabajaron efectivos de la Comisar\u00eda Quinta Metropolitana, autoridades policiales y operarios de la empresa energ\u00e9tica, quienes realizaron las pericias correspondientes.<\/p>\n<p>&nbsp;<\/p>\n<p>La investigaci\u00f3n qued\u00f3 a cargo de la Comisar\u00eda interviniente, con las actuaciones de rigor para determinar las circunstancias exactas del hecho. Las autoridades no descartan ninguna hip\u00f3tesis y esperan los resultados de las pericias t\u00e9cnicas para esclarecer lo ocurrido.<\/p>\n<p><img loading=\"lazy\" decoding=\"async\" class=\"alignnone size-medium wp-image-117183\" src=\"https:\/\/aldiachaco.com.ar\/wp-content\/uploads\/2026\/02\/IMG-20260221-WA0032-169x300.jpg\" alt=\"\" width=\"169\" height=\"300\" srcset=\"https:\/\/aldiachaco.com.ar\/wp-content\/uploads\/2026\/02\/IMG-20260221-WA0032-169x300.jpg 169w, https:\/\/aldiachaco.com.ar\/wp-content\/uploads\/2026\/02\/IMG-20260221-WA0032-576x1024.jpg 576w, https:\/\/aldiachaco.com.ar\/wp-content\/uploads\/2026\/02\/IMG-20260221-WA0032-768x1366.jpg 768w, https:\/\/aldiachaco.com.ar\/wp-content\/uploads\/2026\/02\/IMG-20260221-WA0032-864x1536.jpg 864w, https:\/\/aldiachaco.com.ar\/wp-content\/uploads\/2026\/02\/IMG-20260221-WA0032-264x470.jpg 264w, https:\/\/aldiachaco.com.ar\/wp-content\/uploads\/2026\/02\/IMG-20260221-WA0032-600x1067.jpg 600w, https:\/\/aldiachaco.com.ar\/wp-content\/uploads\/2026\/02\/IMG-20260221-WA0032.jpg 899w\" sizes=\"auto, (max-width: 169px) 100vw, 169px\" \/><\/p>\n","protected":false},"excerpt":{"rendered":"<p>Un hombre de 25 a\u00f1os fue hallado sin vida esta madrugada en el interior de una panader\u00eda ubicada en calle Urquiza al 1700 de Resistencia, tras un principio de incendio en el lugar. La v\u00edctima, identificada como Eros Martires Almir\u00f3n, habr\u00eda fallecido por una descarga el\u00e9ctrica. &nbsp; Cerca de las 4:00, efectivos de la Divisi\u00f3n &hellip;<\/p>\n","protected":false},"author":9,"featured_media":117182,"comment_status":"open","ping_status":"open","sticky":false,"template":"","format":"standard","meta":{"content-type":"","_monsterinsights_skip_tracking":false,"_monsterinsights_sitenote_active":false,"_monsterinsights_sitenote_note":"","_monsterinsights_sitenote_category":0,"_jetpack_memberships_contains_paid_content":false,"footnotes":"","jetpack_publicize_message":"","jetpack_publicize_feature_enabled":true,"jetpack_social_post_already_shared":true,"jetpack_social_options":{"image_generator_settings":{"template":"highway","default_image_id":0,"font":"","enabled":false},"version":2}},"categories":[86],"tags":[],"class_list":["post-117181","post","type-post","status-publish","format-standard","has-post-thumbnail","hentry","category-policiales"],"yoast_head":"<!-- This site is optimized with the Yoast SEO plugin v27.4 - https:\/\/yoast.com\/product\/yoast-seo-wordpress\/ -->\n<title>Tr\u00e1gico hallazgo en una panader\u00eda de Resistencia: muri\u00f3 electrocutado | Al Dia Chaco<\/title>\n<meta name=\"robots\" content=\"index, follow, max-snippet:-1, max-image-preview:large, max-video-preview:-1\" \/>\n<link rel=\"canonical\" href=\"https:\/\/aldiachaco.com.ar\/index.php\/2026\/02\/21\/tragico-hallazgo-en-una-panaderia-de-resistencia-murio-electrocutado\/\" \/>\n<meta property=\"og:locale\" content=\"es_ES\" \/>\n<meta property=\"og:type\" content=\"article\" \/>\n<meta property=\"og:title\" content=\"Tr\u00e1gico hallazgo en una panader\u00eda de Resistencia: muri\u00f3 electrocutado | Al Dia Chaco\" \/>\n<meta property=\"og:description\" content=\"Un hombre de 25 a\u00f1os fue hallado sin vida esta madrugada en el interior de una panader\u00eda ubicada en calle Urquiza al 1700 de Resistencia, tras un principio de incendio en el lugar. La v\u00edctima, identificada como Eros Martires Almir\u00f3n, habr\u00eda fallecido por una descarga el\u00e9ctrica. &nbsp; Cerca de las 4:00, efectivos de la Divisi\u00f3n &hellip;\" \/>\n<meta property=\"og:url\" content=\"https:\/\/aldiachaco.com.ar\/index.php\/2026\/02\/21\/tragico-hallazgo-en-una-panaderia-de-resistencia-murio-electrocutado\/\" \/>\n<meta property=\"og:site_name\" content=\"Al Dia Chaco\" \/>\n<meta property=\"article:published_time\" content=\"2026-02-21T16:16:11+00:00\" \/>\n<meta property=\"og:image\" content=\"https:\/\/aldiachaco.com.ar\/wp-content\/uploads\/2026\/02\/IMG-20260221-WA0033.jpg\" \/>\n\t<meta property=\"og:image:width\" content=\"899\" \/>\n\t<meta property=\"og:image:height\" content=\"1599\" \/>\n\t<meta property=\"og:image:type\" content=\"image\/jpeg\" \/>\n<meta name=\"author\" content=\"RedaccionRM\" \/>\n<meta name=\"twitter:card\" content=\"summary_large_image\" \/>\n<meta name=\"twitter:label1\" content=\"Escrito por\" \/>\n\t<meta name=\"twitter:data1\" content=\"RedaccionRM\" \/>\n\t<meta name=\"twitter:label2\" content=\"Tiempo de lectura\" \/>\n\t<meta name=\"twitter:data2\" content=\"2 minutos\" \/>\n<script type=\"application\/ld+json\" class=\"yoast-schema-graph\">{\"@context\":\"https:\\\/\\\/schema.org\",\"@graph\":[{\"@type\":\"Article\",\"@id\":\"https:\\\/\\\/aldiachaco.com.ar\\\/index.php\\\/2026\\\/02\\\/21\\\/tragico-hallazgo-en-una-panaderia-de-resistencia-murio-electrocutado\\\/#article\",\"isPartOf\":{\"@id\":\"https:\\\/\\\/aldiachaco.com.ar\\\/index.php\\\/2026\\\/02\\\/21\\\/tragico-hallazgo-en-una-panaderia-de-resistencia-murio-electrocutado\\\/\"},\"author\":{\"name\":\"RedaccionRM\",\"@id\":\"https:\\\/\\\/aldiachaco.com.ar\\\/#\\\/schema\\\/person\\\/b24e975af8022082f5889a7a7299e962\"},\"headline\":\"Tr\u00e1gico hallazgo en una panader\u00eda de Resistencia: muri\u00f3 electrocutado\",\"datePublished\":\"2026-02-21T16:16:11+00:00\",\"mainEntityOfPage\":{\"@id\":\"https:\\\/\\\/aldiachaco.com.ar\\\/index.php\\\/2026\\\/02\\\/21\\\/tragico-hallazgo-en-una-panaderia-de-resistencia-murio-electrocutado\\\/\"},\"wordCount\":247,\"commentCount\":0,\"publisher\":{\"@id\":\"https:\\\/\\\/aldiachaco.com.ar\\\/#organization\"},\"image\":{\"@id\":\"https:\\\/\\\/aldiachaco.com.ar\\\/index.php\\\/2026\\\/02\\\/21\\\/tragico-hallazgo-en-una-panaderia-de-resistencia-murio-electrocutado\\\/#primaryimage\"},\"thumbnailUrl\":\"https:\\\/\\\/aldiachaco.com.ar\\\/wp-content\\\/uploads\\\/2026\\\/02\\\/IMG-20260221-WA0033.jpg\",\"articleSection\":[\"Policiales\"],\"inLanguage\":\"es-AR\",\"potentialAction\":[{\"@type\":\"CommentAction\",\"name\":\"Comment\",\"target\":[\"https:\\\/\\\/aldiachaco.com.ar\\\/index.php\\\/2026\\\/02\\\/21\\\/tragico-hallazgo-en-una-panaderia-de-resistencia-murio-electrocutado\\\/#respond\"]}]},{\"@type\":\"WebPage\",\"@id\":\"https:\\\/\\\/aldiachaco.com.ar\\\/index.php\\\/2026\\\/02\\\/21\\\/tragico-hallazgo-en-una-panaderia-de-resistencia-murio-electrocutado\\\/\",\"url\":\"https:\\\/\\\/aldiachaco.com.ar\\\/index.php\\\/2026\\\/02\\\/21\\\/tragico-hallazgo-en-una-panaderia-de-resistencia-murio-electrocutado\\\/\",\"name\":\"Tr\u00e1gico hallazgo en una panader\u00eda de Resistencia: muri\u00f3 electrocutado | Al Dia Chaco\",\"isPartOf\":{\"@id\":\"https:\\\/\\\/aldiachaco.com.ar\\\/#website\"},\"primaryImageOfPage\":{\"@id\":\"https:\\\/\\\/aldiachaco.com.ar\\\/index.php\\\/2026\\\/02\\\/21\\\/tragico-hallazgo-en-una-panaderia-de-resistencia-murio-electrocutado\\\/#primaryimage\"},\"image\":{\"@id\":\"https:\\\/\\\/aldiachaco.com.ar\\\/index.php\\\/2026\\\/02\\\/21\\\/tragico-hallazgo-en-una-panaderia-de-resistencia-murio-electrocutado\\\/#primaryimage\"},\"thumbnailUrl\":\"https:\\\/\\\/aldiachaco.com.ar\\\/wp-content\\\/uploads\\\/2026\\\/02\\\/IMG-20260221-WA0033.jpg\",\"datePublished\":\"2026-02-21T16:16:11+00:00\",\"breadcrumb\":{\"@id\":\"https:\\\/\\\/aldiachaco.com.ar\\\/index.php\\\/2026\\\/02\\\/21\\\/tragico-hallazgo-en-una-panaderia-de-resistencia-murio-electrocutado\\\/#breadcrumb\"},\"inLanguage\":\"es-AR\",\"potentialAction\":[{\"@type\":\"ReadAction\",\"target\":[\"https:\\\/\\\/aldiachaco.com.ar\\\/index.php\\\/2026\\\/02\\\/21\\\/tragico-hallazgo-en-una-panaderia-de-resistencia-murio-electrocutado\\\/\"]}]},{\"@type\":\"ImageObject\",\"inLanguage\":\"es-AR\",\"@id\":\"https:\\\/\\\/aldiachaco.com.ar\\\/index.php\\\/2026\\\/02\\\/21\\\/tragico-hallazgo-en-una-panaderia-de-resistencia-murio-electrocutado\\\/#primaryimage\",\"url\":\"https:\\\/\\\/aldiachaco.com.ar\\\/wp-content\\\/uploads\\\/2026\\\/02\\\/IMG-20260221-WA0033.jpg\",\"contentUrl\":\"https:\\\/\\\/aldiachaco.com.ar\\\/wp-content\\\/uploads\\\/2026\\\/02\\\/IMG-20260221-WA0033.jpg\",\"width\":899,\"height\":1599},{\"@type\":\"BreadcrumbList\",\"@id\":\"https:\\\/\\\/aldiachaco.com.ar\\\/index.php\\\/2026\\\/02\\\/21\\\/tragico-hallazgo-en-una-panaderia-de-resistencia-murio-electrocutado\\\/#breadcrumb\",\"itemListElement\":[{\"@type\":\"ListItem\",\"position\":1,\"name\":\"Home\",\"item\":\"https:\\\/\\\/aldiachaco.com.ar\\\/\"},{\"@type\":\"ListItem\",\"position\":2,\"name\":\"Tr\u00e1gico hallazgo en una panader\u00eda de Resistencia: muri\u00f3 electrocutado\"}]},{\"@type\":\"WebSite\",\"@id\":\"https:\\\/\\\/aldiachaco.com.ar\\\/#website\",\"url\":\"https:\\\/\\\/aldiachaco.com.ar\\\/\",\"name\":\"Al Dia Chaco\",\"description\":\"Noticias del Chaco y el mundo\",\"publisher\":{\"@id\":\"https:\\\/\\\/aldiachaco.com.ar\\\/#organization\"},\"alternateName\":\"Al D\u00eda Chaco\",\"potentialAction\":[{\"@type\":\"SearchAction\",\"target\":{\"@type\":\"EntryPoint\",\"urlTemplate\":\"https:\\\/\\\/aldiachaco.com.ar\\\/?s={search_term_string}\"},\"query-input\":{\"@type\":\"PropertyValueSpecification\",\"valueRequired\":true,\"valueName\":\"search_term_string\"}}],\"inLanguage\":\"es-AR\"},{\"@type\":\"Organization\",\"@id\":\"https:\\\/\\\/aldiachaco.com.ar\\\/#organization\",\"name\":\"Al Dia Chaco\",\"url\":\"https:\\\/\\\/aldiachaco.com.ar\\\/\",\"logo\":{\"@type\":\"ImageObject\",\"inLanguage\":\"es-AR\",\"@id\":\"https:\\\/\\\/aldiachaco.com.ar\\\/#\\\/schema\\\/logo\\\/image\\\/\",\"url\":\"https:\\\/\\\/aldiachaco.com.ar\\\/wp-content\\\/uploads\\\/2017\\\/11\\\/AL-DIA-CHACO-L@2x.png\",\"contentUrl\":\"https:\\\/\\\/aldiachaco.com.ar\\\/wp-content\\\/uploads\\\/2017\\\/11\\\/AL-DIA-CHACO-L@2x.png\",\"width\":232,\"height\":60,\"caption\":\"Al Dia Chaco\"},\"image\":{\"@id\":\"https:\\\/\\\/aldiachaco.com.ar\\\/#\\\/schema\\\/logo\\\/image\\\/\"}},{\"@type\":\"Person\",\"@id\":\"https:\\\/\\\/aldiachaco.com.ar\\\/#\\\/schema\\\/person\\\/b24e975af8022082f5889a7a7299e962\",\"name\":\"RedaccionRM\",\"image\":{\"@type\":\"ImageObject\",\"inLanguage\":\"es-AR\",\"@id\":\"https:\\\/\\\/aldiachaco.com.ar\\\/wp-content\\\/litespeed\\\/avatar\\\/a30118fcb7a6295303f1c91164c6aba1.jpg?ver=1777339088\",\"url\":\"https:\\\/\\\/aldiachaco.com.ar\\\/wp-content\\\/litespeed\\\/avatar\\\/a30118fcb7a6295303f1c91164c6aba1.jpg?ver=1777339088\",\"contentUrl\":\"https:\\\/\\\/aldiachaco.com.ar\\\/wp-content\\\/litespeed\\\/avatar\\\/a30118fcb7a6295303f1c91164c6aba1.jpg?ver=1777339088\",\"caption\":\"RedaccionRM\"},\"url\":\"https:\\\/\\\/aldiachaco.com.ar\\\/index.php\\\/author\\\/redaccionrm\\\/\"}]}<\/script>\n<!-- \/ Yoast SEO plugin. -->","yoast_head_json":{"title":"Tr\u00e1gico hallazgo en una panader\u00eda de Resistencia: muri\u00f3 electrocutado | Al Dia Chaco","robots":{"index":"index","follow":"follow","max-snippet":"max-snippet:-1","max-image-preview":"max-image-preview:large","max-video-preview":"max-video-preview:-1"},"canonical":"https:\/\/aldiachaco.com.ar\/index.php\/2026\/02\/21\/tragico-hallazgo-en-una-panaderia-de-resistencia-murio-electrocutado\/","og_locale":"es_ES","og_type":"article","og_title":"Tr\u00e1gico hallazgo en una panader\u00eda de Resistencia: muri\u00f3 electrocutado | Al Dia Chaco","og_description":"Un hombre de 25 a\u00f1os fue hallado sin vida esta madrugada en el interior de una panader\u00eda ubicada en calle Urquiza al 1700 de Resistencia, tras un principio de incendio en el lugar. La v\u00edctima, identificada como Eros Martires Almir\u00f3n, habr\u00eda fallecido por una descarga el\u00e9ctrica. &nbsp; Cerca de las 4:00, efectivos de la Divisi\u00f3n &hellip;","og_url":"https:\/\/aldiachaco.com.ar\/index.php\/2026\/02\/21\/tragico-hallazgo-en-una-panaderia-de-resistencia-murio-electrocutado\/","og_site_name":"Al Dia Chaco","article_published_time":"2026-02-21T16:16:11+00:00","og_image":[{"width":899,"height":1599,"url":"https:\/\/aldiachaco.com.ar\/wp-content\/uploads\/2026\/02\/IMG-20260221-WA0033.jpg","type":"image\/jpeg"}],"author":"RedaccionRM","twitter_card":"summary_large_image","twitter_misc":{"Escrito por":"RedaccionRM","Tiempo de lectura":"2 minutos"},"schema":{"@context":"https:\/\/schema.org","@graph":[{"@type":"Article","@id":"https:\/\/aldiachaco.com.ar\/index.php\/2026\/02\/21\/tragico-hallazgo-en-una-panaderia-de-resistencia-murio-electrocutado\/#article","isPartOf":{"@id":"https:\/\/aldiachaco.com.ar\/index.php\/2026\/02\/21\/tragico-hallazgo-en-una-panaderia-de-resistencia-murio-electrocutado\/"},"author":{"name":"RedaccionRM","@id":"https:\/\/aldiachaco.com.ar\/#\/schema\/person\/b24e975af8022082f5889a7a7299e962"},"headline":"Tr\u00e1gico hallazgo en una panader\u00eda de Resistencia: muri\u00f3 electrocutado","datePublished":"2026-02-21T16:16:11+00:00","mainEntityOfPage":{"@id":"https:\/\/aldiachaco.com.ar\/index.php\/2026\/02\/21\/tragico-hallazgo-en-una-panaderia-de-resistencia-murio-electrocutado\/"},"wordCount":247,"commentCount":0,"publisher":{"@id":"https:\/\/aldiachaco.com.ar\/#organization"},"image":{"@id":"https:\/\/aldiachaco.com.ar\/index.php\/2026\/02\/21\/tragico-hallazgo-en-una-panaderia-de-resistencia-murio-electrocutado\/#primaryimage"},"thumbnailUrl":"https:\/\/aldiachaco.com.ar\/wp-content\/uploads\/2026\/02\/IMG-20260221-WA0033.jpg","articleSection":["Policiales"],"inLanguage":"es-AR","potentialAction":[{"@type":"CommentAction","name":"Comment","target":["https:\/\/aldiachaco.com.ar\/index.php\/2026\/02\/21\/tragico-hallazgo-en-una-panaderia-de-resistencia-murio-electrocutado\/#respond"]}]},{"@type":"WebPage","@id":"https:\/\/aldiachaco.com.ar\/index.php\/2026\/02\/21\/tragico-hallazgo-en-una-panaderia-de-resistencia-murio-electrocutado\/","url":"https:\/\/aldiachaco.com.ar\/index.php\/2026\/02\/21\/tragico-hallazgo-en-una-panaderia-de-resistencia-murio-electrocutado\/","name":"Tr\u00e1gico hallazgo en una panader\u00eda de Resistencia: muri\u00f3 electrocutado | Al Dia Chaco","isPartOf":{"@id":"https:\/\/aldiachaco.com.ar\/#website"},"primaryImageOfPage":{"@id":"https:\/\/aldiachaco.com.ar\/index.php\/2026\/02\/21\/tragico-hallazgo-en-una-panaderia-de-resistencia-murio-electrocutado\/#primaryimage"},"image":{"@id":"https:\/\/aldiachaco.com.ar\/index.php\/2026\/02\/21\/tragico-hallazgo-en-una-panaderia-de-resistencia-murio-electrocutado\/#primaryimage"},"thumbnailUrl":"https:\/\/aldiachaco.com.ar\/wp-content\/uploads\/2026\/02\/IMG-20260221-WA0033.jpg","datePublished":"2026-02-21T16:16:11+00:00","breadcrumb":{"@id":"https:\/\/aldiachaco.com.ar\/index.php\/2026\/02\/21\/tragico-hallazgo-en-una-panaderia-de-resistencia-murio-electrocutado\/#breadcrumb"},"inLanguage":"es-AR","potentialAction":[{"@type":"ReadAction","target":["https:\/\/aldiachaco.com.ar\/index.php\/2026\/02\/21\/tragico-hallazgo-en-una-panaderia-de-resistencia-murio-electrocutado\/"]}]},{"@type":"ImageObject","inLanguage":"es-AR","@id":"https:\/\/aldiachaco.com.ar\/index.php\/2026\/02\/21\/tragico-hallazgo-en-una-panaderia-de-resistencia-murio-electrocutado\/#primaryimage","url":"https:\/\/aldiachaco.com.ar\/wp-content\/uploads\/2026\/02\/IMG-20260221-WA0033.jpg","contentUrl":"https:\/\/aldiachaco.com.ar\/wp-content\/uploads\/2026\/02\/IMG-20260221-WA0033.jpg","width":899,"height":1599},{"@type":"BreadcrumbList","@id":"https:\/\/aldiachaco.com.ar\/index.php\/2026\/02\/21\/tragico-hallazgo-en-una-panaderia-de-resistencia-murio-electrocutado\/#breadcrumb","itemListElement":[{"@type":"ListItem","position":1,"name":"Home","item":"https:\/\/aldiachaco.com.ar\/"},{"@type":"ListItem","position":2,"name":"Tr\u00e1gico hallazgo en una panader\u00eda de Resistencia: muri\u00f3 electrocutado"}]},{"@type":"WebSite","@id":"https:\/\/aldiachaco.com.ar\/#website","url":"https:\/\/aldiachaco.com.ar\/","name":"Al Dia Chaco","description":"Noticias del Chaco y el mundo","publisher":{"@id":"https:\/\/aldiachaco.com.ar\/#organization"},"alternateName":"Al D\u00eda Chaco","potentialAction":[{"@type":"SearchAction","target":{"@type":"EntryPoint","urlTemplate":"https:\/\/aldiachaco.com.ar\/?s={search_term_string}"},"query-input":{"@type":"PropertyValueSpecification","valueRequired":true,"valueName":"search_term_string"}}],"inLanguage":"es-AR"},{"@type":"Organization","@id":"https:\/\/aldiachaco.com.ar\/#organization","name":"Al Dia Chaco","url":"https:\/\/aldiachaco.com.ar\/","logo":{"@type":"ImageObject","inLanguage":"es-AR","@id":"https:\/\/aldiachaco.com.ar\/#\/schema\/logo\/image\/","url":"https:\/\/aldiachaco.com.ar\/wp-content\/uploads\/2017\/11\/AL-DIA-CHACO-L@2x.png","contentUrl":"https:\/\/aldiachaco.com.ar\/wp-content\/uploads\/2017\/11\/AL-DIA-CHACO-L@2x.png","width":232,"height":60,"caption":"Al Dia Chaco"},"image":{"@id":"https:\/\/aldiachaco.com.ar\/#\/schema\/logo\/image\/"}},{"@type":"Person","@id":"https:\/\/aldiachaco.com.ar\/#\/schema\/person\/b24e975af8022082f5889a7a7299e962","name":"RedaccionRM","image":{"@type":"ImageObject","inLanguage":"es-AR","@id":"https:\/\/aldiachaco.com.ar\/wp-content\/litespeed\/avatar\/a30118fcb7a6295303f1c91164c6aba1.jpg?ver=1777339088","url":"https:\/\/aldiachaco.com.ar\/wp-content\/litespeed\/avatar\/a30118fcb7a6295303f1c91164c6aba1.jpg?ver=1777339088","contentUrl":"https:\/\/aldiachaco.com.ar\/wp-content\/litespeed\/avatar\/a30118fcb7a6295303f1c91164c6aba1.jpg?ver=1777339088","caption":"RedaccionRM"},"url":"https:\/\/aldiachaco.com.ar\/index.php\/author\/redaccionrm\/"}]}},"jetpack_publicize_connections":[],"jetpack_featured_media_url":"https:\/\/aldiachaco.com.ar\/wp-content\/uploads\/2026\/02\/IMG-20260221-WA0033.jpg","jetpack_sharing_enabled":true,"amp_enabled":true,"_links":{"self":[{"href":"https:\/\/aldiachaco.com.ar\/index.php\/wp-json\/wp\/v2\/posts\/117181","targetHints":{"allow":["GET"]}}],"collection":[{"href":"https:\/\/aldiachaco.com.ar\/index.php\/wp-json\/wp\/v2\/posts"}],"about":[{"href":"https:\/\/aldiachaco.com.ar\/index.php\/wp-json\/wp\/v2\/types\/post"}],"author":[{"embeddable":true,"href":"https:\/\/aldiachaco.com.ar\/index.php\/wp-json\/wp\/v2\/users\/9"}],"replies":[{"embeddable":true,"href":"https:\/\/aldiachaco.com.ar\/index.php\/wp-json\/wp\/v2\/comments?post=117181"}],"version-history":[{"count":1,"href":"https:\/\/aldiachaco.com.ar\/index.php\/wp-json\/wp\/v2\/posts\/117181\/revisions"}],"predecessor-version":[{"id":117184,"href":"https:\/\/aldiachaco.com.ar\/index.php\/wp-json\/wp\/v2\/posts\/117181\/revisions\/117184"}],"wp:featuredmedia":[{"embeddable":true,"href":"https:\/\/aldiachaco.com.ar\/index.php\/wp-json\/wp\/v2\/media\/117182"}],"wp:attachment":[{"href":"https:\/\/aldiachaco.com.ar\/index.php\/wp-json\/wp\/v2\/media?parent=117181"}],"wp:term":[{"taxonomy":"category","embeddable":true,"href":"https:\/\/aldiachaco.com.ar\/index.php\/wp-json\/wp\/v2\/categories?post=117181"},{"taxonomy":"post_tag","embeddable":true,"href":"https:\/\/aldiachaco.com.ar\/index.php\/wp-json\/wp\/v2\/tags?post=117181"}],"curies":[{"name":"wp","href":"https:\/\/api.w.org\/{rel}","templated":true}]}}