{"id":117167,"date":"2026-02-21T10:27:18","date_gmt":"2026-02-21T13:27:18","guid":{"rendered":"https:\/\/aldiachaco.com.ar\/?p=117167"},"modified":"2026-02-21T10:27:18","modified_gmt":"2026-02-21T13:27:18","slug":"mas-luz-mas-seguridad-y-gestion-que-transforma-colonia-aborigen","status":"publish","type":"post","link":"https:\/\/aldiachaco.com.ar\/index.php\/2026\/02\/21\/mas-luz-mas-seguridad-y-gestion-que-transforma-colonia-aborigen\/","title":{"rendered":"\u00a1M\u00e1s luz, m\u00e1s seguridad y gesti\u00f3n que transforma! Colonia Aborigen"},"content":{"rendered":"<p>El intendente Mateo Vucko inaugur\u00f3 20 nuevas cuadras con iluminaci\u00f3n LED en la localidad. M\u00e1s de 80 columnas, una inversi\u00f3n cercana a los 75 millones de pesos, ejecutada \u00edntegramente con fondos municipales.<\/p>\n<p>&nbsp;<\/p>\n<p>&#8220;En medio de la crisis y sin acompa\u00f1amiento del gobierno provincial, decidimos poner el hombro y mejorar la calidad de vida de nuestros vecinos&#8221;, expres\u00f3 Vucko<\/p>\n<p>&nbsp;<\/p>\n<p>&#8220;Este crecimiento no es casualidad. Es el resultado de una administraci\u00f3n responsable, honesta y comprometida, encabezada por nuestro intendente Mateo Vucko, que gestiona, planifica y act\u00faa todos los d\u00edas, devolvi\u00e9ndole al pueblo lo que es del pueblo.&#8221;<\/p>\n<p>Cuando hay conducci\u00f3n, coraje y amor por la comunidad, los resultados llegan. Hoy Colonia Borgen avanza, crece y no retrocede.<\/p>\n<p><img loading=\"lazy\" decoding=\"async\" class=\"alignnone size-medium wp-image-117168\" src=\"https:\/\/aldiachaco.com.ar\/wp-content\/uploads\/2026\/02\/FB_IMG_1771650482228-225x300.jpg\" alt=\"\" width=\"225\" height=\"300\" srcset=\"https:\/\/aldiachaco.com.ar\/wp-content\/uploads\/2026\/02\/FB_IMG_1771650482228-225x300.jpg 225w, https:\/\/aldiachaco.com.ar\/wp-content\/uploads\/2026\/02\/FB_IMG_1771650482228-768x1024.jpg 768w, https:\/\/aldiachaco.com.ar\/wp-content\/uploads\/2026\/02\/FB_IMG_1771650482228-1152x1536.jpg 1152w, https:\/\/aldiachaco.com.ar\/wp-content\/uploads\/2026\/02\/FB_IMG_1771650482228-353x470.jpg 353w, https:\/\/aldiachaco.com.ar\/wp-content\/uploads\/2026\/02\/FB_IMG_1771650482228-600x800.jpg 600w, https:\/\/aldiachaco.com.ar\/wp-content\/uploads\/2026\/02\/FB_IMG_1771650482228.jpg 1536w\" sizes=\"auto, (max-width: 225px) 100vw, 225px\" \/> <img loading=\"lazy\" decoding=\"async\" class=\"alignnone size-medium wp-image-117169\" src=\"https:\/\/aldiachaco.com.ar\/wp-content\/uploads\/2026\/02\/FB_IMG_1771650473536-225x300.jpg\" alt=\"\" width=\"225\" height=\"300\" srcset=\"https:\/\/aldiachaco.com.ar\/wp-content\/uploads\/2026\/02\/FB_IMG_1771650473536-225x300.jpg 225w, https:\/\/aldiachaco.com.ar\/wp-content\/uploads\/2026\/02\/FB_IMG_1771650473536-768x1024.jpg 768w, https:\/\/aldiachaco.com.ar\/wp-content\/uploads\/2026\/02\/FB_IMG_1771650473536-1152x1536.jpg 1152w, https:\/\/aldiachaco.com.ar\/wp-content\/uploads\/2026\/02\/FB_IMG_1771650473536-353x470.jpg 353w, https:\/\/aldiachaco.com.ar\/wp-content\/uploads\/2026\/02\/FB_IMG_1771650473536-600x800.jpg 600w, https:\/\/aldiachaco.com.ar\/wp-content\/uploads\/2026\/02\/FB_IMG_1771650473536.jpg 1536w\" sizes=\"auto, (max-width: 225px) 100vw, 225px\" \/> <img loading=\"lazy\" decoding=\"async\" class=\"alignnone size-medium wp-image-117170\" src=\"https:\/\/aldiachaco.com.ar\/wp-content\/uploads\/2026\/02\/FB_IMG_1771650454014-225x300.jpg\" alt=\"\" width=\"225\" height=\"300\" srcset=\"https:\/\/aldiachaco.com.ar\/wp-content\/uploads\/2026\/02\/FB_IMG_1771650454014-225x300.jpg 225w, https:\/\/aldiachaco.com.ar\/wp-content\/uploads\/2026\/02\/FB_IMG_1771650454014-768x1024.jpg 768w, https:\/\/aldiachaco.com.ar\/wp-content\/uploads\/2026\/02\/FB_IMG_1771650454014-1152x1536.jpg 1152w, https:\/\/aldiachaco.com.ar\/wp-content\/uploads\/2026\/02\/FB_IMG_1771650454014-353x470.jpg 353w, https:\/\/aldiachaco.com.ar\/wp-content\/uploads\/2026\/02\/FB_IMG_1771650454014-600x800.jpg 600w, https:\/\/aldiachaco.com.ar\/wp-content\/uploads\/2026\/02\/FB_IMG_1771650454014.jpg 1536w\" sizes=\"auto, (max-width: 225px) 100vw, 225px\" \/> <img loading=\"lazy\" decoding=\"async\" class=\"alignnone size-medium wp-image-117171\" src=\"https:\/\/aldiachaco.com.ar\/wp-content\/uploads\/2026\/02\/FB_IMG_1771650447750-300x225.jpg\" alt=\"\" width=\"300\" height=\"225\" srcset=\"https:\/\/aldiachaco.com.ar\/wp-content\/uploads\/2026\/02\/FB_IMG_1771650447750-300x225.jpg 300w, https:\/\/aldiachaco.com.ar\/wp-content\/uploads\/2026\/02\/FB_IMG_1771650447750-1024x768.jpg 1024w, https:\/\/aldiachaco.com.ar\/wp-content\/uploads\/2026\/02\/FB_IMG_1771650447750-768x576.jpg 768w, https:\/\/aldiachaco.com.ar\/wp-content\/uploads\/2026\/02\/FB_IMG_1771650447750-1536x1152.jpg 1536w, https:\/\/aldiachaco.com.ar\/wp-content\/uploads\/2026\/02\/FB_IMG_1771650447750-627x470.jpg 627w, https:\/\/aldiachaco.com.ar\/wp-content\/uploads\/2026\/02\/FB_IMG_1771650447750-600x450.jpg 600w, https:\/\/aldiachaco.com.ar\/wp-content\/uploads\/2026\/02\/FB_IMG_1771650447750.jpg 2048w\" sizes=\"auto, (max-width: 300px) 100vw, 300px\" \/> <img loading=\"lazy\" decoding=\"async\" class=\"alignnone size-medium wp-image-117172\" src=\"https:\/\/aldiachaco.com.ar\/wp-content\/uploads\/2026\/02\/FB_IMG_1771650435575-169x300.jpg\" alt=\"\" width=\"169\" height=\"300\" srcset=\"https:\/\/aldiachaco.com.ar\/wp-content\/uploads\/2026\/02\/FB_IMG_1771650435575-169x300.jpg 169w, https:\/\/aldiachaco.com.ar\/wp-content\/uploads\/2026\/02\/FB_IMG_1771650435575-576x1024.jpg 576w, https:\/\/aldiachaco.com.ar\/wp-content\/uploads\/2026\/02\/FB_IMG_1771650435575-768x1365.jpg 768w, https:\/\/aldiachaco.com.ar\/wp-content\/uploads\/2026\/02\/FB_IMG_1771650435575-864x1536.jpg 864w, https:\/\/aldiachaco.com.ar\/wp-content\/uploads\/2026\/02\/FB_IMG_1771650435575-264x470.jpg 264w, https:\/\/aldiachaco.com.ar\/wp-content\/uploads\/2026\/02\/FB_IMG_1771650435575-600x1067.jpg 600w, https:\/\/aldiachaco.com.ar\/wp-content\/uploads\/2026\/02\/FB_IMG_1771650435575.jpg 1152w\" sizes=\"auto, (max-width: 169px) 100vw, 169px\" \/> \u00a0<img loading=\"lazy\" decoding=\"async\" class=\"alignnone size-medium wp-image-117174\" src=\"https:\/\/aldiachaco.com.ar\/wp-content\/uploads\/2026\/02\/FB_IMG_1771650442704-169x300.jpg\" alt=\"\" width=\"169\" height=\"300\" srcset=\"https:\/\/aldiachaco.com.ar\/wp-content\/uploads\/2026\/02\/FB_IMG_1771650442704-169x300.jpg 169w, https:\/\/aldiachaco.com.ar\/wp-content\/uploads\/2026\/02\/FB_IMG_1771650442704-576x1024.jpg 576w, https:\/\/aldiachaco.com.ar\/wp-content\/uploads\/2026\/02\/FB_IMG_1771650442704-768x1365.jpg 768w, https:\/\/aldiachaco.com.ar\/wp-content\/uploads\/2026\/02\/FB_IMG_1771650442704-864x1536.jpg 864w, https:\/\/aldiachaco.com.ar\/wp-content\/uploads\/2026\/02\/FB_IMG_1771650442704-264x470.jpg 264w, https:\/\/aldiachaco.com.ar\/wp-content\/uploads\/2026\/02\/FB_IMG_1771650442704-600x1067.jpg 600w, https:\/\/aldiachaco.com.ar\/wp-content\/uploads\/2026\/02\/FB_IMG_1771650442704.jpg 1152w\" sizes=\"auto, (max-width: 169px) 100vw, 169px\" \/><\/p>\n","protected":false},"excerpt":{"rendered":"<p>El intendente Mateo Vucko inaugur\u00f3 20 nuevas cuadras con iluminaci\u00f3n LED en la localidad. M\u00e1s de 80 columnas, una inversi\u00f3n cercana a los 75 millones de pesos, ejecutada \u00edntegramente con fondos municipales. &nbsp; &#8220;En medio de la crisis y sin acompa\u00f1amiento del gobierno provincial, decidimos poner el hombro y mejorar la calidad de vida de &hellip;<\/p>\n","protected":false},"author":9,"featured_media":117175,"comment_status":"open","ping_status":"open","sticky":false,"template":"","format":"standard","meta":{"content-type":"","_monsterinsights_skip_tracking":false,"_monsterinsights_sitenote_active":false,"_monsterinsights_sitenote_note":"","_monsterinsights_sitenote_category":0,"_jetpack_memberships_contains_paid_content":false,"footnotes":"","jetpack_publicize_message":"","jetpack_publicize_feature_enabled":true,"jetpack_social_post_already_shared":true,"jetpack_social_options":{"image_generator_settings":{"template":"highway","default_image_id":0,"font":"","enabled":false},"version":2}},"categories":[158],"tags":[],"class_list":["post-117167","post","type-post","status-publish","format-standard","has-post-thumbnail","hentry","category-interior"],"yoast_head":"<!-- This site is optimized with the Yoast SEO plugin v27.4 - https:\/\/yoast.com\/product\/yoast-seo-wordpress\/ -->\n<title>\u00a1M\u00e1s luz, m\u00e1s seguridad y gesti\u00f3n que transforma! Colonia Aborigen | Al Dia Chaco<\/title>\n<meta name=\"robots\" content=\"index, follow, max-snippet:-1, max-image-preview:large, max-video-preview:-1\" \/>\n<link rel=\"canonical\" href=\"https:\/\/aldiachaco.com.ar\/index.php\/2026\/02\/21\/mas-luz-mas-seguridad-y-gestion-que-transforma-colonia-aborigen\/\" \/>\n<meta property=\"og:locale\" content=\"es_ES\" \/>\n<meta property=\"og:type\" content=\"article\" \/>\n<meta property=\"og:title\" content=\"\u00a1M\u00e1s luz, m\u00e1s seguridad y gesti\u00f3n que transforma! Colonia Aborigen | Al Dia Chaco\" \/>\n<meta property=\"og:description\" content=\"El intendente Mateo Vucko inaugur\u00f3 20 nuevas cuadras con iluminaci\u00f3n LED en la localidad. M\u00e1s de 80 columnas, una inversi\u00f3n cercana a los 75 millones de pesos, ejecutada \u00edntegramente con fondos municipales. &nbsp; &#8220;En medio de la crisis y sin acompa\u00f1amiento del gobierno provincial, decidimos poner el hombro y mejorar la calidad de vida de &hellip;\" \/>\n<meta property=\"og:url\" content=\"https:\/\/aldiachaco.com.ar\/index.php\/2026\/02\/21\/mas-luz-mas-seguridad-y-gestion-que-transforma-colonia-aborigen\/\" \/>\n<meta property=\"og:site_name\" content=\"Al Dia Chaco\" \/>\n<meta property=\"article:published_time\" content=\"2026-02-21T13:27:18+00:00\" \/>\n<meta property=\"og:image\" content=\"https:\/\/aldiachaco.com.ar\/wp-content\/uploads\/2026\/02\/FB_IMG_1771650494704.jpg\" \/>\n\t<meta property=\"og:image:width\" content=\"1536\" \/>\n\t<meta property=\"og:image:height\" content=\"2048\" \/>\n\t<meta property=\"og:image:type\" content=\"image\/jpeg\" \/>\n<meta name=\"author\" content=\"RedaccionRM\" \/>\n<meta name=\"twitter:card\" content=\"summary_large_image\" \/>\n<meta name=\"twitter:label1\" content=\"Escrito por\" \/>\n\t<meta name=\"twitter:data1\" content=\"RedaccionRM\" \/>\n\t<meta name=\"twitter:label2\" content=\"Tiempo de lectura\" \/>\n\t<meta name=\"twitter:data2\" content=\"2 minutos\" \/>\n<script type=\"application\/ld+json\" class=\"yoast-schema-graph\">{\"@context\":\"https:\\\/\\\/schema.org\",\"@graph\":[{\"@type\":\"Article\",\"@id\":\"https:\\\/\\\/aldiachaco.com.ar\\\/index.php\\\/2026\\\/02\\\/21\\\/mas-luz-mas-seguridad-y-gestion-que-transforma-colonia-aborigen\\\/#article\",\"isPartOf\":{\"@id\":\"https:\\\/\\\/aldiachaco.com.ar\\\/index.php\\\/2026\\\/02\\\/21\\\/mas-luz-mas-seguridad-y-gestion-que-transforma-colonia-aborigen\\\/\"},\"author\":{\"name\":\"RedaccionRM\",\"@id\":\"https:\\\/\\\/aldiachaco.com.ar\\\/#\\\/schema\\\/person\\\/b24e975af8022082f5889a7a7299e962\"},\"headline\":\"\u00a1M\u00e1s luz, m\u00e1s seguridad y gesti\u00f3n que transforma! Colonia Aborigen\",\"datePublished\":\"2026-02-21T13:27:18+00:00\",\"mainEntityOfPage\":{\"@id\":\"https:\\\/\\\/aldiachaco.com.ar\\\/index.php\\\/2026\\\/02\\\/21\\\/mas-luz-mas-seguridad-y-gestion-que-transforma-colonia-aborigen\\\/\"},\"wordCount\":136,\"commentCount\":0,\"publisher\":{\"@id\":\"https:\\\/\\\/aldiachaco.com.ar\\\/#organization\"},\"image\":{\"@id\":\"https:\\\/\\\/aldiachaco.com.ar\\\/index.php\\\/2026\\\/02\\\/21\\\/mas-luz-mas-seguridad-y-gestion-que-transforma-colonia-aborigen\\\/#primaryimage\"},\"thumbnailUrl\":\"https:\\\/\\\/aldiachaco.com.ar\\\/wp-content\\\/uploads\\\/2026\\\/02\\\/FB_IMG_1771650494704.jpg\",\"articleSection\":[\"Interior\"],\"inLanguage\":\"es-AR\",\"potentialAction\":[{\"@type\":\"CommentAction\",\"name\":\"Comment\",\"target\":[\"https:\\\/\\\/aldiachaco.com.ar\\\/index.php\\\/2026\\\/02\\\/21\\\/mas-luz-mas-seguridad-y-gestion-que-transforma-colonia-aborigen\\\/#respond\"]}]},{\"@type\":\"WebPage\",\"@id\":\"https:\\\/\\\/aldiachaco.com.ar\\\/index.php\\\/2026\\\/02\\\/21\\\/mas-luz-mas-seguridad-y-gestion-que-transforma-colonia-aborigen\\\/\",\"url\":\"https:\\\/\\\/aldiachaco.com.ar\\\/index.php\\\/2026\\\/02\\\/21\\\/mas-luz-mas-seguridad-y-gestion-que-transforma-colonia-aborigen\\\/\",\"name\":\"\u00a1M\u00e1s luz, m\u00e1s seguridad y gesti\u00f3n que transforma! Colonia Aborigen | Al Dia Chaco\",\"isPartOf\":{\"@id\":\"https:\\\/\\\/aldiachaco.com.ar\\\/#website\"},\"primaryImageOfPage\":{\"@id\":\"https:\\\/\\\/aldiachaco.com.ar\\\/index.php\\\/2026\\\/02\\\/21\\\/mas-luz-mas-seguridad-y-gestion-que-transforma-colonia-aborigen\\\/#primaryimage\"},\"image\":{\"@id\":\"https:\\\/\\\/aldiachaco.com.ar\\\/index.php\\\/2026\\\/02\\\/21\\\/mas-luz-mas-seguridad-y-gestion-que-transforma-colonia-aborigen\\\/#primaryimage\"},\"thumbnailUrl\":\"https:\\\/\\\/aldiachaco.com.ar\\\/wp-content\\\/uploads\\\/2026\\\/02\\\/FB_IMG_1771650494704.jpg\",\"datePublished\":\"2026-02-21T13:27:18+00:00\",\"breadcrumb\":{\"@id\":\"https:\\\/\\\/aldiachaco.com.ar\\\/index.php\\\/2026\\\/02\\\/21\\\/mas-luz-mas-seguridad-y-gestion-que-transforma-colonia-aborigen\\\/#breadcrumb\"},\"inLanguage\":\"es-AR\",\"potentialAction\":[{\"@type\":\"ReadAction\",\"target\":[\"https:\\\/\\\/aldiachaco.com.ar\\\/index.php\\\/2026\\\/02\\\/21\\\/mas-luz-mas-seguridad-y-gestion-que-transforma-colonia-aborigen\\\/\"]}]},{\"@type\":\"ImageObject\",\"inLanguage\":\"es-AR\",\"@id\":\"https:\\\/\\\/aldiachaco.com.ar\\\/index.php\\\/2026\\\/02\\\/21\\\/mas-luz-mas-seguridad-y-gestion-que-transforma-colonia-aborigen\\\/#primaryimage\",\"url\":\"https:\\\/\\\/aldiachaco.com.ar\\\/wp-content\\\/uploads\\\/2026\\\/02\\\/FB_IMG_1771650494704.jpg\",\"contentUrl\":\"https:\\\/\\\/aldiachaco.com.ar\\\/wp-content\\\/uploads\\\/2026\\\/02\\\/FB_IMG_1771650494704.jpg\",\"width\":1536,\"height\":2048},{\"@type\":\"BreadcrumbList\",\"@id\":\"https:\\\/\\\/aldiachaco.com.ar\\\/index.php\\\/2026\\\/02\\\/21\\\/mas-luz-mas-seguridad-y-gestion-que-transforma-colonia-aborigen\\\/#breadcrumb\",\"itemListElement\":[{\"@type\":\"ListItem\",\"position\":1,\"name\":\"Home\",\"item\":\"https:\\\/\\\/aldiachaco.com.ar\\\/\"},{\"@type\":\"ListItem\",\"position\":2,\"name\":\"\u00a1M\u00e1s luz, m\u00e1s seguridad y gesti\u00f3n que transforma! Colonia Aborigen\"}]},{\"@type\":\"WebSite\",\"@id\":\"https:\\\/\\\/aldiachaco.com.ar\\\/#website\",\"url\":\"https:\\\/\\\/aldiachaco.com.ar\\\/\",\"name\":\"Al Dia Chaco\",\"description\":\"Noticias del Chaco y el mundo\",\"publisher\":{\"@id\":\"https:\\\/\\\/aldiachaco.com.ar\\\/#organization\"},\"alternateName\":\"Al D\u00eda Chaco\",\"potentialAction\":[{\"@type\":\"SearchAction\",\"target\":{\"@type\":\"EntryPoint\",\"urlTemplate\":\"https:\\\/\\\/aldiachaco.com.ar\\\/?s={search_term_string}\"},\"query-input\":{\"@type\":\"PropertyValueSpecification\",\"valueRequired\":true,\"valueName\":\"search_term_string\"}}],\"inLanguage\":\"es-AR\"},{\"@type\":\"Organization\",\"@id\":\"https:\\\/\\\/aldiachaco.com.ar\\\/#organization\",\"name\":\"Al Dia Chaco\",\"url\":\"https:\\\/\\\/aldiachaco.com.ar\\\/\",\"logo\":{\"@type\":\"ImageObject\",\"inLanguage\":\"es-AR\",\"@id\":\"https:\\\/\\\/aldiachaco.com.ar\\\/#\\\/schema\\\/logo\\\/image\\\/\",\"url\":\"https:\\\/\\\/aldiachaco.com.ar\\\/wp-content\\\/uploads\\\/2017\\\/11\\\/AL-DIA-CHACO-L@2x.png\",\"contentUrl\":\"https:\\\/\\\/aldiachaco.com.ar\\\/wp-content\\\/uploads\\\/2017\\\/11\\\/AL-DIA-CHACO-L@2x.png\",\"width\":232,\"height\":60,\"caption\":\"Al Dia Chaco\"},\"image\":{\"@id\":\"https:\\\/\\\/aldiachaco.com.ar\\\/#\\\/schema\\\/logo\\\/image\\\/\"}},{\"@type\":\"Person\",\"@id\":\"https:\\\/\\\/aldiachaco.com.ar\\\/#\\\/schema\\\/person\\\/b24e975af8022082f5889a7a7299e962\",\"name\":\"RedaccionRM\",\"image\":{\"@type\":\"ImageObject\",\"inLanguage\":\"es-AR\",\"@id\":\"https:\\\/\\\/aldiachaco.com.ar\\\/wp-content\\\/litespeed\\\/avatar\\\/a30118fcb7a6295303f1c91164c6aba1.jpg?ver=1777339088\",\"url\":\"https:\\\/\\\/aldiachaco.com.ar\\\/wp-content\\\/litespeed\\\/avatar\\\/a30118fcb7a6295303f1c91164c6aba1.jpg?ver=1777339088\",\"contentUrl\":\"https:\\\/\\\/aldiachaco.com.ar\\\/wp-content\\\/litespeed\\\/avatar\\\/a30118fcb7a6295303f1c91164c6aba1.jpg?ver=1777339088\",\"caption\":\"RedaccionRM\"},\"url\":\"https:\\\/\\\/aldiachaco.com.ar\\\/index.php\\\/author\\\/redaccionrm\\\/\"}]}<\/script>\n<!-- \/ Yoast SEO plugin. -->","yoast_head_json":{"title":"\u00a1M\u00e1s luz, m\u00e1s seguridad y gesti\u00f3n que transforma! Colonia Aborigen | Al Dia Chaco","robots":{"index":"index","follow":"follow","max-snippet":"max-snippet:-1","max-image-preview":"max-image-preview:large","max-video-preview":"max-video-preview:-1"},"canonical":"https:\/\/aldiachaco.com.ar\/index.php\/2026\/02\/21\/mas-luz-mas-seguridad-y-gestion-que-transforma-colonia-aborigen\/","og_locale":"es_ES","og_type":"article","og_title":"\u00a1M\u00e1s luz, m\u00e1s seguridad y gesti\u00f3n que transforma! Colonia Aborigen | Al Dia Chaco","og_description":"El intendente Mateo Vucko inaugur\u00f3 20 nuevas cuadras con iluminaci\u00f3n LED en la localidad. M\u00e1s de 80 columnas, una inversi\u00f3n cercana a los 75 millones de pesos, ejecutada \u00edntegramente con fondos municipales. &nbsp; &#8220;En medio de la crisis y sin acompa\u00f1amiento del gobierno provincial, decidimos poner el hombro y mejorar la calidad de vida de &hellip;","og_url":"https:\/\/aldiachaco.com.ar\/index.php\/2026\/02\/21\/mas-luz-mas-seguridad-y-gestion-que-transforma-colonia-aborigen\/","og_site_name":"Al Dia Chaco","article_published_time":"2026-02-21T13:27:18+00:00","og_image":[{"width":1536,"height":2048,"url":"https:\/\/aldiachaco.com.ar\/wp-content\/uploads\/2026\/02\/FB_IMG_1771650494704.jpg","type":"image\/jpeg"}],"author":"RedaccionRM","twitter_card":"summary_large_image","twitter_misc":{"Escrito por":"RedaccionRM","Tiempo de lectura":"2 minutos"},"schema":{"@context":"https:\/\/schema.org","@graph":[{"@type":"Article","@id":"https:\/\/aldiachaco.com.ar\/index.php\/2026\/02\/21\/mas-luz-mas-seguridad-y-gestion-que-transforma-colonia-aborigen\/#article","isPartOf":{"@id":"https:\/\/aldiachaco.com.ar\/index.php\/2026\/02\/21\/mas-luz-mas-seguridad-y-gestion-que-transforma-colonia-aborigen\/"},"author":{"name":"RedaccionRM","@id":"https:\/\/aldiachaco.com.ar\/#\/schema\/person\/b24e975af8022082f5889a7a7299e962"},"headline":"\u00a1M\u00e1s luz, m\u00e1s seguridad y gesti\u00f3n que transforma! Colonia Aborigen","datePublished":"2026-02-21T13:27:18+00:00","mainEntityOfPage":{"@id":"https:\/\/aldiachaco.com.ar\/index.php\/2026\/02\/21\/mas-luz-mas-seguridad-y-gestion-que-transforma-colonia-aborigen\/"},"wordCount":136,"commentCount":0,"publisher":{"@id":"https:\/\/aldiachaco.com.ar\/#organization"},"image":{"@id":"https:\/\/aldiachaco.com.ar\/index.php\/2026\/02\/21\/mas-luz-mas-seguridad-y-gestion-que-transforma-colonia-aborigen\/#primaryimage"},"thumbnailUrl":"https:\/\/aldiachaco.com.ar\/wp-content\/uploads\/2026\/02\/FB_IMG_1771650494704.jpg","articleSection":["Interior"],"inLanguage":"es-AR","potentialAction":[{"@type":"CommentAction","name":"Comment","target":["https:\/\/aldiachaco.com.ar\/index.php\/2026\/02\/21\/mas-luz-mas-seguridad-y-gestion-que-transforma-colonia-aborigen\/#respond"]}]},{"@type":"WebPage","@id":"https:\/\/aldiachaco.com.ar\/index.php\/2026\/02\/21\/mas-luz-mas-seguridad-y-gestion-que-transforma-colonia-aborigen\/","url":"https:\/\/aldiachaco.com.ar\/index.php\/2026\/02\/21\/mas-luz-mas-seguridad-y-gestion-que-transforma-colonia-aborigen\/","name":"\u00a1M\u00e1s luz, m\u00e1s seguridad y gesti\u00f3n que transforma! Colonia Aborigen | Al Dia Chaco","isPartOf":{"@id":"https:\/\/aldiachaco.com.ar\/#website"},"primaryImageOfPage":{"@id":"https:\/\/aldiachaco.com.ar\/index.php\/2026\/02\/21\/mas-luz-mas-seguridad-y-gestion-que-transforma-colonia-aborigen\/#primaryimage"},"image":{"@id":"https:\/\/aldiachaco.com.ar\/index.php\/2026\/02\/21\/mas-luz-mas-seguridad-y-gestion-que-transforma-colonia-aborigen\/#primaryimage"},"thumbnailUrl":"https:\/\/aldiachaco.com.ar\/wp-content\/uploads\/2026\/02\/FB_IMG_1771650494704.jpg","datePublished":"2026-02-21T13:27:18+00:00","breadcrumb":{"@id":"https:\/\/aldiachaco.com.ar\/index.php\/2026\/02\/21\/mas-luz-mas-seguridad-y-gestion-que-transforma-colonia-aborigen\/#breadcrumb"},"inLanguage":"es-AR","potentialAction":[{"@type":"ReadAction","target":["https:\/\/aldiachaco.com.ar\/index.php\/2026\/02\/21\/mas-luz-mas-seguridad-y-gestion-que-transforma-colonia-aborigen\/"]}]},{"@type":"ImageObject","inLanguage":"es-AR","@id":"https:\/\/aldiachaco.com.ar\/index.php\/2026\/02\/21\/mas-luz-mas-seguridad-y-gestion-que-transforma-colonia-aborigen\/#primaryimage","url":"https:\/\/aldiachaco.com.ar\/wp-content\/uploads\/2026\/02\/FB_IMG_1771650494704.jpg","contentUrl":"https:\/\/aldiachaco.com.ar\/wp-content\/uploads\/2026\/02\/FB_IMG_1771650494704.jpg","width":1536,"height":2048},{"@type":"BreadcrumbList","@id":"https:\/\/aldiachaco.com.ar\/index.php\/2026\/02\/21\/mas-luz-mas-seguridad-y-gestion-que-transforma-colonia-aborigen\/#breadcrumb","itemListElement":[{"@type":"ListItem","position":1,"name":"Home","item":"https:\/\/aldiachaco.com.ar\/"},{"@type":"ListItem","position":2,"name":"\u00a1M\u00e1s luz, m\u00e1s seguridad y gesti\u00f3n que transforma! Colonia Aborigen"}]},{"@type":"WebSite","@id":"https:\/\/aldiachaco.com.ar\/#website","url":"https:\/\/aldiachaco.com.ar\/","name":"Al Dia Chaco","description":"Noticias del Chaco y el mundo","publisher":{"@id":"https:\/\/aldiachaco.com.ar\/#organization"},"alternateName":"Al D\u00eda Chaco","potentialAction":[{"@type":"SearchAction","target":{"@type":"EntryPoint","urlTemplate":"https:\/\/aldiachaco.com.ar\/?s={search_term_string}"},"query-input":{"@type":"PropertyValueSpecification","valueRequired":true,"valueName":"search_term_string"}}],"inLanguage":"es-AR"},{"@type":"Organization","@id":"https:\/\/aldiachaco.com.ar\/#organization","name":"Al Dia Chaco","url":"https:\/\/aldiachaco.com.ar\/","logo":{"@type":"ImageObject","inLanguage":"es-AR","@id":"https:\/\/aldiachaco.com.ar\/#\/schema\/logo\/image\/","url":"https:\/\/aldiachaco.com.ar\/wp-content\/uploads\/2017\/11\/AL-DIA-CHACO-L@2x.png","contentUrl":"https:\/\/aldiachaco.com.ar\/wp-content\/uploads\/2017\/11\/AL-DIA-CHACO-L@2x.png","width":232,"height":60,"caption":"Al Dia Chaco"},"image":{"@id":"https:\/\/aldiachaco.com.ar\/#\/schema\/logo\/image\/"}},{"@type":"Person","@id":"https:\/\/aldiachaco.com.ar\/#\/schema\/person\/b24e975af8022082f5889a7a7299e962","name":"RedaccionRM","image":{"@type":"ImageObject","inLanguage":"es-AR","@id":"https:\/\/aldiachaco.com.ar\/wp-content\/litespeed\/avatar\/a30118fcb7a6295303f1c91164c6aba1.jpg?ver=1777339088","url":"https:\/\/aldiachaco.com.ar\/wp-content\/litespeed\/avatar\/a30118fcb7a6295303f1c91164c6aba1.jpg?ver=1777339088","contentUrl":"https:\/\/aldiachaco.com.ar\/wp-content\/litespeed\/avatar\/a30118fcb7a6295303f1c91164c6aba1.jpg?ver=1777339088","caption":"RedaccionRM"},"url":"https:\/\/aldiachaco.com.ar\/index.php\/author\/redaccionrm\/"}]}},"jetpack_publicize_connections":[],"jetpack_featured_media_url":"https:\/\/aldiachaco.com.ar\/wp-content\/uploads\/2026\/02\/FB_IMG_1771650494704.jpg","jetpack_sharing_enabled":true,"amp_enabled":true,"_links":{"self":[{"href":"https:\/\/aldiachaco.com.ar\/index.php\/wp-json\/wp\/v2\/posts\/117167","targetHints":{"allow":["GET"]}}],"collection":[{"href":"https:\/\/aldiachaco.com.ar\/index.php\/wp-json\/wp\/v2\/posts"}],"about":[{"href":"https:\/\/aldiachaco.com.ar\/index.php\/wp-json\/wp\/v2\/types\/post"}],"author":[{"embeddable":true,"href":"https:\/\/aldiachaco.com.ar\/index.php\/wp-json\/wp\/v2\/users\/9"}],"replies":[{"embeddable":true,"href":"https:\/\/aldiachaco.com.ar\/index.php\/wp-json\/wp\/v2\/comments?post=117167"}],"version-history":[{"count":1,"href":"https:\/\/aldiachaco.com.ar\/index.php\/wp-json\/wp\/v2\/posts\/117167\/revisions"}],"predecessor-version":[{"id":117176,"href":"https:\/\/aldiachaco.com.ar\/index.php\/wp-json\/wp\/v2\/posts\/117167\/revisions\/117176"}],"wp:featuredmedia":[{"embeddable":true,"href":"https:\/\/aldiachaco.com.ar\/index.php\/wp-json\/wp\/v2\/media\/117175"}],"wp:attachment":[{"href":"https:\/\/aldiachaco.com.ar\/index.php\/wp-json\/wp\/v2\/media?parent=117167"}],"wp:term":[{"taxonomy":"category","embeddable":true,"href":"https:\/\/aldiachaco.com.ar\/index.php\/wp-json\/wp\/v2\/categories?post=117167"},{"taxonomy":"post_tag","embeddable":true,"href":"https:\/\/aldiachaco.com.ar\/index.php\/wp-json\/wp\/v2\/tags?post=117167"}],"curies":[{"name":"wp","href":"https:\/\/api.w.org\/{rel}","templated":true}]}}