{"id":117159,"date":"2026-02-20T10:27:04","date_gmt":"2026-02-20T13:27:04","guid":{"rendered":"https:\/\/aldiachaco.com.ar\/?p=117159"},"modified":"2026-02-20T10:27:04","modified_gmt":"2026-02-20T13:27:04","slug":"lucho-moser-cruzo-a-zdero-por-el-aumento-salarial-es-una-tomada-de-pelo","status":"publish","type":"post","link":"https:\/\/aldiachaco.com.ar\/index.php\/2026\/02\/20\/lucho-moser-cruzo-a-zdero-por-el-aumento-salarial-es-una-tomada-de-pelo\/","title":{"rendered":"Lucho Moser cruz\u00f3 a Zdero por el aumento salarial: &#8220;Es una tomada de pelo&#8221;"},"content":{"rendered":"<p class=\"ds-markdown-paragraph\">El diputado provincial del PJ, Lucho Moser, sali\u00f3 al cruce del anuncio del gobernador Leandro Zdero sobre la actualizaci\u00f3n salarial para empleados p\u00fablicos, y calific\u00f3 la medida como &#8220;insuficiente, poco seria y una tomada de pelo&#8221;. El incremento, del 3% para docentes y polic\u00edas en febrero, otro 3% para el Escalaf\u00f3n General en marzo y un 2% general en abril, fue duramente cuestionado por el legislador peronista.<\/p>\n<p class=\"ds-markdown-paragraph\"><strong>Las cr\u00edticas de Moser<\/strong><\/p>\n<p class=\"ds-markdown-paragraph\">&#8220;Es un chiste lo que pretende hacer el gobierno: hace 10 meses que no hay incrementos y ahora vienen con un 5% en dos partes, cuando los trabajadores perdieron m\u00e1s del 25% de su salario durante el a\u00f1o pasado&#8221;, dispar\u00f3 Moser.<\/p>\n<p class=\"ds-markdown-paragraph\">El diputado record\u00f3 que durante todo 2025 los empleados p\u00fablicos recibieron apenas un 6,5% de incremento salarial, mientras que la inflaci\u00f3n del mismo per\u00edodo trep\u00f3 al 31,5%. &#8220;Esto significa que los estatales chaque\u00f1os perdieron cerca de un cuarto de su poder de compra. Y ahora, con este m\u00edsero 5% fraccionado, lo \u00fanico que hacen es consolidar esa p\u00e9rdida&#8221;, enfatiz\u00f3.<\/p>\n<p class=\"ds-markdown-paragraph\"><strong>Impacto econ\u00f3mico<\/strong><\/p>\n<p class=\"ds-markdown-paragraph\">Moser advirti\u00f3 que el salario de la administraci\u00f3n p\u00fablica es dinamizador de la econom\u00eda provincial, por lo que la preocupaci\u00f3n por la pobreza de la suba se traslada a las pymes y al sector comercial. &#8220;De esta manera seguir\u00e1 cayendo el consumo y empeorar\u00e1 la recesi\u00f3n&#8221;, alert\u00f3.<\/p>\n<p class=\"ds-markdown-paragraph\">Tambi\u00e9n marc\u00f3 el impacto que significar\u00e1 para los chaque\u00f1os el nuevo tarifazo en las boletas de luz, que podr\u00edan pasar a costar hasta un 60% m\u00e1s caras, mientras los sueldos apenas subir\u00e1n un 5% fraccionado.<\/p>\n<p class=\"ds-markdown-paragraph\"><strong>Contexto inflacionario<\/strong><\/p>\n<p class=\"ds-markdown-paragraph\">El legislador se\u00f1al\u00f3 que el anuncio llega en un momento particularmente sensible, ya que solo en enero de este a\u00f1o la inflaci\u00f3n en la regi\u00f3n NEA alcanz\u00f3 el 3,1%, lo que lic\u00faa de antemano cualquier expectativa de recuperaci\u00f3n. &#8220;Si en un solo mes la inflaci\u00f3n se come m\u00e1s de la mitad de lo que ofrecen como aumento, estamos ante una propuesta que no es seria. Es seguir empujando a los trabajadores a un deterioro constante&#8221;, sostuvo.<\/p>\n<p class=\"ds-markdown-paragraph\"><strong>Reclamos sectoriales<\/strong><\/p>\n<p class=\"ds-markdown-paragraph\">Moser puso especial \u00e9nfasis en la situaci\u00f3n de los distintos sectores de la administraci\u00f3n p\u00fablica. &#8220;Docentes, m\u00e9dicos, enfermeros, polic\u00edas, personal del escalaf\u00f3n general&#8230; todos ellos vienen viendo c\u00f3mo su salario queda cada vez m\u00e1s atr\u00e1s frente al costo de vida. No se puede hablar de seriedad cuando la respuesta es esta miseria que anunci\u00f3 Zdero&#8221;, agreg\u00f3.<\/p>\n<p class=\"ds-markdown-paragraph\">Finalmente, el diputado ratific\u00f3 que continuar\u00e1 acompa\u00f1ando los reclamos de los gremios y trabajadores, y llam\u00f3 al Ejecutivo a revisar su postura: &#8220;Es hora de que Zdero entienda que los trabajadores no pueden seguir pagando el ajuste&#8221;.<\/p>\n","protected":false},"excerpt":{"rendered":"<p>El diputado provincial del PJ, Lucho Moser, sali\u00f3 al cruce del anuncio del gobernador Leandro Zdero sobre la actualizaci\u00f3n salarial para empleados p\u00fablicos, y calific\u00f3 la medida como &#8220;insuficiente, poco seria y una tomada de pelo&#8221;. El incremento, del 3% para docentes y polic\u00edas en febrero, otro 3% para el Escalaf\u00f3n General en marzo y &hellip;<\/p>\n","protected":false},"author":9,"featured_media":117160,"comment_status":"open","ping_status":"open","sticky":false,"template":"","format":"standard","meta":{"content-type":"","_monsterinsights_skip_tracking":false,"_monsterinsights_sitenote_active":false,"_monsterinsights_sitenote_note":"","_monsterinsights_sitenote_category":0,"_jetpack_memberships_contains_paid_content":false,"footnotes":"","jetpack_publicize_message":"","jetpack_publicize_feature_enabled":true,"jetpack_social_post_already_shared":true,"jetpack_social_options":{"image_generator_settings":{"template":"highway","default_image_id":0,"font":"","enabled":false},"version":2}},"categories":[153],"tags":[],"class_list":["post-117159","post","type-post","status-publish","format-standard","has-post-thumbnail","hentry","category-politica"],"yoast_head":"<!-- This site is optimized with the Yoast SEO plugin v27.4 - https:\/\/yoast.com\/product\/yoast-seo-wordpress\/ -->\n<title>Lucho Moser cruz\u00f3 a Zdero por el aumento salarial: &quot;Es una tomada de pelo&quot; | Al Dia Chaco<\/title>\n<meta name=\"robots\" content=\"index, follow, max-snippet:-1, max-image-preview:large, max-video-preview:-1\" \/>\n<link rel=\"canonical\" href=\"https:\/\/aldiachaco.com.ar\/index.php\/2026\/02\/20\/lucho-moser-cruzo-a-zdero-por-el-aumento-salarial-es-una-tomada-de-pelo\/\" \/>\n<meta property=\"og:locale\" content=\"es_ES\" \/>\n<meta property=\"og:type\" content=\"article\" \/>\n<meta property=\"og:title\" content=\"Lucho Moser cruz\u00f3 a Zdero por el aumento salarial: &quot;Es una tomada de pelo&quot; | Al Dia Chaco\" \/>\n<meta property=\"og:description\" content=\"El diputado provincial del PJ, Lucho Moser, sali\u00f3 al cruce del anuncio del gobernador Leandro Zdero sobre la actualizaci\u00f3n salarial para empleados p\u00fablicos, y calific\u00f3 la medida como &#8220;insuficiente, poco seria y una tomada de pelo&#8221;. El incremento, del 3% para docentes y polic\u00edas en febrero, otro 3% para el Escalaf\u00f3n General en marzo y &hellip;\" \/>\n<meta property=\"og:url\" content=\"https:\/\/aldiachaco.com.ar\/index.php\/2026\/02\/20\/lucho-moser-cruzo-a-zdero-por-el-aumento-salarial-es-una-tomada-de-pelo\/\" \/>\n<meta property=\"og:site_name\" content=\"Al Dia Chaco\" \/>\n<meta property=\"article:published_time\" content=\"2026-02-20T13:27:04+00:00\" \/>\n<meta property=\"og:image\" content=\"https:\/\/aldiachaco.com.ar\/wp-content\/uploads\/2026\/02\/WhatsApp-Image-2026-02-20-at-10.14.46.jpeg\" \/>\n\t<meta property=\"og:image:width\" content=\"1000\" \/>\n\t<meta property=\"og:image:height\" content=\"1500\" \/>\n\t<meta property=\"og:image:type\" content=\"image\/jpeg\" \/>\n<meta name=\"author\" content=\"RedaccionRM\" \/>\n<meta name=\"twitter:card\" content=\"summary_large_image\" \/>\n<meta name=\"twitter:label1\" content=\"Escrito por\" \/>\n\t<meta name=\"twitter:data1\" content=\"RedaccionRM\" \/>\n\t<meta name=\"twitter:label2\" content=\"Tiempo de lectura\" \/>\n\t<meta name=\"twitter:data2\" content=\"3 minutos\" \/>\n<script type=\"application\/ld+json\" class=\"yoast-schema-graph\">{\"@context\":\"https:\\\/\\\/schema.org\",\"@graph\":[{\"@type\":\"Article\",\"@id\":\"https:\\\/\\\/aldiachaco.com.ar\\\/index.php\\\/2026\\\/02\\\/20\\\/lucho-moser-cruzo-a-zdero-por-el-aumento-salarial-es-una-tomada-de-pelo\\\/#article\",\"isPartOf\":{\"@id\":\"https:\\\/\\\/aldiachaco.com.ar\\\/index.php\\\/2026\\\/02\\\/20\\\/lucho-moser-cruzo-a-zdero-por-el-aumento-salarial-es-una-tomada-de-pelo\\\/\"},\"author\":{\"name\":\"RedaccionRM\",\"@id\":\"https:\\\/\\\/aldiachaco.com.ar\\\/#\\\/schema\\\/person\\\/b24e975af8022082f5889a7a7299e962\"},\"headline\":\"Lucho Moser cruz\u00f3 a Zdero por el aumento salarial: &#8220;Es una tomada de pelo&#8221;\",\"datePublished\":\"2026-02-20T13:27:04+00:00\",\"mainEntityOfPage\":{\"@id\":\"https:\\\/\\\/aldiachaco.com.ar\\\/index.php\\\/2026\\\/02\\\/20\\\/lucho-moser-cruzo-a-zdero-por-el-aumento-salarial-es-una-tomada-de-pelo\\\/\"},\"wordCount\":471,\"commentCount\":0,\"publisher\":{\"@id\":\"https:\\\/\\\/aldiachaco.com.ar\\\/#organization\"},\"image\":{\"@id\":\"https:\\\/\\\/aldiachaco.com.ar\\\/index.php\\\/2026\\\/02\\\/20\\\/lucho-moser-cruzo-a-zdero-por-el-aumento-salarial-es-una-tomada-de-pelo\\\/#primaryimage\"},\"thumbnailUrl\":\"https:\\\/\\\/aldiachaco.com.ar\\\/wp-content\\\/uploads\\\/2026\\\/02\\\/WhatsApp-Image-2026-02-20-at-10.14.46.jpeg\",\"articleSection\":[\"Pol\u00edtica\"],\"inLanguage\":\"es-AR\",\"potentialAction\":[{\"@type\":\"CommentAction\",\"name\":\"Comment\",\"target\":[\"https:\\\/\\\/aldiachaco.com.ar\\\/index.php\\\/2026\\\/02\\\/20\\\/lucho-moser-cruzo-a-zdero-por-el-aumento-salarial-es-una-tomada-de-pelo\\\/#respond\"]}]},{\"@type\":\"WebPage\",\"@id\":\"https:\\\/\\\/aldiachaco.com.ar\\\/index.php\\\/2026\\\/02\\\/20\\\/lucho-moser-cruzo-a-zdero-por-el-aumento-salarial-es-una-tomada-de-pelo\\\/\",\"url\":\"https:\\\/\\\/aldiachaco.com.ar\\\/index.php\\\/2026\\\/02\\\/20\\\/lucho-moser-cruzo-a-zdero-por-el-aumento-salarial-es-una-tomada-de-pelo\\\/\",\"name\":\"Lucho Moser cruz\u00f3 a Zdero por el aumento salarial: \\\"Es una tomada de pelo\\\" | Al Dia Chaco\",\"isPartOf\":{\"@id\":\"https:\\\/\\\/aldiachaco.com.ar\\\/#website\"},\"primaryImageOfPage\":{\"@id\":\"https:\\\/\\\/aldiachaco.com.ar\\\/index.php\\\/2026\\\/02\\\/20\\\/lucho-moser-cruzo-a-zdero-por-el-aumento-salarial-es-una-tomada-de-pelo\\\/#primaryimage\"},\"image\":{\"@id\":\"https:\\\/\\\/aldiachaco.com.ar\\\/index.php\\\/2026\\\/02\\\/20\\\/lucho-moser-cruzo-a-zdero-por-el-aumento-salarial-es-una-tomada-de-pelo\\\/#primaryimage\"},\"thumbnailUrl\":\"https:\\\/\\\/aldiachaco.com.ar\\\/wp-content\\\/uploads\\\/2026\\\/02\\\/WhatsApp-Image-2026-02-20-at-10.14.46.jpeg\",\"datePublished\":\"2026-02-20T13:27:04+00:00\",\"breadcrumb\":{\"@id\":\"https:\\\/\\\/aldiachaco.com.ar\\\/index.php\\\/2026\\\/02\\\/20\\\/lucho-moser-cruzo-a-zdero-por-el-aumento-salarial-es-una-tomada-de-pelo\\\/#breadcrumb\"},\"inLanguage\":\"es-AR\",\"potentialAction\":[{\"@type\":\"ReadAction\",\"target\":[\"https:\\\/\\\/aldiachaco.com.ar\\\/index.php\\\/2026\\\/02\\\/20\\\/lucho-moser-cruzo-a-zdero-por-el-aumento-salarial-es-una-tomada-de-pelo\\\/\"]}]},{\"@type\":\"ImageObject\",\"inLanguage\":\"es-AR\",\"@id\":\"https:\\\/\\\/aldiachaco.com.ar\\\/index.php\\\/2026\\\/02\\\/20\\\/lucho-moser-cruzo-a-zdero-por-el-aumento-salarial-es-una-tomada-de-pelo\\\/#primaryimage\",\"url\":\"https:\\\/\\\/aldiachaco.com.ar\\\/wp-content\\\/uploads\\\/2026\\\/02\\\/WhatsApp-Image-2026-02-20-at-10.14.46.jpeg\",\"contentUrl\":\"https:\\\/\\\/aldiachaco.com.ar\\\/wp-content\\\/uploads\\\/2026\\\/02\\\/WhatsApp-Image-2026-02-20-at-10.14.46.jpeg\",\"width\":1000,\"height\":1500},{\"@type\":\"BreadcrumbList\",\"@id\":\"https:\\\/\\\/aldiachaco.com.ar\\\/index.php\\\/2026\\\/02\\\/20\\\/lucho-moser-cruzo-a-zdero-por-el-aumento-salarial-es-una-tomada-de-pelo\\\/#breadcrumb\",\"itemListElement\":[{\"@type\":\"ListItem\",\"position\":1,\"name\":\"Home\",\"item\":\"https:\\\/\\\/aldiachaco.com.ar\\\/\"},{\"@type\":\"ListItem\",\"position\":2,\"name\":\"Lucho Moser cruz\u00f3 a Zdero por el aumento salarial: &#8220;Es una tomada de pelo&#8221;\"}]},{\"@type\":\"WebSite\",\"@id\":\"https:\\\/\\\/aldiachaco.com.ar\\\/#website\",\"url\":\"https:\\\/\\\/aldiachaco.com.ar\\\/\",\"name\":\"Al Dia Chaco\",\"description\":\"Noticias del Chaco y el mundo\",\"publisher\":{\"@id\":\"https:\\\/\\\/aldiachaco.com.ar\\\/#organization\"},\"alternateName\":\"Al D\u00eda Chaco\",\"potentialAction\":[{\"@type\":\"SearchAction\",\"target\":{\"@type\":\"EntryPoint\",\"urlTemplate\":\"https:\\\/\\\/aldiachaco.com.ar\\\/?s={search_term_string}\"},\"query-input\":{\"@type\":\"PropertyValueSpecification\",\"valueRequired\":true,\"valueName\":\"search_term_string\"}}],\"inLanguage\":\"es-AR\"},{\"@type\":\"Organization\",\"@id\":\"https:\\\/\\\/aldiachaco.com.ar\\\/#organization\",\"name\":\"Al Dia Chaco\",\"url\":\"https:\\\/\\\/aldiachaco.com.ar\\\/\",\"logo\":{\"@type\":\"ImageObject\",\"inLanguage\":\"es-AR\",\"@id\":\"https:\\\/\\\/aldiachaco.com.ar\\\/#\\\/schema\\\/logo\\\/image\\\/\",\"url\":\"https:\\\/\\\/aldiachaco.com.ar\\\/wp-content\\\/uploads\\\/2017\\\/11\\\/AL-DIA-CHACO-L@2x.png\",\"contentUrl\":\"https:\\\/\\\/aldiachaco.com.ar\\\/wp-content\\\/uploads\\\/2017\\\/11\\\/AL-DIA-CHACO-L@2x.png\",\"width\":232,\"height\":60,\"caption\":\"Al Dia Chaco\"},\"image\":{\"@id\":\"https:\\\/\\\/aldiachaco.com.ar\\\/#\\\/schema\\\/logo\\\/image\\\/\"}},{\"@type\":\"Person\",\"@id\":\"https:\\\/\\\/aldiachaco.com.ar\\\/#\\\/schema\\\/person\\\/b24e975af8022082f5889a7a7299e962\",\"name\":\"RedaccionRM\",\"image\":{\"@type\":\"ImageObject\",\"inLanguage\":\"es-AR\",\"@id\":\"https:\\\/\\\/aldiachaco.com.ar\\\/wp-content\\\/litespeed\\\/avatar\\\/a30118fcb7a6295303f1c91164c6aba1.jpg?ver=1777339088\",\"url\":\"https:\\\/\\\/aldiachaco.com.ar\\\/wp-content\\\/litespeed\\\/avatar\\\/a30118fcb7a6295303f1c91164c6aba1.jpg?ver=1777339088\",\"contentUrl\":\"https:\\\/\\\/aldiachaco.com.ar\\\/wp-content\\\/litespeed\\\/avatar\\\/a30118fcb7a6295303f1c91164c6aba1.jpg?ver=1777339088\",\"caption\":\"RedaccionRM\"},\"url\":\"https:\\\/\\\/aldiachaco.com.ar\\\/index.php\\\/author\\\/redaccionrm\\\/\"}]}<\/script>\n<!-- \/ Yoast SEO plugin. -->","yoast_head_json":{"title":"Lucho Moser cruz\u00f3 a Zdero por el aumento salarial: \"Es una tomada de pelo\" | Al Dia Chaco","robots":{"index":"index","follow":"follow","max-snippet":"max-snippet:-1","max-image-preview":"max-image-preview:large","max-video-preview":"max-video-preview:-1"},"canonical":"https:\/\/aldiachaco.com.ar\/index.php\/2026\/02\/20\/lucho-moser-cruzo-a-zdero-por-el-aumento-salarial-es-una-tomada-de-pelo\/","og_locale":"es_ES","og_type":"article","og_title":"Lucho Moser cruz\u00f3 a Zdero por el aumento salarial: \"Es una tomada de pelo\" | Al Dia Chaco","og_description":"El diputado provincial del PJ, Lucho Moser, sali\u00f3 al cruce del anuncio del gobernador Leandro Zdero sobre la actualizaci\u00f3n salarial para empleados p\u00fablicos, y calific\u00f3 la medida como &#8220;insuficiente, poco seria y una tomada de pelo&#8221;. El incremento, del 3% para docentes y polic\u00edas en febrero, otro 3% para el Escalaf\u00f3n General en marzo y &hellip;","og_url":"https:\/\/aldiachaco.com.ar\/index.php\/2026\/02\/20\/lucho-moser-cruzo-a-zdero-por-el-aumento-salarial-es-una-tomada-de-pelo\/","og_site_name":"Al Dia Chaco","article_published_time":"2026-02-20T13:27:04+00:00","og_image":[{"width":1000,"height":1500,"url":"https:\/\/aldiachaco.com.ar\/wp-content\/uploads\/2026\/02\/WhatsApp-Image-2026-02-20-at-10.14.46.jpeg","type":"image\/jpeg"}],"author":"RedaccionRM","twitter_card":"summary_large_image","twitter_misc":{"Escrito por":"RedaccionRM","Tiempo de lectura":"3 minutos"},"schema":{"@context":"https:\/\/schema.org","@graph":[{"@type":"Article","@id":"https:\/\/aldiachaco.com.ar\/index.php\/2026\/02\/20\/lucho-moser-cruzo-a-zdero-por-el-aumento-salarial-es-una-tomada-de-pelo\/#article","isPartOf":{"@id":"https:\/\/aldiachaco.com.ar\/index.php\/2026\/02\/20\/lucho-moser-cruzo-a-zdero-por-el-aumento-salarial-es-una-tomada-de-pelo\/"},"author":{"name":"RedaccionRM","@id":"https:\/\/aldiachaco.com.ar\/#\/schema\/person\/b24e975af8022082f5889a7a7299e962"},"headline":"Lucho Moser cruz\u00f3 a Zdero por el aumento salarial: &#8220;Es una tomada de pelo&#8221;","datePublished":"2026-02-20T13:27:04+00:00","mainEntityOfPage":{"@id":"https:\/\/aldiachaco.com.ar\/index.php\/2026\/02\/20\/lucho-moser-cruzo-a-zdero-por-el-aumento-salarial-es-una-tomada-de-pelo\/"},"wordCount":471,"commentCount":0,"publisher":{"@id":"https:\/\/aldiachaco.com.ar\/#organization"},"image":{"@id":"https:\/\/aldiachaco.com.ar\/index.php\/2026\/02\/20\/lucho-moser-cruzo-a-zdero-por-el-aumento-salarial-es-una-tomada-de-pelo\/#primaryimage"},"thumbnailUrl":"https:\/\/aldiachaco.com.ar\/wp-content\/uploads\/2026\/02\/WhatsApp-Image-2026-02-20-at-10.14.46.jpeg","articleSection":["Pol\u00edtica"],"inLanguage":"es-AR","potentialAction":[{"@type":"CommentAction","name":"Comment","target":["https:\/\/aldiachaco.com.ar\/index.php\/2026\/02\/20\/lucho-moser-cruzo-a-zdero-por-el-aumento-salarial-es-una-tomada-de-pelo\/#respond"]}]},{"@type":"WebPage","@id":"https:\/\/aldiachaco.com.ar\/index.php\/2026\/02\/20\/lucho-moser-cruzo-a-zdero-por-el-aumento-salarial-es-una-tomada-de-pelo\/","url":"https:\/\/aldiachaco.com.ar\/index.php\/2026\/02\/20\/lucho-moser-cruzo-a-zdero-por-el-aumento-salarial-es-una-tomada-de-pelo\/","name":"Lucho Moser cruz\u00f3 a Zdero por el aumento salarial: \"Es una tomada de pelo\" | Al Dia Chaco","isPartOf":{"@id":"https:\/\/aldiachaco.com.ar\/#website"},"primaryImageOfPage":{"@id":"https:\/\/aldiachaco.com.ar\/index.php\/2026\/02\/20\/lucho-moser-cruzo-a-zdero-por-el-aumento-salarial-es-una-tomada-de-pelo\/#primaryimage"},"image":{"@id":"https:\/\/aldiachaco.com.ar\/index.php\/2026\/02\/20\/lucho-moser-cruzo-a-zdero-por-el-aumento-salarial-es-una-tomada-de-pelo\/#primaryimage"},"thumbnailUrl":"https:\/\/aldiachaco.com.ar\/wp-content\/uploads\/2026\/02\/WhatsApp-Image-2026-02-20-at-10.14.46.jpeg","datePublished":"2026-02-20T13:27:04+00:00","breadcrumb":{"@id":"https:\/\/aldiachaco.com.ar\/index.php\/2026\/02\/20\/lucho-moser-cruzo-a-zdero-por-el-aumento-salarial-es-una-tomada-de-pelo\/#breadcrumb"},"inLanguage":"es-AR","potentialAction":[{"@type":"ReadAction","target":["https:\/\/aldiachaco.com.ar\/index.php\/2026\/02\/20\/lucho-moser-cruzo-a-zdero-por-el-aumento-salarial-es-una-tomada-de-pelo\/"]}]},{"@type":"ImageObject","inLanguage":"es-AR","@id":"https:\/\/aldiachaco.com.ar\/index.php\/2026\/02\/20\/lucho-moser-cruzo-a-zdero-por-el-aumento-salarial-es-una-tomada-de-pelo\/#primaryimage","url":"https:\/\/aldiachaco.com.ar\/wp-content\/uploads\/2026\/02\/WhatsApp-Image-2026-02-20-at-10.14.46.jpeg","contentUrl":"https:\/\/aldiachaco.com.ar\/wp-content\/uploads\/2026\/02\/WhatsApp-Image-2026-02-20-at-10.14.46.jpeg","width":1000,"height":1500},{"@type":"BreadcrumbList","@id":"https:\/\/aldiachaco.com.ar\/index.php\/2026\/02\/20\/lucho-moser-cruzo-a-zdero-por-el-aumento-salarial-es-una-tomada-de-pelo\/#breadcrumb","itemListElement":[{"@type":"ListItem","position":1,"name":"Home","item":"https:\/\/aldiachaco.com.ar\/"},{"@type":"ListItem","position":2,"name":"Lucho Moser cruz\u00f3 a Zdero por el aumento salarial: &#8220;Es una tomada de pelo&#8221;"}]},{"@type":"WebSite","@id":"https:\/\/aldiachaco.com.ar\/#website","url":"https:\/\/aldiachaco.com.ar\/","name":"Al Dia Chaco","description":"Noticias del Chaco y el mundo","publisher":{"@id":"https:\/\/aldiachaco.com.ar\/#organization"},"alternateName":"Al D\u00eda Chaco","potentialAction":[{"@type":"SearchAction","target":{"@type":"EntryPoint","urlTemplate":"https:\/\/aldiachaco.com.ar\/?s={search_term_string}"},"query-input":{"@type":"PropertyValueSpecification","valueRequired":true,"valueName":"search_term_string"}}],"inLanguage":"es-AR"},{"@type":"Organization","@id":"https:\/\/aldiachaco.com.ar\/#organization","name":"Al Dia Chaco","url":"https:\/\/aldiachaco.com.ar\/","logo":{"@type":"ImageObject","inLanguage":"es-AR","@id":"https:\/\/aldiachaco.com.ar\/#\/schema\/logo\/image\/","url":"https:\/\/aldiachaco.com.ar\/wp-content\/uploads\/2017\/11\/AL-DIA-CHACO-L@2x.png","contentUrl":"https:\/\/aldiachaco.com.ar\/wp-content\/uploads\/2017\/11\/AL-DIA-CHACO-L@2x.png","width":232,"height":60,"caption":"Al Dia Chaco"},"image":{"@id":"https:\/\/aldiachaco.com.ar\/#\/schema\/logo\/image\/"}},{"@type":"Person","@id":"https:\/\/aldiachaco.com.ar\/#\/schema\/person\/b24e975af8022082f5889a7a7299e962","name":"RedaccionRM","image":{"@type":"ImageObject","inLanguage":"es-AR","@id":"https:\/\/aldiachaco.com.ar\/wp-content\/litespeed\/avatar\/a30118fcb7a6295303f1c91164c6aba1.jpg?ver=1777339088","url":"https:\/\/aldiachaco.com.ar\/wp-content\/litespeed\/avatar\/a30118fcb7a6295303f1c91164c6aba1.jpg?ver=1777339088","contentUrl":"https:\/\/aldiachaco.com.ar\/wp-content\/litespeed\/avatar\/a30118fcb7a6295303f1c91164c6aba1.jpg?ver=1777339088","caption":"RedaccionRM"},"url":"https:\/\/aldiachaco.com.ar\/index.php\/author\/redaccionrm\/"}]}},"jetpack_publicize_connections":[],"jetpack_featured_media_url":"https:\/\/aldiachaco.com.ar\/wp-content\/uploads\/2026\/02\/WhatsApp-Image-2026-02-20-at-10.14.46.jpeg","jetpack_sharing_enabled":true,"amp_enabled":true,"_links":{"self":[{"href":"https:\/\/aldiachaco.com.ar\/index.php\/wp-json\/wp\/v2\/posts\/117159","targetHints":{"allow":["GET"]}}],"collection":[{"href":"https:\/\/aldiachaco.com.ar\/index.php\/wp-json\/wp\/v2\/posts"}],"about":[{"href":"https:\/\/aldiachaco.com.ar\/index.php\/wp-json\/wp\/v2\/types\/post"}],"author":[{"embeddable":true,"href":"https:\/\/aldiachaco.com.ar\/index.php\/wp-json\/wp\/v2\/users\/9"}],"replies":[{"embeddable":true,"href":"https:\/\/aldiachaco.com.ar\/index.php\/wp-json\/wp\/v2\/comments?post=117159"}],"version-history":[{"count":2,"href":"https:\/\/aldiachaco.com.ar\/index.php\/wp-json\/wp\/v2\/posts\/117159\/revisions"}],"predecessor-version":[{"id":117162,"href":"https:\/\/aldiachaco.com.ar\/index.php\/wp-json\/wp\/v2\/posts\/117159\/revisions\/117162"}],"wp:featuredmedia":[{"embeddable":true,"href":"https:\/\/aldiachaco.com.ar\/index.php\/wp-json\/wp\/v2\/media\/117160"}],"wp:attachment":[{"href":"https:\/\/aldiachaco.com.ar\/index.php\/wp-json\/wp\/v2\/media?parent=117159"}],"wp:term":[{"taxonomy":"category","embeddable":true,"href":"https:\/\/aldiachaco.com.ar\/index.php\/wp-json\/wp\/v2\/categories?post=117159"},{"taxonomy":"post_tag","embeddable":true,"href":"https:\/\/aldiachaco.com.ar\/index.php\/wp-json\/wp\/v2\/tags?post=117159"}],"curies":[{"name":"wp","href":"https:\/\/api.w.org\/{rel}","templated":true}]}}