{"id":117153,"date":"2026-02-20T09:17:50","date_gmt":"2026-02-20T12:17:50","guid":{"rendered":"https:\/\/aldiachaco.com.ar\/?p=117153"},"modified":"2026-02-20T09:17:50","modified_gmt":"2026-02-20T12:17:50","slug":"trump-ordeno-desclasificar-archivos-gubernamentales-sobre-ovnis-y-vida-extraterrestre","status":"publish","type":"post","link":"https:\/\/aldiachaco.com.ar\/index.php\/2026\/02\/20\/trump-ordeno-desclasificar-archivos-gubernamentales-sobre-ovnis-y-vida-extraterrestre\/","title":{"rendered":"Trump orden\u00f3 desclasificar archivos gubernamentales sobre ovnis y vida extraterrestre"},"content":{"rendered":"<p class=\"ds-markdown-paragraph\">El presidente de Estados Unidos, Donald Trump, orden\u00f3 a las agencias federales comenzar a &#8220;identificar y liberar&#8221; archivos gubernamentales relacionados con ovnis, fen\u00f3menos a\u00e9reos no identificados (UAP) y vida extraterrestre. El anuncio fue realizado a trav\u00e9s de su plataforma Truth Social.<\/p>\n<p class=\"ds-markdown-paragraph\">&#8220;Debido al enorme inter\u00e9s mostrado, ordenar\u00e9 al Secretario de Guerra y a otros departamentos y agencias pertinentes que inicien el proceso de identificaci\u00f3n y publicaci\u00f3n de archivos gubernamentales relacionados con vida alien\u00edgena y extraterrestre, fen\u00f3menos a\u00e9reos no identificados (UAP) y objetos voladores no identificados (OVNI)&#8221;, escribi\u00f3 el mandatario.<\/p>\n<p class=\"ds-markdown-paragraph\">Trump no precis\u00f3 si los documentos clasificados se har\u00e1n p\u00fablicos en su totalidad, pero se\u00f1al\u00f3 que los archivos deber\u00edan incluir &#8220;toda la dem\u00e1s informaci\u00f3n relacionada con estos asuntos altamente complejos, pero extremadamente interesantes e importantes&#8221;.<\/p>\n<p class=\"ds-markdown-paragraph\"><strong>El trasfondo de la decisi\u00f3n<\/strong><\/p>\n<p class=\"ds-markdown-paragraph\">El anuncio lleg\u00f3 despu\u00e9s de que Trump acusara p\u00fablicamente a su antecesor, Barack Obama, de divulgar informaci\u00f3n clasificada al hablar sobre la posible existencia de extraterrestres durante una entrevista con el presentador Brian Tyler Cohen. En esa conversaci\u00f3n, Obama fue consultado directamente sobre la existencia de extraterrestres y respondi\u00f3: &#8220;Son reales, pero no los he visto, y no est\u00e1n siendo guardados en el \u00c1rea 51. No existe una instalaci\u00f3n subterr\u00e1nea secreta, a menos que haya una enorme conspiraci\u00f3n y se lo hayan ocultado al presidente de Estados Unidos&#8221;.<\/p>\n<p class=\"ds-markdown-paragraph\">Trump calific\u00f3 esas declaraciones como un &#8220;gran error&#8221; y sostuvo que Obama incurri\u00f3 en una infracci\u00f3n al referirse a un tema que, a su juicio, deber\u00eda mantenerse bajo secreto oficial.<\/p>\n<p class=\"ds-markdown-paragraph\">Posteriormente, Obama matiz\u00f3 sus palabras en Instagram, explicando que su postura sobre la posibilidad de vida extraterrestre se basa en probabilidades estad\u00edsticas y no en informaci\u00f3n confidencial. &#8220;El universo es tan grande que las probabilidades de que haya vida son altas, pero las posibilidades de que nos hayan visitado son bajas. No vi ninguna evidencia durante mi presidencia de que hayan hecho contacto con nosotros. Realmente&#8221;, escribi\u00f3.<\/p>\n<p class=\"ds-markdown-paragraph\"><strong>Antecedentes y contexto<\/strong><\/p>\n<p class=\"ds-markdown-paragraph\">El debate sobre la existencia de vida fuera de la Tierra y la transparencia gubernamental respecto de fen\u00f3menos a\u00e9reos no identificados es recurrente en la pol\u00edtica estadounidense. La base militar conocida como \u00c1rea 51, en Nevada, concentra numerosas teor\u00edas conspirativas sobre supuestos experimentos con tecnolog\u00eda alien\u00edgena.<\/p>\n<p class=\"ds-markdown-paragraph\">Sin embargo, archivos desclasificados en 2013 por la CIA indicaron que la instalaci\u00f3n funcion\u00f3 como centro de pruebas de aeronaves esp\u00eda durante la Guerra Fr\u00eda, sin aportar evidencia sobre vida extraterrestre.<\/p>\n<p class=\"ds-markdown-paragraph\">Consultado nuevamente sobre el tema, Trump afirm\u00f3 que no tiene una postura definida acerca de la existencia de seres no humanos y neg\u00f3 haber visto pruebas concluyentes durante su administraci\u00f3n. &#8220;No s\u00e9 si son reales o no&#8221;, declar\u00f3.<\/p>\n<p class=\"ds-markdown-paragraph\">El inter\u00e9s oficial por estos fen\u00f3menos aument\u00f3 en los \u00faltimos a\u00f1os a partir de investigaciones del Departamento de Defensa. Un informe publicado en 2024 concluy\u00f3 que los an\u00e1lisis desde el final de la Segunda Guerra Mundial no encontraron evidencia de tecnolog\u00eda extraterrestre, atribuyendo la mayor\u00eda de los avistamientos a fen\u00f3menos naturales o artefactos convencionales mal interpretados.<\/p>\n<p class=\"ds-markdown-paragraph\">La eventual publicaci\u00f3n de estos archivos podr\u00eda constituir una de las mayores aperturas de informaci\u00f3n gubernamental sobre ovnis en la historia de Estados Unidos.<\/p>\n","protected":false},"excerpt":{"rendered":"<p>El presidente de Estados Unidos, Donald Trump, orden\u00f3 a las agencias federales comenzar a &#8220;identificar y liberar&#8221; archivos gubernamentales relacionados con ovnis, fen\u00f3menos a\u00e9reos no identificados (UAP) y vida extraterrestre. El anuncio fue realizado a trav\u00e9s de su plataforma Truth Social. &#8220;Debido al enorme inter\u00e9s mostrado, ordenar\u00e9 al Secretario de Guerra y a otros departamentos &hellip;<\/p>\n","protected":false},"author":9,"featured_media":117154,"comment_status":"open","ping_status":"open","sticky":false,"template":"","format":"standard","meta":{"content-type":"","_monsterinsights_skip_tracking":false,"_monsterinsights_sitenote_active":false,"_monsterinsights_sitenote_note":"","_monsterinsights_sitenote_category":0,"_jetpack_memberships_contains_paid_content":false,"footnotes":"","jetpack_publicize_message":"","jetpack_publicize_feature_enabled":true,"jetpack_social_post_already_shared":true,"jetpack_social_options":{"image_generator_settings":{"template":"highway","default_image_id":0,"font":"","enabled":false},"version":2}},"categories":[271],"tags":[],"class_list":["post-117153","post","type-post","status-publish","format-standard","has-post-thumbnail","hentry","category-mundo"],"yoast_head":"<!-- This site is optimized with the Yoast SEO plugin v27.4 - https:\/\/yoast.com\/product\/yoast-seo-wordpress\/ -->\n<title>Trump orden\u00f3 desclasificar archivos gubernamentales sobre ovnis y vida extraterrestre | Al Dia Chaco<\/title>\n<meta name=\"robots\" content=\"index, follow, max-snippet:-1, max-image-preview:large, max-video-preview:-1\" \/>\n<link rel=\"canonical\" href=\"https:\/\/aldiachaco.com.ar\/index.php\/2026\/02\/20\/trump-ordeno-desclasificar-archivos-gubernamentales-sobre-ovnis-y-vida-extraterrestre\/\" \/>\n<meta property=\"og:locale\" content=\"es_ES\" \/>\n<meta property=\"og:type\" content=\"article\" \/>\n<meta property=\"og:title\" content=\"Trump orden\u00f3 desclasificar archivos gubernamentales sobre ovnis y vida extraterrestre | Al Dia Chaco\" \/>\n<meta property=\"og:description\" content=\"El presidente de Estados Unidos, Donald Trump, orden\u00f3 a las agencias federales comenzar a &#8220;identificar y liberar&#8221; archivos gubernamentales relacionados con ovnis, fen\u00f3menos a\u00e9reos no identificados (UAP) y vida extraterrestre. El anuncio fue realizado a trav\u00e9s de su plataforma Truth Social. &#8220;Debido al enorme inter\u00e9s mostrado, ordenar\u00e9 al Secretario de Guerra y a otros departamentos &hellip;\" \/>\n<meta property=\"og:url\" content=\"https:\/\/aldiachaco.com.ar\/index.php\/2026\/02\/20\/trump-ordeno-desclasificar-archivos-gubernamentales-sobre-ovnis-y-vida-extraterrestre\/\" \/>\n<meta property=\"og:site_name\" content=\"Al Dia Chaco\" \/>\n<meta property=\"article:published_time\" content=\"2026-02-20T12:17:50+00:00\" \/>\n<meta property=\"og:image\" content=\"https:\/\/aldiachaco.com.ar\/wp-content\/uploads\/2026\/02\/2002extraterrestres.jpg\" \/>\n\t<meta property=\"og:image:width\" content=\"950\" \/>\n\t<meta property=\"og:image:height\" content=\"475\" \/>\n\t<meta property=\"og:image:type\" content=\"image\/jpeg\" \/>\n<meta name=\"author\" content=\"RedaccionRM\" \/>\n<meta name=\"twitter:card\" content=\"summary_large_image\" \/>\n<meta name=\"twitter:label1\" content=\"Escrito por\" \/>\n\t<meta name=\"twitter:data1\" content=\"RedaccionRM\" \/>\n\t<meta name=\"twitter:label2\" content=\"Tiempo de lectura\" \/>\n\t<meta name=\"twitter:data2\" content=\"3 minutos\" \/>\n<script type=\"application\/ld+json\" class=\"yoast-schema-graph\">{\"@context\":\"https:\\\/\\\/schema.org\",\"@graph\":[{\"@type\":\"Article\",\"@id\":\"https:\\\/\\\/aldiachaco.com.ar\\\/index.php\\\/2026\\\/02\\\/20\\\/trump-ordeno-desclasificar-archivos-gubernamentales-sobre-ovnis-y-vida-extraterrestre\\\/#article\",\"isPartOf\":{\"@id\":\"https:\\\/\\\/aldiachaco.com.ar\\\/index.php\\\/2026\\\/02\\\/20\\\/trump-ordeno-desclasificar-archivos-gubernamentales-sobre-ovnis-y-vida-extraterrestre\\\/\"},\"author\":{\"name\":\"RedaccionRM\",\"@id\":\"https:\\\/\\\/aldiachaco.com.ar\\\/#\\\/schema\\\/person\\\/b24e975af8022082f5889a7a7299e962\"},\"headline\":\"Trump orden\u00f3 desclasificar archivos gubernamentales sobre ovnis y vida extraterrestre\",\"datePublished\":\"2026-02-20T12:17:50+00:00\",\"mainEntityOfPage\":{\"@id\":\"https:\\\/\\\/aldiachaco.com.ar\\\/index.php\\\/2026\\\/02\\\/20\\\/trump-ordeno-desclasificar-archivos-gubernamentales-sobre-ovnis-y-vida-extraterrestre\\\/\"},\"wordCount\":566,\"commentCount\":0,\"publisher\":{\"@id\":\"https:\\\/\\\/aldiachaco.com.ar\\\/#organization\"},\"image\":{\"@id\":\"https:\\\/\\\/aldiachaco.com.ar\\\/index.php\\\/2026\\\/02\\\/20\\\/trump-ordeno-desclasificar-archivos-gubernamentales-sobre-ovnis-y-vida-extraterrestre\\\/#primaryimage\"},\"thumbnailUrl\":\"https:\\\/\\\/aldiachaco.com.ar\\\/wp-content\\\/uploads\\\/2026\\\/02\\\/2002extraterrestres.jpg\",\"articleSection\":[\"Mundo\"],\"inLanguage\":\"es-AR\",\"potentialAction\":[{\"@type\":\"CommentAction\",\"name\":\"Comment\",\"target\":[\"https:\\\/\\\/aldiachaco.com.ar\\\/index.php\\\/2026\\\/02\\\/20\\\/trump-ordeno-desclasificar-archivos-gubernamentales-sobre-ovnis-y-vida-extraterrestre\\\/#respond\"]}]},{\"@type\":\"WebPage\",\"@id\":\"https:\\\/\\\/aldiachaco.com.ar\\\/index.php\\\/2026\\\/02\\\/20\\\/trump-ordeno-desclasificar-archivos-gubernamentales-sobre-ovnis-y-vida-extraterrestre\\\/\",\"url\":\"https:\\\/\\\/aldiachaco.com.ar\\\/index.php\\\/2026\\\/02\\\/20\\\/trump-ordeno-desclasificar-archivos-gubernamentales-sobre-ovnis-y-vida-extraterrestre\\\/\",\"name\":\"Trump orden\u00f3 desclasificar archivos gubernamentales sobre ovnis y vida extraterrestre | Al Dia Chaco\",\"isPartOf\":{\"@id\":\"https:\\\/\\\/aldiachaco.com.ar\\\/#website\"},\"primaryImageOfPage\":{\"@id\":\"https:\\\/\\\/aldiachaco.com.ar\\\/index.php\\\/2026\\\/02\\\/20\\\/trump-ordeno-desclasificar-archivos-gubernamentales-sobre-ovnis-y-vida-extraterrestre\\\/#primaryimage\"},\"image\":{\"@id\":\"https:\\\/\\\/aldiachaco.com.ar\\\/index.php\\\/2026\\\/02\\\/20\\\/trump-ordeno-desclasificar-archivos-gubernamentales-sobre-ovnis-y-vida-extraterrestre\\\/#primaryimage\"},\"thumbnailUrl\":\"https:\\\/\\\/aldiachaco.com.ar\\\/wp-content\\\/uploads\\\/2026\\\/02\\\/2002extraterrestres.jpg\",\"datePublished\":\"2026-02-20T12:17:50+00:00\",\"breadcrumb\":{\"@id\":\"https:\\\/\\\/aldiachaco.com.ar\\\/index.php\\\/2026\\\/02\\\/20\\\/trump-ordeno-desclasificar-archivos-gubernamentales-sobre-ovnis-y-vida-extraterrestre\\\/#breadcrumb\"},\"inLanguage\":\"es-AR\",\"potentialAction\":[{\"@type\":\"ReadAction\",\"target\":[\"https:\\\/\\\/aldiachaco.com.ar\\\/index.php\\\/2026\\\/02\\\/20\\\/trump-ordeno-desclasificar-archivos-gubernamentales-sobre-ovnis-y-vida-extraterrestre\\\/\"]}]},{\"@type\":\"ImageObject\",\"inLanguage\":\"es-AR\",\"@id\":\"https:\\\/\\\/aldiachaco.com.ar\\\/index.php\\\/2026\\\/02\\\/20\\\/trump-ordeno-desclasificar-archivos-gubernamentales-sobre-ovnis-y-vida-extraterrestre\\\/#primaryimage\",\"url\":\"https:\\\/\\\/aldiachaco.com.ar\\\/wp-content\\\/uploads\\\/2026\\\/02\\\/2002extraterrestres.jpg\",\"contentUrl\":\"https:\\\/\\\/aldiachaco.com.ar\\\/wp-content\\\/uploads\\\/2026\\\/02\\\/2002extraterrestres.jpg\",\"width\":950,\"height\":475},{\"@type\":\"BreadcrumbList\",\"@id\":\"https:\\\/\\\/aldiachaco.com.ar\\\/index.php\\\/2026\\\/02\\\/20\\\/trump-ordeno-desclasificar-archivos-gubernamentales-sobre-ovnis-y-vida-extraterrestre\\\/#breadcrumb\",\"itemListElement\":[{\"@type\":\"ListItem\",\"position\":1,\"name\":\"Home\",\"item\":\"https:\\\/\\\/aldiachaco.com.ar\\\/\"},{\"@type\":\"ListItem\",\"position\":2,\"name\":\"Trump orden\u00f3 desclasificar archivos gubernamentales sobre ovnis y vida extraterrestre\"}]},{\"@type\":\"WebSite\",\"@id\":\"https:\\\/\\\/aldiachaco.com.ar\\\/#website\",\"url\":\"https:\\\/\\\/aldiachaco.com.ar\\\/\",\"name\":\"Al Dia Chaco\",\"description\":\"Noticias del Chaco y el mundo\",\"publisher\":{\"@id\":\"https:\\\/\\\/aldiachaco.com.ar\\\/#organization\"},\"alternateName\":\"Al D\u00eda Chaco\",\"potentialAction\":[{\"@type\":\"SearchAction\",\"target\":{\"@type\":\"EntryPoint\",\"urlTemplate\":\"https:\\\/\\\/aldiachaco.com.ar\\\/?s={search_term_string}\"},\"query-input\":{\"@type\":\"PropertyValueSpecification\",\"valueRequired\":true,\"valueName\":\"search_term_string\"}}],\"inLanguage\":\"es-AR\"},{\"@type\":\"Organization\",\"@id\":\"https:\\\/\\\/aldiachaco.com.ar\\\/#organization\",\"name\":\"Al Dia Chaco\",\"url\":\"https:\\\/\\\/aldiachaco.com.ar\\\/\",\"logo\":{\"@type\":\"ImageObject\",\"inLanguage\":\"es-AR\",\"@id\":\"https:\\\/\\\/aldiachaco.com.ar\\\/#\\\/schema\\\/logo\\\/image\\\/\",\"url\":\"https:\\\/\\\/aldiachaco.com.ar\\\/wp-content\\\/uploads\\\/2017\\\/11\\\/AL-DIA-CHACO-L@2x.png\",\"contentUrl\":\"https:\\\/\\\/aldiachaco.com.ar\\\/wp-content\\\/uploads\\\/2017\\\/11\\\/AL-DIA-CHACO-L@2x.png\",\"width\":232,\"height\":60,\"caption\":\"Al Dia Chaco\"},\"image\":{\"@id\":\"https:\\\/\\\/aldiachaco.com.ar\\\/#\\\/schema\\\/logo\\\/image\\\/\"}},{\"@type\":\"Person\",\"@id\":\"https:\\\/\\\/aldiachaco.com.ar\\\/#\\\/schema\\\/person\\\/b24e975af8022082f5889a7a7299e962\",\"name\":\"RedaccionRM\",\"image\":{\"@type\":\"ImageObject\",\"inLanguage\":\"es-AR\",\"@id\":\"https:\\\/\\\/aldiachaco.com.ar\\\/wp-content\\\/litespeed\\\/avatar\\\/a30118fcb7a6295303f1c91164c6aba1.jpg?ver=1777339088\",\"url\":\"https:\\\/\\\/aldiachaco.com.ar\\\/wp-content\\\/litespeed\\\/avatar\\\/a30118fcb7a6295303f1c91164c6aba1.jpg?ver=1777339088\",\"contentUrl\":\"https:\\\/\\\/aldiachaco.com.ar\\\/wp-content\\\/litespeed\\\/avatar\\\/a30118fcb7a6295303f1c91164c6aba1.jpg?ver=1777339088\",\"caption\":\"RedaccionRM\"},\"url\":\"https:\\\/\\\/aldiachaco.com.ar\\\/index.php\\\/author\\\/redaccionrm\\\/\"}]}<\/script>\n<!-- \/ Yoast SEO plugin. -->","yoast_head_json":{"title":"Trump orden\u00f3 desclasificar archivos gubernamentales sobre ovnis y vida extraterrestre | Al Dia Chaco","robots":{"index":"index","follow":"follow","max-snippet":"max-snippet:-1","max-image-preview":"max-image-preview:large","max-video-preview":"max-video-preview:-1"},"canonical":"https:\/\/aldiachaco.com.ar\/index.php\/2026\/02\/20\/trump-ordeno-desclasificar-archivos-gubernamentales-sobre-ovnis-y-vida-extraterrestre\/","og_locale":"es_ES","og_type":"article","og_title":"Trump orden\u00f3 desclasificar archivos gubernamentales sobre ovnis y vida extraterrestre | Al Dia Chaco","og_description":"El presidente de Estados Unidos, Donald Trump, orden\u00f3 a las agencias federales comenzar a &#8220;identificar y liberar&#8221; archivos gubernamentales relacionados con ovnis, fen\u00f3menos a\u00e9reos no identificados (UAP) y vida extraterrestre. El anuncio fue realizado a trav\u00e9s de su plataforma Truth Social. &#8220;Debido al enorme inter\u00e9s mostrado, ordenar\u00e9 al Secretario de Guerra y a otros departamentos &hellip;","og_url":"https:\/\/aldiachaco.com.ar\/index.php\/2026\/02\/20\/trump-ordeno-desclasificar-archivos-gubernamentales-sobre-ovnis-y-vida-extraterrestre\/","og_site_name":"Al Dia Chaco","article_published_time":"2026-02-20T12:17:50+00:00","og_image":[{"width":950,"height":475,"url":"https:\/\/aldiachaco.com.ar\/wp-content\/uploads\/2026\/02\/2002extraterrestres.jpg","type":"image\/jpeg"}],"author":"RedaccionRM","twitter_card":"summary_large_image","twitter_misc":{"Escrito por":"RedaccionRM","Tiempo de lectura":"3 minutos"},"schema":{"@context":"https:\/\/schema.org","@graph":[{"@type":"Article","@id":"https:\/\/aldiachaco.com.ar\/index.php\/2026\/02\/20\/trump-ordeno-desclasificar-archivos-gubernamentales-sobre-ovnis-y-vida-extraterrestre\/#article","isPartOf":{"@id":"https:\/\/aldiachaco.com.ar\/index.php\/2026\/02\/20\/trump-ordeno-desclasificar-archivos-gubernamentales-sobre-ovnis-y-vida-extraterrestre\/"},"author":{"name":"RedaccionRM","@id":"https:\/\/aldiachaco.com.ar\/#\/schema\/person\/b24e975af8022082f5889a7a7299e962"},"headline":"Trump orden\u00f3 desclasificar archivos gubernamentales sobre ovnis y vida extraterrestre","datePublished":"2026-02-20T12:17:50+00:00","mainEntityOfPage":{"@id":"https:\/\/aldiachaco.com.ar\/index.php\/2026\/02\/20\/trump-ordeno-desclasificar-archivos-gubernamentales-sobre-ovnis-y-vida-extraterrestre\/"},"wordCount":566,"commentCount":0,"publisher":{"@id":"https:\/\/aldiachaco.com.ar\/#organization"},"image":{"@id":"https:\/\/aldiachaco.com.ar\/index.php\/2026\/02\/20\/trump-ordeno-desclasificar-archivos-gubernamentales-sobre-ovnis-y-vida-extraterrestre\/#primaryimage"},"thumbnailUrl":"https:\/\/aldiachaco.com.ar\/wp-content\/uploads\/2026\/02\/2002extraterrestres.jpg","articleSection":["Mundo"],"inLanguage":"es-AR","potentialAction":[{"@type":"CommentAction","name":"Comment","target":["https:\/\/aldiachaco.com.ar\/index.php\/2026\/02\/20\/trump-ordeno-desclasificar-archivos-gubernamentales-sobre-ovnis-y-vida-extraterrestre\/#respond"]}]},{"@type":"WebPage","@id":"https:\/\/aldiachaco.com.ar\/index.php\/2026\/02\/20\/trump-ordeno-desclasificar-archivos-gubernamentales-sobre-ovnis-y-vida-extraterrestre\/","url":"https:\/\/aldiachaco.com.ar\/index.php\/2026\/02\/20\/trump-ordeno-desclasificar-archivos-gubernamentales-sobre-ovnis-y-vida-extraterrestre\/","name":"Trump orden\u00f3 desclasificar archivos gubernamentales sobre ovnis y vida extraterrestre | Al Dia Chaco","isPartOf":{"@id":"https:\/\/aldiachaco.com.ar\/#website"},"primaryImageOfPage":{"@id":"https:\/\/aldiachaco.com.ar\/index.php\/2026\/02\/20\/trump-ordeno-desclasificar-archivos-gubernamentales-sobre-ovnis-y-vida-extraterrestre\/#primaryimage"},"image":{"@id":"https:\/\/aldiachaco.com.ar\/index.php\/2026\/02\/20\/trump-ordeno-desclasificar-archivos-gubernamentales-sobre-ovnis-y-vida-extraterrestre\/#primaryimage"},"thumbnailUrl":"https:\/\/aldiachaco.com.ar\/wp-content\/uploads\/2026\/02\/2002extraterrestres.jpg","datePublished":"2026-02-20T12:17:50+00:00","breadcrumb":{"@id":"https:\/\/aldiachaco.com.ar\/index.php\/2026\/02\/20\/trump-ordeno-desclasificar-archivos-gubernamentales-sobre-ovnis-y-vida-extraterrestre\/#breadcrumb"},"inLanguage":"es-AR","potentialAction":[{"@type":"ReadAction","target":["https:\/\/aldiachaco.com.ar\/index.php\/2026\/02\/20\/trump-ordeno-desclasificar-archivos-gubernamentales-sobre-ovnis-y-vida-extraterrestre\/"]}]},{"@type":"ImageObject","inLanguage":"es-AR","@id":"https:\/\/aldiachaco.com.ar\/index.php\/2026\/02\/20\/trump-ordeno-desclasificar-archivos-gubernamentales-sobre-ovnis-y-vida-extraterrestre\/#primaryimage","url":"https:\/\/aldiachaco.com.ar\/wp-content\/uploads\/2026\/02\/2002extraterrestres.jpg","contentUrl":"https:\/\/aldiachaco.com.ar\/wp-content\/uploads\/2026\/02\/2002extraterrestres.jpg","width":950,"height":475},{"@type":"BreadcrumbList","@id":"https:\/\/aldiachaco.com.ar\/index.php\/2026\/02\/20\/trump-ordeno-desclasificar-archivos-gubernamentales-sobre-ovnis-y-vida-extraterrestre\/#breadcrumb","itemListElement":[{"@type":"ListItem","position":1,"name":"Home","item":"https:\/\/aldiachaco.com.ar\/"},{"@type":"ListItem","position":2,"name":"Trump orden\u00f3 desclasificar archivos gubernamentales sobre ovnis y vida extraterrestre"}]},{"@type":"WebSite","@id":"https:\/\/aldiachaco.com.ar\/#website","url":"https:\/\/aldiachaco.com.ar\/","name":"Al Dia Chaco","description":"Noticias del Chaco y el mundo","publisher":{"@id":"https:\/\/aldiachaco.com.ar\/#organization"},"alternateName":"Al D\u00eda Chaco","potentialAction":[{"@type":"SearchAction","target":{"@type":"EntryPoint","urlTemplate":"https:\/\/aldiachaco.com.ar\/?s={search_term_string}"},"query-input":{"@type":"PropertyValueSpecification","valueRequired":true,"valueName":"search_term_string"}}],"inLanguage":"es-AR"},{"@type":"Organization","@id":"https:\/\/aldiachaco.com.ar\/#organization","name":"Al Dia Chaco","url":"https:\/\/aldiachaco.com.ar\/","logo":{"@type":"ImageObject","inLanguage":"es-AR","@id":"https:\/\/aldiachaco.com.ar\/#\/schema\/logo\/image\/","url":"https:\/\/aldiachaco.com.ar\/wp-content\/uploads\/2017\/11\/AL-DIA-CHACO-L@2x.png","contentUrl":"https:\/\/aldiachaco.com.ar\/wp-content\/uploads\/2017\/11\/AL-DIA-CHACO-L@2x.png","width":232,"height":60,"caption":"Al Dia Chaco"},"image":{"@id":"https:\/\/aldiachaco.com.ar\/#\/schema\/logo\/image\/"}},{"@type":"Person","@id":"https:\/\/aldiachaco.com.ar\/#\/schema\/person\/b24e975af8022082f5889a7a7299e962","name":"RedaccionRM","image":{"@type":"ImageObject","inLanguage":"es-AR","@id":"https:\/\/aldiachaco.com.ar\/wp-content\/litespeed\/avatar\/a30118fcb7a6295303f1c91164c6aba1.jpg?ver=1777339088","url":"https:\/\/aldiachaco.com.ar\/wp-content\/litespeed\/avatar\/a30118fcb7a6295303f1c91164c6aba1.jpg?ver=1777339088","contentUrl":"https:\/\/aldiachaco.com.ar\/wp-content\/litespeed\/avatar\/a30118fcb7a6295303f1c91164c6aba1.jpg?ver=1777339088","caption":"RedaccionRM"},"url":"https:\/\/aldiachaco.com.ar\/index.php\/author\/redaccionrm\/"}]}},"jetpack_publicize_connections":[],"jetpack_featured_media_url":"https:\/\/aldiachaco.com.ar\/wp-content\/uploads\/2026\/02\/2002extraterrestres.jpg","jetpack_sharing_enabled":true,"amp_enabled":true,"_links":{"self":[{"href":"https:\/\/aldiachaco.com.ar\/index.php\/wp-json\/wp\/v2\/posts\/117153","targetHints":{"allow":["GET"]}}],"collection":[{"href":"https:\/\/aldiachaco.com.ar\/index.php\/wp-json\/wp\/v2\/posts"}],"about":[{"href":"https:\/\/aldiachaco.com.ar\/index.php\/wp-json\/wp\/v2\/types\/post"}],"author":[{"embeddable":true,"href":"https:\/\/aldiachaco.com.ar\/index.php\/wp-json\/wp\/v2\/users\/9"}],"replies":[{"embeddable":true,"href":"https:\/\/aldiachaco.com.ar\/index.php\/wp-json\/wp\/v2\/comments?post=117153"}],"version-history":[{"count":1,"href":"https:\/\/aldiachaco.com.ar\/index.php\/wp-json\/wp\/v2\/posts\/117153\/revisions"}],"predecessor-version":[{"id":117155,"href":"https:\/\/aldiachaco.com.ar\/index.php\/wp-json\/wp\/v2\/posts\/117153\/revisions\/117155"}],"wp:featuredmedia":[{"embeddable":true,"href":"https:\/\/aldiachaco.com.ar\/index.php\/wp-json\/wp\/v2\/media\/117154"}],"wp:attachment":[{"href":"https:\/\/aldiachaco.com.ar\/index.php\/wp-json\/wp\/v2\/media?parent=117153"}],"wp:term":[{"taxonomy":"category","embeddable":true,"href":"https:\/\/aldiachaco.com.ar\/index.php\/wp-json\/wp\/v2\/categories?post=117153"},{"taxonomy":"post_tag","embeddable":true,"href":"https:\/\/aldiachaco.com.ar\/index.php\/wp-json\/wp\/v2\/tags?post=117153"}],"curies":[{"name":"wp","href":"https:\/\/api.w.org\/{rel}","templated":true}]}}