{"id":117140,"date":"2026-02-19T12:02:50","date_gmt":"2026-02-19T15:02:50","guid":{"rendered":"https:\/\/aldiachaco.com.ar\/?p=117140"},"modified":"2026-02-19T12:02:50","modified_gmt":"2026-02-19T15:02:50","slug":"actualizacion-salarial-el-gobierno-provincial-anuncio-incrementos-para-trabajadores-estatales","status":"publish","type":"post","link":"https:\/\/aldiachaco.com.ar\/index.php\/2026\/02\/19\/actualizacion-salarial-el-gobierno-provincial-anuncio-incrementos-para-trabajadores-estatales\/","title":{"rendered":"Actualizaci\u00f3n salarial: el Gobierno provincial anunci\u00f3 incrementos para trabajadores estatales"},"content":{"rendered":"<p class=\"ds-markdown-paragraph\">El Gobierno de la provincia del Chaco anunci\u00f3 una actualizaci\u00f3n salarial para trabajadores del Estado, en un contexto econ\u00f3mico complejo y con recursos limitados. Desde el Ejecutivo se\u00f1alaron que la medida implica un importante esfuerzo financiero, mientras la provincia contin\u00faa afrontando y pagando una pesada herencia econ\u00f3mica.<\/p>\n<p class=\"ds-markdown-paragraph\"><strong>El esquema de incrementos<\/strong><\/p>\n<p class=\"ds-markdown-paragraph\">El aumento se aplicar\u00e1 de manera escalonada durante los pr\u00f3ximos meses, seg\u00fan el siguiente detalle:<\/p>\n<ul>\n<li>\n<p class=\"ds-markdown-paragraph\"><strong>Febrero:<\/strong>\u00a0aumento del 3% para docentes y personal policial.<\/p>\n<\/li>\n<li>\n<p class=\"ds-markdown-paragraph\"><strong>Marzo:<\/strong>\u00a0actualizaci\u00f3n salarial del 3% para trabajadores del Escalaf\u00f3n General.<\/p>\n<\/li>\n<li>\n<p class=\"ds-markdown-paragraph\"><strong>Abril:<\/strong>\u00a0incremento del 2% para todos los sectores de la administraci\u00f3n p\u00fablica, incluyendo docentes, polic\u00edas y personal administrativo.<\/p>\n<\/li>\n<\/ul>\n<p class=\"ds-markdown-paragraph\">Adem\u00e1s, el Gobierno remarc\u00f3 su compromiso con los docentes que concurren a dar clases. En ese marco, el concepto &#8220;Aula&#8221; para el sector docente se incrementar\u00e1 de 400 a 520 puntos.<\/p>\n<p class=\"ds-markdown-paragraph\"><strong>Contexto y compromiso<\/strong><\/p>\n<p class=\"ds-markdown-paragraph\">Desde el Ejecutivo provincial destacaron que, a pesar del complejo escenario econ\u00f3mico y de las obligaciones heredadas que la provincia contin\u00faa afrontando, se busca acompa\u00f1ar a los trabajadores del Estado con una buena administraci\u00f3n y con responsabilidad en el uso de los recursos.<\/p>\n<p class=\"ds-markdown-paragraph\">La medida refleja el esfuerzo provincial por sostener el poder adquisitivo de los empleados p\u00fablicos en un contexto de restricciones fiscales y alta demanda social.<\/p>\n","protected":false},"excerpt":{"rendered":"<p>El Gobierno de la provincia del Chaco anunci\u00f3 una actualizaci\u00f3n salarial para trabajadores del Estado, en un contexto econ\u00f3mico complejo y con recursos limitados. Desde el Ejecutivo se\u00f1alaron que la medida implica un importante esfuerzo financiero, mientras la provincia contin\u00faa afrontando y pagando una pesada herencia econ\u00f3mica. El esquema de incrementos El aumento se aplicar\u00e1 &hellip;<\/p>\n","protected":false},"author":9,"featured_media":117141,"comment_status":"open","ping_status":"open","sticky":false,"template":"","format":"standard","meta":{"content-type":"","_monsterinsights_skip_tracking":false,"_monsterinsights_sitenote_active":false,"_monsterinsights_sitenote_note":"","_monsterinsights_sitenote_category":0,"_jetpack_memberships_contains_paid_content":false,"footnotes":"","jetpack_publicize_message":"","jetpack_publicize_feature_enabled":true,"jetpack_social_post_already_shared":true,"jetpack_social_options":{"image_generator_settings":{"template":"highway","default_image_id":0,"font":"","enabled":false},"version":2}},"categories":[65],"tags":[],"class_list":["post-117140","post","type-post","status-publish","format-standard","has-post-thumbnail","hentry","category-economia"],"yoast_head":"<!-- This site is optimized with the Yoast SEO plugin v27.4 - https:\/\/yoast.com\/product\/yoast-seo-wordpress\/ -->\n<title>Actualizaci\u00f3n salarial: el Gobierno provincial anunci\u00f3 incrementos para trabajadores estatales | Al Dia Chaco<\/title>\n<meta name=\"robots\" content=\"index, follow, max-snippet:-1, max-image-preview:large, max-video-preview:-1\" \/>\n<link rel=\"canonical\" href=\"https:\/\/aldiachaco.com.ar\/index.php\/2026\/02\/19\/actualizacion-salarial-el-gobierno-provincial-anuncio-incrementos-para-trabajadores-estatales\/\" \/>\n<meta property=\"og:locale\" content=\"es_ES\" \/>\n<meta property=\"og:type\" content=\"article\" \/>\n<meta property=\"og:title\" content=\"Actualizaci\u00f3n salarial: el Gobierno provincial anunci\u00f3 incrementos para trabajadores estatales | Al Dia Chaco\" \/>\n<meta property=\"og:description\" content=\"El Gobierno de la provincia del Chaco anunci\u00f3 una actualizaci\u00f3n salarial para trabajadores del Estado, en un contexto econ\u00f3mico complejo y con recursos limitados. Desde el Ejecutivo se\u00f1alaron que la medida implica un importante esfuerzo financiero, mientras la provincia contin\u00faa afrontando y pagando una pesada herencia econ\u00f3mica. El esquema de incrementos El aumento se aplicar\u00e1 &hellip;\" \/>\n<meta property=\"og:url\" content=\"https:\/\/aldiachaco.com.ar\/index.php\/2026\/02\/19\/actualizacion-salarial-el-gobierno-provincial-anuncio-incrementos-para-trabajadores-estatales\/\" \/>\n<meta property=\"og:site_name\" content=\"Al Dia Chaco\" \/>\n<meta property=\"article:published_time\" content=\"2026-02-19T15:02:50+00:00\" \/>\n<meta property=\"og:image\" content=\"https:\/\/aldiachaco.com.ar\/wp-content\/uploads\/2026\/02\/WhatsApp-Image-2026-02-19-at-11.56.21.jpeg\" \/>\n\t<meta property=\"og:image:width\" content=\"1500\" \/>\n\t<meta property=\"og:image:height\" content=\"1000\" \/>\n\t<meta property=\"og:image:type\" content=\"image\/jpeg\" \/>\n<meta name=\"author\" content=\"RedaccionRM\" \/>\n<meta name=\"twitter:card\" content=\"summary_large_image\" \/>\n<meta name=\"twitter:label1\" content=\"Escrito por\" \/>\n\t<meta name=\"twitter:data1\" content=\"RedaccionRM\" \/>\n\t<meta name=\"twitter:label2\" content=\"Tiempo de lectura\" \/>\n\t<meta name=\"twitter:data2\" content=\"2 minutos\" \/>\n<script type=\"application\/ld+json\" class=\"yoast-schema-graph\">{\"@context\":\"https:\\\/\\\/schema.org\",\"@graph\":[{\"@type\":\"Article\",\"@id\":\"https:\\\/\\\/aldiachaco.com.ar\\\/index.php\\\/2026\\\/02\\\/19\\\/actualizacion-salarial-el-gobierno-provincial-anuncio-incrementos-para-trabajadores-estatales\\\/#article\",\"isPartOf\":{\"@id\":\"https:\\\/\\\/aldiachaco.com.ar\\\/index.php\\\/2026\\\/02\\\/19\\\/actualizacion-salarial-el-gobierno-provincial-anuncio-incrementos-para-trabajadores-estatales\\\/\"},\"author\":{\"name\":\"RedaccionRM\",\"@id\":\"https:\\\/\\\/aldiachaco.com.ar\\\/#\\\/schema\\\/person\\\/b24e975af8022082f5889a7a7299e962\"},\"headline\":\"Actualizaci\u00f3n salarial: el Gobierno provincial anunci\u00f3 incrementos para trabajadores estatales\",\"datePublished\":\"2026-02-19T15:02:50+00:00\",\"mainEntityOfPage\":{\"@id\":\"https:\\\/\\\/aldiachaco.com.ar\\\/index.php\\\/2026\\\/02\\\/19\\\/actualizacion-salarial-el-gobierno-provincial-anuncio-incrementos-para-trabajadores-estatales\\\/\"},\"wordCount\":229,\"commentCount\":0,\"publisher\":{\"@id\":\"https:\\\/\\\/aldiachaco.com.ar\\\/#organization\"},\"image\":{\"@id\":\"https:\\\/\\\/aldiachaco.com.ar\\\/index.php\\\/2026\\\/02\\\/19\\\/actualizacion-salarial-el-gobierno-provincial-anuncio-incrementos-para-trabajadores-estatales\\\/#primaryimage\"},\"thumbnailUrl\":\"https:\\\/\\\/aldiachaco.com.ar\\\/wp-content\\\/uploads\\\/2026\\\/02\\\/WhatsApp-Image-2026-02-19-at-11.56.21.jpeg\",\"articleSection\":[\"Econom\u00eda\"],\"inLanguage\":\"es-AR\",\"potentialAction\":[{\"@type\":\"CommentAction\",\"name\":\"Comment\",\"target\":[\"https:\\\/\\\/aldiachaco.com.ar\\\/index.php\\\/2026\\\/02\\\/19\\\/actualizacion-salarial-el-gobierno-provincial-anuncio-incrementos-para-trabajadores-estatales\\\/#respond\"]}]},{\"@type\":\"WebPage\",\"@id\":\"https:\\\/\\\/aldiachaco.com.ar\\\/index.php\\\/2026\\\/02\\\/19\\\/actualizacion-salarial-el-gobierno-provincial-anuncio-incrementos-para-trabajadores-estatales\\\/\",\"url\":\"https:\\\/\\\/aldiachaco.com.ar\\\/index.php\\\/2026\\\/02\\\/19\\\/actualizacion-salarial-el-gobierno-provincial-anuncio-incrementos-para-trabajadores-estatales\\\/\",\"name\":\"Actualizaci\u00f3n salarial: el Gobierno provincial anunci\u00f3 incrementos para trabajadores estatales | Al Dia Chaco\",\"isPartOf\":{\"@id\":\"https:\\\/\\\/aldiachaco.com.ar\\\/#website\"},\"primaryImageOfPage\":{\"@id\":\"https:\\\/\\\/aldiachaco.com.ar\\\/index.php\\\/2026\\\/02\\\/19\\\/actualizacion-salarial-el-gobierno-provincial-anuncio-incrementos-para-trabajadores-estatales\\\/#primaryimage\"},\"image\":{\"@id\":\"https:\\\/\\\/aldiachaco.com.ar\\\/index.php\\\/2026\\\/02\\\/19\\\/actualizacion-salarial-el-gobierno-provincial-anuncio-incrementos-para-trabajadores-estatales\\\/#primaryimage\"},\"thumbnailUrl\":\"https:\\\/\\\/aldiachaco.com.ar\\\/wp-content\\\/uploads\\\/2026\\\/02\\\/WhatsApp-Image-2026-02-19-at-11.56.21.jpeg\",\"datePublished\":\"2026-02-19T15:02:50+00:00\",\"breadcrumb\":{\"@id\":\"https:\\\/\\\/aldiachaco.com.ar\\\/index.php\\\/2026\\\/02\\\/19\\\/actualizacion-salarial-el-gobierno-provincial-anuncio-incrementos-para-trabajadores-estatales\\\/#breadcrumb\"},\"inLanguage\":\"es-AR\",\"potentialAction\":[{\"@type\":\"ReadAction\",\"target\":[\"https:\\\/\\\/aldiachaco.com.ar\\\/index.php\\\/2026\\\/02\\\/19\\\/actualizacion-salarial-el-gobierno-provincial-anuncio-incrementos-para-trabajadores-estatales\\\/\"]}]},{\"@type\":\"ImageObject\",\"inLanguage\":\"es-AR\",\"@id\":\"https:\\\/\\\/aldiachaco.com.ar\\\/index.php\\\/2026\\\/02\\\/19\\\/actualizacion-salarial-el-gobierno-provincial-anuncio-incrementos-para-trabajadores-estatales\\\/#primaryimage\",\"url\":\"https:\\\/\\\/aldiachaco.com.ar\\\/wp-content\\\/uploads\\\/2026\\\/02\\\/WhatsApp-Image-2026-02-19-at-11.56.21.jpeg\",\"contentUrl\":\"https:\\\/\\\/aldiachaco.com.ar\\\/wp-content\\\/uploads\\\/2026\\\/02\\\/WhatsApp-Image-2026-02-19-at-11.56.21.jpeg\",\"width\":1500,\"height\":1000},{\"@type\":\"BreadcrumbList\",\"@id\":\"https:\\\/\\\/aldiachaco.com.ar\\\/index.php\\\/2026\\\/02\\\/19\\\/actualizacion-salarial-el-gobierno-provincial-anuncio-incrementos-para-trabajadores-estatales\\\/#breadcrumb\",\"itemListElement\":[{\"@type\":\"ListItem\",\"position\":1,\"name\":\"Home\",\"item\":\"https:\\\/\\\/aldiachaco.com.ar\\\/\"},{\"@type\":\"ListItem\",\"position\":2,\"name\":\"Actualizaci\u00f3n salarial: el Gobierno provincial anunci\u00f3 incrementos para trabajadores estatales\"}]},{\"@type\":\"WebSite\",\"@id\":\"https:\\\/\\\/aldiachaco.com.ar\\\/#website\",\"url\":\"https:\\\/\\\/aldiachaco.com.ar\\\/\",\"name\":\"Al Dia Chaco\",\"description\":\"Noticias del Chaco y el mundo\",\"publisher\":{\"@id\":\"https:\\\/\\\/aldiachaco.com.ar\\\/#organization\"},\"alternateName\":\"Al D\u00eda Chaco\",\"potentialAction\":[{\"@type\":\"SearchAction\",\"target\":{\"@type\":\"EntryPoint\",\"urlTemplate\":\"https:\\\/\\\/aldiachaco.com.ar\\\/?s={search_term_string}\"},\"query-input\":{\"@type\":\"PropertyValueSpecification\",\"valueRequired\":true,\"valueName\":\"search_term_string\"}}],\"inLanguage\":\"es-AR\"},{\"@type\":\"Organization\",\"@id\":\"https:\\\/\\\/aldiachaco.com.ar\\\/#organization\",\"name\":\"Al Dia Chaco\",\"url\":\"https:\\\/\\\/aldiachaco.com.ar\\\/\",\"logo\":{\"@type\":\"ImageObject\",\"inLanguage\":\"es-AR\",\"@id\":\"https:\\\/\\\/aldiachaco.com.ar\\\/#\\\/schema\\\/logo\\\/image\\\/\",\"url\":\"https:\\\/\\\/aldiachaco.com.ar\\\/wp-content\\\/uploads\\\/2017\\\/11\\\/AL-DIA-CHACO-L@2x.png\",\"contentUrl\":\"https:\\\/\\\/aldiachaco.com.ar\\\/wp-content\\\/uploads\\\/2017\\\/11\\\/AL-DIA-CHACO-L@2x.png\",\"width\":232,\"height\":60,\"caption\":\"Al Dia Chaco\"},\"image\":{\"@id\":\"https:\\\/\\\/aldiachaco.com.ar\\\/#\\\/schema\\\/logo\\\/image\\\/\"}},{\"@type\":\"Person\",\"@id\":\"https:\\\/\\\/aldiachaco.com.ar\\\/#\\\/schema\\\/person\\\/b24e975af8022082f5889a7a7299e962\",\"name\":\"RedaccionRM\",\"image\":{\"@type\":\"ImageObject\",\"inLanguage\":\"es-AR\",\"@id\":\"https:\\\/\\\/aldiachaco.com.ar\\\/wp-content\\\/litespeed\\\/avatar\\\/a30118fcb7a6295303f1c91164c6aba1.jpg?ver=1777339088\",\"url\":\"https:\\\/\\\/aldiachaco.com.ar\\\/wp-content\\\/litespeed\\\/avatar\\\/a30118fcb7a6295303f1c91164c6aba1.jpg?ver=1777339088\",\"contentUrl\":\"https:\\\/\\\/aldiachaco.com.ar\\\/wp-content\\\/litespeed\\\/avatar\\\/a30118fcb7a6295303f1c91164c6aba1.jpg?ver=1777339088\",\"caption\":\"RedaccionRM\"},\"url\":\"https:\\\/\\\/aldiachaco.com.ar\\\/index.php\\\/author\\\/redaccionrm\\\/\"}]}<\/script>\n<!-- \/ Yoast SEO plugin. -->","yoast_head_json":{"title":"Actualizaci\u00f3n salarial: el Gobierno provincial anunci\u00f3 incrementos para trabajadores estatales | Al Dia Chaco","robots":{"index":"index","follow":"follow","max-snippet":"max-snippet:-1","max-image-preview":"max-image-preview:large","max-video-preview":"max-video-preview:-1"},"canonical":"https:\/\/aldiachaco.com.ar\/index.php\/2026\/02\/19\/actualizacion-salarial-el-gobierno-provincial-anuncio-incrementos-para-trabajadores-estatales\/","og_locale":"es_ES","og_type":"article","og_title":"Actualizaci\u00f3n salarial: el Gobierno provincial anunci\u00f3 incrementos para trabajadores estatales | Al Dia Chaco","og_description":"El Gobierno de la provincia del Chaco anunci\u00f3 una actualizaci\u00f3n salarial para trabajadores del Estado, en un contexto econ\u00f3mico complejo y con recursos limitados. Desde el Ejecutivo se\u00f1alaron que la medida implica un importante esfuerzo financiero, mientras la provincia contin\u00faa afrontando y pagando una pesada herencia econ\u00f3mica. El esquema de incrementos El aumento se aplicar\u00e1 &hellip;","og_url":"https:\/\/aldiachaco.com.ar\/index.php\/2026\/02\/19\/actualizacion-salarial-el-gobierno-provincial-anuncio-incrementos-para-trabajadores-estatales\/","og_site_name":"Al Dia Chaco","article_published_time":"2026-02-19T15:02:50+00:00","og_image":[{"width":1500,"height":1000,"url":"https:\/\/aldiachaco.com.ar\/wp-content\/uploads\/2026\/02\/WhatsApp-Image-2026-02-19-at-11.56.21.jpeg","type":"image\/jpeg"}],"author":"RedaccionRM","twitter_card":"summary_large_image","twitter_misc":{"Escrito por":"RedaccionRM","Tiempo de lectura":"2 minutos"},"schema":{"@context":"https:\/\/schema.org","@graph":[{"@type":"Article","@id":"https:\/\/aldiachaco.com.ar\/index.php\/2026\/02\/19\/actualizacion-salarial-el-gobierno-provincial-anuncio-incrementos-para-trabajadores-estatales\/#article","isPartOf":{"@id":"https:\/\/aldiachaco.com.ar\/index.php\/2026\/02\/19\/actualizacion-salarial-el-gobierno-provincial-anuncio-incrementos-para-trabajadores-estatales\/"},"author":{"name":"RedaccionRM","@id":"https:\/\/aldiachaco.com.ar\/#\/schema\/person\/b24e975af8022082f5889a7a7299e962"},"headline":"Actualizaci\u00f3n salarial: el Gobierno provincial anunci\u00f3 incrementos para trabajadores estatales","datePublished":"2026-02-19T15:02:50+00:00","mainEntityOfPage":{"@id":"https:\/\/aldiachaco.com.ar\/index.php\/2026\/02\/19\/actualizacion-salarial-el-gobierno-provincial-anuncio-incrementos-para-trabajadores-estatales\/"},"wordCount":229,"commentCount":0,"publisher":{"@id":"https:\/\/aldiachaco.com.ar\/#organization"},"image":{"@id":"https:\/\/aldiachaco.com.ar\/index.php\/2026\/02\/19\/actualizacion-salarial-el-gobierno-provincial-anuncio-incrementos-para-trabajadores-estatales\/#primaryimage"},"thumbnailUrl":"https:\/\/aldiachaco.com.ar\/wp-content\/uploads\/2026\/02\/WhatsApp-Image-2026-02-19-at-11.56.21.jpeg","articleSection":["Econom\u00eda"],"inLanguage":"es-AR","potentialAction":[{"@type":"CommentAction","name":"Comment","target":["https:\/\/aldiachaco.com.ar\/index.php\/2026\/02\/19\/actualizacion-salarial-el-gobierno-provincial-anuncio-incrementos-para-trabajadores-estatales\/#respond"]}]},{"@type":"WebPage","@id":"https:\/\/aldiachaco.com.ar\/index.php\/2026\/02\/19\/actualizacion-salarial-el-gobierno-provincial-anuncio-incrementos-para-trabajadores-estatales\/","url":"https:\/\/aldiachaco.com.ar\/index.php\/2026\/02\/19\/actualizacion-salarial-el-gobierno-provincial-anuncio-incrementos-para-trabajadores-estatales\/","name":"Actualizaci\u00f3n salarial: el Gobierno provincial anunci\u00f3 incrementos para trabajadores estatales | Al Dia Chaco","isPartOf":{"@id":"https:\/\/aldiachaco.com.ar\/#website"},"primaryImageOfPage":{"@id":"https:\/\/aldiachaco.com.ar\/index.php\/2026\/02\/19\/actualizacion-salarial-el-gobierno-provincial-anuncio-incrementos-para-trabajadores-estatales\/#primaryimage"},"image":{"@id":"https:\/\/aldiachaco.com.ar\/index.php\/2026\/02\/19\/actualizacion-salarial-el-gobierno-provincial-anuncio-incrementos-para-trabajadores-estatales\/#primaryimage"},"thumbnailUrl":"https:\/\/aldiachaco.com.ar\/wp-content\/uploads\/2026\/02\/WhatsApp-Image-2026-02-19-at-11.56.21.jpeg","datePublished":"2026-02-19T15:02:50+00:00","breadcrumb":{"@id":"https:\/\/aldiachaco.com.ar\/index.php\/2026\/02\/19\/actualizacion-salarial-el-gobierno-provincial-anuncio-incrementos-para-trabajadores-estatales\/#breadcrumb"},"inLanguage":"es-AR","potentialAction":[{"@type":"ReadAction","target":["https:\/\/aldiachaco.com.ar\/index.php\/2026\/02\/19\/actualizacion-salarial-el-gobierno-provincial-anuncio-incrementos-para-trabajadores-estatales\/"]}]},{"@type":"ImageObject","inLanguage":"es-AR","@id":"https:\/\/aldiachaco.com.ar\/index.php\/2026\/02\/19\/actualizacion-salarial-el-gobierno-provincial-anuncio-incrementos-para-trabajadores-estatales\/#primaryimage","url":"https:\/\/aldiachaco.com.ar\/wp-content\/uploads\/2026\/02\/WhatsApp-Image-2026-02-19-at-11.56.21.jpeg","contentUrl":"https:\/\/aldiachaco.com.ar\/wp-content\/uploads\/2026\/02\/WhatsApp-Image-2026-02-19-at-11.56.21.jpeg","width":1500,"height":1000},{"@type":"BreadcrumbList","@id":"https:\/\/aldiachaco.com.ar\/index.php\/2026\/02\/19\/actualizacion-salarial-el-gobierno-provincial-anuncio-incrementos-para-trabajadores-estatales\/#breadcrumb","itemListElement":[{"@type":"ListItem","position":1,"name":"Home","item":"https:\/\/aldiachaco.com.ar\/"},{"@type":"ListItem","position":2,"name":"Actualizaci\u00f3n salarial: el Gobierno provincial anunci\u00f3 incrementos para trabajadores estatales"}]},{"@type":"WebSite","@id":"https:\/\/aldiachaco.com.ar\/#website","url":"https:\/\/aldiachaco.com.ar\/","name":"Al Dia Chaco","description":"Noticias del Chaco y el mundo","publisher":{"@id":"https:\/\/aldiachaco.com.ar\/#organization"},"alternateName":"Al D\u00eda Chaco","potentialAction":[{"@type":"SearchAction","target":{"@type":"EntryPoint","urlTemplate":"https:\/\/aldiachaco.com.ar\/?s={search_term_string}"},"query-input":{"@type":"PropertyValueSpecification","valueRequired":true,"valueName":"search_term_string"}}],"inLanguage":"es-AR"},{"@type":"Organization","@id":"https:\/\/aldiachaco.com.ar\/#organization","name":"Al Dia Chaco","url":"https:\/\/aldiachaco.com.ar\/","logo":{"@type":"ImageObject","inLanguage":"es-AR","@id":"https:\/\/aldiachaco.com.ar\/#\/schema\/logo\/image\/","url":"https:\/\/aldiachaco.com.ar\/wp-content\/uploads\/2017\/11\/AL-DIA-CHACO-L@2x.png","contentUrl":"https:\/\/aldiachaco.com.ar\/wp-content\/uploads\/2017\/11\/AL-DIA-CHACO-L@2x.png","width":232,"height":60,"caption":"Al Dia Chaco"},"image":{"@id":"https:\/\/aldiachaco.com.ar\/#\/schema\/logo\/image\/"}},{"@type":"Person","@id":"https:\/\/aldiachaco.com.ar\/#\/schema\/person\/b24e975af8022082f5889a7a7299e962","name":"RedaccionRM","image":{"@type":"ImageObject","inLanguage":"es-AR","@id":"https:\/\/aldiachaco.com.ar\/wp-content\/litespeed\/avatar\/a30118fcb7a6295303f1c91164c6aba1.jpg?ver=1777339088","url":"https:\/\/aldiachaco.com.ar\/wp-content\/litespeed\/avatar\/a30118fcb7a6295303f1c91164c6aba1.jpg?ver=1777339088","contentUrl":"https:\/\/aldiachaco.com.ar\/wp-content\/litespeed\/avatar\/a30118fcb7a6295303f1c91164c6aba1.jpg?ver=1777339088","caption":"RedaccionRM"},"url":"https:\/\/aldiachaco.com.ar\/index.php\/author\/redaccionrm\/"}]}},"jetpack_publicize_connections":[],"jetpack_featured_media_url":"https:\/\/aldiachaco.com.ar\/wp-content\/uploads\/2026\/02\/WhatsApp-Image-2026-02-19-at-11.56.21.jpeg","jetpack_sharing_enabled":true,"amp_enabled":true,"_links":{"self":[{"href":"https:\/\/aldiachaco.com.ar\/index.php\/wp-json\/wp\/v2\/posts\/117140","targetHints":{"allow":["GET"]}}],"collection":[{"href":"https:\/\/aldiachaco.com.ar\/index.php\/wp-json\/wp\/v2\/posts"}],"about":[{"href":"https:\/\/aldiachaco.com.ar\/index.php\/wp-json\/wp\/v2\/types\/post"}],"author":[{"embeddable":true,"href":"https:\/\/aldiachaco.com.ar\/index.php\/wp-json\/wp\/v2\/users\/9"}],"replies":[{"embeddable":true,"href":"https:\/\/aldiachaco.com.ar\/index.php\/wp-json\/wp\/v2\/comments?post=117140"}],"version-history":[{"count":1,"href":"https:\/\/aldiachaco.com.ar\/index.php\/wp-json\/wp\/v2\/posts\/117140\/revisions"}],"predecessor-version":[{"id":117142,"href":"https:\/\/aldiachaco.com.ar\/index.php\/wp-json\/wp\/v2\/posts\/117140\/revisions\/117142"}],"wp:featuredmedia":[{"embeddable":true,"href":"https:\/\/aldiachaco.com.ar\/index.php\/wp-json\/wp\/v2\/media\/117141"}],"wp:attachment":[{"href":"https:\/\/aldiachaco.com.ar\/index.php\/wp-json\/wp\/v2\/media?parent=117140"}],"wp:term":[{"taxonomy":"category","embeddable":true,"href":"https:\/\/aldiachaco.com.ar\/index.php\/wp-json\/wp\/v2\/categories?post=117140"},{"taxonomy":"post_tag","embeddable":true,"href":"https:\/\/aldiachaco.com.ar\/index.php\/wp-json\/wp\/v2\/tags?post=117140"}],"curies":[{"name":"wp","href":"https:\/\/api.w.org\/{rel}","templated":true}]}}