{"id":117137,"date":"2026-02-19T11:52:20","date_gmt":"2026-02-19T14:52:20","guid":{"rendered":"https:\/\/aldiachaco.com.ar\/?p=117137"},"modified":"2026-02-19T11:52:20","modified_gmt":"2026-02-19T14:52:20","slug":"saenz-pena-el-intendente-cipolini-denunciara-penalmente-a-directivos-de-la-bolsa-de-comercio-del-chaco","status":"publish","type":"post","link":"https:\/\/aldiachaco.com.ar\/index.php\/2026\/02\/19\/saenz-pena-el-intendente-cipolini-denunciara-penalmente-a-directivos-de-la-bolsa-de-comercio-del-chaco\/","title":{"rendered":"S\u00e1enz Pe\u00f1a: el intendente Cipolini denunciar\u00e1 penalmente a directivos de la Bolsa de Comercio del Chaco"},"content":{"rendered":"<p class=\"ds-markdown-paragraph\">El intendente de Presidencia Roque S\u00e1enz Pe\u00f1a, Bruno Cipolini, anunci\u00f3 este jueves en conferencia de prensa que presentar\u00e1 una denuncia penal contra directivos y empleados de la Bolsa de Comercio del Chaco por los delitos de estafa, administraci\u00f3n fraudulenta agravada y asociaci\u00f3n il\u00edcita. La decisi\u00f3n surge a ra\u00edz del esc\u00e1ndalo por la inversi\u00f3n de fondos municipales en operaciones financieras de alto riesgo no autorizadas.<\/p>\n<p class=\"ds-markdown-paragraph\">&#8220;El Municipio es v\u00edctima de acciones poco claras llevadas adelante por la Bolsa de Comercio&#8221;, denunci\u00f3 el jefe comunal, quien aclar\u00f3 que desconoc\u00eda por completo que los recursos de la comuna hubieran sido destinados a actividades especulativas. La investigaci\u00f3n se origin\u00f3 a partir de una denuncia de concejales justicialistas contra la propia gesti\u00f3n municipal por presuntas irregularidades.<\/p>\n<p class=\"ds-markdown-paragraph\">Cipolini explic\u00f3 que desde hace diez a\u00f1os el municipio opera con la Bolsa de Comercio del Chaco a partir de una administraci\u00f3n &#8220;correcta, ordenada y responsable&#8221;, realizando inversiones de car\u00e1cter conservador, aquellas que por su bajo riesgo implican menores intereses. &#8220;Estamos facultados a llevar adelante inversiones de car\u00e1cter conservador, eso es lo que no ha sucedido aqu\u00ed, hubo inversiones de car\u00e1cter riesgoso que como Municipio desconocemos absolutamente&#8221;, enfatiz\u00f3.<\/p>\n<p class=\"ds-markdown-paragraph\">El intendente anunci\u00f3 acciones penales contra el gerente general Julio Barrios Cima; los miembros del Consejo Directivo Esteban Fossatti, Dar\u00edo Miguel Turletti, Ricardo Juan Khayat, Alejandro Miguel Salgado, Gustavo Ram\u00f3n Zini, Silvio Oscar Varrone, Jos\u00e9 Francisco Lovera Pacin, Mar\u00eda Carla Acosta Maidana, Carlos Antonio Caram, Gustavo Federico Lagerheim, Jorge Luis Dom\u00ednguez; el librador Rub\u00e9n Roberto M\u00e9dula; y los empleados Germ\u00e1n Baqu\u00e9 y Eduardo Alvaredo.<\/p>\n<p class=\"ds-markdown-paragraph\">&#8220;Es una situaci\u00f3n no querida por nosotros, estamos dando una explicaci\u00f3n. Consideramos que tenemos una administraci\u00f3n ordenada que nos permit\u00eda tener una suerte de parachoques ante cualquier circunstancia. Tenemos que afrontarla con seriedad, con responsabilidad, no la minimizo, pero estamos tranquilos de que nosotros no hemos cometido ninguna acci\u00f3n que no correspondiera&#8221;, asegur\u00f3 Cipolini.<\/p>\n<p class=\"ds-markdown-paragraph\">La denuncia se suma al esc\u00e1ndalo que involucra a la Bolsa de Comercio del Chaco por presuntas operaciones irregulares que habr\u00edan afectado a varios inversores, entre ellos el Municipio de S\u00e1enz Pe\u00f1a, con un perjuicio que podr\u00eda ascender a miles de millones de pesos.<\/p>\n","protected":false},"excerpt":{"rendered":"<p>El intendente de Presidencia Roque S\u00e1enz Pe\u00f1a, Bruno Cipolini, anunci\u00f3 este jueves en conferencia de prensa que presentar\u00e1 una denuncia penal contra directivos y empleados de la Bolsa de Comercio del Chaco por los delitos de estafa, administraci\u00f3n fraudulenta agravada y asociaci\u00f3n il\u00edcita. La decisi\u00f3n surge a ra\u00edz del esc\u00e1ndalo por la inversi\u00f3n de fondos &hellip;<\/p>\n","protected":false},"author":9,"featured_media":117138,"comment_status":"open","ping_status":"open","sticky":false,"template":"","format":"standard","meta":{"content-type":"","_monsterinsights_skip_tracking":false,"_monsterinsights_sitenote_active":false,"_monsterinsights_sitenote_note":"","_monsterinsights_sitenote_category":0,"_jetpack_memberships_contains_paid_content":false,"footnotes":"","jetpack_publicize_message":"","jetpack_publicize_feature_enabled":true,"jetpack_social_post_already_shared":true,"jetpack_social_options":{"image_generator_settings":{"template":"highway","default_image_id":0,"font":"","enabled":false},"version":2}},"categories":[69],"tags":[],"class_list":["post-117137","post","type-post","status-publish","format-standard","has-post-thumbnail","hentry","category-saen-pena"],"yoast_head":"<!-- This site is optimized with the Yoast SEO plugin v27.4 - https:\/\/yoast.com\/product\/yoast-seo-wordpress\/ -->\n<title>S\u00e1enz Pe\u00f1a: el intendente Cipolini denunciar\u00e1 penalmente a directivos de la Bolsa de Comercio del Chaco | Al Dia Chaco<\/title>\n<meta name=\"robots\" content=\"index, follow, max-snippet:-1, max-image-preview:large, max-video-preview:-1\" \/>\n<link rel=\"canonical\" href=\"https:\/\/aldiachaco.com.ar\/index.php\/2026\/02\/19\/saenz-pena-el-intendente-cipolini-denunciara-penalmente-a-directivos-de-la-bolsa-de-comercio-del-chaco\/\" \/>\n<meta property=\"og:locale\" content=\"es_ES\" \/>\n<meta property=\"og:type\" content=\"article\" \/>\n<meta property=\"og:title\" content=\"S\u00e1enz Pe\u00f1a: el intendente Cipolini denunciar\u00e1 penalmente a directivos de la Bolsa de Comercio del Chaco | Al Dia Chaco\" \/>\n<meta property=\"og:description\" content=\"El intendente de Presidencia Roque S\u00e1enz Pe\u00f1a, Bruno Cipolini, anunci\u00f3 este jueves en conferencia de prensa que presentar\u00e1 una denuncia penal contra directivos y empleados de la Bolsa de Comercio del Chaco por los delitos de estafa, administraci\u00f3n fraudulenta agravada y asociaci\u00f3n il\u00edcita. La decisi\u00f3n surge a ra\u00edz del esc\u00e1ndalo por la inversi\u00f3n de fondos &hellip;\" \/>\n<meta property=\"og:url\" content=\"https:\/\/aldiachaco.com.ar\/index.php\/2026\/02\/19\/saenz-pena-el-intendente-cipolini-denunciara-penalmente-a-directivos-de-la-bolsa-de-comercio-del-chaco\/\" \/>\n<meta property=\"og:site_name\" content=\"Al Dia Chaco\" \/>\n<meta property=\"article:published_time\" content=\"2026-02-19T14:52:20+00:00\" \/>\n<meta property=\"og:image\" content=\"https:\/\/aldiachaco.com.ar\/wp-content\/uploads\/2026\/02\/1902cipolini.jpg\" \/>\n\t<meta property=\"og:image:width\" content=\"710\" \/>\n\t<meta property=\"og:image:height\" content=\"474\" \/>\n\t<meta property=\"og:image:type\" content=\"image\/jpeg\" \/>\n<meta name=\"author\" content=\"RedaccionRM\" \/>\n<meta name=\"twitter:card\" content=\"summary_large_image\" \/>\n<meta name=\"twitter:label1\" content=\"Escrito por\" \/>\n\t<meta name=\"twitter:data1\" content=\"RedaccionRM\" \/>\n\t<meta name=\"twitter:label2\" content=\"Tiempo de lectura\" \/>\n\t<meta name=\"twitter:data2\" content=\"2 minutos\" \/>\n<script type=\"application\/ld+json\" class=\"yoast-schema-graph\">{\"@context\":\"https:\\\/\\\/schema.org\",\"@graph\":[{\"@type\":\"Article\",\"@id\":\"https:\\\/\\\/aldiachaco.com.ar\\\/index.php\\\/2026\\\/02\\\/19\\\/saenz-pena-el-intendente-cipolini-denunciara-penalmente-a-directivos-de-la-bolsa-de-comercio-del-chaco\\\/#article\",\"isPartOf\":{\"@id\":\"https:\\\/\\\/aldiachaco.com.ar\\\/index.php\\\/2026\\\/02\\\/19\\\/saenz-pena-el-intendente-cipolini-denunciara-penalmente-a-directivos-de-la-bolsa-de-comercio-del-chaco\\\/\"},\"author\":{\"name\":\"RedaccionRM\",\"@id\":\"https:\\\/\\\/aldiachaco.com.ar\\\/#\\\/schema\\\/person\\\/b24e975af8022082f5889a7a7299e962\"},\"headline\":\"S\u00e1enz Pe\u00f1a: el intendente Cipolini denunciar\u00e1 penalmente a directivos de la Bolsa de Comercio del Chaco\",\"datePublished\":\"2026-02-19T14:52:20+00:00\",\"mainEntityOfPage\":{\"@id\":\"https:\\\/\\\/aldiachaco.com.ar\\\/index.php\\\/2026\\\/02\\\/19\\\/saenz-pena-el-intendente-cipolini-denunciara-penalmente-a-directivos-de-la-bolsa-de-comercio-del-chaco\\\/\"},\"wordCount\":404,\"commentCount\":0,\"publisher\":{\"@id\":\"https:\\\/\\\/aldiachaco.com.ar\\\/#organization\"},\"image\":{\"@id\":\"https:\\\/\\\/aldiachaco.com.ar\\\/index.php\\\/2026\\\/02\\\/19\\\/saenz-pena-el-intendente-cipolini-denunciara-penalmente-a-directivos-de-la-bolsa-de-comercio-del-chaco\\\/#primaryimage\"},\"thumbnailUrl\":\"https:\\\/\\\/aldiachaco.com.ar\\\/wp-content\\\/uploads\\\/2026\\\/02\\\/1902cipolini.jpg\",\"articleSection\":[\"S\u00e1enz Pe\u00f1a\"],\"inLanguage\":\"es-AR\",\"potentialAction\":[{\"@type\":\"CommentAction\",\"name\":\"Comment\",\"target\":[\"https:\\\/\\\/aldiachaco.com.ar\\\/index.php\\\/2026\\\/02\\\/19\\\/saenz-pena-el-intendente-cipolini-denunciara-penalmente-a-directivos-de-la-bolsa-de-comercio-del-chaco\\\/#respond\"]}]},{\"@type\":\"WebPage\",\"@id\":\"https:\\\/\\\/aldiachaco.com.ar\\\/index.php\\\/2026\\\/02\\\/19\\\/saenz-pena-el-intendente-cipolini-denunciara-penalmente-a-directivos-de-la-bolsa-de-comercio-del-chaco\\\/\",\"url\":\"https:\\\/\\\/aldiachaco.com.ar\\\/index.php\\\/2026\\\/02\\\/19\\\/saenz-pena-el-intendente-cipolini-denunciara-penalmente-a-directivos-de-la-bolsa-de-comercio-del-chaco\\\/\",\"name\":\"S\u00e1enz Pe\u00f1a: el intendente Cipolini denunciar\u00e1 penalmente a directivos de la Bolsa de Comercio del Chaco | Al Dia Chaco\",\"isPartOf\":{\"@id\":\"https:\\\/\\\/aldiachaco.com.ar\\\/#website\"},\"primaryImageOfPage\":{\"@id\":\"https:\\\/\\\/aldiachaco.com.ar\\\/index.php\\\/2026\\\/02\\\/19\\\/saenz-pena-el-intendente-cipolini-denunciara-penalmente-a-directivos-de-la-bolsa-de-comercio-del-chaco\\\/#primaryimage\"},\"image\":{\"@id\":\"https:\\\/\\\/aldiachaco.com.ar\\\/index.php\\\/2026\\\/02\\\/19\\\/saenz-pena-el-intendente-cipolini-denunciara-penalmente-a-directivos-de-la-bolsa-de-comercio-del-chaco\\\/#primaryimage\"},\"thumbnailUrl\":\"https:\\\/\\\/aldiachaco.com.ar\\\/wp-content\\\/uploads\\\/2026\\\/02\\\/1902cipolini.jpg\",\"datePublished\":\"2026-02-19T14:52:20+00:00\",\"breadcrumb\":{\"@id\":\"https:\\\/\\\/aldiachaco.com.ar\\\/index.php\\\/2026\\\/02\\\/19\\\/saenz-pena-el-intendente-cipolini-denunciara-penalmente-a-directivos-de-la-bolsa-de-comercio-del-chaco\\\/#breadcrumb\"},\"inLanguage\":\"es-AR\",\"potentialAction\":[{\"@type\":\"ReadAction\",\"target\":[\"https:\\\/\\\/aldiachaco.com.ar\\\/index.php\\\/2026\\\/02\\\/19\\\/saenz-pena-el-intendente-cipolini-denunciara-penalmente-a-directivos-de-la-bolsa-de-comercio-del-chaco\\\/\"]}]},{\"@type\":\"ImageObject\",\"inLanguage\":\"es-AR\",\"@id\":\"https:\\\/\\\/aldiachaco.com.ar\\\/index.php\\\/2026\\\/02\\\/19\\\/saenz-pena-el-intendente-cipolini-denunciara-penalmente-a-directivos-de-la-bolsa-de-comercio-del-chaco\\\/#primaryimage\",\"url\":\"https:\\\/\\\/aldiachaco.com.ar\\\/wp-content\\\/uploads\\\/2026\\\/02\\\/1902cipolini.jpg\",\"contentUrl\":\"https:\\\/\\\/aldiachaco.com.ar\\\/wp-content\\\/uploads\\\/2026\\\/02\\\/1902cipolini.jpg\",\"width\":710,\"height\":474},{\"@type\":\"BreadcrumbList\",\"@id\":\"https:\\\/\\\/aldiachaco.com.ar\\\/index.php\\\/2026\\\/02\\\/19\\\/saenz-pena-el-intendente-cipolini-denunciara-penalmente-a-directivos-de-la-bolsa-de-comercio-del-chaco\\\/#breadcrumb\",\"itemListElement\":[{\"@type\":\"ListItem\",\"position\":1,\"name\":\"Home\",\"item\":\"https:\\\/\\\/aldiachaco.com.ar\\\/\"},{\"@type\":\"ListItem\",\"position\":2,\"name\":\"S\u00e1enz Pe\u00f1a: el intendente Cipolini denunciar\u00e1 penalmente a directivos de la Bolsa de Comercio del Chaco\"}]},{\"@type\":\"WebSite\",\"@id\":\"https:\\\/\\\/aldiachaco.com.ar\\\/#website\",\"url\":\"https:\\\/\\\/aldiachaco.com.ar\\\/\",\"name\":\"Al Dia Chaco\",\"description\":\"Noticias del Chaco y el mundo\",\"publisher\":{\"@id\":\"https:\\\/\\\/aldiachaco.com.ar\\\/#organization\"},\"alternateName\":\"Al D\u00eda Chaco\",\"potentialAction\":[{\"@type\":\"SearchAction\",\"target\":{\"@type\":\"EntryPoint\",\"urlTemplate\":\"https:\\\/\\\/aldiachaco.com.ar\\\/?s={search_term_string}\"},\"query-input\":{\"@type\":\"PropertyValueSpecification\",\"valueRequired\":true,\"valueName\":\"search_term_string\"}}],\"inLanguage\":\"es-AR\"},{\"@type\":\"Organization\",\"@id\":\"https:\\\/\\\/aldiachaco.com.ar\\\/#organization\",\"name\":\"Al Dia Chaco\",\"url\":\"https:\\\/\\\/aldiachaco.com.ar\\\/\",\"logo\":{\"@type\":\"ImageObject\",\"inLanguage\":\"es-AR\",\"@id\":\"https:\\\/\\\/aldiachaco.com.ar\\\/#\\\/schema\\\/logo\\\/image\\\/\",\"url\":\"https:\\\/\\\/aldiachaco.com.ar\\\/wp-content\\\/uploads\\\/2017\\\/11\\\/AL-DIA-CHACO-L@2x.png\",\"contentUrl\":\"https:\\\/\\\/aldiachaco.com.ar\\\/wp-content\\\/uploads\\\/2017\\\/11\\\/AL-DIA-CHACO-L@2x.png\",\"width\":232,\"height\":60,\"caption\":\"Al Dia Chaco\"},\"image\":{\"@id\":\"https:\\\/\\\/aldiachaco.com.ar\\\/#\\\/schema\\\/logo\\\/image\\\/\"}},{\"@type\":\"Person\",\"@id\":\"https:\\\/\\\/aldiachaco.com.ar\\\/#\\\/schema\\\/person\\\/b24e975af8022082f5889a7a7299e962\",\"name\":\"RedaccionRM\",\"image\":{\"@type\":\"ImageObject\",\"inLanguage\":\"es-AR\",\"@id\":\"https:\\\/\\\/aldiachaco.com.ar\\\/wp-content\\\/litespeed\\\/avatar\\\/a30118fcb7a6295303f1c91164c6aba1.jpg?ver=1777339088\",\"url\":\"https:\\\/\\\/aldiachaco.com.ar\\\/wp-content\\\/litespeed\\\/avatar\\\/a30118fcb7a6295303f1c91164c6aba1.jpg?ver=1777339088\",\"contentUrl\":\"https:\\\/\\\/aldiachaco.com.ar\\\/wp-content\\\/litespeed\\\/avatar\\\/a30118fcb7a6295303f1c91164c6aba1.jpg?ver=1777339088\",\"caption\":\"RedaccionRM\"},\"url\":\"https:\\\/\\\/aldiachaco.com.ar\\\/index.php\\\/author\\\/redaccionrm\\\/\"}]}<\/script>\n<!-- \/ Yoast SEO plugin. -->","yoast_head_json":{"title":"S\u00e1enz Pe\u00f1a: el intendente Cipolini denunciar\u00e1 penalmente a directivos de la Bolsa de Comercio del Chaco | Al Dia Chaco","robots":{"index":"index","follow":"follow","max-snippet":"max-snippet:-1","max-image-preview":"max-image-preview:large","max-video-preview":"max-video-preview:-1"},"canonical":"https:\/\/aldiachaco.com.ar\/index.php\/2026\/02\/19\/saenz-pena-el-intendente-cipolini-denunciara-penalmente-a-directivos-de-la-bolsa-de-comercio-del-chaco\/","og_locale":"es_ES","og_type":"article","og_title":"S\u00e1enz Pe\u00f1a: el intendente Cipolini denunciar\u00e1 penalmente a directivos de la Bolsa de Comercio del Chaco | Al Dia Chaco","og_description":"El intendente de Presidencia Roque S\u00e1enz Pe\u00f1a, Bruno Cipolini, anunci\u00f3 este jueves en conferencia de prensa que presentar\u00e1 una denuncia penal contra directivos y empleados de la Bolsa de Comercio del Chaco por los delitos de estafa, administraci\u00f3n fraudulenta agravada y asociaci\u00f3n il\u00edcita. La decisi\u00f3n surge a ra\u00edz del esc\u00e1ndalo por la inversi\u00f3n de fondos &hellip;","og_url":"https:\/\/aldiachaco.com.ar\/index.php\/2026\/02\/19\/saenz-pena-el-intendente-cipolini-denunciara-penalmente-a-directivos-de-la-bolsa-de-comercio-del-chaco\/","og_site_name":"Al Dia Chaco","article_published_time":"2026-02-19T14:52:20+00:00","og_image":[{"width":710,"height":474,"url":"https:\/\/aldiachaco.com.ar\/wp-content\/uploads\/2026\/02\/1902cipolini.jpg","type":"image\/jpeg"}],"author":"RedaccionRM","twitter_card":"summary_large_image","twitter_misc":{"Escrito por":"RedaccionRM","Tiempo de lectura":"2 minutos"},"schema":{"@context":"https:\/\/schema.org","@graph":[{"@type":"Article","@id":"https:\/\/aldiachaco.com.ar\/index.php\/2026\/02\/19\/saenz-pena-el-intendente-cipolini-denunciara-penalmente-a-directivos-de-la-bolsa-de-comercio-del-chaco\/#article","isPartOf":{"@id":"https:\/\/aldiachaco.com.ar\/index.php\/2026\/02\/19\/saenz-pena-el-intendente-cipolini-denunciara-penalmente-a-directivos-de-la-bolsa-de-comercio-del-chaco\/"},"author":{"name":"RedaccionRM","@id":"https:\/\/aldiachaco.com.ar\/#\/schema\/person\/b24e975af8022082f5889a7a7299e962"},"headline":"S\u00e1enz Pe\u00f1a: el intendente Cipolini denunciar\u00e1 penalmente a directivos de la Bolsa de Comercio del Chaco","datePublished":"2026-02-19T14:52:20+00:00","mainEntityOfPage":{"@id":"https:\/\/aldiachaco.com.ar\/index.php\/2026\/02\/19\/saenz-pena-el-intendente-cipolini-denunciara-penalmente-a-directivos-de-la-bolsa-de-comercio-del-chaco\/"},"wordCount":404,"commentCount":0,"publisher":{"@id":"https:\/\/aldiachaco.com.ar\/#organization"},"image":{"@id":"https:\/\/aldiachaco.com.ar\/index.php\/2026\/02\/19\/saenz-pena-el-intendente-cipolini-denunciara-penalmente-a-directivos-de-la-bolsa-de-comercio-del-chaco\/#primaryimage"},"thumbnailUrl":"https:\/\/aldiachaco.com.ar\/wp-content\/uploads\/2026\/02\/1902cipolini.jpg","articleSection":["S\u00e1enz Pe\u00f1a"],"inLanguage":"es-AR","potentialAction":[{"@type":"CommentAction","name":"Comment","target":["https:\/\/aldiachaco.com.ar\/index.php\/2026\/02\/19\/saenz-pena-el-intendente-cipolini-denunciara-penalmente-a-directivos-de-la-bolsa-de-comercio-del-chaco\/#respond"]}]},{"@type":"WebPage","@id":"https:\/\/aldiachaco.com.ar\/index.php\/2026\/02\/19\/saenz-pena-el-intendente-cipolini-denunciara-penalmente-a-directivos-de-la-bolsa-de-comercio-del-chaco\/","url":"https:\/\/aldiachaco.com.ar\/index.php\/2026\/02\/19\/saenz-pena-el-intendente-cipolini-denunciara-penalmente-a-directivos-de-la-bolsa-de-comercio-del-chaco\/","name":"S\u00e1enz Pe\u00f1a: el intendente Cipolini denunciar\u00e1 penalmente a directivos de la Bolsa de Comercio del Chaco | Al Dia Chaco","isPartOf":{"@id":"https:\/\/aldiachaco.com.ar\/#website"},"primaryImageOfPage":{"@id":"https:\/\/aldiachaco.com.ar\/index.php\/2026\/02\/19\/saenz-pena-el-intendente-cipolini-denunciara-penalmente-a-directivos-de-la-bolsa-de-comercio-del-chaco\/#primaryimage"},"image":{"@id":"https:\/\/aldiachaco.com.ar\/index.php\/2026\/02\/19\/saenz-pena-el-intendente-cipolini-denunciara-penalmente-a-directivos-de-la-bolsa-de-comercio-del-chaco\/#primaryimage"},"thumbnailUrl":"https:\/\/aldiachaco.com.ar\/wp-content\/uploads\/2026\/02\/1902cipolini.jpg","datePublished":"2026-02-19T14:52:20+00:00","breadcrumb":{"@id":"https:\/\/aldiachaco.com.ar\/index.php\/2026\/02\/19\/saenz-pena-el-intendente-cipolini-denunciara-penalmente-a-directivos-de-la-bolsa-de-comercio-del-chaco\/#breadcrumb"},"inLanguage":"es-AR","potentialAction":[{"@type":"ReadAction","target":["https:\/\/aldiachaco.com.ar\/index.php\/2026\/02\/19\/saenz-pena-el-intendente-cipolini-denunciara-penalmente-a-directivos-de-la-bolsa-de-comercio-del-chaco\/"]}]},{"@type":"ImageObject","inLanguage":"es-AR","@id":"https:\/\/aldiachaco.com.ar\/index.php\/2026\/02\/19\/saenz-pena-el-intendente-cipolini-denunciara-penalmente-a-directivos-de-la-bolsa-de-comercio-del-chaco\/#primaryimage","url":"https:\/\/aldiachaco.com.ar\/wp-content\/uploads\/2026\/02\/1902cipolini.jpg","contentUrl":"https:\/\/aldiachaco.com.ar\/wp-content\/uploads\/2026\/02\/1902cipolini.jpg","width":710,"height":474},{"@type":"BreadcrumbList","@id":"https:\/\/aldiachaco.com.ar\/index.php\/2026\/02\/19\/saenz-pena-el-intendente-cipolini-denunciara-penalmente-a-directivos-de-la-bolsa-de-comercio-del-chaco\/#breadcrumb","itemListElement":[{"@type":"ListItem","position":1,"name":"Home","item":"https:\/\/aldiachaco.com.ar\/"},{"@type":"ListItem","position":2,"name":"S\u00e1enz Pe\u00f1a: el intendente Cipolini denunciar\u00e1 penalmente a directivos de la Bolsa de Comercio del Chaco"}]},{"@type":"WebSite","@id":"https:\/\/aldiachaco.com.ar\/#website","url":"https:\/\/aldiachaco.com.ar\/","name":"Al Dia Chaco","description":"Noticias del Chaco y el mundo","publisher":{"@id":"https:\/\/aldiachaco.com.ar\/#organization"},"alternateName":"Al D\u00eda Chaco","potentialAction":[{"@type":"SearchAction","target":{"@type":"EntryPoint","urlTemplate":"https:\/\/aldiachaco.com.ar\/?s={search_term_string}"},"query-input":{"@type":"PropertyValueSpecification","valueRequired":true,"valueName":"search_term_string"}}],"inLanguage":"es-AR"},{"@type":"Organization","@id":"https:\/\/aldiachaco.com.ar\/#organization","name":"Al Dia Chaco","url":"https:\/\/aldiachaco.com.ar\/","logo":{"@type":"ImageObject","inLanguage":"es-AR","@id":"https:\/\/aldiachaco.com.ar\/#\/schema\/logo\/image\/","url":"https:\/\/aldiachaco.com.ar\/wp-content\/uploads\/2017\/11\/AL-DIA-CHACO-L@2x.png","contentUrl":"https:\/\/aldiachaco.com.ar\/wp-content\/uploads\/2017\/11\/AL-DIA-CHACO-L@2x.png","width":232,"height":60,"caption":"Al Dia Chaco"},"image":{"@id":"https:\/\/aldiachaco.com.ar\/#\/schema\/logo\/image\/"}},{"@type":"Person","@id":"https:\/\/aldiachaco.com.ar\/#\/schema\/person\/b24e975af8022082f5889a7a7299e962","name":"RedaccionRM","image":{"@type":"ImageObject","inLanguage":"es-AR","@id":"https:\/\/aldiachaco.com.ar\/wp-content\/litespeed\/avatar\/a30118fcb7a6295303f1c91164c6aba1.jpg?ver=1777339088","url":"https:\/\/aldiachaco.com.ar\/wp-content\/litespeed\/avatar\/a30118fcb7a6295303f1c91164c6aba1.jpg?ver=1777339088","contentUrl":"https:\/\/aldiachaco.com.ar\/wp-content\/litespeed\/avatar\/a30118fcb7a6295303f1c91164c6aba1.jpg?ver=1777339088","caption":"RedaccionRM"},"url":"https:\/\/aldiachaco.com.ar\/index.php\/author\/redaccionrm\/"}]}},"jetpack_publicize_connections":[],"jetpack_featured_media_url":"https:\/\/aldiachaco.com.ar\/wp-content\/uploads\/2026\/02\/1902cipolini.jpg","jetpack_sharing_enabled":true,"amp_enabled":true,"_links":{"self":[{"href":"https:\/\/aldiachaco.com.ar\/index.php\/wp-json\/wp\/v2\/posts\/117137","targetHints":{"allow":["GET"]}}],"collection":[{"href":"https:\/\/aldiachaco.com.ar\/index.php\/wp-json\/wp\/v2\/posts"}],"about":[{"href":"https:\/\/aldiachaco.com.ar\/index.php\/wp-json\/wp\/v2\/types\/post"}],"author":[{"embeddable":true,"href":"https:\/\/aldiachaco.com.ar\/index.php\/wp-json\/wp\/v2\/users\/9"}],"replies":[{"embeddable":true,"href":"https:\/\/aldiachaco.com.ar\/index.php\/wp-json\/wp\/v2\/comments?post=117137"}],"version-history":[{"count":1,"href":"https:\/\/aldiachaco.com.ar\/index.php\/wp-json\/wp\/v2\/posts\/117137\/revisions"}],"predecessor-version":[{"id":117139,"href":"https:\/\/aldiachaco.com.ar\/index.php\/wp-json\/wp\/v2\/posts\/117137\/revisions\/117139"}],"wp:featuredmedia":[{"embeddable":true,"href":"https:\/\/aldiachaco.com.ar\/index.php\/wp-json\/wp\/v2\/media\/117138"}],"wp:attachment":[{"href":"https:\/\/aldiachaco.com.ar\/index.php\/wp-json\/wp\/v2\/media?parent=117137"}],"wp:term":[{"taxonomy":"category","embeddable":true,"href":"https:\/\/aldiachaco.com.ar\/index.php\/wp-json\/wp\/v2\/categories?post=117137"},{"taxonomy":"post_tag","embeddable":true,"href":"https:\/\/aldiachaco.com.ar\/index.php\/wp-json\/wp\/v2\/tags?post=117137"}],"curies":[{"name":"wp","href":"https:\/\/api.w.org\/{rel}","templated":true}]}}