{"id":117109,"date":"2026-02-18T20:01:57","date_gmt":"2026-02-18T23:01:57","guid":{"rendered":"https:\/\/aldiachaco.com.ar\/?p=117109"},"modified":"2026-02-18T20:01:57","modified_gmt":"2026-02-18T23:01:57","slug":"cinco-clubes-chaquenos-competiran-en-el-torneo-federal-de-basquet-es-un-orgullo-para-la-provincia","status":"publish","type":"post","link":"https:\/\/aldiachaco.com.ar\/index.php\/2026\/02\/18\/cinco-clubes-chaquenos-competiran-en-el-torneo-federal-de-basquet-es-un-orgullo-para-la-provincia\/","title":{"rendered":"Cinco clubes chaque\u00f1os competir\u00e1n en el Torneo Federal de B\u00e1squet: &#8220;Es un orgullo para la provincia&#8221;"},"content":{"rendered":"<p class=\"ds-markdown-paragraph\">El presidente del Instituto del Deporte Chaque\u00f1o, Fabio V\u00e1zquez, junto a la vocal de Loter\u00eda Chaque\u00f1a, Gabriela Galarza, presentaron oficialmente a los cinco clubes que representar\u00e1n a la provincia en el Torneo Federal Zona Norte de b\u00e1squet, que otorga ascensos a la segunda divisi\u00f3n del b\u00e1squet argentino y comenzar\u00e1 el pr\u00f3ximo 26 de febrero.<\/p>\n<p class=\"ds-markdown-paragraph\">Los equipos clasificados son: Club Regatas, Don Bosco e Hind\u00fa de Resistencia, H\u00e9rcules de Charata y Centro Cultural de Santa Sylvina. &#8220;Tenemos 5 equipos clasificados para el Federal, lo cual no hubiese sido posible sin la decisi\u00f3n del gobernador Zdero de apostar fuerte al deporte desde el inicio de la gesti\u00f3n&#8221;, remarc\u00f3 V\u00e1zquez.<\/p>\n<p class=\"ds-markdown-paragraph\"><strong>Acompa\u00f1amiento del Gobierno provincial<\/strong><\/p>\n<p class=\"ds-markdown-paragraph\">El funcionario destac\u00f3 el trabajo articulado con las instituciones deportivas y la Federaci\u00f3n Chaque\u00f1a de B\u00e1squet. &#8220;Estamos trabajando para acompa\u00f1ar a los clubes y que puedan afrontar este torneo tan importante. Es fundamental estar cerca de los clubes y de los deportistas. Vamos a ayudarlos porque el deporte es una pol\u00edtica de Estado en la provincia&#8221;, afirm\u00f3.<\/p>\n<p class=\"ds-markdown-paragraph\">Por su parte, Gabriela Galarza subray\u00f3 el rol de Loter\u00eda Chaque\u00f1a en el apoyo al deporte: &#8220;Es un eje fundamental que hist\u00f3ricamente sostiene Loter\u00eda, con una mirada equitativa para que tambi\u00e9n puedan participar clubes del interior&#8221;.<\/p>\n<p class=\"ds-markdown-paragraph\">El presidente de la Federaci\u00f3n Chaque\u00f1a de B\u00e1squet, Gustavo Rach, valor\u00f3 el impacto de la competencia en el desarrollo deportivo. &#8220;Tenemos una perspectiva muy importante para el b\u00e1squet chaque\u00f1o. Esto repercute en los chicos, que ven en estos equipos un espejo para aspirar a jugar en competencias de esta envergadura&#8221;, expres\u00f3.<\/p>\n<p class=\"ds-markdown-paragraph\"><strong>La palabra de los clubes<\/strong><\/p>\n<p class=\"ds-markdown-paragraph\">Los dirigentes de las instituciones participantes coincidieron en que el apoyo provincial fue determinante para poder afrontar el torneo, que implica altos costos de viajes, concentraciones y log\u00edstica.<\/p>\n<p class=\"ds-markdown-paragraph\">Luis Cerqueira, presidente del Club Hind\u00fa, se\u00f1al\u00f3: &#8220;Sin este apoyo ser\u00eda imposible afrontar un torneo de esta magnitud. Es la quinta participaci\u00f3n consecutiva de Hind\u00fa en esta competencia y estamos muy felices&#8221;.<\/p>\n<p class=\"ds-markdown-paragraph\">Javier Ayala, titular del Centro Cultural de Santa Sylvina, reconoci\u00f3 que evaluaron no participar por los altos costos. &#8220;Gracias al apoyo de la provincia pudimos confirmar nuestra presencia y estamos ansiosos por comenzar&#8221;.<\/p>\n<p class=\"ds-markdown-paragraph\">Pablo Cimbaro Canella, presidente del Club H\u00e9rcules de Charata, celebr\u00f3 la oportunidad de competir en una de las principales categor\u00edas del b\u00e1squet nacional, resaltando la importancia para el interior provincial.<\/p>\n<p class=\"ds-markdown-paragraph\">Acompa\u00f1aron la presentaci\u00f3n el intendente de Charata, Rub\u00e9n Rach, y la diputada provincial Susana Maggio.<\/p>\n<p class=\"ds-markdown-paragraph\"><strong>La competencia<\/strong><\/p>\n<p class=\"ds-markdown-paragraph\">El Torneo Federal Zona Norte contar\u00e1 con la participaci\u00f3n de equipos de Misiones, Chaco y Corrientes, generando un alto nivel de competitividad. V\u00e1zquez invit\u00f3 a la comunidad a asistir a los partidos: &#8220;Son muy atractivos, y su concurrencia tambi\u00e9n es fundamental para los ingresos de las instituciones&#8221;.<\/p>\n","protected":false},"excerpt":{"rendered":"<p>El presidente del Instituto del Deporte Chaque\u00f1o, Fabio V\u00e1zquez, junto a la vocal de Loter\u00eda Chaque\u00f1a, Gabriela Galarza, presentaron oficialmente a los cinco clubes que representar\u00e1n a la provincia en el Torneo Federal Zona Norte de b\u00e1squet, que otorga ascensos a la segunda divisi\u00f3n del b\u00e1squet argentino y comenzar\u00e1 el pr\u00f3ximo 26 de febrero. Los &hellip;<\/p>\n","protected":false},"author":9,"featured_media":117110,"comment_status":"open","ping_status":"open","sticky":false,"template":"","format":"standard","meta":{"content-type":"","_monsterinsights_skip_tracking":false,"_monsterinsights_sitenote_active":false,"_monsterinsights_sitenote_note":"","_monsterinsights_sitenote_category":0,"_jetpack_memberships_contains_paid_content":false,"footnotes":"","jetpack_publicize_message":"","jetpack_publicize_feature_enabled":true,"jetpack_social_post_already_shared":true,"jetpack_social_options":{"image_generator_settings":{"template":"highway","default_image_id":0,"font":"","enabled":false},"version":2}},"categories":[72],"tags":[],"class_list":["post-117109","post","type-post","status-publish","format-standard","has-post-thumbnail","hentry","category-deportes"],"yoast_head":"<!-- This site is optimized with the Yoast SEO plugin v27.4 - https:\/\/yoast.com\/product\/yoast-seo-wordpress\/ -->\n<title>Cinco clubes chaque\u00f1os competir\u00e1n en el Torneo Federal de B\u00e1squet: &quot;Es un orgullo para la provincia&quot; | Al Dia Chaco<\/title>\n<meta name=\"robots\" content=\"index, follow, max-snippet:-1, max-image-preview:large, max-video-preview:-1\" \/>\n<link rel=\"canonical\" href=\"https:\/\/aldiachaco.com.ar\/index.php\/2026\/02\/18\/cinco-clubes-chaquenos-competiran-en-el-torneo-federal-de-basquet-es-un-orgullo-para-la-provincia\/\" \/>\n<meta property=\"og:locale\" content=\"es_ES\" \/>\n<meta property=\"og:type\" content=\"article\" \/>\n<meta property=\"og:title\" content=\"Cinco clubes chaque\u00f1os competir\u00e1n en el Torneo Federal de B\u00e1squet: &quot;Es un orgullo para la provincia&quot; | Al Dia Chaco\" \/>\n<meta property=\"og:description\" content=\"El presidente del Instituto del Deporte Chaque\u00f1o, Fabio V\u00e1zquez, junto a la vocal de Loter\u00eda Chaque\u00f1a, Gabriela Galarza, presentaron oficialmente a los cinco clubes que representar\u00e1n a la provincia en el Torneo Federal Zona Norte de b\u00e1squet, que otorga ascensos a la segunda divisi\u00f3n del b\u00e1squet argentino y comenzar\u00e1 el pr\u00f3ximo 26 de febrero. Los &hellip;\" \/>\n<meta property=\"og:url\" content=\"https:\/\/aldiachaco.com.ar\/index.php\/2026\/02\/18\/cinco-clubes-chaquenos-competiran-en-el-torneo-federal-de-basquet-es-un-orgullo-para-la-provincia\/\" \/>\n<meta property=\"og:site_name\" content=\"Al Dia Chaco\" \/>\n<meta property=\"article:published_time\" content=\"2026-02-18T23:01:57+00:00\" \/>\n<meta property=\"og:image\" content=\"https:\/\/aldiachaco.com.ar\/wp-content\/uploads\/2026\/02\/WhatsApp-Image-2026-02-18-at-18.14.09.jpeg\" \/>\n\t<meta property=\"og:image:width\" content=\"1600\" \/>\n\t<meta property=\"og:image:height\" content=\"1066\" \/>\n\t<meta property=\"og:image:type\" content=\"image\/jpeg\" \/>\n<meta name=\"author\" content=\"RedaccionRM\" \/>\n<meta name=\"twitter:card\" content=\"summary_large_image\" \/>\n<meta name=\"twitter:label1\" content=\"Escrito por\" \/>\n\t<meta name=\"twitter:data1\" content=\"RedaccionRM\" \/>\n\t<meta name=\"twitter:label2\" content=\"Tiempo de lectura\" \/>\n\t<meta name=\"twitter:data2\" content=\"3 minutos\" \/>\n<script type=\"application\/ld+json\" class=\"yoast-schema-graph\">{\"@context\":\"https:\\\/\\\/schema.org\",\"@graph\":[{\"@type\":\"Article\",\"@id\":\"https:\\\/\\\/aldiachaco.com.ar\\\/index.php\\\/2026\\\/02\\\/18\\\/cinco-clubes-chaquenos-competiran-en-el-torneo-federal-de-basquet-es-un-orgullo-para-la-provincia\\\/#article\",\"isPartOf\":{\"@id\":\"https:\\\/\\\/aldiachaco.com.ar\\\/index.php\\\/2026\\\/02\\\/18\\\/cinco-clubes-chaquenos-competiran-en-el-torneo-federal-de-basquet-es-un-orgullo-para-la-provincia\\\/\"},\"author\":{\"name\":\"RedaccionRM\",\"@id\":\"https:\\\/\\\/aldiachaco.com.ar\\\/#\\\/schema\\\/person\\\/b24e975af8022082f5889a7a7299e962\"},\"headline\":\"Cinco clubes chaque\u00f1os competir\u00e1n en el Torneo Federal de B\u00e1squet: &#8220;Es un orgullo para la provincia&#8221;\",\"datePublished\":\"2026-02-18T23:01:57+00:00\",\"mainEntityOfPage\":{\"@id\":\"https:\\\/\\\/aldiachaco.com.ar\\\/index.php\\\/2026\\\/02\\\/18\\\/cinco-clubes-chaquenos-competiran-en-el-torneo-federal-de-basquet-es-un-orgullo-para-la-provincia\\\/\"},\"wordCount\":506,\"commentCount\":0,\"publisher\":{\"@id\":\"https:\\\/\\\/aldiachaco.com.ar\\\/#organization\"},\"image\":{\"@id\":\"https:\\\/\\\/aldiachaco.com.ar\\\/index.php\\\/2026\\\/02\\\/18\\\/cinco-clubes-chaquenos-competiran-en-el-torneo-federal-de-basquet-es-un-orgullo-para-la-provincia\\\/#primaryimage\"},\"thumbnailUrl\":\"https:\\\/\\\/aldiachaco.com.ar\\\/wp-content\\\/uploads\\\/2026\\\/02\\\/WhatsApp-Image-2026-02-18-at-18.14.09.jpeg\",\"articleSection\":[\"Deportes\"],\"inLanguage\":\"es-AR\",\"potentialAction\":[{\"@type\":\"CommentAction\",\"name\":\"Comment\",\"target\":[\"https:\\\/\\\/aldiachaco.com.ar\\\/index.php\\\/2026\\\/02\\\/18\\\/cinco-clubes-chaquenos-competiran-en-el-torneo-federal-de-basquet-es-un-orgullo-para-la-provincia\\\/#respond\"]}]},{\"@type\":\"WebPage\",\"@id\":\"https:\\\/\\\/aldiachaco.com.ar\\\/index.php\\\/2026\\\/02\\\/18\\\/cinco-clubes-chaquenos-competiran-en-el-torneo-federal-de-basquet-es-un-orgullo-para-la-provincia\\\/\",\"url\":\"https:\\\/\\\/aldiachaco.com.ar\\\/index.php\\\/2026\\\/02\\\/18\\\/cinco-clubes-chaquenos-competiran-en-el-torneo-federal-de-basquet-es-un-orgullo-para-la-provincia\\\/\",\"name\":\"Cinco clubes chaque\u00f1os competir\u00e1n en el Torneo Federal de B\u00e1squet: \\\"Es un orgullo para la provincia\\\" | Al Dia Chaco\",\"isPartOf\":{\"@id\":\"https:\\\/\\\/aldiachaco.com.ar\\\/#website\"},\"primaryImageOfPage\":{\"@id\":\"https:\\\/\\\/aldiachaco.com.ar\\\/index.php\\\/2026\\\/02\\\/18\\\/cinco-clubes-chaquenos-competiran-en-el-torneo-federal-de-basquet-es-un-orgullo-para-la-provincia\\\/#primaryimage\"},\"image\":{\"@id\":\"https:\\\/\\\/aldiachaco.com.ar\\\/index.php\\\/2026\\\/02\\\/18\\\/cinco-clubes-chaquenos-competiran-en-el-torneo-federal-de-basquet-es-un-orgullo-para-la-provincia\\\/#primaryimage\"},\"thumbnailUrl\":\"https:\\\/\\\/aldiachaco.com.ar\\\/wp-content\\\/uploads\\\/2026\\\/02\\\/WhatsApp-Image-2026-02-18-at-18.14.09.jpeg\",\"datePublished\":\"2026-02-18T23:01:57+00:00\",\"breadcrumb\":{\"@id\":\"https:\\\/\\\/aldiachaco.com.ar\\\/index.php\\\/2026\\\/02\\\/18\\\/cinco-clubes-chaquenos-competiran-en-el-torneo-federal-de-basquet-es-un-orgullo-para-la-provincia\\\/#breadcrumb\"},\"inLanguage\":\"es-AR\",\"potentialAction\":[{\"@type\":\"ReadAction\",\"target\":[\"https:\\\/\\\/aldiachaco.com.ar\\\/index.php\\\/2026\\\/02\\\/18\\\/cinco-clubes-chaquenos-competiran-en-el-torneo-federal-de-basquet-es-un-orgullo-para-la-provincia\\\/\"]}]},{\"@type\":\"ImageObject\",\"inLanguage\":\"es-AR\",\"@id\":\"https:\\\/\\\/aldiachaco.com.ar\\\/index.php\\\/2026\\\/02\\\/18\\\/cinco-clubes-chaquenos-competiran-en-el-torneo-federal-de-basquet-es-un-orgullo-para-la-provincia\\\/#primaryimage\",\"url\":\"https:\\\/\\\/aldiachaco.com.ar\\\/wp-content\\\/uploads\\\/2026\\\/02\\\/WhatsApp-Image-2026-02-18-at-18.14.09.jpeg\",\"contentUrl\":\"https:\\\/\\\/aldiachaco.com.ar\\\/wp-content\\\/uploads\\\/2026\\\/02\\\/WhatsApp-Image-2026-02-18-at-18.14.09.jpeg\",\"width\":1600,\"height\":1066},{\"@type\":\"BreadcrumbList\",\"@id\":\"https:\\\/\\\/aldiachaco.com.ar\\\/index.php\\\/2026\\\/02\\\/18\\\/cinco-clubes-chaquenos-competiran-en-el-torneo-federal-de-basquet-es-un-orgullo-para-la-provincia\\\/#breadcrumb\",\"itemListElement\":[{\"@type\":\"ListItem\",\"position\":1,\"name\":\"Home\",\"item\":\"https:\\\/\\\/aldiachaco.com.ar\\\/\"},{\"@type\":\"ListItem\",\"position\":2,\"name\":\"Cinco clubes chaque\u00f1os competir\u00e1n en el Torneo Federal de B\u00e1squet: &#8220;Es un orgullo para la provincia&#8221;\"}]},{\"@type\":\"WebSite\",\"@id\":\"https:\\\/\\\/aldiachaco.com.ar\\\/#website\",\"url\":\"https:\\\/\\\/aldiachaco.com.ar\\\/\",\"name\":\"Al Dia Chaco\",\"description\":\"Noticias del Chaco y el mundo\",\"publisher\":{\"@id\":\"https:\\\/\\\/aldiachaco.com.ar\\\/#organization\"},\"alternateName\":\"Al D\u00eda Chaco\",\"potentialAction\":[{\"@type\":\"SearchAction\",\"target\":{\"@type\":\"EntryPoint\",\"urlTemplate\":\"https:\\\/\\\/aldiachaco.com.ar\\\/?s={search_term_string}\"},\"query-input\":{\"@type\":\"PropertyValueSpecification\",\"valueRequired\":true,\"valueName\":\"search_term_string\"}}],\"inLanguage\":\"es-AR\"},{\"@type\":\"Organization\",\"@id\":\"https:\\\/\\\/aldiachaco.com.ar\\\/#organization\",\"name\":\"Al Dia Chaco\",\"url\":\"https:\\\/\\\/aldiachaco.com.ar\\\/\",\"logo\":{\"@type\":\"ImageObject\",\"inLanguage\":\"es-AR\",\"@id\":\"https:\\\/\\\/aldiachaco.com.ar\\\/#\\\/schema\\\/logo\\\/image\\\/\",\"url\":\"https:\\\/\\\/aldiachaco.com.ar\\\/wp-content\\\/uploads\\\/2017\\\/11\\\/AL-DIA-CHACO-L@2x.png\",\"contentUrl\":\"https:\\\/\\\/aldiachaco.com.ar\\\/wp-content\\\/uploads\\\/2017\\\/11\\\/AL-DIA-CHACO-L@2x.png\",\"width\":232,\"height\":60,\"caption\":\"Al Dia Chaco\"},\"image\":{\"@id\":\"https:\\\/\\\/aldiachaco.com.ar\\\/#\\\/schema\\\/logo\\\/image\\\/\"}},{\"@type\":\"Person\",\"@id\":\"https:\\\/\\\/aldiachaco.com.ar\\\/#\\\/schema\\\/person\\\/b24e975af8022082f5889a7a7299e962\",\"name\":\"RedaccionRM\",\"image\":{\"@type\":\"ImageObject\",\"inLanguage\":\"es-AR\",\"@id\":\"https:\\\/\\\/aldiachaco.com.ar\\\/wp-content\\\/litespeed\\\/avatar\\\/a30118fcb7a6295303f1c91164c6aba1.jpg?ver=1777339088\",\"url\":\"https:\\\/\\\/aldiachaco.com.ar\\\/wp-content\\\/litespeed\\\/avatar\\\/a30118fcb7a6295303f1c91164c6aba1.jpg?ver=1777339088\",\"contentUrl\":\"https:\\\/\\\/aldiachaco.com.ar\\\/wp-content\\\/litespeed\\\/avatar\\\/a30118fcb7a6295303f1c91164c6aba1.jpg?ver=1777339088\",\"caption\":\"RedaccionRM\"},\"url\":\"https:\\\/\\\/aldiachaco.com.ar\\\/index.php\\\/author\\\/redaccionrm\\\/\"}]}<\/script>\n<!-- \/ Yoast SEO plugin. -->","yoast_head_json":{"title":"Cinco clubes chaque\u00f1os competir\u00e1n en el Torneo Federal de B\u00e1squet: \"Es un orgullo para la provincia\" | Al Dia Chaco","robots":{"index":"index","follow":"follow","max-snippet":"max-snippet:-1","max-image-preview":"max-image-preview:large","max-video-preview":"max-video-preview:-1"},"canonical":"https:\/\/aldiachaco.com.ar\/index.php\/2026\/02\/18\/cinco-clubes-chaquenos-competiran-en-el-torneo-federal-de-basquet-es-un-orgullo-para-la-provincia\/","og_locale":"es_ES","og_type":"article","og_title":"Cinco clubes chaque\u00f1os competir\u00e1n en el Torneo Federal de B\u00e1squet: \"Es un orgullo para la provincia\" | Al Dia Chaco","og_description":"El presidente del Instituto del Deporte Chaque\u00f1o, Fabio V\u00e1zquez, junto a la vocal de Loter\u00eda Chaque\u00f1a, Gabriela Galarza, presentaron oficialmente a los cinco clubes que representar\u00e1n a la provincia en el Torneo Federal Zona Norte de b\u00e1squet, que otorga ascensos a la segunda divisi\u00f3n del b\u00e1squet argentino y comenzar\u00e1 el pr\u00f3ximo 26 de febrero. Los &hellip;","og_url":"https:\/\/aldiachaco.com.ar\/index.php\/2026\/02\/18\/cinco-clubes-chaquenos-competiran-en-el-torneo-federal-de-basquet-es-un-orgullo-para-la-provincia\/","og_site_name":"Al Dia Chaco","article_published_time":"2026-02-18T23:01:57+00:00","og_image":[{"width":1600,"height":1066,"url":"https:\/\/aldiachaco.com.ar\/wp-content\/uploads\/2026\/02\/WhatsApp-Image-2026-02-18-at-18.14.09.jpeg","type":"image\/jpeg"}],"author":"RedaccionRM","twitter_card":"summary_large_image","twitter_misc":{"Escrito por":"RedaccionRM","Tiempo de lectura":"3 minutos"},"schema":{"@context":"https:\/\/schema.org","@graph":[{"@type":"Article","@id":"https:\/\/aldiachaco.com.ar\/index.php\/2026\/02\/18\/cinco-clubes-chaquenos-competiran-en-el-torneo-federal-de-basquet-es-un-orgullo-para-la-provincia\/#article","isPartOf":{"@id":"https:\/\/aldiachaco.com.ar\/index.php\/2026\/02\/18\/cinco-clubes-chaquenos-competiran-en-el-torneo-federal-de-basquet-es-un-orgullo-para-la-provincia\/"},"author":{"name":"RedaccionRM","@id":"https:\/\/aldiachaco.com.ar\/#\/schema\/person\/b24e975af8022082f5889a7a7299e962"},"headline":"Cinco clubes chaque\u00f1os competir\u00e1n en el Torneo Federal de B\u00e1squet: &#8220;Es un orgullo para la provincia&#8221;","datePublished":"2026-02-18T23:01:57+00:00","mainEntityOfPage":{"@id":"https:\/\/aldiachaco.com.ar\/index.php\/2026\/02\/18\/cinco-clubes-chaquenos-competiran-en-el-torneo-federal-de-basquet-es-un-orgullo-para-la-provincia\/"},"wordCount":506,"commentCount":0,"publisher":{"@id":"https:\/\/aldiachaco.com.ar\/#organization"},"image":{"@id":"https:\/\/aldiachaco.com.ar\/index.php\/2026\/02\/18\/cinco-clubes-chaquenos-competiran-en-el-torneo-federal-de-basquet-es-un-orgullo-para-la-provincia\/#primaryimage"},"thumbnailUrl":"https:\/\/aldiachaco.com.ar\/wp-content\/uploads\/2026\/02\/WhatsApp-Image-2026-02-18-at-18.14.09.jpeg","articleSection":["Deportes"],"inLanguage":"es-AR","potentialAction":[{"@type":"CommentAction","name":"Comment","target":["https:\/\/aldiachaco.com.ar\/index.php\/2026\/02\/18\/cinco-clubes-chaquenos-competiran-en-el-torneo-federal-de-basquet-es-un-orgullo-para-la-provincia\/#respond"]}]},{"@type":"WebPage","@id":"https:\/\/aldiachaco.com.ar\/index.php\/2026\/02\/18\/cinco-clubes-chaquenos-competiran-en-el-torneo-federal-de-basquet-es-un-orgullo-para-la-provincia\/","url":"https:\/\/aldiachaco.com.ar\/index.php\/2026\/02\/18\/cinco-clubes-chaquenos-competiran-en-el-torneo-federal-de-basquet-es-un-orgullo-para-la-provincia\/","name":"Cinco clubes chaque\u00f1os competir\u00e1n en el Torneo Federal de B\u00e1squet: \"Es un orgullo para la provincia\" | Al Dia Chaco","isPartOf":{"@id":"https:\/\/aldiachaco.com.ar\/#website"},"primaryImageOfPage":{"@id":"https:\/\/aldiachaco.com.ar\/index.php\/2026\/02\/18\/cinco-clubes-chaquenos-competiran-en-el-torneo-federal-de-basquet-es-un-orgullo-para-la-provincia\/#primaryimage"},"image":{"@id":"https:\/\/aldiachaco.com.ar\/index.php\/2026\/02\/18\/cinco-clubes-chaquenos-competiran-en-el-torneo-federal-de-basquet-es-un-orgullo-para-la-provincia\/#primaryimage"},"thumbnailUrl":"https:\/\/aldiachaco.com.ar\/wp-content\/uploads\/2026\/02\/WhatsApp-Image-2026-02-18-at-18.14.09.jpeg","datePublished":"2026-02-18T23:01:57+00:00","breadcrumb":{"@id":"https:\/\/aldiachaco.com.ar\/index.php\/2026\/02\/18\/cinco-clubes-chaquenos-competiran-en-el-torneo-federal-de-basquet-es-un-orgullo-para-la-provincia\/#breadcrumb"},"inLanguage":"es-AR","potentialAction":[{"@type":"ReadAction","target":["https:\/\/aldiachaco.com.ar\/index.php\/2026\/02\/18\/cinco-clubes-chaquenos-competiran-en-el-torneo-federal-de-basquet-es-un-orgullo-para-la-provincia\/"]}]},{"@type":"ImageObject","inLanguage":"es-AR","@id":"https:\/\/aldiachaco.com.ar\/index.php\/2026\/02\/18\/cinco-clubes-chaquenos-competiran-en-el-torneo-federal-de-basquet-es-un-orgullo-para-la-provincia\/#primaryimage","url":"https:\/\/aldiachaco.com.ar\/wp-content\/uploads\/2026\/02\/WhatsApp-Image-2026-02-18-at-18.14.09.jpeg","contentUrl":"https:\/\/aldiachaco.com.ar\/wp-content\/uploads\/2026\/02\/WhatsApp-Image-2026-02-18-at-18.14.09.jpeg","width":1600,"height":1066},{"@type":"BreadcrumbList","@id":"https:\/\/aldiachaco.com.ar\/index.php\/2026\/02\/18\/cinco-clubes-chaquenos-competiran-en-el-torneo-federal-de-basquet-es-un-orgullo-para-la-provincia\/#breadcrumb","itemListElement":[{"@type":"ListItem","position":1,"name":"Home","item":"https:\/\/aldiachaco.com.ar\/"},{"@type":"ListItem","position":2,"name":"Cinco clubes chaque\u00f1os competir\u00e1n en el Torneo Federal de B\u00e1squet: &#8220;Es un orgullo para la provincia&#8221;"}]},{"@type":"WebSite","@id":"https:\/\/aldiachaco.com.ar\/#website","url":"https:\/\/aldiachaco.com.ar\/","name":"Al Dia Chaco","description":"Noticias del Chaco y el mundo","publisher":{"@id":"https:\/\/aldiachaco.com.ar\/#organization"},"alternateName":"Al D\u00eda Chaco","potentialAction":[{"@type":"SearchAction","target":{"@type":"EntryPoint","urlTemplate":"https:\/\/aldiachaco.com.ar\/?s={search_term_string}"},"query-input":{"@type":"PropertyValueSpecification","valueRequired":true,"valueName":"search_term_string"}}],"inLanguage":"es-AR"},{"@type":"Organization","@id":"https:\/\/aldiachaco.com.ar\/#organization","name":"Al Dia Chaco","url":"https:\/\/aldiachaco.com.ar\/","logo":{"@type":"ImageObject","inLanguage":"es-AR","@id":"https:\/\/aldiachaco.com.ar\/#\/schema\/logo\/image\/","url":"https:\/\/aldiachaco.com.ar\/wp-content\/uploads\/2017\/11\/AL-DIA-CHACO-L@2x.png","contentUrl":"https:\/\/aldiachaco.com.ar\/wp-content\/uploads\/2017\/11\/AL-DIA-CHACO-L@2x.png","width":232,"height":60,"caption":"Al Dia Chaco"},"image":{"@id":"https:\/\/aldiachaco.com.ar\/#\/schema\/logo\/image\/"}},{"@type":"Person","@id":"https:\/\/aldiachaco.com.ar\/#\/schema\/person\/b24e975af8022082f5889a7a7299e962","name":"RedaccionRM","image":{"@type":"ImageObject","inLanguage":"es-AR","@id":"https:\/\/aldiachaco.com.ar\/wp-content\/litespeed\/avatar\/a30118fcb7a6295303f1c91164c6aba1.jpg?ver=1777339088","url":"https:\/\/aldiachaco.com.ar\/wp-content\/litespeed\/avatar\/a30118fcb7a6295303f1c91164c6aba1.jpg?ver=1777339088","contentUrl":"https:\/\/aldiachaco.com.ar\/wp-content\/litespeed\/avatar\/a30118fcb7a6295303f1c91164c6aba1.jpg?ver=1777339088","caption":"RedaccionRM"},"url":"https:\/\/aldiachaco.com.ar\/index.php\/author\/redaccionrm\/"}]}},"jetpack_publicize_connections":[],"jetpack_featured_media_url":"https:\/\/aldiachaco.com.ar\/wp-content\/uploads\/2026\/02\/WhatsApp-Image-2026-02-18-at-18.14.09.jpeg","jetpack_sharing_enabled":true,"amp_enabled":true,"_links":{"self":[{"href":"https:\/\/aldiachaco.com.ar\/index.php\/wp-json\/wp\/v2\/posts\/117109","targetHints":{"allow":["GET"]}}],"collection":[{"href":"https:\/\/aldiachaco.com.ar\/index.php\/wp-json\/wp\/v2\/posts"}],"about":[{"href":"https:\/\/aldiachaco.com.ar\/index.php\/wp-json\/wp\/v2\/types\/post"}],"author":[{"embeddable":true,"href":"https:\/\/aldiachaco.com.ar\/index.php\/wp-json\/wp\/v2\/users\/9"}],"replies":[{"embeddable":true,"href":"https:\/\/aldiachaco.com.ar\/index.php\/wp-json\/wp\/v2\/comments?post=117109"}],"version-history":[{"count":1,"href":"https:\/\/aldiachaco.com.ar\/index.php\/wp-json\/wp\/v2\/posts\/117109\/revisions"}],"predecessor-version":[{"id":117111,"href":"https:\/\/aldiachaco.com.ar\/index.php\/wp-json\/wp\/v2\/posts\/117109\/revisions\/117111"}],"wp:featuredmedia":[{"embeddable":true,"href":"https:\/\/aldiachaco.com.ar\/index.php\/wp-json\/wp\/v2\/media\/117110"}],"wp:attachment":[{"href":"https:\/\/aldiachaco.com.ar\/index.php\/wp-json\/wp\/v2\/media?parent=117109"}],"wp:term":[{"taxonomy":"category","embeddable":true,"href":"https:\/\/aldiachaco.com.ar\/index.php\/wp-json\/wp\/v2\/categories?post=117109"},{"taxonomy":"post_tag","embeddable":true,"href":"https:\/\/aldiachaco.com.ar\/index.php\/wp-json\/wp\/v2\/tags?post=117109"}],"curies":[{"name":"wp","href":"https:\/\/api.w.org\/{rel}","templated":true}]}}