{"id":117086,"date":"2026-02-18T10:22:32","date_gmt":"2026-02-18T13:22:32","guid":{"rendered":"https:\/\/aldiachaco.com.ar\/?p=117086"},"modified":"2026-02-18T10:22:32","modified_gmt":"2026-02-18T13:22:32","slug":"barranqueras-vivio-unas-noches-historicas-de-carnaval-con-mas-de-15-mil-asistentes","status":"publish","type":"post","link":"https:\/\/aldiachaco.com.ar\/index.php\/2026\/02\/18\/barranqueras-vivio-unas-noches-historicas-de-carnaval-con-mas-de-15-mil-asistentes\/","title":{"rendered":"Barranqueras vivi\u00f3 unas noches hist\u00f3ricas de carnaval con m\u00e1s de 15 mil asistentes"},"content":{"rendered":"<p class=\"ds-markdown-paragraph\">La ciudad de Barranqueras celebr\u00f3 dos noches inolvidables de carnaval sobre la avenida 9 de Julio, transformada en el epicentro de una verdadera fiesta popular que convoc\u00f3 a unas 15 mil personas durante ambas jornadas. &#8220;Barranqueras late al Ritmo del Carnaval&#8221; se consolid\u00f3 como uno de los eventos culturales m\u00e1s importantes del \u00e1rea metropolitana, destac\u00e1ndose adem\u00e1s como la \u00fanica ciudad de la zona en sostener sus carnavales en un contexto complejo.<\/p>\n<p class=\"ds-markdown-paragraph\">La respuesta del p\u00fablico fue contundente: familias enteras, j\u00f3venes y visitantes de localidades vecinas colmaron el cors\u00f3dromo para acompa\u00f1ar a las comparsas. El brillo lleg\u00f3 de la mano de Disco Samba, Bater\u00eda Stanley, Villa Florida, Perla Negra, La Jaula de las Locas y Porto Alegre, que desplegaron meses de preparaci\u00f3n en vestuario, coreograf\u00edas y puesta en escena. Tambi\u00e9n participaron comparsas invitadas de Fontana y Margarita Bel\u00e9n, aportando m\u00e1s color y ritmo a cada pasada.<\/p>\n<p class=\"ds-markdown-paragraph\">El evento cont\u00f3 con el acompa\u00f1amiento del Municipio, encabezado por el intendente Roberto Ben\u00edtez y la diputada provincial Magda Ayala, adem\u00e1s del respaldo del Instituto de Cultura del Chaco y de emprendedores y comercios locales que impulsaron el movimiento econ\u00f3mico durante ambas noches.<\/p>\n<p class=\"ds-markdown-paragraph\">M\u00e1s que un espect\u00e1culo, el carnaval fue un espacio de encuentro entre generaciones y una muestra del talento local. El cierre se realizar\u00e1 en la Plaza Sarmiento con la entrega de diplomas y un show final, poniendo broche de oro a una edici\u00f3n que ya qued\u00f3 en la memoria de la ciudad. &#8220;Barranqueras volvi\u00f3 a demostrar que cuando se une, brilla&#8221;, expresaron desde la organizaci\u00f3n.<\/p>\n<p class=\"ds-markdown-paragraph\"><div style=\"width: 478px;\" class=\"wp-video\"><video class=\"wp-video-shortcode\" id=\"video-117086-1\" width=\"478\" height=\"850\" preload=\"metadata\" controls=\"controls\"><source type=\"video\/mp4\" src=\"https:\/\/aldiachaco.com.ar\/wp-content\/uploads\/2026\/02\/WhatsApp-Video-2026-02-18-at-10.16.00.mp4?_=1\" \/><a href=\"https:\/\/aldiachaco.com.ar\/wp-content\/uploads\/2026\/02\/WhatsApp-Video-2026-02-18-at-10.16.00.mp4\">https:\/\/aldiachaco.com.ar\/wp-content\/uploads\/2026\/02\/WhatsApp-Video-2026-02-18-at-10.16.00.mp4<\/a><\/video><\/div>\n<p><img loading=\"lazy\" decoding=\"async\" class=\"alignnone size-medium wp-image-117092\" src=\"https:\/\/aldiachaco.com.ar\/wp-content\/uploads\/2026\/02\/WhatsApp-Image-2026-02-18-at-10.16.04-300x169.jpeg\" alt=\"\" width=\"300\" height=\"169\" srcset=\"https:\/\/aldiachaco.com.ar\/wp-content\/uploads\/2026\/02\/WhatsApp-Image-2026-02-18-at-10.16.04-300x169.jpeg 300w, https:\/\/aldiachaco.com.ar\/wp-content\/uploads\/2026\/02\/WhatsApp-Image-2026-02-18-at-10.16.04-768x433.jpeg 768w, https:\/\/aldiachaco.com.ar\/wp-content\/uploads\/2026\/02\/WhatsApp-Image-2026-02-18-at-10.16.04-390x220.jpeg 390w, https:\/\/aldiachaco.com.ar\/wp-content\/uploads\/2026\/02\/WhatsApp-Image-2026-02-18-at-10.16.04-780x439.jpeg 780w, https:\/\/aldiachaco.com.ar\/wp-content\/uploads\/2026\/02\/WhatsApp-Image-2026-02-18-at-10.16.04-600x338.jpeg 600w, https:\/\/aldiachaco.com.ar\/wp-content\/uploads\/2026\/02\/WhatsApp-Image-2026-02-18-at-10.16.04.jpeg 902w\" sizes=\"auto, (max-width: 300px) 100vw, 300px\" \/> <img loading=\"lazy\" decoding=\"async\" class=\"alignnone size-medium wp-image-117091\" src=\"https:\/\/aldiachaco.com.ar\/wp-content\/uploads\/2026\/02\/WhatsApp-Image-2026-02-18-at-10.16.05-300x169.jpeg\" alt=\"\" width=\"300\" height=\"169\" srcset=\"https:\/\/aldiachaco.com.ar\/wp-content\/uploads\/2026\/02\/WhatsApp-Image-2026-02-18-at-10.16.05-300x169.jpeg 300w, https:\/\/aldiachaco.com.ar\/wp-content\/uploads\/2026\/02\/WhatsApp-Image-2026-02-18-at-10.16.05-768x433.jpeg 768w, https:\/\/aldiachaco.com.ar\/wp-content\/uploads\/2026\/02\/WhatsApp-Image-2026-02-18-at-10.16.05-390x220.jpeg 390w, https:\/\/aldiachaco.com.ar\/wp-content\/uploads\/2026\/02\/WhatsApp-Image-2026-02-18-at-10.16.05-780x439.jpeg 780w, https:\/\/aldiachaco.com.ar\/wp-content\/uploads\/2026\/02\/WhatsApp-Image-2026-02-18-at-10.16.05-600x338.jpeg 600w, https:\/\/aldiachaco.com.ar\/wp-content\/uploads\/2026\/02\/WhatsApp-Image-2026-02-18-at-10.16.05.jpeg 902w\" sizes=\"auto, (max-width: 300px) 100vw, 300px\" \/> <img loading=\"lazy\" decoding=\"async\" class=\"alignnone size-medium wp-image-117090\" src=\"https:\/\/aldiachaco.com.ar\/wp-content\/uploads\/2026\/02\/WhatsApp-Image-2026-02-18-at-10.16.05-1-300x169.jpeg\" alt=\"\" width=\"300\" height=\"169\" srcset=\"https:\/\/aldiachaco.com.ar\/wp-content\/uploads\/2026\/02\/WhatsApp-Image-2026-02-18-at-10.16.05-1-300x169.jpeg 300w, https:\/\/aldiachaco.com.ar\/wp-content\/uploads\/2026\/02\/WhatsApp-Image-2026-02-18-at-10.16.05-1-768x433.jpeg 768w, https:\/\/aldiachaco.com.ar\/wp-content\/uploads\/2026\/02\/WhatsApp-Image-2026-02-18-at-10.16.05-1-390x220.jpeg 390w, https:\/\/aldiachaco.com.ar\/wp-content\/uploads\/2026\/02\/WhatsApp-Image-2026-02-18-at-10.16.05-1-780x439.jpeg 780w, https:\/\/aldiachaco.com.ar\/wp-content\/uploads\/2026\/02\/WhatsApp-Image-2026-02-18-at-10.16.05-1-600x338.jpeg 600w, https:\/\/aldiachaco.com.ar\/wp-content\/uploads\/2026\/02\/WhatsApp-Image-2026-02-18-at-10.16.05-1.jpeg 902w\" sizes=\"auto, (max-width: 300px) 100vw, 300px\" \/> <img loading=\"lazy\" decoding=\"async\" class=\"alignnone size-medium wp-image-117089\" src=\"https:\/\/aldiachaco.com.ar\/wp-content\/uploads\/2026\/02\/WhatsApp-Image-2026-02-18-at-10.16.06-300x169.jpeg\" alt=\"\" width=\"300\" height=\"169\" srcset=\"https:\/\/aldiachaco.com.ar\/wp-content\/uploads\/2026\/02\/WhatsApp-Image-2026-02-18-at-10.16.06-300x169.jpeg 300w, https:\/\/aldiachaco.com.ar\/wp-content\/uploads\/2026\/02\/WhatsApp-Image-2026-02-18-at-10.16.06-768x433.jpeg 768w, https:\/\/aldiachaco.com.ar\/wp-content\/uploads\/2026\/02\/WhatsApp-Image-2026-02-18-at-10.16.06-390x220.jpeg 390w, https:\/\/aldiachaco.com.ar\/wp-content\/uploads\/2026\/02\/WhatsApp-Image-2026-02-18-at-10.16.06-780x439.jpeg 780w, https:\/\/aldiachaco.com.ar\/wp-content\/uploads\/2026\/02\/WhatsApp-Image-2026-02-18-at-10.16.06-600x338.jpeg 600w, https:\/\/aldiachaco.com.ar\/wp-content\/uploads\/2026\/02\/WhatsApp-Image-2026-02-18-at-10.16.06.jpeg 902w\" sizes=\"auto, (max-width: 300px) 100vw, 300px\" \/> <img loading=\"lazy\" decoding=\"async\" class=\"alignnone size-medium wp-image-117088\" src=\"https:\/\/aldiachaco.com.ar\/wp-content\/uploads\/2026\/02\/WhatsApp-Image-2026-02-18-at-10.16.06-1-300x169.jpeg\" alt=\"\" width=\"300\" height=\"169\" srcset=\"https:\/\/aldiachaco.com.ar\/wp-content\/uploads\/2026\/02\/WhatsApp-Image-2026-02-18-at-10.16.06-1-300x169.jpeg 300w, https:\/\/aldiachaco.com.ar\/wp-content\/uploads\/2026\/02\/WhatsApp-Image-2026-02-18-at-10.16.06-1-768x433.jpeg 768w, https:\/\/aldiachaco.com.ar\/wp-content\/uploads\/2026\/02\/WhatsApp-Image-2026-02-18-at-10.16.06-1-390x220.jpeg 390w, https:\/\/aldiachaco.com.ar\/wp-content\/uploads\/2026\/02\/WhatsApp-Image-2026-02-18-at-10.16.06-1-780x439.jpeg 780w, https:\/\/aldiachaco.com.ar\/wp-content\/uploads\/2026\/02\/WhatsApp-Image-2026-02-18-at-10.16.06-1-600x338.jpeg 600w, https:\/\/aldiachaco.com.ar\/wp-content\/uploads\/2026\/02\/WhatsApp-Image-2026-02-18-at-10.16.06-1.jpeg 902w\" sizes=\"auto, (max-width: 300px) 100vw, 300px\" \/><\/p>\n","protected":false},"excerpt":{"rendered":"<p>La ciudad de Barranqueras celebr\u00f3 dos noches inolvidables de carnaval sobre la avenida 9 de Julio, transformada en el epicentro de una verdadera fiesta popular que convoc\u00f3 a unas 15 mil personas durante ambas jornadas. &#8220;Barranqueras late al Ritmo del Carnaval&#8221; se consolid\u00f3 como uno de los eventos culturales m\u00e1s importantes del \u00e1rea metropolitana, destac\u00e1ndose &hellip;<\/p>\n","protected":false},"author":9,"featured_media":117087,"comment_status":"open","ping_status":"open","sticky":false,"template":"","format":"standard","meta":{"content-type":"","_monsterinsights_skip_tracking":false,"_monsterinsights_sitenote_active":false,"_monsterinsights_sitenote_note":"","_monsterinsights_sitenote_category":0,"_jetpack_memberships_contains_paid_content":false,"footnotes":"","jetpack_publicize_message":"","jetpack_publicize_feature_enabled":true,"jetpack_social_post_already_shared":true,"jetpack_social_options":{"image_generator_settings":{"template":"highway","default_image_id":0,"font":"","enabled":false},"version":2}},"categories":[71],"tags":[],"class_list":["post-117086","post","type-post","status-publish","format-standard","has-post-thumbnail","hentry","category-barranqueras"],"yoast_head":"<!-- This site is optimized with the Yoast SEO plugin v27.4 - https:\/\/yoast.com\/product\/yoast-seo-wordpress\/ -->\n<title>Barranqueras vivi\u00f3 unas noches hist\u00f3ricas de carnaval con m\u00e1s de 15 mil asistentes | Al Dia Chaco<\/title>\n<meta name=\"robots\" content=\"index, follow, max-snippet:-1, max-image-preview:large, max-video-preview:-1\" \/>\n<link rel=\"canonical\" href=\"https:\/\/aldiachaco.com.ar\/index.php\/2026\/02\/18\/barranqueras-vivio-unas-noches-historicas-de-carnaval-con-mas-de-15-mil-asistentes\/\" \/>\n<meta property=\"og:locale\" content=\"es_ES\" \/>\n<meta property=\"og:type\" content=\"article\" \/>\n<meta property=\"og:title\" content=\"Barranqueras vivi\u00f3 unas noches hist\u00f3ricas de carnaval con m\u00e1s de 15 mil asistentes | Al Dia Chaco\" \/>\n<meta property=\"og:description\" content=\"La ciudad de Barranqueras celebr\u00f3 dos noches inolvidables de carnaval sobre la avenida 9 de Julio, transformada en el epicentro de una verdadera fiesta popular que convoc\u00f3 a unas 15 mil personas durante ambas jornadas. &#8220;Barranqueras late al Ritmo del Carnaval&#8221; se consolid\u00f3 como uno de los eventos culturales m\u00e1s importantes del \u00e1rea metropolitana, destac\u00e1ndose &hellip;\" \/>\n<meta property=\"og:url\" content=\"https:\/\/aldiachaco.com.ar\/index.php\/2026\/02\/18\/barranqueras-vivio-unas-noches-historicas-de-carnaval-con-mas-de-15-mil-asistentes\/\" \/>\n<meta property=\"og:site_name\" content=\"Al Dia Chaco\" \/>\n<meta property=\"article:published_time\" content=\"2026-02-18T13:22:32+00:00\" \/>\n<meta property=\"og:image\" content=\"https:\/\/aldiachaco.com.ar\/wp-content\/uploads\/2026\/02\/WhatsApp-Image-2026-02-18-at-10.16.06-2.jpeg\" \/>\n\t<meta property=\"og:image:width\" content=\"900\" \/>\n\t<meta property=\"og:image:height\" content=\"506\" \/>\n\t<meta property=\"og:image:type\" content=\"image\/jpeg\" \/>\n<meta name=\"author\" content=\"RedaccionRM\" \/>\n<meta name=\"twitter:card\" content=\"summary_large_image\" \/>\n<meta name=\"twitter:label1\" content=\"Escrito por\" \/>\n\t<meta name=\"twitter:data1\" content=\"RedaccionRM\" \/>\n\t<meta name=\"twitter:label2\" content=\"Tiempo de lectura\" \/>\n\t<meta name=\"twitter:data2\" content=\"3 minutos\" \/>\n<script type=\"application\/ld+json\" class=\"yoast-schema-graph\">{\"@context\":\"https:\\\/\\\/schema.org\",\"@graph\":[{\"@type\":\"Article\",\"@id\":\"https:\\\/\\\/aldiachaco.com.ar\\\/index.php\\\/2026\\\/02\\\/18\\\/barranqueras-vivio-unas-noches-historicas-de-carnaval-con-mas-de-15-mil-asistentes\\\/#article\",\"isPartOf\":{\"@id\":\"https:\\\/\\\/aldiachaco.com.ar\\\/index.php\\\/2026\\\/02\\\/18\\\/barranqueras-vivio-unas-noches-historicas-de-carnaval-con-mas-de-15-mil-asistentes\\\/\"},\"author\":{\"name\":\"RedaccionRM\",\"@id\":\"https:\\\/\\\/aldiachaco.com.ar\\\/#\\\/schema\\\/person\\\/b24e975af8022082f5889a7a7299e962\"},\"headline\":\"Barranqueras vivi\u00f3 unas noches hist\u00f3ricas de carnaval con m\u00e1s de 15 mil asistentes\",\"datePublished\":\"2026-02-18T13:22:32+00:00\",\"mainEntityOfPage\":{\"@id\":\"https:\\\/\\\/aldiachaco.com.ar\\\/index.php\\\/2026\\\/02\\\/18\\\/barranqueras-vivio-unas-noches-historicas-de-carnaval-con-mas-de-15-mil-asistentes\\\/\"},\"wordCount\":302,\"commentCount\":0,\"publisher\":{\"@id\":\"https:\\\/\\\/aldiachaco.com.ar\\\/#organization\"},\"image\":{\"@id\":\"https:\\\/\\\/aldiachaco.com.ar\\\/index.php\\\/2026\\\/02\\\/18\\\/barranqueras-vivio-unas-noches-historicas-de-carnaval-con-mas-de-15-mil-asistentes\\\/#primaryimage\"},\"thumbnailUrl\":\"https:\\\/\\\/aldiachaco.com.ar\\\/wp-content\\\/uploads\\\/2026\\\/02\\\/WhatsApp-Image-2026-02-18-at-10.16.06-2.jpeg\",\"articleSection\":[\"Barranqueras\"],\"inLanguage\":\"es-AR\",\"potentialAction\":[{\"@type\":\"CommentAction\",\"name\":\"Comment\",\"target\":[\"https:\\\/\\\/aldiachaco.com.ar\\\/index.php\\\/2026\\\/02\\\/18\\\/barranqueras-vivio-unas-noches-historicas-de-carnaval-con-mas-de-15-mil-asistentes\\\/#respond\"]}]},{\"@type\":\"WebPage\",\"@id\":\"https:\\\/\\\/aldiachaco.com.ar\\\/index.php\\\/2026\\\/02\\\/18\\\/barranqueras-vivio-unas-noches-historicas-de-carnaval-con-mas-de-15-mil-asistentes\\\/\",\"url\":\"https:\\\/\\\/aldiachaco.com.ar\\\/index.php\\\/2026\\\/02\\\/18\\\/barranqueras-vivio-unas-noches-historicas-de-carnaval-con-mas-de-15-mil-asistentes\\\/\",\"name\":\"Barranqueras vivi\u00f3 unas noches hist\u00f3ricas de carnaval con m\u00e1s de 15 mil asistentes | Al Dia Chaco\",\"isPartOf\":{\"@id\":\"https:\\\/\\\/aldiachaco.com.ar\\\/#website\"},\"primaryImageOfPage\":{\"@id\":\"https:\\\/\\\/aldiachaco.com.ar\\\/index.php\\\/2026\\\/02\\\/18\\\/barranqueras-vivio-unas-noches-historicas-de-carnaval-con-mas-de-15-mil-asistentes\\\/#primaryimage\"},\"image\":{\"@id\":\"https:\\\/\\\/aldiachaco.com.ar\\\/index.php\\\/2026\\\/02\\\/18\\\/barranqueras-vivio-unas-noches-historicas-de-carnaval-con-mas-de-15-mil-asistentes\\\/#primaryimage\"},\"thumbnailUrl\":\"https:\\\/\\\/aldiachaco.com.ar\\\/wp-content\\\/uploads\\\/2026\\\/02\\\/WhatsApp-Image-2026-02-18-at-10.16.06-2.jpeg\",\"datePublished\":\"2026-02-18T13:22:32+00:00\",\"breadcrumb\":{\"@id\":\"https:\\\/\\\/aldiachaco.com.ar\\\/index.php\\\/2026\\\/02\\\/18\\\/barranqueras-vivio-unas-noches-historicas-de-carnaval-con-mas-de-15-mil-asistentes\\\/#breadcrumb\"},\"inLanguage\":\"es-AR\",\"potentialAction\":[{\"@type\":\"ReadAction\",\"target\":[\"https:\\\/\\\/aldiachaco.com.ar\\\/index.php\\\/2026\\\/02\\\/18\\\/barranqueras-vivio-unas-noches-historicas-de-carnaval-con-mas-de-15-mil-asistentes\\\/\"]}]},{\"@type\":\"ImageObject\",\"inLanguage\":\"es-AR\",\"@id\":\"https:\\\/\\\/aldiachaco.com.ar\\\/index.php\\\/2026\\\/02\\\/18\\\/barranqueras-vivio-unas-noches-historicas-de-carnaval-con-mas-de-15-mil-asistentes\\\/#primaryimage\",\"url\":\"https:\\\/\\\/aldiachaco.com.ar\\\/wp-content\\\/uploads\\\/2026\\\/02\\\/WhatsApp-Image-2026-02-18-at-10.16.06-2.jpeg\",\"contentUrl\":\"https:\\\/\\\/aldiachaco.com.ar\\\/wp-content\\\/uploads\\\/2026\\\/02\\\/WhatsApp-Image-2026-02-18-at-10.16.06-2.jpeg\",\"width\":900,\"height\":506},{\"@type\":\"BreadcrumbList\",\"@id\":\"https:\\\/\\\/aldiachaco.com.ar\\\/index.php\\\/2026\\\/02\\\/18\\\/barranqueras-vivio-unas-noches-historicas-de-carnaval-con-mas-de-15-mil-asistentes\\\/#breadcrumb\",\"itemListElement\":[{\"@type\":\"ListItem\",\"position\":1,\"name\":\"Home\",\"item\":\"https:\\\/\\\/aldiachaco.com.ar\\\/\"},{\"@type\":\"ListItem\",\"position\":2,\"name\":\"Barranqueras vivi\u00f3 unas noches hist\u00f3ricas de carnaval con m\u00e1s de 15 mil asistentes\"}]},{\"@type\":\"WebSite\",\"@id\":\"https:\\\/\\\/aldiachaco.com.ar\\\/#website\",\"url\":\"https:\\\/\\\/aldiachaco.com.ar\\\/\",\"name\":\"Al Dia Chaco\",\"description\":\"Noticias del Chaco y el mundo\",\"publisher\":{\"@id\":\"https:\\\/\\\/aldiachaco.com.ar\\\/#organization\"},\"alternateName\":\"Al D\u00eda Chaco\",\"potentialAction\":[{\"@type\":\"SearchAction\",\"target\":{\"@type\":\"EntryPoint\",\"urlTemplate\":\"https:\\\/\\\/aldiachaco.com.ar\\\/?s={search_term_string}\"},\"query-input\":{\"@type\":\"PropertyValueSpecification\",\"valueRequired\":true,\"valueName\":\"search_term_string\"}}],\"inLanguage\":\"es-AR\"},{\"@type\":\"Organization\",\"@id\":\"https:\\\/\\\/aldiachaco.com.ar\\\/#organization\",\"name\":\"Al Dia Chaco\",\"url\":\"https:\\\/\\\/aldiachaco.com.ar\\\/\",\"logo\":{\"@type\":\"ImageObject\",\"inLanguage\":\"es-AR\",\"@id\":\"https:\\\/\\\/aldiachaco.com.ar\\\/#\\\/schema\\\/logo\\\/image\\\/\",\"url\":\"https:\\\/\\\/aldiachaco.com.ar\\\/wp-content\\\/uploads\\\/2017\\\/11\\\/AL-DIA-CHACO-L@2x.png\",\"contentUrl\":\"https:\\\/\\\/aldiachaco.com.ar\\\/wp-content\\\/uploads\\\/2017\\\/11\\\/AL-DIA-CHACO-L@2x.png\",\"width\":232,\"height\":60,\"caption\":\"Al Dia Chaco\"},\"image\":{\"@id\":\"https:\\\/\\\/aldiachaco.com.ar\\\/#\\\/schema\\\/logo\\\/image\\\/\"}},{\"@type\":\"Person\",\"@id\":\"https:\\\/\\\/aldiachaco.com.ar\\\/#\\\/schema\\\/person\\\/b24e975af8022082f5889a7a7299e962\",\"name\":\"RedaccionRM\",\"image\":{\"@type\":\"ImageObject\",\"inLanguage\":\"es-AR\",\"@id\":\"https:\\\/\\\/aldiachaco.com.ar\\\/wp-content\\\/litespeed\\\/avatar\\\/a30118fcb7a6295303f1c91164c6aba1.jpg?ver=1777339088\",\"url\":\"https:\\\/\\\/aldiachaco.com.ar\\\/wp-content\\\/litespeed\\\/avatar\\\/a30118fcb7a6295303f1c91164c6aba1.jpg?ver=1777339088\",\"contentUrl\":\"https:\\\/\\\/aldiachaco.com.ar\\\/wp-content\\\/litespeed\\\/avatar\\\/a30118fcb7a6295303f1c91164c6aba1.jpg?ver=1777339088\",\"caption\":\"RedaccionRM\"},\"url\":\"https:\\\/\\\/aldiachaco.com.ar\\\/index.php\\\/author\\\/redaccionrm\\\/\"}]}<\/script>\n<!-- \/ Yoast SEO plugin. -->","yoast_head_json":{"title":"Barranqueras vivi\u00f3 unas noches hist\u00f3ricas de carnaval con m\u00e1s de 15 mil asistentes | Al Dia Chaco","robots":{"index":"index","follow":"follow","max-snippet":"max-snippet:-1","max-image-preview":"max-image-preview:large","max-video-preview":"max-video-preview:-1"},"canonical":"https:\/\/aldiachaco.com.ar\/index.php\/2026\/02\/18\/barranqueras-vivio-unas-noches-historicas-de-carnaval-con-mas-de-15-mil-asistentes\/","og_locale":"es_ES","og_type":"article","og_title":"Barranqueras vivi\u00f3 unas noches hist\u00f3ricas de carnaval con m\u00e1s de 15 mil asistentes | Al Dia Chaco","og_description":"La ciudad de Barranqueras celebr\u00f3 dos noches inolvidables de carnaval sobre la avenida 9 de Julio, transformada en el epicentro de una verdadera fiesta popular que convoc\u00f3 a unas 15 mil personas durante ambas jornadas. &#8220;Barranqueras late al Ritmo del Carnaval&#8221; se consolid\u00f3 como uno de los eventos culturales m\u00e1s importantes del \u00e1rea metropolitana, destac\u00e1ndose &hellip;","og_url":"https:\/\/aldiachaco.com.ar\/index.php\/2026\/02\/18\/barranqueras-vivio-unas-noches-historicas-de-carnaval-con-mas-de-15-mil-asistentes\/","og_site_name":"Al Dia Chaco","article_published_time":"2026-02-18T13:22:32+00:00","og_image":[{"width":900,"height":506,"url":"https:\/\/aldiachaco.com.ar\/wp-content\/uploads\/2026\/02\/WhatsApp-Image-2026-02-18-at-10.16.06-2.jpeg","type":"image\/jpeg"}],"author":"RedaccionRM","twitter_card":"summary_large_image","twitter_misc":{"Escrito por":"RedaccionRM","Tiempo de lectura":"3 minutos"},"schema":{"@context":"https:\/\/schema.org","@graph":[{"@type":"Article","@id":"https:\/\/aldiachaco.com.ar\/index.php\/2026\/02\/18\/barranqueras-vivio-unas-noches-historicas-de-carnaval-con-mas-de-15-mil-asistentes\/#article","isPartOf":{"@id":"https:\/\/aldiachaco.com.ar\/index.php\/2026\/02\/18\/barranqueras-vivio-unas-noches-historicas-de-carnaval-con-mas-de-15-mil-asistentes\/"},"author":{"name":"RedaccionRM","@id":"https:\/\/aldiachaco.com.ar\/#\/schema\/person\/b24e975af8022082f5889a7a7299e962"},"headline":"Barranqueras vivi\u00f3 unas noches hist\u00f3ricas de carnaval con m\u00e1s de 15 mil asistentes","datePublished":"2026-02-18T13:22:32+00:00","mainEntityOfPage":{"@id":"https:\/\/aldiachaco.com.ar\/index.php\/2026\/02\/18\/barranqueras-vivio-unas-noches-historicas-de-carnaval-con-mas-de-15-mil-asistentes\/"},"wordCount":302,"commentCount":0,"publisher":{"@id":"https:\/\/aldiachaco.com.ar\/#organization"},"image":{"@id":"https:\/\/aldiachaco.com.ar\/index.php\/2026\/02\/18\/barranqueras-vivio-unas-noches-historicas-de-carnaval-con-mas-de-15-mil-asistentes\/#primaryimage"},"thumbnailUrl":"https:\/\/aldiachaco.com.ar\/wp-content\/uploads\/2026\/02\/WhatsApp-Image-2026-02-18-at-10.16.06-2.jpeg","articleSection":["Barranqueras"],"inLanguage":"es-AR","potentialAction":[{"@type":"CommentAction","name":"Comment","target":["https:\/\/aldiachaco.com.ar\/index.php\/2026\/02\/18\/barranqueras-vivio-unas-noches-historicas-de-carnaval-con-mas-de-15-mil-asistentes\/#respond"]}]},{"@type":"WebPage","@id":"https:\/\/aldiachaco.com.ar\/index.php\/2026\/02\/18\/barranqueras-vivio-unas-noches-historicas-de-carnaval-con-mas-de-15-mil-asistentes\/","url":"https:\/\/aldiachaco.com.ar\/index.php\/2026\/02\/18\/barranqueras-vivio-unas-noches-historicas-de-carnaval-con-mas-de-15-mil-asistentes\/","name":"Barranqueras vivi\u00f3 unas noches hist\u00f3ricas de carnaval con m\u00e1s de 15 mil asistentes | Al Dia Chaco","isPartOf":{"@id":"https:\/\/aldiachaco.com.ar\/#website"},"primaryImageOfPage":{"@id":"https:\/\/aldiachaco.com.ar\/index.php\/2026\/02\/18\/barranqueras-vivio-unas-noches-historicas-de-carnaval-con-mas-de-15-mil-asistentes\/#primaryimage"},"image":{"@id":"https:\/\/aldiachaco.com.ar\/index.php\/2026\/02\/18\/barranqueras-vivio-unas-noches-historicas-de-carnaval-con-mas-de-15-mil-asistentes\/#primaryimage"},"thumbnailUrl":"https:\/\/aldiachaco.com.ar\/wp-content\/uploads\/2026\/02\/WhatsApp-Image-2026-02-18-at-10.16.06-2.jpeg","datePublished":"2026-02-18T13:22:32+00:00","breadcrumb":{"@id":"https:\/\/aldiachaco.com.ar\/index.php\/2026\/02\/18\/barranqueras-vivio-unas-noches-historicas-de-carnaval-con-mas-de-15-mil-asistentes\/#breadcrumb"},"inLanguage":"es-AR","potentialAction":[{"@type":"ReadAction","target":["https:\/\/aldiachaco.com.ar\/index.php\/2026\/02\/18\/barranqueras-vivio-unas-noches-historicas-de-carnaval-con-mas-de-15-mil-asistentes\/"]}]},{"@type":"ImageObject","inLanguage":"es-AR","@id":"https:\/\/aldiachaco.com.ar\/index.php\/2026\/02\/18\/barranqueras-vivio-unas-noches-historicas-de-carnaval-con-mas-de-15-mil-asistentes\/#primaryimage","url":"https:\/\/aldiachaco.com.ar\/wp-content\/uploads\/2026\/02\/WhatsApp-Image-2026-02-18-at-10.16.06-2.jpeg","contentUrl":"https:\/\/aldiachaco.com.ar\/wp-content\/uploads\/2026\/02\/WhatsApp-Image-2026-02-18-at-10.16.06-2.jpeg","width":900,"height":506},{"@type":"BreadcrumbList","@id":"https:\/\/aldiachaco.com.ar\/index.php\/2026\/02\/18\/barranqueras-vivio-unas-noches-historicas-de-carnaval-con-mas-de-15-mil-asistentes\/#breadcrumb","itemListElement":[{"@type":"ListItem","position":1,"name":"Home","item":"https:\/\/aldiachaco.com.ar\/"},{"@type":"ListItem","position":2,"name":"Barranqueras vivi\u00f3 unas noches hist\u00f3ricas de carnaval con m\u00e1s de 15 mil asistentes"}]},{"@type":"WebSite","@id":"https:\/\/aldiachaco.com.ar\/#website","url":"https:\/\/aldiachaco.com.ar\/","name":"Al Dia Chaco","description":"Noticias del Chaco y el mundo","publisher":{"@id":"https:\/\/aldiachaco.com.ar\/#organization"},"alternateName":"Al D\u00eda Chaco","potentialAction":[{"@type":"SearchAction","target":{"@type":"EntryPoint","urlTemplate":"https:\/\/aldiachaco.com.ar\/?s={search_term_string}"},"query-input":{"@type":"PropertyValueSpecification","valueRequired":true,"valueName":"search_term_string"}}],"inLanguage":"es-AR"},{"@type":"Organization","@id":"https:\/\/aldiachaco.com.ar\/#organization","name":"Al Dia Chaco","url":"https:\/\/aldiachaco.com.ar\/","logo":{"@type":"ImageObject","inLanguage":"es-AR","@id":"https:\/\/aldiachaco.com.ar\/#\/schema\/logo\/image\/","url":"https:\/\/aldiachaco.com.ar\/wp-content\/uploads\/2017\/11\/AL-DIA-CHACO-L@2x.png","contentUrl":"https:\/\/aldiachaco.com.ar\/wp-content\/uploads\/2017\/11\/AL-DIA-CHACO-L@2x.png","width":232,"height":60,"caption":"Al Dia Chaco"},"image":{"@id":"https:\/\/aldiachaco.com.ar\/#\/schema\/logo\/image\/"}},{"@type":"Person","@id":"https:\/\/aldiachaco.com.ar\/#\/schema\/person\/b24e975af8022082f5889a7a7299e962","name":"RedaccionRM","image":{"@type":"ImageObject","inLanguage":"es-AR","@id":"https:\/\/aldiachaco.com.ar\/wp-content\/litespeed\/avatar\/a30118fcb7a6295303f1c91164c6aba1.jpg?ver=1777339088","url":"https:\/\/aldiachaco.com.ar\/wp-content\/litespeed\/avatar\/a30118fcb7a6295303f1c91164c6aba1.jpg?ver=1777339088","contentUrl":"https:\/\/aldiachaco.com.ar\/wp-content\/litespeed\/avatar\/a30118fcb7a6295303f1c91164c6aba1.jpg?ver=1777339088","caption":"RedaccionRM"},"url":"https:\/\/aldiachaco.com.ar\/index.php\/author\/redaccionrm\/"}]}},"jetpack_publicize_connections":[],"jetpack_featured_media_url":"https:\/\/aldiachaco.com.ar\/wp-content\/uploads\/2026\/02\/WhatsApp-Image-2026-02-18-at-10.16.06-2.jpeg","jetpack_sharing_enabled":true,"amp_enabled":true,"_links":{"self":[{"href":"https:\/\/aldiachaco.com.ar\/index.php\/wp-json\/wp\/v2\/posts\/117086","targetHints":{"allow":["GET"]}}],"collection":[{"href":"https:\/\/aldiachaco.com.ar\/index.php\/wp-json\/wp\/v2\/posts"}],"about":[{"href":"https:\/\/aldiachaco.com.ar\/index.php\/wp-json\/wp\/v2\/types\/post"}],"author":[{"embeddable":true,"href":"https:\/\/aldiachaco.com.ar\/index.php\/wp-json\/wp\/v2\/users\/9"}],"replies":[{"embeddable":true,"href":"https:\/\/aldiachaco.com.ar\/index.php\/wp-json\/wp\/v2\/comments?post=117086"}],"version-history":[{"count":1,"href":"https:\/\/aldiachaco.com.ar\/index.php\/wp-json\/wp\/v2\/posts\/117086\/revisions"}],"predecessor-version":[{"id":117098,"href":"https:\/\/aldiachaco.com.ar\/index.php\/wp-json\/wp\/v2\/posts\/117086\/revisions\/117098"}],"wp:featuredmedia":[{"embeddable":true,"href":"https:\/\/aldiachaco.com.ar\/index.php\/wp-json\/wp\/v2\/media\/117087"}],"wp:attachment":[{"href":"https:\/\/aldiachaco.com.ar\/index.php\/wp-json\/wp\/v2\/media?parent=117086"}],"wp:term":[{"taxonomy":"category","embeddable":true,"href":"https:\/\/aldiachaco.com.ar\/index.php\/wp-json\/wp\/v2\/categories?post=117086"},{"taxonomy":"post_tag","embeddable":true,"href":"https:\/\/aldiachaco.com.ar\/index.php\/wp-json\/wp\/v2\/tags?post=117086"}],"curies":[{"name":"wp","href":"https:\/\/api.w.org\/{rel}","templated":true}]}}