{"id":117083,"date":"2026-02-18T10:01:18","date_gmt":"2026-02-18T13:01:18","guid":{"rendered":"https:\/\/aldiachaco.com.ar\/?p=117083"},"modified":"2026-02-18T10:01:18","modified_gmt":"2026-02-18T13:01:18","slug":"el-gobierno-provincial-acredita-el-refrigerio-para-trabajadores-activos-el-lunes-23","status":"publish","type":"post","link":"https:\/\/aldiachaco.com.ar\/index.php\/2026\/02\/18\/el-gobierno-provincial-acredita-el-refrigerio-para-trabajadores-activos-el-lunes-23\/","title":{"rendered":"El Gobierno provincial acredita el Refrigerio para trabajadores activos el lunes 23"},"content":{"rendered":"<p class=\"ds-markdown-paragraph\">El Ministerio de Hacienda y Finanzas de la provincia inform\u00f3 que el pr\u00f3ximo lunes 23 de febrero se acreditar\u00e1 el Refrigerio destinado a los trabajadores activos de la Administraci\u00f3n P\u00fablica Provincial. El beneficio ser\u00e1 depositado por la tarde en la tarjeta Tuya Recargable del Nuevo Banco del Chaco, permitiendo que los empleados p\u00fablicos puedan disponer de los fondos el mismo d\u00eda, como ocurre habitualmente.<\/p>\n<p class=\"ds-markdown-paragraph\">El subsecretario de Hacienda, Sebasti\u00e1n Villalonga, destac\u00f3 que el cumplimiento en tiempo y forma de esta obligaci\u00f3n &#8220;representa una muestra de responsabilidad y compromiso, con una administraci\u00f3n ordenada y previsible&#8221;. El funcionario remarc\u00f3 que la planificaci\u00f3n financiera y el manejo transparente de los recursos permiten sostener las responsabilidades de pago que lleva adelante la provincia.<\/p>\n<p class=\"ds-markdown-paragraph\">&#8220;Con transparencia y orden en las cuentas p\u00fablicas, podemos cumplir una vez m\u00e1s con el pago del Refrigerio para los empleados activos de la administraci\u00f3n&#8221;, afirm\u00f3 Villalonga.<\/p>\n<p class=\"ds-markdown-paragraph\">Desde la cartera econ\u00f3mica se\u00f1alaron que la acreditaci\u00f3n forma parte de una pol\u00edtica de administraci\u00f3n responsable, orientada a garantizar previsibilidad a los trabajadores estatales y a fortalecer el circuito econ\u00f3mico provincial, ya que estos recursos impactan directamente en el consumo y en la actividad comercial local.<\/p>\n<p class=\"ds-markdown-paragraph\">Como es habitual, el Refrigerio se percibe exclusivamente a trav\u00e9s de la tarjeta Tuya Recargable, instrumento que facilita la operatoria y asegura mayor agilidad en la acreditaci\u00f3n del beneficio.<\/p>\n","protected":false},"excerpt":{"rendered":"<p>El Ministerio de Hacienda y Finanzas de la provincia inform\u00f3 que el pr\u00f3ximo lunes 23 de febrero se acreditar\u00e1 el Refrigerio destinado a los trabajadores activos de la Administraci\u00f3n P\u00fablica Provincial. El beneficio ser\u00e1 depositado por la tarde en la tarjeta Tuya Recargable del Nuevo Banco del Chaco, permitiendo que los empleados p\u00fablicos puedan disponer &hellip;<\/p>\n","protected":false},"author":9,"featured_media":117084,"comment_status":"open","ping_status":"open","sticky":false,"template":"","format":"standard","meta":{"content-type":"","_monsterinsights_skip_tracking":false,"_monsterinsights_sitenote_active":false,"_monsterinsights_sitenote_note":"","_monsterinsights_sitenote_category":0,"_jetpack_memberships_contains_paid_content":false,"footnotes":"","jetpack_publicize_message":"","jetpack_publicize_feature_enabled":true,"jetpack_social_post_already_shared":true,"jetpack_social_options":{"image_generator_settings":{"template":"highway","default_image_id":0,"font":"","enabled":false},"version":2}},"categories":[198],"tags":[],"class_list":["post-117083","post","type-post","status-publish","format-standard","has-post-thumbnail","hentry","category-actualidad"],"yoast_head":"<!-- This site is optimized with the Yoast SEO plugin v27.4 - https:\/\/yoast.com\/product\/yoast-seo-wordpress\/ -->\n<title>El Gobierno provincial acredita el Refrigerio para trabajadores activos el lunes 23 | Al Dia Chaco<\/title>\n<meta name=\"robots\" content=\"index, follow, max-snippet:-1, max-image-preview:large, max-video-preview:-1\" \/>\n<link rel=\"canonical\" href=\"https:\/\/aldiachaco.com.ar\/index.php\/2026\/02\/18\/el-gobierno-provincial-acredita-el-refrigerio-para-trabajadores-activos-el-lunes-23\/\" \/>\n<meta property=\"og:locale\" content=\"es_ES\" \/>\n<meta property=\"og:type\" content=\"article\" \/>\n<meta property=\"og:title\" content=\"El Gobierno provincial acredita el Refrigerio para trabajadores activos el lunes 23 | Al Dia Chaco\" \/>\n<meta property=\"og:description\" content=\"El Ministerio de Hacienda y Finanzas de la provincia inform\u00f3 que el pr\u00f3ximo lunes 23 de febrero se acreditar\u00e1 el Refrigerio destinado a los trabajadores activos de la Administraci\u00f3n P\u00fablica Provincial. El beneficio ser\u00e1 depositado por la tarde en la tarjeta Tuya Recargable del Nuevo Banco del Chaco, permitiendo que los empleados p\u00fablicos puedan disponer &hellip;\" \/>\n<meta property=\"og:url\" content=\"https:\/\/aldiachaco.com.ar\/index.php\/2026\/02\/18\/el-gobierno-provincial-acredita-el-refrigerio-para-trabajadores-activos-el-lunes-23\/\" \/>\n<meta property=\"og:site_name\" content=\"Al Dia Chaco\" \/>\n<meta property=\"article:published_time\" content=\"2026-02-18T13:01:18+00:00\" \/>\n<meta property=\"og:image\" content=\"https:\/\/aldiachaco.com.ar\/wp-content\/uploads\/2026\/02\/WhatsApp-Image-2026-02-18-at-09.53.18.jpeg\" \/>\n\t<meta property=\"og:image:width\" content=\"745\" \/>\n\t<meta property=\"og:image:height\" content=\"419\" \/>\n\t<meta property=\"og:image:type\" content=\"image\/jpeg\" \/>\n<meta name=\"author\" content=\"RedaccionRM\" \/>\n<meta name=\"twitter:card\" content=\"summary_large_image\" \/>\n<meta name=\"twitter:label1\" content=\"Escrito por\" \/>\n\t<meta name=\"twitter:data1\" content=\"RedaccionRM\" \/>\n\t<meta name=\"twitter:label2\" content=\"Tiempo de lectura\" \/>\n\t<meta name=\"twitter:data2\" content=\"2 minutos\" \/>\n<script type=\"application\/ld+json\" class=\"yoast-schema-graph\">{\"@context\":\"https:\\\/\\\/schema.org\",\"@graph\":[{\"@type\":\"Article\",\"@id\":\"https:\\\/\\\/aldiachaco.com.ar\\\/index.php\\\/2026\\\/02\\\/18\\\/el-gobierno-provincial-acredita-el-refrigerio-para-trabajadores-activos-el-lunes-23\\\/#article\",\"isPartOf\":{\"@id\":\"https:\\\/\\\/aldiachaco.com.ar\\\/index.php\\\/2026\\\/02\\\/18\\\/el-gobierno-provincial-acredita-el-refrigerio-para-trabajadores-activos-el-lunes-23\\\/\"},\"author\":{\"name\":\"RedaccionRM\",\"@id\":\"https:\\\/\\\/aldiachaco.com.ar\\\/#\\\/schema\\\/person\\\/b24e975af8022082f5889a7a7299e962\"},\"headline\":\"El Gobierno provincial acredita el Refrigerio para trabajadores activos el lunes 23\",\"datePublished\":\"2026-02-18T13:01:18+00:00\",\"mainEntityOfPage\":{\"@id\":\"https:\\\/\\\/aldiachaco.com.ar\\\/index.php\\\/2026\\\/02\\\/18\\\/el-gobierno-provincial-acredita-el-refrigerio-para-trabajadores-activos-el-lunes-23\\\/\"},\"wordCount\":251,\"commentCount\":0,\"publisher\":{\"@id\":\"https:\\\/\\\/aldiachaco.com.ar\\\/#organization\"},\"image\":{\"@id\":\"https:\\\/\\\/aldiachaco.com.ar\\\/index.php\\\/2026\\\/02\\\/18\\\/el-gobierno-provincial-acredita-el-refrigerio-para-trabajadores-activos-el-lunes-23\\\/#primaryimage\"},\"thumbnailUrl\":\"https:\\\/\\\/aldiachaco.com.ar\\\/wp-content\\\/uploads\\\/2026\\\/02\\\/WhatsApp-Image-2026-02-18-at-09.53.18.jpeg\",\"articleSection\":[\"Actualidad\"],\"inLanguage\":\"es-AR\",\"potentialAction\":[{\"@type\":\"CommentAction\",\"name\":\"Comment\",\"target\":[\"https:\\\/\\\/aldiachaco.com.ar\\\/index.php\\\/2026\\\/02\\\/18\\\/el-gobierno-provincial-acredita-el-refrigerio-para-trabajadores-activos-el-lunes-23\\\/#respond\"]}]},{\"@type\":\"WebPage\",\"@id\":\"https:\\\/\\\/aldiachaco.com.ar\\\/index.php\\\/2026\\\/02\\\/18\\\/el-gobierno-provincial-acredita-el-refrigerio-para-trabajadores-activos-el-lunes-23\\\/\",\"url\":\"https:\\\/\\\/aldiachaco.com.ar\\\/index.php\\\/2026\\\/02\\\/18\\\/el-gobierno-provincial-acredita-el-refrigerio-para-trabajadores-activos-el-lunes-23\\\/\",\"name\":\"El Gobierno provincial acredita el Refrigerio para trabajadores activos el lunes 23 | Al Dia Chaco\",\"isPartOf\":{\"@id\":\"https:\\\/\\\/aldiachaco.com.ar\\\/#website\"},\"primaryImageOfPage\":{\"@id\":\"https:\\\/\\\/aldiachaco.com.ar\\\/index.php\\\/2026\\\/02\\\/18\\\/el-gobierno-provincial-acredita-el-refrigerio-para-trabajadores-activos-el-lunes-23\\\/#primaryimage\"},\"image\":{\"@id\":\"https:\\\/\\\/aldiachaco.com.ar\\\/index.php\\\/2026\\\/02\\\/18\\\/el-gobierno-provincial-acredita-el-refrigerio-para-trabajadores-activos-el-lunes-23\\\/#primaryimage\"},\"thumbnailUrl\":\"https:\\\/\\\/aldiachaco.com.ar\\\/wp-content\\\/uploads\\\/2026\\\/02\\\/WhatsApp-Image-2026-02-18-at-09.53.18.jpeg\",\"datePublished\":\"2026-02-18T13:01:18+00:00\",\"breadcrumb\":{\"@id\":\"https:\\\/\\\/aldiachaco.com.ar\\\/index.php\\\/2026\\\/02\\\/18\\\/el-gobierno-provincial-acredita-el-refrigerio-para-trabajadores-activos-el-lunes-23\\\/#breadcrumb\"},\"inLanguage\":\"es-AR\",\"potentialAction\":[{\"@type\":\"ReadAction\",\"target\":[\"https:\\\/\\\/aldiachaco.com.ar\\\/index.php\\\/2026\\\/02\\\/18\\\/el-gobierno-provincial-acredita-el-refrigerio-para-trabajadores-activos-el-lunes-23\\\/\"]}]},{\"@type\":\"ImageObject\",\"inLanguage\":\"es-AR\",\"@id\":\"https:\\\/\\\/aldiachaco.com.ar\\\/index.php\\\/2026\\\/02\\\/18\\\/el-gobierno-provincial-acredita-el-refrigerio-para-trabajadores-activos-el-lunes-23\\\/#primaryimage\",\"url\":\"https:\\\/\\\/aldiachaco.com.ar\\\/wp-content\\\/uploads\\\/2026\\\/02\\\/WhatsApp-Image-2026-02-18-at-09.53.18.jpeg\",\"contentUrl\":\"https:\\\/\\\/aldiachaco.com.ar\\\/wp-content\\\/uploads\\\/2026\\\/02\\\/WhatsApp-Image-2026-02-18-at-09.53.18.jpeg\",\"width\":745,\"height\":419},{\"@type\":\"BreadcrumbList\",\"@id\":\"https:\\\/\\\/aldiachaco.com.ar\\\/index.php\\\/2026\\\/02\\\/18\\\/el-gobierno-provincial-acredita-el-refrigerio-para-trabajadores-activos-el-lunes-23\\\/#breadcrumb\",\"itemListElement\":[{\"@type\":\"ListItem\",\"position\":1,\"name\":\"Home\",\"item\":\"https:\\\/\\\/aldiachaco.com.ar\\\/\"},{\"@type\":\"ListItem\",\"position\":2,\"name\":\"El Gobierno provincial acredita el Refrigerio para trabajadores activos el lunes 23\"}]},{\"@type\":\"WebSite\",\"@id\":\"https:\\\/\\\/aldiachaco.com.ar\\\/#website\",\"url\":\"https:\\\/\\\/aldiachaco.com.ar\\\/\",\"name\":\"Al Dia Chaco\",\"description\":\"Noticias del Chaco y el mundo\",\"publisher\":{\"@id\":\"https:\\\/\\\/aldiachaco.com.ar\\\/#organization\"},\"alternateName\":\"Al D\u00eda Chaco\",\"potentialAction\":[{\"@type\":\"SearchAction\",\"target\":{\"@type\":\"EntryPoint\",\"urlTemplate\":\"https:\\\/\\\/aldiachaco.com.ar\\\/?s={search_term_string}\"},\"query-input\":{\"@type\":\"PropertyValueSpecification\",\"valueRequired\":true,\"valueName\":\"search_term_string\"}}],\"inLanguage\":\"es-AR\"},{\"@type\":\"Organization\",\"@id\":\"https:\\\/\\\/aldiachaco.com.ar\\\/#organization\",\"name\":\"Al Dia Chaco\",\"url\":\"https:\\\/\\\/aldiachaco.com.ar\\\/\",\"logo\":{\"@type\":\"ImageObject\",\"inLanguage\":\"es-AR\",\"@id\":\"https:\\\/\\\/aldiachaco.com.ar\\\/#\\\/schema\\\/logo\\\/image\\\/\",\"url\":\"https:\\\/\\\/aldiachaco.com.ar\\\/wp-content\\\/uploads\\\/2017\\\/11\\\/AL-DIA-CHACO-L@2x.png\",\"contentUrl\":\"https:\\\/\\\/aldiachaco.com.ar\\\/wp-content\\\/uploads\\\/2017\\\/11\\\/AL-DIA-CHACO-L@2x.png\",\"width\":232,\"height\":60,\"caption\":\"Al Dia Chaco\"},\"image\":{\"@id\":\"https:\\\/\\\/aldiachaco.com.ar\\\/#\\\/schema\\\/logo\\\/image\\\/\"}},{\"@type\":\"Person\",\"@id\":\"https:\\\/\\\/aldiachaco.com.ar\\\/#\\\/schema\\\/person\\\/b24e975af8022082f5889a7a7299e962\",\"name\":\"RedaccionRM\",\"image\":{\"@type\":\"ImageObject\",\"inLanguage\":\"es-AR\",\"@id\":\"https:\\\/\\\/aldiachaco.com.ar\\\/wp-content\\\/litespeed\\\/avatar\\\/a30118fcb7a6295303f1c91164c6aba1.jpg?ver=1777339088\",\"url\":\"https:\\\/\\\/aldiachaco.com.ar\\\/wp-content\\\/litespeed\\\/avatar\\\/a30118fcb7a6295303f1c91164c6aba1.jpg?ver=1777339088\",\"contentUrl\":\"https:\\\/\\\/aldiachaco.com.ar\\\/wp-content\\\/litespeed\\\/avatar\\\/a30118fcb7a6295303f1c91164c6aba1.jpg?ver=1777339088\",\"caption\":\"RedaccionRM\"},\"url\":\"https:\\\/\\\/aldiachaco.com.ar\\\/index.php\\\/author\\\/redaccionrm\\\/\"}]}<\/script>\n<!-- \/ Yoast SEO plugin. -->","yoast_head_json":{"title":"El Gobierno provincial acredita el Refrigerio para trabajadores activos el lunes 23 | Al Dia Chaco","robots":{"index":"index","follow":"follow","max-snippet":"max-snippet:-1","max-image-preview":"max-image-preview:large","max-video-preview":"max-video-preview:-1"},"canonical":"https:\/\/aldiachaco.com.ar\/index.php\/2026\/02\/18\/el-gobierno-provincial-acredita-el-refrigerio-para-trabajadores-activos-el-lunes-23\/","og_locale":"es_ES","og_type":"article","og_title":"El Gobierno provincial acredita el Refrigerio para trabajadores activos el lunes 23 | Al Dia Chaco","og_description":"El Ministerio de Hacienda y Finanzas de la provincia inform\u00f3 que el pr\u00f3ximo lunes 23 de febrero se acreditar\u00e1 el Refrigerio destinado a los trabajadores activos de la Administraci\u00f3n P\u00fablica Provincial. El beneficio ser\u00e1 depositado por la tarde en la tarjeta Tuya Recargable del Nuevo Banco del Chaco, permitiendo que los empleados p\u00fablicos puedan disponer &hellip;","og_url":"https:\/\/aldiachaco.com.ar\/index.php\/2026\/02\/18\/el-gobierno-provincial-acredita-el-refrigerio-para-trabajadores-activos-el-lunes-23\/","og_site_name":"Al Dia Chaco","article_published_time":"2026-02-18T13:01:18+00:00","og_image":[{"width":745,"height":419,"url":"https:\/\/aldiachaco.com.ar\/wp-content\/uploads\/2026\/02\/WhatsApp-Image-2026-02-18-at-09.53.18.jpeg","type":"image\/jpeg"}],"author":"RedaccionRM","twitter_card":"summary_large_image","twitter_misc":{"Escrito por":"RedaccionRM","Tiempo de lectura":"2 minutos"},"schema":{"@context":"https:\/\/schema.org","@graph":[{"@type":"Article","@id":"https:\/\/aldiachaco.com.ar\/index.php\/2026\/02\/18\/el-gobierno-provincial-acredita-el-refrigerio-para-trabajadores-activos-el-lunes-23\/#article","isPartOf":{"@id":"https:\/\/aldiachaco.com.ar\/index.php\/2026\/02\/18\/el-gobierno-provincial-acredita-el-refrigerio-para-trabajadores-activos-el-lunes-23\/"},"author":{"name":"RedaccionRM","@id":"https:\/\/aldiachaco.com.ar\/#\/schema\/person\/b24e975af8022082f5889a7a7299e962"},"headline":"El Gobierno provincial acredita el Refrigerio para trabajadores activos el lunes 23","datePublished":"2026-02-18T13:01:18+00:00","mainEntityOfPage":{"@id":"https:\/\/aldiachaco.com.ar\/index.php\/2026\/02\/18\/el-gobierno-provincial-acredita-el-refrigerio-para-trabajadores-activos-el-lunes-23\/"},"wordCount":251,"commentCount":0,"publisher":{"@id":"https:\/\/aldiachaco.com.ar\/#organization"},"image":{"@id":"https:\/\/aldiachaco.com.ar\/index.php\/2026\/02\/18\/el-gobierno-provincial-acredita-el-refrigerio-para-trabajadores-activos-el-lunes-23\/#primaryimage"},"thumbnailUrl":"https:\/\/aldiachaco.com.ar\/wp-content\/uploads\/2026\/02\/WhatsApp-Image-2026-02-18-at-09.53.18.jpeg","articleSection":["Actualidad"],"inLanguage":"es-AR","potentialAction":[{"@type":"CommentAction","name":"Comment","target":["https:\/\/aldiachaco.com.ar\/index.php\/2026\/02\/18\/el-gobierno-provincial-acredita-el-refrigerio-para-trabajadores-activos-el-lunes-23\/#respond"]}]},{"@type":"WebPage","@id":"https:\/\/aldiachaco.com.ar\/index.php\/2026\/02\/18\/el-gobierno-provincial-acredita-el-refrigerio-para-trabajadores-activos-el-lunes-23\/","url":"https:\/\/aldiachaco.com.ar\/index.php\/2026\/02\/18\/el-gobierno-provincial-acredita-el-refrigerio-para-trabajadores-activos-el-lunes-23\/","name":"El Gobierno provincial acredita el Refrigerio para trabajadores activos el lunes 23 | Al Dia Chaco","isPartOf":{"@id":"https:\/\/aldiachaco.com.ar\/#website"},"primaryImageOfPage":{"@id":"https:\/\/aldiachaco.com.ar\/index.php\/2026\/02\/18\/el-gobierno-provincial-acredita-el-refrigerio-para-trabajadores-activos-el-lunes-23\/#primaryimage"},"image":{"@id":"https:\/\/aldiachaco.com.ar\/index.php\/2026\/02\/18\/el-gobierno-provincial-acredita-el-refrigerio-para-trabajadores-activos-el-lunes-23\/#primaryimage"},"thumbnailUrl":"https:\/\/aldiachaco.com.ar\/wp-content\/uploads\/2026\/02\/WhatsApp-Image-2026-02-18-at-09.53.18.jpeg","datePublished":"2026-02-18T13:01:18+00:00","breadcrumb":{"@id":"https:\/\/aldiachaco.com.ar\/index.php\/2026\/02\/18\/el-gobierno-provincial-acredita-el-refrigerio-para-trabajadores-activos-el-lunes-23\/#breadcrumb"},"inLanguage":"es-AR","potentialAction":[{"@type":"ReadAction","target":["https:\/\/aldiachaco.com.ar\/index.php\/2026\/02\/18\/el-gobierno-provincial-acredita-el-refrigerio-para-trabajadores-activos-el-lunes-23\/"]}]},{"@type":"ImageObject","inLanguage":"es-AR","@id":"https:\/\/aldiachaco.com.ar\/index.php\/2026\/02\/18\/el-gobierno-provincial-acredita-el-refrigerio-para-trabajadores-activos-el-lunes-23\/#primaryimage","url":"https:\/\/aldiachaco.com.ar\/wp-content\/uploads\/2026\/02\/WhatsApp-Image-2026-02-18-at-09.53.18.jpeg","contentUrl":"https:\/\/aldiachaco.com.ar\/wp-content\/uploads\/2026\/02\/WhatsApp-Image-2026-02-18-at-09.53.18.jpeg","width":745,"height":419},{"@type":"BreadcrumbList","@id":"https:\/\/aldiachaco.com.ar\/index.php\/2026\/02\/18\/el-gobierno-provincial-acredita-el-refrigerio-para-trabajadores-activos-el-lunes-23\/#breadcrumb","itemListElement":[{"@type":"ListItem","position":1,"name":"Home","item":"https:\/\/aldiachaco.com.ar\/"},{"@type":"ListItem","position":2,"name":"El Gobierno provincial acredita el Refrigerio para trabajadores activos el lunes 23"}]},{"@type":"WebSite","@id":"https:\/\/aldiachaco.com.ar\/#website","url":"https:\/\/aldiachaco.com.ar\/","name":"Al Dia Chaco","description":"Noticias del Chaco y el mundo","publisher":{"@id":"https:\/\/aldiachaco.com.ar\/#organization"},"alternateName":"Al D\u00eda Chaco","potentialAction":[{"@type":"SearchAction","target":{"@type":"EntryPoint","urlTemplate":"https:\/\/aldiachaco.com.ar\/?s={search_term_string}"},"query-input":{"@type":"PropertyValueSpecification","valueRequired":true,"valueName":"search_term_string"}}],"inLanguage":"es-AR"},{"@type":"Organization","@id":"https:\/\/aldiachaco.com.ar\/#organization","name":"Al Dia Chaco","url":"https:\/\/aldiachaco.com.ar\/","logo":{"@type":"ImageObject","inLanguage":"es-AR","@id":"https:\/\/aldiachaco.com.ar\/#\/schema\/logo\/image\/","url":"https:\/\/aldiachaco.com.ar\/wp-content\/uploads\/2017\/11\/AL-DIA-CHACO-L@2x.png","contentUrl":"https:\/\/aldiachaco.com.ar\/wp-content\/uploads\/2017\/11\/AL-DIA-CHACO-L@2x.png","width":232,"height":60,"caption":"Al Dia Chaco"},"image":{"@id":"https:\/\/aldiachaco.com.ar\/#\/schema\/logo\/image\/"}},{"@type":"Person","@id":"https:\/\/aldiachaco.com.ar\/#\/schema\/person\/b24e975af8022082f5889a7a7299e962","name":"RedaccionRM","image":{"@type":"ImageObject","inLanguage":"es-AR","@id":"https:\/\/aldiachaco.com.ar\/wp-content\/litespeed\/avatar\/a30118fcb7a6295303f1c91164c6aba1.jpg?ver=1777339088","url":"https:\/\/aldiachaco.com.ar\/wp-content\/litespeed\/avatar\/a30118fcb7a6295303f1c91164c6aba1.jpg?ver=1777339088","contentUrl":"https:\/\/aldiachaco.com.ar\/wp-content\/litespeed\/avatar\/a30118fcb7a6295303f1c91164c6aba1.jpg?ver=1777339088","caption":"RedaccionRM"},"url":"https:\/\/aldiachaco.com.ar\/index.php\/author\/redaccionrm\/"}]}},"jetpack_publicize_connections":[],"jetpack_featured_media_url":"https:\/\/aldiachaco.com.ar\/wp-content\/uploads\/2026\/02\/WhatsApp-Image-2026-02-18-at-09.53.18.jpeg","jetpack_sharing_enabled":true,"amp_enabled":true,"_links":{"self":[{"href":"https:\/\/aldiachaco.com.ar\/index.php\/wp-json\/wp\/v2\/posts\/117083","targetHints":{"allow":["GET"]}}],"collection":[{"href":"https:\/\/aldiachaco.com.ar\/index.php\/wp-json\/wp\/v2\/posts"}],"about":[{"href":"https:\/\/aldiachaco.com.ar\/index.php\/wp-json\/wp\/v2\/types\/post"}],"author":[{"embeddable":true,"href":"https:\/\/aldiachaco.com.ar\/index.php\/wp-json\/wp\/v2\/users\/9"}],"replies":[{"embeddable":true,"href":"https:\/\/aldiachaco.com.ar\/index.php\/wp-json\/wp\/v2\/comments?post=117083"}],"version-history":[{"count":1,"href":"https:\/\/aldiachaco.com.ar\/index.php\/wp-json\/wp\/v2\/posts\/117083\/revisions"}],"predecessor-version":[{"id":117085,"href":"https:\/\/aldiachaco.com.ar\/index.php\/wp-json\/wp\/v2\/posts\/117083\/revisions\/117085"}],"wp:featuredmedia":[{"embeddable":true,"href":"https:\/\/aldiachaco.com.ar\/index.php\/wp-json\/wp\/v2\/media\/117084"}],"wp:attachment":[{"href":"https:\/\/aldiachaco.com.ar\/index.php\/wp-json\/wp\/v2\/media?parent=117083"}],"wp:term":[{"taxonomy":"category","embeddable":true,"href":"https:\/\/aldiachaco.com.ar\/index.php\/wp-json\/wp\/v2\/categories?post=117083"},{"taxonomy":"post_tag","embeddable":true,"href":"https:\/\/aldiachaco.com.ar\/index.php\/wp-json\/wp\/v2\/tags?post=117083"}],"curies":[{"name":"wp","href":"https:\/\/api.w.org\/{rel}","templated":true}]}}