{"id":117080,"date":"2026-02-18T09:54:24","date_gmt":"2026-02-18T12:54:24","guid":{"rendered":"https:\/\/aldiachaco.com.ar\/?p=117080"},"modified":"2026-02-18T09:54:24","modified_gmt":"2026-02-18T12:54:24","slug":"todo-lo-que-necesitas-saber-sobre-el-miercoles-de-ceniza-inicio-de-la-cuaresma-2026","status":"publish","type":"post","link":"https:\/\/aldiachaco.com.ar\/index.php\/2026\/02\/18\/todo-lo-que-necesitas-saber-sobre-el-miercoles-de-ceniza-inicio-de-la-cuaresma-2026\/","title":{"rendered":"Todo lo que necesitas saber sobre el Mi\u00e9rcoles de Ceniza, inicio de la Cuaresma 2026"},"content":{"rendered":"<p class=\"ds-markdown-paragraph\">Este mi\u00e9rcoles 18 de febrero, la Iglesia Cat\u00f3lica celebra el Mi\u00e9rcoles de Ceniza, jornada que marca el comienzo de la Cuaresma, un tiempo de 40 d\u00edas de preparaci\u00f3n espiritual, conversi\u00f3n y penitencia para llegar a la Pascua. Es una de las tradiciones lit\u00fargicas m\u00e1s significativas para los cat\u00f3licos.<\/p>\n<p class=\"ds-markdown-paragraph\">El Papa Le\u00f3n XIV presidir\u00e1 una procesi\u00f3n penitencial desde la Iglesia de San Anselmo, seguida de la Misa con la bendici\u00f3n e imposici\u00f3n de cenizas en la Bas\u00edlica de Santa Sabina, en el Aventino, una de las siete colinas de Roma. Ser\u00e1 su primera Semana Santa como Pont\u00edfice.<\/p>\n<p class=\"ds-markdown-paragraph\"><strong>1. El inicio de la Cuaresma<\/strong><br \/>\nEl Mi\u00e9rcoles de Ceniza es el primer d\u00eda de la Cuaresma. El Misal Romano indica que &#8220;en la Misa de este d\u00eda se bendice y se impone la ceniza hecha de ramos de olivo o de otros \u00e1rboles&#8221;.<\/p>\n<p class=\"ds-markdown-paragraph\"><strong>2. Un rito con siglos de historia<\/strong><br \/>\nEn el Antiguo Testamento, las cenizas simbolizaban luto, petici\u00f3n de ayuda a Dios y arrepentimiento. La tradici\u00f3n cristiana se remonta a la Iglesia primitiva, aunque reci\u00e9n en el siglo XI se implement\u00f3 el rito de la imposici\u00f3n el Mi\u00e9rcoles de Ceniza. Hoy, tambi\u00e9n anglicanos, luteranos y metodistas realizan este gesto.<\/p>\n<p class=\"ds-markdown-paragraph\"><strong>3. Un gesto que abre a la conversi\u00f3n<\/strong><br \/>\nLa ceniza es s\u00edmbolo de humildad y penitencia. El Directorio sobre la piedad popular explica que es &#8220;el sentido de reconocer la propia fragilidad y mortalidad, que necesita ser redimida por la misericordia de Dios&#8221;. Lejos de ser un gesto puramente exterior, abre a la conversi\u00f3n y al esfuerzo de la renovaci\u00f3n pascual.<\/p>\n<p class=\"ds-markdown-paragraph\"><strong>4. M\u00faltiples significados<\/strong><br \/>\nLa ceniza representa muerte, caducidad, humildad y penitencia. Recuerda al cristiano su origen y su fin: &#8220;Dios form\u00f3 al hombre con polvo de la tierra&#8221; y &#8220;hasta que vuelvas a la tierra, pues de ella fuiste hecho&#8221;. Benedicto XVI explic\u00f3 que tambi\u00e9n significa &#8220;una inmersi\u00f3n m\u00e1s consciente en el misterio pascual de Cristo&#8221;.<\/p>\n<p class=\"ds-markdown-paragraph\"><strong>5. \u00bfDe d\u00f3nde provienen las cenizas?<\/strong><br \/>\nLas cenizas se obtienen de la quema de las palmas del Domingo de Ramos del a\u00f1o anterior. En algunos pa\u00edses se mezclan con agua bendita o aceite de crisma para formar una pasta aromatizada con incienso.<\/p>\n<p class=\"ds-markdown-paragraph\"><strong>6. El rito durante la Misa<\/strong><br \/>\nTras la homil\u00eda, el sacerdote bendice la ceniza y la impone diciendo: &#8220;Convi\u00e9rtete y cree en el Evangelio&#8221; o &#8220;Recuerda que eres polvo y al polvo has de volver&#8221;. Se recomienda retirarse en silencio para meditar el significado.<\/p>\n<p class=\"ds-markdown-paragraph\"><strong>7. Puede imponerse sin Misa<\/strong><br \/>\nEn ausencia de sacerdote, los laicos pueden imponer la ceniza en una celebraci\u00f3n de la Palabra, pero solo un sacerdote o di\u00e1cono puede bendecirla previamente.<\/p>\n<p class=\"ds-markdown-paragraph\"><strong>8. Pueden recibirla no cat\u00f3licos<\/strong><br \/>\nCualquier persona puede recibir la ceniza. Los sacramentales preparan para recibir la gracia y disponen a cooperar con ella, aunque no la confieren por s\u00ed mismos.<\/p>\n<p class=\"ds-markdown-paragraph\"><strong>9. No es obligatorio recibirla<\/strong><br \/>\nEl Mi\u00e9rcoles de Ceniza no es d\u00eda de precepto. No es obligatorio asistir a Misa ni recibir la ceniza, aunque se recomienda participar.<\/p>\n<p class=\"ds-markdown-paragraph\"><strong>10. Ayuno y abstinencia obligatorios<\/strong><br \/>\nEl Mi\u00e9rcoles de Ceniza, al igual que el Viernes Santo, es d\u00eda de ayuno y abstinencia:<\/p>\n<ul>\n<li>\n<p class=\"ds-markdown-paragraph\">Ayuno: obliga a los fieles entre 18 y 60 a\u00f1os (una sola comida fuerte al d\u00eda).<\/p>\n<\/li>\n<li>\n<p class=\"ds-markdown-paragraph\">Abstinencia de carne: rige desde los 14 a\u00f1os y tambi\u00e9n se observa todos los viernes de Cuaresma (puede sustituirse por otra penitencia seg\u00fan normas locales).<\/p>\n<\/li>\n<\/ul>\n","protected":false},"excerpt":{"rendered":"<p>Este mi\u00e9rcoles 18 de febrero, la Iglesia Cat\u00f3lica celebra el Mi\u00e9rcoles de Ceniza, jornada que marca el comienzo de la Cuaresma, un tiempo de 40 d\u00edas de preparaci\u00f3n espiritual, conversi\u00f3n y penitencia para llegar a la Pascua. Es una de las tradiciones lit\u00fargicas m\u00e1s significativas para los cat\u00f3licos. El Papa Le\u00f3n XIV presidir\u00e1 una procesi\u00f3n &hellip;<\/p>\n","protected":false},"author":9,"featured_media":117081,"comment_status":"open","ping_status":"open","sticky":false,"template":"","format":"standard","meta":{"content-type":"","_monsterinsights_skip_tracking":false,"_monsterinsights_sitenote_active":false,"_monsterinsights_sitenote_note":"","_monsterinsights_sitenote_category":0,"_jetpack_memberships_contains_paid_content":false,"footnotes":"","jetpack_publicize_message":"","jetpack_publicize_feature_enabled":true,"jetpack_social_post_already_shared":true,"jetpack_social_options":{"image_generator_settings":{"template":"highway","default_image_id":0,"font":"","enabled":false},"version":2}},"categories":[271],"tags":[],"class_list":["post-117080","post","type-post","status-publish","format-standard","has-post-thumbnail","hentry","category-mundo"],"yoast_head":"<!-- This site is optimized with the Yoast SEO plugin v27.4 - https:\/\/yoast.com\/product\/yoast-seo-wordpress\/ -->\n<title>Todo lo que necesitas saber sobre el Mi\u00e9rcoles de Ceniza, inicio de la Cuaresma 2026 | Al Dia Chaco<\/title>\n<meta name=\"robots\" content=\"index, follow, max-snippet:-1, max-image-preview:large, max-video-preview:-1\" \/>\n<link rel=\"canonical\" href=\"https:\/\/aldiachaco.com.ar\/index.php\/2026\/02\/18\/todo-lo-que-necesitas-saber-sobre-el-miercoles-de-ceniza-inicio-de-la-cuaresma-2026\/\" \/>\n<meta property=\"og:locale\" content=\"es_ES\" \/>\n<meta property=\"og:type\" content=\"article\" \/>\n<meta property=\"og:title\" content=\"Todo lo que necesitas saber sobre el Mi\u00e9rcoles de Ceniza, inicio de la Cuaresma 2026 | Al Dia Chaco\" \/>\n<meta property=\"og:description\" content=\"Este mi\u00e9rcoles 18 de febrero, la Iglesia Cat\u00f3lica celebra el Mi\u00e9rcoles de Ceniza, jornada que marca el comienzo de la Cuaresma, un tiempo de 40 d\u00edas de preparaci\u00f3n espiritual, conversi\u00f3n y penitencia para llegar a la Pascua. Es una de las tradiciones lit\u00fargicas m\u00e1s significativas para los cat\u00f3licos. El Papa Le\u00f3n XIV presidir\u00e1 una procesi\u00f3n &hellip;\" \/>\n<meta property=\"og:url\" content=\"https:\/\/aldiachaco.com.ar\/index.php\/2026\/02\/18\/todo-lo-que-necesitas-saber-sobre-el-miercoles-de-ceniza-inicio-de-la-cuaresma-2026\/\" \/>\n<meta property=\"og:site_name\" content=\"Al Dia Chaco\" \/>\n<meta property=\"article:published_time\" content=\"2026-02-18T12:54:24+00:00\" \/>\n<meta property=\"og:image\" content=\"https:\/\/aldiachaco.com.ar\/wp-content\/uploads\/2026\/02\/1802ceniza.webp\" \/>\n\t<meta property=\"og:image:width\" content=\"672\" \/>\n\t<meta property=\"og:image:height\" content=\"448\" \/>\n\t<meta property=\"og:image:type\" content=\"image\/webp\" \/>\n<meta name=\"author\" content=\"RedaccionRM\" \/>\n<meta name=\"twitter:card\" content=\"summary_large_image\" \/>\n<meta name=\"twitter:label1\" content=\"Escrito por\" \/>\n\t<meta name=\"twitter:data1\" content=\"RedaccionRM\" \/>\n\t<meta name=\"twitter:label2\" content=\"Tiempo de lectura\" \/>\n\t<meta name=\"twitter:data2\" content=\"3 minutos\" \/>\n<script type=\"application\/ld+json\" class=\"yoast-schema-graph\">{\"@context\":\"https:\\\/\\\/schema.org\",\"@graph\":[{\"@type\":\"Article\",\"@id\":\"https:\\\/\\\/aldiachaco.com.ar\\\/index.php\\\/2026\\\/02\\\/18\\\/todo-lo-que-necesitas-saber-sobre-el-miercoles-de-ceniza-inicio-de-la-cuaresma-2026\\\/#article\",\"isPartOf\":{\"@id\":\"https:\\\/\\\/aldiachaco.com.ar\\\/index.php\\\/2026\\\/02\\\/18\\\/todo-lo-que-necesitas-saber-sobre-el-miercoles-de-ceniza-inicio-de-la-cuaresma-2026\\\/\"},\"author\":{\"name\":\"RedaccionRM\",\"@id\":\"https:\\\/\\\/aldiachaco.com.ar\\\/#\\\/schema\\\/person\\\/b24e975af8022082f5889a7a7299e962\"},\"headline\":\"Todo lo que necesitas saber sobre el Mi\u00e9rcoles de Ceniza, inicio de la Cuaresma 2026\",\"datePublished\":\"2026-02-18T12:54:24+00:00\",\"mainEntityOfPage\":{\"@id\":\"https:\\\/\\\/aldiachaco.com.ar\\\/index.php\\\/2026\\\/02\\\/18\\\/todo-lo-que-necesitas-saber-sobre-el-miercoles-de-ceniza-inicio-de-la-cuaresma-2026\\\/\"},\"wordCount\":600,\"commentCount\":0,\"publisher\":{\"@id\":\"https:\\\/\\\/aldiachaco.com.ar\\\/#organization\"},\"image\":{\"@id\":\"https:\\\/\\\/aldiachaco.com.ar\\\/index.php\\\/2026\\\/02\\\/18\\\/todo-lo-que-necesitas-saber-sobre-el-miercoles-de-ceniza-inicio-de-la-cuaresma-2026\\\/#primaryimage\"},\"thumbnailUrl\":\"https:\\\/\\\/aldiachaco.com.ar\\\/wp-content\\\/uploads\\\/2026\\\/02\\\/1802ceniza.webp\",\"articleSection\":[\"Mundo\"],\"inLanguage\":\"es-AR\",\"potentialAction\":[{\"@type\":\"CommentAction\",\"name\":\"Comment\",\"target\":[\"https:\\\/\\\/aldiachaco.com.ar\\\/index.php\\\/2026\\\/02\\\/18\\\/todo-lo-que-necesitas-saber-sobre-el-miercoles-de-ceniza-inicio-de-la-cuaresma-2026\\\/#respond\"]}]},{\"@type\":\"WebPage\",\"@id\":\"https:\\\/\\\/aldiachaco.com.ar\\\/index.php\\\/2026\\\/02\\\/18\\\/todo-lo-que-necesitas-saber-sobre-el-miercoles-de-ceniza-inicio-de-la-cuaresma-2026\\\/\",\"url\":\"https:\\\/\\\/aldiachaco.com.ar\\\/index.php\\\/2026\\\/02\\\/18\\\/todo-lo-que-necesitas-saber-sobre-el-miercoles-de-ceniza-inicio-de-la-cuaresma-2026\\\/\",\"name\":\"Todo lo que necesitas saber sobre el Mi\u00e9rcoles de Ceniza, inicio de la Cuaresma 2026 | Al Dia Chaco\",\"isPartOf\":{\"@id\":\"https:\\\/\\\/aldiachaco.com.ar\\\/#website\"},\"primaryImageOfPage\":{\"@id\":\"https:\\\/\\\/aldiachaco.com.ar\\\/index.php\\\/2026\\\/02\\\/18\\\/todo-lo-que-necesitas-saber-sobre-el-miercoles-de-ceniza-inicio-de-la-cuaresma-2026\\\/#primaryimage\"},\"image\":{\"@id\":\"https:\\\/\\\/aldiachaco.com.ar\\\/index.php\\\/2026\\\/02\\\/18\\\/todo-lo-que-necesitas-saber-sobre-el-miercoles-de-ceniza-inicio-de-la-cuaresma-2026\\\/#primaryimage\"},\"thumbnailUrl\":\"https:\\\/\\\/aldiachaco.com.ar\\\/wp-content\\\/uploads\\\/2026\\\/02\\\/1802ceniza.webp\",\"datePublished\":\"2026-02-18T12:54:24+00:00\",\"breadcrumb\":{\"@id\":\"https:\\\/\\\/aldiachaco.com.ar\\\/index.php\\\/2026\\\/02\\\/18\\\/todo-lo-que-necesitas-saber-sobre-el-miercoles-de-ceniza-inicio-de-la-cuaresma-2026\\\/#breadcrumb\"},\"inLanguage\":\"es-AR\",\"potentialAction\":[{\"@type\":\"ReadAction\",\"target\":[\"https:\\\/\\\/aldiachaco.com.ar\\\/index.php\\\/2026\\\/02\\\/18\\\/todo-lo-que-necesitas-saber-sobre-el-miercoles-de-ceniza-inicio-de-la-cuaresma-2026\\\/\"]}]},{\"@type\":\"ImageObject\",\"inLanguage\":\"es-AR\",\"@id\":\"https:\\\/\\\/aldiachaco.com.ar\\\/index.php\\\/2026\\\/02\\\/18\\\/todo-lo-que-necesitas-saber-sobre-el-miercoles-de-ceniza-inicio-de-la-cuaresma-2026\\\/#primaryimage\",\"url\":\"https:\\\/\\\/aldiachaco.com.ar\\\/wp-content\\\/uploads\\\/2026\\\/02\\\/1802ceniza.webp\",\"contentUrl\":\"https:\\\/\\\/aldiachaco.com.ar\\\/wp-content\\\/uploads\\\/2026\\\/02\\\/1802ceniza.webp\",\"width\":672,\"height\":448},{\"@type\":\"BreadcrumbList\",\"@id\":\"https:\\\/\\\/aldiachaco.com.ar\\\/index.php\\\/2026\\\/02\\\/18\\\/todo-lo-que-necesitas-saber-sobre-el-miercoles-de-ceniza-inicio-de-la-cuaresma-2026\\\/#breadcrumb\",\"itemListElement\":[{\"@type\":\"ListItem\",\"position\":1,\"name\":\"Home\",\"item\":\"https:\\\/\\\/aldiachaco.com.ar\\\/\"},{\"@type\":\"ListItem\",\"position\":2,\"name\":\"Todo lo que necesitas saber sobre el Mi\u00e9rcoles de Ceniza, inicio de la Cuaresma 2026\"}]},{\"@type\":\"WebSite\",\"@id\":\"https:\\\/\\\/aldiachaco.com.ar\\\/#website\",\"url\":\"https:\\\/\\\/aldiachaco.com.ar\\\/\",\"name\":\"Al Dia Chaco\",\"description\":\"Noticias del Chaco y el mundo\",\"publisher\":{\"@id\":\"https:\\\/\\\/aldiachaco.com.ar\\\/#organization\"},\"alternateName\":\"Al D\u00eda Chaco\",\"potentialAction\":[{\"@type\":\"SearchAction\",\"target\":{\"@type\":\"EntryPoint\",\"urlTemplate\":\"https:\\\/\\\/aldiachaco.com.ar\\\/?s={search_term_string}\"},\"query-input\":{\"@type\":\"PropertyValueSpecification\",\"valueRequired\":true,\"valueName\":\"search_term_string\"}}],\"inLanguage\":\"es-AR\"},{\"@type\":\"Organization\",\"@id\":\"https:\\\/\\\/aldiachaco.com.ar\\\/#organization\",\"name\":\"Al Dia Chaco\",\"url\":\"https:\\\/\\\/aldiachaco.com.ar\\\/\",\"logo\":{\"@type\":\"ImageObject\",\"inLanguage\":\"es-AR\",\"@id\":\"https:\\\/\\\/aldiachaco.com.ar\\\/#\\\/schema\\\/logo\\\/image\\\/\",\"url\":\"https:\\\/\\\/aldiachaco.com.ar\\\/wp-content\\\/uploads\\\/2017\\\/11\\\/AL-DIA-CHACO-L@2x.png\",\"contentUrl\":\"https:\\\/\\\/aldiachaco.com.ar\\\/wp-content\\\/uploads\\\/2017\\\/11\\\/AL-DIA-CHACO-L@2x.png\",\"width\":232,\"height\":60,\"caption\":\"Al Dia Chaco\"},\"image\":{\"@id\":\"https:\\\/\\\/aldiachaco.com.ar\\\/#\\\/schema\\\/logo\\\/image\\\/\"}},{\"@type\":\"Person\",\"@id\":\"https:\\\/\\\/aldiachaco.com.ar\\\/#\\\/schema\\\/person\\\/b24e975af8022082f5889a7a7299e962\",\"name\":\"RedaccionRM\",\"image\":{\"@type\":\"ImageObject\",\"inLanguage\":\"es-AR\",\"@id\":\"https:\\\/\\\/aldiachaco.com.ar\\\/wp-content\\\/litespeed\\\/avatar\\\/a30118fcb7a6295303f1c91164c6aba1.jpg?ver=1777339088\",\"url\":\"https:\\\/\\\/aldiachaco.com.ar\\\/wp-content\\\/litespeed\\\/avatar\\\/a30118fcb7a6295303f1c91164c6aba1.jpg?ver=1777339088\",\"contentUrl\":\"https:\\\/\\\/aldiachaco.com.ar\\\/wp-content\\\/litespeed\\\/avatar\\\/a30118fcb7a6295303f1c91164c6aba1.jpg?ver=1777339088\",\"caption\":\"RedaccionRM\"},\"url\":\"https:\\\/\\\/aldiachaco.com.ar\\\/index.php\\\/author\\\/redaccionrm\\\/\"}]}<\/script>\n<!-- \/ Yoast SEO plugin. -->","yoast_head_json":{"title":"Todo lo que necesitas saber sobre el Mi\u00e9rcoles de Ceniza, inicio de la Cuaresma 2026 | Al Dia Chaco","robots":{"index":"index","follow":"follow","max-snippet":"max-snippet:-1","max-image-preview":"max-image-preview:large","max-video-preview":"max-video-preview:-1"},"canonical":"https:\/\/aldiachaco.com.ar\/index.php\/2026\/02\/18\/todo-lo-que-necesitas-saber-sobre-el-miercoles-de-ceniza-inicio-de-la-cuaresma-2026\/","og_locale":"es_ES","og_type":"article","og_title":"Todo lo que necesitas saber sobre el Mi\u00e9rcoles de Ceniza, inicio de la Cuaresma 2026 | Al Dia Chaco","og_description":"Este mi\u00e9rcoles 18 de febrero, la Iglesia Cat\u00f3lica celebra el Mi\u00e9rcoles de Ceniza, jornada que marca el comienzo de la Cuaresma, un tiempo de 40 d\u00edas de preparaci\u00f3n espiritual, conversi\u00f3n y penitencia para llegar a la Pascua. Es una de las tradiciones lit\u00fargicas m\u00e1s significativas para los cat\u00f3licos. El Papa Le\u00f3n XIV presidir\u00e1 una procesi\u00f3n &hellip;","og_url":"https:\/\/aldiachaco.com.ar\/index.php\/2026\/02\/18\/todo-lo-que-necesitas-saber-sobre-el-miercoles-de-ceniza-inicio-de-la-cuaresma-2026\/","og_site_name":"Al Dia Chaco","article_published_time":"2026-02-18T12:54:24+00:00","og_image":[{"width":672,"height":448,"url":"https:\/\/aldiachaco.com.ar\/wp-content\/uploads\/2026\/02\/1802ceniza.webp","type":"image\/webp"}],"author":"RedaccionRM","twitter_card":"summary_large_image","twitter_misc":{"Escrito por":"RedaccionRM","Tiempo de lectura":"3 minutos"},"schema":{"@context":"https:\/\/schema.org","@graph":[{"@type":"Article","@id":"https:\/\/aldiachaco.com.ar\/index.php\/2026\/02\/18\/todo-lo-que-necesitas-saber-sobre-el-miercoles-de-ceniza-inicio-de-la-cuaresma-2026\/#article","isPartOf":{"@id":"https:\/\/aldiachaco.com.ar\/index.php\/2026\/02\/18\/todo-lo-que-necesitas-saber-sobre-el-miercoles-de-ceniza-inicio-de-la-cuaresma-2026\/"},"author":{"name":"RedaccionRM","@id":"https:\/\/aldiachaco.com.ar\/#\/schema\/person\/b24e975af8022082f5889a7a7299e962"},"headline":"Todo lo que necesitas saber sobre el Mi\u00e9rcoles de Ceniza, inicio de la Cuaresma 2026","datePublished":"2026-02-18T12:54:24+00:00","mainEntityOfPage":{"@id":"https:\/\/aldiachaco.com.ar\/index.php\/2026\/02\/18\/todo-lo-que-necesitas-saber-sobre-el-miercoles-de-ceniza-inicio-de-la-cuaresma-2026\/"},"wordCount":600,"commentCount":0,"publisher":{"@id":"https:\/\/aldiachaco.com.ar\/#organization"},"image":{"@id":"https:\/\/aldiachaco.com.ar\/index.php\/2026\/02\/18\/todo-lo-que-necesitas-saber-sobre-el-miercoles-de-ceniza-inicio-de-la-cuaresma-2026\/#primaryimage"},"thumbnailUrl":"https:\/\/aldiachaco.com.ar\/wp-content\/uploads\/2026\/02\/1802ceniza.webp","articleSection":["Mundo"],"inLanguage":"es-AR","potentialAction":[{"@type":"CommentAction","name":"Comment","target":["https:\/\/aldiachaco.com.ar\/index.php\/2026\/02\/18\/todo-lo-que-necesitas-saber-sobre-el-miercoles-de-ceniza-inicio-de-la-cuaresma-2026\/#respond"]}]},{"@type":"WebPage","@id":"https:\/\/aldiachaco.com.ar\/index.php\/2026\/02\/18\/todo-lo-que-necesitas-saber-sobre-el-miercoles-de-ceniza-inicio-de-la-cuaresma-2026\/","url":"https:\/\/aldiachaco.com.ar\/index.php\/2026\/02\/18\/todo-lo-que-necesitas-saber-sobre-el-miercoles-de-ceniza-inicio-de-la-cuaresma-2026\/","name":"Todo lo que necesitas saber sobre el Mi\u00e9rcoles de Ceniza, inicio de la Cuaresma 2026 | Al Dia Chaco","isPartOf":{"@id":"https:\/\/aldiachaco.com.ar\/#website"},"primaryImageOfPage":{"@id":"https:\/\/aldiachaco.com.ar\/index.php\/2026\/02\/18\/todo-lo-que-necesitas-saber-sobre-el-miercoles-de-ceniza-inicio-de-la-cuaresma-2026\/#primaryimage"},"image":{"@id":"https:\/\/aldiachaco.com.ar\/index.php\/2026\/02\/18\/todo-lo-que-necesitas-saber-sobre-el-miercoles-de-ceniza-inicio-de-la-cuaresma-2026\/#primaryimage"},"thumbnailUrl":"https:\/\/aldiachaco.com.ar\/wp-content\/uploads\/2026\/02\/1802ceniza.webp","datePublished":"2026-02-18T12:54:24+00:00","breadcrumb":{"@id":"https:\/\/aldiachaco.com.ar\/index.php\/2026\/02\/18\/todo-lo-que-necesitas-saber-sobre-el-miercoles-de-ceniza-inicio-de-la-cuaresma-2026\/#breadcrumb"},"inLanguage":"es-AR","potentialAction":[{"@type":"ReadAction","target":["https:\/\/aldiachaco.com.ar\/index.php\/2026\/02\/18\/todo-lo-que-necesitas-saber-sobre-el-miercoles-de-ceniza-inicio-de-la-cuaresma-2026\/"]}]},{"@type":"ImageObject","inLanguage":"es-AR","@id":"https:\/\/aldiachaco.com.ar\/index.php\/2026\/02\/18\/todo-lo-que-necesitas-saber-sobre-el-miercoles-de-ceniza-inicio-de-la-cuaresma-2026\/#primaryimage","url":"https:\/\/aldiachaco.com.ar\/wp-content\/uploads\/2026\/02\/1802ceniza.webp","contentUrl":"https:\/\/aldiachaco.com.ar\/wp-content\/uploads\/2026\/02\/1802ceniza.webp","width":672,"height":448},{"@type":"BreadcrumbList","@id":"https:\/\/aldiachaco.com.ar\/index.php\/2026\/02\/18\/todo-lo-que-necesitas-saber-sobre-el-miercoles-de-ceniza-inicio-de-la-cuaresma-2026\/#breadcrumb","itemListElement":[{"@type":"ListItem","position":1,"name":"Home","item":"https:\/\/aldiachaco.com.ar\/"},{"@type":"ListItem","position":2,"name":"Todo lo que necesitas saber sobre el Mi\u00e9rcoles de Ceniza, inicio de la Cuaresma 2026"}]},{"@type":"WebSite","@id":"https:\/\/aldiachaco.com.ar\/#website","url":"https:\/\/aldiachaco.com.ar\/","name":"Al Dia Chaco","description":"Noticias del Chaco y el mundo","publisher":{"@id":"https:\/\/aldiachaco.com.ar\/#organization"},"alternateName":"Al D\u00eda Chaco","potentialAction":[{"@type":"SearchAction","target":{"@type":"EntryPoint","urlTemplate":"https:\/\/aldiachaco.com.ar\/?s={search_term_string}"},"query-input":{"@type":"PropertyValueSpecification","valueRequired":true,"valueName":"search_term_string"}}],"inLanguage":"es-AR"},{"@type":"Organization","@id":"https:\/\/aldiachaco.com.ar\/#organization","name":"Al Dia Chaco","url":"https:\/\/aldiachaco.com.ar\/","logo":{"@type":"ImageObject","inLanguage":"es-AR","@id":"https:\/\/aldiachaco.com.ar\/#\/schema\/logo\/image\/","url":"https:\/\/aldiachaco.com.ar\/wp-content\/uploads\/2017\/11\/AL-DIA-CHACO-L@2x.png","contentUrl":"https:\/\/aldiachaco.com.ar\/wp-content\/uploads\/2017\/11\/AL-DIA-CHACO-L@2x.png","width":232,"height":60,"caption":"Al Dia Chaco"},"image":{"@id":"https:\/\/aldiachaco.com.ar\/#\/schema\/logo\/image\/"}},{"@type":"Person","@id":"https:\/\/aldiachaco.com.ar\/#\/schema\/person\/b24e975af8022082f5889a7a7299e962","name":"RedaccionRM","image":{"@type":"ImageObject","inLanguage":"es-AR","@id":"https:\/\/aldiachaco.com.ar\/wp-content\/litespeed\/avatar\/a30118fcb7a6295303f1c91164c6aba1.jpg?ver=1777339088","url":"https:\/\/aldiachaco.com.ar\/wp-content\/litespeed\/avatar\/a30118fcb7a6295303f1c91164c6aba1.jpg?ver=1777339088","contentUrl":"https:\/\/aldiachaco.com.ar\/wp-content\/litespeed\/avatar\/a30118fcb7a6295303f1c91164c6aba1.jpg?ver=1777339088","caption":"RedaccionRM"},"url":"https:\/\/aldiachaco.com.ar\/index.php\/author\/redaccionrm\/"}]}},"jetpack_publicize_connections":[],"jetpack_featured_media_url":"https:\/\/aldiachaco.com.ar\/wp-content\/uploads\/2026\/02\/1802ceniza.webp","jetpack_sharing_enabled":true,"amp_enabled":true,"_links":{"self":[{"href":"https:\/\/aldiachaco.com.ar\/index.php\/wp-json\/wp\/v2\/posts\/117080","targetHints":{"allow":["GET"]}}],"collection":[{"href":"https:\/\/aldiachaco.com.ar\/index.php\/wp-json\/wp\/v2\/posts"}],"about":[{"href":"https:\/\/aldiachaco.com.ar\/index.php\/wp-json\/wp\/v2\/types\/post"}],"author":[{"embeddable":true,"href":"https:\/\/aldiachaco.com.ar\/index.php\/wp-json\/wp\/v2\/users\/9"}],"replies":[{"embeddable":true,"href":"https:\/\/aldiachaco.com.ar\/index.php\/wp-json\/wp\/v2\/comments?post=117080"}],"version-history":[{"count":1,"href":"https:\/\/aldiachaco.com.ar\/index.php\/wp-json\/wp\/v2\/posts\/117080\/revisions"}],"predecessor-version":[{"id":117082,"href":"https:\/\/aldiachaco.com.ar\/index.php\/wp-json\/wp\/v2\/posts\/117080\/revisions\/117082"}],"wp:featuredmedia":[{"embeddable":true,"href":"https:\/\/aldiachaco.com.ar\/index.php\/wp-json\/wp\/v2\/media\/117081"}],"wp:attachment":[{"href":"https:\/\/aldiachaco.com.ar\/index.php\/wp-json\/wp\/v2\/media?parent=117080"}],"wp:term":[{"taxonomy":"category","embeddable":true,"href":"https:\/\/aldiachaco.com.ar\/index.php\/wp-json\/wp\/v2\/categories?post=117080"},{"taxonomy":"post_tag","embeddable":true,"href":"https:\/\/aldiachaco.com.ar\/index.php\/wp-json\/wp\/v2\/tags?post=117080"}],"curies":[{"name":"wp","href":"https:\/\/api.w.org\/{rel}","templated":true}]}}