{"id":117074,"date":"2026-02-18T08:13:24","date_gmt":"2026-02-18T11:13:24","guid":{"rendered":"https:\/\/aldiachaco.com.ar\/?p=117074"},"modified":"2026-02-18T08:13:24","modified_gmt":"2026-02-18T11:13:24","slug":"fate-anuncia-su-cierre-definitivo-despidos-masivos-y-el-fin-de-una-marca-historica-de-neumaticos","status":"publish","type":"post","link":"https:\/\/aldiachaco.com.ar\/index.php\/2026\/02\/18\/fate-anuncia-su-cierre-definitivo-despidos-masivos-y-el-fin-de-una-marca-historica-de-neumaticos\/","title":{"rendered":"Fate anuncia su cierre definitivo: despidos masivos y el fin de una marca hist\u00f3rica de neum\u00e1ticos"},"content":{"rendered":"<p>&nbsp;<\/p>\n<p>La empresa argentina Fate, fabricante de neum\u00e1ticos con m\u00e1s de 80 a\u00f1os de trayectoria, anunci\u00f3 su cierre definitivo. La compa\u00f1\u00eda propiedad de la familia Madanes Quintanilla despedir\u00e1 a la totalidad de sus 920 empleados, liquidar\u00e1 su negocio y clausurar\u00e1 su planta industrial ubicada en Virreyes, partido bonaerense de San Fernando.<\/p>\n<p>&nbsp;<\/p>\n<p>&#8220;No se trata de un concurso de acreedores ni de un proceso preventivo. Es un cierre definitivo y se le paga a todo el mundo lo que corresponde. A empleados, proveedores, bancos. Se liquida todo y se baja la persiana&#8221;, precis\u00f3 un allegado a la empresa a Infobae. La firma ya hab\u00eda adherido a un proceso preventivo en 2019.<\/p>\n<p>&nbsp;<\/p>\n<p>El comunicado oficial de la empresa, firmado por &#8220;el Directorio&#8221;, explica que &#8220;los cambios en las condiciones de mercado nos obligan a encarar los desaf\u00edos futuros desde un enfoque diferente, sin dejar de valorar la vocaci\u00f3n industrial que nos ha definido siempre durante todo este tiempo&#8221;. Seg\u00fan fuentes cercanas, &#8220;hace 30 a\u00f1os que la empresa pierde plata, la invasi\u00f3n de cubiertas chinas cambi\u00f3 todo&#8221;.<\/p>\n<p>&nbsp;<\/p>\n<p>El contexto de crisis industrial<\/p>\n<p>&nbsp;<\/p>\n<p>El cierre se produce en un marco de creciente crisis para el sector industrial local, fuertemente afectado por la apertura econ\u00f3mica y el ingreso masivo de productos importados. En mayo de 2025, entraron al pa\u00eds m\u00e1s de 860.000 cubiertas provenientes del exterior, la cifra m\u00e1s alta para un solo mes en m\u00e1s de dos d\u00e9cadas, lo que oblig\u00f3 a las marcas nacionales a bajar sus precios hasta un 15%.<\/p>\n<p>&nbsp;<\/p>\n<p>Fate ya hab\u00eda despedido a 97 trabajadores en mayo de 2024, denunciando en ese entonces &#8220;sostenida p\u00e9rdida de competitividad exportadora&#8221; debido a la &#8220;abusiva sobrecarga impositiva, restricciones cambiarias, deficiente infraestructura, sobrecostos derivados de la legislaci\u00f3n del trabajo, baja productividad laboral, ausentismo y elevada conflictividad gremial&#8221;.<\/p>\n<p>&nbsp;<\/p>\n<p>El futuro del predio y la situaci\u00f3n de los trabajadores<\/p>\n<p>&nbsp;<\/p>\n<p>En principio, la empresa indemnizar\u00e1 a todos sus trabajadores seg\u00fan las condiciones de la ley vigente. No est\u00e1 claro a\u00fan el destino del predio de 40 hect\u00e1reas donde funciona la planta de San Fernando, que cuenta con m\u00e1s de 157.000 metros cuadrados cubiertos y capacidad productiva de m\u00e1s de 5 millones de cubiertas por a\u00f1o.<\/p>\n<p>&nbsp;<\/p>\n<p>Javier Madanes Quintanilla, presidente de Fate y Aluar, cuyo patrimonio personal asciende a unos USD 1.500 millones seg\u00fan Forbes, &#8220;est\u00e1 destrozado, hoy es un d\u00eda de luto&#8221;, se\u00f1al\u00f3 una fuente cercana.<\/p>\n<p>&nbsp;<\/p>\n<p>Fate naci\u00f3 en 1940 como acr\u00f3nimo de F\u00e1brica Argentina de Telas Engomadas, fundada por Leiser Madanes, un inmigrante polaco que lleg\u00f3 al pa\u00eds a comienzos del siglo XX.<\/p>\n<p>&nbsp;<\/p>\n","protected":false},"excerpt":{"rendered":"<p>&nbsp; La empresa argentina Fate, fabricante de neum\u00e1ticos con m\u00e1s de 80 a\u00f1os de trayectoria, anunci\u00f3 su cierre definitivo. La compa\u00f1\u00eda propiedad de la familia Madanes Quintanilla despedir\u00e1 a la totalidad de sus 920 empleados, liquidar\u00e1 su negocio y clausurar\u00e1 su planta industrial ubicada en Virreyes, partido bonaerense de San Fernando. &nbsp; &#8220;No se trata &hellip;<\/p>\n","protected":false},"author":9,"featured_media":117075,"comment_status":"open","ping_status":"open","sticky":false,"template":"","format":"standard","meta":{"content-type":"","_monsterinsights_skip_tracking":false,"_monsterinsights_sitenote_active":false,"_monsterinsights_sitenote_note":"","_monsterinsights_sitenote_category":0,"_jetpack_memberships_contains_paid_content":false,"footnotes":"","jetpack_publicize_message":"","jetpack_publicize_feature_enabled":true,"jetpack_social_post_already_shared":true,"jetpack_social_options":{"image_generator_settings":{"template":"highway","default_image_id":0,"font":"","enabled":false},"version":2}},"categories":[65],"tags":[],"class_list":["post-117074","post","type-post","status-publish","format-standard","has-post-thumbnail","hentry","category-economia"],"yoast_head":"<!-- This site is optimized with the Yoast SEO plugin v27.4 - https:\/\/yoast.com\/product\/yoast-seo-wordpress\/ -->\n<title>Fate anuncia su cierre definitivo: despidos masivos y el fin de una marca hist\u00f3rica de neum\u00e1ticos | Al Dia Chaco<\/title>\n<meta name=\"robots\" content=\"index, follow, max-snippet:-1, max-image-preview:large, max-video-preview:-1\" \/>\n<link rel=\"canonical\" href=\"https:\/\/aldiachaco.com.ar\/index.php\/2026\/02\/18\/fate-anuncia-su-cierre-definitivo-despidos-masivos-y-el-fin-de-una-marca-historica-de-neumaticos\/\" \/>\n<meta property=\"og:locale\" content=\"es_ES\" \/>\n<meta property=\"og:type\" content=\"article\" \/>\n<meta property=\"og:title\" content=\"Fate anuncia su cierre definitivo: despidos masivos y el fin de una marca hist\u00f3rica de neum\u00e1ticos | Al Dia Chaco\" \/>\n<meta property=\"og:description\" content=\"&nbsp; La empresa argentina Fate, fabricante de neum\u00e1ticos con m\u00e1s de 80 a\u00f1os de trayectoria, anunci\u00f3 su cierre definitivo. La compa\u00f1\u00eda propiedad de la familia Madanes Quintanilla despedir\u00e1 a la totalidad de sus 920 empleados, liquidar\u00e1 su negocio y clausurar\u00e1 su planta industrial ubicada en Virreyes, partido bonaerense de San Fernando. &nbsp; &#8220;No se trata &hellip;\" \/>\n<meta property=\"og:url\" content=\"https:\/\/aldiachaco.com.ar\/index.php\/2026\/02\/18\/fate-anuncia-su-cierre-definitivo-despidos-masivos-y-el-fin-de-una-marca-historica-de-neumaticos\/\" \/>\n<meta property=\"og:site_name\" content=\"Al Dia Chaco\" \/>\n<meta property=\"article:published_time\" content=\"2026-02-18T11:13:24+00:00\" \/>\n<meta property=\"og:image\" content=\"https:\/\/aldiachaco.com.ar\/wp-content\/uploads\/2026\/02\/LGTZTTVN65CIZDCYIOZ456HZ6E.webp\" \/>\n\t<meta property=\"og:image:width\" content=\"420\" \/>\n\t<meta property=\"og:image:height\" content=\"236\" \/>\n\t<meta property=\"og:image:type\" content=\"image\/webp\" \/>\n<meta name=\"author\" content=\"RedaccionRM\" \/>\n<meta name=\"twitter:card\" content=\"summary_large_image\" \/>\n<meta name=\"twitter:label1\" content=\"Escrito por\" \/>\n\t<meta name=\"twitter:data1\" content=\"RedaccionRM\" \/>\n\t<meta name=\"twitter:label2\" content=\"Tiempo de lectura\" \/>\n\t<meta name=\"twitter:data2\" content=\"3 minutos\" \/>\n<script type=\"application\/ld+json\" class=\"yoast-schema-graph\">{\"@context\":\"https:\\\/\\\/schema.org\",\"@graph\":[{\"@type\":\"Article\",\"@id\":\"https:\\\/\\\/aldiachaco.com.ar\\\/index.php\\\/2026\\\/02\\\/18\\\/fate-anuncia-su-cierre-definitivo-despidos-masivos-y-el-fin-de-una-marca-historica-de-neumaticos\\\/#article\",\"isPartOf\":{\"@id\":\"https:\\\/\\\/aldiachaco.com.ar\\\/index.php\\\/2026\\\/02\\\/18\\\/fate-anuncia-su-cierre-definitivo-despidos-masivos-y-el-fin-de-una-marca-historica-de-neumaticos\\\/\"},\"author\":{\"name\":\"RedaccionRM\",\"@id\":\"https:\\\/\\\/aldiachaco.com.ar\\\/#\\\/schema\\\/person\\\/b24e975af8022082f5889a7a7299e962\"},\"headline\":\"Fate anuncia su cierre definitivo: despidos masivos y el fin de una marca hist\u00f3rica de neum\u00e1ticos\",\"datePublished\":\"2026-02-18T11:13:24+00:00\",\"mainEntityOfPage\":{\"@id\":\"https:\\\/\\\/aldiachaco.com.ar\\\/index.php\\\/2026\\\/02\\\/18\\\/fate-anuncia-su-cierre-definitivo-despidos-masivos-y-el-fin-de-una-marca-historica-de-neumaticos\\\/\"},\"wordCount\":463,\"commentCount\":0,\"publisher\":{\"@id\":\"https:\\\/\\\/aldiachaco.com.ar\\\/#organization\"},\"image\":{\"@id\":\"https:\\\/\\\/aldiachaco.com.ar\\\/index.php\\\/2026\\\/02\\\/18\\\/fate-anuncia-su-cierre-definitivo-despidos-masivos-y-el-fin-de-una-marca-historica-de-neumaticos\\\/#primaryimage\"},\"thumbnailUrl\":\"https:\\\/\\\/aldiachaco.com.ar\\\/wp-content\\\/uploads\\\/2026\\\/02\\\/LGTZTTVN65CIZDCYIOZ456HZ6E.webp\",\"articleSection\":[\"Econom\u00eda\"],\"inLanguage\":\"es-AR\",\"potentialAction\":[{\"@type\":\"CommentAction\",\"name\":\"Comment\",\"target\":[\"https:\\\/\\\/aldiachaco.com.ar\\\/index.php\\\/2026\\\/02\\\/18\\\/fate-anuncia-su-cierre-definitivo-despidos-masivos-y-el-fin-de-una-marca-historica-de-neumaticos\\\/#respond\"]}]},{\"@type\":\"WebPage\",\"@id\":\"https:\\\/\\\/aldiachaco.com.ar\\\/index.php\\\/2026\\\/02\\\/18\\\/fate-anuncia-su-cierre-definitivo-despidos-masivos-y-el-fin-de-una-marca-historica-de-neumaticos\\\/\",\"url\":\"https:\\\/\\\/aldiachaco.com.ar\\\/index.php\\\/2026\\\/02\\\/18\\\/fate-anuncia-su-cierre-definitivo-despidos-masivos-y-el-fin-de-una-marca-historica-de-neumaticos\\\/\",\"name\":\"Fate anuncia su cierre definitivo: despidos masivos y el fin de una marca hist\u00f3rica de neum\u00e1ticos | Al Dia Chaco\",\"isPartOf\":{\"@id\":\"https:\\\/\\\/aldiachaco.com.ar\\\/#website\"},\"primaryImageOfPage\":{\"@id\":\"https:\\\/\\\/aldiachaco.com.ar\\\/index.php\\\/2026\\\/02\\\/18\\\/fate-anuncia-su-cierre-definitivo-despidos-masivos-y-el-fin-de-una-marca-historica-de-neumaticos\\\/#primaryimage\"},\"image\":{\"@id\":\"https:\\\/\\\/aldiachaco.com.ar\\\/index.php\\\/2026\\\/02\\\/18\\\/fate-anuncia-su-cierre-definitivo-despidos-masivos-y-el-fin-de-una-marca-historica-de-neumaticos\\\/#primaryimage\"},\"thumbnailUrl\":\"https:\\\/\\\/aldiachaco.com.ar\\\/wp-content\\\/uploads\\\/2026\\\/02\\\/LGTZTTVN65CIZDCYIOZ456HZ6E.webp\",\"datePublished\":\"2026-02-18T11:13:24+00:00\",\"breadcrumb\":{\"@id\":\"https:\\\/\\\/aldiachaco.com.ar\\\/index.php\\\/2026\\\/02\\\/18\\\/fate-anuncia-su-cierre-definitivo-despidos-masivos-y-el-fin-de-una-marca-historica-de-neumaticos\\\/#breadcrumb\"},\"inLanguage\":\"es-AR\",\"potentialAction\":[{\"@type\":\"ReadAction\",\"target\":[\"https:\\\/\\\/aldiachaco.com.ar\\\/index.php\\\/2026\\\/02\\\/18\\\/fate-anuncia-su-cierre-definitivo-despidos-masivos-y-el-fin-de-una-marca-historica-de-neumaticos\\\/\"]}]},{\"@type\":\"ImageObject\",\"inLanguage\":\"es-AR\",\"@id\":\"https:\\\/\\\/aldiachaco.com.ar\\\/index.php\\\/2026\\\/02\\\/18\\\/fate-anuncia-su-cierre-definitivo-despidos-masivos-y-el-fin-de-una-marca-historica-de-neumaticos\\\/#primaryimage\",\"url\":\"https:\\\/\\\/aldiachaco.com.ar\\\/wp-content\\\/uploads\\\/2026\\\/02\\\/LGTZTTVN65CIZDCYIOZ456HZ6E.webp\",\"contentUrl\":\"https:\\\/\\\/aldiachaco.com.ar\\\/wp-content\\\/uploads\\\/2026\\\/02\\\/LGTZTTVN65CIZDCYIOZ456HZ6E.webp\",\"width\":420,\"height\":236},{\"@type\":\"BreadcrumbList\",\"@id\":\"https:\\\/\\\/aldiachaco.com.ar\\\/index.php\\\/2026\\\/02\\\/18\\\/fate-anuncia-su-cierre-definitivo-despidos-masivos-y-el-fin-de-una-marca-historica-de-neumaticos\\\/#breadcrumb\",\"itemListElement\":[{\"@type\":\"ListItem\",\"position\":1,\"name\":\"Home\",\"item\":\"https:\\\/\\\/aldiachaco.com.ar\\\/\"},{\"@type\":\"ListItem\",\"position\":2,\"name\":\"Fate anuncia su cierre definitivo: despidos masivos y el fin de una marca hist\u00f3rica de neum\u00e1ticos\"}]},{\"@type\":\"WebSite\",\"@id\":\"https:\\\/\\\/aldiachaco.com.ar\\\/#website\",\"url\":\"https:\\\/\\\/aldiachaco.com.ar\\\/\",\"name\":\"Al Dia Chaco\",\"description\":\"Noticias del Chaco y el mundo\",\"publisher\":{\"@id\":\"https:\\\/\\\/aldiachaco.com.ar\\\/#organization\"},\"alternateName\":\"Al D\u00eda Chaco\",\"potentialAction\":[{\"@type\":\"SearchAction\",\"target\":{\"@type\":\"EntryPoint\",\"urlTemplate\":\"https:\\\/\\\/aldiachaco.com.ar\\\/?s={search_term_string}\"},\"query-input\":{\"@type\":\"PropertyValueSpecification\",\"valueRequired\":true,\"valueName\":\"search_term_string\"}}],\"inLanguage\":\"es-AR\"},{\"@type\":\"Organization\",\"@id\":\"https:\\\/\\\/aldiachaco.com.ar\\\/#organization\",\"name\":\"Al Dia Chaco\",\"url\":\"https:\\\/\\\/aldiachaco.com.ar\\\/\",\"logo\":{\"@type\":\"ImageObject\",\"inLanguage\":\"es-AR\",\"@id\":\"https:\\\/\\\/aldiachaco.com.ar\\\/#\\\/schema\\\/logo\\\/image\\\/\",\"url\":\"https:\\\/\\\/aldiachaco.com.ar\\\/wp-content\\\/uploads\\\/2017\\\/11\\\/AL-DIA-CHACO-L@2x.png\",\"contentUrl\":\"https:\\\/\\\/aldiachaco.com.ar\\\/wp-content\\\/uploads\\\/2017\\\/11\\\/AL-DIA-CHACO-L@2x.png\",\"width\":232,\"height\":60,\"caption\":\"Al Dia Chaco\"},\"image\":{\"@id\":\"https:\\\/\\\/aldiachaco.com.ar\\\/#\\\/schema\\\/logo\\\/image\\\/\"}},{\"@type\":\"Person\",\"@id\":\"https:\\\/\\\/aldiachaco.com.ar\\\/#\\\/schema\\\/person\\\/b24e975af8022082f5889a7a7299e962\",\"name\":\"RedaccionRM\",\"image\":{\"@type\":\"ImageObject\",\"inLanguage\":\"es-AR\",\"@id\":\"https:\\\/\\\/aldiachaco.com.ar\\\/wp-content\\\/litespeed\\\/avatar\\\/a30118fcb7a6295303f1c91164c6aba1.jpg?ver=1777339088\",\"url\":\"https:\\\/\\\/aldiachaco.com.ar\\\/wp-content\\\/litespeed\\\/avatar\\\/a30118fcb7a6295303f1c91164c6aba1.jpg?ver=1777339088\",\"contentUrl\":\"https:\\\/\\\/aldiachaco.com.ar\\\/wp-content\\\/litespeed\\\/avatar\\\/a30118fcb7a6295303f1c91164c6aba1.jpg?ver=1777339088\",\"caption\":\"RedaccionRM\"},\"url\":\"https:\\\/\\\/aldiachaco.com.ar\\\/index.php\\\/author\\\/redaccionrm\\\/\"}]}<\/script>\n<!-- \/ Yoast SEO plugin. -->","yoast_head_json":{"title":"Fate anuncia su cierre definitivo: despidos masivos y el fin de una marca hist\u00f3rica de neum\u00e1ticos | Al Dia Chaco","robots":{"index":"index","follow":"follow","max-snippet":"max-snippet:-1","max-image-preview":"max-image-preview:large","max-video-preview":"max-video-preview:-1"},"canonical":"https:\/\/aldiachaco.com.ar\/index.php\/2026\/02\/18\/fate-anuncia-su-cierre-definitivo-despidos-masivos-y-el-fin-de-una-marca-historica-de-neumaticos\/","og_locale":"es_ES","og_type":"article","og_title":"Fate anuncia su cierre definitivo: despidos masivos y el fin de una marca hist\u00f3rica de neum\u00e1ticos | Al Dia Chaco","og_description":"&nbsp; La empresa argentina Fate, fabricante de neum\u00e1ticos con m\u00e1s de 80 a\u00f1os de trayectoria, anunci\u00f3 su cierre definitivo. La compa\u00f1\u00eda propiedad de la familia Madanes Quintanilla despedir\u00e1 a la totalidad de sus 920 empleados, liquidar\u00e1 su negocio y clausurar\u00e1 su planta industrial ubicada en Virreyes, partido bonaerense de San Fernando. &nbsp; &#8220;No se trata &hellip;","og_url":"https:\/\/aldiachaco.com.ar\/index.php\/2026\/02\/18\/fate-anuncia-su-cierre-definitivo-despidos-masivos-y-el-fin-de-una-marca-historica-de-neumaticos\/","og_site_name":"Al Dia Chaco","article_published_time":"2026-02-18T11:13:24+00:00","og_image":[{"width":420,"height":236,"url":"https:\/\/aldiachaco.com.ar\/wp-content\/uploads\/2026\/02\/LGTZTTVN65CIZDCYIOZ456HZ6E.webp","type":"image\/webp"}],"author":"RedaccionRM","twitter_card":"summary_large_image","twitter_misc":{"Escrito por":"RedaccionRM","Tiempo de lectura":"3 minutos"},"schema":{"@context":"https:\/\/schema.org","@graph":[{"@type":"Article","@id":"https:\/\/aldiachaco.com.ar\/index.php\/2026\/02\/18\/fate-anuncia-su-cierre-definitivo-despidos-masivos-y-el-fin-de-una-marca-historica-de-neumaticos\/#article","isPartOf":{"@id":"https:\/\/aldiachaco.com.ar\/index.php\/2026\/02\/18\/fate-anuncia-su-cierre-definitivo-despidos-masivos-y-el-fin-de-una-marca-historica-de-neumaticos\/"},"author":{"name":"RedaccionRM","@id":"https:\/\/aldiachaco.com.ar\/#\/schema\/person\/b24e975af8022082f5889a7a7299e962"},"headline":"Fate anuncia su cierre definitivo: despidos masivos y el fin de una marca hist\u00f3rica de neum\u00e1ticos","datePublished":"2026-02-18T11:13:24+00:00","mainEntityOfPage":{"@id":"https:\/\/aldiachaco.com.ar\/index.php\/2026\/02\/18\/fate-anuncia-su-cierre-definitivo-despidos-masivos-y-el-fin-de-una-marca-historica-de-neumaticos\/"},"wordCount":463,"commentCount":0,"publisher":{"@id":"https:\/\/aldiachaco.com.ar\/#organization"},"image":{"@id":"https:\/\/aldiachaco.com.ar\/index.php\/2026\/02\/18\/fate-anuncia-su-cierre-definitivo-despidos-masivos-y-el-fin-de-una-marca-historica-de-neumaticos\/#primaryimage"},"thumbnailUrl":"https:\/\/aldiachaco.com.ar\/wp-content\/uploads\/2026\/02\/LGTZTTVN65CIZDCYIOZ456HZ6E.webp","articleSection":["Econom\u00eda"],"inLanguage":"es-AR","potentialAction":[{"@type":"CommentAction","name":"Comment","target":["https:\/\/aldiachaco.com.ar\/index.php\/2026\/02\/18\/fate-anuncia-su-cierre-definitivo-despidos-masivos-y-el-fin-de-una-marca-historica-de-neumaticos\/#respond"]}]},{"@type":"WebPage","@id":"https:\/\/aldiachaco.com.ar\/index.php\/2026\/02\/18\/fate-anuncia-su-cierre-definitivo-despidos-masivos-y-el-fin-de-una-marca-historica-de-neumaticos\/","url":"https:\/\/aldiachaco.com.ar\/index.php\/2026\/02\/18\/fate-anuncia-su-cierre-definitivo-despidos-masivos-y-el-fin-de-una-marca-historica-de-neumaticos\/","name":"Fate anuncia su cierre definitivo: despidos masivos y el fin de una marca hist\u00f3rica de neum\u00e1ticos | Al Dia Chaco","isPartOf":{"@id":"https:\/\/aldiachaco.com.ar\/#website"},"primaryImageOfPage":{"@id":"https:\/\/aldiachaco.com.ar\/index.php\/2026\/02\/18\/fate-anuncia-su-cierre-definitivo-despidos-masivos-y-el-fin-de-una-marca-historica-de-neumaticos\/#primaryimage"},"image":{"@id":"https:\/\/aldiachaco.com.ar\/index.php\/2026\/02\/18\/fate-anuncia-su-cierre-definitivo-despidos-masivos-y-el-fin-de-una-marca-historica-de-neumaticos\/#primaryimage"},"thumbnailUrl":"https:\/\/aldiachaco.com.ar\/wp-content\/uploads\/2026\/02\/LGTZTTVN65CIZDCYIOZ456HZ6E.webp","datePublished":"2026-02-18T11:13:24+00:00","breadcrumb":{"@id":"https:\/\/aldiachaco.com.ar\/index.php\/2026\/02\/18\/fate-anuncia-su-cierre-definitivo-despidos-masivos-y-el-fin-de-una-marca-historica-de-neumaticos\/#breadcrumb"},"inLanguage":"es-AR","potentialAction":[{"@type":"ReadAction","target":["https:\/\/aldiachaco.com.ar\/index.php\/2026\/02\/18\/fate-anuncia-su-cierre-definitivo-despidos-masivos-y-el-fin-de-una-marca-historica-de-neumaticos\/"]}]},{"@type":"ImageObject","inLanguage":"es-AR","@id":"https:\/\/aldiachaco.com.ar\/index.php\/2026\/02\/18\/fate-anuncia-su-cierre-definitivo-despidos-masivos-y-el-fin-de-una-marca-historica-de-neumaticos\/#primaryimage","url":"https:\/\/aldiachaco.com.ar\/wp-content\/uploads\/2026\/02\/LGTZTTVN65CIZDCYIOZ456HZ6E.webp","contentUrl":"https:\/\/aldiachaco.com.ar\/wp-content\/uploads\/2026\/02\/LGTZTTVN65CIZDCYIOZ456HZ6E.webp","width":420,"height":236},{"@type":"BreadcrumbList","@id":"https:\/\/aldiachaco.com.ar\/index.php\/2026\/02\/18\/fate-anuncia-su-cierre-definitivo-despidos-masivos-y-el-fin-de-una-marca-historica-de-neumaticos\/#breadcrumb","itemListElement":[{"@type":"ListItem","position":1,"name":"Home","item":"https:\/\/aldiachaco.com.ar\/"},{"@type":"ListItem","position":2,"name":"Fate anuncia su cierre definitivo: despidos masivos y el fin de una marca hist\u00f3rica de neum\u00e1ticos"}]},{"@type":"WebSite","@id":"https:\/\/aldiachaco.com.ar\/#website","url":"https:\/\/aldiachaco.com.ar\/","name":"Al Dia Chaco","description":"Noticias del Chaco y el mundo","publisher":{"@id":"https:\/\/aldiachaco.com.ar\/#organization"},"alternateName":"Al D\u00eda Chaco","potentialAction":[{"@type":"SearchAction","target":{"@type":"EntryPoint","urlTemplate":"https:\/\/aldiachaco.com.ar\/?s={search_term_string}"},"query-input":{"@type":"PropertyValueSpecification","valueRequired":true,"valueName":"search_term_string"}}],"inLanguage":"es-AR"},{"@type":"Organization","@id":"https:\/\/aldiachaco.com.ar\/#organization","name":"Al Dia Chaco","url":"https:\/\/aldiachaco.com.ar\/","logo":{"@type":"ImageObject","inLanguage":"es-AR","@id":"https:\/\/aldiachaco.com.ar\/#\/schema\/logo\/image\/","url":"https:\/\/aldiachaco.com.ar\/wp-content\/uploads\/2017\/11\/AL-DIA-CHACO-L@2x.png","contentUrl":"https:\/\/aldiachaco.com.ar\/wp-content\/uploads\/2017\/11\/AL-DIA-CHACO-L@2x.png","width":232,"height":60,"caption":"Al Dia Chaco"},"image":{"@id":"https:\/\/aldiachaco.com.ar\/#\/schema\/logo\/image\/"}},{"@type":"Person","@id":"https:\/\/aldiachaco.com.ar\/#\/schema\/person\/b24e975af8022082f5889a7a7299e962","name":"RedaccionRM","image":{"@type":"ImageObject","inLanguage":"es-AR","@id":"https:\/\/aldiachaco.com.ar\/wp-content\/litespeed\/avatar\/a30118fcb7a6295303f1c91164c6aba1.jpg?ver=1777339088","url":"https:\/\/aldiachaco.com.ar\/wp-content\/litespeed\/avatar\/a30118fcb7a6295303f1c91164c6aba1.jpg?ver=1777339088","contentUrl":"https:\/\/aldiachaco.com.ar\/wp-content\/litespeed\/avatar\/a30118fcb7a6295303f1c91164c6aba1.jpg?ver=1777339088","caption":"RedaccionRM"},"url":"https:\/\/aldiachaco.com.ar\/index.php\/author\/redaccionrm\/"}]}},"jetpack_publicize_connections":[],"jetpack_featured_media_url":"https:\/\/aldiachaco.com.ar\/wp-content\/uploads\/2026\/02\/LGTZTTVN65CIZDCYIOZ456HZ6E.webp","jetpack_sharing_enabled":true,"amp_enabled":true,"_links":{"self":[{"href":"https:\/\/aldiachaco.com.ar\/index.php\/wp-json\/wp\/v2\/posts\/117074","targetHints":{"allow":["GET"]}}],"collection":[{"href":"https:\/\/aldiachaco.com.ar\/index.php\/wp-json\/wp\/v2\/posts"}],"about":[{"href":"https:\/\/aldiachaco.com.ar\/index.php\/wp-json\/wp\/v2\/types\/post"}],"author":[{"embeddable":true,"href":"https:\/\/aldiachaco.com.ar\/index.php\/wp-json\/wp\/v2\/users\/9"}],"replies":[{"embeddable":true,"href":"https:\/\/aldiachaco.com.ar\/index.php\/wp-json\/wp\/v2\/comments?post=117074"}],"version-history":[{"count":1,"href":"https:\/\/aldiachaco.com.ar\/index.php\/wp-json\/wp\/v2\/posts\/117074\/revisions"}],"predecessor-version":[{"id":117076,"href":"https:\/\/aldiachaco.com.ar\/index.php\/wp-json\/wp\/v2\/posts\/117074\/revisions\/117076"}],"wp:featuredmedia":[{"embeddable":true,"href":"https:\/\/aldiachaco.com.ar\/index.php\/wp-json\/wp\/v2\/media\/117075"}],"wp:attachment":[{"href":"https:\/\/aldiachaco.com.ar\/index.php\/wp-json\/wp\/v2\/media?parent=117074"}],"wp:term":[{"taxonomy":"category","embeddable":true,"href":"https:\/\/aldiachaco.com.ar\/index.php\/wp-json\/wp\/v2\/categories?post=117074"},{"taxonomy":"post_tag","embeddable":true,"href":"https:\/\/aldiachaco.com.ar\/index.php\/wp-json\/wp\/v2\/tags?post=117074"}],"curies":[{"name":"wp","href":"https:\/\/api.w.org\/{rel}","templated":true}]}}