{"id":117053,"date":"2026-02-17T18:02:18","date_gmt":"2026-02-17T21:02:18","guid":{"rendered":"https:\/\/aldiachaco.com.ar\/?p=117053"},"modified":"2026-02-17T18:02:18","modified_gmt":"2026-02-17T21:02:18","slug":"jefe-de-policia-en-chaco-los-uniformes-y-proyectiles-se-proveen-gratuitamente-sabemos-de-los-errores-de-2013","status":"publish","type":"post","link":"https:\/\/aldiachaco.com.ar\/index.php\/2026\/02\/17\/jefe-de-policia-en-chaco-los-uniformes-y-proyectiles-se-proveen-gratuitamente-sabemos-de-los-errores-de-2013\/","title":{"rendered":"Jefe de Polic\u00eda: &#8220;En Chaco los uniformes y proyectiles se proveen gratuitamente; sabemos de los errores de 2013&#8221;"},"content":{"rendered":"<p class=\"ds-markdown-paragraph\">El jefe de la Polic\u00eda del Chaco, Fernando Romero, sali\u00f3 al cruce de las denuncias sobre polic\u00edas que deben comprar su propio uniforme y municiones, tras los reclamos de agentes correntinos que visibilizaron la situaci\u00f3n en la provincia vecina. En di\u00e1logo con Sin Vueltas, Romero aclar\u00f3 que en Chaco el Estado provee todo el equipamiento de manera gratuita y explic\u00f3 el procedimiento para acceder a los insumos.<\/p>\n<p class=\"ds-markdown-paragraph\">&#8220;S\u00ed, Polic\u00eda del Chaco tiene la divisi\u00f3n Sastrer\u00eda dentro del departamento Log\u00edstica. Nosotros le proveemos el uniforme al polic\u00eda que va gestionando. Lo \u00fanico que tienen que hacer es llevar la nota de la comisar\u00eda, n\u00f3mina y talles, y nosotros le confeccionamos y se lo entregamos. No es obligaci\u00f3n comprar, aquel que quiere comprar por sus propios medios puede hacerlo, pero no es obligatorio&#8221;, afirm\u00f3 Romero.<\/p>\n<p class=\"ds-markdown-paragraph\">Sobre la munici\u00f3n, el jefe policial fue contundente: &#8220;Lo mismo que el uniforme, la misma gesti\u00f3n, se le provee cartuchos 9 mil\u00edmetros para las pistolas y antitumulto para las escopetas. Es simplemente enviar una nota a Log\u00edstica&#8221;. Y detall\u00f3 que el departamento, ubicado en Ruta 11 kil\u00f3metro 1006, gestiona todos los insumos necesarios para el funcionamiento de la fuerza.<\/p>\n<p class=\"ds-markdown-paragraph\">Consultado sobre la posibilidad de un estallido similar al de Santa Fe en la provincia, Romero fue claro: &#8220;La polic\u00eda del Chaco es la quinta del pa\u00eds en sueldos. Sabemos que hay que mejorarlo, sin dudas, pero en la medida que la factibilidad presupuestaria lo permita. Por el momento los \u00e1nimos est\u00e1n calmos. No tengo informaci\u00f3n de que vayan a realizar alg\u00fan reclamo&#8221;.<\/p>\n<p class=\"ds-markdown-paragraph\">El jefe policial record\u00f3 las consecuencias de la protesta de 2013: &#8220;Tuvimos una experiencia mala y nefasta en el 2013. Se nos muri\u00f3 un subcomisario como consecuencia de los saqueos. Aprendimos de los errores. Ese tipo de manifestaci\u00f3n se llama sedici\u00f3n, es causa federal y tiene consecuencias legales. Adem\u00e1s, es causal de baja de la instituci\u00f3n con cesant\u00eda&#8221;.<\/p>\n<p class=\"ds-markdown-paragraph\">Romero explic\u00f3 que el r\u00e9gimen disciplinario policial impide cualquier tipo de reclamo, incluso estando franco de servicio: &#8220;Nuestro estado policial, franco o en servicio, es deber y obligaci\u00f3n la sujeci\u00f3n al r\u00e9gimen disciplinario. Tenemos vedado todo reclamo en actividad o franco del servicio. Una cosa es el trato directo con su jefe de unidad, plante\u00e1ndole con respeto, pero reclamos salariales en grupos o a viva voz es falta disciplinaria&#8221;.<\/p>\n<p class=\"ds-markdown-paragraph\">Sobre el caso de las dos menores que intentaron incendiar su moto en un control de tr\u00e1nsito en Resistencia, Romero confirm\u00f3 que fueron demoradas y entregadas a sus familiares a las dos horas. Y opin\u00f3 sobre la baja de imputabilidad: &#8220;Estoy de acuerdo con que la edad baje a 12 a\u00f1os. A partir de 12 inclusive ya comprenden la criminalidad del acto. Algunas bandas organizadas van a utilizar menores de 12 a\u00f1os hacia abajo, y ah\u00ed no hay nada que se pueda hacer&#8221;.<\/p>\n","protected":false},"excerpt":{"rendered":"<p>El jefe de la Polic\u00eda del Chaco, Fernando Romero, sali\u00f3 al cruce de las denuncias sobre polic\u00edas que deben comprar su propio uniforme y municiones, tras los reclamos de agentes correntinos que visibilizaron la situaci\u00f3n en la provincia vecina. En di\u00e1logo con Sin Vueltas, Romero aclar\u00f3 que en Chaco el Estado provee todo el equipamiento &hellip;<\/p>\n","protected":false},"author":9,"featured_media":117054,"comment_status":"open","ping_status":"open","sticky":false,"template":"","format":"standard","meta":{"content-type":"","_monsterinsights_skip_tracking":false,"_monsterinsights_sitenote_active":false,"_monsterinsights_sitenote_note":"","_monsterinsights_sitenote_category":0,"_jetpack_memberships_contains_paid_content":false,"footnotes":"","jetpack_publicize_message":"","jetpack_publicize_feature_enabled":true,"jetpack_social_post_already_shared":true,"jetpack_social_options":{"image_generator_settings":{"template":"highway","default_image_id":0,"font":"","enabled":false},"version":2}},"categories":[86],"tags":[],"class_list":["post-117053","post","type-post","status-publish","format-standard","has-post-thumbnail","hentry","category-policiales"],"yoast_head":"<!-- This site is optimized with the Yoast SEO plugin v27.4 - https:\/\/yoast.com\/product\/yoast-seo-wordpress\/ -->\n<title>Jefe de Polic\u00eda: &quot;En Chaco los uniformes y proyectiles se proveen gratuitamente; sabemos de los errores de 2013&quot; | Al Dia Chaco<\/title>\n<meta name=\"robots\" content=\"index, follow, max-snippet:-1, max-image-preview:large, max-video-preview:-1\" \/>\n<link rel=\"canonical\" href=\"https:\/\/aldiachaco.com.ar\/index.php\/2026\/02\/17\/jefe-de-policia-en-chaco-los-uniformes-y-proyectiles-se-proveen-gratuitamente-sabemos-de-los-errores-de-2013\/\" \/>\n<meta property=\"og:locale\" content=\"es_ES\" \/>\n<meta property=\"og:type\" content=\"article\" \/>\n<meta property=\"og:title\" content=\"Jefe de Polic\u00eda: &quot;En Chaco los uniformes y proyectiles se proveen gratuitamente; sabemos de los errores de 2013&quot; | Al Dia Chaco\" \/>\n<meta property=\"og:description\" content=\"El jefe de la Polic\u00eda del Chaco, Fernando Romero, sali\u00f3 al cruce de las denuncias sobre polic\u00edas que deben comprar su propio uniforme y municiones, tras los reclamos de agentes correntinos que visibilizaron la situaci\u00f3n en la provincia vecina. En di\u00e1logo con Sin Vueltas, Romero aclar\u00f3 que en Chaco el Estado provee todo el equipamiento &hellip;\" \/>\n<meta property=\"og:url\" content=\"https:\/\/aldiachaco.com.ar\/index.php\/2026\/02\/17\/jefe-de-policia-en-chaco-los-uniformes-y-proyectiles-se-proveen-gratuitamente-sabemos-de-los-errores-de-2013\/\" \/>\n<meta property=\"og:site_name\" content=\"Al Dia Chaco\" \/>\n<meta property=\"article:published_time\" content=\"2026-02-17T21:02:18+00:00\" \/>\n<meta property=\"og:image\" content=\"https:\/\/aldiachaco.com.ar\/wp-content\/uploads\/2026\/02\/1702romero.jpg\" \/>\n\t<meta property=\"og:image:width\" content=\"960\" \/>\n\t<meta property=\"og:image:height\" content=\"960\" \/>\n\t<meta property=\"og:image:type\" content=\"image\/jpeg\" \/>\n<meta name=\"author\" content=\"RedaccionRM\" \/>\n<meta name=\"twitter:card\" content=\"summary_large_image\" \/>\n<meta name=\"twitter:label1\" content=\"Escrito por\" \/>\n\t<meta name=\"twitter:data1\" content=\"RedaccionRM\" \/>\n\t<meta name=\"twitter:label2\" content=\"Tiempo de lectura\" \/>\n\t<meta name=\"twitter:data2\" content=\"3 minutos\" \/>\n<script type=\"application\/ld+json\" class=\"yoast-schema-graph\">{\"@context\":\"https:\\\/\\\/schema.org\",\"@graph\":[{\"@type\":\"Article\",\"@id\":\"https:\\\/\\\/aldiachaco.com.ar\\\/index.php\\\/2026\\\/02\\\/17\\\/jefe-de-policia-en-chaco-los-uniformes-y-proyectiles-se-proveen-gratuitamente-sabemos-de-los-errores-de-2013\\\/#article\",\"isPartOf\":{\"@id\":\"https:\\\/\\\/aldiachaco.com.ar\\\/index.php\\\/2026\\\/02\\\/17\\\/jefe-de-policia-en-chaco-los-uniformes-y-proyectiles-se-proveen-gratuitamente-sabemos-de-los-errores-de-2013\\\/\"},\"author\":{\"name\":\"RedaccionRM\",\"@id\":\"https:\\\/\\\/aldiachaco.com.ar\\\/#\\\/schema\\\/person\\\/b24e975af8022082f5889a7a7299e962\"},\"headline\":\"Jefe de Polic\u00eda: &#8220;En Chaco los uniformes y proyectiles se proveen gratuitamente; sabemos de los errores de 2013&#8221;\",\"datePublished\":\"2026-02-17T21:02:18+00:00\",\"mainEntityOfPage\":{\"@id\":\"https:\\\/\\\/aldiachaco.com.ar\\\/index.php\\\/2026\\\/02\\\/17\\\/jefe-de-policia-en-chaco-los-uniformes-y-proyectiles-se-proveen-gratuitamente-sabemos-de-los-errores-de-2013\\\/\"},\"wordCount\":510,\"commentCount\":0,\"publisher\":{\"@id\":\"https:\\\/\\\/aldiachaco.com.ar\\\/#organization\"},\"image\":{\"@id\":\"https:\\\/\\\/aldiachaco.com.ar\\\/index.php\\\/2026\\\/02\\\/17\\\/jefe-de-policia-en-chaco-los-uniformes-y-proyectiles-se-proveen-gratuitamente-sabemos-de-los-errores-de-2013\\\/#primaryimage\"},\"thumbnailUrl\":\"https:\\\/\\\/aldiachaco.com.ar\\\/wp-content\\\/uploads\\\/2026\\\/02\\\/1702romero.jpg\",\"articleSection\":[\"Policiales\"],\"inLanguage\":\"es-AR\",\"potentialAction\":[{\"@type\":\"CommentAction\",\"name\":\"Comment\",\"target\":[\"https:\\\/\\\/aldiachaco.com.ar\\\/index.php\\\/2026\\\/02\\\/17\\\/jefe-de-policia-en-chaco-los-uniformes-y-proyectiles-se-proveen-gratuitamente-sabemos-de-los-errores-de-2013\\\/#respond\"]}]},{\"@type\":\"WebPage\",\"@id\":\"https:\\\/\\\/aldiachaco.com.ar\\\/index.php\\\/2026\\\/02\\\/17\\\/jefe-de-policia-en-chaco-los-uniformes-y-proyectiles-se-proveen-gratuitamente-sabemos-de-los-errores-de-2013\\\/\",\"url\":\"https:\\\/\\\/aldiachaco.com.ar\\\/index.php\\\/2026\\\/02\\\/17\\\/jefe-de-policia-en-chaco-los-uniformes-y-proyectiles-se-proveen-gratuitamente-sabemos-de-los-errores-de-2013\\\/\",\"name\":\"Jefe de Polic\u00eda: \\\"En Chaco los uniformes y proyectiles se proveen gratuitamente; sabemos de los errores de 2013\\\" | Al Dia Chaco\",\"isPartOf\":{\"@id\":\"https:\\\/\\\/aldiachaco.com.ar\\\/#website\"},\"primaryImageOfPage\":{\"@id\":\"https:\\\/\\\/aldiachaco.com.ar\\\/index.php\\\/2026\\\/02\\\/17\\\/jefe-de-policia-en-chaco-los-uniformes-y-proyectiles-se-proveen-gratuitamente-sabemos-de-los-errores-de-2013\\\/#primaryimage\"},\"image\":{\"@id\":\"https:\\\/\\\/aldiachaco.com.ar\\\/index.php\\\/2026\\\/02\\\/17\\\/jefe-de-policia-en-chaco-los-uniformes-y-proyectiles-se-proveen-gratuitamente-sabemos-de-los-errores-de-2013\\\/#primaryimage\"},\"thumbnailUrl\":\"https:\\\/\\\/aldiachaco.com.ar\\\/wp-content\\\/uploads\\\/2026\\\/02\\\/1702romero.jpg\",\"datePublished\":\"2026-02-17T21:02:18+00:00\",\"breadcrumb\":{\"@id\":\"https:\\\/\\\/aldiachaco.com.ar\\\/index.php\\\/2026\\\/02\\\/17\\\/jefe-de-policia-en-chaco-los-uniformes-y-proyectiles-se-proveen-gratuitamente-sabemos-de-los-errores-de-2013\\\/#breadcrumb\"},\"inLanguage\":\"es-AR\",\"potentialAction\":[{\"@type\":\"ReadAction\",\"target\":[\"https:\\\/\\\/aldiachaco.com.ar\\\/index.php\\\/2026\\\/02\\\/17\\\/jefe-de-policia-en-chaco-los-uniformes-y-proyectiles-se-proveen-gratuitamente-sabemos-de-los-errores-de-2013\\\/\"]}]},{\"@type\":\"ImageObject\",\"inLanguage\":\"es-AR\",\"@id\":\"https:\\\/\\\/aldiachaco.com.ar\\\/index.php\\\/2026\\\/02\\\/17\\\/jefe-de-policia-en-chaco-los-uniformes-y-proyectiles-se-proveen-gratuitamente-sabemos-de-los-errores-de-2013\\\/#primaryimage\",\"url\":\"https:\\\/\\\/aldiachaco.com.ar\\\/wp-content\\\/uploads\\\/2026\\\/02\\\/1702romero.jpg\",\"contentUrl\":\"https:\\\/\\\/aldiachaco.com.ar\\\/wp-content\\\/uploads\\\/2026\\\/02\\\/1702romero.jpg\",\"width\":960,\"height\":960},{\"@type\":\"BreadcrumbList\",\"@id\":\"https:\\\/\\\/aldiachaco.com.ar\\\/index.php\\\/2026\\\/02\\\/17\\\/jefe-de-policia-en-chaco-los-uniformes-y-proyectiles-se-proveen-gratuitamente-sabemos-de-los-errores-de-2013\\\/#breadcrumb\",\"itemListElement\":[{\"@type\":\"ListItem\",\"position\":1,\"name\":\"Home\",\"item\":\"https:\\\/\\\/aldiachaco.com.ar\\\/\"},{\"@type\":\"ListItem\",\"position\":2,\"name\":\"Jefe de Polic\u00eda: &#8220;En Chaco los uniformes y proyectiles se proveen gratuitamente; sabemos de los errores de 2013&#8221;\"}]},{\"@type\":\"WebSite\",\"@id\":\"https:\\\/\\\/aldiachaco.com.ar\\\/#website\",\"url\":\"https:\\\/\\\/aldiachaco.com.ar\\\/\",\"name\":\"Al Dia Chaco\",\"description\":\"Noticias del Chaco y el mundo\",\"publisher\":{\"@id\":\"https:\\\/\\\/aldiachaco.com.ar\\\/#organization\"},\"alternateName\":\"Al D\u00eda Chaco\",\"potentialAction\":[{\"@type\":\"SearchAction\",\"target\":{\"@type\":\"EntryPoint\",\"urlTemplate\":\"https:\\\/\\\/aldiachaco.com.ar\\\/?s={search_term_string}\"},\"query-input\":{\"@type\":\"PropertyValueSpecification\",\"valueRequired\":true,\"valueName\":\"search_term_string\"}}],\"inLanguage\":\"es-AR\"},{\"@type\":\"Organization\",\"@id\":\"https:\\\/\\\/aldiachaco.com.ar\\\/#organization\",\"name\":\"Al Dia Chaco\",\"url\":\"https:\\\/\\\/aldiachaco.com.ar\\\/\",\"logo\":{\"@type\":\"ImageObject\",\"inLanguage\":\"es-AR\",\"@id\":\"https:\\\/\\\/aldiachaco.com.ar\\\/#\\\/schema\\\/logo\\\/image\\\/\",\"url\":\"https:\\\/\\\/aldiachaco.com.ar\\\/wp-content\\\/uploads\\\/2017\\\/11\\\/AL-DIA-CHACO-L@2x.png\",\"contentUrl\":\"https:\\\/\\\/aldiachaco.com.ar\\\/wp-content\\\/uploads\\\/2017\\\/11\\\/AL-DIA-CHACO-L@2x.png\",\"width\":232,\"height\":60,\"caption\":\"Al Dia Chaco\"},\"image\":{\"@id\":\"https:\\\/\\\/aldiachaco.com.ar\\\/#\\\/schema\\\/logo\\\/image\\\/\"}},{\"@type\":\"Person\",\"@id\":\"https:\\\/\\\/aldiachaco.com.ar\\\/#\\\/schema\\\/person\\\/b24e975af8022082f5889a7a7299e962\",\"name\":\"RedaccionRM\",\"image\":{\"@type\":\"ImageObject\",\"inLanguage\":\"es-AR\",\"@id\":\"https:\\\/\\\/aldiachaco.com.ar\\\/wp-content\\\/litespeed\\\/avatar\\\/a30118fcb7a6295303f1c91164c6aba1.jpg?ver=1777339088\",\"url\":\"https:\\\/\\\/aldiachaco.com.ar\\\/wp-content\\\/litespeed\\\/avatar\\\/a30118fcb7a6295303f1c91164c6aba1.jpg?ver=1777339088\",\"contentUrl\":\"https:\\\/\\\/aldiachaco.com.ar\\\/wp-content\\\/litespeed\\\/avatar\\\/a30118fcb7a6295303f1c91164c6aba1.jpg?ver=1777339088\",\"caption\":\"RedaccionRM\"},\"url\":\"https:\\\/\\\/aldiachaco.com.ar\\\/index.php\\\/author\\\/redaccionrm\\\/\"}]}<\/script>\n<!-- \/ Yoast SEO plugin. -->","yoast_head_json":{"title":"Jefe de Polic\u00eda: \"En Chaco los uniformes y proyectiles se proveen gratuitamente; sabemos de los errores de 2013\" | Al Dia Chaco","robots":{"index":"index","follow":"follow","max-snippet":"max-snippet:-1","max-image-preview":"max-image-preview:large","max-video-preview":"max-video-preview:-1"},"canonical":"https:\/\/aldiachaco.com.ar\/index.php\/2026\/02\/17\/jefe-de-policia-en-chaco-los-uniformes-y-proyectiles-se-proveen-gratuitamente-sabemos-de-los-errores-de-2013\/","og_locale":"es_ES","og_type":"article","og_title":"Jefe de Polic\u00eda: \"En Chaco los uniformes y proyectiles se proveen gratuitamente; sabemos de los errores de 2013\" | Al Dia Chaco","og_description":"El jefe de la Polic\u00eda del Chaco, Fernando Romero, sali\u00f3 al cruce de las denuncias sobre polic\u00edas que deben comprar su propio uniforme y municiones, tras los reclamos de agentes correntinos que visibilizaron la situaci\u00f3n en la provincia vecina. En di\u00e1logo con Sin Vueltas, Romero aclar\u00f3 que en Chaco el Estado provee todo el equipamiento &hellip;","og_url":"https:\/\/aldiachaco.com.ar\/index.php\/2026\/02\/17\/jefe-de-policia-en-chaco-los-uniformes-y-proyectiles-se-proveen-gratuitamente-sabemos-de-los-errores-de-2013\/","og_site_name":"Al Dia Chaco","article_published_time":"2026-02-17T21:02:18+00:00","og_image":[{"width":960,"height":960,"url":"https:\/\/aldiachaco.com.ar\/wp-content\/uploads\/2026\/02\/1702romero.jpg","type":"image\/jpeg"}],"author":"RedaccionRM","twitter_card":"summary_large_image","twitter_misc":{"Escrito por":"RedaccionRM","Tiempo de lectura":"3 minutos"},"schema":{"@context":"https:\/\/schema.org","@graph":[{"@type":"Article","@id":"https:\/\/aldiachaco.com.ar\/index.php\/2026\/02\/17\/jefe-de-policia-en-chaco-los-uniformes-y-proyectiles-se-proveen-gratuitamente-sabemos-de-los-errores-de-2013\/#article","isPartOf":{"@id":"https:\/\/aldiachaco.com.ar\/index.php\/2026\/02\/17\/jefe-de-policia-en-chaco-los-uniformes-y-proyectiles-se-proveen-gratuitamente-sabemos-de-los-errores-de-2013\/"},"author":{"name":"RedaccionRM","@id":"https:\/\/aldiachaco.com.ar\/#\/schema\/person\/b24e975af8022082f5889a7a7299e962"},"headline":"Jefe de Polic\u00eda: &#8220;En Chaco los uniformes y proyectiles se proveen gratuitamente; sabemos de los errores de 2013&#8221;","datePublished":"2026-02-17T21:02:18+00:00","mainEntityOfPage":{"@id":"https:\/\/aldiachaco.com.ar\/index.php\/2026\/02\/17\/jefe-de-policia-en-chaco-los-uniformes-y-proyectiles-se-proveen-gratuitamente-sabemos-de-los-errores-de-2013\/"},"wordCount":510,"commentCount":0,"publisher":{"@id":"https:\/\/aldiachaco.com.ar\/#organization"},"image":{"@id":"https:\/\/aldiachaco.com.ar\/index.php\/2026\/02\/17\/jefe-de-policia-en-chaco-los-uniformes-y-proyectiles-se-proveen-gratuitamente-sabemos-de-los-errores-de-2013\/#primaryimage"},"thumbnailUrl":"https:\/\/aldiachaco.com.ar\/wp-content\/uploads\/2026\/02\/1702romero.jpg","articleSection":["Policiales"],"inLanguage":"es-AR","potentialAction":[{"@type":"CommentAction","name":"Comment","target":["https:\/\/aldiachaco.com.ar\/index.php\/2026\/02\/17\/jefe-de-policia-en-chaco-los-uniformes-y-proyectiles-se-proveen-gratuitamente-sabemos-de-los-errores-de-2013\/#respond"]}]},{"@type":"WebPage","@id":"https:\/\/aldiachaco.com.ar\/index.php\/2026\/02\/17\/jefe-de-policia-en-chaco-los-uniformes-y-proyectiles-se-proveen-gratuitamente-sabemos-de-los-errores-de-2013\/","url":"https:\/\/aldiachaco.com.ar\/index.php\/2026\/02\/17\/jefe-de-policia-en-chaco-los-uniformes-y-proyectiles-se-proveen-gratuitamente-sabemos-de-los-errores-de-2013\/","name":"Jefe de Polic\u00eda: \"En Chaco los uniformes y proyectiles se proveen gratuitamente; sabemos de los errores de 2013\" | Al Dia Chaco","isPartOf":{"@id":"https:\/\/aldiachaco.com.ar\/#website"},"primaryImageOfPage":{"@id":"https:\/\/aldiachaco.com.ar\/index.php\/2026\/02\/17\/jefe-de-policia-en-chaco-los-uniformes-y-proyectiles-se-proveen-gratuitamente-sabemos-de-los-errores-de-2013\/#primaryimage"},"image":{"@id":"https:\/\/aldiachaco.com.ar\/index.php\/2026\/02\/17\/jefe-de-policia-en-chaco-los-uniformes-y-proyectiles-se-proveen-gratuitamente-sabemos-de-los-errores-de-2013\/#primaryimage"},"thumbnailUrl":"https:\/\/aldiachaco.com.ar\/wp-content\/uploads\/2026\/02\/1702romero.jpg","datePublished":"2026-02-17T21:02:18+00:00","breadcrumb":{"@id":"https:\/\/aldiachaco.com.ar\/index.php\/2026\/02\/17\/jefe-de-policia-en-chaco-los-uniformes-y-proyectiles-se-proveen-gratuitamente-sabemos-de-los-errores-de-2013\/#breadcrumb"},"inLanguage":"es-AR","potentialAction":[{"@type":"ReadAction","target":["https:\/\/aldiachaco.com.ar\/index.php\/2026\/02\/17\/jefe-de-policia-en-chaco-los-uniformes-y-proyectiles-se-proveen-gratuitamente-sabemos-de-los-errores-de-2013\/"]}]},{"@type":"ImageObject","inLanguage":"es-AR","@id":"https:\/\/aldiachaco.com.ar\/index.php\/2026\/02\/17\/jefe-de-policia-en-chaco-los-uniformes-y-proyectiles-se-proveen-gratuitamente-sabemos-de-los-errores-de-2013\/#primaryimage","url":"https:\/\/aldiachaco.com.ar\/wp-content\/uploads\/2026\/02\/1702romero.jpg","contentUrl":"https:\/\/aldiachaco.com.ar\/wp-content\/uploads\/2026\/02\/1702romero.jpg","width":960,"height":960},{"@type":"BreadcrumbList","@id":"https:\/\/aldiachaco.com.ar\/index.php\/2026\/02\/17\/jefe-de-policia-en-chaco-los-uniformes-y-proyectiles-se-proveen-gratuitamente-sabemos-de-los-errores-de-2013\/#breadcrumb","itemListElement":[{"@type":"ListItem","position":1,"name":"Home","item":"https:\/\/aldiachaco.com.ar\/"},{"@type":"ListItem","position":2,"name":"Jefe de Polic\u00eda: &#8220;En Chaco los uniformes y proyectiles se proveen gratuitamente; sabemos de los errores de 2013&#8221;"}]},{"@type":"WebSite","@id":"https:\/\/aldiachaco.com.ar\/#website","url":"https:\/\/aldiachaco.com.ar\/","name":"Al Dia Chaco","description":"Noticias del Chaco y el mundo","publisher":{"@id":"https:\/\/aldiachaco.com.ar\/#organization"},"alternateName":"Al D\u00eda Chaco","potentialAction":[{"@type":"SearchAction","target":{"@type":"EntryPoint","urlTemplate":"https:\/\/aldiachaco.com.ar\/?s={search_term_string}"},"query-input":{"@type":"PropertyValueSpecification","valueRequired":true,"valueName":"search_term_string"}}],"inLanguage":"es-AR"},{"@type":"Organization","@id":"https:\/\/aldiachaco.com.ar\/#organization","name":"Al Dia Chaco","url":"https:\/\/aldiachaco.com.ar\/","logo":{"@type":"ImageObject","inLanguage":"es-AR","@id":"https:\/\/aldiachaco.com.ar\/#\/schema\/logo\/image\/","url":"https:\/\/aldiachaco.com.ar\/wp-content\/uploads\/2017\/11\/AL-DIA-CHACO-L@2x.png","contentUrl":"https:\/\/aldiachaco.com.ar\/wp-content\/uploads\/2017\/11\/AL-DIA-CHACO-L@2x.png","width":232,"height":60,"caption":"Al Dia Chaco"},"image":{"@id":"https:\/\/aldiachaco.com.ar\/#\/schema\/logo\/image\/"}},{"@type":"Person","@id":"https:\/\/aldiachaco.com.ar\/#\/schema\/person\/b24e975af8022082f5889a7a7299e962","name":"RedaccionRM","image":{"@type":"ImageObject","inLanguage":"es-AR","@id":"https:\/\/aldiachaco.com.ar\/wp-content\/litespeed\/avatar\/a30118fcb7a6295303f1c91164c6aba1.jpg?ver=1777339088","url":"https:\/\/aldiachaco.com.ar\/wp-content\/litespeed\/avatar\/a30118fcb7a6295303f1c91164c6aba1.jpg?ver=1777339088","contentUrl":"https:\/\/aldiachaco.com.ar\/wp-content\/litespeed\/avatar\/a30118fcb7a6295303f1c91164c6aba1.jpg?ver=1777339088","caption":"RedaccionRM"},"url":"https:\/\/aldiachaco.com.ar\/index.php\/author\/redaccionrm\/"}]}},"jetpack_publicize_connections":[],"jetpack_featured_media_url":"https:\/\/aldiachaco.com.ar\/wp-content\/uploads\/2026\/02\/1702romero.jpg","jetpack_sharing_enabled":true,"amp_enabled":true,"_links":{"self":[{"href":"https:\/\/aldiachaco.com.ar\/index.php\/wp-json\/wp\/v2\/posts\/117053","targetHints":{"allow":["GET"]}}],"collection":[{"href":"https:\/\/aldiachaco.com.ar\/index.php\/wp-json\/wp\/v2\/posts"}],"about":[{"href":"https:\/\/aldiachaco.com.ar\/index.php\/wp-json\/wp\/v2\/types\/post"}],"author":[{"embeddable":true,"href":"https:\/\/aldiachaco.com.ar\/index.php\/wp-json\/wp\/v2\/users\/9"}],"replies":[{"embeddable":true,"href":"https:\/\/aldiachaco.com.ar\/index.php\/wp-json\/wp\/v2\/comments?post=117053"}],"version-history":[{"count":1,"href":"https:\/\/aldiachaco.com.ar\/index.php\/wp-json\/wp\/v2\/posts\/117053\/revisions"}],"predecessor-version":[{"id":117055,"href":"https:\/\/aldiachaco.com.ar\/index.php\/wp-json\/wp\/v2\/posts\/117053\/revisions\/117055"}],"wp:featuredmedia":[{"embeddable":true,"href":"https:\/\/aldiachaco.com.ar\/index.php\/wp-json\/wp\/v2\/media\/117054"}],"wp:attachment":[{"href":"https:\/\/aldiachaco.com.ar\/index.php\/wp-json\/wp\/v2\/media?parent=117053"}],"wp:term":[{"taxonomy":"category","embeddable":true,"href":"https:\/\/aldiachaco.com.ar\/index.php\/wp-json\/wp\/v2\/categories?post=117053"},{"taxonomy":"post_tag","embeddable":true,"href":"https:\/\/aldiachaco.com.ar\/index.php\/wp-json\/wp\/v2\/tags?post=117053"}],"curies":[{"name":"wp","href":"https:\/\/api.w.org\/{rel}","templated":true}]}}