{"id":117014,"date":"2026-02-16T10:39:32","date_gmt":"2026-02-16T13:39:32","guid":{"rendered":"https:\/\/aldiachaco.com.ar\/?p=117014"},"modified":"2026-02-16T10:39:32","modified_gmt":"2026-02-16T13:39:32","slug":"tragedia-en-saenz-pena-joven-de-24-anos-fallecio-en-un-siniestro-vial-sobre-ruta-nacional-16","status":"publish","type":"post","link":"https:\/\/aldiachaco.com.ar\/index.php\/2026\/02\/16\/tragedia-en-saenz-pena-joven-de-24-anos-fallecio-en-un-siniestro-vial-sobre-ruta-nacional-16\/","title":{"rendered":"Tragedia en S\u00e1enz Pe\u00f1a: joven de 24 a\u00f1os falleci\u00f3 en un siniestro vial sobre Ruta Nacional 16"},"content":{"rendered":"<p class=\"ds-markdown-paragraph\">Un siniestro vial fatal se registr\u00f3 durante la madrugada de este lunes en la Ruta Nacional N\u00b0 16, a la altura del kil\u00f3metro 187, en cercan\u00edas del casco urbano de Presidencia Roque S\u00e1enz Pe\u00f1a. Un joven de 24 a\u00f1os perdi\u00f3 la vida en el lugar.<\/p>\n<p class=\"ds-markdown-paragraph\">El hecho ocurri\u00f3 alrededor de las 4:25. Seg\u00fan las primeras informaciones, los veh\u00edculos involucrados fueron una motocicleta Honda Twister 125 cc y una camioneta Chevrolet S10 que circulaban en el mismo sentido de circulaci\u00f3n. Producto del impacto, el conductor del rodado menor, un joven de 24 a\u00f1os, falleci\u00f3 en el acto.<\/p>\n<p class=\"ds-markdown-paragraph\">La m\u00e9dica policial examin\u00f3 el cuerpo y constat\u00f3 politraumatismos y m\u00faltiples excoriaciones compatibles con un fuerte golpe contra superficie dura. Se sugiri\u00f3 la realizaci\u00f3n de la necropsia para determinar fehacientemente la causa de muerte. El tiempo estimado del deceso era inferior a seis horas al momento del examen.<\/p>\n<p class=\"ds-markdown-paragraph\">El conductor de la camioneta, un hombre de 75 a\u00f1os, no presentaba lesiones. Personal de Tr\u00e1nsito Urbano y Patrulla Vial le realiz\u00f3 el test de alcoholemia, que arroj\u00f3 resultado negativo (0,00 g\/l).<\/p>\n<p class=\"ds-markdown-paragraph\">En el lugar trabajaron efectivos de la Comisar\u00eda Sexta, Divisi\u00f3n Criminal\u00edstica y agentes viales, quienes regularizaron la circulaci\u00f3n mientras se realizaban las pericias correspondientes. La causa fue caratulada como \u201cSupuesto accidente de tr\u00e1nsito fatal\u201d y qued\u00f3 a cargo de la fiscal\u00eda en turno.<\/p>\n","protected":false},"excerpt":{"rendered":"<p>Un siniestro vial fatal se registr\u00f3 durante la madrugada de este lunes en la Ruta Nacional N\u00b0 16, a la altura del kil\u00f3metro 187, en cercan\u00edas del casco urbano de Presidencia Roque S\u00e1enz Pe\u00f1a. Un joven de 24 a\u00f1os perdi\u00f3 la vida en el lugar. El hecho ocurri\u00f3 alrededor de las 4:25. Seg\u00fan las primeras &hellip;<\/p>\n","protected":false},"author":9,"featured_media":117015,"comment_status":"open","ping_status":"open","sticky":false,"template":"","format":"standard","meta":{"content-type":"","_monsterinsights_skip_tracking":false,"_monsterinsights_sitenote_active":false,"_monsterinsights_sitenote_note":"","_monsterinsights_sitenote_category":0,"_jetpack_memberships_contains_paid_content":false,"footnotes":"","jetpack_publicize_message":"","jetpack_publicize_feature_enabled":true,"jetpack_social_post_already_shared":true,"jetpack_social_options":{"image_generator_settings":{"template":"highway","default_image_id":0,"font":"","enabled":false},"version":2}},"categories":[86],"tags":[],"class_list":["post-117014","post","type-post","status-publish","format-standard","has-post-thumbnail","hentry","category-policiales"],"yoast_head":"<!-- This site is optimized with the Yoast SEO plugin v27.4 - https:\/\/yoast.com\/product\/yoast-seo-wordpress\/ -->\n<title>Tragedia en S\u00e1enz Pe\u00f1a: joven de 24 a\u00f1os falleci\u00f3 en un siniestro vial sobre Ruta Nacional 16 | Al Dia Chaco<\/title>\n<meta name=\"robots\" content=\"index, follow, max-snippet:-1, max-image-preview:large, max-video-preview:-1\" \/>\n<link rel=\"canonical\" href=\"https:\/\/aldiachaco.com.ar\/index.php\/2026\/02\/16\/tragedia-en-saenz-pena-joven-de-24-anos-fallecio-en-un-siniestro-vial-sobre-ruta-nacional-16\/\" \/>\n<meta property=\"og:locale\" content=\"es_ES\" \/>\n<meta property=\"og:type\" content=\"article\" \/>\n<meta property=\"og:title\" content=\"Tragedia en S\u00e1enz Pe\u00f1a: joven de 24 a\u00f1os falleci\u00f3 en un siniestro vial sobre Ruta Nacional 16 | Al Dia Chaco\" \/>\n<meta property=\"og:description\" content=\"Un siniestro vial fatal se registr\u00f3 durante la madrugada de este lunes en la Ruta Nacional N\u00b0 16, a la altura del kil\u00f3metro 187, en cercan\u00edas del casco urbano de Presidencia Roque S\u00e1enz Pe\u00f1a. Un joven de 24 a\u00f1os perdi\u00f3 la vida en el lugar. El hecho ocurri\u00f3 alrededor de las 4:25. Seg\u00fan las primeras &hellip;\" \/>\n<meta property=\"og:url\" content=\"https:\/\/aldiachaco.com.ar\/index.php\/2026\/02\/16\/tragedia-en-saenz-pena-joven-de-24-anos-fallecio-en-un-siniestro-vial-sobre-ruta-nacional-16\/\" \/>\n<meta property=\"og:site_name\" content=\"Al Dia Chaco\" \/>\n<meta property=\"article:published_time\" content=\"2026-02-16T13:39:32+00:00\" \/>\n<meta property=\"og:image\" content=\"https:\/\/aldiachaco.com.ar\/wp-content\/uploads\/2026\/02\/WhatsApp-Image-2026-02-16-at-07.59.55.jpeg\" \/>\n\t<meta property=\"og:image:width\" content=\"1093\" \/>\n\t<meta property=\"og:image:height\" content=\"720\" \/>\n\t<meta property=\"og:image:type\" content=\"image\/jpeg\" \/>\n<meta name=\"author\" content=\"RedaccionRM\" \/>\n<meta name=\"twitter:card\" content=\"summary_large_image\" \/>\n<meta name=\"twitter:label1\" content=\"Escrito por\" \/>\n\t<meta name=\"twitter:data1\" content=\"RedaccionRM\" \/>\n\t<meta name=\"twitter:label2\" content=\"Tiempo de lectura\" \/>\n\t<meta name=\"twitter:data2\" content=\"2 minutos\" \/>\n<script type=\"application\/ld+json\" class=\"yoast-schema-graph\">{\"@context\":\"https:\\\/\\\/schema.org\",\"@graph\":[{\"@type\":\"Article\",\"@id\":\"https:\\\/\\\/aldiachaco.com.ar\\\/index.php\\\/2026\\\/02\\\/16\\\/tragedia-en-saenz-pena-joven-de-24-anos-fallecio-en-un-siniestro-vial-sobre-ruta-nacional-16\\\/#article\",\"isPartOf\":{\"@id\":\"https:\\\/\\\/aldiachaco.com.ar\\\/index.php\\\/2026\\\/02\\\/16\\\/tragedia-en-saenz-pena-joven-de-24-anos-fallecio-en-un-siniestro-vial-sobre-ruta-nacional-16\\\/\"},\"author\":{\"name\":\"RedaccionRM\",\"@id\":\"https:\\\/\\\/aldiachaco.com.ar\\\/#\\\/schema\\\/person\\\/b24e975af8022082f5889a7a7299e962\"},\"headline\":\"Tragedia en S\u00e1enz Pe\u00f1a: joven de 24 a\u00f1os falleci\u00f3 en un siniestro vial sobre Ruta Nacional 16\",\"datePublished\":\"2026-02-16T13:39:32+00:00\",\"mainEntityOfPage\":{\"@id\":\"https:\\\/\\\/aldiachaco.com.ar\\\/index.php\\\/2026\\\/02\\\/16\\\/tragedia-en-saenz-pena-joven-de-24-anos-fallecio-en-un-siniestro-vial-sobre-ruta-nacional-16\\\/\"},\"wordCount\":250,\"commentCount\":0,\"publisher\":{\"@id\":\"https:\\\/\\\/aldiachaco.com.ar\\\/#organization\"},\"image\":{\"@id\":\"https:\\\/\\\/aldiachaco.com.ar\\\/index.php\\\/2026\\\/02\\\/16\\\/tragedia-en-saenz-pena-joven-de-24-anos-fallecio-en-un-siniestro-vial-sobre-ruta-nacional-16\\\/#primaryimage\"},\"thumbnailUrl\":\"https:\\\/\\\/aldiachaco.com.ar\\\/wp-content\\\/uploads\\\/2026\\\/02\\\/WhatsApp-Image-2026-02-16-at-07.59.55.jpeg\",\"articleSection\":[\"Policiales\"],\"inLanguage\":\"es-AR\",\"potentialAction\":[{\"@type\":\"CommentAction\",\"name\":\"Comment\",\"target\":[\"https:\\\/\\\/aldiachaco.com.ar\\\/index.php\\\/2026\\\/02\\\/16\\\/tragedia-en-saenz-pena-joven-de-24-anos-fallecio-en-un-siniestro-vial-sobre-ruta-nacional-16\\\/#respond\"]}]},{\"@type\":\"WebPage\",\"@id\":\"https:\\\/\\\/aldiachaco.com.ar\\\/index.php\\\/2026\\\/02\\\/16\\\/tragedia-en-saenz-pena-joven-de-24-anos-fallecio-en-un-siniestro-vial-sobre-ruta-nacional-16\\\/\",\"url\":\"https:\\\/\\\/aldiachaco.com.ar\\\/index.php\\\/2026\\\/02\\\/16\\\/tragedia-en-saenz-pena-joven-de-24-anos-fallecio-en-un-siniestro-vial-sobre-ruta-nacional-16\\\/\",\"name\":\"Tragedia en S\u00e1enz Pe\u00f1a: joven de 24 a\u00f1os falleci\u00f3 en un siniestro vial sobre Ruta Nacional 16 | Al Dia Chaco\",\"isPartOf\":{\"@id\":\"https:\\\/\\\/aldiachaco.com.ar\\\/#website\"},\"primaryImageOfPage\":{\"@id\":\"https:\\\/\\\/aldiachaco.com.ar\\\/index.php\\\/2026\\\/02\\\/16\\\/tragedia-en-saenz-pena-joven-de-24-anos-fallecio-en-un-siniestro-vial-sobre-ruta-nacional-16\\\/#primaryimage\"},\"image\":{\"@id\":\"https:\\\/\\\/aldiachaco.com.ar\\\/index.php\\\/2026\\\/02\\\/16\\\/tragedia-en-saenz-pena-joven-de-24-anos-fallecio-en-un-siniestro-vial-sobre-ruta-nacional-16\\\/#primaryimage\"},\"thumbnailUrl\":\"https:\\\/\\\/aldiachaco.com.ar\\\/wp-content\\\/uploads\\\/2026\\\/02\\\/WhatsApp-Image-2026-02-16-at-07.59.55.jpeg\",\"datePublished\":\"2026-02-16T13:39:32+00:00\",\"breadcrumb\":{\"@id\":\"https:\\\/\\\/aldiachaco.com.ar\\\/index.php\\\/2026\\\/02\\\/16\\\/tragedia-en-saenz-pena-joven-de-24-anos-fallecio-en-un-siniestro-vial-sobre-ruta-nacional-16\\\/#breadcrumb\"},\"inLanguage\":\"es-AR\",\"potentialAction\":[{\"@type\":\"ReadAction\",\"target\":[\"https:\\\/\\\/aldiachaco.com.ar\\\/index.php\\\/2026\\\/02\\\/16\\\/tragedia-en-saenz-pena-joven-de-24-anos-fallecio-en-un-siniestro-vial-sobre-ruta-nacional-16\\\/\"]}]},{\"@type\":\"ImageObject\",\"inLanguage\":\"es-AR\",\"@id\":\"https:\\\/\\\/aldiachaco.com.ar\\\/index.php\\\/2026\\\/02\\\/16\\\/tragedia-en-saenz-pena-joven-de-24-anos-fallecio-en-un-siniestro-vial-sobre-ruta-nacional-16\\\/#primaryimage\",\"url\":\"https:\\\/\\\/aldiachaco.com.ar\\\/wp-content\\\/uploads\\\/2026\\\/02\\\/WhatsApp-Image-2026-02-16-at-07.59.55.jpeg\",\"contentUrl\":\"https:\\\/\\\/aldiachaco.com.ar\\\/wp-content\\\/uploads\\\/2026\\\/02\\\/WhatsApp-Image-2026-02-16-at-07.59.55.jpeg\",\"width\":1093,\"height\":720},{\"@type\":\"BreadcrumbList\",\"@id\":\"https:\\\/\\\/aldiachaco.com.ar\\\/index.php\\\/2026\\\/02\\\/16\\\/tragedia-en-saenz-pena-joven-de-24-anos-fallecio-en-un-siniestro-vial-sobre-ruta-nacional-16\\\/#breadcrumb\",\"itemListElement\":[{\"@type\":\"ListItem\",\"position\":1,\"name\":\"Home\",\"item\":\"https:\\\/\\\/aldiachaco.com.ar\\\/\"},{\"@type\":\"ListItem\",\"position\":2,\"name\":\"Tragedia en S\u00e1enz Pe\u00f1a: joven de 24 a\u00f1os falleci\u00f3 en un siniestro vial sobre Ruta Nacional 16\"}]},{\"@type\":\"WebSite\",\"@id\":\"https:\\\/\\\/aldiachaco.com.ar\\\/#website\",\"url\":\"https:\\\/\\\/aldiachaco.com.ar\\\/\",\"name\":\"Al Dia Chaco\",\"description\":\"Noticias del Chaco y el mundo\",\"publisher\":{\"@id\":\"https:\\\/\\\/aldiachaco.com.ar\\\/#organization\"},\"alternateName\":\"Al D\u00eda Chaco\",\"potentialAction\":[{\"@type\":\"SearchAction\",\"target\":{\"@type\":\"EntryPoint\",\"urlTemplate\":\"https:\\\/\\\/aldiachaco.com.ar\\\/?s={search_term_string}\"},\"query-input\":{\"@type\":\"PropertyValueSpecification\",\"valueRequired\":true,\"valueName\":\"search_term_string\"}}],\"inLanguage\":\"es-AR\"},{\"@type\":\"Organization\",\"@id\":\"https:\\\/\\\/aldiachaco.com.ar\\\/#organization\",\"name\":\"Al Dia Chaco\",\"url\":\"https:\\\/\\\/aldiachaco.com.ar\\\/\",\"logo\":{\"@type\":\"ImageObject\",\"inLanguage\":\"es-AR\",\"@id\":\"https:\\\/\\\/aldiachaco.com.ar\\\/#\\\/schema\\\/logo\\\/image\\\/\",\"url\":\"https:\\\/\\\/aldiachaco.com.ar\\\/wp-content\\\/uploads\\\/2017\\\/11\\\/AL-DIA-CHACO-L@2x.png\",\"contentUrl\":\"https:\\\/\\\/aldiachaco.com.ar\\\/wp-content\\\/uploads\\\/2017\\\/11\\\/AL-DIA-CHACO-L@2x.png\",\"width\":232,\"height\":60,\"caption\":\"Al Dia Chaco\"},\"image\":{\"@id\":\"https:\\\/\\\/aldiachaco.com.ar\\\/#\\\/schema\\\/logo\\\/image\\\/\"}},{\"@type\":\"Person\",\"@id\":\"https:\\\/\\\/aldiachaco.com.ar\\\/#\\\/schema\\\/person\\\/b24e975af8022082f5889a7a7299e962\",\"name\":\"RedaccionRM\",\"image\":{\"@type\":\"ImageObject\",\"inLanguage\":\"es-AR\",\"@id\":\"https:\\\/\\\/aldiachaco.com.ar\\\/wp-content\\\/litespeed\\\/avatar\\\/a30118fcb7a6295303f1c91164c6aba1.jpg?ver=1777339088\",\"url\":\"https:\\\/\\\/aldiachaco.com.ar\\\/wp-content\\\/litespeed\\\/avatar\\\/a30118fcb7a6295303f1c91164c6aba1.jpg?ver=1777339088\",\"contentUrl\":\"https:\\\/\\\/aldiachaco.com.ar\\\/wp-content\\\/litespeed\\\/avatar\\\/a30118fcb7a6295303f1c91164c6aba1.jpg?ver=1777339088\",\"caption\":\"RedaccionRM\"},\"url\":\"https:\\\/\\\/aldiachaco.com.ar\\\/index.php\\\/author\\\/redaccionrm\\\/\"}]}<\/script>\n<!-- \/ Yoast SEO plugin. -->","yoast_head_json":{"title":"Tragedia en S\u00e1enz Pe\u00f1a: joven de 24 a\u00f1os falleci\u00f3 en un siniestro vial sobre Ruta Nacional 16 | Al Dia Chaco","robots":{"index":"index","follow":"follow","max-snippet":"max-snippet:-1","max-image-preview":"max-image-preview:large","max-video-preview":"max-video-preview:-1"},"canonical":"https:\/\/aldiachaco.com.ar\/index.php\/2026\/02\/16\/tragedia-en-saenz-pena-joven-de-24-anos-fallecio-en-un-siniestro-vial-sobre-ruta-nacional-16\/","og_locale":"es_ES","og_type":"article","og_title":"Tragedia en S\u00e1enz Pe\u00f1a: joven de 24 a\u00f1os falleci\u00f3 en un siniestro vial sobre Ruta Nacional 16 | Al Dia Chaco","og_description":"Un siniestro vial fatal se registr\u00f3 durante la madrugada de este lunes en la Ruta Nacional N\u00b0 16, a la altura del kil\u00f3metro 187, en cercan\u00edas del casco urbano de Presidencia Roque S\u00e1enz Pe\u00f1a. Un joven de 24 a\u00f1os perdi\u00f3 la vida en el lugar. El hecho ocurri\u00f3 alrededor de las 4:25. Seg\u00fan las primeras &hellip;","og_url":"https:\/\/aldiachaco.com.ar\/index.php\/2026\/02\/16\/tragedia-en-saenz-pena-joven-de-24-anos-fallecio-en-un-siniestro-vial-sobre-ruta-nacional-16\/","og_site_name":"Al Dia Chaco","article_published_time":"2026-02-16T13:39:32+00:00","og_image":[{"width":1093,"height":720,"url":"https:\/\/aldiachaco.com.ar\/wp-content\/uploads\/2026\/02\/WhatsApp-Image-2026-02-16-at-07.59.55.jpeg","type":"image\/jpeg"}],"author":"RedaccionRM","twitter_card":"summary_large_image","twitter_misc":{"Escrito por":"RedaccionRM","Tiempo de lectura":"2 minutos"},"schema":{"@context":"https:\/\/schema.org","@graph":[{"@type":"Article","@id":"https:\/\/aldiachaco.com.ar\/index.php\/2026\/02\/16\/tragedia-en-saenz-pena-joven-de-24-anos-fallecio-en-un-siniestro-vial-sobre-ruta-nacional-16\/#article","isPartOf":{"@id":"https:\/\/aldiachaco.com.ar\/index.php\/2026\/02\/16\/tragedia-en-saenz-pena-joven-de-24-anos-fallecio-en-un-siniestro-vial-sobre-ruta-nacional-16\/"},"author":{"name":"RedaccionRM","@id":"https:\/\/aldiachaco.com.ar\/#\/schema\/person\/b24e975af8022082f5889a7a7299e962"},"headline":"Tragedia en S\u00e1enz Pe\u00f1a: joven de 24 a\u00f1os falleci\u00f3 en un siniestro vial sobre Ruta Nacional 16","datePublished":"2026-02-16T13:39:32+00:00","mainEntityOfPage":{"@id":"https:\/\/aldiachaco.com.ar\/index.php\/2026\/02\/16\/tragedia-en-saenz-pena-joven-de-24-anos-fallecio-en-un-siniestro-vial-sobre-ruta-nacional-16\/"},"wordCount":250,"commentCount":0,"publisher":{"@id":"https:\/\/aldiachaco.com.ar\/#organization"},"image":{"@id":"https:\/\/aldiachaco.com.ar\/index.php\/2026\/02\/16\/tragedia-en-saenz-pena-joven-de-24-anos-fallecio-en-un-siniestro-vial-sobre-ruta-nacional-16\/#primaryimage"},"thumbnailUrl":"https:\/\/aldiachaco.com.ar\/wp-content\/uploads\/2026\/02\/WhatsApp-Image-2026-02-16-at-07.59.55.jpeg","articleSection":["Policiales"],"inLanguage":"es-AR","potentialAction":[{"@type":"CommentAction","name":"Comment","target":["https:\/\/aldiachaco.com.ar\/index.php\/2026\/02\/16\/tragedia-en-saenz-pena-joven-de-24-anos-fallecio-en-un-siniestro-vial-sobre-ruta-nacional-16\/#respond"]}]},{"@type":"WebPage","@id":"https:\/\/aldiachaco.com.ar\/index.php\/2026\/02\/16\/tragedia-en-saenz-pena-joven-de-24-anos-fallecio-en-un-siniestro-vial-sobre-ruta-nacional-16\/","url":"https:\/\/aldiachaco.com.ar\/index.php\/2026\/02\/16\/tragedia-en-saenz-pena-joven-de-24-anos-fallecio-en-un-siniestro-vial-sobre-ruta-nacional-16\/","name":"Tragedia en S\u00e1enz Pe\u00f1a: joven de 24 a\u00f1os falleci\u00f3 en un siniestro vial sobre Ruta Nacional 16 | Al Dia Chaco","isPartOf":{"@id":"https:\/\/aldiachaco.com.ar\/#website"},"primaryImageOfPage":{"@id":"https:\/\/aldiachaco.com.ar\/index.php\/2026\/02\/16\/tragedia-en-saenz-pena-joven-de-24-anos-fallecio-en-un-siniestro-vial-sobre-ruta-nacional-16\/#primaryimage"},"image":{"@id":"https:\/\/aldiachaco.com.ar\/index.php\/2026\/02\/16\/tragedia-en-saenz-pena-joven-de-24-anos-fallecio-en-un-siniestro-vial-sobre-ruta-nacional-16\/#primaryimage"},"thumbnailUrl":"https:\/\/aldiachaco.com.ar\/wp-content\/uploads\/2026\/02\/WhatsApp-Image-2026-02-16-at-07.59.55.jpeg","datePublished":"2026-02-16T13:39:32+00:00","breadcrumb":{"@id":"https:\/\/aldiachaco.com.ar\/index.php\/2026\/02\/16\/tragedia-en-saenz-pena-joven-de-24-anos-fallecio-en-un-siniestro-vial-sobre-ruta-nacional-16\/#breadcrumb"},"inLanguage":"es-AR","potentialAction":[{"@type":"ReadAction","target":["https:\/\/aldiachaco.com.ar\/index.php\/2026\/02\/16\/tragedia-en-saenz-pena-joven-de-24-anos-fallecio-en-un-siniestro-vial-sobre-ruta-nacional-16\/"]}]},{"@type":"ImageObject","inLanguage":"es-AR","@id":"https:\/\/aldiachaco.com.ar\/index.php\/2026\/02\/16\/tragedia-en-saenz-pena-joven-de-24-anos-fallecio-en-un-siniestro-vial-sobre-ruta-nacional-16\/#primaryimage","url":"https:\/\/aldiachaco.com.ar\/wp-content\/uploads\/2026\/02\/WhatsApp-Image-2026-02-16-at-07.59.55.jpeg","contentUrl":"https:\/\/aldiachaco.com.ar\/wp-content\/uploads\/2026\/02\/WhatsApp-Image-2026-02-16-at-07.59.55.jpeg","width":1093,"height":720},{"@type":"BreadcrumbList","@id":"https:\/\/aldiachaco.com.ar\/index.php\/2026\/02\/16\/tragedia-en-saenz-pena-joven-de-24-anos-fallecio-en-un-siniestro-vial-sobre-ruta-nacional-16\/#breadcrumb","itemListElement":[{"@type":"ListItem","position":1,"name":"Home","item":"https:\/\/aldiachaco.com.ar\/"},{"@type":"ListItem","position":2,"name":"Tragedia en S\u00e1enz Pe\u00f1a: joven de 24 a\u00f1os falleci\u00f3 en un siniestro vial sobre Ruta Nacional 16"}]},{"@type":"WebSite","@id":"https:\/\/aldiachaco.com.ar\/#website","url":"https:\/\/aldiachaco.com.ar\/","name":"Al Dia Chaco","description":"Noticias del Chaco y el mundo","publisher":{"@id":"https:\/\/aldiachaco.com.ar\/#organization"},"alternateName":"Al D\u00eda Chaco","potentialAction":[{"@type":"SearchAction","target":{"@type":"EntryPoint","urlTemplate":"https:\/\/aldiachaco.com.ar\/?s={search_term_string}"},"query-input":{"@type":"PropertyValueSpecification","valueRequired":true,"valueName":"search_term_string"}}],"inLanguage":"es-AR"},{"@type":"Organization","@id":"https:\/\/aldiachaco.com.ar\/#organization","name":"Al Dia Chaco","url":"https:\/\/aldiachaco.com.ar\/","logo":{"@type":"ImageObject","inLanguage":"es-AR","@id":"https:\/\/aldiachaco.com.ar\/#\/schema\/logo\/image\/","url":"https:\/\/aldiachaco.com.ar\/wp-content\/uploads\/2017\/11\/AL-DIA-CHACO-L@2x.png","contentUrl":"https:\/\/aldiachaco.com.ar\/wp-content\/uploads\/2017\/11\/AL-DIA-CHACO-L@2x.png","width":232,"height":60,"caption":"Al Dia Chaco"},"image":{"@id":"https:\/\/aldiachaco.com.ar\/#\/schema\/logo\/image\/"}},{"@type":"Person","@id":"https:\/\/aldiachaco.com.ar\/#\/schema\/person\/b24e975af8022082f5889a7a7299e962","name":"RedaccionRM","image":{"@type":"ImageObject","inLanguage":"es-AR","@id":"https:\/\/aldiachaco.com.ar\/wp-content\/litespeed\/avatar\/a30118fcb7a6295303f1c91164c6aba1.jpg?ver=1777339088","url":"https:\/\/aldiachaco.com.ar\/wp-content\/litespeed\/avatar\/a30118fcb7a6295303f1c91164c6aba1.jpg?ver=1777339088","contentUrl":"https:\/\/aldiachaco.com.ar\/wp-content\/litespeed\/avatar\/a30118fcb7a6295303f1c91164c6aba1.jpg?ver=1777339088","caption":"RedaccionRM"},"url":"https:\/\/aldiachaco.com.ar\/index.php\/author\/redaccionrm\/"}]}},"jetpack_publicize_connections":[],"jetpack_featured_media_url":"https:\/\/aldiachaco.com.ar\/wp-content\/uploads\/2026\/02\/WhatsApp-Image-2026-02-16-at-07.59.55.jpeg","jetpack_sharing_enabled":true,"amp_enabled":true,"_links":{"self":[{"href":"https:\/\/aldiachaco.com.ar\/index.php\/wp-json\/wp\/v2\/posts\/117014","targetHints":{"allow":["GET"]}}],"collection":[{"href":"https:\/\/aldiachaco.com.ar\/index.php\/wp-json\/wp\/v2\/posts"}],"about":[{"href":"https:\/\/aldiachaco.com.ar\/index.php\/wp-json\/wp\/v2\/types\/post"}],"author":[{"embeddable":true,"href":"https:\/\/aldiachaco.com.ar\/index.php\/wp-json\/wp\/v2\/users\/9"}],"replies":[{"embeddable":true,"href":"https:\/\/aldiachaco.com.ar\/index.php\/wp-json\/wp\/v2\/comments?post=117014"}],"version-history":[{"count":1,"href":"https:\/\/aldiachaco.com.ar\/index.php\/wp-json\/wp\/v2\/posts\/117014\/revisions"}],"predecessor-version":[{"id":117016,"href":"https:\/\/aldiachaco.com.ar\/index.php\/wp-json\/wp\/v2\/posts\/117014\/revisions\/117016"}],"wp:featuredmedia":[{"embeddable":true,"href":"https:\/\/aldiachaco.com.ar\/index.php\/wp-json\/wp\/v2\/media\/117015"}],"wp:attachment":[{"href":"https:\/\/aldiachaco.com.ar\/index.php\/wp-json\/wp\/v2\/media?parent=117014"}],"wp:term":[{"taxonomy":"category","embeddable":true,"href":"https:\/\/aldiachaco.com.ar\/index.php\/wp-json\/wp\/v2\/categories?post=117014"},{"taxonomy":"post_tag","embeddable":true,"href":"https:\/\/aldiachaco.com.ar\/index.php\/wp-json\/wp\/v2\/tags?post=117014"}],"curies":[{"name":"wp","href":"https:\/\/api.w.org\/{rel}","templated":true}]}}