{"id":117004,"date":"2026-02-14T10:36:27","date_gmt":"2026-02-14T13:36:27","guid":{"rendered":"https:\/\/aldiachaco.com.ar\/?p=117004"},"modified":"2026-02-14T10:36:27","modified_gmt":"2026-02-14T13:36:27","slug":"vuelco-en-saenz-pena-un-automovil-choco-contra-un-poste-y-su-conductor-fue-hospitalizado","status":"publish","type":"post","link":"https:\/\/aldiachaco.com.ar\/index.php\/2026\/02\/14\/vuelco-en-saenz-pena-un-automovil-choco-contra-un-poste-y-su-conductor-fue-hospitalizado\/","title":{"rendered":"Vuelco en S\u00e1enz Pe\u00f1a: un autom\u00f3vil choc\u00f3 contra un poste y su conductor fue hospitalizado"},"content":{"rendered":"<p>Un siniestro vial se produjo durante la madrugada de este s\u00e1bado en la ciudad de Presidencia Roque S\u00e1enz Pe\u00f1a, cuando un autom\u00f3vil Fiat Uno volc\u00f3 tras impactar contra un poste de alumbrado p\u00fablico. El hecho ocurri\u00f3 alrededor de las 2:15 en calle 21 bis, entre 34 y 36, en el barrio Yapey\u00fa.<\/p>\n<p>Voceros policiales informaron que personal de la comisar\u00eda Cuarta y bomberos acudieron al lugar tras un alerta al 911. Al llegar, encontraron el veh\u00edculo volcado sobre la calzada, con las ruedas hacia arriba. El conductor, un hombre de 72 a\u00f1os, ya hab\u00eda sido trasladado en ambulancia al hospital local, donde permanece internado, estable y bajo observaci\u00f3n m\u00e9dica.<\/p>\n<p>Seg\u00fan las primeras averiguaciones y el an\u00e1lisis de las c\u00e1maras de monitoreo urbano, el Fiat Uno perdi\u00f3 la estabilidad y choc\u00f3 contra un poste de alumbrado antes de terminar volcado.<\/p>\n<p>En el lugar trabajaron efectivos de la Divisi\u00f3n Bomberos y Bomberos Voluntarios, quienes realizaron tareas preventivas, cortaron la bater\u00eda para evitar incendios y esperaron el peritaje de la Divisi\u00f3n Criminal\u00edstica. Posteriormente, el rodado fue estabilizado y retirado, quedando a resguardo de un familiar a la espera de la gr\u00faa del seguro.<\/p>\n<p>La Fiscal\u00eda interviniente contin\u00faa con las actuaciones por &#8220;supuesto accidente de tr\u00e1nsito&#8221;. 1 &#8216;<\/p>\n","protected":false},"excerpt":{"rendered":"<p>Un siniestro vial se produjo durante la madrugada de este s\u00e1bado en la ciudad de Presidencia Roque S\u00e1enz Pe\u00f1a, cuando un autom\u00f3vil Fiat Uno volc\u00f3 tras impactar contra un poste de alumbrado p\u00fablico. El hecho ocurri\u00f3 alrededor de las 2:15 en calle 21 bis, entre 34 y 36, en el barrio Yapey\u00fa. Voceros policiales informaron &hellip;<\/p>\n","protected":false},"author":9,"featured_media":117005,"comment_status":"open","ping_status":"open","sticky":false,"template":"","format":"standard","meta":{"content-type":"","_monsterinsights_skip_tracking":false,"_monsterinsights_sitenote_active":false,"_monsterinsights_sitenote_note":"","_monsterinsights_sitenote_category":0,"_jetpack_memberships_contains_paid_content":false,"footnotes":"","jetpack_publicize_message":"","jetpack_publicize_feature_enabled":true,"jetpack_social_post_already_shared":true,"jetpack_social_options":{"image_generator_settings":{"template":"highway","default_image_id":0,"font":"","enabled":false},"version":2}},"categories":[86],"tags":[],"class_list":["post-117004","post","type-post","status-publish","format-standard","has-post-thumbnail","hentry","category-policiales"],"yoast_head":"<!-- This site is optimized with the Yoast SEO plugin v27.4 - https:\/\/yoast.com\/product\/yoast-seo-wordpress\/ -->\n<title>Vuelco en S\u00e1enz Pe\u00f1a: un autom\u00f3vil choc\u00f3 contra un poste y su conductor fue hospitalizado | Al Dia Chaco<\/title>\n<meta name=\"robots\" content=\"index, follow, max-snippet:-1, max-image-preview:large, max-video-preview:-1\" \/>\n<link rel=\"canonical\" href=\"https:\/\/aldiachaco.com.ar\/index.php\/2026\/02\/14\/vuelco-en-saenz-pena-un-automovil-choco-contra-un-poste-y-su-conductor-fue-hospitalizado\/\" \/>\n<meta property=\"og:locale\" content=\"es_ES\" \/>\n<meta property=\"og:type\" content=\"article\" \/>\n<meta property=\"og:title\" content=\"Vuelco en S\u00e1enz Pe\u00f1a: un autom\u00f3vil choc\u00f3 contra un poste y su conductor fue hospitalizado | Al Dia Chaco\" \/>\n<meta property=\"og:description\" content=\"Un siniestro vial se produjo durante la madrugada de este s\u00e1bado en la ciudad de Presidencia Roque S\u00e1enz Pe\u00f1a, cuando un autom\u00f3vil Fiat Uno volc\u00f3 tras impactar contra un poste de alumbrado p\u00fablico. El hecho ocurri\u00f3 alrededor de las 2:15 en calle 21 bis, entre 34 y 36, en el barrio Yapey\u00fa. Voceros policiales informaron &hellip;\" \/>\n<meta property=\"og:url\" content=\"https:\/\/aldiachaco.com.ar\/index.php\/2026\/02\/14\/vuelco-en-saenz-pena-un-automovil-choco-contra-un-poste-y-su-conductor-fue-hospitalizado\/\" \/>\n<meta property=\"og:site_name\" content=\"Al Dia Chaco\" \/>\n<meta property=\"article:published_time\" content=\"2026-02-14T13:36:27+00:00\" \/>\n<meta property=\"og:image\" content=\"https:\/\/aldiachaco.com.ar\/wp-content\/uploads\/2026\/02\/IMG-20260214-WA0019.jpg\" \/>\n\t<meta property=\"og:image:width\" content=\"1120\" \/>\n\t<meta property=\"og:image:height\" content=\"899\" \/>\n\t<meta property=\"og:image:type\" content=\"image\/jpeg\" \/>\n<meta name=\"author\" content=\"RedaccionRM\" \/>\n<meta name=\"twitter:card\" content=\"summary_large_image\" \/>\n<meta name=\"twitter:label1\" content=\"Escrito por\" \/>\n\t<meta name=\"twitter:data1\" content=\"RedaccionRM\" \/>\n\t<meta name=\"twitter:label2\" content=\"Tiempo de lectura\" \/>\n\t<meta name=\"twitter:data2\" content=\"2 minutos\" \/>\n<script type=\"application\/ld+json\" class=\"yoast-schema-graph\">{\"@context\":\"https:\\\/\\\/schema.org\",\"@graph\":[{\"@type\":\"Article\",\"@id\":\"https:\\\/\\\/aldiachaco.com.ar\\\/index.php\\\/2026\\\/02\\\/14\\\/vuelco-en-saenz-pena-un-automovil-choco-contra-un-poste-y-su-conductor-fue-hospitalizado\\\/#article\",\"isPartOf\":{\"@id\":\"https:\\\/\\\/aldiachaco.com.ar\\\/index.php\\\/2026\\\/02\\\/14\\\/vuelco-en-saenz-pena-un-automovil-choco-contra-un-poste-y-su-conductor-fue-hospitalizado\\\/\"},\"author\":{\"name\":\"RedaccionRM\",\"@id\":\"https:\\\/\\\/aldiachaco.com.ar\\\/#\\\/schema\\\/person\\\/b24e975af8022082f5889a7a7299e962\"},\"headline\":\"Vuelco en S\u00e1enz Pe\u00f1a: un autom\u00f3vil choc\u00f3 contra un poste y su conductor fue hospitalizado\",\"datePublished\":\"2026-02-14T13:36:27+00:00\",\"mainEntityOfPage\":{\"@id\":\"https:\\\/\\\/aldiachaco.com.ar\\\/index.php\\\/2026\\\/02\\\/14\\\/vuelco-en-saenz-pena-un-automovil-choco-contra-un-poste-y-su-conductor-fue-hospitalizado\\\/\"},\"wordCount\":236,\"commentCount\":0,\"publisher\":{\"@id\":\"https:\\\/\\\/aldiachaco.com.ar\\\/#organization\"},\"image\":{\"@id\":\"https:\\\/\\\/aldiachaco.com.ar\\\/index.php\\\/2026\\\/02\\\/14\\\/vuelco-en-saenz-pena-un-automovil-choco-contra-un-poste-y-su-conductor-fue-hospitalizado\\\/#primaryimage\"},\"thumbnailUrl\":\"https:\\\/\\\/aldiachaco.com.ar\\\/wp-content\\\/uploads\\\/2026\\\/02\\\/IMG-20260214-WA0019.jpg\",\"articleSection\":[\"Policiales\"],\"inLanguage\":\"es-AR\",\"potentialAction\":[{\"@type\":\"CommentAction\",\"name\":\"Comment\",\"target\":[\"https:\\\/\\\/aldiachaco.com.ar\\\/index.php\\\/2026\\\/02\\\/14\\\/vuelco-en-saenz-pena-un-automovil-choco-contra-un-poste-y-su-conductor-fue-hospitalizado\\\/#respond\"]}]},{\"@type\":\"WebPage\",\"@id\":\"https:\\\/\\\/aldiachaco.com.ar\\\/index.php\\\/2026\\\/02\\\/14\\\/vuelco-en-saenz-pena-un-automovil-choco-contra-un-poste-y-su-conductor-fue-hospitalizado\\\/\",\"url\":\"https:\\\/\\\/aldiachaco.com.ar\\\/index.php\\\/2026\\\/02\\\/14\\\/vuelco-en-saenz-pena-un-automovil-choco-contra-un-poste-y-su-conductor-fue-hospitalizado\\\/\",\"name\":\"Vuelco en S\u00e1enz Pe\u00f1a: un autom\u00f3vil choc\u00f3 contra un poste y su conductor fue hospitalizado | Al Dia Chaco\",\"isPartOf\":{\"@id\":\"https:\\\/\\\/aldiachaco.com.ar\\\/#website\"},\"primaryImageOfPage\":{\"@id\":\"https:\\\/\\\/aldiachaco.com.ar\\\/index.php\\\/2026\\\/02\\\/14\\\/vuelco-en-saenz-pena-un-automovil-choco-contra-un-poste-y-su-conductor-fue-hospitalizado\\\/#primaryimage\"},\"image\":{\"@id\":\"https:\\\/\\\/aldiachaco.com.ar\\\/index.php\\\/2026\\\/02\\\/14\\\/vuelco-en-saenz-pena-un-automovil-choco-contra-un-poste-y-su-conductor-fue-hospitalizado\\\/#primaryimage\"},\"thumbnailUrl\":\"https:\\\/\\\/aldiachaco.com.ar\\\/wp-content\\\/uploads\\\/2026\\\/02\\\/IMG-20260214-WA0019.jpg\",\"datePublished\":\"2026-02-14T13:36:27+00:00\",\"breadcrumb\":{\"@id\":\"https:\\\/\\\/aldiachaco.com.ar\\\/index.php\\\/2026\\\/02\\\/14\\\/vuelco-en-saenz-pena-un-automovil-choco-contra-un-poste-y-su-conductor-fue-hospitalizado\\\/#breadcrumb\"},\"inLanguage\":\"es-AR\",\"potentialAction\":[{\"@type\":\"ReadAction\",\"target\":[\"https:\\\/\\\/aldiachaco.com.ar\\\/index.php\\\/2026\\\/02\\\/14\\\/vuelco-en-saenz-pena-un-automovil-choco-contra-un-poste-y-su-conductor-fue-hospitalizado\\\/\"]}]},{\"@type\":\"ImageObject\",\"inLanguage\":\"es-AR\",\"@id\":\"https:\\\/\\\/aldiachaco.com.ar\\\/index.php\\\/2026\\\/02\\\/14\\\/vuelco-en-saenz-pena-un-automovil-choco-contra-un-poste-y-su-conductor-fue-hospitalizado\\\/#primaryimage\",\"url\":\"https:\\\/\\\/aldiachaco.com.ar\\\/wp-content\\\/uploads\\\/2026\\\/02\\\/IMG-20260214-WA0019.jpg\",\"contentUrl\":\"https:\\\/\\\/aldiachaco.com.ar\\\/wp-content\\\/uploads\\\/2026\\\/02\\\/IMG-20260214-WA0019.jpg\",\"width\":1120,\"height\":899},{\"@type\":\"BreadcrumbList\",\"@id\":\"https:\\\/\\\/aldiachaco.com.ar\\\/index.php\\\/2026\\\/02\\\/14\\\/vuelco-en-saenz-pena-un-automovil-choco-contra-un-poste-y-su-conductor-fue-hospitalizado\\\/#breadcrumb\",\"itemListElement\":[{\"@type\":\"ListItem\",\"position\":1,\"name\":\"Home\",\"item\":\"https:\\\/\\\/aldiachaco.com.ar\\\/\"},{\"@type\":\"ListItem\",\"position\":2,\"name\":\"Vuelco en S\u00e1enz Pe\u00f1a: un autom\u00f3vil choc\u00f3 contra un poste y su conductor fue hospitalizado\"}]},{\"@type\":\"WebSite\",\"@id\":\"https:\\\/\\\/aldiachaco.com.ar\\\/#website\",\"url\":\"https:\\\/\\\/aldiachaco.com.ar\\\/\",\"name\":\"Al Dia Chaco\",\"description\":\"Noticias del Chaco y el mundo\",\"publisher\":{\"@id\":\"https:\\\/\\\/aldiachaco.com.ar\\\/#organization\"},\"alternateName\":\"Al D\u00eda Chaco\",\"potentialAction\":[{\"@type\":\"SearchAction\",\"target\":{\"@type\":\"EntryPoint\",\"urlTemplate\":\"https:\\\/\\\/aldiachaco.com.ar\\\/?s={search_term_string}\"},\"query-input\":{\"@type\":\"PropertyValueSpecification\",\"valueRequired\":true,\"valueName\":\"search_term_string\"}}],\"inLanguage\":\"es-AR\"},{\"@type\":\"Organization\",\"@id\":\"https:\\\/\\\/aldiachaco.com.ar\\\/#organization\",\"name\":\"Al Dia Chaco\",\"url\":\"https:\\\/\\\/aldiachaco.com.ar\\\/\",\"logo\":{\"@type\":\"ImageObject\",\"inLanguage\":\"es-AR\",\"@id\":\"https:\\\/\\\/aldiachaco.com.ar\\\/#\\\/schema\\\/logo\\\/image\\\/\",\"url\":\"https:\\\/\\\/aldiachaco.com.ar\\\/wp-content\\\/uploads\\\/2017\\\/11\\\/AL-DIA-CHACO-L@2x.png\",\"contentUrl\":\"https:\\\/\\\/aldiachaco.com.ar\\\/wp-content\\\/uploads\\\/2017\\\/11\\\/AL-DIA-CHACO-L@2x.png\",\"width\":232,\"height\":60,\"caption\":\"Al Dia Chaco\"},\"image\":{\"@id\":\"https:\\\/\\\/aldiachaco.com.ar\\\/#\\\/schema\\\/logo\\\/image\\\/\"}},{\"@type\":\"Person\",\"@id\":\"https:\\\/\\\/aldiachaco.com.ar\\\/#\\\/schema\\\/person\\\/b24e975af8022082f5889a7a7299e962\",\"name\":\"RedaccionRM\",\"image\":{\"@type\":\"ImageObject\",\"inLanguage\":\"es-AR\",\"@id\":\"https:\\\/\\\/aldiachaco.com.ar\\\/wp-content\\\/litespeed\\\/avatar\\\/a30118fcb7a6295303f1c91164c6aba1.jpg?ver=1777339088\",\"url\":\"https:\\\/\\\/aldiachaco.com.ar\\\/wp-content\\\/litespeed\\\/avatar\\\/a30118fcb7a6295303f1c91164c6aba1.jpg?ver=1777339088\",\"contentUrl\":\"https:\\\/\\\/aldiachaco.com.ar\\\/wp-content\\\/litespeed\\\/avatar\\\/a30118fcb7a6295303f1c91164c6aba1.jpg?ver=1777339088\",\"caption\":\"RedaccionRM\"},\"url\":\"https:\\\/\\\/aldiachaco.com.ar\\\/index.php\\\/author\\\/redaccionrm\\\/\"}]}<\/script>\n<!-- \/ Yoast SEO plugin. -->","yoast_head_json":{"title":"Vuelco en S\u00e1enz Pe\u00f1a: un autom\u00f3vil choc\u00f3 contra un poste y su conductor fue hospitalizado | Al Dia Chaco","robots":{"index":"index","follow":"follow","max-snippet":"max-snippet:-1","max-image-preview":"max-image-preview:large","max-video-preview":"max-video-preview:-1"},"canonical":"https:\/\/aldiachaco.com.ar\/index.php\/2026\/02\/14\/vuelco-en-saenz-pena-un-automovil-choco-contra-un-poste-y-su-conductor-fue-hospitalizado\/","og_locale":"es_ES","og_type":"article","og_title":"Vuelco en S\u00e1enz Pe\u00f1a: un autom\u00f3vil choc\u00f3 contra un poste y su conductor fue hospitalizado | Al Dia Chaco","og_description":"Un siniestro vial se produjo durante la madrugada de este s\u00e1bado en la ciudad de Presidencia Roque S\u00e1enz Pe\u00f1a, cuando un autom\u00f3vil Fiat Uno volc\u00f3 tras impactar contra un poste de alumbrado p\u00fablico. El hecho ocurri\u00f3 alrededor de las 2:15 en calle 21 bis, entre 34 y 36, en el barrio Yapey\u00fa. Voceros policiales informaron &hellip;","og_url":"https:\/\/aldiachaco.com.ar\/index.php\/2026\/02\/14\/vuelco-en-saenz-pena-un-automovil-choco-contra-un-poste-y-su-conductor-fue-hospitalizado\/","og_site_name":"Al Dia Chaco","article_published_time":"2026-02-14T13:36:27+00:00","og_image":[{"width":1120,"height":899,"url":"https:\/\/aldiachaco.com.ar\/wp-content\/uploads\/2026\/02\/IMG-20260214-WA0019.jpg","type":"image\/jpeg"}],"author":"RedaccionRM","twitter_card":"summary_large_image","twitter_misc":{"Escrito por":"RedaccionRM","Tiempo de lectura":"2 minutos"},"schema":{"@context":"https:\/\/schema.org","@graph":[{"@type":"Article","@id":"https:\/\/aldiachaco.com.ar\/index.php\/2026\/02\/14\/vuelco-en-saenz-pena-un-automovil-choco-contra-un-poste-y-su-conductor-fue-hospitalizado\/#article","isPartOf":{"@id":"https:\/\/aldiachaco.com.ar\/index.php\/2026\/02\/14\/vuelco-en-saenz-pena-un-automovil-choco-contra-un-poste-y-su-conductor-fue-hospitalizado\/"},"author":{"name":"RedaccionRM","@id":"https:\/\/aldiachaco.com.ar\/#\/schema\/person\/b24e975af8022082f5889a7a7299e962"},"headline":"Vuelco en S\u00e1enz Pe\u00f1a: un autom\u00f3vil choc\u00f3 contra un poste y su conductor fue hospitalizado","datePublished":"2026-02-14T13:36:27+00:00","mainEntityOfPage":{"@id":"https:\/\/aldiachaco.com.ar\/index.php\/2026\/02\/14\/vuelco-en-saenz-pena-un-automovil-choco-contra-un-poste-y-su-conductor-fue-hospitalizado\/"},"wordCount":236,"commentCount":0,"publisher":{"@id":"https:\/\/aldiachaco.com.ar\/#organization"},"image":{"@id":"https:\/\/aldiachaco.com.ar\/index.php\/2026\/02\/14\/vuelco-en-saenz-pena-un-automovil-choco-contra-un-poste-y-su-conductor-fue-hospitalizado\/#primaryimage"},"thumbnailUrl":"https:\/\/aldiachaco.com.ar\/wp-content\/uploads\/2026\/02\/IMG-20260214-WA0019.jpg","articleSection":["Policiales"],"inLanguage":"es-AR","potentialAction":[{"@type":"CommentAction","name":"Comment","target":["https:\/\/aldiachaco.com.ar\/index.php\/2026\/02\/14\/vuelco-en-saenz-pena-un-automovil-choco-contra-un-poste-y-su-conductor-fue-hospitalizado\/#respond"]}]},{"@type":"WebPage","@id":"https:\/\/aldiachaco.com.ar\/index.php\/2026\/02\/14\/vuelco-en-saenz-pena-un-automovil-choco-contra-un-poste-y-su-conductor-fue-hospitalizado\/","url":"https:\/\/aldiachaco.com.ar\/index.php\/2026\/02\/14\/vuelco-en-saenz-pena-un-automovil-choco-contra-un-poste-y-su-conductor-fue-hospitalizado\/","name":"Vuelco en S\u00e1enz Pe\u00f1a: un autom\u00f3vil choc\u00f3 contra un poste y su conductor fue hospitalizado | Al Dia Chaco","isPartOf":{"@id":"https:\/\/aldiachaco.com.ar\/#website"},"primaryImageOfPage":{"@id":"https:\/\/aldiachaco.com.ar\/index.php\/2026\/02\/14\/vuelco-en-saenz-pena-un-automovil-choco-contra-un-poste-y-su-conductor-fue-hospitalizado\/#primaryimage"},"image":{"@id":"https:\/\/aldiachaco.com.ar\/index.php\/2026\/02\/14\/vuelco-en-saenz-pena-un-automovil-choco-contra-un-poste-y-su-conductor-fue-hospitalizado\/#primaryimage"},"thumbnailUrl":"https:\/\/aldiachaco.com.ar\/wp-content\/uploads\/2026\/02\/IMG-20260214-WA0019.jpg","datePublished":"2026-02-14T13:36:27+00:00","breadcrumb":{"@id":"https:\/\/aldiachaco.com.ar\/index.php\/2026\/02\/14\/vuelco-en-saenz-pena-un-automovil-choco-contra-un-poste-y-su-conductor-fue-hospitalizado\/#breadcrumb"},"inLanguage":"es-AR","potentialAction":[{"@type":"ReadAction","target":["https:\/\/aldiachaco.com.ar\/index.php\/2026\/02\/14\/vuelco-en-saenz-pena-un-automovil-choco-contra-un-poste-y-su-conductor-fue-hospitalizado\/"]}]},{"@type":"ImageObject","inLanguage":"es-AR","@id":"https:\/\/aldiachaco.com.ar\/index.php\/2026\/02\/14\/vuelco-en-saenz-pena-un-automovil-choco-contra-un-poste-y-su-conductor-fue-hospitalizado\/#primaryimage","url":"https:\/\/aldiachaco.com.ar\/wp-content\/uploads\/2026\/02\/IMG-20260214-WA0019.jpg","contentUrl":"https:\/\/aldiachaco.com.ar\/wp-content\/uploads\/2026\/02\/IMG-20260214-WA0019.jpg","width":1120,"height":899},{"@type":"BreadcrumbList","@id":"https:\/\/aldiachaco.com.ar\/index.php\/2026\/02\/14\/vuelco-en-saenz-pena-un-automovil-choco-contra-un-poste-y-su-conductor-fue-hospitalizado\/#breadcrumb","itemListElement":[{"@type":"ListItem","position":1,"name":"Home","item":"https:\/\/aldiachaco.com.ar\/"},{"@type":"ListItem","position":2,"name":"Vuelco en S\u00e1enz Pe\u00f1a: un autom\u00f3vil choc\u00f3 contra un poste y su conductor fue hospitalizado"}]},{"@type":"WebSite","@id":"https:\/\/aldiachaco.com.ar\/#website","url":"https:\/\/aldiachaco.com.ar\/","name":"Al Dia Chaco","description":"Noticias del Chaco y el mundo","publisher":{"@id":"https:\/\/aldiachaco.com.ar\/#organization"},"alternateName":"Al D\u00eda Chaco","potentialAction":[{"@type":"SearchAction","target":{"@type":"EntryPoint","urlTemplate":"https:\/\/aldiachaco.com.ar\/?s={search_term_string}"},"query-input":{"@type":"PropertyValueSpecification","valueRequired":true,"valueName":"search_term_string"}}],"inLanguage":"es-AR"},{"@type":"Organization","@id":"https:\/\/aldiachaco.com.ar\/#organization","name":"Al Dia Chaco","url":"https:\/\/aldiachaco.com.ar\/","logo":{"@type":"ImageObject","inLanguage":"es-AR","@id":"https:\/\/aldiachaco.com.ar\/#\/schema\/logo\/image\/","url":"https:\/\/aldiachaco.com.ar\/wp-content\/uploads\/2017\/11\/AL-DIA-CHACO-L@2x.png","contentUrl":"https:\/\/aldiachaco.com.ar\/wp-content\/uploads\/2017\/11\/AL-DIA-CHACO-L@2x.png","width":232,"height":60,"caption":"Al Dia Chaco"},"image":{"@id":"https:\/\/aldiachaco.com.ar\/#\/schema\/logo\/image\/"}},{"@type":"Person","@id":"https:\/\/aldiachaco.com.ar\/#\/schema\/person\/b24e975af8022082f5889a7a7299e962","name":"RedaccionRM","image":{"@type":"ImageObject","inLanguage":"es-AR","@id":"https:\/\/aldiachaco.com.ar\/wp-content\/litespeed\/avatar\/a30118fcb7a6295303f1c91164c6aba1.jpg?ver=1777339088","url":"https:\/\/aldiachaco.com.ar\/wp-content\/litespeed\/avatar\/a30118fcb7a6295303f1c91164c6aba1.jpg?ver=1777339088","contentUrl":"https:\/\/aldiachaco.com.ar\/wp-content\/litespeed\/avatar\/a30118fcb7a6295303f1c91164c6aba1.jpg?ver=1777339088","caption":"RedaccionRM"},"url":"https:\/\/aldiachaco.com.ar\/index.php\/author\/redaccionrm\/"}]}},"jetpack_publicize_connections":[],"jetpack_featured_media_url":"https:\/\/aldiachaco.com.ar\/wp-content\/uploads\/2026\/02\/IMG-20260214-WA0019.jpg","jetpack_sharing_enabled":true,"amp_enabled":true,"_links":{"self":[{"href":"https:\/\/aldiachaco.com.ar\/index.php\/wp-json\/wp\/v2\/posts\/117004","targetHints":{"allow":["GET"]}}],"collection":[{"href":"https:\/\/aldiachaco.com.ar\/index.php\/wp-json\/wp\/v2\/posts"}],"about":[{"href":"https:\/\/aldiachaco.com.ar\/index.php\/wp-json\/wp\/v2\/types\/post"}],"author":[{"embeddable":true,"href":"https:\/\/aldiachaco.com.ar\/index.php\/wp-json\/wp\/v2\/users\/9"}],"replies":[{"embeddable":true,"href":"https:\/\/aldiachaco.com.ar\/index.php\/wp-json\/wp\/v2\/comments?post=117004"}],"version-history":[{"count":1,"href":"https:\/\/aldiachaco.com.ar\/index.php\/wp-json\/wp\/v2\/posts\/117004\/revisions"}],"predecessor-version":[{"id":117006,"href":"https:\/\/aldiachaco.com.ar\/index.php\/wp-json\/wp\/v2\/posts\/117004\/revisions\/117006"}],"wp:featuredmedia":[{"embeddable":true,"href":"https:\/\/aldiachaco.com.ar\/index.php\/wp-json\/wp\/v2\/media\/117005"}],"wp:attachment":[{"href":"https:\/\/aldiachaco.com.ar\/index.php\/wp-json\/wp\/v2\/media?parent=117004"}],"wp:term":[{"taxonomy":"category","embeddable":true,"href":"https:\/\/aldiachaco.com.ar\/index.php\/wp-json\/wp\/v2\/categories?post=117004"},{"taxonomy":"post_tag","embeddable":true,"href":"https:\/\/aldiachaco.com.ar\/index.php\/wp-json\/wp\/v2\/tags?post=117004"}],"curies":[{"name":"wp","href":"https:\/\/api.w.org\/{rel}","templated":true}]}}