{"id":116997,"date":"2026-02-13T22:18:49","date_gmt":"2026-02-14T01:18:49","guid":{"rendered":"https:\/\/aldiachaco.com.ar\/?p=116997"},"modified":"2026-02-13T22:18:49","modified_gmt":"2026-02-14T01:18:49","slug":"orgullo-chaqueno-el-gobernador-zdero-recibio-al-grupo-trinar-tras-su-destacada-actuacion-en-cosquin","status":"publish","type":"post","link":"https:\/\/aldiachaco.com.ar\/index.php\/2026\/02\/13\/orgullo-chaqueno-el-gobernador-zdero-recibio-al-grupo-trinar-tras-su-destacada-actuacion-en-cosquin\/","title":{"rendered":"Orgullo chaque\u00f1o: el gobernador Zdero recibi\u00f3 al grupo Trinar tras su destacada actuaci\u00f3n en Cosqu\u00edn"},"content":{"rendered":"<p class=\"ds-markdown-paragraph\">El gobernador Leandro Zdero recibi\u00f3 este viernes en Casa de Gobierno a los integrantes del grupo folkl\u00f3rico Trinar, oriundo de Resistencia, tras su participaci\u00f3n en la 66\u00b0 edici\u00f3n del Festival Nacional de Folklore de Cosqu\u00edn. La agrupaci\u00f3n se present\u00f3 en el escenario mayor luego de consagrarse en la categor\u00eda &#8220;Conjunto Vocal&#8221; del Pre-Cosqu\u00edn.<\/p>\n<p class=\"ds-markdown-paragraph\">Durante el encuentro, del que tambi\u00e9n particip\u00f3 el presidente del Instituto de Cultura, Mario Zorrilla, el mandatario y los artistas repasaron los momentos m\u00e1s destacados de su carrera y su paso por el escenario cordob\u00e9s. Zorrilla expres\u00f3: &#8220;Estamos orgullosos por su presentaci\u00f3n, representando a la provincia. Tuvieron una actuaci\u00f3n muy notable; queremos felicitarlos e impulsarlos a que sigan brillando en los escenarios con el acompa\u00f1amiento del gobierno&#8221;.<\/p>\n<p class=\"ds-markdown-paragraph\">El funcionario destac\u00f3 adem\u00e1s el paso de la agrupaci\u00f3n por el festival &#8220;Chaco Vibra&#8221; y ratific\u00f3 el compromiso del Instituto de Cultura de generar espacios para los artistas chaque\u00f1os. Record\u00f3 que Trinar cont\u00f3 con acompa\u00f1amiento del Estado provincial para concretar su viaje a Cosqu\u00edn. &#8220;Hay todo un movimiento emergente del folklore chaque\u00f1o, como la m\u00fasica del monte chaque\u00f1o; estamos muy atentos a esto y a llevar nuestro folklore a todos los escenarios posibles&#8221;, afirm\u00f3.<\/p>\n<p class=\"ds-markdown-paragraph\">An\u00edbal Zardi, uno de los integrantes de Trinar, expres\u00f3 su satisfacci\u00f3n: &#8220;Es un placer para nosotros ser recibidos por el Gobernador y haber representado a la provincia en el escenario de Cosqu\u00edn; estamos felices&#8221;. Destac\u00f3 el respaldo del Gobierno provincial como un impulso fundamental para el crecimiento art\u00edstico del grupo. &#8220;Pasar por este evento tan prestigioso, por donde pasaron tantos artistas de renombre, nos llena de alegr\u00eda. Queremos seguir por ese camino, dejando al Chaco bien parado&#8221;, sostuvo.<\/p>\n<p class=\"ds-markdown-paragraph\">Andr\u00e9s Villa calific\u00f3 la participaci\u00f3n en el festival como &#8220;una experiencia muy enriquecedora&#8221;, mientras que Lautaro Meza y Benjam\u00edn Villa valoraron el acompa\u00f1amiento brindado por la Provincia.<\/p>\n<p class=\"ds-markdown-paragraph\">Trinar naci\u00f3 en Resistencia en 2018 y est\u00e1 integrado por 12 artistas, ocho de ellos m\u00fasicos en escena. El grupo cuenta con tres voces principales y una formaci\u00f3n instrumental compuesta por viol\u00edn, acorde\u00f3n, bombo leg\u00fcero, bater\u00eda, bajo y guitarra, consolid\u00e1ndose como una de las propuestas emergentes del folklore chaque\u00f1o.<\/p>\n<p><img loading=\"lazy\" decoding=\"async\" class=\"alignnone size-medium wp-image-116998\" src=\"https:\/\/aldiachaco.com.ar\/wp-content\/uploads\/2026\/02\/WhatsApp-Image-2026-02-13-at-21.24.17-300x200.jpeg\" alt=\"\" width=\"300\" height=\"200\" srcset=\"https:\/\/aldiachaco.com.ar\/wp-content\/uploads\/2026\/02\/WhatsApp-Image-2026-02-13-at-21.24.17-300x200.jpeg 300w, https:\/\/aldiachaco.com.ar\/wp-content\/uploads\/2026\/02\/WhatsApp-Image-2026-02-13-at-21.24.17-1024x683.jpeg 1024w, https:\/\/aldiachaco.com.ar\/wp-content\/uploads\/2026\/02\/WhatsApp-Image-2026-02-13-at-21.24.17-768x512.jpeg 768w, https:\/\/aldiachaco.com.ar\/wp-content\/uploads\/2026\/02\/WhatsApp-Image-2026-02-13-at-21.24.17-1536x1024.jpeg 1536w, https:\/\/aldiachaco.com.ar\/wp-content\/uploads\/2026\/02\/WhatsApp-Image-2026-02-13-at-21.24.17-2048x1366.jpeg 2048w, https:\/\/aldiachaco.com.ar\/wp-content\/uploads\/2026\/02\/WhatsApp-Image-2026-02-13-at-21.24.17-705x470.jpeg 705w, https:\/\/aldiachaco.com.ar\/wp-content\/uploads\/2026\/02\/WhatsApp-Image-2026-02-13-at-21.24.17-600x400.jpeg 600w\" sizes=\"auto, (max-width: 300px) 100vw, 300px\" \/> <img loading=\"lazy\" decoding=\"async\" class=\"alignnone size-medium wp-image-116999\" src=\"https:\/\/aldiachaco.com.ar\/wp-content\/uploads\/2026\/02\/WhatsApp-Image-2026-02-13-at-21.24.16-2-300x200.jpeg\" alt=\"\" width=\"300\" height=\"200\" srcset=\"https:\/\/aldiachaco.com.ar\/wp-content\/uploads\/2026\/02\/WhatsApp-Image-2026-02-13-at-21.24.16-2-300x200.jpeg 300w, https:\/\/aldiachaco.com.ar\/wp-content\/uploads\/2026\/02\/WhatsApp-Image-2026-02-13-at-21.24.16-2-1024x683.jpeg 1024w, https:\/\/aldiachaco.com.ar\/wp-content\/uploads\/2026\/02\/WhatsApp-Image-2026-02-13-at-21.24.16-2-768x512.jpeg 768w, https:\/\/aldiachaco.com.ar\/wp-content\/uploads\/2026\/02\/WhatsApp-Image-2026-02-13-at-21.24.16-2-1536x1024.jpeg 1536w, https:\/\/aldiachaco.com.ar\/wp-content\/uploads\/2026\/02\/WhatsApp-Image-2026-02-13-at-21.24.16-2-2048x1366.jpeg 2048w, https:\/\/aldiachaco.com.ar\/wp-content\/uploads\/2026\/02\/WhatsApp-Image-2026-02-13-at-21.24.16-2-705x470.jpeg 705w, https:\/\/aldiachaco.com.ar\/wp-content\/uploads\/2026\/02\/WhatsApp-Image-2026-02-13-at-21.24.16-2-600x400.jpeg 600w\" sizes=\"auto, (max-width: 300px) 100vw, 300px\" \/> <img loading=\"lazy\" decoding=\"async\" class=\"alignnone size-medium wp-image-117000\" src=\"https:\/\/aldiachaco.com.ar\/wp-content\/uploads\/2026\/02\/WhatsApp-Image-2026-02-13-at-21.24.16-1-300x196.jpeg\" alt=\"\" width=\"300\" height=\"196\" srcset=\"https:\/\/aldiachaco.com.ar\/wp-content\/uploads\/2026\/02\/WhatsApp-Image-2026-02-13-at-21.24.16-1-300x196.jpeg 300w, https:\/\/aldiachaco.com.ar\/wp-content\/uploads\/2026\/02\/WhatsApp-Image-2026-02-13-at-21.24.16-1-1024x669.jpeg 1024w, https:\/\/aldiachaco.com.ar\/wp-content\/uploads\/2026\/02\/WhatsApp-Image-2026-02-13-at-21.24.16-1-768x502.jpeg 768w, https:\/\/aldiachaco.com.ar\/wp-content\/uploads\/2026\/02\/WhatsApp-Image-2026-02-13-at-21.24.16-1-1536x1004.jpeg 1536w, https:\/\/aldiachaco.com.ar\/wp-content\/uploads\/2026\/02\/WhatsApp-Image-2026-02-13-at-21.24.16-1-2048x1338.jpeg 2048w, https:\/\/aldiachaco.com.ar\/wp-content\/uploads\/2026\/02\/WhatsApp-Image-2026-02-13-at-21.24.16-1-719x470.jpeg 719w, https:\/\/aldiachaco.com.ar\/wp-content\/uploads\/2026\/02\/WhatsApp-Image-2026-02-13-at-21.24.16-1-600x392.jpeg 600w\" sizes=\"auto, (max-width: 300px) 100vw, 300px\" \/><\/p>\n","protected":false},"excerpt":{"rendered":"<p>El gobernador Leandro Zdero recibi\u00f3 este viernes en Casa de Gobierno a los integrantes del grupo folkl\u00f3rico Trinar, oriundo de Resistencia, tras su participaci\u00f3n en la 66\u00b0 edici\u00f3n del Festival Nacional de Folklore de Cosqu\u00edn. La agrupaci\u00f3n se present\u00f3 en el escenario mayor luego de consagrarse en la categor\u00eda &#8220;Conjunto Vocal&#8221; del Pre-Cosqu\u00edn. Durante el &hellip;<\/p>\n","protected":false},"author":9,"featured_media":117001,"comment_status":"open","ping_status":"open","sticky":false,"template":"","format":"standard","meta":{"content-type":"","_monsterinsights_skip_tracking":false,"_monsterinsights_sitenote_active":false,"_monsterinsights_sitenote_note":"","_monsterinsights_sitenote_category":0,"_jetpack_memberships_contains_paid_content":false,"footnotes":"","jetpack_publicize_message":"","jetpack_publicize_feature_enabled":true,"jetpack_social_post_already_shared":true,"jetpack_social_options":{"image_generator_settings":{"template":"highway","default_image_id":0,"font":"","enabled":false},"version":2}},"categories":[66],"tags":[],"class_list":["post-116997","post","type-post","status-publish","format-standard","has-post-thumbnail","hentry","category-cultura"],"yoast_head":"<!-- This site is optimized with the Yoast SEO plugin v27.4 - https:\/\/yoast.com\/product\/yoast-seo-wordpress\/ -->\n<title>Orgullo chaque\u00f1o: el gobernador Zdero recibi\u00f3 al grupo Trinar tras su destacada actuaci\u00f3n en Cosqu\u00edn | Al Dia Chaco<\/title>\n<meta name=\"robots\" content=\"index, follow, max-snippet:-1, max-image-preview:large, max-video-preview:-1\" \/>\n<link rel=\"canonical\" href=\"https:\/\/aldiachaco.com.ar\/index.php\/2026\/02\/13\/orgullo-chaqueno-el-gobernador-zdero-recibio-al-grupo-trinar-tras-su-destacada-actuacion-en-cosquin\/\" \/>\n<meta property=\"og:locale\" content=\"es_ES\" \/>\n<meta property=\"og:type\" content=\"article\" \/>\n<meta property=\"og:title\" content=\"Orgullo chaque\u00f1o: el gobernador Zdero recibi\u00f3 al grupo Trinar tras su destacada actuaci\u00f3n en Cosqu\u00edn | Al Dia Chaco\" \/>\n<meta property=\"og:description\" content=\"El gobernador Leandro Zdero recibi\u00f3 este viernes en Casa de Gobierno a los integrantes del grupo folkl\u00f3rico Trinar, oriundo de Resistencia, tras su participaci\u00f3n en la 66\u00b0 edici\u00f3n del Festival Nacional de Folklore de Cosqu\u00edn. La agrupaci\u00f3n se present\u00f3 en el escenario mayor luego de consagrarse en la categor\u00eda &#8220;Conjunto Vocal&#8221; del Pre-Cosqu\u00edn. Durante el &hellip;\" \/>\n<meta property=\"og:url\" content=\"https:\/\/aldiachaco.com.ar\/index.php\/2026\/02\/13\/orgullo-chaqueno-el-gobernador-zdero-recibio-al-grupo-trinar-tras-su-destacada-actuacion-en-cosquin\/\" \/>\n<meta property=\"og:site_name\" content=\"Al Dia Chaco\" \/>\n<meta property=\"article:published_time\" content=\"2026-02-14T01:18:49+00:00\" \/>\n<meta property=\"og:image\" content=\"https:\/\/aldiachaco.com.ar\/wp-content\/uploads\/2026\/02\/WhatsApp-Image-2026-02-13-at-21.24.16-scaled.jpeg\" \/>\n\t<meta property=\"og:image:width\" content=\"2560\" \/>\n\t<meta property=\"og:image:height\" content=\"1790\" \/>\n\t<meta property=\"og:image:type\" content=\"image\/jpeg\" \/>\n<meta name=\"author\" content=\"RedaccionRM\" \/>\n<meta name=\"twitter:card\" content=\"summary_large_image\" \/>\n<meta name=\"twitter:label1\" content=\"Escrito por\" \/>\n\t<meta name=\"twitter:data1\" content=\"RedaccionRM\" \/>\n\t<meta name=\"twitter:label2\" content=\"Tiempo de lectura\" \/>\n\t<meta name=\"twitter:data2\" content=\"3 minutos\" \/>\n<script type=\"application\/ld+json\" class=\"yoast-schema-graph\">{\"@context\":\"https:\\\/\\\/schema.org\",\"@graph\":[{\"@type\":\"Article\",\"@id\":\"https:\\\/\\\/aldiachaco.com.ar\\\/index.php\\\/2026\\\/02\\\/13\\\/orgullo-chaqueno-el-gobernador-zdero-recibio-al-grupo-trinar-tras-su-destacada-actuacion-en-cosquin\\\/#article\",\"isPartOf\":{\"@id\":\"https:\\\/\\\/aldiachaco.com.ar\\\/index.php\\\/2026\\\/02\\\/13\\\/orgullo-chaqueno-el-gobernador-zdero-recibio-al-grupo-trinar-tras-su-destacada-actuacion-en-cosquin\\\/\"},\"author\":{\"name\":\"RedaccionRM\",\"@id\":\"https:\\\/\\\/aldiachaco.com.ar\\\/#\\\/schema\\\/person\\\/b24e975af8022082f5889a7a7299e962\"},\"headline\":\"Orgullo chaque\u00f1o: el gobernador Zdero recibi\u00f3 al grupo Trinar tras su destacada actuaci\u00f3n en Cosqu\u00edn\",\"datePublished\":\"2026-02-14T01:18:49+00:00\",\"mainEntityOfPage\":{\"@id\":\"https:\\\/\\\/aldiachaco.com.ar\\\/index.php\\\/2026\\\/02\\\/13\\\/orgullo-chaqueno-el-gobernador-zdero-recibio-al-grupo-trinar-tras-su-destacada-actuacion-en-cosquin\\\/\"},\"wordCount\":401,\"commentCount\":0,\"publisher\":{\"@id\":\"https:\\\/\\\/aldiachaco.com.ar\\\/#organization\"},\"image\":{\"@id\":\"https:\\\/\\\/aldiachaco.com.ar\\\/index.php\\\/2026\\\/02\\\/13\\\/orgullo-chaqueno-el-gobernador-zdero-recibio-al-grupo-trinar-tras-su-destacada-actuacion-en-cosquin\\\/#primaryimage\"},\"thumbnailUrl\":\"https:\\\/\\\/aldiachaco.com.ar\\\/wp-content\\\/uploads\\\/2026\\\/02\\\/WhatsApp-Image-2026-02-13-at-21.24.16-scaled.jpeg\",\"articleSection\":[\"Cultura\"],\"inLanguage\":\"es-AR\",\"potentialAction\":[{\"@type\":\"CommentAction\",\"name\":\"Comment\",\"target\":[\"https:\\\/\\\/aldiachaco.com.ar\\\/index.php\\\/2026\\\/02\\\/13\\\/orgullo-chaqueno-el-gobernador-zdero-recibio-al-grupo-trinar-tras-su-destacada-actuacion-en-cosquin\\\/#respond\"]}]},{\"@type\":\"WebPage\",\"@id\":\"https:\\\/\\\/aldiachaco.com.ar\\\/index.php\\\/2026\\\/02\\\/13\\\/orgullo-chaqueno-el-gobernador-zdero-recibio-al-grupo-trinar-tras-su-destacada-actuacion-en-cosquin\\\/\",\"url\":\"https:\\\/\\\/aldiachaco.com.ar\\\/index.php\\\/2026\\\/02\\\/13\\\/orgullo-chaqueno-el-gobernador-zdero-recibio-al-grupo-trinar-tras-su-destacada-actuacion-en-cosquin\\\/\",\"name\":\"Orgullo chaque\u00f1o: el gobernador Zdero recibi\u00f3 al grupo Trinar tras su destacada actuaci\u00f3n en Cosqu\u00edn | Al Dia Chaco\",\"isPartOf\":{\"@id\":\"https:\\\/\\\/aldiachaco.com.ar\\\/#website\"},\"primaryImageOfPage\":{\"@id\":\"https:\\\/\\\/aldiachaco.com.ar\\\/index.php\\\/2026\\\/02\\\/13\\\/orgullo-chaqueno-el-gobernador-zdero-recibio-al-grupo-trinar-tras-su-destacada-actuacion-en-cosquin\\\/#primaryimage\"},\"image\":{\"@id\":\"https:\\\/\\\/aldiachaco.com.ar\\\/index.php\\\/2026\\\/02\\\/13\\\/orgullo-chaqueno-el-gobernador-zdero-recibio-al-grupo-trinar-tras-su-destacada-actuacion-en-cosquin\\\/#primaryimage\"},\"thumbnailUrl\":\"https:\\\/\\\/aldiachaco.com.ar\\\/wp-content\\\/uploads\\\/2026\\\/02\\\/WhatsApp-Image-2026-02-13-at-21.24.16-scaled.jpeg\",\"datePublished\":\"2026-02-14T01:18:49+00:00\",\"breadcrumb\":{\"@id\":\"https:\\\/\\\/aldiachaco.com.ar\\\/index.php\\\/2026\\\/02\\\/13\\\/orgullo-chaqueno-el-gobernador-zdero-recibio-al-grupo-trinar-tras-su-destacada-actuacion-en-cosquin\\\/#breadcrumb\"},\"inLanguage\":\"es-AR\",\"potentialAction\":[{\"@type\":\"ReadAction\",\"target\":[\"https:\\\/\\\/aldiachaco.com.ar\\\/index.php\\\/2026\\\/02\\\/13\\\/orgullo-chaqueno-el-gobernador-zdero-recibio-al-grupo-trinar-tras-su-destacada-actuacion-en-cosquin\\\/\"]}]},{\"@type\":\"ImageObject\",\"inLanguage\":\"es-AR\",\"@id\":\"https:\\\/\\\/aldiachaco.com.ar\\\/index.php\\\/2026\\\/02\\\/13\\\/orgullo-chaqueno-el-gobernador-zdero-recibio-al-grupo-trinar-tras-su-destacada-actuacion-en-cosquin\\\/#primaryimage\",\"url\":\"https:\\\/\\\/aldiachaco.com.ar\\\/wp-content\\\/uploads\\\/2026\\\/02\\\/WhatsApp-Image-2026-02-13-at-21.24.16-scaled.jpeg\",\"contentUrl\":\"https:\\\/\\\/aldiachaco.com.ar\\\/wp-content\\\/uploads\\\/2026\\\/02\\\/WhatsApp-Image-2026-02-13-at-21.24.16-scaled.jpeg\",\"width\":2560,\"height\":1790},{\"@type\":\"BreadcrumbList\",\"@id\":\"https:\\\/\\\/aldiachaco.com.ar\\\/index.php\\\/2026\\\/02\\\/13\\\/orgullo-chaqueno-el-gobernador-zdero-recibio-al-grupo-trinar-tras-su-destacada-actuacion-en-cosquin\\\/#breadcrumb\",\"itemListElement\":[{\"@type\":\"ListItem\",\"position\":1,\"name\":\"Home\",\"item\":\"https:\\\/\\\/aldiachaco.com.ar\\\/\"},{\"@type\":\"ListItem\",\"position\":2,\"name\":\"Orgullo chaque\u00f1o: el gobernador Zdero recibi\u00f3 al grupo Trinar tras su destacada actuaci\u00f3n en Cosqu\u00edn\"}]},{\"@type\":\"WebSite\",\"@id\":\"https:\\\/\\\/aldiachaco.com.ar\\\/#website\",\"url\":\"https:\\\/\\\/aldiachaco.com.ar\\\/\",\"name\":\"Al Dia Chaco\",\"description\":\"Noticias del Chaco y el mundo\",\"publisher\":{\"@id\":\"https:\\\/\\\/aldiachaco.com.ar\\\/#organization\"},\"alternateName\":\"Al D\u00eda Chaco\",\"potentialAction\":[{\"@type\":\"SearchAction\",\"target\":{\"@type\":\"EntryPoint\",\"urlTemplate\":\"https:\\\/\\\/aldiachaco.com.ar\\\/?s={search_term_string}\"},\"query-input\":{\"@type\":\"PropertyValueSpecification\",\"valueRequired\":true,\"valueName\":\"search_term_string\"}}],\"inLanguage\":\"es-AR\"},{\"@type\":\"Organization\",\"@id\":\"https:\\\/\\\/aldiachaco.com.ar\\\/#organization\",\"name\":\"Al Dia Chaco\",\"url\":\"https:\\\/\\\/aldiachaco.com.ar\\\/\",\"logo\":{\"@type\":\"ImageObject\",\"inLanguage\":\"es-AR\",\"@id\":\"https:\\\/\\\/aldiachaco.com.ar\\\/#\\\/schema\\\/logo\\\/image\\\/\",\"url\":\"https:\\\/\\\/aldiachaco.com.ar\\\/wp-content\\\/uploads\\\/2017\\\/11\\\/AL-DIA-CHACO-L@2x.png\",\"contentUrl\":\"https:\\\/\\\/aldiachaco.com.ar\\\/wp-content\\\/uploads\\\/2017\\\/11\\\/AL-DIA-CHACO-L@2x.png\",\"width\":232,\"height\":60,\"caption\":\"Al Dia Chaco\"},\"image\":{\"@id\":\"https:\\\/\\\/aldiachaco.com.ar\\\/#\\\/schema\\\/logo\\\/image\\\/\"}},{\"@type\":\"Person\",\"@id\":\"https:\\\/\\\/aldiachaco.com.ar\\\/#\\\/schema\\\/person\\\/b24e975af8022082f5889a7a7299e962\",\"name\":\"RedaccionRM\",\"image\":{\"@type\":\"ImageObject\",\"inLanguage\":\"es-AR\",\"@id\":\"https:\\\/\\\/aldiachaco.com.ar\\\/wp-content\\\/litespeed\\\/avatar\\\/a30118fcb7a6295303f1c91164c6aba1.jpg?ver=1777339088\",\"url\":\"https:\\\/\\\/aldiachaco.com.ar\\\/wp-content\\\/litespeed\\\/avatar\\\/a30118fcb7a6295303f1c91164c6aba1.jpg?ver=1777339088\",\"contentUrl\":\"https:\\\/\\\/aldiachaco.com.ar\\\/wp-content\\\/litespeed\\\/avatar\\\/a30118fcb7a6295303f1c91164c6aba1.jpg?ver=1777339088\",\"caption\":\"RedaccionRM\"},\"url\":\"https:\\\/\\\/aldiachaco.com.ar\\\/index.php\\\/author\\\/redaccionrm\\\/\"}]}<\/script>\n<!-- \/ Yoast SEO plugin. -->","yoast_head_json":{"title":"Orgullo chaque\u00f1o: el gobernador Zdero recibi\u00f3 al grupo Trinar tras su destacada actuaci\u00f3n en Cosqu\u00edn | Al Dia Chaco","robots":{"index":"index","follow":"follow","max-snippet":"max-snippet:-1","max-image-preview":"max-image-preview:large","max-video-preview":"max-video-preview:-1"},"canonical":"https:\/\/aldiachaco.com.ar\/index.php\/2026\/02\/13\/orgullo-chaqueno-el-gobernador-zdero-recibio-al-grupo-trinar-tras-su-destacada-actuacion-en-cosquin\/","og_locale":"es_ES","og_type":"article","og_title":"Orgullo chaque\u00f1o: el gobernador Zdero recibi\u00f3 al grupo Trinar tras su destacada actuaci\u00f3n en Cosqu\u00edn | Al Dia Chaco","og_description":"El gobernador Leandro Zdero recibi\u00f3 este viernes en Casa de Gobierno a los integrantes del grupo folkl\u00f3rico Trinar, oriundo de Resistencia, tras su participaci\u00f3n en la 66\u00b0 edici\u00f3n del Festival Nacional de Folklore de Cosqu\u00edn. La agrupaci\u00f3n se present\u00f3 en el escenario mayor luego de consagrarse en la categor\u00eda &#8220;Conjunto Vocal&#8221; del Pre-Cosqu\u00edn. Durante el &hellip;","og_url":"https:\/\/aldiachaco.com.ar\/index.php\/2026\/02\/13\/orgullo-chaqueno-el-gobernador-zdero-recibio-al-grupo-trinar-tras-su-destacada-actuacion-en-cosquin\/","og_site_name":"Al Dia Chaco","article_published_time":"2026-02-14T01:18:49+00:00","og_image":[{"width":2560,"height":1790,"url":"https:\/\/aldiachaco.com.ar\/wp-content\/uploads\/2026\/02\/WhatsApp-Image-2026-02-13-at-21.24.16-scaled.jpeg","type":"image\/jpeg"}],"author":"RedaccionRM","twitter_card":"summary_large_image","twitter_misc":{"Escrito por":"RedaccionRM","Tiempo de lectura":"3 minutos"},"schema":{"@context":"https:\/\/schema.org","@graph":[{"@type":"Article","@id":"https:\/\/aldiachaco.com.ar\/index.php\/2026\/02\/13\/orgullo-chaqueno-el-gobernador-zdero-recibio-al-grupo-trinar-tras-su-destacada-actuacion-en-cosquin\/#article","isPartOf":{"@id":"https:\/\/aldiachaco.com.ar\/index.php\/2026\/02\/13\/orgullo-chaqueno-el-gobernador-zdero-recibio-al-grupo-trinar-tras-su-destacada-actuacion-en-cosquin\/"},"author":{"name":"RedaccionRM","@id":"https:\/\/aldiachaco.com.ar\/#\/schema\/person\/b24e975af8022082f5889a7a7299e962"},"headline":"Orgullo chaque\u00f1o: el gobernador Zdero recibi\u00f3 al grupo Trinar tras su destacada actuaci\u00f3n en Cosqu\u00edn","datePublished":"2026-02-14T01:18:49+00:00","mainEntityOfPage":{"@id":"https:\/\/aldiachaco.com.ar\/index.php\/2026\/02\/13\/orgullo-chaqueno-el-gobernador-zdero-recibio-al-grupo-trinar-tras-su-destacada-actuacion-en-cosquin\/"},"wordCount":401,"commentCount":0,"publisher":{"@id":"https:\/\/aldiachaco.com.ar\/#organization"},"image":{"@id":"https:\/\/aldiachaco.com.ar\/index.php\/2026\/02\/13\/orgullo-chaqueno-el-gobernador-zdero-recibio-al-grupo-trinar-tras-su-destacada-actuacion-en-cosquin\/#primaryimage"},"thumbnailUrl":"https:\/\/aldiachaco.com.ar\/wp-content\/uploads\/2026\/02\/WhatsApp-Image-2026-02-13-at-21.24.16-scaled.jpeg","articleSection":["Cultura"],"inLanguage":"es-AR","potentialAction":[{"@type":"CommentAction","name":"Comment","target":["https:\/\/aldiachaco.com.ar\/index.php\/2026\/02\/13\/orgullo-chaqueno-el-gobernador-zdero-recibio-al-grupo-trinar-tras-su-destacada-actuacion-en-cosquin\/#respond"]}]},{"@type":"WebPage","@id":"https:\/\/aldiachaco.com.ar\/index.php\/2026\/02\/13\/orgullo-chaqueno-el-gobernador-zdero-recibio-al-grupo-trinar-tras-su-destacada-actuacion-en-cosquin\/","url":"https:\/\/aldiachaco.com.ar\/index.php\/2026\/02\/13\/orgullo-chaqueno-el-gobernador-zdero-recibio-al-grupo-trinar-tras-su-destacada-actuacion-en-cosquin\/","name":"Orgullo chaque\u00f1o: el gobernador Zdero recibi\u00f3 al grupo Trinar tras su destacada actuaci\u00f3n en Cosqu\u00edn | Al Dia Chaco","isPartOf":{"@id":"https:\/\/aldiachaco.com.ar\/#website"},"primaryImageOfPage":{"@id":"https:\/\/aldiachaco.com.ar\/index.php\/2026\/02\/13\/orgullo-chaqueno-el-gobernador-zdero-recibio-al-grupo-trinar-tras-su-destacada-actuacion-en-cosquin\/#primaryimage"},"image":{"@id":"https:\/\/aldiachaco.com.ar\/index.php\/2026\/02\/13\/orgullo-chaqueno-el-gobernador-zdero-recibio-al-grupo-trinar-tras-su-destacada-actuacion-en-cosquin\/#primaryimage"},"thumbnailUrl":"https:\/\/aldiachaco.com.ar\/wp-content\/uploads\/2026\/02\/WhatsApp-Image-2026-02-13-at-21.24.16-scaled.jpeg","datePublished":"2026-02-14T01:18:49+00:00","breadcrumb":{"@id":"https:\/\/aldiachaco.com.ar\/index.php\/2026\/02\/13\/orgullo-chaqueno-el-gobernador-zdero-recibio-al-grupo-trinar-tras-su-destacada-actuacion-en-cosquin\/#breadcrumb"},"inLanguage":"es-AR","potentialAction":[{"@type":"ReadAction","target":["https:\/\/aldiachaco.com.ar\/index.php\/2026\/02\/13\/orgullo-chaqueno-el-gobernador-zdero-recibio-al-grupo-trinar-tras-su-destacada-actuacion-en-cosquin\/"]}]},{"@type":"ImageObject","inLanguage":"es-AR","@id":"https:\/\/aldiachaco.com.ar\/index.php\/2026\/02\/13\/orgullo-chaqueno-el-gobernador-zdero-recibio-al-grupo-trinar-tras-su-destacada-actuacion-en-cosquin\/#primaryimage","url":"https:\/\/aldiachaco.com.ar\/wp-content\/uploads\/2026\/02\/WhatsApp-Image-2026-02-13-at-21.24.16-scaled.jpeg","contentUrl":"https:\/\/aldiachaco.com.ar\/wp-content\/uploads\/2026\/02\/WhatsApp-Image-2026-02-13-at-21.24.16-scaled.jpeg","width":2560,"height":1790},{"@type":"BreadcrumbList","@id":"https:\/\/aldiachaco.com.ar\/index.php\/2026\/02\/13\/orgullo-chaqueno-el-gobernador-zdero-recibio-al-grupo-trinar-tras-su-destacada-actuacion-en-cosquin\/#breadcrumb","itemListElement":[{"@type":"ListItem","position":1,"name":"Home","item":"https:\/\/aldiachaco.com.ar\/"},{"@type":"ListItem","position":2,"name":"Orgullo chaque\u00f1o: el gobernador Zdero recibi\u00f3 al grupo Trinar tras su destacada actuaci\u00f3n en Cosqu\u00edn"}]},{"@type":"WebSite","@id":"https:\/\/aldiachaco.com.ar\/#website","url":"https:\/\/aldiachaco.com.ar\/","name":"Al Dia Chaco","description":"Noticias del Chaco y el mundo","publisher":{"@id":"https:\/\/aldiachaco.com.ar\/#organization"},"alternateName":"Al D\u00eda Chaco","potentialAction":[{"@type":"SearchAction","target":{"@type":"EntryPoint","urlTemplate":"https:\/\/aldiachaco.com.ar\/?s={search_term_string}"},"query-input":{"@type":"PropertyValueSpecification","valueRequired":true,"valueName":"search_term_string"}}],"inLanguage":"es-AR"},{"@type":"Organization","@id":"https:\/\/aldiachaco.com.ar\/#organization","name":"Al Dia Chaco","url":"https:\/\/aldiachaco.com.ar\/","logo":{"@type":"ImageObject","inLanguage":"es-AR","@id":"https:\/\/aldiachaco.com.ar\/#\/schema\/logo\/image\/","url":"https:\/\/aldiachaco.com.ar\/wp-content\/uploads\/2017\/11\/AL-DIA-CHACO-L@2x.png","contentUrl":"https:\/\/aldiachaco.com.ar\/wp-content\/uploads\/2017\/11\/AL-DIA-CHACO-L@2x.png","width":232,"height":60,"caption":"Al Dia Chaco"},"image":{"@id":"https:\/\/aldiachaco.com.ar\/#\/schema\/logo\/image\/"}},{"@type":"Person","@id":"https:\/\/aldiachaco.com.ar\/#\/schema\/person\/b24e975af8022082f5889a7a7299e962","name":"RedaccionRM","image":{"@type":"ImageObject","inLanguage":"es-AR","@id":"https:\/\/aldiachaco.com.ar\/wp-content\/litespeed\/avatar\/a30118fcb7a6295303f1c91164c6aba1.jpg?ver=1777339088","url":"https:\/\/aldiachaco.com.ar\/wp-content\/litespeed\/avatar\/a30118fcb7a6295303f1c91164c6aba1.jpg?ver=1777339088","contentUrl":"https:\/\/aldiachaco.com.ar\/wp-content\/litespeed\/avatar\/a30118fcb7a6295303f1c91164c6aba1.jpg?ver=1777339088","caption":"RedaccionRM"},"url":"https:\/\/aldiachaco.com.ar\/index.php\/author\/redaccionrm\/"}]}},"jetpack_publicize_connections":[],"jetpack_featured_media_url":"https:\/\/aldiachaco.com.ar\/wp-content\/uploads\/2026\/02\/WhatsApp-Image-2026-02-13-at-21.24.16-scaled.jpeg","jetpack_sharing_enabled":true,"amp_enabled":true,"_links":{"self":[{"href":"https:\/\/aldiachaco.com.ar\/index.php\/wp-json\/wp\/v2\/posts\/116997","targetHints":{"allow":["GET"]}}],"collection":[{"href":"https:\/\/aldiachaco.com.ar\/index.php\/wp-json\/wp\/v2\/posts"}],"about":[{"href":"https:\/\/aldiachaco.com.ar\/index.php\/wp-json\/wp\/v2\/types\/post"}],"author":[{"embeddable":true,"href":"https:\/\/aldiachaco.com.ar\/index.php\/wp-json\/wp\/v2\/users\/9"}],"replies":[{"embeddable":true,"href":"https:\/\/aldiachaco.com.ar\/index.php\/wp-json\/wp\/v2\/comments?post=116997"}],"version-history":[{"count":1,"href":"https:\/\/aldiachaco.com.ar\/index.php\/wp-json\/wp\/v2\/posts\/116997\/revisions"}],"predecessor-version":[{"id":117002,"href":"https:\/\/aldiachaco.com.ar\/index.php\/wp-json\/wp\/v2\/posts\/116997\/revisions\/117002"}],"wp:featuredmedia":[{"embeddable":true,"href":"https:\/\/aldiachaco.com.ar\/index.php\/wp-json\/wp\/v2\/media\/117001"}],"wp:attachment":[{"href":"https:\/\/aldiachaco.com.ar\/index.php\/wp-json\/wp\/v2\/media?parent=116997"}],"wp:term":[{"taxonomy":"category","embeddable":true,"href":"https:\/\/aldiachaco.com.ar\/index.php\/wp-json\/wp\/v2\/categories?post=116997"},{"taxonomy":"post_tag","embeddable":true,"href":"https:\/\/aldiachaco.com.ar\/index.php\/wp-json\/wp\/v2\/tags?post=116997"}],"curies":[{"name":"wp","href":"https:\/\/api.w.org\/{rel}","templated":true}]}}