{"id":116985,"date":"2026-02-13T14:31:44","date_gmt":"2026-02-13T17:31:44","guid":{"rendered":"https:\/\/aldiachaco.com.ar\/?p=116985"},"modified":"2026-02-13T14:31:44","modified_gmt":"2026-02-13T17:31:44","slug":"multiples-heridos-tras-un-choque-entre-un-colectivo-y-un-camion-en-el-macrocentro-de-resistencia","status":"publish","type":"post","link":"https:\/\/aldiachaco.com.ar\/index.php\/2026\/02\/13\/multiples-heridos-tras-un-choque-entre-un-colectivo-y-un-camion-en-el-macrocentro-de-resistencia\/","title":{"rendered":"M\u00faltiples heridos tras un choque entre un colectivo y un cami\u00f3n en el macrocentro de Resistencia"},"content":{"rendered":"<p>Un siniestro vial ocurrido este mediod\u00eda en la intersecci\u00f3n de las calles Julio Tort y Obligado dej\u00f3 al menos siete personas heridas. El accidente involucr\u00f3 a un cami\u00f3n de una empresa de log\u00edstica y un colectivo Mercedes-Benz, por causas que a\u00fan se investigan.<\/p>\n<p>&nbsp;<\/p>\n<p>El hecho se produjo alrededor de las 12:30. A ra\u00edz del impacto, tanto los ocupantes del cami\u00f3n como varios pasajeros del transporte p\u00fablico resultaron con lesiones de diversa consideraci\u00f3n.<\/p>\n<p>&nbsp;<\/p>\n<p>El conductor del cami\u00f3n, de 31 a\u00f1os, y su acompa\u00f1ante, de 48, fueron trasladados de urgencia al Hospital Perrando. Tambi\u00e9n un pasajero del colectivo, de 53 a\u00f1os, fue derivado al mismo centro asistencial por el servicio de emergencias EME.<\/p>\n<p>&nbsp;<\/p>\n<p>Minutos despu\u00e9s del accidente, otras pasajeras que se hab\u00edan retirado del lugar por sus propios medios llegaron a la guardia del hospital. Seg\u00fan los partes m\u00e9dicos, una mujer de 50 a\u00f1os sufri\u00f3 traumatismos en el brazo y la rodilla izquierda, mientras que otra de 38 a\u00f1os presenta traumatismo enc\u00e9falo craneano (TEC) leve y traumatismo cervical.<\/p>\n<p>&nbsp;<\/p>\n<p>El resto de los pasajeros, entre ellos una menor de 5 a\u00f1os y otras tres mujeres, fueron asistidos en el lugar y dados de alta al no presentar heridas de gravedad.<\/p>\n<p>&nbsp;<\/p>\n<p>En el operativo trabajaron ambulancias del servicio de emergencias, personal de la Comisar\u00eda Primera Metropolitana, la Divisi\u00f3n Criminal\u00edstica y la Divisi\u00f3n Patrulla Preventiva. El tr\u00e1nsito permaneci\u00f3 interrumpido en la zona mientras se realizaban las pericias de rigor.<\/p>\n","protected":false},"excerpt":{"rendered":"<p>Un siniestro vial ocurrido este mediod\u00eda en la intersecci\u00f3n de las calles Julio Tort y Obligado dej\u00f3 al menos siete personas heridas. El accidente involucr\u00f3 a un cami\u00f3n de una empresa de log\u00edstica y un colectivo Mercedes-Benz, por causas que a\u00fan se investigan. &nbsp; El hecho se produjo alrededor de las 12:30. A ra\u00edz del &hellip;<\/p>\n","protected":false},"author":9,"featured_media":116986,"comment_status":"open","ping_status":"open","sticky":false,"template":"","format":"standard","meta":{"content-type":"","_monsterinsights_skip_tracking":false,"_monsterinsights_sitenote_active":false,"_monsterinsights_sitenote_note":"","_monsterinsights_sitenote_category":0,"_jetpack_memberships_contains_paid_content":false,"footnotes":"","jetpack_publicize_message":"","jetpack_publicize_feature_enabled":true,"jetpack_social_post_already_shared":true,"jetpack_social_options":{"image_generator_settings":{"template":"highway","default_image_id":0,"font":"","enabled":false},"version":2}},"categories":[86],"tags":[],"class_list":["post-116985","post","type-post","status-publish","format-standard","has-post-thumbnail","hentry","category-policiales"],"yoast_head":"<!-- This site is optimized with the Yoast SEO plugin v27.4 - https:\/\/yoast.com\/product\/yoast-seo-wordpress\/ -->\n<title>M\u00faltiples heridos tras un choque entre un colectivo y un cami\u00f3n en el macrocentro de Resistencia | Al Dia Chaco<\/title>\n<meta name=\"robots\" content=\"index, follow, max-snippet:-1, max-image-preview:large, max-video-preview:-1\" \/>\n<link rel=\"canonical\" href=\"https:\/\/aldiachaco.com.ar\/index.php\/2026\/02\/13\/multiples-heridos-tras-un-choque-entre-un-colectivo-y-un-camion-en-el-macrocentro-de-resistencia\/\" \/>\n<meta property=\"og:locale\" content=\"es_ES\" \/>\n<meta property=\"og:type\" content=\"article\" \/>\n<meta property=\"og:title\" content=\"M\u00faltiples heridos tras un choque entre un colectivo y un cami\u00f3n en el macrocentro de Resistencia | Al Dia Chaco\" \/>\n<meta property=\"og:description\" content=\"Un siniestro vial ocurrido este mediod\u00eda en la intersecci\u00f3n de las calles Julio Tort y Obligado dej\u00f3 al menos siete personas heridas. El accidente involucr\u00f3 a un cami\u00f3n de una empresa de log\u00edstica y un colectivo Mercedes-Benz, por causas que a\u00fan se investigan. &nbsp; El hecho se produjo alrededor de las 12:30. A ra\u00edz del &hellip;\" \/>\n<meta property=\"og:url\" content=\"https:\/\/aldiachaco.com.ar\/index.php\/2026\/02\/13\/multiples-heridos-tras-un-choque-entre-un-colectivo-y-un-camion-en-el-macrocentro-de-resistencia\/\" \/>\n<meta property=\"og:site_name\" content=\"Al Dia Chaco\" \/>\n<meta property=\"article:published_time\" content=\"2026-02-13T17:31:44+00:00\" \/>\n<meta property=\"og:image\" content=\"https:\/\/aldiachaco.com.ar\/wp-content\/uploads\/2026\/02\/IMG-20260213-WA0133.jpg\" \/>\n\t<meta property=\"og:image:width\" content=\"1600\" \/>\n\t<meta property=\"og:image:height\" content=\"900\" \/>\n\t<meta property=\"og:image:type\" content=\"image\/jpeg\" \/>\n<meta name=\"author\" content=\"RedaccionRM\" \/>\n<meta name=\"twitter:card\" content=\"summary_large_image\" \/>\n<meta name=\"twitter:label1\" content=\"Escrito por\" \/>\n\t<meta name=\"twitter:data1\" content=\"RedaccionRM\" \/>\n\t<meta name=\"twitter:label2\" content=\"Tiempo de lectura\" \/>\n\t<meta name=\"twitter:data2\" content=\"2 minutos\" \/>\n<script type=\"application\/ld+json\" class=\"yoast-schema-graph\">{\"@context\":\"https:\\\/\\\/schema.org\",\"@graph\":[{\"@type\":\"Article\",\"@id\":\"https:\\\/\\\/aldiachaco.com.ar\\\/index.php\\\/2026\\\/02\\\/13\\\/multiples-heridos-tras-un-choque-entre-un-colectivo-y-un-camion-en-el-macrocentro-de-resistencia\\\/#article\",\"isPartOf\":{\"@id\":\"https:\\\/\\\/aldiachaco.com.ar\\\/index.php\\\/2026\\\/02\\\/13\\\/multiples-heridos-tras-un-choque-entre-un-colectivo-y-un-camion-en-el-macrocentro-de-resistencia\\\/\"},\"author\":{\"name\":\"RedaccionRM\",\"@id\":\"https:\\\/\\\/aldiachaco.com.ar\\\/#\\\/schema\\\/person\\\/b24e975af8022082f5889a7a7299e962\"},\"headline\":\"M\u00faltiples heridos tras un choque entre un colectivo y un cami\u00f3n en el macrocentro de Resistencia\",\"datePublished\":\"2026-02-13T17:31:44+00:00\",\"mainEntityOfPage\":{\"@id\":\"https:\\\/\\\/aldiachaco.com.ar\\\/index.php\\\/2026\\\/02\\\/13\\\/multiples-heridos-tras-un-choque-entre-un-colectivo-y-un-camion-en-el-macrocentro-de-resistencia\\\/\"},\"wordCount\":277,\"commentCount\":0,\"publisher\":{\"@id\":\"https:\\\/\\\/aldiachaco.com.ar\\\/#organization\"},\"image\":{\"@id\":\"https:\\\/\\\/aldiachaco.com.ar\\\/index.php\\\/2026\\\/02\\\/13\\\/multiples-heridos-tras-un-choque-entre-un-colectivo-y-un-camion-en-el-macrocentro-de-resistencia\\\/#primaryimage\"},\"thumbnailUrl\":\"https:\\\/\\\/aldiachaco.com.ar\\\/wp-content\\\/uploads\\\/2026\\\/02\\\/IMG-20260213-WA0133.jpg\",\"articleSection\":[\"Policiales\"],\"inLanguage\":\"es-AR\",\"potentialAction\":[{\"@type\":\"CommentAction\",\"name\":\"Comment\",\"target\":[\"https:\\\/\\\/aldiachaco.com.ar\\\/index.php\\\/2026\\\/02\\\/13\\\/multiples-heridos-tras-un-choque-entre-un-colectivo-y-un-camion-en-el-macrocentro-de-resistencia\\\/#respond\"]}]},{\"@type\":\"WebPage\",\"@id\":\"https:\\\/\\\/aldiachaco.com.ar\\\/index.php\\\/2026\\\/02\\\/13\\\/multiples-heridos-tras-un-choque-entre-un-colectivo-y-un-camion-en-el-macrocentro-de-resistencia\\\/\",\"url\":\"https:\\\/\\\/aldiachaco.com.ar\\\/index.php\\\/2026\\\/02\\\/13\\\/multiples-heridos-tras-un-choque-entre-un-colectivo-y-un-camion-en-el-macrocentro-de-resistencia\\\/\",\"name\":\"M\u00faltiples heridos tras un choque entre un colectivo y un cami\u00f3n en el macrocentro de Resistencia | Al Dia Chaco\",\"isPartOf\":{\"@id\":\"https:\\\/\\\/aldiachaco.com.ar\\\/#website\"},\"primaryImageOfPage\":{\"@id\":\"https:\\\/\\\/aldiachaco.com.ar\\\/index.php\\\/2026\\\/02\\\/13\\\/multiples-heridos-tras-un-choque-entre-un-colectivo-y-un-camion-en-el-macrocentro-de-resistencia\\\/#primaryimage\"},\"image\":{\"@id\":\"https:\\\/\\\/aldiachaco.com.ar\\\/index.php\\\/2026\\\/02\\\/13\\\/multiples-heridos-tras-un-choque-entre-un-colectivo-y-un-camion-en-el-macrocentro-de-resistencia\\\/#primaryimage\"},\"thumbnailUrl\":\"https:\\\/\\\/aldiachaco.com.ar\\\/wp-content\\\/uploads\\\/2026\\\/02\\\/IMG-20260213-WA0133.jpg\",\"datePublished\":\"2026-02-13T17:31:44+00:00\",\"breadcrumb\":{\"@id\":\"https:\\\/\\\/aldiachaco.com.ar\\\/index.php\\\/2026\\\/02\\\/13\\\/multiples-heridos-tras-un-choque-entre-un-colectivo-y-un-camion-en-el-macrocentro-de-resistencia\\\/#breadcrumb\"},\"inLanguage\":\"es-AR\",\"potentialAction\":[{\"@type\":\"ReadAction\",\"target\":[\"https:\\\/\\\/aldiachaco.com.ar\\\/index.php\\\/2026\\\/02\\\/13\\\/multiples-heridos-tras-un-choque-entre-un-colectivo-y-un-camion-en-el-macrocentro-de-resistencia\\\/\"]}]},{\"@type\":\"ImageObject\",\"inLanguage\":\"es-AR\",\"@id\":\"https:\\\/\\\/aldiachaco.com.ar\\\/index.php\\\/2026\\\/02\\\/13\\\/multiples-heridos-tras-un-choque-entre-un-colectivo-y-un-camion-en-el-macrocentro-de-resistencia\\\/#primaryimage\",\"url\":\"https:\\\/\\\/aldiachaco.com.ar\\\/wp-content\\\/uploads\\\/2026\\\/02\\\/IMG-20260213-WA0133.jpg\",\"contentUrl\":\"https:\\\/\\\/aldiachaco.com.ar\\\/wp-content\\\/uploads\\\/2026\\\/02\\\/IMG-20260213-WA0133.jpg\",\"width\":1600,\"height\":900},{\"@type\":\"BreadcrumbList\",\"@id\":\"https:\\\/\\\/aldiachaco.com.ar\\\/index.php\\\/2026\\\/02\\\/13\\\/multiples-heridos-tras-un-choque-entre-un-colectivo-y-un-camion-en-el-macrocentro-de-resistencia\\\/#breadcrumb\",\"itemListElement\":[{\"@type\":\"ListItem\",\"position\":1,\"name\":\"Home\",\"item\":\"https:\\\/\\\/aldiachaco.com.ar\\\/\"},{\"@type\":\"ListItem\",\"position\":2,\"name\":\"M\u00faltiples heridos tras un choque entre un colectivo y un cami\u00f3n en el macrocentro de Resistencia\"}]},{\"@type\":\"WebSite\",\"@id\":\"https:\\\/\\\/aldiachaco.com.ar\\\/#website\",\"url\":\"https:\\\/\\\/aldiachaco.com.ar\\\/\",\"name\":\"Al Dia Chaco\",\"description\":\"Noticias del Chaco y el mundo\",\"publisher\":{\"@id\":\"https:\\\/\\\/aldiachaco.com.ar\\\/#organization\"},\"alternateName\":\"Al D\u00eda Chaco\",\"potentialAction\":[{\"@type\":\"SearchAction\",\"target\":{\"@type\":\"EntryPoint\",\"urlTemplate\":\"https:\\\/\\\/aldiachaco.com.ar\\\/?s={search_term_string}\"},\"query-input\":{\"@type\":\"PropertyValueSpecification\",\"valueRequired\":true,\"valueName\":\"search_term_string\"}}],\"inLanguage\":\"es-AR\"},{\"@type\":\"Organization\",\"@id\":\"https:\\\/\\\/aldiachaco.com.ar\\\/#organization\",\"name\":\"Al Dia Chaco\",\"url\":\"https:\\\/\\\/aldiachaco.com.ar\\\/\",\"logo\":{\"@type\":\"ImageObject\",\"inLanguage\":\"es-AR\",\"@id\":\"https:\\\/\\\/aldiachaco.com.ar\\\/#\\\/schema\\\/logo\\\/image\\\/\",\"url\":\"https:\\\/\\\/aldiachaco.com.ar\\\/wp-content\\\/uploads\\\/2017\\\/11\\\/AL-DIA-CHACO-L@2x.png\",\"contentUrl\":\"https:\\\/\\\/aldiachaco.com.ar\\\/wp-content\\\/uploads\\\/2017\\\/11\\\/AL-DIA-CHACO-L@2x.png\",\"width\":232,\"height\":60,\"caption\":\"Al Dia Chaco\"},\"image\":{\"@id\":\"https:\\\/\\\/aldiachaco.com.ar\\\/#\\\/schema\\\/logo\\\/image\\\/\"}},{\"@type\":\"Person\",\"@id\":\"https:\\\/\\\/aldiachaco.com.ar\\\/#\\\/schema\\\/person\\\/b24e975af8022082f5889a7a7299e962\",\"name\":\"RedaccionRM\",\"image\":{\"@type\":\"ImageObject\",\"inLanguage\":\"es-AR\",\"@id\":\"https:\\\/\\\/aldiachaco.com.ar\\\/wp-content\\\/litespeed\\\/avatar\\\/a30118fcb7a6295303f1c91164c6aba1.jpg?ver=1777339088\",\"url\":\"https:\\\/\\\/aldiachaco.com.ar\\\/wp-content\\\/litespeed\\\/avatar\\\/a30118fcb7a6295303f1c91164c6aba1.jpg?ver=1777339088\",\"contentUrl\":\"https:\\\/\\\/aldiachaco.com.ar\\\/wp-content\\\/litespeed\\\/avatar\\\/a30118fcb7a6295303f1c91164c6aba1.jpg?ver=1777339088\",\"caption\":\"RedaccionRM\"},\"url\":\"https:\\\/\\\/aldiachaco.com.ar\\\/index.php\\\/author\\\/redaccionrm\\\/\"}]}<\/script>\n<!-- \/ Yoast SEO plugin. -->","yoast_head_json":{"title":"M\u00faltiples heridos tras un choque entre un colectivo y un cami\u00f3n en el macrocentro de Resistencia | Al Dia Chaco","robots":{"index":"index","follow":"follow","max-snippet":"max-snippet:-1","max-image-preview":"max-image-preview:large","max-video-preview":"max-video-preview:-1"},"canonical":"https:\/\/aldiachaco.com.ar\/index.php\/2026\/02\/13\/multiples-heridos-tras-un-choque-entre-un-colectivo-y-un-camion-en-el-macrocentro-de-resistencia\/","og_locale":"es_ES","og_type":"article","og_title":"M\u00faltiples heridos tras un choque entre un colectivo y un cami\u00f3n en el macrocentro de Resistencia | Al Dia Chaco","og_description":"Un siniestro vial ocurrido este mediod\u00eda en la intersecci\u00f3n de las calles Julio Tort y Obligado dej\u00f3 al menos siete personas heridas. El accidente involucr\u00f3 a un cami\u00f3n de una empresa de log\u00edstica y un colectivo Mercedes-Benz, por causas que a\u00fan se investigan. &nbsp; El hecho se produjo alrededor de las 12:30. A ra\u00edz del &hellip;","og_url":"https:\/\/aldiachaco.com.ar\/index.php\/2026\/02\/13\/multiples-heridos-tras-un-choque-entre-un-colectivo-y-un-camion-en-el-macrocentro-de-resistencia\/","og_site_name":"Al Dia Chaco","article_published_time":"2026-02-13T17:31:44+00:00","og_image":[{"width":1600,"height":900,"url":"https:\/\/aldiachaco.com.ar\/wp-content\/uploads\/2026\/02\/IMG-20260213-WA0133.jpg","type":"image\/jpeg"}],"author":"RedaccionRM","twitter_card":"summary_large_image","twitter_misc":{"Escrito por":"RedaccionRM","Tiempo de lectura":"2 minutos"},"schema":{"@context":"https:\/\/schema.org","@graph":[{"@type":"Article","@id":"https:\/\/aldiachaco.com.ar\/index.php\/2026\/02\/13\/multiples-heridos-tras-un-choque-entre-un-colectivo-y-un-camion-en-el-macrocentro-de-resistencia\/#article","isPartOf":{"@id":"https:\/\/aldiachaco.com.ar\/index.php\/2026\/02\/13\/multiples-heridos-tras-un-choque-entre-un-colectivo-y-un-camion-en-el-macrocentro-de-resistencia\/"},"author":{"name":"RedaccionRM","@id":"https:\/\/aldiachaco.com.ar\/#\/schema\/person\/b24e975af8022082f5889a7a7299e962"},"headline":"M\u00faltiples heridos tras un choque entre un colectivo y un cami\u00f3n en el macrocentro de Resistencia","datePublished":"2026-02-13T17:31:44+00:00","mainEntityOfPage":{"@id":"https:\/\/aldiachaco.com.ar\/index.php\/2026\/02\/13\/multiples-heridos-tras-un-choque-entre-un-colectivo-y-un-camion-en-el-macrocentro-de-resistencia\/"},"wordCount":277,"commentCount":0,"publisher":{"@id":"https:\/\/aldiachaco.com.ar\/#organization"},"image":{"@id":"https:\/\/aldiachaco.com.ar\/index.php\/2026\/02\/13\/multiples-heridos-tras-un-choque-entre-un-colectivo-y-un-camion-en-el-macrocentro-de-resistencia\/#primaryimage"},"thumbnailUrl":"https:\/\/aldiachaco.com.ar\/wp-content\/uploads\/2026\/02\/IMG-20260213-WA0133.jpg","articleSection":["Policiales"],"inLanguage":"es-AR","potentialAction":[{"@type":"CommentAction","name":"Comment","target":["https:\/\/aldiachaco.com.ar\/index.php\/2026\/02\/13\/multiples-heridos-tras-un-choque-entre-un-colectivo-y-un-camion-en-el-macrocentro-de-resistencia\/#respond"]}]},{"@type":"WebPage","@id":"https:\/\/aldiachaco.com.ar\/index.php\/2026\/02\/13\/multiples-heridos-tras-un-choque-entre-un-colectivo-y-un-camion-en-el-macrocentro-de-resistencia\/","url":"https:\/\/aldiachaco.com.ar\/index.php\/2026\/02\/13\/multiples-heridos-tras-un-choque-entre-un-colectivo-y-un-camion-en-el-macrocentro-de-resistencia\/","name":"M\u00faltiples heridos tras un choque entre un colectivo y un cami\u00f3n en el macrocentro de Resistencia | Al Dia Chaco","isPartOf":{"@id":"https:\/\/aldiachaco.com.ar\/#website"},"primaryImageOfPage":{"@id":"https:\/\/aldiachaco.com.ar\/index.php\/2026\/02\/13\/multiples-heridos-tras-un-choque-entre-un-colectivo-y-un-camion-en-el-macrocentro-de-resistencia\/#primaryimage"},"image":{"@id":"https:\/\/aldiachaco.com.ar\/index.php\/2026\/02\/13\/multiples-heridos-tras-un-choque-entre-un-colectivo-y-un-camion-en-el-macrocentro-de-resistencia\/#primaryimage"},"thumbnailUrl":"https:\/\/aldiachaco.com.ar\/wp-content\/uploads\/2026\/02\/IMG-20260213-WA0133.jpg","datePublished":"2026-02-13T17:31:44+00:00","breadcrumb":{"@id":"https:\/\/aldiachaco.com.ar\/index.php\/2026\/02\/13\/multiples-heridos-tras-un-choque-entre-un-colectivo-y-un-camion-en-el-macrocentro-de-resistencia\/#breadcrumb"},"inLanguage":"es-AR","potentialAction":[{"@type":"ReadAction","target":["https:\/\/aldiachaco.com.ar\/index.php\/2026\/02\/13\/multiples-heridos-tras-un-choque-entre-un-colectivo-y-un-camion-en-el-macrocentro-de-resistencia\/"]}]},{"@type":"ImageObject","inLanguage":"es-AR","@id":"https:\/\/aldiachaco.com.ar\/index.php\/2026\/02\/13\/multiples-heridos-tras-un-choque-entre-un-colectivo-y-un-camion-en-el-macrocentro-de-resistencia\/#primaryimage","url":"https:\/\/aldiachaco.com.ar\/wp-content\/uploads\/2026\/02\/IMG-20260213-WA0133.jpg","contentUrl":"https:\/\/aldiachaco.com.ar\/wp-content\/uploads\/2026\/02\/IMG-20260213-WA0133.jpg","width":1600,"height":900},{"@type":"BreadcrumbList","@id":"https:\/\/aldiachaco.com.ar\/index.php\/2026\/02\/13\/multiples-heridos-tras-un-choque-entre-un-colectivo-y-un-camion-en-el-macrocentro-de-resistencia\/#breadcrumb","itemListElement":[{"@type":"ListItem","position":1,"name":"Home","item":"https:\/\/aldiachaco.com.ar\/"},{"@type":"ListItem","position":2,"name":"M\u00faltiples heridos tras un choque entre un colectivo y un cami\u00f3n en el macrocentro de Resistencia"}]},{"@type":"WebSite","@id":"https:\/\/aldiachaco.com.ar\/#website","url":"https:\/\/aldiachaco.com.ar\/","name":"Al Dia Chaco","description":"Noticias del Chaco y el mundo","publisher":{"@id":"https:\/\/aldiachaco.com.ar\/#organization"},"alternateName":"Al D\u00eda Chaco","potentialAction":[{"@type":"SearchAction","target":{"@type":"EntryPoint","urlTemplate":"https:\/\/aldiachaco.com.ar\/?s={search_term_string}"},"query-input":{"@type":"PropertyValueSpecification","valueRequired":true,"valueName":"search_term_string"}}],"inLanguage":"es-AR"},{"@type":"Organization","@id":"https:\/\/aldiachaco.com.ar\/#organization","name":"Al Dia Chaco","url":"https:\/\/aldiachaco.com.ar\/","logo":{"@type":"ImageObject","inLanguage":"es-AR","@id":"https:\/\/aldiachaco.com.ar\/#\/schema\/logo\/image\/","url":"https:\/\/aldiachaco.com.ar\/wp-content\/uploads\/2017\/11\/AL-DIA-CHACO-L@2x.png","contentUrl":"https:\/\/aldiachaco.com.ar\/wp-content\/uploads\/2017\/11\/AL-DIA-CHACO-L@2x.png","width":232,"height":60,"caption":"Al Dia Chaco"},"image":{"@id":"https:\/\/aldiachaco.com.ar\/#\/schema\/logo\/image\/"}},{"@type":"Person","@id":"https:\/\/aldiachaco.com.ar\/#\/schema\/person\/b24e975af8022082f5889a7a7299e962","name":"RedaccionRM","image":{"@type":"ImageObject","inLanguage":"es-AR","@id":"https:\/\/aldiachaco.com.ar\/wp-content\/litespeed\/avatar\/a30118fcb7a6295303f1c91164c6aba1.jpg?ver=1777339088","url":"https:\/\/aldiachaco.com.ar\/wp-content\/litespeed\/avatar\/a30118fcb7a6295303f1c91164c6aba1.jpg?ver=1777339088","contentUrl":"https:\/\/aldiachaco.com.ar\/wp-content\/litespeed\/avatar\/a30118fcb7a6295303f1c91164c6aba1.jpg?ver=1777339088","caption":"RedaccionRM"},"url":"https:\/\/aldiachaco.com.ar\/index.php\/author\/redaccionrm\/"}]}},"jetpack_publicize_connections":[],"jetpack_featured_media_url":"https:\/\/aldiachaco.com.ar\/wp-content\/uploads\/2026\/02\/IMG-20260213-WA0133.jpg","jetpack_sharing_enabled":true,"amp_enabled":true,"_links":{"self":[{"href":"https:\/\/aldiachaco.com.ar\/index.php\/wp-json\/wp\/v2\/posts\/116985","targetHints":{"allow":["GET"]}}],"collection":[{"href":"https:\/\/aldiachaco.com.ar\/index.php\/wp-json\/wp\/v2\/posts"}],"about":[{"href":"https:\/\/aldiachaco.com.ar\/index.php\/wp-json\/wp\/v2\/types\/post"}],"author":[{"embeddable":true,"href":"https:\/\/aldiachaco.com.ar\/index.php\/wp-json\/wp\/v2\/users\/9"}],"replies":[{"embeddable":true,"href":"https:\/\/aldiachaco.com.ar\/index.php\/wp-json\/wp\/v2\/comments?post=116985"}],"version-history":[{"count":1,"href":"https:\/\/aldiachaco.com.ar\/index.php\/wp-json\/wp\/v2\/posts\/116985\/revisions"}],"predecessor-version":[{"id":116987,"href":"https:\/\/aldiachaco.com.ar\/index.php\/wp-json\/wp\/v2\/posts\/116985\/revisions\/116987"}],"wp:featuredmedia":[{"embeddable":true,"href":"https:\/\/aldiachaco.com.ar\/index.php\/wp-json\/wp\/v2\/media\/116986"}],"wp:attachment":[{"href":"https:\/\/aldiachaco.com.ar\/index.php\/wp-json\/wp\/v2\/media?parent=116985"}],"wp:term":[{"taxonomy":"category","embeddable":true,"href":"https:\/\/aldiachaco.com.ar\/index.php\/wp-json\/wp\/v2\/categories?post=116985"},{"taxonomy":"post_tag","embeddable":true,"href":"https:\/\/aldiachaco.com.ar\/index.php\/wp-json\/wp\/v2\/tags?post=116985"}],"curies":[{"name":"wp","href":"https:\/\/api.w.org\/{rel}","templated":true}]}}