{"id":116981,"date":"2026-02-13T13:39:50","date_gmt":"2026-02-13T16:39:50","guid":{"rendered":"https:\/\/aldiachaco.com.ar\/?p=116981"},"modified":"2026-02-13T13:40:43","modified_gmt":"2026-02-13T16:40:43","slug":"116981","status":"publish","type":"post","link":"https:\/\/aldiachaco.com.ar\/index.php\/2026\/02\/13\/116981\/","title":{"rendered":"Tras la internaci\u00f3n de Luciano Castro, revelan la reacci\u00f3n de Sabrina Rojas y Griselda Siciliani"},"content":{"rendered":"<p class=\"ds-markdown-paragraph\">La noticia de la internaci\u00f3n de Luciano Castro en una cl\u00ednica gener\u00f3 gran conmoci\u00f3n en el ambiente art\u00edstico, y r\u00e1pidamente surgieron versiones sobre c\u00f3mo tomaron la situaci\u00f3n sus exparejas, Sabrina Rojas y Griselda Siciliani.<\/p>\n<p class=\"ds-markdown-paragraph\">Seg\u00fan inform\u00f3 Pepe Ochoa en LAM (Am\u00e9rica TV), Castro habr\u00eda dejado como contacto a su exnovia Griselda Siciliani al ingresar al centro m\u00e9dico. El actor le habr\u00eda anticipado a la actriz que atravesaba un momento muy dif\u00edcil y que evaluaba seriamente internarse. Hasta el momento, se desconoce si ella decidi\u00f3 visitarlo, aunque trascendi\u00f3 que estuvo al tanto de la situaci\u00f3n y que entre ellos persiste un v\u00ednculo de confianza, pese a la separaci\u00f3n.<\/p>\n<p class=\"ds-markdown-paragraph\">Por su parte, Sabrina Rojas, madre de sus hijos Esperanza y Fausto, ten\u00eda previsto viajar a Mar del Plata con los peque\u00f1os, lo que habr\u00eda facilitado que el actor pudiera concentrarse en su tratamiento sin preocupaciones. Si bien no mantienen un di\u00e1logo fluido, allegados aseguraron que en el \u00faltimo tiempo s\u00ed hubo contacto, incluso mediante videollamadas.<\/p>\n<p class=\"ds-markdown-paragraph\">Cuando fue consultada por la internaci\u00f3n del padre de sus hijos, Rojas respondi\u00f3 que no ten\u00eda demasiados detalles, aunque revel\u00f3 que hab\u00eda hablado con \u00e9l d\u00edas antes de tomar la decisi\u00f3n. Adem\u00e1s, en el programa especularon que &#8220;tal vez es una internaci\u00f3n h\u00edbrida donde \u00e9l s\u00ed puede tener contacto con sus dos hijos&#8221;.<\/p>\n<p class=\"ds-markdown-paragraph\">Por el momento, ni Griselda Siciliani ni Sabrina Rojas emitieron declaraciones p\u00fablicas al respecto. La actriz se encuentra filmando la pel\u00edcula Felicidades junto a Adri\u00e1n Suar bajo la direcci\u00f3n de \u00c1lex de la Iglesia, mientras que la modelo vacaciona en la Costa con sus afectos.<\/p>\n<p class=\"ds-markdown-paragraph\">Ambas optan por el silencio y el perfil bajo en medio de la dif\u00edcil situaci\u00f3n que atraviesa su expareja.<\/p>\n","protected":false},"excerpt":{"rendered":"<p>La noticia de la internaci\u00f3n de Luciano Castro en una cl\u00ednica gener\u00f3 gran conmoci\u00f3n en el ambiente art\u00edstico, y r\u00e1pidamente surgieron versiones sobre c\u00f3mo tomaron la situaci\u00f3n sus exparejas, Sabrina Rojas y Griselda Siciliani. Seg\u00fan inform\u00f3 Pepe Ochoa en LAM (Am\u00e9rica TV), Castro habr\u00eda dejado como contacto a su exnovia Griselda Siciliani al ingresar al &hellip;<\/p>\n","protected":false},"author":9,"featured_media":116982,"comment_status":"open","ping_status":"open","sticky":false,"template":"","format":"standard","meta":{"content-type":"","_monsterinsights_skip_tracking":false,"_monsterinsights_sitenote_active":false,"_monsterinsights_sitenote_note":"","_monsterinsights_sitenote_category":0,"_jetpack_memberships_contains_paid_content":false,"footnotes":"","jetpack_publicize_message":"","jetpack_publicize_feature_enabled":true,"jetpack_social_post_already_shared":true,"jetpack_social_options":{"image_generator_settings":{"template":"highway","default_image_id":0,"font":"","enabled":false},"version":2}},"categories":[159],"tags":[],"class_list":["post-116981","post","type-post","status-publish","format-standard","has-post-thumbnail","hentry","category-espectaculos"],"yoast_head":"<!-- This site is optimized with the Yoast SEO plugin v27.4 - https:\/\/yoast.com\/product\/yoast-seo-wordpress\/ -->\n<title>Tras la internaci\u00f3n de Luciano Castro, revelan la reacci\u00f3n de Sabrina Rojas y Griselda Siciliani | Al Dia Chaco<\/title>\n<meta name=\"robots\" content=\"index, follow, max-snippet:-1, max-image-preview:large, max-video-preview:-1\" \/>\n<link rel=\"canonical\" href=\"https:\/\/aldiachaco.com.ar\/index.php\/2026\/02\/13\/116981\/\" \/>\n<meta property=\"og:locale\" content=\"es_ES\" \/>\n<meta property=\"og:type\" content=\"article\" \/>\n<meta property=\"og:title\" content=\"Tras la internaci\u00f3n de Luciano Castro, revelan la reacci\u00f3n de Sabrina Rojas y Griselda Siciliani | Al Dia Chaco\" \/>\n<meta property=\"og:description\" content=\"La noticia de la internaci\u00f3n de Luciano Castro en una cl\u00ednica gener\u00f3 gran conmoci\u00f3n en el ambiente art\u00edstico, y r\u00e1pidamente surgieron versiones sobre c\u00f3mo tomaron la situaci\u00f3n sus exparejas, Sabrina Rojas y Griselda Siciliani. Seg\u00fan inform\u00f3 Pepe Ochoa en LAM (Am\u00e9rica TV), Castro habr\u00eda dejado como contacto a su exnovia Griselda Siciliani al ingresar al &hellip;\" \/>\n<meta property=\"og:url\" content=\"https:\/\/aldiachaco.com.ar\/index.php\/2026\/02\/13\/116981\/\" \/>\n<meta property=\"og:site_name\" content=\"Al Dia Chaco\" \/>\n<meta property=\"article:published_time\" content=\"2026-02-13T16:39:50+00:00\" \/>\n<meta property=\"article:modified_time\" content=\"2026-02-13T16:40:43+00:00\" \/>\n<meta property=\"og:image\" content=\"https:\/\/aldiachaco.com.ar\/wp-content\/uploads\/2026\/02\/1302luciano.jpg\" \/>\n\t<meta property=\"og:image:width\" content=\"1280\" \/>\n\t<meta property=\"og:image:height\" content=\"720\" \/>\n\t<meta property=\"og:image:type\" content=\"image\/jpeg\" \/>\n<meta name=\"author\" content=\"RedaccionRM\" \/>\n<meta name=\"twitter:card\" content=\"summary_large_image\" \/>\n<meta name=\"twitter:label1\" content=\"Escrito por\" \/>\n\t<meta name=\"twitter:data1\" content=\"RedaccionRM\" \/>\n\t<meta name=\"twitter:label2\" content=\"Tiempo de lectura\" \/>\n\t<meta name=\"twitter:data2\" content=\"2 minutos\" \/>\n<script type=\"application\/ld+json\" class=\"yoast-schema-graph\">{\"@context\":\"https:\\\/\\\/schema.org\",\"@graph\":[{\"@type\":\"Article\",\"@id\":\"https:\\\/\\\/aldiachaco.com.ar\\\/index.php\\\/2026\\\/02\\\/13\\\/116981\\\/#article\",\"isPartOf\":{\"@id\":\"https:\\\/\\\/aldiachaco.com.ar\\\/index.php\\\/2026\\\/02\\\/13\\\/116981\\\/\"},\"author\":{\"name\":\"RedaccionRM\",\"@id\":\"https:\\\/\\\/aldiachaco.com.ar\\\/#\\\/schema\\\/person\\\/b24e975af8022082f5889a7a7299e962\"},\"headline\":\"Tras la internaci\u00f3n de Luciano Castro, revelan la reacci\u00f3n de Sabrina Rojas y Griselda Siciliani\",\"datePublished\":\"2026-02-13T16:39:50+00:00\",\"dateModified\":\"2026-02-13T16:40:43+00:00\",\"mainEntityOfPage\":{\"@id\":\"https:\\\/\\\/aldiachaco.com.ar\\\/index.php\\\/2026\\\/02\\\/13\\\/116981\\\/\"},\"wordCount\":331,\"commentCount\":0,\"publisher\":{\"@id\":\"https:\\\/\\\/aldiachaco.com.ar\\\/#organization\"},\"image\":{\"@id\":\"https:\\\/\\\/aldiachaco.com.ar\\\/index.php\\\/2026\\\/02\\\/13\\\/116981\\\/#primaryimage\"},\"thumbnailUrl\":\"https:\\\/\\\/aldiachaco.com.ar\\\/wp-content\\\/uploads\\\/2026\\\/02\\\/1302luciano.jpg\",\"articleSection\":[\"Espect\u00e1culos\"],\"inLanguage\":\"es-AR\",\"potentialAction\":[{\"@type\":\"CommentAction\",\"name\":\"Comment\",\"target\":[\"https:\\\/\\\/aldiachaco.com.ar\\\/index.php\\\/2026\\\/02\\\/13\\\/116981\\\/#respond\"]}]},{\"@type\":\"WebPage\",\"@id\":\"https:\\\/\\\/aldiachaco.com.ar\\\/index.php\\\/2026\\\/02\\\/13\\\/116981\\\/\",\"url\":\"https:\\\/\\\/aldiachaco.com.ar\\\/index.php\\\/2026\\\/02\\\/13\\\/116981\\\/\",\"name\":\"Tras la internaci\u00f3n de Luciano Castro, revelan la reacci\u00f3n de Sabrina Rojas y Griselda Siciliani | Al Dia Chaco\",\"isPartOf\":{\"@id\":\"https:\\\/\\\/aldiachaco.com.ar\\\/#website\"},\"primaryImageOfPage\":{\"@id\":\"https:\\\/\\\/aldiachaco.com.ar\\\/index.php\\\/2026\\\/02\\\/13\\\/116981\\\/#primaryimage\"},\"image\":{\"@id\":\"https:\\\/\\\/aldiachaco.com.ar\\\/index.php\\\/2026\\\/02\\\/13\\\/116981\\\/#primaryimage\"},\"thumbnailUrl\":\"https:\\\/\\\/aldiachaco.com.ar\\\/wp-content\\\/uploads\\\/2026\\\/02\\\/1302luciano.jpg\",\"datePublished\":\"2026-02-13T16:39:50+00:00\",\"dateModified\":\"2026-02-13T16:40:43+00:00\",\"breadcrumb\":{\"@id\":\"https:\\\/\\\/aldiachaco.com.ar\\\/index.php\\\/2026\\\/02\\\/13\\\/116981\\\/#breadcrumb\"},\"inLanguage\":\"es-AR\",\"potentialAction\":[{\"@type\":\"ReadAction\",\"target\":[\"https:\\\/\\\/aldiachaco.com.ar\\\/index.php\\\/2026\\\/02\\\/13\\\/116981\\\/\"]}]},{\"@type\":\"ImageObject\",\"inLanguage\":\"es-AR\",\"@id\":\"https:\\\/\\\/aldiachaco.com.ar\\\/index.php\\\/2026\\\/02\\\/13\\\/116981\\\/#primaryimage\",\"url\":\"https:\\\/\\\/aldiachaco.com.ar\\\/wp-content\\\/uploads\\\/2026\\\/02\\\/1302luciano.jpg\",\"contentUrl\":\"https:\\\/\\\/aldiachaco.com.ar\\\/wp-content\\\/uploads\\\/2026\\\/02\\\/1302luciano.jpg\",\"width\":1280,\"height\":720},{\"@type\":\"BreadcrumbList\",\"@id\":\"https:\\\/\\\/aldiachaco.com.ar\\\/index.php\\\/2026\\\/02\\\/13\\\/116981\\\/#breadcrumb\",\"itemListElement\":[{\"@type\":\"ListItem\",\"position\":1,\"name\":\"Home\",\"item\":\"https:\\\/\\\/aldiachaco.com.ar\\\/\"},{\"@type\":\"ListItem\",\"position\":2,\"name\":\"Tras la internaci\u00f3n de Luciano Castro, revelan la reacci\u00f3n de Sabrina Rojas y Griselda Siciliani\"}]},{\"@type\":\"WebSite\",\"@id\":\"https:\\\/\\\/aldiachaco.com.ar\\\/#website\",\"url\":\"https:\\\/\\\/aldiachaco.com.ar\\\/\",\"name\":\"Al Dia Chaco\",\"description\":\"Noticias del Chaco y el mundo\",\"publisher\":{\"@id\":\"https:\\\/\\\/aldiachaco.com.ar\\\/#organization\"},\"alternateName\":\"Al D\u00eda Chaco\",\"potentialAction\":[{\"@type\":\"SearchAction\",\"target\":{\"@type\":\"EntryPoint\",\"urlTemplate\":\"https:\\\/\\\/aldiachaco.com.ar\\\/?s={search_term_string}\"},\"query-input\":{\"@type\":\"PropertyValueSpecification\",\"valueRequired\":true,\"valueName\":\"search_term_string\"}}],\"inLanguage\":\"es-AR\"},{\"@type\":\"Organization\",\"@id\":\"https:\\\/\\\/aldiachaco.com.ar\\\/#organization\",\"name\":\"Al Dia Chaco\",\"url\":\"https:\\\/\\\/aldiachaco.com.ar\\\/\",\"logo\":{\"@type\":\"ImageObject\",\"inLanguage\":\"es-AR\",\"@id\":\"https:\\\/\\\/aldiachaco.com.ar\\\/#\\\/schema\\\/logo\\\/image\\\/\",\"url\":\"https:\\\/\\\/aldiachaco.com.ar\\\/wp-content\\\/uploads\\\/2017\\\/11\\\/AL-DIA-CHACO-L@2x.png\",\"contentUrl\":\"https:\\\/\\\/aldiachaco.com.ar\\\/wp-content\\\/uploads\\\/2017\\\/11\\\/AL-DIA-CHACO-L@2x.png\",\"width\":232,\"height\":60,\"caption\":\"Al Dia Chaco\"},\"image\":{\"@id\":\"https:\\\/\\\/aldiachaco.com.ar\\\/#\\\/schema\\\/logo\\\/image\\\/\"}},{\"@type\":\"Person\",\"@id\":\"https:\\\/\\\/aldiachaco.com.ar\\\/#\\\/schema\\\/person\\\/b24e975af8022082f5889a7a7299e962\",\"name\":\"RedaccionRM\",\"image\":{\"@type\":\"ImageObject\",\"inLanguage\":\"es-AR\",\"@id\":\"https:\\\/\\\/aldiachaco.com.ar\\\/wp-content\\\/litespeed\\\/avatar\\\/a30118fcb7a6295303f1c91164c6aba1.jpg?ver=1777339088\",\"url\":\"https:\\\/\\\/aldiachaco.com.ar\\\/wp-content\\\/litespeed\\\/avatar\\\/a30118fcb7a6295303f1c91164c6aba1.jpg?ver=1777339088\",\"contentUrl\":\"https:\\\/\\\/aldiachaco.com.ar\\\/wp-content\\\/litespeed\\\/avatar\\\/a30118fcb7a6295303f1c91164c6aba1.jpg?ver=1777339088\",\"caption\":\"RedaccionRM\"},\"url\":\"https:\\\/\\\/aldiachaco.com.ar\\\/index.php\\\/author\\\/redaccionrm\\\/\"}]}<\/script>\n<!-- \/ Yoast SEO plugin. -->","yoast_head_json":{"title":"Tras la internaci\u00f3n de Luciano Castro, revelan la reacci\u00f3n de Sabrina Rojas y Griselda Siciliani | Al Dia Chaco","robots":{"index":"index","follow":"follow","max-snippet":"max-snippet:-1","max-image-preview":"max-image-preview:large","max-video-preview":"max-video-preview:-1"},"canonical":"https:\/\/aldiachaco.com.ar\/index.php\/2026\/02\/13\/116981\/","og_locale":"es_ES","og_type":"article","og_title":"Tras la internaci\u00f3n de Luciano Castro, revelan la reacci\u00f3n de Sabrina Rojas y Griselda Siciliani | Al Dia Chaco","og_description":"La noticia de la internaci\u00f3n de Luciano Castro en una cl\u00ednica gener\u00f3 gran conmoci\u00f3n en el ambiente art\u00edstico, y r\u00e1pidamente surgieron versiones sobre c\u00f3mo tomaron la situaci\u00f3n sus exparejas, Sabrina Rojas y Griselda Siciliani. Seg\u00fan inform\u00f3 Pepe Ochoa en LAM (Am\u00e9rica TV), Castro habr\u00eda dejado como contacto a su exnovia Griselda Siciliani al ingresar al &hellip;","og_url":"https:\/\/aldiachaco.com.ar\/index.php\/2026\/02\/13\/116981\/","og_site_name":"Al Dia Chaco","article_published_time":"2026-02-13T16:39:50+00:00","article_modified_time":"2026-02-13T16:40:43+00:00","og_image":[{"width":1280,"height":720,"url":"https:\/\/aldiachaco.com.ar\/wp-content\/uploads\/2026\/02\/1302luciano.jpg","type":"image\/jpeg"}],"author":"RedaccionRM","twitter_card":"summary_large_image","twitter_misc":{"Escrito por":"RedaccionRM","Tiempo de lectura":"2 minutos"},"schema":{"@context":"https:\/\/schema.org","@graph":[{"@type":"Article","@id":"https:\/\/aldiachaco.com.ar\/index.php\/2026\/02\/13\/116981\/#article","isPartOf":{"@id":"https:\/\/aldiachaco.com.ar\/index.php\/2026\/02\/13\/116981\/"},"author":{"name":"RedaccionRM","@id":"https:\/\/aldiachaco.com.ar\/#\/schema\/person\/b24e975af8022082f5889a7a7299e962"},"headline":"Tras la internaci\u00f3n de Luciano Castro, revelan la reacci\u00f3n de Sabrina Rojas y Griselda Siciliani","datePublished":"2026-02-13T16:39:50+00:00","dateModified":"2026-02-13T16:40:43+00:00","mainEntityOfPage":{"@id":"https:\/\/aldiachaco.com.ar\/index.php\/2026\/02\/13\/116981\/"},"wordCount":331,"commentCount":0,"publisher":{"@id":"https:\/\/aldiachaco.com.ar\/#organization"},"image":{"@id":"https:\/\/aldiachaco.com.ar\/index.php\/2026\/02\/13\/116981\/#primaryimage"},"thumbnailUrl":"https:\/\/aldiachaco.com.ar\/wp-content\/uploads\/2026\/02\/1302luciano.jpg","articleSection":["Espect\u00e1culos"],"inLanguage":"es-AR","potentialAction":[{"@type":"CommentAction","name":"Comment","target":["https:\/\/aldiachaco.com.ar\/index.php\/2026\/02\/13\/116981\/#respond"]}]},{"@type":"WebPage","@id":"https:\/\/aldiachaco.com.ar\/index.php\/2026\/02\/13\/116981\/","url":"https:\/\/aldiachaco.com.ar\/index.php\/2026\/02\/13\/116981\/","name":"Tras la internaci\u00f3n de Luciano Castro, revelan la reacci\u00f3n de Sabrina Rojas y Griselda Siciliani | Al Dia Chaco","isPartOf":{"@id":"https:\/\/aldiachaco.com.ar\/#website"},"primaryImageOfPage":{"@id":"https:\/\/aldiachaco.com.ar\/index.php\/2026\/02\/13\/116981\/#primaryimage"},"image":{"@id":"https:\/\/aldiachaco.com.ar\/index.php\/2026\/02\/13\/116981\/#primaryimage"},"thumbnailUrl":"https:\/\/aldiachaco.com.ar\/wp-content\/uploads\/2026\/02\/1302luciano.jpg","datePublished":"2026-02-13T16:39:50+00:00","dateModified":"2026-02-13T16:40:43+00:00","breadcrumb":{"@id":"https:\/\/aldiachaco.com.ar\/index.php\/2026\/02\/13\/116981\/#breadcrumb"},"inLanguage":"es-AR","potentialAction":[{"@type":"ReadAction","target":["https:\/\/aldiachaco.com.ar\/index.php\/2026\/02\/13\/116981\/"]}]},{"@type":"ImageObject","inLanguage":"es-AR","@id":"https:\/\/aldiachaco.com.ar\/index.php\/2026\/02\/13\/116981\/#primaryimage","url":"https:\/\/aldiachaco.com.ar\/wp-content\/uploads\/2026\/02\/1302luciano.jpg","contentUrl":"https:\/\/aldiachaco.com.ar\/wp-content\/uploads\/2026\/02\/1302luciano.jpg","width":1280,"height":720},{"@type":"BreadcrumbList","@id":"https:\/\/aldiachaco.com.ar\/index.php\/2026\/02\/13\/116981\/#breadcrumb","itemListElement":[{"@type":"ListItem","position":1,"name":"Home","item":"https:\/\/aldiachaco.com.ar\/"},{"@type":"ListItem","position":2,"name":"Tras la internaci\u00f3n de Luciano Castro, revelan la reacci\u00f3n de Sabrina Rojas y Griselda Siciliani"}]},{"@type":"WebSite","@id":"https:\/\/aldiachaco.com.ar\/#website","url":"https:\/\/aldiachaco.com.ar\/","name":"Al Dia Chaco","description":"Noticias del Chaco y el mundo","publisher":{"@id":"https:\/\/aldiachaco.com.ar\/#organization"},"alternateName":"Al D\u00eda Chaco","potentialAction":[{"@type":"SearchAction","target":{"@type":"EntryPoint","urlTemplate":"https:\/\/aldiachaco.com.ar\/?s={search_term_string}"},"query-input":{"@type":"PropertyValueSpecification","valueRequired":true,"valueName":"search_term_string"}}],"inLanguage":"es-AR"},{"@type":"Organization","@id":"https:\/\/aldiachaco.com.ar\/#organization","name":"Al Dia Chaco","url":"https:\/\/aldiachaco.com.ar\/","logo":{"@type":"ImageObject","inLanguage":"es-AR","@id":"https:\/\/aldiachaco.com.ar\/#\/schema\/logo\/image\/","url":"https:\/\/aldiachaco.com.ar\/wp-content\/uploads\/2017\/11\/AL-DIA-CHACO-L@2x.png","contentUrl":"https:\/\/aldiachaco.com.ar\/wp-content\/uploads\/2017\/11\/AL-DIA-CHACO-L@2x.png","width":232,"height":60,"caption":"Al Dia Chaco"},"image":{"@id":"https:\/\/aldiachaco.com.ar\/#\/schema\/logo\/image\/"}},{"@type":"Person","@id":"https:\/\/aldiachaco.com.ar\/#\/schema\/person\/b24e975af8022082f5889a7a7299e962","name":"RedaccionRM","image":{"@type":"ImageObject","inLanguage":"es-AR","@id":"https:\/\/aldiachaco.com.ar\/wp-content\/litespeed\/avatar\/a30118fcb7a6295303f1c91164c6aba1.jpg?ver=1777339088","url":"https:\/\/aldiachaco.com.ar\/wp-content\/litespeed\/avatar\/a30118fcb7a6295303f1c91164c6aba1.jpg?ver=1777339088","contentUrl":"https:\/\/aldiachaco.com.ar\/wp-content\/litespeed\/avatar\/a30118fcb7a6295303f1c91164c6aba1.jpg?ver=1777339088","caption":"RedaccionRM"},"url":"https:\/\/aldiachaco.com.ar\/index.php\/author\/redaccionrm\/"}]}},"jetpack_publicize_connections":[],"jetpack_featured_media_url":"https:\/\/aldiachaco.com.ar\/wp-content\/uploads\/2026\/02\/1302luciano.jpg","jetpack_sharing_enabled":true,"amp_enabled":true,"_links":{"self":[{"href":"https:\/\/aldiachaco.com.ar\/index.php\/wp-json\/wp\/v2\/posts\/116981","targetHints":{"allow":["GET"]}}],"collection":[{"href":"https:\/\/aldiachaco.com.ar\/index.php\/wp-json\/wp\/v2\/posts"}],"about":[{"href":"https:\/\/aldiachaco.com.ar\/index.php\/wp-json\/wp\/v2\/types\/post"}],"author":[{"embeddable":true,"href":"https:\/\/aldiachaco.com.ar\/index.php\/wp-json\/wp\/v2\/users\/9"}],"replies":[{"embeddable":true,"href":"https:\/\/aldiachaco.com.ar\/index.php\/wp-json\/wp\/v2\/comments?post=116981"}],"version-history":[{"count":2,"href":"https:\/\/aldiachaco.com.ar\/index.php\/wp-json\/wp\/v2\/posts\/116981\/revisions"}],"predecessor-version":[{"id":116984,"href":"https:\/\/aldiachaco.com.ar\/index.php\/wp-json\/wp\/v2\/posts\/116981\/revisions\/116984"}],"wp:featuredmedia":[{"embeddable":true,"href":"https:\/\/aldiachaco.com.ar\/index.php\/wp-json\/wp\/v2\/media\/116982"}],"wp:attachment":[{"href":"https:\/\/aldiachaco.com.ar\/index.php\/wp-json\/wp\/v2\/media?parent=116981"}],"wp:term":[{"taxonomy":"category","embeddable":true,"href":"https:\/\/aldiachaco.com.ar\/index.php\/wp-json\/wp\/v2\/categories?post=116981"},{"taxonomy":"post_tag","embeddable":true,"href":"https:\/\/aldiachaco.com.ar\/index.php\/wp-json\/wp\/v2\/tags?post=116981"}],"curies":[{"name":"wp","href":"https:\/\/api.w.org\/{rel}","templated":true}]}}