{"id":116978,"date":"2026-02-13T13:30:32","date_gmt":"2026-02-13T16:30:32","guid":{"rendered":"https:\/\/aldiachaco.com.ar\/?p=116978"},"modified":"2026-02-13T13:30:32","modified_gmt":"2026-02-13T16:30:32","slug":"revelan-la-verdadera-razon-de-la-internacion-de-luciano-castro-adiccion-a-la-marihuana","status":"publish","type":"post","link":"https:\/\/aldiachaco.com.ar\/index.php\/2026\/02\/13\/revelan-la-verdadera-razon-de-la-internacion-de-luciano-castro-adiccion-a-la-marihuana\/","title":{"rendered":"Revelan la verdadera raz\u00f3n de la internaci\u00f3n de Luciano Castro: adicci\u00f3n a la marihuana"},"content":{"rendered":"<p class=\"ds-markdown-paragraph\">La internaci\u00f3n de Luciano Castro, que sorprendi\u00f3 al mundo del espect\u00e1culo en las \u00faltimas horas, tendr\u00eda una causa concreta que va m\u00e1s all\u00e1 de una simple crisis emocional por su separaci\u00f3n de Griselda Siciliani. Seg\u00fan revel\u00f3 Fernanda Iglesias en Puro Show (eltrece), el actor estar\u00eda atravesando un tratamiento por adicci\u00f3n a la marihuana.<\/p>\n<p class=\"ds-markdown-paragraph\">&#8220;Yo me hago cargo de lo que digo. S\u00e9 de lo que estoy hablando porque habl\u00e9 con mucha gente&#8221;, comenz\u00f3 diciendo la panelista, antes de soltar la bomba: &#8220;La adicci\u00f3n que tendr\u00eda Luciano Castro es a la marihuana. Lo voy a decir con todas las letras porque es as\u00ed&#8221;\u00a0.<\/p>\n<p class=\"ds-markdown-paragraph\">Iglesias respald\u00f3 su informaci\u00f3n con un antecedente concreto: &#8220;De hecho Sara Borrell, la danesa con la que intent\u00f3 tener algo, cont\u00f3 que \u00e9l le hab\u00eda ofrecido fumar marihuana&#8221;\u00a0. La periodista tambi\u00e9n dio precisiones sobre el lugar donde se encuentra internado: &#8220;\u00c9l est\u00e1 internado en Flores, es un centro de rehabilitaci\u00f3n que trabaja muy bien con la gente que es adicta a la marihuana&#8221;\u00a0.<\/p>\n<p class=\"ds-markdown-paragraph\">La panelista justific\u00f3 haber hecho p\u00fablica esta informaci\u00f3n: &#8220;Lo cuento porque, si no, encubrimos un problema. Al tipo le pas\u00f3 esto por consumir esto. No sal\u00eds ileso si consum\u00eds&#8221;\u00a0. Y agreg\u00f3 una reflexi\u00f3n sobre los efectos del consumo cotidiano: &#8220;No est\u00e1 bueno fumar todos los d\u00edas marihuana porque te lleva a situaciones que por ah\u00ed terminan en algo que te traen una tristeza muy grande, como le est\u00e1 pasando a Luciano Castro&#8221;\u00a0.<\/p>\n<p class=\"ds-markdown-paragraph\">Cabe se\u00f1alar que existen versiones encontradas sobre los motivos de la internaci\u00f3n. D\u00edas atr\u00e1s, Pepe Ochoa hab\u00eda informado en LAM que Castro se habr\u00eda internado por voluntad propia en un centro con tratamientos terap\u00e9uticos grupales, pero aclarando que &#8220;no tiene nada que ver ni con adicciones, no es un tema de salud mental&#8221;\u00a0, sino vinculado al impacto emocional por la separaci\u00f3n y la exposici\u00f3n medi\u00e1tica.<\/p>\n<p class=\"ds-markdown-paragraph\">Moria Cas\u00e1n, quien mantiene una relaci\u00f3n cercana con el actor, intent\u00f3 llevar tranquilidad al aire: &#8220;Est\u00e1 todo bien y ya m\u00e1s adelante podremos hablar mejor. Est\u00e1 muy bien y sanando algunas cosas&#8221;\u00a0.<\/p>\n<p class=\"ds-markdown-paragraph\">Hasta el momento, no hubo comunicados oficiales por parte de Luciano Castro, Griselda Siciliani ni de sus representantes que confirmen o desmientan los detalles de la internaci\u00f3n\u00a0.<\/p>\n","protected":false},"excerpt":{"rendered":"<p>La internaci\u00f3n de Luciano Castro, que sorprendi\u00f3 al mundo del espect\u00e1culo en las \u00faltimas horas, tendr\u00eda una causa concreta que va m\u00e1s all\u00e1 de una simple crisis emocional por su separaci\u00f3n de Griselda Siciliani. Seg\u00fan revel\u00f3 Fernanda Iglesias en Puro Show (eltrece), el actor estar\u00eda atravesando un tratamiento por adicci\u00f3n a la marihuana. &#8220;Yo me &hellip;<\/p>\n","protected":false},"author":9,"featured_media":116979,"comment_status":"open","ping_status":"open","sticky":false,"template":"","format":"standard","meta":{"content-type":"","_monsterinsights_skip_tracking":false,"_monsterinsights_sitenote_active":false,"_monsterinsights_sitenote_note":"","_monsterinsights_sitenote_category":0,"_jetpack_memberships_contains_paid_content":false,"footnotes":"","jetpack_publicize_message":"","jetpack_publicize_feature_enabled":true,"jetpack_social_post_already_shared":true,"jetpack_social_options":{"image_generator_settings":{"template":"highway","default_image_id":0,"font":"","enabled":false},"version":2}},"categories":[159],"tags":[],"class_list":["post-116978","post","type-post","status-publish","format-standard","has-post-thumbnail","hentry","category-espectaculos"],"yoast_head":"<!-- This site is optimized with the Yoast SEO plugin v27.4 - https:\/\/yoast.com\/product\/yoast-seo-wordpress\/ -->\n<title>Revelan la verdadera raz\u00f3n de la internaci\u00f3n de Luciano Castro: adicci\u00f3n a la marihuana | Al Dia Chaco<\/title>\n<meta name=\"robots\" content=\"index, follow, max-snippet:-1, max-image-preview:large, max-video-preview:-1\" \/>\n<link rel=\"canonical\" href=\"https:\/\/aldiachaco.com.ar\/index.php\/2026\/02\/13\/revelan-la-verdadera-razon-de-la-internacion-de-luciano-castro-adiccion-a-la-marihuana\/\" \/>\n<meta property=\"og:locale\" content=\"es_ES\" \/>\n<meta property=\"og:type\" content=\"article\" \/>\n<meta property=\"og:title\" content=\"Revelan la verdadera raz\u00f3n de la internaci\u00f3n de Luciano Castro: adicci\u00f3n a la marihuana | Al Dia Chaco\" \/>\n<meta property=\"og:description\" content=\"La internaci\u00f3n de Luciano Castro, que sorprendi\u00f3 al mundo del espect\u00e1culo en las \u00faltimas horas, tendr\u00eda una causa concreta que va m\u00e1s all\u00e1 de una simple crisis emocional por su separaci\u00f3n de Griselda Siciliani. Seg\u00fan revel\u00f3 Fernanda Iglesias en Puro Show (eltrece), el actor estar\u00eda atravesando un tratamiento por adicci\u00f3n a la marihuana. &#8220;Yo me &hellip;\" \/>\n<meta property=\"og:url\" content=\"https:\/\/aldiachaco.com.ar\/index.php\/2026\/02\/13\/revelan-la-verdadera-razon-de-la-internacion-de-luciano-castro-adiccion-a-la-marihuana\/\" \/>\n<meta property=\"og:site_name\" content=\"Al Dia Chaco\" \/>\n<meta property=\"article:published_time\" content=\"2026-02-13T16:30:32+00:00\" \/>\n<meta property=\"og:image\" content=\"https:\/\/aldiachaco.com.ar\/wp-content\/uploads\/2026\/02\/1302castro.jpg\" \/>\n\t<meta property=\"og:image:width\" content=\"1200\" \/>\n\t<meta property=\"og:image:height\" content=\"740\" \/>\n\t<meta property=\"og:image:type\" content=\"image\/jpeg\" \/>\n<meta name=\"author\" content=\"RedaccionRM\" \/>\n<meta name=\"twitter:card\" content=\"summary_large_image\" \/>\n<meta name=\"twitter:label1\" content=\"Escrito por\" \/>\n\t<meta name=\"twitter:data1\" content=\"RedaccionRM\" \/>\n\t<meta name=\"twitter:label2\" content=\"Tiempo de lectura\" \/>\n\t<meta name=\"twitter:data2\" content=\"2 minutos\" \/>\n<script type=\"application\/ld+json\" class=\"yoast-schema-graph\">{\"@context\":\"https:\\\/\\\/schema.org\",\"@graph\":[{\"@type\":\"Article\",\"@id\":\"https:\\\/\\\/aldiachaco.com.ar\\\/index.php\\\/2026\\\/02\\\/13\\\/revelan-la-verdadera-razon-de-la-internacion-de-luciano-castro-adiccion-a-la-marihuana\\\/#article\",\"isPartOf\":{\"@id\":\"https:\\\/\\\/aldiachaco.com.ar\\\/index.php\\\/2026\\\/02\\\/13\\\/revelan-la-verdadera-razon-de-la-internacion-de-luciano-castro-adiccion-a-la-marihuana\\\/\"},\"author\":{\"name\":\"RedaccionRM\",\"@id\":\"https:\\\/\\\/aldiachaco.com.ar\\\/#\\\/schema\\\/person\\\/b24e975af8022082f5889a7a7299e962\"},\"headline\":\"Revelan la verdadera raz\u00f3n de la internaci\u00f3n de Luciano Castro: adicci\u00f3n a la marihuana\",\"datePublished\":\"2026-02-13T16:30:32+00:00\",\"mainEntityOfPage\":{\"@id\":\"https:\\\/\\\/aldiachaco.com.ar\\\/index.php\\\/2026\\\/02\\\/13\\\/revelan-la-verdadera-razon-de-la-internacion-de-luciano-castro-adiccion-a-la-marihuana\\\/\"},\"wordCount\":412,\"commentCount\":0,\"publisher\":{\"@id\":\"https:\\\/\\\/aldiachaco.com.ar\\\/#organization\"},\"image\":{\"@id\":\"https:\\\/\\\/aldiachaco.com.ar\\\/index.php\\\/2026\\\/02\\\/13\\\/revelan-la-verdadera-razon-de-la-internacion-de-luciano-castro-adiccion-a-la-marihuana\\\/#primaryimage\"},\"thumbnailUrl\":\"https:\\\/\\\/aldiachaco.com.ar\\\/wp-content\\\/uploads\\\/2026\\\/02\\\/1302castro.jpg\",\"articleSection\":[\"Espect\u00e1culos\"],\"inLanguage\":\"es-AR\",\"potentialAction\":[{\"@type\":\"CommentAction\",\"name\":\"Comment\",\"target\":[\"https:\\\/\\\/aldiachaco.com.ar\\\/index.php\\\/2026\\\/02\\\/13\\\/revelan-la-verdadera-razon-de-la-internacion-de-luciano-castro-adiccion-a-la-marihuana\\\/#respond\"]}]},{\"@type\":\"WebPage\",\"@id\":\"https:\\\/\\\/aldiachaco.com.ar\\\/index.php\\\/2026\\\/02\\\/13\\\/revelan-la-verdadera-razon-de-la-internacion-de-luciano-castro-adiccion-a-la-marihuana\\\/\",\"url\":\"https:\\\/\\\/aldiachaco.com.ar\\\/index.php\\\/2026\\\/02\\\/13\\\/revelan-la-verdadera-razon-de-la-internacion-de-luciano-castro-adiccion-a-la-marihuana\\\/\",\"name\":\"Revelan la verdadera raz\u00f3n de la internaci\u00f3n de Luciano Castro: adicci\u00f3n a la marihuana | Al Dia Chaco\",\"isPartOf\":{\"@id\":\"https:\\\/\\\/aldiachaco.com.ar\\\/#website\"},\"primaryImageOfPage\":{\"@id\":\"https:\\\/\\\/aldiachaco.com.ar\\\/index.php\\\/2026\\\/02\\\/13\\\/revelan-la-verdadera-razon-de-la-internacion-de-luciano-castro-adiccion-a-la-marihuana\\\/#primaryimage\"},\"image\":{\"@id\":\"https:\\\/\\\/aldiachaco.com.ar\\\/index.php\\\/2026\\\/02\\\/13\\\/revelan-la-verdadera-razon-de-la-internacion-de-luciano-castro-adiccion-a-la-marihuana\\\/#primaryimage\"},\"thumbnailUrl\":\"https:\\\/\\\/aldiachaco.com.ar\\\/wp-content\\\/uploads\\\/2026\\\/02\\\/1302castro.jpg\",\"datePublished\":\"2026-02-13T16:30:32+00:00\",\"breadcrumb\":{\"@id\":\"https:\\\/\\\/aldiachaco.com.ar\\\/index.php\\\/2026\\\/02\\\/13\\\/revelan-la-verdadera-razon-de-la-internacion-de-luciano-castro-adiccion-a-la-marihuana\\\/#breadcrumb\"},\"inLanguage\":\"es-AR\",\"potentialAction\":[{\"@type\":\"ReadAction\",\"target\":[\"https:\\\/\\\/aldiachaco.com.ar\\\/index.php\\\/2026\\\/02\\\/13\\\/revelan-la-verdadera-razon-de-la-internacion-de-luciano-castro-adiccion-a-la-marihuana\\\/\"]}]},{\"@type\":\"ImageObject\",\"inLanguage\":\"es-AR\",\"@id\":\"https:\\\/\\\/aldiachaco.com.ar\\\/index.php\\\/2026\\\/02\\\/13\\\/revelan-la-verdadera-razon-de-la-internacion-de-luciano-castro-adiccion-a-la-marihuana\\\/#primaryimage\",\"url\":\"https:\\\/\\\/aldiachaco.com.ar\\\/wp-content\\\/uploads\\\/2026\\\/02\\\/1302castro.jpg\",\"contentUrl\":\"https:\\\/\\\/aldiachaco.com.ar\\\/wp-content\\\/uploads\\\/2026\\\/02\\\/1302castro.jpg\",\"width\":1200,\"height\":740},{\"@type\":\"BreadcrumbList\",\"@id\":\"https:\\\/\\\/aldiachaco.com.ar\\\/index.php\\\/2026\\\/02\\\/13\\\/revelan-la-verdadera-razon-de-la-internacion-de-luciano-castro-adiccion-a-la-marihuana\\\/#breadcrumb\",\"itemListElement\":[{\"@type\":\"ListItem\",\"position\":1,\"name\":\"Home\",\"item\":\"https:\\\/\\\/aldiachaco.com.ar\\\/\"},{\"@type\":\"ListItem\",\"position\":2,\"name\":\"Revelan la verdadera raz\u00f3n de la internaci\u00f3n de Luciano Castro: adicci\u00f3n a la marihuana\"}]},{\"@type\":\"WebSite\",\"@id\":\"https:\\\/\\\/aldiachaco.com.ar\\\/#website\",\"url\":\"https:\\\/\\\/aldiachaco.com.ar\\\/\",\"name\":\"Al Dia Chaco\",\"description\":\"Noticias del Chaco y el mundo\",\"publisher\":{\"@id\":\"https:\\\/\\\/aldiachaco.com.ar\\\/#organization\"},\"alternateName\":\"Al D\u00eda Chaco\",\"potentialAction\":[{\"@type\":\"SearchAction\",\"target\":{\"@type\":\"EntryPoint\",\"urlTemplate\":\"https:\\\/\\\/aldiachaco.com.ar\\\/?s={search_term_string}\"},\"query-input\":{\"@type\":\"PropertyValueSpecification\",\"valueRequired\":true,\"valueName\":\"search_term_string\"}}],\"inLanguage\":\"es-AR\"},{\"@type\":\"Organization\",\"@id\":\"https:\\\/\\\/aldiachaco.com.ar\\\/#organization\",\"name\":\"Al Dia Chaco\",\"url\":\"https:\\\/\\\/aldiachaco.com.ar\\\/\",\"logo\":{\"@type\":\"ImageObject\",\"inLanguage\":\"es-AR\",\"@id\":\"https:\\\/\\\/aldiachaco.com.ar\\\/#\\\/schema\\\/logo\\\/image\\\/\",\"url\":\"https:\\\/\\\/aldiachaco.com.ar\\\/wp-content\\\/uploads\\\/2017\\\/11\\\/AL-DIA-CHACO-L@2x.png\",\"contentUrl\":\"https:\\\/\\\/aldiachaco.com.ar\\\/wp-content\\\/uploads\\\/2017\\\/11\\\/AL-DIA-CHACO-L@2x.png\",\"width\":232,\"height\":60,\"caption\":\"Al Dia Chaco\"},\"image\":{\"@id\":\"https:\\\/\\\/aldiachaco.com.ar\\\/#\\\/schema\\\/logo\\\/image\\\/\"}},{\"@type\":\"Person\",\"@id\":\"https:\\\/\\\/aldiachaco.com.ar\\\/#\\\/schema\\\/person\\\/b24e975af8022082f5889a7a7299e962\",\"name\":\"RedaccionRM\",\"image\":{\"@type\":\"ImageObject\",\"inLanguage\":\"es-AR\",\"@id\":\"https:\\\/\\\/aldiachaco.com.ar\\\/wp-content\\\/litespeed\\\/avatar\\\/a30118fcb7a6295303f1c91164c6aba1.jpg?ver=1777339088\",\"url\":\"https:\\\/\\\/aldiachaco.com.ar\\\/wp-content\\\/litespeed\\\/avatar\\\/a30118fcb7a6295303f1c91164c6aba1.jpg?ver=1777339088\",\"contentUrl\":\"https:\\\/\\\/aldiachaco.com.ar\\\/wp-content\\\/litespeed\\\/avatar\\\/a30118fcb7a6295303f1c91164c6aba1.jpg?ver=1777339088\",\"caption\":\"RedaccionRM\"},\"url\":\"https:\\\/\\\/aldiachaco.com.ar\\\/index.php\\\/author\\\/redaccionrm\\\/\"}]}<\/script>\n<!-- \/ Yoast SEO plugin. -->","yoast_head_json":{"title":"Revelan la verdadera raz\u00f3n de la internaci\u00f3n de Luciano Castro: adicci\u00f3n a la marihuana | Al Dia Chaco","robots":{"index":"index","follow":"follow","max-snippet":"max-snippet:-1","max-image-preview":"max-image-preview:large","max-video-preview":"max-video-preview:-1"},"canonical":"https:\/\/aldiachaco.com.ar\/index.php\/2026\/02\/13\/revelan-la-verdadera-razon-de-la-internacion-de-luciano-castro-adiccion-a-la-marihuana\/","og_locale":"es_ES","og_type":"article","og_title":"Revelan la verdadera raz\u00f3n de la internaci\u00f3n de Luciano Castro: adicci\u00f3n a la marihuana | Al Dia Chaco","og_description":"La internaci\u00f3n de Luciano Castro, que sorprendi\u00f3 al mundo del espect\u00e1culo en las \u00faltimas horas, tendr\u00eda una causa concreta que va m\u00e1s all\u00e1 de una simple crisis emocional por su separaci\u00f3n de Griselda Siciliani. Seg\u00fan revel\u00f3 Fernanda Iglesias en Puro Show (eltrece), el actor estar\u00eda atravesando un tratamiento por adicci\u00f3n a la marihuana. &#8220;Yo me &hellip;","og_url":"https:\/\/aldiachaco.com.ar\/index.php\/2026\/02\/13\/revelan-la-verdadera-razon-de-la-internacion-de-luciano-castro-adiccion-a-la-marihuana\/","og_site_name":"Al Dia Chaco","article_published_time":"2026-02-13T16:30:32+00:00","og_image":[{"width":1200,"height":740,"url":"https:\/\/aldiachaco.com.ar\/wp-content\/uploads\/2026\/02\/1302castro.jpg","type":"image\/jpeg"}],"author":"RedaccionRM","twitter_card":"summary_large_image","twitter_misc":{"Escrito por":"RedaccionRM","Tiempo de lectura":"2 minutos"},"schema":{"@context":"https:\/\/schema.org","@graph":[{"@type":"Article","@id":"https:\/\/aldiachaco.com.ar\/index.php\/2026\/02\/13\/revelan-la-verdadera-razon-de-la-internacion-de-luciano-castro-adiccion-a-la-marihuana\/#article","isPartOf":{"@id":"https:\/\/aldiachaco.com.ar\/index.php\/2026\/02\/13\/revelan-la-verdadera-razon-de-la-internacion-de-luciano-castro-adiccion-a-la-marihuana\/"},"author":{"name":"RedaccionRM","@id":"https:\/\/aldiachaco.com.ar\/#\/schema\/person\/b24e975af8022082f5889a7a7299e962"},"headline":"Revelan la verdadera raz\u00f3n de la internaci\u00f3n de Luciano Castro: adicci\u00f3n a la marihuana","datePublished":"2026-02-13T16:30:32+00:00","mainEntityOfPage":{"@id":"https:\/\/aldiachaco.com.ar\/index.php\/2026\/02\/13\/revelan-la-verdadera-razon-de-la-internacion-de-luciano-castro-adiccion-a-la-marihuana\/"},"wordCount":412,"commentCount":0,"publisher":{"@id":"https:\/\/aldiachaco.com.ar\/#organization"},"image":{"@id":"https:\/\/aldiachaco.com.ar\/index.php\/2026\/02\/13\/revelan-la-verdadera-razon-de-la-internacion-de-luciano-castro-adiccion-a-la-marihuana\/#primaryimage"},"thumbnailUrl":"https:\/\/aldiachaco.com.ar\/wp-content\/uploads\/2026\/02\/1302castro.jpg","articleSection":["Espect\u00e1culos"],"inLanguage":"es-AR","potentialAction":[{"@type":"CommentAction","name":"Comment","target":["https:\/\/aldiachaco.com.ar\/index.php\/2026\/02\/13\/revelan-la-verdadera-razon-de-la-internacion-de-luciano-castro-adiccion-a-la-marihuana\/#respond"]}]},{"@type":"WebPage","@id":"https:\/\/aldiachaco.com.ar\/index.php\/2026\/02\/13\/revelan-la-verdadera-razon-de-la-internacion-de-luciano-castro-adiccion-a-la-marihuana\/","url":"https:\/\/aldiachaco.com.ar\/index.php\/2026\/02\/13\/revelan-la-verdadera-razon-de-la-internacion-de-luciano-castro-adiccion-a-la-marihuana\/","name":"Revelan la verdadera raz\u00f3n de la internaci\u00f3n de Luciano Castro: adicci\u00f3n a la marihuana | Al Dia Chaco","isPartOf":{"@id":"https:\/\/aldiachaco.com.ar\/#website"},"primaryImageOfPage":{"@id":"https:\/\/aldiachaco.com.ar\/index.php\/2026\/02\/13\/revelan-la-verdadera-razon-de-la-internacion-de-luciano-castro-adiccion-a-la-marihuana\/#primaryimage"},"image":{"@id":"https:\/\/aldiachaco.com.ar\/index.php\/2026\/02\/13\/revelan-la-verdadera-razon-de-la-internacion-de-luciano-castro-adiccion-a-la-marihuana\/#primaryimage"},"thumbnailUrl":"https:\/\/aldiachaco.com.ar\/wp-content\/uploads\/2026\/02\/1302castro.jpg","datePublished":"2026-02-13T16:30:32+00:00","breadcrumb":{"@id":"https:\/\/aldiachaco.com.ar\/index.php\/2026\/02\/13\/revelan-la-verdadera-razon-de-la-internacion-de-luciano-castro-adiccion-a-la-marihuana\/#breadcrumb"},"inLanguage":"es-AR","potentialAction":[{"@type":"ReadAction","target":["https:\/\/aldiachaco.com.ar\/index.php\/2026\/02\/13\/revelan-la-verdadera-razon-de-la-internacion-de-luciano-castro-adiccion-a-la-marihuana\/"]}]},{"@type":"ImageObject","inLanguage":"es-AR","@id":"https:\/\/aldiachaco.com.ar\/index.php\/2026\/02\/13\/revelan-la-verdadera-razon-de-la-internacion-de-luciano-castro-adiccion-a-la-marihuana\/#primaryimage","url":"https:\/\/aldiachaco.com.ar\/wp-content\/uploads\/2026\/02\/1302castro.jpg","contentUrl":"https:\/\/aldiachaco.com.ar\/wp-content\/uploads\/2026\/02\/1302castro.jpg","width":1200,"height":740},{"@type":"BreadcrumbList","@id":"https:\/\/aldiachaco.com.ar\/index.php\/2026\/02\/13\/revelan-la-verdadera-razon-de-la-internacion-de-luciano-castro-adiccion-a-la-marihuana\/#breadcrumb","itemListElement":[{"@type":"ListItem","position":1,"name":"Home","item":"https:\/\/aldiachaco.com.ar\/"},{"@type":"ListItem","position":2,"name":"Revelan la verdadera raz\u00f3n de la internaci\u00f3n de Luciano Castro: adicci\u00f3n a la marihuana"}]},{"@type":"WebSite","@id":"https:\/\/aldiachaco.com.ar\/#website","url":"https:\/\/aldiachaco.com.ar\/","name":"Al Dia Chaco","description":"Noticias del Chaco y el mundo","publisher":{"@id":"https:\/\/aldiachaco.com.ar\/#organization"},"alternateName":"Al D\u00eda Chaco","potentialAction":[{"@type":"SearchAction","target":{"@type":"EntryPoint","urlTemplate":"https:\/\/aldiachaco.com.ar\/?s={search_term_string}"},"query-input":{"@type":"PropertyValueSpecification","valueRequired":true,"valueName":"search_term_string"}}],"inLanguage":"es-AR"},{"@type":"Organization","@id":"https:\/\/aldiachaco.com.ar\/#organization","name":"Al Dia Chaco","url":"https:\/\/aldiachaco.com.ar\/","logo":{"@type":"ImageObject","inLanguage":"es-AR","@id":"https:\/\/aldiachaco.com.ar\/#\/schema\/logo\/image\/","url":"https:\/\/aldiachaco.com.ar\/wp-content\/uploads\/2017\/11\/AL-DIA-CHACO-L@2x.png","contentUrl":"https:\/\/aldiachaco.com.ar\/wp-content\/uploads\/2017\/11\/AL-DIA-CHACO-L@2x.png","width":232,"height":60,"caption":"Al Dia Chaco"},"image":{"@id":"https:\/\/aldiachaco.com.ar\/#\/schema\/logo\/image\/"}},{"@type":"Person","@id":"https:\/\/aldiachaco.com.ar\/#\/schema\/person\/b24e975af8022082f5889a7a7299e962","name":"RedaccionRM","image":{"@type":"ImageObject","inLanguage":"es-AR","@id":"https:\/\/aldiachaco.com.ar\/wp-content\/litespeed\/avatar\/a30118fcb7a6295303f1c91164c6aba1.jpg?ver=1777339088","url":"https:\/\/aldiachaco.com.ar\/wp-content\/litespeed\/avatar\/a30118fcb7a6295303f1c91164c6aba1.jpg?ver=1777339088","contentUrl":"https:\/\/aldiachaco.com.ar\/wp-content\/litespeed\/avatar\/a30118fcb7a6295303f1c91164c6aba1.jpg?ver=1777339088","caption":"RedaccionRM"},"url":"https:\/\/aldiachaco.com.ar\/index.php\/author\/redaccionrm\/"}]}},"jetpack_publicize_connections":[],"jetpack_featured_media_url":"https:\/\/aldiachaco.com.ar\/wp-content\/uploads\/2026\/02\/1302castro.jpg","jetpack_sharing_enabled":true,"amp_enabled":true,"_links":{"self":[{"href":"https:\/\/aldiachaco.com.ar\/index.php\/wp-json\/wp\/v2\/posts\/116978","targetHints":{"allow":["GET"]}}],"collection":[{"href":"https:\/\/aldiachaco.com.ar\/index.php\/wp-json\/wp\/v2\/posts"}],"about":[{"href":"https:\/\/aldiachaco.com.ar\/index.php\/wp-json\/wp\/v2\/types\/post"}],"author":[{"embeddable":true,"href":"https:\/\/aldiachaco.com.ar\/index.php\/wp-json\/wp\/v2\/users\/9"}],"replies":[{"embeddable":true,"href":"https:\/\/aldiachaco.com.ar\/index.php\/wp-json\/wp\/v2\/comments?post=116978"}],"version-history":[{"count":1,"href":"https:\/\/aldiachaco.com.ar\/index.php\/wp-json\/wp\/v2\/posts\/116978\/revisions"}],"predecessor-version":[{"id":116980,"href":"https:\/\/aldiachaco.com.ar\/index.php\/wp-json\/wp\/v2\/posts\/116978\/revisions\/116980"}],"wp:featuredmedia":[{"embeddable":true,"href":"https:\/\/aldiachaco.com.ar\/index.php\/wp-json\/wp\/v2\/media\/116979"}],"wp:attachment":[{"href":"https:\/\/aldiachaco.com.ar\/index.php\/wp-json\/wp\/v2\/media?parent=116978"}],"wp:term":[{"taxonomy":"category","embeddable":true,"href":"https:\/\/aldiachaco.com.ar\/index.php\/wp-json\/wp\/v2\/categories?post=116978"},{"taxonomy":"post_tag","embeddable":true,"href":"https:\/\/aldiachaco.com.ar\/index.php\/wp-json\/wp\/v2\/tags?post=116978"}],"curies":[{"name":"wp","href":"https:\/\/api.w.org\/{rel}","templated":true}]}}