{"id":116954,"date":"2026-02-13T09:17:21","date_gmt":"2026-02-13T12:17:21","guid":{"rendered":"https:\/\/aldiachaco.com.ar\/?p=116954"},"modified":"2026-02-13T09:17:21","modified_gmt":"2026-02-13T12:17:21","slug":"secuestran-elementos-clave-vinculados-al-homicidio-de-jose-lugo-en-tres-isletas","status":"publish","type":"post","link":"https:\/\/aldiachaco.com.ar\/index.php\/2026\/02\/13\/secuestran-elementos-clave-vinculados-al-homicidio-de-jose-lugo-en-tres-isletas\/","title":{"rendered":"Secuestran elementos clave vinculados al homicidio de Jos\u00e9 Lugo en Tres Isletas"},"content":{"rendered":"<p>En el marco de la investigaci\u00f3n por el homicidio del joven Jos\u00e9 Lugo, que ya tiene a tres personas detenidas, la Divisi\u00f3n Investigaciones Complejas de Castelli junto a ayudantes de fiscales llevaron a cabo tres allanamientos en los que secuestraron elementos de inter\u00e9s para la causa.<\/p>\n<p>&nbsp;<\/p>\n<p>El primer operativo se realiz\u00f3 sobre avenida Hip\u00f3lito Irigoyen, en el centro de Tres Isletas, donde incautaron una motocicleta Motomel Dlx 110 cc que habr\u00eda sido utilizada en el hecho.<\/p>\n<p><img loading=\"lazy\" decoding=\"async\" class=\"alignnone size-medium wp-image-116956\" src=\"https:\/\/aldiachaco.com.ar\/wp-content\/uploads\/2026\/02\/IMG-20260213-WA0010-300x225.jpg\" alt=\"\" width=\"300\" height=\"225\" srcset=\"https:\/\/aldiachaco.com.ar\/wp-content\/uploads\/2026\/02\/IMG-20260213-WA0010-300x225.jpg 300w, https:\/\/aldiachaco.com.ar\/wp-content\/uploads\/2026\/02\/IMG-20260213-WA0010-1024x768.jpg 1024w, https:\/\/aldiachaco.com.ar\/wp-content\/uploads\/2026\/02\/IMG-20260213-WA0010-768x576.jpg 768w, https:\/\/aldiachaco.com.ar\/wp-content\/uploads\/2026\/02\/IMG-20260213-WA0010-627x470.jpg 627w, https:\/\/aldiachaco.com.ar\/wp-content\/uploads\/2026\/02\/IMG-20260213-WA0010-600x450.jpg 600w, https:\/\/aldiachaco.com.ar\/wp-content\/uploads\/2026\/02\/IMG-20260213-WA0010.jpg 1280w\" sizes=\"auto, (max-width: 300px) 100vw, 300px\" \/><\/p>\n<p>El segundo allanamiento tuvo lugar en el barrio Reserva Norte. All\u00ed los investigadores hallaron un par de zapatillas y una remera que, seg\u00fan las primeras pesquisas, estar\u00edan vinculadas al crimen.<\/p>\n<p><img loading=\"lazy\" decoding=\"async\" class=\"alignnone size-medium wp-image-116957\" src=\"https:\/\/aldiachaco.com.ar\/wp-content\/uploads\/2026\/02\/IMG-20260213-WA0011-169x300.jpg\" alt=\"\" width=\"169\" height=\"300\" srcset=\"https:\/\/aldiachaco.com.ar\/wp-content\/uploads\/2026\/02\/IMG-20260213-WA0011-169x300.jpg 169w, https:\/\/aldiachaco.com.ar\/wp-content\/uploads\/2026\/02\/IMG-20260213-WA0011-576x1024.jpg 576w, https:\/\/aldiachaco.com.ar\/wp-content\/uploads\/2026\/02\/IMG-20260213-WA0011-264x470.jpg 264w, https:\/\/aldiachaco.com.ar\/wp-content\/uploads\/2026\/02\/IMG-20260213-WA0011-600x1067.jpg 600w, https:\/\/aldiachaco.com.ar\/wp-content\/uploads\/2026\/02\/IMG-20260213-WA0011.jpg 720w\" sizes=\"auto, (max-width: 169px) 100vw, 169px\" \/><\/p>\n<p>En el tercer registro, en el Paraje 71, se secuestraron una bermuda, un cinto, una gorra, tres tel\u00e9fonos celulares y un rev\u00f3lver calibre 22 con una vaina servida.<\/p>\n<p><img loading=\"lazy\" decoding=\"async\" class=\"alignnone size-medium wp-image-116958\" src=\"https:\/\/aldiachaco.com.ar\/wp-content\/uploads\/2026\/02\/IMG-20260213-WA0008-178x300.jpg\" alt=\"\" width=\"178\" height=\"300\" srcset=\"https:\/\/aldiachaco.com.ar\/wp-content\/uploads\/2026\/02\/IMG-20260213-WA0008-178x300.jpg 178w, https:\/\/aldiachaco.com.ar\/wp-content\/uploads\/2026\/02\/IMG-20260213-WA0008-606x1024.jpg 606w, https:\/\/aldiachaco.com.ar\/wp-content\/uploads\/2026\/02\/IMG-20260213-WA0008-278x470.jpg 278w, https:\/\/aldiachaco.com.ar\/wp-content\/uploads\/2026\/02\/IMG-20260213-WA0008-600x1013.jpg 600w, https:\/\/aldiachaco.com.ar\/wp-content\/uploads\/2026\/02\/IMG-20260213-WA0008.jpg 758w\" sizes=\"auto, (max-width: 178px) 100vw, 178px\" \/><\/p>\n<p><img loading=\"lazy\" decoding=\"async\" class=\"alignnone size-medium wp-image-116959\" src=\"https:\/\/aldiachaco.com.ar\/wp-content\/uploads\/2026\/02\/IMG-20260213-WA0007-169x300.jpg\" alt=\"\" width=\"169\" height=\"300\" srcset=\"https:\/\/aldiachaco.com.ar\/wp-content\/uploads\/2026\/02\/IMG-20260213-WA0007-169x300.jpg 169w, https:\/\/aldiachaco.com.ar\/wp-content\/uploads\/2026\/02\/IMG-20260213-WA0007-576x1024.jpg 576w, https:\/\/aldiachaco.com.ar\/wp-content\/uploads\/2026\/02\/IMG-20260213-WA0007-264x470.jpg 264w, https:\/\/aldiachaco.com.ar\/wp-content\/uploads\/2026\/02\/IMG-20260213-WA0007-600x1067.jpg 600w, https:\/\/aldiachaco.com.ar\/wp-content\/uploads\/2026\/02\/IMG-20260213-WA0007.jpg 720w\" sizes=\"auto, (max-width: 169px) 100vw, 169px\" \/> <img loading=\"lazy\" decoding=\"async\" class=\"alignnone size-medium wp-image-116960\" src=\"https:\/\/aldiachaco.com.ar\/wp-content\/uploads\/2026\/02\/IMG-20260213-WA0006-251x300.jpg\" alt=\"\" width=\"251\" height=\"300\" srcset=\"https:\/\/aldiachaco.com.ar\/wp-content\/uploads\/2026\/02\/IMG-20260213-WA0006-251x300.jpg 251w, https:\/\/aldiachaco.com.ar\/wp-content\/uploads\/2026\/02\/IMG-20260213-WA0006-393x470.jpg 393w, https:\/\/aldiachaco.com.ar\/wp-content\/uploads\/2026\/02\/IMG-20260213-WA0006-600x718.jpg 600w, https:\/\/aldiachaco.com.ar\/wp-content\/uploads\/2026\/02\/IMG-20260213-WA0006.jpg 720w\" sizes=\"auto, (max-width: 251px) 100vw, 251px\" \/><\/p>\n<p>Todos los elementos incautados fueron puestos a disposici\u00f3n de la Justicia y ser\u00e1n sometidos a pericias para determinar su relaci\u00f3n con el homicidio. Las investigaciones contin\u00faan para esclarecer completamente el hecho.<\/p>\n","protected":false},"excerpt":{"rendered":"<p>En el marco de la investigaci\u00f3n por el homicidio del joven Jos\u00e9 Lugo, que ya tiene a tres personas detenidas, la Divisi\u00f3n Investigaciones Complejas de Castelli junto a ayudantes de fiscales llevaron a cabo tres allanamientos en los que secuestraron elementos de inter\u00e9s para la causa. &nbsp; El primer operativo se realiz\u00f3 sobre avenida Hip\u00f3lito &hellip;<\/p>\n","protected":false},"author":9,"featured_media":116955,"comment_status":"open","ping_status":"open","sticky":false,"template":"","format":"standard","meta":{"content-type":"","_monsterinsights_skip_tracking":false,"_monsterinsights_sitenote_active":false,"_monsterinsights_sitenote_note":"","_monsterinsights_sitenote_category":0,"_jetpack_memberships_contains_paid_content":false,"footnotes":"","jetpack_publicize_message":"","jetpack_publicize_feature_enabled":true,"jetpack_social_post_already_shared":true,"jetpack_social_options":{"image_generator_settings":{"template":"highway","default_image_id":0,"font":"","enabled":false},"version":2}},"categories":[243],"tags":[],"class_list":["post-116954","post","type-post","status-publish","format-standard","has-post-thumbnail","hentry","category-tres-isletas"],"yoast_head":"<!-- This site is optimized with the Yoast SEO plugin v27.4 - https:\/\/yoast.com\/product\/yoast-seo-wordpress\/ -->\n<title>Secuestran elementos clave vinculados al homicidio de Jos\u00e9 Lugo en Tres Isletas | Al Dia Chaco<\/title>\n<meta name=\"robots\" content=\"index, follow, max-snippet:-1, max-image-preview:large, max-video-preview:-1\" \/>\n<link rel=\"canonical\" href=\"https:\/\/aldiachaco.com.ar\/index.php\/2026\/02\/13\/secuestran-elementos-clave-vinculados-al-homicidio-de-jose-lugo-en-tres-isletas\/\" \/>\n<meta property=\"og:locale\" content=\"es_ES\" \/>\n<meta property=\"og:type\" content=\"article\" \/>\n<meta property=\"og:title\" content=\"Secuestran elementos clave vinculados al homicidio de Jos\u00e9 Lugo en Tres Isletas | Al Dia Chaco\" \/>\n<meta property=\"og:description\" content=\"En el marco de la investigaci\u00f3n por el homicidio del joven Jos\u00e9 Lugo, que ya tiene a tres personas detenidas, la Divisi\u00f3n Investigaciones Complejas de Castelli junto a ayudantes de fiscales llevaron a cabo tres allanamientos en los que secuestraron elementos de inter\u00e9s para la causa. &nbsp; El primer operativo se realiz\u00f3 sobre avenida Hip\u00f3lito &hellip;\" \/>\n<meta property=\"og:url\" content=\"https:\/\/aldiachaco.com.ar\/index.php\/2026\/02\/13\/secuestran-elementos-clave-vinculados-al-homicidio-de-jose-lugo-en-tres-isletas\/\" \/>\n<meta property=\"og:site_name\" content=\"Al Dia Chaco\" \/>\n<meta property=\"article:published_time\" content=\"2026-02-13T12:17:21+00:00\" \/>\n<meta property=\"og:image\" content=\"https:\/\/aldiachaco.com.ar\/wp-content\/uploads\/2026\/02\/IMG-20260213-WA0009.jpg\" \/>\n\t<meta property=\"og:image:width\" content=\"1280\" \/>\n\t<meta property=\"og:image:height\" content=\"960\" \/>\n\t<meta property=\"og:image:type\" content=\"image\/jpeg\" \/>\n<meta name=\"author\" content=\"RedaccionRM\" \/>\n<meta name=\"twitter:card\" content=\"summary_large_image\" \/>\n<meta name=\"twitter:label1\" content=\"Escrito por\" \/>\n\t<meta name=\"twitter:data1\" content=\"RedaccionRM\" \/>\n\t<meta name=\"twitter:label2\" content=\"Tiempo de lectura\" \/>\n\t<meta name=\"twitter:data2\" content=\"2 minutos\" \/>\n<script type=\"application\/ld+json\" class=\"yoast-schema-graph\">{\"@context\":\"https:\\\/\\\/schema.org\",\"@graph\":[{\"@type\":\"Article\",\"@id\":\"https:\\\/\\\/aldiachaco.com.ar\\\/index.php\\\/2026\\\/02\\\/13\\\/secuestran-elementos-clave-vinculados-al-homicidio-de-jose-lugo-en-tres-isletas\\\/#article\",\"isPartOf\":{\"@id\":\"https:\\\/\\\/aldiachaco.com.ar\\\/index.php\\\/2026\\\/02\\\/13\\\/secuestran-elementos-clave-vinculados-al-homicidio-de-jose-lugo-en-tres-isletas\\\/\"},\"author\":{\"name\":\"RedaccionRM\",\"@id\":\"https:\\\/\\\/aldiachaco.com.ar\\\/#\\\/schema\\\/person\\\/b24e975af8022082f5889a7a7299e962\"},\"headline\":\"Secuestran elementos clave vinculados al homicidio de Jos\u00e9 Lugo en Tres Isletas\",\"datePublished\":\"2026-02-13T12:17:21+00:00\",\"mainEntityOfPage\":{\"@id\":\"https:\\\/\\\/aldiachaco.com.ar\\\/index.php\\\/2026\\\/02\\\/13\\\/secuestran-elementos-clave-vinculados-al-homicidio-de-jose-lugo-en-tres-isletas\\\/\"},\"wordCount\":188,\"commentCount\":0,\"publisher\":{\"@id\":\"https:\\\/\\\/aldiachaco.com.ar\\\/#organization\"},\"image\":{\"@id\":\"https:\\\/\\\/aldiachaco.com.ar\\\/index.php\\\/2026\\\/02\\\/13\\\/secuestran-elementos-clave-vinculados-al-homicidio-de-jose-lugo-en-tres-isletas\\\/#primaryimage\"},\"thumbnailUrl\":\"https:\\\/\\\/aldiachaco.com.ar\\\/wp-content\\\/uploads\\\/2026\\\/02\\\/IMG-20260213-WA0009.jpg\",\"articleSection\":[\"Tres Isletas\"],\"inLanguage\":\"es-AR\",\"potentialAction\":[{\"@type\":\"CommentAction\",\"name\":\"Comment\",\"target\":[\"https:\\\/\\\/aldiachaco.com.ar\\\/index.php\\\/2026\\\/02\\\/13\\\/secuestran-elementos-clave-vinculados-al-homicidio-de-jose-lugo-en-tres-isletas\\\/#respond\"]}]},{\"@type\":\"WebPage\",\"@id\":\"https:\\\/\\\/aldiachaco.com.ar\\\/index.php\\\/2026\\\/02\\\/13\\\/secuestran-elementos-clave-vinculados-al-homicidio-de-jose-lugo-en-tres-isletas\\\/\",\"url\":\"https:\\\/\\\/aldiachaco.com.ar\\\/index.php\\\/2026\\\/02\\\/13\\\/secuestran-elementos-clave-vinculados-al-homicidio-de-jose-lugo-en-tres-isletas\\\/\",\"name\":\"Secuestran elementos clave vinculados al homicidio de Jos\u00e9 Lugo en Tres Isletas | Al Dia Chaco\",\"isPartOf\":{\"@id\":\"https:\\\/\\\/aldiachaco.com.ar\\\/#website\"},\"primaryImageOfPage\":{\"@id\":\"https:\\\/\\\/aldiachaco.com.ar\\\/index.php\\\/2026\\\/02\\\/13\\\/secuestran-elementos-clave-vinculados-al-homicidio-de-jose-lugo-en-tres-isletas\\\/#primaryimage\"},\"image\":{\"@id\":\"https:\\\/\\\/aldiachaco.com.ar\\\/index.php\\\/2026\\\/02\\\/13\\\/secuestran-elementos-clave-vinculados-al-homicidio-de-jose-lugo-en-tres-isletas\\\/#primaryimage\"},\"thumbnailUrl\":\"https:\\\/\\\/aldiachaco.com.ar\\\/wp-content\\\/uploads\\\/2026\\\/02\\\/IMG-20260213-WA0009.jpg\",\"datePublished\":\"2026-02-13T12:17:21+00:00\",\"breadcrumb\":{\"@id\":\"https:\\\/\\\/aldiachaco.com.ar\\\/index.php\\\/2026\\\/02\\\/13\\\/secuestran-elementos-clave-vinculados-al-homicidio-de-jose-lugo-en-tres-isletas\\\/#breadcrumb\"},\"inLanguage\":\"es-AR\",\"potentialAction\":[{\"@type\":\"ReadAction\",\"target\":[\"https:\\\/\\\/aldiachaco.com.ar\\\/index.php\\\/2026\\\/02\\\/13\\\/secuestran-elementos-clave-vinculados-al-homicidio-de-jose-lugo-en-tres-isletas\\\/\"]}]},{\"@type\":\"ImageObject\",\"inLanguage\":\"es-AR\",\"@id\":\"https:\\\/\\\/aldiachaco.com.ar\\\/index.php\\\/2026\\\/02\\\/13\\\/secuestran-elementos-clave-vinculados-al-homicidio-de-jose-lugo-en-tres-isletas\\\/#primaryimage\",\"url\":\"https:\\\/\\\/aldiachaco.com.ar\\\/wp-content\\\/uploads\\\/2026\\\/02\\\/IMG-20260213-WA0009.jpg\",\"contentUrl\":\"https:\\\/\\\/aldiachaco.com.ar\\\/wp-content\\\/uploads\\\/2026\\\/02\\\/IMG-20260213-WA0009.jpg\",\"width\":1280,\"height\":960},{\"@type\":\"BreadcrumbList\",\"@id\":\"https:\\\/\\\/aldiachaco.com.ar\\\/index.php\\\/2026\\\/02\\\/13\\\/secuestran-elementos-clave-vinculados-al-homicidio-de-jose-lugo-en-tres-isletas\\\/#breadcrumb\",\"itemListElement\":[{\"@type\":\"ListItem\",\"position\":1,\"name\":\"Home\",\"item\":\"https:\\\/\\\/aldiachaco.com.ar\\\/\"},{\"@type\":\"ListItem\",\"position\":2,\"name\":\"Secuestran elementos clave vinculados al homicidio de Jos\u00e9 Lugo en Tres Isletas\"}]},{\"@type\":\"WebSite\",\"@id\":\"https:\\\/\\\/aldiachaco.com.ar\\\/#website\",\"url\":\"https:\\\/\\\/aldiachaco.com.ar\\\/\",\"name\":\"Al Dia Chaco\",\"description\":\"Noticias del Chaco y el mundo\",\"publisher\":{\"@id\":\"https:\\\/\\\/aldiachaco.com.ar\\\/#organization\"},\"alternateName\":\"Al D\u00eda Chaco\",\"potentialAction\":[{\"@type\":\"SearchAction\",\"target\":{\"@type\":\"EntryPoint\",\"urlTemplate\":\"https:\\\/\\\/aldiachaco.com.ar\\\/?s={search_term_string}\"},\"query-input\":{\"@type\":\"PropertyValueSpecification\",\"valueRequired\":true,\"valueName\":\"search_term_string\"}}],\"inLanguage\":\"es-AR\"},{\"@type\":\"Organization\",\"@id\":\"https:\\\/\\\/aldiachaco.com.ar\\\/#organization\",\"name\":\"Al Dia Chaco\",\"url\":\"https:\\\/\\\/aldiachaco.com.ar\\\/\",\"logo\":{\"@type\":\"ImageObject\",\"inLanguage\":\"es-AR\",\"@id\":\"https:\\\/\\\/aldiachaco.com.ar\\\/#\\\/schema\\\/logo\\\/image\\\/\",\"url\":\"https:\\\/\\\/aldiachaco.com.ar\\\/wp-content\\\/uploads\\\/2017\\\/11\\\/AL-DIA-CHACO-L@2x.png\",\"contentUrl\":\"https:\\\/\\\/aldiachaco.com.ar\\\/wp-content\\\/uploads\\\/2017\\\/11\\\/AL-DIA-CHACO-L@2x.png\",\"width\":232,\"height\":60,\"caption\":\"Al Dia Chaco\"},\"image\":{\"@id\":\"https:\\\/\\\/aldiachaco.com.ar\\\/#\\\/schema\\\/logo\\\/image\\\/\"}},{\"@type\":\"Person\",\"@id\":\"https:\\\/\\\/aldiachaco.com.ar\\\/#\\\/schema\\\/person\\\/b24e975af8022082f5889a7a7299e962\",\"name\":\"RedaccionRM\",\"image\":{\"@type\":\"ImageObject\",\"inLanguage\":\"es-AR\",\"@id\":\"https:\\\/\\\/aldiachaco.com.ar\\\/wp-content\\\/litespeed\\\/avatar\\\/a30118fcb7a6295303f1c91164c6aba1.jpg?ver=1777339088\",\"url\":\"https:\\\/\\\/aldiachaco.com.ar\\\/wp-content\\\/litespeed\\\/avatar\\\/a30118fcb7a6295303f1c91164c6aba1.jpg?ver=1777339088\",\"contentUrl\":\"https:\\\/\\\/aldiachaco.com.ar\\\/wp-content\\\/litespeed\\\/avatar\\\/a30118fcb7a6295303f1c91164c6aba1.jpg?ver=1777339088\",\"caption\":\"RedaccionRM\"},\"url\":\"https:\\\/\\\/aldiachaco.com.ar\\\/index.php\\\/author\\\/redaccionrm\\\/\"}]}<\/script>\n<!-- \/ Yoast SEO plugin. -->","yoast_head_json":{"title":"Secuestran elementos clave vinculados al homicidio de Jos\u00e9 Lugo en Tres Isletas | Al Dia Chaco","robots":{"index":"index","follow":"follow","max-snippet":"max-snippet:-1","max-image-preview":"max-image-preview:large","max-video-preview":"max-video-preview:-1"},"canonical":"https:\/\/aldiachaco.com.ar\/index.php\/2026\/02\/13\/secuestran-elementos-clave-vinculados-al-homicidio-de-jose-lugo-en-tres-isletas\/","og_locale":"es_ES","og_type":"article","og_title":"Secuestran elementos clave vinculados al homicidio de Jos\u00e9 Lugo en Tres Isletas | Al Dia Chaco","og_description":"En el marco de la investigaci\u00f3n por el homicidio del joven Jos\u00e9 Lugo, que ya tiene a tres personas detenidas, la Divisi\u00f3n Investigaciones Complejas de Castelli junto a ayudantes de fiscales llevaron a cabo tres allanamientos en los que secuestraron elementos de inter\u00e9s para la causa. &nbsp; El primer operativo se realiz\u00f3 sobre avenida Hip\u00f3lito &hellip;","og_url":"https:\/\/aldiachaco.com.ar\/index.php\/2026\/02\/13\/secuestran-elementos-clave-vinculados-al-homicidio-de-jose-lugo-en-tres-isletas\/","og_site_name":"Al Dia Chaco","article_published_time":"2026-02-13T12:17:21+00:00","og_image":[{"width":1280,"height":960,"url":"https:\/\/aldiachaco.com.ar\/wp-content\/uploads\/2026\/02\/IMG-20260213-WA0009.jpg","type":"image\/jpeg"}],"author":"RedaccionRM","twitter_card":"summary_large_image","twitter_misc":{"Escrito por":"RedaccionRM","Tiempo de lectura":"2 minutos"},"schema":{"@context":"https:\/\/schema.org","@graph":[{"@type":"Article","@id":"https:\/\/aldiachaco.com.ar\/index.php\/2026\/02\/13\/secuestran-elementos-clave-vinculados-al-homicidio-de-jose-lugo-en-tres-isletas\/#article","isPartOf":{"@id":"https:\/\/aldiachaco.com.ar\/index.php\/2026\/02\/13\/secuestran-elementos-clave-vinculados-al-homicidio-de-jose-lugo-en-tres-isletas\/"},"author":{"name":"RedaccionRM","@id":"https:\/\/aldiachaco.com.ar\/#\/schema\/person\/b24e975af8022082f5889a7a7299e962"},"headline":"Secuestran elementos clave vinculados al homicidio de Jos\u00e9 Lugo en Tres Isletas","datePublished":"2026-02-13T12:17:21+00:00","mainEntityOfPage":{"@id":"https:\/\/aldiachaco.com.ar\/index.php\/2026\/02\/13\/secuestran-elementos-clave-vinculados-al-homicidio-de-jose-lugo-en-tres-isletas\/"},"wordCount":188,"commentCount":0,"publisher":{"@id":"https:\/\/aldiachaco.com.ar\/#organization"},"image":{"@id":"https:\/\/aldiachaco.com.ar\/index.php\/2026\/02\/13\/secuestran-elementos-clave-vinculados-al-homicidio-de-jose-lugo-en-tres-isletas\/#primaryimage"},"thumbnailUrl":"https:\/\/aldiachaco.com.ar\/wp-content\/uploads\/2026\/02\/IMG-20260213-WA0009.jpg","articleSection":["Tres Isletas"],"inLanguage":"es-AR","potentialAction":[{"@type":"CommentAction","name":"Comment","target":["https:\/\/aldiachaco.com.ar\/index.php\/2026\/02\/13\/secuestran-elementos-clave-vinculados-al-homicidio-de-jose-lugo-en-tres-isletas\/#respond"]}]},{"@type":"WebPage","@id":"https:\/\/aldiachaco.com.ar\/index.php\/2026\/02\/13\/secuestran-elementos-clave-vinculados-al-homicidio-de-jose-lugo-en-tres-isletas\/","url":"https:\/\/aldiachaco.com.ar\/index.php\/2026\/02\/13\/secuestran-elementos-clave-vinculados-al-homicidio-de-jose-lugo-en-tres-isletas\/","name":"Secuestran elementos clave vinculados al homicidio de Jos\u00e9 Lugo en Tres Isletas | Al Dia Chaco","isPartOf":{"@id":"https:\/\/aldiachaco.com.ar\/#website"},"primaryImageOfPage":{"@id":"https:\/\/aldiachaco.com.ar\/index.php\/2026\/02\/13\/secuestran-elementos-clave-vinculados-al-homicidio-de-jose-lugo-en-tres-isletas\/#primaryimage"},"image":{"@id":"https:\/\/aldiachaco.com.ar\/index.php\/2026\/02\/13\/secuestran-elementos-clave-vinculados-al-homicidio-de-jose-lugo-en-tres-isletas\/#primaryimage"},"thumbnailUrl":"https:\/\/aldiachaco.com.ar\/wp-content\/uploads\/2026\/02\/IMG-20260213-WA0009.jpg","datePublished":"2026-02-13T12:17:21+00:00","breadcrumb":{"@id":"https:\/\/aldiachaco.com.ar\/index.php\/2026\/02\/13\/secuestran-elementos-clave-vinculados-al-homicidio-de-jose-lugo-en-tres-isletas\/#breadcrumb"},"inLanguage":"es-AR","potentialAction":[{"@type":"ReadAction","target":["https:\/\/aldiachaco.com.ar\/index.php\/2026\/02\/13\/secuestran-elementos-clave-vinculados-al-homicidio-de-jose-lugo-en-tres-isletas\/"]}]},{"@type":"ImageObject","inLanguage":"es-AR","@id":"https:\/\/aldiachaco.com.ar\/index.php\/2026\/02\/13\/secuestran-elementos-clave-vinculados-al-homicidio-de-jose-lugo-en-tres-isletas\/#primaryimage","url":"https:\/\/aldiachaco.com.ar\/wp-content\/uploads\/2026\/02\/IMG-20260213-WA0009.jpg","contentUrl":"https:\/\/aldiachaco.com.ar\/wp-content\/uploads\/2026\/02\/IMG-20260213-WA0009.jpg","width":1280,"height":960},{"@type":"BreadcrumbList","@id":"https:\/\/aldiachaco.com.ar\/index.php\/2026\/02\/13\/secuestran-elementos-clave-vinculados-al-homicidio-de-jose-lugo-en-tres-isletas\/#breadcrumb","itemListElement":[{"@type":"ListItem","position":1,"name":"Home","item":"https:\/\/aldiachaco.com.ar\/"},{"@type":"ListItem","position":2,"name":"Secuestran elementos clave vinculados al homicidio de Jos\u00e9 Lugo en Tres Isletas"}]},{"@type":"WebSite","@id":"https:\/\/aldiachaco.com.ar\/#website","url":"https:\/\/aldiachaco.com.ar\/","name":"Al Dia Chaco","description":"Noticias del Chaco y el mundo","publisher":{"@id":"https:\/\/aldiachaco.com.ar\/#organization"},"alternateName":"Al D\u00eda Chaco","potentialAction":[{"@type":"SearchAction","target":{"@type":"EntryPoint","urlTemplate":"https:\/\/aldiachaco.com.ar\/?s={search_term_string}"},"query-input":{"@type":"PropertyValueSpecification","valueRequired":true,"valueName":"search_term_string"}}],"inLanguage":"es-AR"},{"@type":"Organization","@id":"https:\/\/aldiachaco.com.ar\/#organization","name":"Al Dia Chaco","url":"https:\/\/aldiachaco.com.ar\/","logo":{"@type":"ImageObject","inLanguage":"es-AR","@id":"https:\/\/aldiachaco.com.ar\/#\/schema\/logo\/image\/","url":"https:\/\/aldiachaco.com.ar\/wp-content\/uploads\/2017\/11\/AL-DIA-CHACO-L@2x.png","contentUrl":"https:\/\/aldiachaco.com.ar\/wp-content\/uploads\/2017\/11\/AL-DIA-CHACO-L@2x.png","width":232,"height":60,"caption":"Al Dia Chaco"},"image":{"@id":"https:\/\/aldiachaco.com.ar\/#\/schema\/logo\/image\/"}},{"@type":"Person","@id":"https:\/\/aldiachaco.com.ar\/#\/schema\/person\/b24e975af8022082f5889a7a7299e962","name":"RedaccionRM","image":{"@type":"ImageObject","inLanguage":"es-AR","@id":"https:\/\/aldiachaco.com.ar\/wp-content\/litespeed\/avatar\/a30118fcb7a6295303f1c91164c6aba1.jpg?ver=1777339088","url":"https:\/\/aldiachaco.com.ar\/wp-content\/litespeed\/avatar\/a30118fcb7a6295303f1c91164c6aba1.jpg?ver=1777339088","contentUrl":"https:\/\/aldiachaco.com.ar\/wp-content\/litespeed\/avatar\/a30118fcb7a6295303f1c91164c6aba1.jpg?ver=1777339088","caption":"RedaccionRM"},"url":"https:\/\/aldiachaco.com.ar\/index.php\/author\/redaccionrm\/"}]}},"jetpack_publicize_connections":[],"jetpack_featured_media_url":"https:\/\/aldiachaco.com.ar\/wp-content\/uploads\/2026\/02\/IMG-20260213-WA0009.jpg","jetpack_sharing_enabled":true,"amp_enabled":true,"_links":{"self":[{"href":"https:\/\/aldiachaco.com.ar\/index.php\/wp-json\/wp\/v2\/posts\/116954","targetHints":{"allow":["GET"]}}],"collection":[{"href":"https:\/\/aldiachaco.com.ar\/index.php\/wp-json\/wp\/v2\/posts"}],"about":[{"href":"https:\/\/aldiachaco.com.ar\/index.php\/wp-json\/wp\/v2\/types\/post"}],"author":[{"embeddable":true,"href":"https:\/\/aldiachaco.com.ar\/index.php\/wp-json\/wp\/v2\/users\/9"}],"replies":[{"embeddable":true,"href":"https:\/\/aldiachaco.com.ar\/index.php\/wp-json\/wp\/v2\/comments?post=116954"}],"version-history":[{"count":1,"href":"https:\/\/aldiachaco.com.ar\/index.php\/wp-json\/wp\/v2\/posts\/116954\/revisions"}],"predecessor-version":[{"id":116961,"href":"https:\/\/aldiachaco.com.ar\/index.php\/wp-json\/wp\/v2\/posts\/116954\/revisions\/116961"}],"wp:featuredmedia":[{"embeddable":true,"href":"https:\/\/aldiachaco.com.ar\/index.php\/wp-json\/wp\/v2\/media\/116955"}],"wp:attachment":[{"href":"https:\/\/aldiachaco.com.ar\/index.php\/wp-json\/wp\/v2\/media?parent=116954"}],"wp:term":[{"taxonomy":"category","embeddable":true,"href":"https:\/\/aldiachaco.com.ar\/index.php\/wp-json\/wp\/v2\/categories?post=116954"},{"taxonomy":"post_tag","embeddable":true,"href":"https:\/\/aldiachaco.com.ar\/index.php\/wp-json\/wp\/v2\/tags?post=116954"}],"curies":[{"name":"wp","href":"https:\/\/api.w.org\/{rel}","templated":true}]}}