{"id":116948,"date":"2026-02-13T08:50:50","date_gmt":"2026-02-13T11:50:50","guid":{"rendered":"https:\/\/aldiachaco.com.ar\/?p=116948"},"modified":"2026-02-13T08:50:50","modified_gmt":"2026-02-13T11:50:50","slug":"detuvieron-en-saenz-pena-a-un-hombre-con-tres-pedidos-de-captura-por-estafas","status":"publish","type":"post","link":"https:\/\/aldiachaco.com.ar\/index.php\/2026\/02\/13\/detuvieron-en-saenz-pena-a-un-hombre-con-tres-pedidos-de-captura-por-estafas\/","title":{"rendered":"Detuvieron en S\u00e1enz Pe\u00f1a a un hombre con tres pedidos de captura por estafas"},"content":{"rendered":"<p>Un hombre de 65 a\u00f1os fue detenido esta tarde en Presidencia Roque S\u00e1enz Pe\u00f1a tras ser identificado por efectivos de la Divisi\u00f3n Investigaciones. El sujeto, que era buscado por una denuncia por amenazas con arma, result\u00f3 tener tres pedidos de captura vigentes por estafas, todos solicitados por la Polic\u00eda de la provincia de Chubut.<\/p>\n<p>&nbsp;<\/p>\n<p>Los investigadores llevaban a cabo tareas de campo por il\u00edcitos ocurridos en la ciudad cuando, a ra\u00edz de una denuncia por amenazas, supieron que el agresor de 65 a\u00f1os merodeaba el barrio Obrero. Se dirigieron al lugar y, en la calle 17, observaron a un hombre con caracter\u00edsticas similares al buscado.<\/p>\n<p>&nbsp;<\/p>\n<p>Al identificarlo, confirmaron que se trataba del agresor denunciado. Pero al consultar sus datos en el Sistema Sipcof, descubrieron que adem\u00e1s pesaban sobre \u00e9l tres pedidos de captura por el delito de estafa, todos solicitados por la Polic\u00eda de Chubut.<\/p>\n<p>&nbsp;<\/p>\n<p>El hombre fue trasladado a la dependencia policial y notificado de su aprehensi\u00f3n. Las autoridades contin\u00faan con las diligencias de rigor.<\/p>\n<p>&nbsp;<\/p>\n","protected":false},"excerpt":{"rendered":"<p>Un hombre de 65 a\u00f1os fue detenido esta tarde en Presidencia Roque S\u00e1enz Pe\u00f1a tras ser identificado por efectivos de la Divisi\u00f3n Investigaciones. El sujeto, que era buscado por una denuncia por amenazas con arma, result\u00f3 tener tres pedidos de captura vigentes por estafas, todos solicitados por la Polic\u00eda de la provincia de Chubut. &nbsp; &hellip;<\/p>\n","protected":false},"author":9,"featured_media":116949,"comment_status":"open","ping_status":"open","sticky":false,"template":"","format":"standard","meta":{"content-type":"","_monsterinsights_skip_tracking":false,"_monsterinsights_sitenote_active":false,"_monsterinsights_sitenote_note":"","_monsterinsights_sitenote_category":0,"_jetpack_memberships_contains_paid_content":false,"footnotes":"","jetpack_publicize_message":"","jetpack_publicize_feature_enabled":true,"jetpack_social_post_already_shared":true,"jetpack_social_options":{"image_generator_settings":{"template":"highway","default_image_id":0,"font":"","enabled":false},"version":2}},"categories":[69],"tags":[],"class_list":["post-116948","post","type-post","status-publish","format-standard","has-post-thumbnail","hentry","category-saen-pena"],"yoast_head":"<!-- This site is optimized with the Yoast SEO plugin v27.4 - https:\/\/yoast.com\/product\/yoast-seo-wordpress\/ -->\n<title>Detuvieron en S\u00e1enz Pe\u00f1a a un hombre con tres pedidos de captura por estafas | Al Dia Chaco<\/title>\n<meta name=\"robots\" content=\"index, follow, max-snippet:-1, max-image-preview:large, max-video-preview:-1\" \/>\n<link rel=\"canonical\" href=\"https:\/\/aldiachaco.com.ar\/index.php\/2026\/02\/13\/detuvieron-en-saenz-pena-a-un-hombre-con-tres-pedidos-de-captura-por-estafas\/\" \/>\n<meta property=\"og:locale\" content=\"es_ES\" \/>\n<meta property=\"og:type\" content=\"article\" \/>\n<meta property=\"og:title\" content=\"Detuvieron en S\u00e1enz Pe\u00f1a a un hombre con tres pedidos de captura por estafas | Al Dia Chaco\" \/>\n<meta property=\"og:description\" content=\"Un hombre de 65 a\u00f1os fue detenido esta tarde en Presidencia Roque S\u00e1enz Pe\u00f1a tras ser identificado por efectivos de la Divisi\u00f3n Investigaciones. El sujeto, que era buscado por una denuncia por amenazas con arma, result\u00f3 tener tres pedidos de captura vigentes por estafas, todos solicitados por la Polic\u00eda de la provincia de Chubut. &nbsp; &hellip;\" \/>\n<meta property=\"og:url\" content=\"https:\/\/aldiachaco.com.ar\/index.php\/2026\/02\/13\/detuvieron-en-saenz-pena-a-un-hombre-con-tres-pedidos-de-captura-por-estafas\/\" \/>\n<meta property=\"og:site_name\" content=\"Al Dia Chaco\" \/>\n<meta property=\"article:published_time\" content=\"2026-02-13T11:50:50+00:00\" \/>\n<meta property=\"og:image\" content=\"https:\/\/aldiachaco.com.ar\/wp-content\/uploads\/2026\/02\/IMG-20260213-WA0005.jpg\" \/>\n\t<meta property=\"og:image:width\" content=\"1068\" \/>\n\t<meta property=\"og:image:height\" content=\"1600\" \/>\n\t<meta property=\"og:image:type\" content=\"image\/jpeg\" \/>\n<meta name=\"author\" content=\"RedaccionRM\" \/>\n<meta name=\"twitter:card\" content=\"summary_large_image\" \/>\n<meta name=\"twitter:label1\" content=\"Escrito por\" \/>\n\t<meta name=\"twitter:data1\" content=\"RedaccionRM\" \/>\n\t<meta name=\"twitter:label2\" content=\"Tiempo de lectura\" \/>\n\t<meta name=\"twitter:data2\" content=\"1 minuto\" \/>\n<script type=\"application\/ld+json\" class=\"yoast-schema-graph\">{\"@context\":\"https:\\\/\\\/schema.org\",\"@graph\":[{\"@type\":\"Article\",\"@id\":\"https:\\\/\\\/aldiachaco.com.ar\\\/index.php\\\/2026\\\/02\\\/13\\\/detuvieron-en-saenz-pena-a-un-hombre-con-tres-pedidos-de-captura-por-estafas\\\/#article\",\"isPartOf\":{\"@id\":\"https:\\\/\\\/aldiachaco.com.ar\\\/index.php\\\/2026\\\/02\\\/13\\\/detuvieron-en-saenz-pena-a-un-hombre-con-tres-pedidos-de-captura-por-estafas\\\/\"},\"author\":{\"name\":\"RedaccionRM\",\"@id\":\"https:\\\/\\\/aldiachaco.com.ar\\\/#\\\/schema\\\/person\\\/b24e975af8022082f5889a7a7299e962\"},\"headline\":\"Detuvieron en S\u00e1enz Pe\u00f1a a un hombre con tres pedidos de captura por estafas\",\"datePublished\":\"2026-02-13T11:50:50+00:00\",\"mainEntityOfPage\":{\"@id\":\"https:\\\/\\\/aldiachaco.com.ar\\\/index.php\\\/2026\\\/02\\\/13\\\/detuvieron-en-saenz-pena-a-un-hombre-con-tres-pedidos-de-captura-por-estafas\\\/\"},\"wordCount\":196,\"commentCount\":0,\"publisher\":{\"@id\":\"https:\\\/\\\/aldiachaco.com.ar\\\/#organization\"},\"image\":{\"@id\":\"https:\\\/\\\/aldiachaco.com.ar\\\/index.php\\\/2026\\\/02\\\/13\\\/detuvieron-en-saenz-pena-a-un-hombre-con-tres-pedidos-de-captura-por-estafas\\\/#primaryimage\"},\"thumbnailUrl\":\"https:\\\/\\\/aldiachaco.com.ar\\\/wp-content\\\/uploads\\\/2026\\\/02\\\/IMG-20260213-WA0005.jpg\",\"articleSection\":[\"S\u00e1enz Pe\u00f1a\"],\"inLanguage\":\"es-AR\",\"potentialAction\":[{\"@type\":\"CommentAction\",\"name\":\"Comment\",\"target\":[\"https:\\\/\\\/aldiachaco.com.ar\\\/index.php\\\/2026\\\/02\\\/13\\\/detuvieron-en-saenz-pena-a-un-hombre-con-tres-pedidos-de-captura-por-estafas\\\/#respond\"]}]},{\"@type\":\"WebPage\",\"@id\":\"https:\\\/\\\/aldiachaco.com.ar\\\/index.php\\\/2026\\\/02\\\/13\\\/detuvieron-en-saenz-pena-a-un-hombre-con-tres-pedidos-de-captura-por-estafas\\\/\",\"url\":\"https:\\\/\\\/aldiachaco.com.ar\\\/index.php\\\/2026\\\/02\\\/13\\\/detuvieron-en-saenz-pena-a-un-hombre-con-tres-pedidos-de-captura-por-estafas\\\/\",\"name\":\"Detuvieron en S\u00e1enz Pe\u00f1a a un hombre con tres pedidos de captura por estafas | Al Dia Chaco\",\"isPartOf\":{\"@id\":\"https:\\\/\\\/aldiachaco.com.ar\\\/#website\"},\"primaryImageOfPage\":{\"@id\":\"https:\\\/\\\/aldiachaco.com.ar\\\/index.php\\\/2026\\\/02\\\/13\\\/detuvieron-en-saenz-pena-a-un-hombre-con-tres-pedidos-de-captura-por-estafas\\\/#primaryimage\"},\"image\":{\"@id\":\"https:\\\/\\\/aldiachaco.com.ar\\\/index.php\\\/2026\\\/02\\\/13\\\/detuvieron-en-saenz-pena-a-un-hombre-con-tres-pedidos-de-captura-por-estafas\\\/#primaryimage\"},\"thumbnailUrl\":\"https:\\\/\\\/aldiachaco.com.ar\\\/wp-content\\\/uploads\\\/2026\\\/02\\\/IMG-20260213-WA0005.jpg\",\"datePublished\":\"2026-02-13T11:50:50+00:00\",\"breadcrumb\":{\"@id\":\"https:\\\/\\\/aldiachaco.com.ar\\\/index.php\\\/2026\\\/02\\\/13\\\/detuvieron-en-saenz-pena-a-un-hombre-con-tres-pedidos-de-captura-por-estafas\\\/#breadcrumb\"},\"inLanguage\":\"es-AR\",\"potentialAction\":[{\"@type\":\"ReadAction\",\"target\":[\"https:\\\/\\\/aldiachaco.com.ar\\\/index.php\\\/2026\\\/02\\\/13\\\/detuvieron-en-saenz-pena-a-un-hombre-con-tres-pedidos-de-captura-por-estafas\\\/\"]}]},{\"@type\":\"ImageObject\",\"inLanguage\":\"es-AR\",\"@id\":\"https:\\\/\\\/aldiachaco.com.ar\\\/index.php\\\/2026\\\/02\\\/13\\\/detuvieron-en-saenz-pena-a-un-hombre-con-tres-pedidos-de-captura-por-estafas\\\/#primaryimage\",\"url\":\"https:\\\/\\\/aldiachaco.com.ar\\\/wp-content\\\/uploads\\\/2026\\\/02\\\/IMG-20260213-WA0005.jpg\",\"contentUrl\":\"https:\\\/\\\/aldiachaco.com.ar\\\/wp-content\\\/uploads\\\/2026\\\/02\\\/IMG-20260213-WA0005.jpg\",\"width\":1068,\"height\":1600},{\"@type\":\"BreadcrumbList\",\"@id\":\"https:\\\/\\\/aldiachaco.com.ar\\\/index.php\\\/2026\\\/02\\\/13\\\/detuvieron-en-saenz-pena-a-un-hombre-con-tres-pedidos-de-captura-por-estafas\\\/#breadcrumb\",\"itemListElement\":[{\"@type\":\"ListItem\",\"position\":1,\"name\":\"Home\",\"item\":\"https:\\\/\\\/aldiachaco.com.ar\\\/\"},{\"@type\":\"ListItem\",\"position\":2,\"name\":\"Detuvieron en S\u00e1enz Pe\u00f1a a un hombre con tres pedidos de captura por estafas\"}]},{\"@type\":\"WebSite\",\"@id\":\"https:\\\/\\\/aldiachaco.com.ar\\\/#website\",\"url\":\"https:\\\/\\\/aldiachaco.com.ar\\\/\",\"name\":\"Al Dia Chaco\",\"description\":\"Noticias del Chaco y el mundo\",\"publisher\":{\"@id\":\"https:\\\/\\\/aldiachaco.com.ar\\\/#organization\"},\"alternateName\":\"Al D\u00eda Chaco\",\"potentialAction\":[{\"@type\":\"SearchAction\",\"target\":{\"@type\":\"EntryPoint\",\"urlTemplate\":\"https:\\\/\\\/aldiachaco.com.ar\\\/?s={search_term_string}\"},\"query-input\":{\"@type\":\"PropertyValueSpecification\",\"valueRequired\":true,\"valueName\":\"search_term_string\"}}],\"inLanguage\":\"es-AR\"},{\"@type\":\"Organization\",\"@id\":\"https:\\\/\\\/aldiachaco.com.ar\\\/#organization\",\"name\":\"Al Dia Chaco\",\"url\":\"https:\\\/\\\/aldiachaco.com.ar\\\/\",\"logo\":{\"@type\":\"ImageObject\",\"inLanguage\":\"es-AR\",\"@id\":\"https:\\\/\\\/aldiachaco.com.ar\\\/#\\\/schema\\\/logo\\\/image\\\/\",\"url\":\"https:\\\/\\\/aldiachaco.com.ar\\\/wp-content\\\/uploads\\\/2017\\\/11\\\/AL-DIA-CHACO-L@2x.png\",\"contentUrl\":\"https:\\\/\\\/aldiachaco.com.ar\\\/wp-content\\\/uploads\\\/2017\\\/11\\\/AL-DIA-CHACO-L@2x.png\",\"width\":232,\"height\":60,\"caption\":\"Al Dia Chaco\"},\"image\":{\"@id\":\"https:\\\/\\\/aldiachaco.com.ar\\\/#\\\/schema\\\/logo\\\/image\\\/\"}},{\"@type\":\"Person\",\"@id\":\"https:\\\/\\\/aldiachaco.com.ar\\\/#\\\/schema\\\/person\\\/b24e975af8022082f5889a7a7299e962\",\"name\":\"RedaccionRM\",\"image\":{\"@type\":\"ImageObject\",\"inLanguage\":\"es-AR\",\"@id\":\"https:\\\/\\\/aldiachaco.com.ar\\\/wp-content\\\/litespeed\\\/avatar\\\/a30118fcb7a6295303f1c91164c6aba1.jpg?ver=1777339088\",\"url\":\"https:\\\/\\\/aldiachaco.com.ar\\\/wp-content\\\/litespeed\\\/avatar\\\/a30118fcb7a6295303f1c91164c6aba1.jpg?ver=1777339088\",\"contentUrl\":\"https:\\\/\\\/aldiachaco.com.ar\\\/wp-content\\\/litespeed\\\/avatar\\\/a30118fcb7a6295303f1c91164c6aba1.jpg?ver=1777339088\",\"caption\":\"RedaccionRM\"},\"url\":\"https:\\\/\\\/aldiachaco.com.ar\\\/index.php\\\/author\\\/redaccionrm\\\/\"}]}<\/script>\n<!-- \/ Yoast SEO plugin. -->","yoast_head_json":{"title":"Detuvieron en S\u00e1enz Pe\u00f1a a un hombre con tres pedidos de captura por estafas | Al Dia Chaco","robots":{"index":"index","follow":"follow","max-snippet":"max-snippet:-1","max-image-preview":"max-image-preview:large","max-video-preview":"max-video-preview:-1"},"canonical":"https:\/\/aldiachaco.com.ar\/index.php\/2026\/02\/13\/detuvieron-en-saenz-pena-a-un-hombre-con-tres-pedidos-de-captura-por-estafas\/","og_locale":"es_ES","og_type":"article","og_title":"Detuvieron en S\u00e1enz Pe\u00f1a a un hombre con tres pedidos de captura por estafas | Al Dia Chaco","og_description":"Un hombre de 65 a\u00f1os fue detenido esta tarde en Presidencia Roque S\u00e1enz Pe\u00f1a tras ser identificado por efectivos de la Divisi\u00f3n Investigaciones. El sujeto, que era buscado por una denuncia por amenazas con arma, result\u00f3 tener tres pedidos de captura vigentes por estafas, todos solicitados por la Polic\u00eda de la provincia de Chubut. &nbsp; &hellip;","og_url":"https:\/\/aldiachaco.com.ar\/index.php\/2026\/02\/13\/detuvieron-en-saenz-pena-a-un-hombre-con-tres-pedidos-de-captura-por-estafas\/","og_site_name":"Al Dia Chaco","article_published_time":"2026-02-13T11:50:50+00:00","og_image":[{"width":1068,"height":1600,"url":"https:\/\/aldiachaco.com.ar\/wp-content\/uploads\/2026\/02\/IMG-20260213-WA0005.jpg","type":"image\/jpeg"}],"author":"RedaccionRM","twitter_card":"summary_large_image","twitter_misc":{"Escrito por":"RedaccionRM","Tiempo de lectura":"1 minuto"},"schema":{"@context":"https:\/\/schema.org","@graph":[{"@type":"Article","@id":"https:\/\/aldiachaco.com.ar\/index.php\/2026\/02\/13\/detuvieron-en-saenz-pena-a-un-hombre-con-tres-pedidos-de-captura-por-estafas\/#article","isPartOf":{"@id":"https:\/\/aldiachaco.com.ar\/index.php\/2026\/02\/13\/detuvieron-en-saenz-pena-a-un-hombre-con-tres-pedidos-de-captura-por-estafas\/"},"author":{"name":"RedaccionRM","@id":"https:\/\/aldiachaco.com.ar\/#\/schema\/person\/b24e975af8022082f5889a7a7299e962"},"headline":"Detuvieron en S\u00e1enz Pe\u00f1a a un hombre con tres pedidos de captura por estafas","datePublished":"2026-02-13T11:50:50+00:00","mainEntityOfPage":{"@id":"https:\/\/aldiachaco.com.ar\/index.php\/2026\/02\/13\/detuvieron-en-saenz-pena-a-un-hombre-con-tres-pedidos-de-captura-por-estafas\/"},"wordCount":196,"commentCount":0,"publisher":{"@id":"https:\/\/aldiachaco.com.ar\/#organization"},"image":{"@id":"https:\/\/aldiachaco.com.ar\/index.php\/2026\/02\/13\/detuvieron-en-saenz-pena-a-un-hombre-con-tres-pedidos-de-captura-por-estafas\/#primaryimage"},"thumbnailUrl":"https:\/\/aldiachaco.com.ar\/wp-content\/uploads\/2026\/02\/IMG-20260213-WA0005.jpg","articleSection":["S\u00e1enz Pe\u00f1a"],"inLanguage":"es-AR","potentialAction":[{"@type":"CommentAction","name":"Comment","target":["https:\/\/aldiachaco.com.ar\/index.php\/2026\/02\/13\/detuvieron-en-saenz-pena-a-un-hombre-con-tres-pedidos-de-captura-por-estafas\/#respond"]}]},{"@type":"WebPage","@id":"https:\/\/aldiachaco.com.ar\/index.php\/2026\/02\/13\/detuvieron-en-saenz-pena-a-un-hombre-con-tres-pedidos-de-captura-por-estafas\/","url":"https:\/\/aldiachaco.com.ar\/index.php\/2026\/02\/13\/detuvieron-en-saenz-pena-a-un-hombre-con-tres-pedidos-de-captura-por-estafas\/","name":"Detuvieron en S\u00e1enz Pe\u00f1a a un hombre con tres pedidos de captura por estafas | Al Dia Chaco","isPartOf":{"@id":"https:\/\/aldiachaco.com.ar\/#website"},"primaryImageOfPage":{"@id":"https:\/\/aldiachaco.com.ar\/index.php\/2026\/02\/13\/detuvieron-en-saenz-pena-a-un-hombre-con-tres-pedidos-de-captura-por-estafas\/#primaryimage"},"image":{"@id":"https:\/\/aldiachaco.com.ar\/index.php\/2026\/02\/13\/detuvieron-en-saenz-pena-a-un-hombre-con-tres-pedidos-de-captura-por-estafas\/#primaryimage"},"thumbnailUrl":"https:\/\/aldiachaco.com.ar\/wp-content\/uploads\/2026\/02\/IMG-20260213-WA0005.jpg","datePublished":"2026-02-13T11:50:50+00:00","breadcrumb":{"@id":"https:\/\/aldiachaco.com.ar\/index.php\/2026\/02\/13\/detuvieron-en-saenz-pena-a-un-hombre-con-tres-pedidos-de-captura-por-estafas\/#breadcrumb"},"inLanguage":"es-AR","potentialAction":[{"@type":"ReadAction","target":["https:\/\/aldiachaco.com.ar\/index.php\/2026\/02\/13\/detuvieron-en-saenz-pena-a-un-hombre-con-tres-pedidos-de-captura-por-estafas\/"]}]},{"@type":"ImageObject","inLanguage":"es-AR","@id":"https:\/\/aldiachaco.com.ar\/index.php\/2026\/02\/13\/detuvieron-en-saenz-pena-a-un-hombre-con-tres-pedidos-de-captura-por-estafas\/#primaryimage","url":"https:\/\/aldiachaco.com.ar\/wp-content\/uploads\/2026\/02\/IMG-20260213-WA0005.jpg","contentUrl":"https:\/\/aldiachaco.com.ar\/wp-content\/uploads\/2026\/02\/IMG-20260213-WA0005.jpg","width":1068,"height":1600},{"@type":"BreadcrumbList","@id":"https:\/\/aldiachaco.com.ar\/index.php\/2026\/02\/13\/detuvieron-en-saenz-pena-a-un-hombre-con-tres-pedidos-de-captura-por-estafas\/#breadcrumb","itemListElement":[{"@type":"ListItem","position":1,"name":"Home","item":"https:\/\/aldiachaco.com.ar\/"},{"@type":"ListItem","position":2,"name":"Detuvieron en S\u00e1enz Pe\u00f1a a un hombre con tres pedidos de captura por estafas"}]},{"@type":"WebSite","@id":"https:\/\/aldiachaco.com.ar\/#website","url":"https:\/\/aldiachaco.com.ar\/","name":"Al Dia Chaco","description":"Noticias del Chaco y el mundo","publisher":{"@id":"https:\/\/aldiachaco.com.ar\/#organization"},"alternateName":"Al D\u00eda Chaco","potentialAction":[{"@type":"SearchAction","target":{"@type":"EntryPoint","urlTemplate":"https:\/\/aldiachaco.com.ar\/?s={search_term_string}"},"query-input":{"@type":"PropertyValueSpecification","valueRequired":true,"valueName":"search_term_string"}}],"inLanguage":"es-AR"},{"@type":"Organization","@id":"https:\/\/aldiachaco.com.ar\/#organization","name":"Al Dia Chaco","url":"https:\/\/aldiachaco.com.ar\/","logo":{"@type":"ImageObject","inLanguage":"es-AR","@id":"https:\/\/aldiachaco.com.ar\/#\/schema\/logo\/image\/","url":"https:\/\/aldiachaco.com.ar\/wp-content\/uploads\/2017\/11\/AL-DIA-CHACO-L@2x.png","contentUrl":"https:\/\/aldiachaco.com.ar\/wp-content\/uploads\/2017\/11\/AL-DIA-CHACO-L@2x.png","width":232,"height":60,"caption":"Al Dia Chaco"},"image":{"@id":"https:\/\/aldiachaco.com.ar\/#\/schema\/logo\/image\/"}},{"@type":"Person","@id":"https:\/\/aldiachaco.com.ar\/#\/schema\/person\/b24e975af8022082f5889a7a7299e962","name":"RedaccionRM","image":{"@type":"ImageObject","inLanguage":"es-AR","@id":"https:\/\/aldiachaco.com.ar\/wp-content\/litespeed\/avatar\/a30118fcb7a6295303f1c91164c6aba1.jpg?ver=1777339088","url":"https:\/\/aldiachaco.com.ar\/wp-content\/litespeed\/avatar\/a30118fcb7a6295303f1c91164c6aba1.jpg?ver=1777339088","contentUrl":"https:\/\/aldiachaco.com.ar\/wp-content\/litespeed\/avatar\/a30118fcb7a6295303f1c91164c6aba1.jpg?ver=1777339088","caption":"RedaccionRM"},"url":"https:\/\/aldiachaco.com.ar\/index.php\/author\/redaccionrm\/"}]}},"jetpack_publicize_connections":[],"jetpack_featured_media_url":"https:\/\/aldiachaco.com.ar\/wp-content\/uploads\/2026\/02\/IMG-20260213-WA0005.jpg","jetpack_sharing_enabled":true,"amp_enabled":true,"_links":{"self":[{"href":"https:\/\/aldiachaco.com.ar\/index.php\/wp-json\/wp\/v2\/posts\/116948","targetHints":{"allow":["GET"]}}],"collection":[{"href":"https:\/\/aldiachaco.com.ar\/index.php\/wp-json\/wp\/v2\/posts"}],"about":[{"href":"https:\/\/aldiachaco.com.ar\/index.php\/wp-json\/wp\/v2\/types\/post"}],"author":[{"embeddable":true,"href":"https:\/\/aldiachaco.com.ar\/index.php\/wp-json\/wp\/v2\/users\/9"}],"replies":[{"embeddable":true,"href":"https:\/\/aldiachaco.com.ar\/index.php\/wp-json\/wp\/v2\/comments?post=116948"}],"version-history":[{"count":1,"href":"https:\/\/aldiachaco.com.ar\/index.php\/wp-json\/wp\/v2\/posts\/116948\/revisions"}],"predecessor-version":[{"id":116950,"href":"https:\/\/aldiachaco.com.ar\/index.php\/wp-json\/wp\/v2\/posts\/116948\/revisions\/116950"}],"wp:featuredmedia":[{"embeddable":true,"href":"https:\/\/aldiachaco.com.ar\/index.php\/wp-json\/wp\/v2\/media\/116949"}],"wp:attachment":[{"href":"https:\/\/aldiachaco.com.ar\/index.php\/wp-json\/wp\/v2\/media?parent=116948"}],"wp:term":[{"taxonomy":"category","embeddable":true,"href":"https:\/\/aldiachaco.com.ar\/index.php\/wp-json\/wp\/v2\/categories?post=116948"},{"taxonomy":"post_tag","embeddable":true,"href":"https:\/\/aldiachaco.com.ar\/index.php\/wp-json\/wp\/v2\/tags?post=116948"}],"curies":[{"name":"wp","href":"https:\/\/api.w.org\/{rel}","templated":true}]}}