{"id":116531,"date":"2026-01-29T19:42:47","date_gmt":"2026-01-29T22:42:47","guid":{"rendered":"https:\/\/aldiachaco.com.ar\/?p=116531"},"modified":"2026-01-29T19:42:47","modified_gmt":"2026-01-29T22:42:47","slug":"mirtha-legrand-saludo-a-susana-gimenez-por-su-cumpleanos-con-una-foto-vintage-y-un-emotivo-mensaje","status":"publish","type":"post","link":"https:\/\/aldiachaco.com.ar\/index.php\/2026\/01\/29\/mirtha-legrand-saludo-a-susana-gimenez-por-su-cumpleanos-con-una-foto-vintage-y-un-emotivo-mensaje\/","title":{"rendered":"Mirtha Legrand salud\u00f3 a Susana Gim\u00e9nez por su cumplea\u00f1os con una foto vintage y un emotivo mensaje"},"content":{"rendered":"<p class=\"ds-markdown-paragraph\">En el d\u00eda de su 82\u00b0 cumplea\u00f1os, Susana Gim\u00e9nez recibi\u00f3 un sentido saludo p\u00fablico de su colega y amiga Mirtha Legrand, quien comparti\u00f3 en Instagram una fotograf\u00eda en blanco y negro de ambas cuando eran j\u00f3venes, acompa\u00f1ada de un afectuoso mensaje.<\/p>\n<p class=\"ds-markdown-paragraph\">La imagen, que data de la d\u00e9cada de 1970, muestra a las dos divas sonrientes y con peinados voluminosos de la \u00e9poca, reflejando la complicidad que las ha unido a lo largo de los a\u00f1os. \u201c\u00a1Feliz cumplea\u00f1os amiga querida! gracias por tantos momentos compartidos\u201d, escribi\u00f3 Legrand en la publicaci\u00f3n, etiquetando a la homenajeada.<\/p>\n<p class=\"ds-markdown-paragraph\">Este gesto se enmarca en una larga amistad p\u00fablica que ambas conductoras han cultivado y exhibido a trav\u00e9s de las d\u00e9cadas, incluyendo participaciones rec\u00edprocas en sus respectivos programas, elogios mutuos en premios y eventos, y publicaciones en redes sociales en fechas especiales.<\/p>\n<p class=\"ds-markdown-paragraph\">No es la primera vez que Mirtha Legrand utiliza sus plataformas para honrar a Susana Gim\u00e9nez. En el \u00faltimo D\u00eda del Amigo tambi\u00e9n comparti\u00f3 una foto juntas, y durante la reciente entrega de los Premios Mart\u00edn Fierro, Legrand expres\u00f3: \u201cGracias, Susana, por tu cari\u00f1o. Hemos competido muchas veces, pero seguimos queri\u00e9ndonos hasta el final, toda la vida\u201d. Por su parte, Gim\u00e9nez ha declarado en entrevistas: \u201cLa admiro como a nada en el mundo, adem\u00e1s est\u00e1 divina. Siempre estamos juntas\u201d.<\/p>\n<p class=\"ds-markdown-paragraph\">El saludo de Mirtha Legrand se suma a la ola de felicitaciones que recibi\u00f3 Susana Gim\u00e9nez, quien actualmente se encuentra de viaje por Europa celebrando su aniversario junto a su c\u00edrculo \u00edntimo.<\/p>\n<p>&nbsp;<\/p>\n<p><img loading=\"lazy\" decoding=\"async\" class=\"alignnone size-medium wp-image-116532\" src=\"https:\/\/aldiachaco.com.ar\/wp-content\/uploads\/2026\/01\/2901mirta-170x300.webp\" alt=\"\" width=\"170\" height=\"300\" srcset=\"https:\/\/aldiachaco.com.ar\/wp-content\/uploads\/2026\/01\/2901mirta-170x300.webp 170w, https:\/\/aldiachaco.com.ar\/wp-content\/uploads\/2026\/01\/2901mirta-266x470.webp 266w, https:\/\/aldiachaco.com.ar\/wp-content\/uploads\/2026\/01\/2901mirta.webp 464w\" sizes=\"auto, (max-width: 170px) 100vw, 170px\" \/><\/p>\n","protected":false},"excerpt":{"rendered":"<p>En el d\u00eda de su 82\u00b0 cumplea\u00f1os, Susana Gim\u00e9nez recibi\u00f3 un sentido saludo p\u00fablico de su colega y amiga Mirtha Legrand, quien comparti\u00f3 en Instagram una fotograf\u00eda en blanco y negro de ambas cuando eran j\u00f3venes, acompa\u00f1ada de un afectuoso mensaje. La imagen, que data de la d\u00e9cada de 1970, muestra a las dos divas &hellip;<\/p>\n","protected":false},"author":9,"featured_media":116533,"comment_status":"open","ping_status":"open","sticky":false,"template":"","format":"standard","meta":{"content-type":"","_monsterinsights_skip_tracking":false,"_monsterinsights_sitenote_active":false,"_monsterinsights_sitenote_note":"","_monsterinsights_sitenote_category":0,"_jetpack_memberships_contains_paid_content":false,"footnotes":"","jetpack_publicize_message":"","jetpack_publicize_feature_enabled":true,"jetpack_social_post_already_shared":true,"jetpack_social_options":{"image_generator_settings":{"template":"highway","default_image_id":0,"font":"","enabled":false},"version":2}},"categories":[159],"tags":[],"class_list":["post-116531","post","type-post","status-publish","format-standard","has-post-thumbnail","hentry","category-espectaculos"],"yoast_head":"<!-- This site is optimized with the Yoast SEO plugin v27.4 - https:\/\/yoast.com\/product\/yoast-seo-wordpress\/ -->\n<title>Mirtha Legrand salud\u00f3 a Susana Gim\u00e9nez por su cumplea\u00f1os con una foto vintage y un emotivo mensaje | Al Dia Chaco<\/title>\n<meta name=\"robots\" content=\"index, follow, max-snippet:-1, max-image-preview:large, max-video-preview:-1\" \/>\n<link rel=\"canonical\" href=\"https:\/\/aldiachaco.com.ar\/index.php\/2026\/01\/29\/mirtha-legrand-saludo-a-susana-gimenez-por-su-cumpleanos-con-una-foto-vintage-y-un-emotivo-mensaje\/\" \/>\n<meta property=\"og:locale\" content=\"es_ES\" \/>\n<meta property=\"og:type\" content=\"article\" \/>\n<meta property=\"og:title\" content=\"Mirtha Legrand salud\u00f3 a Susana Gim\u00e9nez por su cumplea\u00f1os con una foto vintage y un emotivo mensaje | Al Dia Chaco\" \/>\n<meta property=\"og:description\" content=\"En el d\u00eda de su 82\u00b0 cumplea\u00f1os, Susana Gim\u00e9nez recibi\u00f3 un sentido saludo p\u00fablico de su colega y amiga Mirtha Legrand, quien comparti\u00f3 en Instagram una fotograf\u00eda en blanco y negro de ambas cuando eran j\u00f3venes, acompa\u00f1ada de un afectuoso mensaje. La imagen, que data de la d\u00e9cada de 1970, muestra a las dos divas &hellip;\" \/>\n<meta property=\"og:url\" content=\"https:\/\/aldiachaco.com.ar\/index.php\/2026\/01\/29\/mirtha-legrand-saludo-a-susana-gimenez-por-su-cumpleanos-con-una-foto-vintage-y-un-emotivo-mensaje\/\" \/>\n<meta property=\"og:site_name\" content=\"Al Dia Chaco\" \/>\n<meta property=\"article:published_time\" content=\"2026-01-29T22:42:47+00:00\" \/>\n<meta property=\"og:image\" content=\"https:\/\/aldiachaco.com.ar\/wp-content\/uploads\/2026\/01\/2901susana.jpg\" \/>\n\t<meta property=\"og:image:width\" content=\"1280\" \/>\n\t<meta property=\"og:image:height\" content=\"720\" \/>\n\t<meta property=\"og:image:type\" content=\"image\/jpeg\" \/>\n<meta name=\"author\" content=\"RedaccionRM\" \/>\n<meta name=\"twitter:card\" content=\"summary_large_image\" \/>\n<meta name=\"twitter:label1\" content=\"Escrito por\" \/>\n\t<meta name=\"twitter:data1\" content=\"RedaccionRM\" \/>\n\t<meta name=\"twitter:label2\" content=\"Tiempo de lectura\" \/>\n\t<meta name=\"twitter:data2\" content=\"2 minutos\" \/>\n<script type=\"application\/ld+json\" class=\"yoast-schema-graph\">{\"@context\":\"https:\\\/\\\/schema.org\",\"@graph\":[{\"@type\":\"Article\",\"@id\":\"https:\\\/\\\/aldiachaco.com.ar\\\/index.php\\\/2026\\\/01\\\/29\\\/mirtha-legrand-saludo-a-susana-gimenez-por-su-cumpleanos-con-una-foto-vintage-y-un-emotivo-mensaje\\\/#article\",\"isPartOf\":{\"@id\":\"https:\\\/\\\/aldiachaco.com.ar\\\/index.php\\\/2026\\\/01\\\/29\\\/mirtha-legrand-saludo-a-susana-gimenez-por-su-cumpleanos-con-una-foto-vintage-y-un-emotivo-mensaje\\\/\"},\"author\":{\"name\":\"RedaccionRM\",\"@id\":\"https:\\\/\\\/aldiachaco.com.ar\\\/#\\\/schema\\\/person\\\/b24e975af8022082f5889a7a7299e962\"},\"headline\":\"Mirtha Legrand salud\u00f3 a Susana Gim\u00e9nez por su cumplea\u00f1os con una foto vintage y un emotivo mensaje\",\"datePublished\":\"2026-01-29T22:42:47+00:00\",\"mainEntityOfPage\":{\"@id\":\"https:\\\/\\\/aldiachaco.com.ar\\\/index.php\\\/2026\\\/01\\\/29\\\/mirtha-legrand-saludo-a-susana-gimenez-por-su-cumpleanos-con-una-foto-vintage-y-un-emotivo-mensaje\\\/\"},\"wordCount\":290,\"commentCount\":0,\"publisher\":{\"@id\":\"https:\\\/\\\/aldiachaco.com.ar\\\/#organization\"},\"image\":{\"@id\":\"https:\\\/\\\/aldiachaco.com.ar\\\/index.php\\\/2026\\\/01\\\/29\\\/mirtha-legrand-saludo-a-susana-gimenez-por-su-cumpleanos-con-una-foto-vintage-y-un-emotivo-mensaje\\\/#primaryimage\"},\"thumbnailUrl\":\"https:\\\/\\\/aldiachaco.com.ar\\\/wp-content\\\/uploads\\\/2026\\\/01\\\/2901susana.jpg\",\"articleSection\":[\"Espect\u00e1culos\"],\"inLanguage\":\"es-AR\",\"potentialAction\":[{\"@type\":\"CommentAction\",\"name\":\"Comment\",\"target\":[\"https:\\\/\\\/aldiachaco.com.ar\\\/index.php\\\/2026\\\/01\\\/29\\\/mirtha-legrand-saludo-a-susana-gimenez-por-su-cumpleanos-con-una-foto-vintage-y-un-emotivo-mensaje\\\/#respond\"]}]},{\"@type\":\"WebPage\",\"@id\":\"https:\\\/\\\/aldiachaco.com.ar\\\/index.php\\\/2026\\\/01\\\/29\\\/mirtha-legrand-saludo-a-susana-gimenez-por-su-cumpleanos-con-una-foto-vintage-y-un-emotivo-mensaje\\\/\",\"url\":\"https:\\\/\\\/aldiachaco.com.ar\\\/index.php\\\/2026\\\/01\\\/29\\\/mirtha-legrand-saludo-a-susana-gimenez-por-su-cumpleanos-con-una-foto-vintage-y-un-emotivo-mensaje\\\/\",\"name\":\"Mirtha Legrand salud\u00f3 a Susana Gim\u00e9nez por su cumplea\u00f1os con una foto vintage y un emotivo mensaje | Al Dia Chaco\",\"isPartOf\":{\"@id\":\"https:\\\/\\\/aldiachaco.com.ar\\\/#website\"},\"primaryImageOfPage\":{\"@id\":\"https:\\\/\\\/aldiachaco.com.ar\\\/index.php\\\/2026\\\/01\\\/29\\\/mirtha-legrand-saludo-a-susana-gimenez-por-su-cumpleanos-con-una-foto-vintage-y-un-emotivo-mensaje\\\/#primaryimage\"},\"image\":{\"@id\":\"https:\\\/\\\/aldiachaco.com.ar\\\/index.php\\\/2026\\\/01\\\/29\\\/mirtha-legrand-saludo-a-susana-gimenez-por-su-cumpleanos-con-una-foto-vintage-y-un-emotivo-mensaje\\\/#primaryimage\"},\"thumbnailUrl\":\"https:\\\/\\\/aldiachaco.com.ar\\\/wp-content\\\/uploads\\\/2026\\\/01\\\/2901susana.jpg\",\"datePublished\":\"2026-01-29T22:42:47+00:00\",\"breadcrumb\":{\"@id\":\"https:\\\/\\\/aldiachaco.com.ar\\\/index.php\\\/2026\\\/01\\\/29\\\/mirtha-legrand-saludo-a-susana-gimenez-por-su-cumpleanos-con-una-foto-vintage-y-un-emotivo-mensaje\\\/#breadcrumb\"},\"inLanguage\":\"es-AR\",\"potentialAction\":[{\"@type\":\"ReadAction\",\"target\":[\"https:\\\/\\\/aldiachaco.com.ar\\\/index.php\\\/2026\\\/01\\\/29\\\/mirtha-legrand-saludo-a-susana-gimenez-por-su-cumpleanos-con-una-foto-vintage-y-un-emotivo-mensaje\\\/\"]}]},{\"@type\":\"ImageObject\",\"inLanguage\":\"es-AR\",\"@id\":\"https:\\\/\\\/aldiachaco.com.ar\\\/index.php\\\/2026\\\/01\\\/29\\\/mirtha-legrand-saludo-a-susana-gimenez-por-su-cumpleanos-con-una-foto-vintage-y-un-emotivo-mensaje\\\/#primaryimage\",\"url\":\"https:\\\/\\\/aldiachaco.com.ar\\\/wp-content\\\/uploads\\\/2026\\\/01\\\/2901susana.jpg\",\"contentUrl\":\"https:\\\/\\\/aldiachaco.com.ar\\\/wp-content\\\/uploads\\\/2026\\\/01\\\/2901susana.jpg\",\"width\":1280,\"height\":720},{\"@type\":\"BreadcrumbList\",\"@id\":\"https:\\\/\\\/aldiachaco.com.ar\\\/index.php\\\/2026\\\/01\\\/29\\\/mirtha-legrand-saludo-a-susana-gimenez-por-su-cumpleanos-con-una-foto-vintage-y-un-emotivo-mensaje\\\/#breadcrumb\",\"itemListElement\":[{\"@type\":\"ListItem\",\"position\":1,\"name\":\"Home\",\"item\":\"https:\\\/\\\/aldiachaco.com.ar\\\/\"},{\"@type\":\"ListItem\",\"position\":2,\"name\":\"Mirtha Legrand salud\u00f3 a Susana Gim\u00e9nez por su cumplea\u00f1os con una foto vintage y un emotivo mensaje\"}]},{\"@type\":\"WebSite\",\"@id\":\"https:\\\/\\\/aldiachaco.com.ar\\\/#website\",\"url\":\"https:\\\/\\\/aldiachaco.com.ar\\\/\",\"name\":\"Al Dia Chaco\",\"description\":\"Noticias del Chaco y el mundo\",\"publisher\":{\"@id\":\"https:\\\/\\\/aldiachaco.com.ar\\\/#organization\"},\"alternateName\":\"Al D\u00eda Chaco\",\"potentialAction\":[{\"@type\":\"SearchAction\",\"target\":{\"@type\":\"EntryPoint\",\"urlTemplate\":\"https:\\\/\\\/aldiachaco.com.ar\\\/?s={search_term_string}\"},\"query-input\":{\"@type\":\"PropertyValueSpecification\",\"valueRequired\":true,\"valueName\":\"search_term_string\"}}],\"inLanguage\":\"es-AR\"},{\"@type\":\"Organization\",\"@id\":\"https:\\\/\\\/aldiachaco.com.ar\\\/#organization\",\"name\":\"Al Dia Chaco\",\"url\":\"https:\\\/\\\/aldiachaco.com.ar\\\/\",\"logo\":{\"@type\":\"ImageObject\",\"inLanguage\":\"es-AR\",\"@id\":\"https:\\\/\\\/aldiachaco.com.ar\\\/#\\\/schema\\\/logo\\\/image\\\/\",\"url\":\"https:\\\/\\\/aldiachaco.com.ar\\\/wp-content\\\/uploads\\\/2017\\\/11\\\/AL-DIA-CHACO-L@2x.png\",\"contentUrl\":\"https:\\\/\\\/aldiachaco.com.ar\\\/wp-content\\\/uploads\\\/2017\\\/11\\\/AL-DIA-CHACO-L@2x.png\",\"width\":232,\"height\":60,\"caption\":\"Al Dia Chaco\"},\"image\":{\"@id\":\"https:\\\/\\\/aldiachaco.com.ar\\\/#\\\/schema\\\/logo\\\/image\\\/\"}},{\"@type\":\"Person\",\"@id\":\"https:\\\/\\\/aldiachaco.com.ar\\\/#\\\/schema\\\/person\\\/b24e975af8022082f5889a7a7299e962\",\"name\":\"RedaccionRM\",\"image\":{\"@type\":\"ImageObject\",\"inLanguage\":\"es-AR\",\"@id\":\"https:\\\/\\\/aldiachaco.com.ar\\\/wp-content\\\/litespeed\\\/avatar\\\/a30118fcb7a6295303f1c91164c6aba1.jpg?ver=1777339088\",\"url\":\"https:\\\/\\\/aldiachaco.com.ar\\\/wp-content\\\/litespeed\\\/avatar\\\/a30118fcb7a6295303f1c91164c6aba1.jpg?ver=1777339088\",\"contentUrl\":\"https:\\\/\\\/aldiachaco.com.ar\\\/wp-content\\\/litespeed\\\/avatar\\\/a30118fcb7a6295303f1c91164c6aba1.jpg?ver=1777339088\",\"caption\":\"RedaccionRM\"},\"url\":\"https:\\\/\\\/aldiachaco.com.ar\\\/index.php\\\/author\\\/redaccionrm\\\/\"}]}<\/script>\n<!-- \/ Yoast SEO plugin. -->","yoast_head_json":{"title":"Mirtha Legrand salud\u00f3 a Susana Gim\u00e9nez por su cumplea\u00f1os con una foto vintage y un emotivo mensaje | Al Dia Chaco","robots":{"index":"index","follow":"follow","max-snippet":"max-snippet:-1","max-image-preview":"max-image-preview:large","max-video-preview":"max-video-preview:-1"},"canonical":"https:\/\/aldiachaco.com.ar\/index.php\/2026\/01\/29\/mirtha-legrand-saludo-a-susana-gimenez-por-su-cumpleanos-con-una-foto-vintage-y-un-emotivo-mensaje\/","og_locale":"es_ES","og_type":"article","og_title":"Mirtha Legrand salud\u00f3 a Susana Gim\u00e9nez por su cumplea\u00f1os con una foto vintage y un emotivo mensaje | Al Dia Chaco","og_description":"En el d\u00eda de su 82\u00b0 cumplea\u00f1os, Susana Gim\u00e9nez recibi\u00f3 un sentido saludo p\u00fablico de su colega y amiga Mirtha Legrand, quien comparti\u00f3 en Instagram una fotograf\u00eda en blanco y negro de ambas cuando eran j\u00f3venes, acompa\u00f1ada de un afectuoso mensaje. La imagen, que data de la d\u00e9cada de 1970, muestra a las dos divas &hellip;","og_url":"https:\/\/aldiachaco.com.ar\/index.php\/2026\/01\/29\/mirtha-legrand-saludo-a-susana-gimenez-por-su-cumpleanos-con-una-foto-vintage-y-un-emotivo-mensaje\/","og_site_name":"Al Dia Chaco","article_published_time":"2026-01-29T22:42:47+00:00","og_image":[{"width":1280,"height":720,"url":"https:\/\/aldiachaco.com.ar\/wp-content\/uploads\/2026\/01\/2901susana.jpg","type":"image\/jpeg"}],"author":"RedaccionRM","twitter_card":"summary_large_image","twitter_misc":{"Escrito por":"RedaccionRM","Tiempo de lectura":"2 minutos"},"schema":{"@context":"https:\/\/schema.org","@graph":[{"@type":"Article","@id":"https:\/\/aldiachaco.com.ar\/index.php\/2026\/01\/29\/mirtha-legrand-saludo-a-susana-gimenez-por-su-cumpleanos-con-una-foto-vintage-y-un-emotivo-mensaje\/#article","isPartOf":{"@id":"https:\/\/aldiachaco.com.ar\/index.php\/2026\/01\/29\/mirtha-legrand-saludo-a-susana-gimenez-por-su-cumpleanos-con-una-foto-vintage-y-un-emotivo-mensaje\/"},"author":{"name":"RedaccionRM","@id":"https:\/\/aldiachaco.com.ar\/#\/schema\/person\/b24e975af8022082f5889a7a7299e962"},"headline":"Mirtha Legrand salud\u00f3 a Susana Gim\u00e9nez por su cumplea\u00f1os con una foto vintage y un emotivo mensaje","datePublished":"2026-01-29T22:42:47+00:00","mainEntityOfPage":{"@id":"https:\/\/aldiachaco.com.ar\/index.php\/2026\/01\/29\/mirtha-legrand-saludo-a-susana-gimenez-por-su-cumpleanos-con-una-foto-vintage-y-un-emotivo-mensaje\/"},"wordCount":290,"commentCount":0,"publisher":{"@id":"https:\/\/aldiachaco.com.ar\/#organization"},"image":{"@id":"https:\/\/aldiachaco.com.ar\/index.php\/2026\/01\/29\/mirtha-legrand-saludo-a-susana-gimenez-por-su-cumpleanos-con-una-foto-vintage-y-un-emotivo-mensaje\/#primaryimage"},"thumbnailUrl":"https:\/\/aldiachaco.com.ar\/wp-content\/uploads\/2026\/01\/2901susana.jpg","articleSection":["Espect\u00e1culos"],"inLanguage":"es-AR","potentialAction":[{"@type":"CommentAction","name":"Comment","target":["https:\/\/aldiachaco.com.ar\/index.php\/2026\/01\/29\/mirtha-legrand-saludo-a-susana-gimenez-por-su-cumpleanos-con-una-foto-vintage-y-un-emotivo-mensaje\/#respond"]}]},{"@type":"WebPage","@id":"https:\/\/aldiachaco.com.ar\/index.php\/2026\/01\/29\/mirtha-legrand-saludo-a-susana-gimenez-por-su-cumpleanos-con-una-foto-vintage-y-un-emotivo-mensaje\/","url":"https:\/\/aldiachaco.com.ar\/index.php\/2026\/01\/29\/mirtha-legrand-saludo-a-susana-gimenez-por-su-cumpleanos-con-una-foto-vintage-y-un-emotivo-mensaje\/","name":"Mirtha Legrand salud\u00f3 a Susana Gim\u00e9nez por su cumplea\u00f1os con una foto vintage y un emotivo mensaje | Al Dia Chaco","isPartOf":{"@id":"https:\/\/aldiachaco.com.ar\/#website"},"primaryImageOfPage":{"@id":"https:\/\/aldiachaco.com.ar\/index.php\/2026\/01\/29\/mirtha-legrand-saludo-a-susana-gimenez-por-su-cumpleanos-con-una-foto-vintage-y-un-emotivo-mensaje\/#primaryimage"},"image":{"@id":"https:\/\/aldiachaco.com.ar\/index.php\/2026\/01\/29\/mirtha-legrand-saludo-a-susana-gimenez-por-su-cumpleanos-con-una-foto-vintage-y-un-emotivo-mensaje\/#primaryimage"},"thumbnailUrl":"https:\/\/aldiachaco.com.ar\/wp-content\/uploads\/2026\/01\/2901susana.jpg","datePublished":"2026-01-29T22:42:47+00:00","breadcrumb":{"@id":"https:\/\/aldiachaco.com.ar\/index.php\/2026\/01\/29\/mirtha-legrand-saludo-a-susana-gimenez-por-su-cumpleanos-con-una-foto-vintage-y-un-emotivo-mensaje\/#breadcrumb"},"inLanguage":"es-AR","potentialAction":[{"@type":"ReadAction","target":["https:\/\/aldiachaco.com.ar\/index.php\/2026\/01\/29\/mirtha-legrand-saludo-a-susana-gimenez-por-su-cumpleanos-con-una-foto-vintage-y-un-emotivo-mensaje\/"]}]},{"@type":"ImageObject","inLanguage":"es-AR","@id":"https:\/\/aldiachaco.com.ar\/index.php\/2026\/01\/29\/mirtha-legrand-saludo-a-susana-gimenez-por-su-cumpleanos-con-una-foto-vintage-y-un-emotivo-mensaje\/#primaryimage","url":"https:\/\/aldiachaco.com.ar\/wp-content\/uploads\/2026\/01\/2901susana.jpg","contentUrl":"https:\/\/aldiachaco.com.ar\/wp-content\/uploads\/2026\/01\/2901susana.jpg","width":1280,"height":720},{"@type":"BreadcrumbList","@id":"https:\/\/aldiachaco.com.ar\/index.php\/2026\/01\/29\/mirtha-legrand-saludo-a-susana-gimenez-por-su-cumpleanos-con-una-foto-vintage-y-un-emotivo-mensaje\/#breadcrumb","itemListElement":[{"@type":"ListItem","position":1,"name":"Home","item":"https:\/\/aldiachaco.com.ar\/"},{"@type":"ListItem","position":2,"name":"Mirtha Legrand salud\u00f3 a Susana Gim\u00e9nez por su cumplea\u00f1os con una foto vintage y un emotivo mensaje"}]},{"@type":"WebSite","@id":"https:\/\/aldiachaco.com.ar\/#website","url":"https:\/\/aldiachaco.com.ar\/","name":"Al Dia Chaco","description":"Noticias del Chaco y el mundo","publisher":{"@id":"https:\/\/aldiachaco.com.ar\/#organization"},"alternateName":"Al D\u00eda Chaco","potentialAction":[{"@type":"SearchAction","target":{"@type":"EntryPoint","urlTemplate":"https:\/\/aldiachaco.com.ar\/?s={search_term_string}"},"query-input":{"@type":"PropertyValueSpecification","valueRequired":true,"valueName":"search_term_string"}}],"inLanguage":"es-AR"},{"@type":"Organization","@id":"https:\/\/aldiachaco.com.ar\/#organization","name":"Al Dia Chaco","url":"https:\/\/aldiachaco.com.ar\/","logo":{"@type":"ImageObject","inLanguage":"es-AR","@id":"https:\/\/aldiachaco.com.ar\/#\/schema\/logo\/image\/","url":"https:\/\/aldiachaco.com.ar\/wp-content\/uploads\/2017\/11\/AL-DIA-CHACO-L@2x.png","contentUrl":"https:\/\/aldiachaco.com.ar\/wp-content\/uploads\/2017\/11\/AL-DIA-CHACO-L@2x.png","width":232,"height":60,"caption":"Al Dia Chaco"},"image":{"@id":"https:\/\/aldiachaco.com.ar\/#\/schema\/logo\/image\/"}},{"@type":"Person","@id":"https:\/\/aldiachaco.com.ar\/#\/schema\/person\/b24e975af8022082f5889a7a7299e962","name":"RedaccionRM","image":{"@type":"ImageObject","inLanguage":"es-AR","@id":"https:\/\/aldiachaco.com.ar\/wp-content\/litespeed\/avatar\/a30118fcb7a6295303f1c91164c6aba1.jpg?ver=1777339088","url":"https:\/\/aldiachaco.com.ar\/wp-content\/litespeed\/avatar\/a30118fcb7a6295303f1c91164c6aba1.jpg?ver=1777339088","contentUrl":"https:\/\/aldiachaco.com.ar\/wp-content\/litespeed\/avatar\/a30118fcb7a6295303f1c91164c6aba1.jpg?ver=1777339088","caption":"RedaccionRM"},"url":"https:\/\/aldiachaco.com.ar\/index.php\/author\/redaccionrm\/"}]}},"jetpack_publicize_connections":[],"jetpack_featured_media_url":"https:\/\/aldiachaco.com.ar\/wp-content\/uploads\/2026\/01\/2901susana.jpg","jetpack_sharing_enabled":true,"amp_enabled":true,"_links":{"self":[{"href":"https:\/\/aldiachaco.com.ar\/index.php\/wp-json\/wp\/v2\/posts\/116531","targetHints":{"allow":["GET"]}}],"collection":[{"href":"https:\/\/aldiachaco.com.ar\/index.php\/wp-json\/wp\/v2\/posts"}],"about":[{"href":"https:\/\/aldiachaco.com.ar\/index.php\/wp-json\/wp\/v2\/types\/post"}],"author":[{"embeddable":true,"href":"https:\/\/aldiachaco.com.ar\/index.php\/wp-json\/wp\/v2\/users\/9"}],"replies":[{"embeddable":true,"href":"https:\/\/aldiachaco.com.ar\/index.php\/wp-json\/wp\/v2\/comments?post=116531"}],"version-history":[{"count":1,"href":"https:\/\/aldiachaco.com.ar\/index.php\/wp-json\/wp\/v2\/posts\/116531\/revisions"}],"predecessor-version":[{"id":116534,"href":"https:\/\/aldiachaco.com.ar\/index.php\/wp-json\/wp\/v2\/posts\/116531\/revisions\/116534"}],"wp:featuredmedia":[{"embeddable":true,"href":"https:\/\/aldiachaco.com.ar\/index.php\/wp-json\/wp\/v2\/media\/116533"}],"wp:attachment":[{"href":"https:\/\/aldiachaco.com.ar\/index.php\/wp-json\/wp\/v2\/media?parent=116531"}],"wp:term":[{"taxonomy":"category","embeddable":true,"href":"https:\/\/aldiachaco.com.ar\/index.php\/wp-json\/wp\/v2\/categories?post=116531"},{"taxonomy":"post_tag","embeddable":true,"href":"https:\/\/aldiachaco.com.ar\/index.php\/wp-json\/wp\/v2\/tags?post=116531"}],"curies":[{"name":"wp","href":"https:\/\/api.w.org\/{rel}","templated":true}]}}