{"id":115796,"date":"2026-01-05T10:08:53","date_gmt":"2026-01-05T13:08:53","guid":{"rendered":"https:\/\/portalmovil.com.ar\/?p=115796"},"modified":"2026-01-05T10:08:53","modified_gmt":"2026-01-05T13:08:53","slug":"maduro-ya-llego-al-tribunal-frente-al-que-comparecera-en-nueva-york-por-narcoterrorismo","status":"publish","type":"post","link":"https:\/\/aldiachaco.com.ar\/index.php\/2026\/01\/05\/maduro-ya-llego-al-tribunal-frente-al-que-comparecera-en-nueva-york-por-narcoterrorismo\/","title":{"rendered":"Maduro ya lleg\u00f3 al tribunal frente al que comparecer\u00e1 en Nueva York por \u201cnarcoterrorismo\u201d"},"content":{"rendered":"\n<p>El presidente de Venezuela, Nicol\u00e1s Maduro, lleg\u00f3 este lunes junto a su mujer, Cilia Flores, al<strong>&nbsp;tribunal de Manhattan<\/strong>&nbsp;donde comparecer\u00e1 por primera vez ante el juez, en principio a las 12.00 hora local (17.00 GMT), tras ser capturado el pasado s\u00e1bado en Caracas y trasladado a Nueva York.<\/p>\n\n\n\n<p>El convoy en el que iban Maduro, que descendi\u00f3 con mucha dificultad, y Flores estaba compuesto por&nbsp;<strong>cinco veh\u00edculos y una importante escolta policial.&nbsp;<\/strong>La polic\u00eda ten\u00eda cortadas las calles que daban al tribunal.<\/p>\n","protected":false},"excerpt":{"rendered":"<p>El presidente de Venezuela, Nicol\u00e1s Maduro, lleg\u00f3 este lunes junto a su mujer, Cilia Flores, al&nbsp;tribunal de Manhattan&nbsp;donde comparecer\u00e1 por primera vez ante el juez, en principio a las 12.00 hora local (17.00 GMT), tras ser capturado el pasado s\u00e1bado en Caracas y trasladado a Nueva York. El convoy en el que iban Maduro, que &hellip;<\/p>\n","protected":false},"author":1,"featured_media":115797,"comment_status":"open","ping_status":"open","sticky":false,"template":"","format":"standard","meta":{"content-type":"","_monsterinsights_skip_tracking":false,"_monsterinsights_sitenote_active":false,"_monsterinsights_sitenote_note":"","_monsterinsights_sitenote_category":0,"_jetpack_memberships_contains_paid_content":false,"footnotes":"","jetpack_publicize_message":"","jetpack_publicize_feature_enabled":true,"jetpack_social_post_already_shared":true,"jetpack_social_options":{"image_generator_settings":{"template":"highway","default_image_id":0,"font":"","enabled":false},"version":2}},"categories":[271],"tags":[],"class_list":["post-115796","post","type-post","status-publish","format-standard","has-post-thumbnail","hentry","category-mundo"],"yoast_head":"<!-- This site is optimized with the Yoast SEO plugin v27.4 - https:\/\/yoast.com\/product\/yoast-seo-wordpress\/ -->\n<title>Maduro ya lleg\u00f3 al tribunal frente al que comparecer\u00e1 en Nueva York por \u201cnarcoterrorismo\u201d | Al Dia Chaco<\/title>\n<meta name=\"robots\" content=\"index, follow, max-snippet:-1, max-image-preview:large, max-video-preview:-1\" \/>\n<link rel=\"canonical\" href=\"https:\/\/aldiachaco.com.ar\/index.php\/2026\/01\/05\/maduro-ya-llego-al-tribunal-frente-al-que-comparecera-en-nueva-york-por-narcoterrorismo\/\" \/>\n<meta property=\"og:locale\" content=\"es_ES\" \/>\n<meta property=\"og:type\" content=\"article\" \/>\n<meta property=\"og:title\" content=\"Maduro ya lleg\u00f3 al tribunal frente al que comparecer\u00e1 en Nueva York por \u201cnarcoterrorismo\u201d | Al Dia Chaco\" \/>\n<meta property=\"og:description\" content=\"El presidente de Venezuela, Nicol\u00e1s Maduro, lleg\u00f3 este lunes junto a su mujer, Cilia Flores, al&nbsp;tribunal de Manhattan&nbsp;donde comparecer\u00e1 por primera vez ante el juez, en principio a las 12.00 hora local (17.00 GMT), tras ser capturado el pasado s\u00e1bado en Caracas y trasladado a Nueva York. El convoy en el que iban Maduro, que &hellip;\" \/>\n<meta property=\"og:url\" content=\"https:\/\/aldiachaco.com.ar\/index.php\/2026\/01\/05\/maduro-ya-llego-al-tribunal-frente-al-que-comparecera-en-nueva-york-por-narcoterrorismo\/\" \/>\n<meta property=\"og:site_name\" content=\"Al Dia Chaco\" \/>\n<meta property=\"article:published_time\" content=\"2026-01-05T13:08:53+00:00\" \/>\n<meta name=\"author\" content=\"aldiachaco.com.ar\" \/>\n<meta name=\"twitter:card\" content=\"summary_large_image\" \/>\n<meta name=\"twitter:label1\" content=\"Escrito por\" \/>\n\t<meta name=\"twitter:data1\" content=\"aldiachaco.com.ar\" \/>\n<script type=\"application\/ld+json\" class=\"yoast-schema-graph\">{\"@context\":\"https:\\\/\\\/schema.org\",\"@graph\":[{\"@type\":\"Article\",\"@id\":\"https:\\\/\\\/aldiachaco.com.ar\\\/index.php\\\/2026\\\/01\\\/05\\\/maduro-ya-llego-al-tribunal-frente-al-que-comparecera-en-nueva-york-por-narcoterrorismo\\\/#article\",\"isPartOf\":{\"@id\":\"https:\\\/\\\/aldiachaco.com.ar\\\/index.php\\\/2026\\\/01\\\/05\\\/maduro-ya-llego-al-tribunal-frente-al-que-comparecera-en-nueva-york-por-narcoterrorismo\\\/\"},\"author\":{\"name\":\"aldiachaco.com.ar\",\"@id\":\"https:\\\/\\\/aldiachaco.com.ar\\\/#\\\/schema\\\/person\\\/80113835e512ba580e79a945932487f5\"},\"headline\":\"Maduro ya lleg\u00f3 al tribunal frente al que comparecer\u00e1 en Nueva York por \u201cnarcoterrorismo\u201d\",\"datePublished\":\"2026-01-05T13:08:53+00:00\",\"mainEntityOfPage\":{\"@id\":\"https:\\\/\\\/aldiachaco.com.ar\\\/index.php\\\/2026\\\/01\\\/05\\\/maduro-ya-llego-al-tribunal-frente-al-que-comparecera-en-nueva-york-por-narcoterrorismo\\\/\"},\"wordCount\":104,\"commentCount\":0,\"publisher\":{\"@id\":\"https:\\\/\\\/aldiachaco.com.ar\\\/#organization\"},\"image\":{\"@id\":\"https:\\\/\\\/aldiachaco.com.ar\\\/index.php\\\/2026\\\/01\\\/05\\\/maduro-ya-llego-al-tribunal-frente-al-que-comparecera-en-nueva-york-por-narcoterrorismo\\\/#primaryimage\"},\"thumbnailUrl\":\"https:\\\/\\\/aldiachaco.com.ar\\\/wp-content\\\/uploads\\\/2026\\\/01\\\/nicolas-maduro-OGABE6B2V5CKJDRL26C2Y36MIA.webp\",\"articleSection\":[\"Mundo\"],\"inLanguage\":\"es-AR\",\"potentialAction\":[{\"@type\":\"CommentAction\",\"name\":\"Comment\",\"target\":[\"https:\\\/\\\/aldiachaco.com.ar\\\/index.php\\\/2026\\\/01\\\/05\\\/maduro-ya-llego-al-tribunal-frente-al-que-comparecera-en-nueva-york-por-narcoterrorismo\\\/#respond\"]}]},{\"@type\":\"WebPage\",\"@id\":\"https:\\\/\\\/aldiachaco.com.ar\\\/index.php\\\/2026\\\/01\\\/05\\\/maduro-ya-llego-al-tribunal-frente-al-que-comparecera-en-nueva-york-por-narcoterrorismo\\\/\",\"url\":\"https:\\\/\\\/aldiachaco.com.ar\\\/index.php\\\/2026\\\/01\\\/05\\\/maduro-ya-llego-al-tribunal-frente-al-que-comparecera-en-nueva-york-por-narcoterrorismo\\\/\",\"name\":\"Maduro ya lleg\u00f3 al tribunal frente al que comparecer\u00e1 en Nueva York por \u201cnarcoterrorismo\u201d | Al Dia Chaco\",\"isPartOf\":{\"@id\":\"https:\\\/\\\/aldiachaco.com.ar\\\/#website\"},\"primaryImageOfPage\":{\"@id\":\"https:\\\/\\\/aldiachaco.com.ar\\\/index.php\\\/2026\\\/01\\\/05\\\/maduro-ya-llego-al-tribunal-frente-al-que-comparecera-en-nueva-york-por-narcoterrorismo\\\/#primaryimage\"},\"image\":{\"@id\":\"https:\\\/\\\/aldiachaco.com.ar\\\/index.php\\\/2026\\\/01\\\/05\\\/maduro-ya-llego-al-tribunal-frente-al-que-comparecera-en-nueva-york-por-narcoterrorismo\\\/#primaryimage\"},\"thumbnailUrl\":\"https:\\\/\\\/aldiachaco.com.ar\\\/wp-content\\\/uploads\\\/2026\\\/01\\\/nicolas-maduro-OGABE6B2V5CKJDRL26C2Y36MIA.webp\",\"datePublished\":\"2026-01-05T13:08:53+00:00\",\"breadcrumb\":{\"@id\":\"https:\\\/\\\/aldiachaco.com.ar\\\/index.php\\\/2026\\\/01\\\/05\\\/maduro-ya-llego-al-tribunal-frente-al-que-comparecera-en-nueva-york-por-narcoterrorismo\\\/#breadcrumb\"},\"inLanguage\":\"es-AR\",\"potentialAction\":[{\"@type\":\"ReadAction\",\"target\":[\"https:\\\/\\\/aldiachaco.com.ar\\\/index.php\\\/2026\\\/01\\\/05\\\/maduro-ya-llego-al-tribunal-frente-al-que-comparecera-en-nueva-york-por-narcoterrorismo\\\/\"]}]},{\"@type\":\"ImageObject\",\"inLanguage\":\"es-AR\",\"@id\":\"https:\\\/\\\/aldiachaco.com.ar\\\/index.php\\\/2026\\\/01\\\/05\\\/maduro-ya-llego-al-tribunal-frente-al-que-comparecera-en-nueva-york-por-narcoterrorismo\\\/#primaryimage\",\"url\":\"https:\\\/\\\/aldiachaco.com.ar\\\/wp-content\\\/uploads\\\/2026\\\/01\\\/nicolas-maduro-OGABE6B2V5CKJDRL26C2Y36MIA.webp\",\"contentUrl\":\"https:\\\/\\\/aldiachaco.com.ar\\\/wp-content\\\/uploads\\\/2026\\\/01\\\/nicolas-maduro-OGABE6B2V5CKJDRL26C2Y36MIA.webp\",\"width\":990,\"height\":557},{\"@type\":\"BreadcrumbList\",\"@id\":\"https:\\\/\\\/aldiachaco.com.ar\\\/index.php\\\/2026\\\/01\\\/05\\\/maduro-ya-llego-al-tribunal-frente-al-que-comparecera-en-nueva-york-por-narcoterrorismo\\\/#breadcrumb\",\"itemListElement\":[{\"@type\":\"ListItem\",\"position\":1,\"name\":\"Home\",\"item\":\"https:\\\/\\\/aldiachaco.com.ar\\\/\"},{\"@type\":\"ListItem\",\"position\":2,\"name\":\"Maduro ya lleg\u00f3 al tribunal frente al que comparecer\u00e1 en Nueva York por \u201cnarcoterrorismo\u201d\"}]},{\"@type\":\"WebSite\",\"@id\":\"https:\\\/\\\/aldiachaco.com.ar\\\/#website\",\"url\":\"https:\\\/\\\/aldiachaco.com.ar\\\/\",\"name\":\"Al Dia Chaco\",\"description\":\"Noticias del Chaco y el mundo\",\"publisher\":{\"@id\":\"https:\\\/\\\/aldiachaco.com.ar\\\/#organization\"},\"alternateName\":\"Al D\u00eda Chaco\",\"potentialAction\":[{\"@type\":\"SearchAction\",\"target\":{\"@type\":\"EntryPoint\",\"urlTemplate\":\"https:\\\/\\\/aldiachaco.com.ar\\\/?s={search_term_string}\"},\"query-input\":{\"@type\":\"PropertyValueSpecification\",\"valueRequired\":true,\"valueName\":\"search_term_string\"}}],\"inLanguage\":\"es-AR\"},{\"@type\":\"Organization\",\"@id\":\"https:\\\/\\\/aldiachaco.com.ar\\\/#organization\",\"name\":\"Al Dia Chaco\",\"url\":\"https:\\\/\\\/aldiachaco.com.ar\\\/\",\"logo\":{\"@type\":\"ImageObject\",\"inLanguage\":\"es-AR\",\"@id\":\"https:\\\/\\\/aldiachaco.com.ar\\\/#\\\/schema\\\/logo\\\/image\\\/\",\"url\":\"https:\\\/\\\/aldiachaco.com.ar\\\/wp-content\\\/uploads\\\/2017\\\/11\\\/AL-DIA-CHACO-L@2x.png\",\"contentUrl\":\"https:\\\/\\\/aldiachaco.com.ar\\\/wp-content\\\/uploads\\\/2017\\\/11\\\/AL-DIA-CHACO-L@2x.png\",\"width\":232,\"height\":60,\"caption\":\"Al Dia Chaco\"},\"image\":{\"@id\":\"https:\\\/\\\/aldiachaco.com.ar\\\/#\\\/schema\\\/logo\\\/image\\\/\"}},{\"@type\":\"Person\",\"@id\":\"https:\\\/\\\/aldiachaco.com.ar\\\/#\\\/schema\\\/person\\\/80113835e512ba580e79a945932487f5\",\"name\":\"aldiachaco.com.ar\",\"image\":{\"@type\":\"ImageObject\",\"inLanguage\":\"es-AR\",\"@id\":\"https:\\\/\\\/aldiachaco.com.ar\\\/wp-content\\\/litespeed\\\/avatar\\\/a7c4ebc5454089d3fd4ef6b87fdd073a.jpg?ver=1777471945\",\"url\":\"https:\\\/\\\/aldiachaco.com.ar\\\/wp-content\\\/litespeed\\\/avatar\\\/a7c4ebc5454089d3fd4ef6b87fdd073a.jpg?ver=1777471945\",\"contentUrl\":\"https:\\\/\\\/aldiachaco.com.ar\\\/wp-content\\\/litespeed\\\/avatar\\\/a7c4ebc5454089d3fd4ef6b87fdd073a.jpg?ver=1777471945\",\"caption\":\"aldiachaco.com.ar\"},\"sameAs\":[\"https:\\\/\\\/aldiachaco.com.ar\"],\"url\":\"https:\\\/\\\/aldiachaco.com.ar\\\/index.php\\\/author\\\/lime-camel-884546-hostingersite-com\\\/\"}]}<\/script>\n<!-- \/ Yoast SEO plugin. -->","yoast_head_json":{"title":"Maduro ya lleg\u00f3 al tribunal frente al que comparecer\u00e1 en Nueva York por \u201cnarcoterrorismo\u201d | Al Dia Chaco","robots":{"index":"index","follow":"follow","max-snippet":"max-snippet:-1","max-image-preview":"max-image-preview:large","max-video-preview":"max-video-preview:-1"},"canonical":"https:\/\/aldiachaco.com.ar\/index.php\/2026\/01\/05\/maduro-ya-llego-al-tribunal-frente-al-que-comparecera-en-nueva-york-por-narcoterrorismo\/","og_locale":"es_ES","og_type":"article","og_title":"Maduro ya lleg\u00f3 al tribunal frente al que comparecer\u00e1 en Nueva York por \u201cnarcoterrorismo\u201d | Al Dia Chaco","og_description":"El presidente de Venezuela, Nicol\u00e1s Maduro, lleg\u00f3 este lunes junto a su mujer, Cilia Flores, al&nbsp;tribunal de Manhattan&nbsp;donde comparecer\u00e1 por primera vez ante el juez, en principio a las 12.00 hora local (17.00 GMT), tras ser capturado el pasado s\u00e1bado en Caracas y trasladado a Nueva York. El convoy en el que iban Maduro, que &hellip;","og_url":"https:\/\/aldiachaco.com.ar\/index.php\/2026\/01\/05\/maduro-ya-llego-al-tribunal-frente-al-que-comparecera-en-nueva-york-por-narcoterrorismo\/","og_site_name":"Al Dia Chaco","article_published_time":"2026-01-05T13:08:53+00:00","author":"aldiachaco.com.ar","twitter_card":"summary_large_image","twitter_misc":{"Escrito por":"aldiachaco.com.ar"},"schema":{"@context":"https:\/\/schema.org","@graph":[{"@type":"Article","@id":"https:\/\/aldiachaco.com.ar\/index.php\/2026\/01\/05\/maduro-ya-llego-al-tribunal-frente-al-que-comparecera-en-nueva-york-por-narcoterrorismo\/#article","isPartOf":{"@id":"https:\/\/aldiachaco.com.ar\/index.php\/2026\/01\/05\/maduro-ya-llego-al-tribunal-frente-al-que-comparecera-en-nueva-york-por-narcoterrorismo\/"},"author":{"name":"aldiachaco.com.ar","@id":"https:\/\/aldiachaco.com.ar\/#\/schema\/person\/80113835e512ba580e79a945932487f5"},"headline":"Maduro ya lleg\u00f3 al tribunal frente al que comparecer\u00e1 en Nueva York por \u201cnarcoterrorismo\u201d","datePublished":"2026-01-05T13:08:53+00:00","mainEntityOfPage":{"@id":"https:\/\/aldiachaco.com.ar\/index.php\/2026\/01\/05\/maduro-ya-llego-al-tribunal-frente-al-que-comparecera-en-nueva-york-por-narcoterrorismo\/"},"wordCount":104,"commentCount":0,"publisher":{"@id":"https:\/\/aldiachaco.com.ar\/#organization"},"image":{"@id":"https:\/\/aldiachaco.com.ar\/index.php\/2026\/01\/05\/maduro-ya-llego-al-tribunal-frente-al-que-comparecera-en-nueva-york-por-narcoterrorismo\/#primaryimage"},"thumbnailUrl":"https:\/\/aldiachaco.com.ar\/wp-content\/uploads\/2026\/01\/nicolas-maduro-OGABE6B2V5CKJDRL26C2Y36MIA.webp","articleSection":["Mundo"],"inLanguage":"es-AR","potentialAction":[{"@type":"CommentAction","name":"Comment","target":["https:\/\/aldiachaco.com.ar\/index.php\/2026\/01\/05\/maduro-ya-llego-al-tribunal-frente-al-que-comparecera-en-nueva-york-por-narcoterrorismo\/#respond"]}]},{"@type":"WebPage","@id":"https:\/\/aldiachaco.com.ar\/index.php\/2026\/01\/05\/maduro-ya-llego-al-tribunal-frente-al-que-comparecera-en-nueva-york-por-narcoterrorismo\/","url":"https:\/\/aldiachaco.com.ar\/index.php\/2026\/01\/05\/maduro-ya-llego-al-tribunal-frente-al-que-comparecera-en-nueva-york-por-narcoterrorismo\/","name":"Maduro ya lleg\u00f3 al tribunal frente al que comparecer\u00e1 en Nueva York por \u201cnarcoterrorismo\u201d | Al Dia Chaco","isPartOf":{"@id":"https:\/\/aldiachaco.com.ar\/#website"},"primaryImageOfPage":{"@id":"https:\/\/aldiachaco.com.ar\/index.php\/2026\/01\/05\/maduro-ya-llego-al-tribunal-frente-al-que-comparecera-en-nueva-york-por-narcoterrorismo\/#primaryimage"},"image":{"@id":"https:\/\/aldiachaco.com.ar\/index.php\/2026\/01\/05\/maduro-ya-llego-al-tribunal-frente-al-que-comparecera-en-nueva-york-por-narcoterrorismo\/#primaryimage"},"thumbnailUrl":"https:\/\/aldiachaco.com.ar\/wp-content\/uploads\/2026\/01\/nicolas-maduro-OGABE6B2V5CKJDRL26C2Y36MIA.webp","datePublished":"2026-01-05T13:08:53+00:00","breadcrumb":{"@id":"https:\/\/aldiachaco.com.ar\/index.php\/2026\/01\/05\/maduro-ya-llego-al-tribunal-frente-al-que-comparecera-en-nueva-york-por-narcoterrorismo\/#breadcrumb"},"inLanguage":"es-AR","potentialAction":[{"@type":"ReadAction","target":["https:\/\/aldiachaco.com.ar\/index.php\/2026\/01\/05\/maduro-ya-llego-al-tribunal-frente-al-que-comparecera-en-nueva-york-por-narcoterrorismo\/"]}]},{"@type":"ImageObject","inLanguage":"es-AR","@id":"https:\/\/aldiachaco.com.ar\/index.php\/2026\/01\/05\/maduro-ya-llego-al-tribunal-frente-al-que-comparecera-en-nueva-york-por-narcoterrorismo\/#primaryimage","url":"https:\/\/aldiachaco.com.ar\/wp-content\/uploads\/2026\/01\/nicolas-maduro-OGABE6B2V5CKJDRL26C2Y36MIA.webp","contentUrl":"https:\/\/aldiachaco.com.ar\/wp-content\/uploads\/2026\/01\/nicolas-maduro-OGABE6B2V5CKJDRL26C2Y36MIA.webp","width":990,"height":557},{"@type":"BreadcrumbList","@id":"https:\/\/aldiachaco.com.ar\/index.php\/2026\/01\/05\/maduro-ya-llego-al-tribunal-frente-al-que-comparecera-en-nueva-york-por-narcoterrorismo\/#breadcrumb","itemListElement":[{"@type":"ListItem","position":1,"name":"Home","item":"https:\/\/aldiachaco.com.ar\/"},{"@type":"ListItem","position":2,"name":"Maduro ya lleg\u00f3 al tribunal frente al que comparecer\u00e1 en Nueva York por \u201cnarcoterrorismo\u201d"}]},{"@type":"WebSite","@id":"https:\/\/aldiachaco.com.ar\/#website","url":"https:\/\/aldiachaco.com.ar\/","name":"Al Dia Chaco","description":"Noticias del Chaco y el mundo","publisher":{"@id":"https:\/\/aldiachaco.com.ar\/#organization"},"alternateName":"Al D\u00eda Chaco","potentialAction":[{"@type":"SearchAction","target":{"@type":"EntryPoint","urlTemplate":"https:\/\/aldiachaco.com.ar\/?s={search_term_string}"},"query-input":{"@type":"PropertyValueSpecification","valueRequired":true,"valueName":"search_term_string"}}],"inLanguage":"es-AR"},{"@type":"Organization","@id":"https:\/\/aldiachaco.com.ar\/#organization","name":"Al Dia Chaco","url":"https:\/\/aldiachaco.com.ar\/","logo":{"@type":"ImageObject","inLanguage":"es-AR","@id":"https:\/\/aldiachaco.com.ar\/#\/schema\/logo\/image\/","url":"https:\/\/aldiachaco.com.ar\/wp-content\/uploads\/2017\/11\/AL-DIA-CHACO-L@2x.png","contentUrl":"https:\/\/aldiachaco.com.ar\/wp-content\/uploads\/2017\/11\/AL-DIA-CHACO-L@2x.png","width":232,"height":60,"caption":"Al Dia Chaco"},"image":{"@id":"https:\/\/aldiachaco.com.ar\/#\/schema\/logo\/image\/"}},{"@type":"Person","@id":"https:\/\/aldiachaco.com.ar\/#\/schema\/person\/80113835e512ba580e79a945932487f5","name":"aldiachaco.com.ar","image":{"@type":"ImageObject","inLanguage":"es-AR","@id":"https:\/\/aldiachaco.com.ar\/wp-content\/litespeed\/avatar\/a7c4ebc5454089d3fd4ef6b87fdd073a.jpg?ver=1777471945","url":"https:\/\/aldiachaco.com.ar\/wp-content\/litespeed\/avatar\/a7c4ebc5454089d3fd4ef6b87fdd073a.jpg?ver=1777471945","contentUrl":"https:\/\/aldiachaco.com.ar\/wp-content\/litespeed\/avatar\/a7c4ebc5454089d3fd4ef6b87fdd073a.jpg?ver=1777471945","caption":"aldiachaco.com.ar"},"sameAs":["https:\/\/aldiachaco.com.ar"],"url":"https:\/\/aldiachaco.com.ar\/index.php\/author\/lime-camel-884546-hostingersite-com\/"}]}},"jetpack_publicize_connections":[],"jetpack_featured_media_url":"https:\/\/aldiachaco.com.ar\/wp-content\/uploads\/2026\/01\/nicolas-maduro-OGABE6B2V5CKJDRL26C2Y36MIA.webp","jetpack_sharing_enabled":true,"amp_enabled":true,"_links":{"self":[{"href":"https:\/\/aldiachaco.com.ar\/index.php\/wp-json\/wp\/v2\/posts\/115796","targetHints":{"allow":["GET"]}}],"collection":[{"href":"https:\/\/aldiachaco.com.ar\/index.php\/wp-json\/wp\/v2\/posts"}],"about":[{"href":"https:\/\/aldiachaco.com.ar\/index.php\/wp-json\/wp\/v2\/types\/post"}],"author":[{"embeddable":true,"href":"https:\/\/aldiachaco.com.ar\/index.php\/wp-json\/wp\/v2\/users\/1"}],"replies":[{"embeddable":true,"href":"https:\/\/aldiachaco.com.ar\/index.php\/wp-json\/wp\/v2\/comments?post=115796"}],"version-history":[{"count":0,"href":"https:\/\/aldiachaco.com.ar\/index.php\/wp-json\/wp\/v2\/posts\/115796\/revisions"}],"wp:featuredmedia":[{"embeddable":true,"href":"https:\/\/aldiachaco.com.ar\/index.php\/wp-json\/wp\/v2\/media\/115797"}],"wp:attachment":[{"href":"https:\/\/aldiachaco.com.ar\/index.php\/wp-json\/wp\/v2\/media?parent=115796"}],"wp:term":[{"taxonomy":"category","embeddable":true,"href":"https:\/\/aldiachaco.com.ar\/index.php\/wp-json\/wp\/v2\/categories?post=115796"},{"taxonomy":"post_tag","embeddable":true,"href":"https:\/\/aldiachaco.com.ar\/index.php\/wp-json\/wp\/v2\/tags?post=115796"}],"curies":[{"name":"wp","href":"https:\/\/api.w.org\/{rel}","templated":true}]}}