{"id":115781,"date":"2026-01-04T13:21:26","date_gmt":"2026-01-04T16:21:26","guid":{"rendered":"https:\/\/portalmovil.com.ar\/?p=115781"},"modified":"2026-01-04T13:21:26","modified_gmt":"2026-01-04T16:21:26","slug":"china-iran-y-corea-del-norte-conformaron-un-frente-de-rechazo-contra-estados-unidos","status":"publish","type":"post","link":"https:\/\/aldiachaco.com.ar\/index.php\/2026\/01\/04\/china-iran-y-corea-del-norte-conformaron-un-frente-de-rechazo-contra-estados-unidos\/","title":{"rendered":"China, Ir\u00e1n y Corea del Norte conformaron un frente de rechazo contra Estados Unidos"},"content":{"rendered":"\n<p><strong>En las \u00faltimas horas, varios pa\u00edses se sumaron a Rusia y condenaron la intervenci\u00f3n de Estados Unidos; pidieron que se respete el derecho internacional y hablaron de \u201cterrorismo\u201d<\/strong><\/p>\n\n\n\n<figure class=\"wp-block-image size-full\"><img loading=\"lazy\" decoding=\"async\" width=\"1000\" height=\"750\" src=\"https:\/\/aldiachaco.com.ar\/wp-content\/uploads\/2026\/01\/1000749416.webp\" alt=\"\" class=\"wp-image-115782\" srcset=\"https:\/\/aldiachaco.com.ar\/wp-content\/uploads\/2026\/01\/1000749416.webp 1000w, https:\/\/aldiachaco.com.ar\/wp-content\/uploads\/2026\/01\/1000749416-300x225.webp 300w, https:\/\/aldiachaco.com.ar\/wp-content\/uploads\/2026\/01\/1000749416-768x576.webp 768w, https:\/\/aldiachaco.com.ar\/wp-content\/uploads\/2026\/01\/1000749416-627x470.webp 627w, https:\/\/aldiachaco.com.ar\/wp-content\/uploads\/2026\/01\/1000749416-600x450.webp 600w\" sizes=\"auto, (max-width: 1000px) 100vw, 1000px\" \/><\/figure>\n\n\n\n<p><strong>Luego del ataque de Estados Unidos en Venezuela y la posterior captura de su presidente, Nicol\u00e1s Maduro, y su esposa, varios gobiernos salieron a repudiar el accionar militar norteamericano y a pedir por la liberaci\u00f3n del l\u00edder chavista. Este domingo se sumaron China, Ir\u00e1n y Corea del Norte, que condenaron el bombardeo y acusaron a la administraci\u00f3n de Donald Trump de \u201cterrorismo internacional\u201d.<\/strong><\/p>\n\n\n\n<p>En\u00a0<strong>Corea del Norte<\/strong>, el gobierno de Kim Jong-un \u2014enfrentado con Estados Unidos\u2014 denunci\u00f3 este domingo la captura del presidente venezolano y la tild\u00f3 de una \u201cgrave violaci\u00f3n de la soberan\u00eda\u201d, seg\u00fan inform\u00f3 la prensa estatal.<\/p>\n\n\n\n<p>El Ministerio de Relaciones Exteriores norcoreano \u201cdenunci\u00f3 en\u00e9rgicamente el acto hegem\u00f3nico cometido por Estados Unidos en Venezuela como la m\u00e1s grave violaci\u00f3n de la soberan\u00eda\u201d, afirm\u00f3 un portavoz de esa cartera en un comunicado difundido por la agencia oficial KCNA. \u201cEl incidente es otro ejemplo que confirma una vez m\u00e1s la naturaleza deshonesta y brutal de Estados Unidos\u201d, a\u00f1adi\u00f3.<\/p>\n\n\n\n<p><strong>China, por otro lado, inst\u00f3 al gobierno norteamericano a \u201cliberar inmediatamente\u201d a Maduro y a su esposa y tambi\u00e9n condenaron el accionar militar de la administraci\u00f3n de Trump.<\/strong><\/p>\n\n\n\n<p>\u201cChina insta a Estados Unidos a garantizar la seguridad personal del presidente Nicol\u00e1s Maduro y su esposa, a liberarlos de inmediato y a detener el derrocamiento del gobierno en Venezuela\u201d, declar\u00f3 el ministerio de Relaciones Exteriores chino en un comunicado. El funcionario tambi\u00e9n calific\u00f3 el ataque de \u201cclara violaci\u00f3n del derecho internacional\u201d.<\/p>\n","protected":false},"excerpt":{"rendered":"<p>En las \u00faltimas horas, varios pa\u00edses se sumaron a Rusia y condenaron la intervenci\u00f3n de Estados Unidos; pidieron que se respete el derecho internacional y hablaron de \u201cterrorismo\u201d Luego del ataque de Estados Unidos en Venezuela y la posterior captura de su presidente, Nicol\u00e1s Maduro, y su esposa, varios gobiernos salieron a repudiar el accionar &hellip;<\/p>\n","protected":false},"author":1,"featured_media":115783,"comment_status":"open","ping_status":"open","sticky":false,"template":"","format":"standard","meta":{"content-type":"","_monsterinsights_skip_tracking":false,"_monsterinsights_sitenote_active":false,"_monsterinsights_sitenote_note":"","_monsterinsights_sitenote_category":0,"_jetpack_memberships_contains_paid_content":false,"footnotes":"","jetpack_publicize_message":"","jetpack_publicize_feature_enabled":true,"jetpack_social_post_already_shared":true,"jetpack_social_options":{"image_generator_settings":{"template":"highway","default_image_id":0,"font":"","enabled":false},"version":2}},"categories":[271],"tags":[],"class_list":["post-115781","post","type-post","status-publish","format-standard","has-post-thumbnail","hentry","category-mundo"],"yoast_head":"<!-- This site is optimized with the Yoast SEO plugin v27.4 - https:\/\/yoast.com\/product\/yoast-seo-wordpress\/ -->\n<title>China, Ir\u00e1n y Corea del Norte conformaron un frente de rechazo contra Estados Unidos | Al Dia Chaco<\/title>\n<meta name=\"robots\" content=\"index, follow, max-snippet:-1, max-image-preview:large, max-video-preview:-1\" \/>\n<link rel=\"canonical\" href=\"https:\/\/aldiachaco.com.ar\/index.php\/2026\/01\/04\/china-iran-y-corea-del-norte-conformaron-un-frente-de-rechazo-contra-estados-unidos\/\" \/>\n<meta property=\"og:locale\" content=\"es_ES\" \/>\n<meta property=\"og:type\" content=\"article\" \/>\n<meta property=\"og:title\" content=\"China, Ir\u00e1n y Corea del Norte conformaron un frente de rechazo contra Estados Unidos | Al Dia Chaco\" \/>\n<meta property=\"og:description\" content=\"En las \u00faltimas horas, varios pa\u00edses se sumaron a Rusia y condenaron la intervenci\u00f3n de Estados Unidos; pidieron que se respete el derecho internacional y hablaron de \u201cterrorismo\u201d Luego del ataque de Estados Unidos en Venezuela y la posterior captura de su presidente, Nicol\u00e1s Maduro, y su esposa, varios gobiernos salieron a repudiar el accionar &hellip;\" \/>\n<meta property=\"og:url\" content=\"https:\/\/aldiachaco.com.ar\/index.php\/2026\/01\/04\/china-iran-y-corea-del-norte-conformaron-un-frente-de-rechazo-contra-estados-unidos\/\" \/>\n<meta property=\"og:site_name\" content=\"Al Dia Chaco\" \/>\n<meta property=\"article:published_time\" content=\"2026-01-04T16:21:26+00:00\" \/>\n<meta property=\"og:image\" content=\"https:\/\/aldiachaco.com.ar\/wp-content\/uploads\/2026\/01\/1000749416.webp\" \/>\n\t<meta property=\"og:image:width\" content=\"1000\" \/>\n\t<meta property=\"og:image:height\" content=\"750\" \/>\n\t<meta property=\"og:image:type\" content=\"image\/webp\" \/>\n<meta name=\"author\" content=\"aldiachaco.com.ar\" \/>\n<meta name=\"twitter:card\" content=\"summary_large_image\" \/>\n<meta name=\"twitter:label1\" content=\"Escrito por\" \/>\n\t<meta name=\"twitter:data1\" content=\"aldiachaco.com.ar\" \/>\n\t<meta name=\"twitter:label2\" content=\"Tiempo de lectura\" \/>\n\t<meta name=\"twitter:data2\" content=\"1 minuto\" \/>\n<script type=\"application\/ld+json\" class=\"yoast-schema-graph\">{\"@context\":\"https:\\\/\\\/schema.org\",\"@graph\":[{\"@type\":\"Article\",\"@id\":\"https:\\\/\\\/aldiachaco.com.ar\\\/index.php\\\/2026\\\/01\\\/04\\\/china-iran-y-corea-del-norte-conformaron-un-frente-de-rechazo-contra-estados-unidos\\\/#article\",\"isPartOf\":{\"@id\":\"https:\\\/\\\/aldiachaco.com.ar\\\/index.php\\\/2026\\\/01\\\/04\\\/china-iran-y-corea-del-norte-conformaron-un-frente-de-rechazo-contra-estados-unidos\\\/\"},\"author\":{\"name\":\"aldiachaco.com.ar\",\"@id\":\"https:\\\/\\\/aldiachaco.com.ar\\\/#\\\/schema\\\/person\\\/80113835e512ba580e79a945932487f5\"},\"headline\":\"China, Ir\u00e1n y Corea del Norte conformaron un frente de rechazo contra Estados Unidos\",\"datePublished\":\"2026-01-04T16:21:26+00:00\",\"mainEntityOfPage\":{\"@id\":\"https:\\\/\\\/aldiachaco.com.ar\\\/index.php\\\/2026\\\/01\\\/04\\\/china-iran-y-corea-del-norte-conformaron-un-frente-de-rechazo-contra-estados-unidos\\\/\"},\"wordCount\":303,\"commentCount\":0,\"publisher\":{\"@id\":\"https:\\\/\\\/aldiachaco.com.ar\\\/#organization\"},\"image\":{\"@id\":\"https:\\\/\\\/aldiachaco.com.ar\\\/index.php\\\/2026\\\/01\\\/04\\\/china-iran-y-corea-del-norte-conformaron-un-frente-de-rechazo-contra-estados-unidos\\\/#primaryimage\"},\"thumbnailUrl\":\"https:\\\/\\\/aldiachaco.com.ar\\\/wp-content\\\/uploads\\\/2026\\\/01\\\/xi_jinping_china_kim_jong_un_corea_del_norte_y_masoud_pezeshkian_iran_lideres_de_tres_de_los_paises.webp\",\"articleSection\":[\"Mundo\"],\"inLanguage\":\"es-AR\",\"potentialAction\":[{\"@type\":\"CommentAction\",\"name\":\"Comment\",\"target\":[\"https:\\\/\\\/aldiachaco.com.ar\\\/index.php\\\/2026\\\/01\\\/04\\\/china-iran-y-corea-del-norte-conformaron-un-frente-de-rechazo-contra-estados-unidos\\\/#respond\"]}]},{\"@type\":\"WebPage\",\"@id\":\"https:\\\/\\\/aldiachaco.com.ar\\\/index.php\\\/2026\\\/01\\\/04\\\/china-iran-y-corea-del-norte-conformaron-un-frente-de-rechazo-contra-estados-unidos\\\/\",\"url\":\"https:\\\/\\\/aldiachaco.com.ar\\\/index.php\\\/2026\\\/01\\\/04\\\/china-iran-y-corea-del-norte-conformaron-un-frente-de-rechazo-contra-estados-unidos\\\/\",\"name\":\"China, Ir\u00e1n y Corea del Norte conformaron un frente de rechazo contra Estados Unidos | Al Dia Chaco\",\"isPartOf\":{\"@id\":\"https:\\\/\\\/aldiachaco.com.ar\\\/#website\"},\"primaryImageOfPage\":{\"@id\":\"https:\\\/\\\/aldiachaco.com.ar\\\/index.php\\\/2026\\\/01\\\/04\\\/china-iran-y-corea-del-norte-conformaron-un-frente-de-rechazo-contra-estados-unidos\\\/#primaryimage\"},\"image\":{\"@id\":\"https:\\\/\\\/aldiachaco.com.ar\\\/index.php\\\/2026\\\/01\\\/04\\\/china-iran-y-corea-del-norte-conformaron-un-frente-de-rechazo-contra-estados-unidos\\\/#primaryimage\"},\"thumbnailUrl\":\"https:\\\/\\\/aldiachaco.com.ar\\\/wp-content\\\/uploads\\\/2026\\\/01\\\/xi_jinping_china_kim_jong_un_corea_del_norte_y_masoud_pezeshkian_iran_lideres_de_tres_de_los_paises.webp\",\"datePublished\":\"2026-01-04T16:21:26+00:00\",\"breadcrumb\":{\"@id\":\"https:\\\/\\\/aldiachaco.com.ar\\\/index.php\\\/2026\\\/01\\\/04\\\/china-iran-y-corea-del-norte-conformaron-un-frente-de-rechazo-contra-estados-unidos\\\/#breadcrumb\"},\"inLanguage\":\"es-AR\",\"potentialAction\":[{\"@type\":\"ReadAction\",\"target\":[\"https:\\\/\\\/aldiachaco.com.ar\\\/index.php\\\/2026\\\/01\\\/04\\\/china-iran-y-corea-del-norte-conformaron-un-frente-de-rechazo-contra-estados-unidos\\\/\"]}]},{\"@type\":\"ImageObject\",\"inLanguage\":\"es-AR\",\"@id\":\"https:\\\/\\\/aldiachaco.com.ar\\\/index.php\\\/2026\\\/01\\\/04\\\/china-iran-y-corea-del-norte-conformaron-un-frente-de-rechazo-contra-estados-unidos\\\/#primaryimage\",\"url\":\"https:\\\/\\\/aldiachaco.com.ar\\\/wp-content\\\/uploads\\\/2026\\\/01\\\/xi_jinping_china_kim_jong_un_corea_del_norte_y_masoud_pezeshkian_iran_lideres_de_tres_de_los_paises.webp\",\"contentUrl\":\"https:\\\/\\\/aldiachaco.com.ar\\\/wp-content\\\/uploads\\\/2026\\\/01\\\/xi_jinping_china_kim_jong_un_corea_del_norte_y_masoud_pezeshkian_iran_lideres_de_tres_de_los_paises.webp\",\"width\":880,\"height\":495},{\"@type\":\"BreadcrumbList\",\"@id\":\"https:\\\/\\\/aldiachaco.com.ar\\\/index.php\\\/2026\\\/01\\\/04\\\/china-iran-y-corea-del-norte-conformaron-un-frente-de-rechazo-contra-estados-unidos\\\/#breadcrumb\",\"itemListElement\":[{\"@type\":\"ListItem\",\"position\":1,\"name\":\"Home\",\"item\":\"https:\\\/\\\/aldiachaco.com.ar\\\/\"},{\"@type\":\"ListItem\",\"position\":2,\"name\":\"China, Ir\u00e1n y Corea del Norte conformaron un frente de rechazo contra Estados Unidos\"}]},{\"@type\":\"WebSite\",\"@id\":\"https:\\\/\\\/aldiachaco.com.ar\\\/#website\",\"url\":\"https:\\\/\\\/aldiachaco.com.ar\\\/\",\"name\":\"Al Dia Chaco\",\"description\":\"Noticias del Chaco y el mundo\",\"publisher\":{\"@id\":\"https:\\\/\\\/aldiachaco.com.ar\\\/#organization\"},\"alternateName\":\"Al D\u00eda Chaco\",\"potentialAction\":[{\"@type\":\"SearchAction\",\"target\":{\"@type\":\"EntryPoint\",\"urlTemplate\":\"https:\\\/\\\/aldiachaco.com.ar\\\/?s={search_term_string}\"},\"query-input\":{\"@type\":\"PropertyValueSpecification\",\"valueRequired\":true,\"valueName\":\"search_term_string\"}}],\"inLanguage\":\"es-AR\"},{\"@type\":\"Organization\",\"@id\":\"https:\\\/\\\/aldiachaco.com.ar\\\/#organization\",\"name\":\"Al Dia Chaco\",\"url\":\"https:\\\/\\\/aldiachaco.com.ar\\\/\",\"logo\":{\"@type\":\"ImageObject\",\"inLanguage\":\"es-AR\",\"@id\":\"https:\\\/\\\/aldiachaco.com.ar\\\/#\\\/schema\\\/logo\\\/image\\\/\",\"url\":\"https:\\\/\\\/aldiachaco.com.ar\\\/wp-content\\\/uploads\\\/2017\\\/11\\\/AL-DIA-CHACO-L@2x.png\",\"contentUrl\":\"https:\\\/\\\/aldiachaco.com.ar\\\/wp-content\\\/uploads\\\/2017\\\/11\\\/AL-DIA-CHACO-L@2x.png\",\"width\":232,\"height\":60,\"caption\":\"Al Dia Chaco\"},\"image\":{\"@id\":\"https:\\\/\\\/aldiachaco.com.ar\\\/#\\\/schema\\\/logo\\\/image\\\/\"}},{\"@type\":\"Person\",\"@id\":\"https:\\\/\\\/aldiachaco.com.ar\\\/#\\\/schema\\\/person\\\/80113835e512ba580e79a945932487f5\",\"name\":\"aldiachaco.com.ar\",\"image\":{\"@type\":\"ImageObject\",\"inLanguage\":\"es-AR\",\"@id\":\"https:\\\/\\\/aldiachaco.com.ar\\\/wp-content\\\/litespeed\\\/avatar\\\/a7c4ebc5454089d3fd4ef6b87fdd073a.jpg?ver=1777471945\",\"url\":\"https:\\\/\\\/aldiachaco.com.ar\\\/wp-content\\\/litespeed\\\/avatar\\\/a7c4ebc5454089d3fd4ef6b87fdd073a.jpg?ver=1777471945\",\"contentUrl\":\"https:\\\/\\\/aldiachaco.com.ar\\\/wp-content\\\/litespeed\\\/avatar\\\/a7c4ebc5454089d3fd4ef6b87fdd073a.jpg?ver=1777471945\",\"caption\":\"aldiachaco.com.ar\"},\"sameAs\":[\"https:\\\/\\\/aldiachaco.com.ar\"],\"url\":\"https:\\\/\\\/aldiachaco.com.ar\\\/index.php\\\/author\\\/lime-camel-884546-hostingersite-com\\\/\"}]}<\/script>\n<!-- \/ Yoast SEO plugin. -->","yoast_head_json":{"title":"China, Ir\u00e1n y Corea del Norte conformaron un frente de rechazo contra Estados Unidos | Al Dia Chaco","robots":{"index":"index","follow":"follow","max-snippet":"max-snippet:-1","max-image-preview":"max-image-preview:large","max-video-preview":"max-video-preview:-1"},"canonical":"https:\/\/aldiachaco.com.ar\/index.php\/2026\/01\/04\/china-iran-y-corea-del-norte-conformaron-un-frente-de-rechazo-contra-estados-unidos\/","og_locale":"es_ES","og_type":"article","og_title":"China, Ir\u00e1n y Corea del Norte conformaron un frente de rechazo contra Estados Unidos | Al Dia Chaco","og_description":"En las \u00faltimas horas, varios pa\u00edses se sumaron a Rusia y condenaron la intervenci\u00f3n de Estados Unidos; pidieron que se respete el derecho internacional y hablaron de \u201cterrorismo\u201d Luego del ataque de Estados Unidos en Venezuela y la posterior captura de su presidente, Nicol\u00e1s Maduro, y su esposa, varios gobiernos salieron a repudiar el accionar &hellip;","og_url":"https:\/\/aldiachaco.com.ar\/index.php\/2026\/01\/04\/china-iran-y-corea-del-norte-conformaron-un-frente-de-rechazo-contra-estados-unidos\/","og_site_name":"Al Dia Chaco","article_published_time":"2026-01-04T16:21:26+00:00","og_image":[{"width":1000,"height":750,"url":"https:\/\/aldiachaco.com.ar\/wp-content\/uploads\/2026\/01\/1000749416.webp","type":"image\/webp"}],"author":"aldiachaco.com.ar","twitter_card":"summary_large_image","twitter_misc":{"Escrito por":"aldiachaco.com.ar","Tiempo de lectura":"1 minuto"},"schema":{"@context":"https:\/\/schema.org","@graph":[{"@type":"Article","@id":"https:\/\/aldiachaco.com.ar\/index.php\/2026\/01\/04\/china-iran-y-corea-del-norte-conformaron-un-frente-de-rechazo-contra-estados-unidos\/#article","isPartOf":{"@id":"https:\/\/aldiachaco.com.ar\/index.php\/2026\/01\/04\/china-iran-y-corea-del-norte-conformaron-un-frente-de-rechazo-contra-estados-unidos\/"},"author":{"name":"aldiachaco.com.ar","@id":"https:\/\/aldiachaco.com.ar\/#\/schema\/person\/80113835e512ba580e79a945932487f5"},"headline":"China, Ir\u00e1n y Corea del Norte conformaron un frente de rechazo contra Estados Unidos","datePublished":"2026-01-04T16:21:26+00:00","mainEntityOfPage":{"@id":"https:\/\/aldiachaco.com.ar\/index.php\/2026\/01\/04\/china-iran-y-corea-del-norte-conformaron-un-frente-de-rechazo-contra-estados-unidos\/"},"wordCount":303,"commentCount":0,"publisher":{"@id":"https:\/\/aldiachaco.com.ar\/#organization"},"image":{"@id":"https:\/\/aldiachaco.com.ar\/index.php\/2026\/01\/04\/china-iran-y-corea-del-norte-conformaron-un-frente-de-rechazo-contra-estados-unidos\/#primaryimage"},"thumbnailUrl":"https:\/\/aldiachaco.com.ar\/wp-content\/uploads\/2026\/01\/xi_jinping_china_kim_jong_un_corea_del_norte_y_masoud_pezeshkian_iran_lideres_de_tres_de_los_paises.webp","articleSection":["Mundo"],"inLanguage":"es-AR","potentialAction":[{"@type":"CommentAction","name":"Comment","target":["https:\/\/aldiachaco.com.ar\/index.php\/2026\/01\/04\/china-iran-y-corea-del-norte-conformaron-un-frente-de-rechazo-contra-estados-unidos\/#respond"]}]},{"@type":"WebPage","@id":"https:\/\/aldiachaco.com.ar\/index.php\/2026\/01\/04\/china-iran-y-corea-del-norte-conformaron-un-frente-de-rechazo-contra-estados-unidos\/","url":"https:\/\/aldiachaco.com.ar\/index.php\/2026\/01\/04\/china-iran-y-corea-del-norte-conformaron-un-frente-de-rechazo-contra-estados-unidos\/","name":"China, Ir\u00e1n y Corea del Norte conformaron un frente de rechazo contra Estados Unidos | Al Dia Chaco","isPartOf":{"@id":"https:\/\/aldiachaco.com.ar\/#website"},"primaryImageOfPage":{"@id":"https:\/\/aldiachaco.com.ar\/index.php\/2026\/01\/04\/china-iran-y-corea-del-norte-conformaron-un-frente-de-rechazo-contra-estados-unidos\/#primaryimage"},"image":{"@id":"https:\/\/aldiachaco.com.ar\/index.php\/2026\/01\/04\/china-iran-y-corea-del-norte-conformaron-un-frente-de-rechazo-contra-estados-unidos\/#primaryimage"},"thumbnailUrl":"https:\/\/aldiachaco.com.ar\/wp-content\/uploads\/2026\/01\/xi_jinping_china_kim_jong_un_corea_del_norte_y_masoud_pezeshkian_iran_lideres_de_tres_de_los_paises.webp","datePublished":"2026-01-04T16:21:26+00:00","breadcrumb":{"@id":"https:\/\/aldiachaco.com.ar\/index.php\/2026\/01\/04\/china-iran-y-corea-del-norte-conformaron-un-frente-de-rechazo-contra-estados-unidos\/#breadcrumb"},"inLanguage":"es-AR","potentialAction":[{"@type":"ReadAction","target":["https:\/\/aldiachaco.com.ar\/index.php\/2026\/01\/04\/china-iran-y-corea-del-norte-conformaron-un-frente-de-rechazo-contra-estados-unidos\/"]}]},{"@type":"ImageObject","inLanguage":"es-AR","@id":"https:\/\/aldiachaco.com.ar\/index.php\/2026\/01\/04\/china-iran-y-corea-del-norte-conformaron-un-frente-de-rechazo-contra-estados-unidos\/#primaryimage","url":"https:\/\/aldiachaco.com.ar\/wp-content\/uploads\/2026\/01\/xi_jinping_china_kim_jong_un_corea_del_norte_y_masoud_pezeshkian_iran_lideres_de_tres_de_los_paises.webp","contentUrl":"https:\/\/aldiachaco.com.ar\/wp-content\/uploads\/2026\/01\/xi_jinping_china_kim_jong_un_corea_del_norte_y_masoud_pezeshkian_iran_lideres_de_tres_de_los_paises.webp","width":880,"height":495},{"@type":"BreadcrumbList","@id":"https:\/\/aldiachaco.com.ar\/index.php\/2026\/01\/04\/china-iran-y-corea-del-norte-conformaron-un-frente-de-rechazo-contra-estados-unidos\/#breadcrumb","itemListElement":[{"@type":"ListItem","position":1,"name":"Home","item":"https:\/\/aldiachaco.com.ar\/"},{"@type":"ListItem","position":2,"name":"China, Ir\u00e1n y Corea del Norte conformaron un frente de rechazo contra Estados Unidos"}]},{"@type":"WebSite","@id":"https:\/\/aldiachaco.com.ar\/#website","url":"https:\/\/aldiachaco.com.ar\/","name":"Al Dia Chaco","description":"Noticias del Chaco y el mundo","publisher":{"@id":"https:\/\/aldiachaco.com.ar\/#organization"},"alternateName":"Al D\u00eda Chaco","potentialAction":[{"@type":"SearchAction","target":{"@type":"EntryPoint","urlTemplate":"https:\/\/aldiachaco.com.ar\/?s={search_term_string}"},"query-input":{"@type":"PropertyValueSpecification","valueRequired":true,"valueName":"search_term_string"}}],"inLanguage":"es-AR"},{"@type":"Organization","@id":"https:\/\/aldiachaco.com.ar\/#organization","name":"Al Dia Chaco","url":"https:\/\/aldiachaco.com.ar\/","logo":{"@type":"ImageObject","inLanguage":"es-AR","@id":"https:\/\/aldiachaco.com.ar\/#\/schema\/logo\/image\/","url":"https:\/\/aldiachaco.com.ar\/wp-content\/uploads\/2017\/11\/AL-DIA-CHACO-L@2x.png","contentUrl":"https:\/\/aldiachaco.com.ar\/wp-content\/uploads\/2017\/11\/AL-DIA-CHACO-L@2x.png","width":232,"height":60,"caption":"Al Dia Chaco"},"image":{"@id":"https:\/\/aldiachaco.com.ar\/#\/schema\/logo\/image\/"}},{"@type":"Person","@id":"https:\/\/aldiachaco.com.ar\/#\/schema\/person\/80113835e512ba580e79a945932487f5","name":"aldiachaco.com.ar","image":{"@type":"ImageObject","inLanguage":"es-AR","@id":"https:\/\/aldiachaco.com.ar\/wp-content\/litespeed\/avatar\/a7c4ebc5454089d3fd4ef6b87fdd073a.jpg?ver=1777471945","url":"https:\/\/aldiachaco.com.ar\/wp-content\/litespeed\/avatar\/a7c4ebc5454089d3fd4ef6b87fdd073a.jpg?ver=1777471945","contentUrl":"https:\/\/aldiachaco.com.ar\/wp-content\/litespeed\/avatar\/a7c4ebc5454089d3fd4ef6b87fdd073a.jpg?ver=1777471945","caption":"aldiachaco.com.ar"},"sameAs":["https:\/\/aldiachaco.com.ar"],"url":"https:\/\/aldiachaco.com.ar\/index.php\/author\/lime-camel-884546-hostingersite-com\/"}]}},"jetpack_publicize_connections":[],"jetpack_featured_media_url":"https:\/\/aldiachaco.com.ar\/wp-content\/uploads\/2026\/01\/xi_jinping_china_kim_jong_un_corea_del_norte_y_masoud_pezeshkian_iran_lideres_de_tres_de_los_paises.webp","jetpack_sharing_enabled":true,"amp_enabled":true,"_links":{"self":[{"href":"https:\/\/aldiachaco.com.ar\/index.php\/wp-json\/wp\/v2\/posts\/115781","targetHints":{"allow":["GET"]}}],"collection":[{"href":"https:\/\/aldiachaco.com.ar\/index.php\/wp-json\/wp\/v2\/posts"}],"about":[{"href":"https:\/\/aldiachaco.com.ar\/index.php\/wp-json\/wp\/v2\/types\/post"}],"author":[{"embeddable":true,"href":"https:\/\/aldiachaco.com.ar\/index.php\/wp-json\/wp\/v2\/users\/1"}],"replies":[{"embeddable":true,"href":"https:\/\/aldiachaco.com.ar\/index.php\/wp-json\/wp\/v2\/comments?post=115781"}],"version-history":[{"count":0,"href":"https:\/\/aldiachaco.com.ar\/index.php\/wp-json\/wp\/v2\/posts\/115781\/revisions"}],"wp:featuredmedia":[{"embeddable":true,"href":"https:\/\/aldiachaco.com.ar\/index.php\/wp-json\/wp\/v2\/media\/115783"}],"wp:attachment":[{"href":"https:\/\/aldiachaco.com.ar\/index.php\/wp-json\/wp\/v2\/media?parent=115781"}],"wp:term":[{"taxonomy":"category","embeddable":true,"href":"https:\/\/aldiachaco.com.ar\/index.php\/wp-json\/wp\/v2\/categories?post=115781"},{"taxonomy":"post_tag","embeddable":true,"href":"https:\/\/aldiachaco.com.ar\/index.php\/wp-json\/wp\/v2\/tags?post=115781"}],"curies":[{"name":"wp","href":"https:\/\/api.w.org\/{rel}","templated":true}]}}