{"id":10789,"date":"2025-01-10T15:35:48","date_gmt":"2025-01-10T18:35:48","guid":{"rendered":"https:\/\/aldiachaco.com.ar\/?p=10789"},"modified":"2025-01-10T15:35:48","modified_gmt":"2025-01-10T18:35:48","slug":"internaron-al-cantante-de-los-palmeras-que-dice-el-parte-medico","status":"publish","type":"post","link":"https:\/\/aldiachaco.com.ar\/index.php\/2025\/01\/10\/internaron-al-cantante-de-los-palmeras-que-dice-el-parte-medico\/","title":{"rendered":"Internaron al cantante de Los Palmeras: qu\u00e9 dice el parte m\u00e9dico"},"content":{"rendered":"<p><strong>Rub\u00e9n &#8220;Cacho&#8221; Deicas, cantante de Los Palmeras, tuvo que ser internado y la noticia preocupa a los fan\u00e1ticos.<\/strong>\u00a0El l\u00edder de la emblem\u00e1tica banda de cumbia se encuentra en el sanatorio del Grupo MIT, en la provincia de Santa Fe.<\/p>\n<p><em>&#8220;El Sr. Deicas Rub\u00e9n Hector ingres\u00f3 ayer por un d\u00e9ficit neurol\u00f3gico agudo, sin compromiso del estado de conciencia ni disfunci\u00f3n de otros sistemas. Dicho d\u00e9ficit presentaba varias horas de inicio. Por examen neurol\u00f3gico y estudios de im\u00e1genes (tomograf\u00eda computada y resonancia magn\u00e9tica) se realiz\u00f3 diagn\u00f3stico de accidente cerebro vascular isqu\u00e9mico&#8221;<\/em>, dice el parte m\u00e9dico del artista que comparti\u00f3 el centro de salud en las \u00faltimas horas.<\/p>\n<div class=\"autopromo\" data-role=\"promo-target\" data-unit=\"2\"><\/div>\n<p>Adem\u00e1s, el documento agreg\u00f3:\u00a0<em>&#8220;Con control multidisciplinario, tratamiento farmacol\u00f3gico y monitoreo estricto en Unidad de Terapia Intensiva, evoluciona en horas con mejor\u00eda de su d\u00e9ficit neurol\u00f3gico, encontr\u00e1ndose actualmente l\u00facido estable hemodin\u00e1micamente en compa\u00f1\u00eda de su familia&#8221;.<\/em><\/p>\n<p>Seg\u00fan publica hoy\u00a0<em>TN<\/em>, el m\u00fasico ten\u00eda una internaci\u00f3n programada desde hace tres meses para realizarse estudios cardiol\u00f3gicos. Asimismo, recalcaron que se encuentra en buen estado de salud.<\/p>\n<p>Si bien por los estudios m\u00e9dicos los integrantes de Los Palmeras debieron prolongar sus vacaciones, este viernes retomar\u00e1n su trabajo y comenzar\u00e1n sus presentaciones en los distintos festivales del pa\u00eds.<\/p>\n","protected":false},"excerpt":{"rendered":"<p>Rub\u00e9n &#8220;Cacho&#8221; Deicas, cantante de Los Palmeras, tuvo que ser internado y la noticia preocupa a los fan\u00e1ticos.\u00a0El l\u00edder de la emblem\u00e1tica banda de cumbia se encuentra en el sanatorio del Grupo MIT, en la provincia de Santa Fe. &#8220;El Sr. Deicas Rub\u00e9n Hector ingres\u00f3 ayer por un d\u00e9ficit neurol\u00f3gico agudo, sin compromiso del estado &hellip;<\/p>\n","protected":false},"author":1,"featured_media":10790,"comment_status":"open","ping_status":"open","sticky":false,"template":"","format":"standard","meta":{"content-type":"","_monsterinsights_skip_tracking":false,"_monsterinsights_sitenote_active":false,"_monsterinsights_sitenote_note":"","_monsterinsights_sitenote_category":0,"_jetpack_memberships_contains_paid_content":false,"footnotes":"","jetpack_publicize_message":"","jetpack_publicize_feature_enabled":true,"jetpack_social_post_already_shared":true,"jetpack_social_options":{"image_generator_settings":{"template":"highway","default_image_id":0,"font":"","enabled":false},"version":2}},"categories":[213],"tags":[],"class_list":["post-10789","post","type-post","status-publish","format-standard","has-post-thumbnail","hentry","category-musica"],"yoast_head":"<!-- This site is optimized with the Yoast SEO plugin v27.4 - https:\/\/yoast.com\/product\/yoast-seo-wordpress\/ -->\n<title>Internaron al cantante de Los Palmeras: qu\u00e9 dice el parte m\u00e9dico | Al Dia Chaco<\/title>\n<meta name=\"robots\" content=\"index, follow, max-snippet:-1, max-image-preview:large, max-video-preview:-1\" \/>\n<link rel=\"canonical\" href=\"https:\/\/aldiachaco.com.ar\/index.php\/2025\/01\/10\/internaron-al-cantante-de-los-palmeras-que-dice-el-parte-medico\/\" \/>\n<meta property=\"og:locale\" content=\"es_ES\" \/>\n<meta property=\"og:type\" content=\"article\" \/>\n<meta property=\"og:title\" content=\"Internaron al cantante de Los Palmeras: qu\u00e9 dice el parte m\u00e9dico | Al Dia Chaco\" \/>\n<meta property=\"og:description\" content=\"Rub\u00e9n &#8220;Cacho&#8221; Deicas, cantante de Los Palmeras, tuvo que ser internado y la noticia preocupa a los fan\u00e1ticos.\u00a0El l\u00edder de la emblem\u00e1tica banda de cumbia se encuentra en el sanatorio del Grupo MIT, en la provincia de Santa Fe. &#8220;El Sr. Deicas Rub\u00e9n Hector ingres\u00f3 ayer por un d\u00e9ficit neurol\u00f3gico agudo, sin compromiso del estado &hellip;\" \/>\n<meta property=\"og:url\" content=\"https:\/\/aldiachaco.com.ar\/index.php\/2025\/01\/10\/internaron-al-cantante-de-los-palmeras-que-dice-el-parte-medico\/\" \/>\n<meta property=\"og:site_name\" content=\"Al Dia Chaco\" \/>\n<meta property=\"article:published_time\" content=\"2025-01-10T18:35:48+00:00\" \/>\n<meta property=\"og:image\" content=\"https:\/\/aldiachaco.com.ar\/wp-content\/uploads\/2025\/01\/172996w850h567c.jpg.webp\" \/>\n\t<meta property=\"og:image:width\" content=\"850\" \/>\n\t<meta property=\"og:image:height\" content=\"567\" \/>\n\t<meta property=\"og:image:type\" content=\"image\/webp\" \/>\n<meta name=\"author\" content=\"aldiachaco.com.ar\" \/>\n<meta name=\"twitter:card\" content=\"summary_large_image\" \/>\n<meta name=\"twitter:label1\" content=\"Escrito por\" \/>\n\t<meta name=\"twitter:data1\" content=\"aldiachaco.com.ar\" \/>\n\t<meta name=\"twitter:label2\" content=\"Tiempo de lectura\" \/>\n\t<meta name=\"twitter:data2\" content=\"2 minutos\" \/>\n<script type=\"application\/ld+json\" class=\"yoast-schema-graph\">{\"@context\":\"https:\\\/\\\/schema.org\",\"@graph\":[{\"@type\":\"Article\",\"@id\":\"https:\\\/\\\/aldiachaco.com.ar\\\/index.php\\\/2025\\\/01\\\/10\\\/internaron-al-cantante-de-los-palmeras-que-dice-el-parte-medico\\\/#article\",\"isPartOf\":{\"@id\":\"https:\\\/\\\/aldiachaco.com.ar\\\/index.php\\\/2025\\\/01\\\/10\\\/internaron-al-cantante-de-los-palmeras-que-dice-el-parte-medico\\\/\"},\"author\":{\"name\":\"aldiachaco.com.ar\",\"@id\":\"https:\\\/\\\/aldiachaco.com.ar\\\/#\\\/schema\\\/person\\\/80113835e512ba580e79a945932487f5\"},\"headline\":\"Internaron al cantante de Los Palmeras: qu\u00e9 dice el parte m\u00e9dico\",\"datePublished\":\"2025-01-10T18:35:48+00:00\",\"mainEntityOfPage\":{\"@id\":\"https:\\\/\\\/aldiachaco.com.ar\\\/index.php\\\/2025\\\/01\\\/10\\\/internaron-al-cantante-de-los-palmeras-que-dice-el-parte-medico\\\/\"},\"wordCount\":246,\"commentCount\":0,\"publisher\":{\"@id\":\"https:\\\/\\\/aldiachaco.com.ar\\\/#organization\"},\"image\":{\"@id\":\"https:\\\/\\\/aldiachaco.com.ar\\\/index.php\\\/2025\\\/01\\\/10\\\/internaron-al-cantante-de-los-palmeras-que-dice-el-parte-medico\\\/#primaryimage\"},\"thumbnailUrl\":\"https:\\\/\\\/aldiachaco.com.ar\\\/wp-content\\\/uploads\\\/2025\\\/01\\\/172996w850h567c.jpg.webp\",\"articleSection\":[\"M\u00fasica\"],\"inLanguage\":\"es-AR\",\"potentialAction\":[{\"@type\":\"CommentAction\",\"name\":\"Comment\",\"target\":[\"https:\\\/\\\/aldiachaco.com.ar\\\/index.php\\\/2025\\\/01\\\/10\\\/internaron-al-cantante-de-los-palmeras-que-dice-el-parte-medico\\\/#respond\"]}]},{\"@type\":\"WebPage\",\"@id\":\"https:\\\/\\\/aldiachaco.com.ar\\\/index.php\\\/2025\\\/01\\\/10\\\/internaron-al-cantante-de-los-palmeras-que-dice-el-parte-medico\\\/\",\"url\":\"https:\\\/\\\/aldiachaco.com.ar\\\/index.php\\\/2025\\\/01\\\/10\\\/internaron-al-cantante-de-los-palmeras-que-dice-el-parte-medico\\\/\",\"name\":\"Internaron al cantante de Los Palmeras: qu\u00e9 dice el parte m\u00e9dico | Al Dia Chaco\",\"isPartOf\":{\"@id\":\"https:\\\/\\\/aldiachaco.com.ar\\\/#website\"},\"primaryImageOfPage\":{\"@id\":\"https:\\\/\\\/aldiachaco.com.ar\\\/index.php\\\/2025\\\/01\\\/10\\\/internaron-al-cantante-de-los-palmeras-que-dice-el-parte-medico\\\/#primaryimage\"},\"image\":{\"@id\":\"https:\\\/\\\/aldiachaco.com.ar\\\/index.php\\\/2025\\\/01\\\/10\\\/internaron-al-cantante-de-los-palmeras-que-dice-el-parte-medico\\\/#primaryimage\"},\"thumbnailUrl\":\"https:\\\/\\\/aldiachaco.com.ar\\\/wp-content\\\/uploads\\\/2025\\\/01\\\/172996w850h567c.jpg.webp\",\"datePublished\":\"2025-01-10T18:35:48+00:00\",\"breadcrumb\":{\"@id\":\"https:\\\/\\\/aldiachaco.com.ar\\\/index.php\\\/2025\\\/01\\\/10\\\/internaron-al-cantante-de-los-palmeras-que-dice-el-parte-medico\\\/#breadcrumb\"},\"inLanguage\":\"es-AR\",\"potentialAction\":[{\"@type\":\"ReadAction\",\"target\":[\"https:\\\/\\\/aldiachaco.com.ar\\\/index.php\\\/2025\\\/01\\\/10\\\/internaron-al-cantante-de-los-palmeras-que-dice-el-parte-medico\\\/\"]}]},{\"@type\":\"ImageObject\",\"inLanguage\":\"es-AR\",\"@id\":\"https:\\\/\\\/aldiachaco.com.ar\\\/index.php\\\/2025\\\/01\\\/10\\\/internaron-al-cantante-de-los-palmeras-que-dice-el-parte-medico\\\/#primaryimage\",\"url\":\"https:\\\/\\\/aldiachaco.com.ar\\\/wp-content\\\/uploads\\\/2025\\\/01\\\/172996w850h567c.jpg.webp\",\"contentUrl\":\"https:\\\/\\\/aldiachaco.com.ar\\\/wp-content\\\/uploads\\\/2025\\\/01\\\/172996w850h567c.jpg.webp\",\"width\":850,\"height\":567},{\"@type\":\"BreadcrumbList\",\"@id\":\"https:\\\/\\\/aldiachaco.com.ar\\\/index.php\\\/2025\\\/01\\\/10\\\/internaron-al-cantante-de-los-palmeras-que-dice-el-parte-medico\\\/#breadcrumb\",\"itemListElement\":[{\"@type\":\"ListItem\",\"position\":1,\"name\":\"Home\",\"item\":\"https:\\\/\\\/aldiachaco.com.ar\\\/\"},{\"@type\":\"ListItem\",\"position\":2,\"name\":\"Internaron al cantante de Los Palmeras: qu\u00e9 dice el parte m\u00e9dico\"}]},{\"@type\":\"WebSite\",\"@id\":\"https:\\\/\\\/aldiachaco.com.ar\\\/#website\",\"url\":\"https:\\\/\\\/aldiachaco.com.ar\\\/\",\"name\":\"Al Dia Chaco\",\"description\":\"Noticias del Chaco y el mundo\",\"publisher\":{\"@id\":\"https:\\\/\\\/aldiachaco.com.ar\\\/#organization\"},\"alternateName\":\"Al D\u00eda Chaco\",\"potentialAction\":[{\"@type\":\"SearchAction\",\"target\":{\"@type\":\"EntryPoint\",\"urlTemplate\":\"https:\\\/\\\/aldiachaco.com.ar\\\/?s={search_term_string}\"},\"query-input\":{\"@type\":\"PropertyValueSpecification\",\"valueRequired\":true,\"valueName\":\"search_term_string\"}}],\"inLanguage\":\"es-AR\"},{\"@type\":\"Organization\",\"@id\":\"https:\\\/\\\/aldiachaco.com.ar\\\/#organization\",\"name\":\"Al Dia Chaco\",\"url\":\"https:\\\/\\\/aldiachaco.com.ar\\\/\",\"logo\":{\"@type\":\"ImageObject\",\"inLanguage\":\"es-AR\",\"@id\":\"https:\\\/\\\/aldiachaco.com.ar\\\/#\\\/schema\\\/logo\\\/image\\\/\",\"url\":\"https:\\\/\\\/aldiachaco.com.ar\\\/wp-content\\\/uploads\\\/2017\\\/11\\\/AL-DIA-CHACO-L@2x.png\",\"contentUrl\":\"https:\\\/\\\/aldiachaco.com.ar\\\/wp-content\\\/uploads\\\/2017\\\/11\\\/AL-DIA-CHACO-L@2x.png\",\"width\":232,\"height\":60,\"caption\":\"Al Dia Chaco\"},\"image\":{\"@id\":\"https:\\\/\\\/aldiachaco.com.ar\\\/#\\\/schema\\\/logo\\\/image\\\/\"}},{\"@type\":\"Person\",\"@id\":\"https:\\\/\\\/aldiachaco.com.ar\\\/#\\\/schema\\\/person\\\/80113835e512ba580e79a945932487f5\",\"name\":\"aldiachaco.com.ar\",\"image\":{\"@type\":\"ImageObject\",\"inLanguage\":\"es-AR\",\"@id\":\"https:\\\/\\\/aldiachaco.com.ar\\\/wp-content\\\/litespeed\\\/avatar\\\/a7c4ebc5454089d3fd4ef6b87fdd073a.jpg?ver=1777471945\",\"url\":\"https:\\\/\\\/aldiachaco.com.ar\\\/wp-content\\\/litespeed\\\/avatar\\\/a7c4ebc5454089d3fd4ef6b87fdd073a.jpg?ver=1777471945\",\"contentUrl\":\"https:\\\/\\\/aldiachaco.com.ar\\\/wp-content\\\/litespeed\\\/avatar\\\/a7c4ebc5454089d3fd4ef6b87fdd073a.jpg?ver=1777471945\",\"caption\":\"aldiachaco.com.ar\"},\"sameAs\":[\"https:\\\/\\\/aldiachaco.com.ar\"],\"url\":\"https:\\\/\\\/aldiachaco.com.ar\\\/index.php\\\/author\\\/lime-camel-884546-hostingersite-com\\\/\"}]}<\/script>\n<!-- \/ Yoast SEO plugin. -->","yoast_head_json":{"title":"Internaron al cantante de Los Palmeras: qu\u00e9 dice el parte m\u00e9dico | Al Dia Chaco","robots":{"index":"index","follow":"follow","max-snippet":"max-snippet:-1","max-image-preview":"max-image-preview:large","max-video-preview":"max-video-preview:-1"},"canonical":"https:\/\/aldiachaco.com.ar\/index.php\/2025\/01\/10\/internaron-al-cantante-de-los-palmeras-que-dice-el-parte-medico\/","og_locale":"es_ES","og_type":"article","og_title":"Internaron al cantante de Los Palmeras: qu\u00e9 dice el parte m\u00e9dico | Al Dia Chaco","og_description":"Rub\u00e9n &#8220;Cacho&#8221; Deicas, cantante de Los Palmeras, tuvo que ser internado y la noticia preocupa a los fan\u00e1ticos.\u00a0El l\u00edder de la emblem\u00e1tica banda de cumbia se encuentra en el sanatorio del Grupo MIT, en la provincia de Santa Fe. &#8220;El Sr. Deicas Rub\u00e9n Hector ingres\u00f3 ayer por un d\u00e9ficit neurol\u00f3gico agudo, sin compromiso del estado &hellip;","og_url":"https:\/\/aldiachaco.com.ar\/index.php\/2025\/01\/10\/internaron-al-cantante-de-los-palmeras-que-dice-el-parte-medico\/","og_site_name":"Al Dia Chaco","article_published_time":"2025-01-10T18:35:48+00:00","og_image":[{"width":850,"height":567,"url":"https:\/\/aldiachaco.com.ar\/wp-content\/uploads\/2025\/01\/172996w850h567c.jpg.webp","type":"image\/webp"}],"author":"aldiachaco.com.ar","twitter_card":"summary_large_image","twitter_misc":{"Escrito por":"aldiachaco.com.ar","Tiempo de lectura":"2 minutos"},"schema":{"@context":"https:\/\/schema.org","@graph":[{"@type":"Article","@id":"https:\/\/aldiachaco.com.ar\/index.php\/2025\/01\/10\/internaron-al-cantante-de-los-palmeras-que-dice-el-parte-medico\/#article","isPartOf":{"@id":"https:\/\/aldiachaco.com.ar\/index.php\/2025\/01\/10\/internaron-al-cantante-de-los-palmeras-que-dice-el-parte-medico\/"},"author":{"name":"aldiachaco.com.ar","@id":"https:\/\/aldiachaco.com.ar\/#\/schema\/person\/80113835e512ba580e79a945932487f5"},"headline":"Internaron al cantante de Los Palmeras: qu\u00e9 dice el parte m\u00e9dico","datePublished":"2025-01-10T18:35:48+00:00","mainEntityOfPage":{"@id":"https:\/\/aldiachaco.com.ar\/index.php\/2025\/01\/10\/internaron-al-cantante-de-los-palmeras-que-dice-el-parte-medico\/"},"wordCount":246,"commentCount":0,"publisher":{"@id":"https:\/\/aldiachaco.com.ar\/#organization"},"image":{"@id":"https:\/\/aldiachaco.com.ar\/index.php\/2025\/01\/10\/internaron-al-cantante-de-los-palmeras-que-dice-el-parte-medico\/#primaryimage"},"thumbnailUrl":"https:\/\/aldiachaco.com.ar\/wp-content\/uploads\/2025\/01\/172996w850h567c.jpg.webp","articleSection":["M\u00fasica"],"inLanguage":"es-AR","potentialAction":[{"@type":"CommentAction","name":"Comment","target":["https:\/\/aldiachaco.com.ar\/index.php\/2025\/01\/10\/internaron-al-cantante-de-los-palmeras-que-dice-el-parte-medico\/#respond"]}]},{"@type":"WebPage","@id":"https:\/\/aldiachaco.com.ar\/index.php\/2025\/01\/10\/internaron-al-cantante-de-los-palmeras-que-dice-el-parte-medico\/","url":"https:\/\/aldiachaco.com.ar\/index.php\/2025\/01\/10\/internaron-al-cantante-de-los-palmeras-que-dice-el-parte-medico\/","name":"Internaron al cantante de Los Palmeras: qu\u00e9 dice el parte m\u00e9dico | Al Dia Chaco","isPartOf":{"@id":"https:\/\/aldiachaco.com.ar\/#website"},"primaryImageOfPage":{"@id":"https:\/\/aldiachaco.com.ar\/index.php\/2025\/01\/10\/internaron-al-cantante-de-los-palmeras-que-dice-el-parte-medico\/#primaryimage"},"image":{"@id":"https:\/\/aldiachaco.com.ar\/index.php\/2025\/01\/10\/internaron-al-cantante-de-los-palmeras-que-dice-el-parte-medico\/#primaryimage"},"thumbnailUrl":"https:\/\/aldiachaco.com.ar\/wp-content\/uploads\/2025\/01\/172996w850h567c.jpg.webp","datePublished":"2025-01-10T18:35:48+00:00","breadcrumb":{"@id":"https:\/\/aldiachaco.com.ar\/index.php\/2025\/01\/10\/internaron-al-cantante-de-los-palmeras-que-dice-el-parte-medico\/#breadcrumb"},"inLanguage":"es-AR","potentialAction":[{"@type":"ReadAction","target":["https:\/\/aldiachaco.com.ar\/index.php\/2025\/01\/10\/internaron-al-cantante-de-los-palmeras-que-dice-el-parte-medico\/"]}]},{"@type":"ImageObject","inLanguage":"es-AR","@id":"https:\/\/aldiachaco.com.ar\/index.php\/2025\/01\/10\/internaron-al-cantante-de-los-palmeras-que-dice-el-parte-medico\/#primaryimage","url":"https:\/\/aldiachaco.com.ar\/wp-content\/uploads\/2025\/01\/172996w850h567c.jpg.webp","contentUrl":"https:\/\/aldiachaco.com.ar\/wp-content\/uploads\/2025\/01\/172996w850h567c.jpg.webp","width":850,"height":567},{"@type":"BreadcrumbList","@id":"https:\/\/aldiachaco.com.ar\/index.php\/2025\/01\/10\/internaron-al-cantante-de-los-palmeras-que-dice-el-parte-medico\/#breadcrumb","itemListElement":[{"@type":"ListItem","position":1,"name":"Home","item":"https:\/\/aldiachaco.com.ar\/"},{"@type":"ListItem","position":2,"name":"Internaron al cantante de Los Palmeras: qu\u00e9 dice el parte m\u00e9dico"}]},{"@type":"WebSite","@id":"https:\/\/aldiachaco.com.ar\/#website","url":"https:\/\/aldiachaco.com.ar\/","name":"Al Dia Chaco","description":"Noticias del Chaco y el mundo","publisher":{"@id":"https:\/\/aldiachaco.com.ar\/#organization"},"alternateName":"Al D\u00eda Chaco","potentialAction":[{"@type":"SearchAction","target":{"@type":"EntryPoint","urlTemplate":"https:\/\/aldiachaco.com.ar\/?s={search_term_string}"},"query-input":{"@type":"PropertyValueSpecification","valueRequired":true,"valueName":"search_term_string"}}],"inLanguage":"es-AR"},{"@type":"Organization","@id":"https:\/\/aldiachaco.com.ar\/#organization","name":"Al Dia Chaco","url":"https:\/\/aldiachaco.com.ar\/","logo":{"@type":"ImageObject","inLanguage":"es-AR","@id":"https:\/\/aldiachaco.com.ar\/#\/schema\/logo\/image\/","url":"https:\/\/aldiachaco.com.ar\/wp-content\/uploads\/2017\/11\/AL-DIA-CHACO-L@2x.png","contentUrl":"https:\/\/aldiachaco.com.ar\/wp-content\/uploads\/2017\/11\/AL-DIA-CHACO-L@2x.png","width":232,"height":60,"caption":"Al Dia Chaco"},"image":{"@id":"https:\/\/aldiachaco.com.ar\/#\/schema\/logo\/image\/"}},{"@type":"Person","@id":"https:\/\/aldiachaco.com.ar\/#\/schema\/person\/80113835e512ba580e79a945932487f5","name":"aldiachaco.com.ar","image":{"@type":"ImageObject","inLanguage":"es-AR","@id":"https:\/\/aldiachaco.com.ar\/wp-content\/litespeed\/avatar\/a7c4ebc5454089d3fd4ef6b87fdd073a.jpg?ver=1777471945","url":"https:\/\/aldiachaco.com.ar\/wp-content\/litespeed\/avatar\/a7c4ebc5454089d3fd4ef6b87fdd073a.jpg?ver=1777471945","contentUrl":"https:\/\/aldiachaco.com.ar\/wp-content\/litespeed\/avatar\/a7c4ebc5454089d3fd4ef6b87fdd073a.jpg?ver=1777471945","caption":"aldiachaco.com.ar"},"sameAs":["https:\/\/aldiachaco.com.ar"],"url":"https:\/\/aldiachaco.com.ar\/index.php\/author\/lime-camel-884546-hostingersite-com\/"}]}},"jetpack_publicize_connections":[],"jetpack_featured_media_url":"https:\/\/aldiachaco.com.ar\/wp-content\/uploads\/2025\/01\/172996w850h567c.jpg.webp","jetpack_sharing_enabled":true,"amp_enabled":true,"_links":{"self":[{"href":"https:\/\/aldiachaco.com.ar\/index.php\/wp-json\/wp\/v2\/posts\/10789","targetHints":{"allow":["GET"]}}],"collection":[{"href":"https:\/\/aldiachaco.com.ar\/index.php\/wp-json\/wp\/v2\/posts"}],"about":[{"href":"https:\/\/aldiachaco.com.ar\/index.php\/wp-json\/wp\/v2\/types\/post"}],"author":[{"embeddable":true,"href":"https:\/\/aldiachaco.com.ar\/index.php\/wp-json\/wp\/v2\/users\/1"}],"replies":[{"embeddable":true,"href":"https:\/\/aldiachaco.com.ar\/index.php\/wp-json\/wp\/v2\/comments?post=10789"}],"version-history":[{"count":1,"href":"https:\/\/aldiachaco.com.ar\/index.php\/wp-json\/wp\/v2\/posts\/10789\/revisions"}],"predecessor-version":[{"id":10791,"href":"https:\/\/aldiachaco.com.ar\/index.php\/wp-json\/wp\/v2\/posts\/10789\/revisions\/10791"}],"wp:featuredmedia":[{"embeddable":true,"href":"https:\/\/aldiachaco.com.ar\/index.php\/wp-json\/wp\/v2\/media\/10790"}],"wp:attachment":[{"href":"https:\/\/aldiachaco.com.ar\/index.php\/wp-json\/wp\/v2\/media?parent=10789"}],"wp:term":[{"taxonomy":"category","embeddable":true,"href":"https:\/\/aldiachaco.com.ar\/index.php\/wp-json\/wp\/v2\/categories?post=10789"},{"taxonomy":"post_tag","embeddable":true,"href":"https:\/\/aldiachaco.com.ar\/index.php\/wp-json\/wp\/v2\/tags?post=10789"}],"curies":[{"name":"wp","href":"https:\/\/api.w.org\/{rel}","templated":true}]}}