{"id":10725,"date":"2025-01-08T19:24:37","date_gmt":"2025-01-08T22:24:37","guid":{"rendered":"https:\/\/aldiachaco.com.ar\/?p=10725"},"modified":"2025-01-08T19:24:37","modified_gmt":"2025-01-08T22:24:37","slug":"cuenta-regresiva-para-la-llegada-de-so-pra-contrariar-a-corrientes","status":"publish","type":"post","link":"https:\/\/aldiachaco.com.ar\/index.php\/2025\/01\/08\/cuenta-regresiva-para-la-llegada-de-so-pra-contrariar-a-corrientes\/","title":{"rendered":"Cuenta regresiva para la llegada de &#8220;S\u00f3 Pra Contrariar&#8221; a Corrientes"},"content":{"rendered":"<h6><strong>El esperado show en Corrientes ser\u00e1 el s\u00e1bado 8 de febrero del 2025, a las 21 horas, en el Anfiteatro Cocomarola (Corrientes).<\/strong><\/h6>\n<p>Las entradas anticipadas se pueden adquirir online a trav\u00e9s de\u00a0<a href=\"https:\/\/www.datachaco.com\/todoticket.ar\" target=\"_blank\" rel=\"noopener\">todoticket.ar<\/a>\u00a0y en el punto de venta ubicado en Vestigium (San Lorenzo y Pellegrini, Corrientes).<\/p>\n<div class=\"autopromo\" data-role=\"promo-target\" data-unit=\"2\"><\/div>\n<p>La agrupaci\u00f3n nacida en Minas Gerais vuelve luego de una d\u00e9cada para su gira despedida &#8220;O \u00faltimo encontro&#8221;.<\/p>\n<p><strong>Con m\u00e1s de 20 millones de discos vendidos, S\u00f3 Pra Contrariar es una de las bandas brasile\u00f1as m\u00e1s queridas y reconocidas del mundo.<\/strong><\/p>\n<p>Este show, ser\u00e1 una oportunidad de renovar ese encuentro con Alexandre Pires y sus m\u00fasicos, que quedar\u00e1 en el recuerdo de todos los correntinos.<\/p>\n","protected":false},"excerpt":{"rendered":"<p>El esperado show en Corrientes ser\u00e1 el s\u00e1bado 8 de febrero del 2025, a las 21 horas, en el Anfiteatro Cocomarola (Corrientes). Las entradas anticipadas se pueden adquirir online a trav\u00e9s de\u00a0todoticket.ar\u00a0y en el punto de venta ubicado en Vestigium (San Lorenzo y Pellegrini, Corrientes). La agrupaci\u00f3n nacida en Minas Gerais vuelve luego de una &hellip;<\/p>\n","protected":false},"author":1,"featured_media":10726,"comment_status":"open","ping_status":"open","sticky":false,"template":"","format":"standard","meta":{"content-type":"","_monsterinsights_skip_tracking":false,"_monsterinsights_sitenote_active":false,"_monsterinsights_sitenote_note":"","_monsterinsights_sitenote_category":0,"_jetpack_memberships_contains_paid_content":false,"footnotes":"","jetpack_publicize_message":"","jetpack_publicize_feature_enabled":true,"jetpack_social_post_already_shared":true,"jetpack_social_options":{"image_generator_settings":{"template":"highway","default_image_id":0,"font":"","enabled":false},"version":2}},"categories":[213],"tags":[],"class_list":["post-10725","post","type-post","status-publish","format-standard","has-post-thumbnail","hentry","category-musica"],"yoast_head":"<!-- This site is optimized with the Yoast SEO plugin v27.4 - https:\/\/yoast.com\/product\/yoast-seo-wordpress\/ -->\n<title>Cuenta regresiva para la llegada de &quot;S\u00f3 Pra Contrariar&quot; a Corrientes | Al Dia Chaco<\/title>\n<meta name=\"robots\" content=\"index, follow, max-snippet:-1, max-image-preview:large, max-video-preview:-1\" \/>\n<link rel=\"canonical\" href=\"https:\/\/aldiachaco.com.ar\/index.php\/2025\/01\/08\/cuenta-regresiva-para-la-llegada-de-so-pra-contrariar-a-corrientes\/\" \/>\n<meta property=\"og:locale\" content=\"es_ES\" \/>\n<meta property=\"og:type\" content=\"article\" \/>\n<meta property=\"og:title\" content=\"Cuenta regresiva para la llegada de &quot;S\u00f3 Pra Contrariar&quot; a Corrientes | Al Dia Chaco\" \/>\n<meta property=\"og:description\" content=\"El esperado show en Corrientes ser\u00e1 el s\u00e1bado 8 de febrero del 2025, a las 21 horas, en el Anfiteatro Cocomarola (Corrientes). Las entradas anticipadas se pueden adquirir online a trav\u00e9s de\u00a0todoticket.ar\u00a0y en el punto de venta ubicado en Vestigium (San Lorenzo y Pellegrini, Corrientes). La agrupaci\u00f3n nacida en Minas Gerais vuelve luego de una &hellip;\" \/>\n<meta property=\"og:url\" content=\"https:\/\/aldiachaco.com.ar\/index.php\/2025\/01\/08\/cuenta-regresiva-para-la-llegada-de-so-pra-contrariar-a-corrientes\/\" \/>\n<meta property=\"og:site_name\" content=\"Al Dia Chaco\" \/>\n<meta property=\"article:published_time\" content=\"2025-01-08T22:24:37+00:00\" \/>\n<meta property=\"og:image\" content=\"https:\/\/aldiachaco.com.ar\/wp-content\/uploads\/2025\/01\/168771w850h472c.jpg.webp\" \/>\n\t<meta property=\"og:image:width\" content=\"850\" \/>\n\t<meta property=\"og:image:height\" content=\"472\" \/>\n\t<meta property=\"og:image:type\" content=\"image\/webp\" \/>\n<meta name=\"author\" content=\"aldiachaco.com.ar\" \/>\n<meta name=\"twitter:card\" content=\"summary_large_image\" \/>\n<meta name=\"twitter:label1\" content=\"Escrito por\" \/>\n\t<meta name=\"twitter:data1\" content=\"aldiachaco.com.ar\" \/>\n\t<meta name=\"twitter:label2\" content=\"Tiempo de lectura\" \/>\n\t<meta name=\"twitter:data2\" content=\"1 minuto\" \/>\n<script type=\"application\/ld+json\" class=\"yoast-schema-graph\">{\"@context\":\"https:\\\/\\\/schema.org\",\"@graph\":[{\"@type\":\"Article\",\"@id\":\"https:\\\/\\\/aldiachaco.com.ar\\\/index.php\\\/2025\\\/01\\\/08\\\/cuenta-regresiva-para-la-llegada-de-so-pra-contrariar-a-corrientes\\\/#article\",\"isPartOf\":{\"@id\":\"https:\\\/\\\/aldiachaco.com.ar\\\/index.php\\\/2025\\\/01\\\/08\\\/cuenta-regresiva-para-la-llegada-de-so-pra-contrariar-a-corrientes\\\/\"},\"author\":{\"name\":\"aldiachaco.com.ar\",\"@id\":\"https:\\\/\\\/aldiachaco.com.ar\\\/#\\\/schema\\\/person\\\/80113835e512ba580e79a945932487f5\"},\"headline\":\"Cuenta regresiva para la llegada de &#8220;S\u00f3 Pra Contrariar&#8221; a Corrientes\",\"datePublished\":\"2025-01-08T22:24:37+00:00\",\"mainEntityOfPage\":{\"@id\":\"https:\\\/\\\/aldiachaco.com.ar\\\/index.php\\\/2025\\\/01\\\/08\\\/cuenta-regresiva-para-la-llegada-de-so-pra-contrariar-a-corrientes\\\/\"},\"wordCount\":128,\"commentCount\":0,\"publisher\":{\"@id\":\"https:\\\/\\\/aldiachaco.com.ar\\\/#organization\"},\"image\":{\"@id\":\"https:\\\/\\\/aldiachaco.com.ar\\\/index.php\\\/2025\\\/01\\\/08\\\/cuenta-regresiva-para-la-llegada-de-so-pra-contrariar-a-corrientes\\\/#primaryimage\"},\"thumbnailUrl\":\"https:\\\/\\\/aldiachaco.com.ar\\\/wp-content\\\/uploads\\\/2025\\\/01\\\/168771w850h472c.jpg.webp\",\"articleSection\":[\"M\u00fasica\"],\"inLanguage\":\"es-AR\",\"potentialAction\":[{\"@type\":\"CommentAction\",\"name\":\"Comment\",\"target\":[\"https:\\\/\\\/aldiachaco.com.ar\\\/index.php\\\/2025\\\/01\\\/08\\\/cuenta-regresiva-para-la-llegada-de-so-pra-contrariar-a-corrientes\\\/#respond\"]}]},{\"@type\":\"WebPage\",\"@id\":\"https:\\\/\\\/aldiachaco.com.ar\\\/index.php\\\/2025\\\/01\\\/08\\\/cuenta-regresiva-para-la-llegada-de-so-pra-contrariar-a-corrientes\\\/\",\"url\":\"https:\\\/\\\/aldiachaco.com.ar\\\/index.php\\\/2025\\\/01\\\/08\\\/cuenta-regresiva-para-la-llegada-de-so-pra-contrariar-a-corrientes\\\/\",\"name\":\"Cuenta regresiva para la llegada de \\\"S\u00f3 Pra Contrariar\\\" a Corrientes | Al Dia Chaco\",\"isPartOf\":{\"@id\":\"https:\\\/\\\/aldiachaco.com.ar\\\/#website\"},\"primaryImageOfPage\":{\"@id\":\"https:\\\/\\\/aldiachaco.com.ar\\\/index.php\\\/2025\\\/01\\\/08\\\/cuenta-regresiva-para-la-llegada-de-so-pra-contrariar-a-corrientes\\\/#primaryimage\"},\"image\":{\"@id\":\"https:\\\/\\\/aldiachaco.com.ar\\\/index.php\\\/2025\\\/01\\\/08\\\/cuenta-regresiva-para-la-llegada-de-so-pra-contrariar-a-corrientes\\\/#primaryimage\"},\"thumbnailUrl\":\"https:\\\/\\\/aldiachaco.com.ar\\\/wp-content\\\/uploads\\\/2025\\\/01\\\/168771w850h472c.jpg.webp\",\"datePublished\":\"2025-01-08T22:24:37+00:00\",\"breadcrumb\":{\"@id\":\"https:\\\/\\\/aldiachaco.com.ar\\\/index.php\\\/2025\\\/01\\\/08\\\/cuenta-regresiva-para-la-llegada-de-so-pra-contrariar-a-corrientes\\\/#breadcrumb\"},\"inLanguage\":\"es-AR\",\"potentialAction\":[{\"@type\":\"ReadAction\",\"target\":[\"https:\\\/\\\/aldiachaco.com.ar\\\/index.php\\\/2025\\\/01\\\/08\\\/cuenta-regresiva-para-la-llegada-de-so-pra-contrariar-a-corrientes\\\/\"]}]},{\"@type\":\"ImageObject\",\"inLanguage\":\"es-AR\",\"@id\":\"https:\\\/\\\/aldiachaco.com.ar\\\/index.php\\\/2025\\\/01\\\/08\\\/cuenta-regresiva-para-la-llegada-de-so-pra-contrariar-a-corrientes\\\/#primaryimage\",\"url\":\"https:\\\/\\\/aldiachaco.com.ar\\\/wp-content\\\/uploads\\\/2025\\\/01\\\/168771w850h472c.jpg.webp\",\"contentUrl\":\"https:\\\/\\\/aldiachaco.com.ar\\\/wp-content\\\/uploads\\\/2025\\\/01\\\/168771w850h472c.jpg.webp\",\"width\":850,\"height\":472},{\"@type\":\"BreadcrumbList\",\"@id\":\"https:\\\/\\\/aldiachaco.com.ar\\\/index.php\\\/2025\\\/01\\\/08\\\/cuenta-regresiva-para-la-llegada-de-so-pra-contrariar-a-corrientes\\\/#breadcrumb\",\"itemListElement\":[{\"@type\":\"ListItem\",\"position\":1,\"name\":\"Home\",\"item\":\"https:\\\/\\\/aldiachaco.com.ar\\\/\"},{\"@type\":\"ListItem\",\"position\":2,\"name\":\"Cuenta regresiva para la llegada de &#8220;S\u00f3 Pra Contrariar&#8221; a Corrientes\"}]},{\"@type\":\"WebSite\",\"@id\":\"https:\\\/\\\/aldiachaco.com.ar\\\/#website\",\"url\":\"https:\\\/\\\/aldiachaco.com.ar\\\/\",\"name\":\"Al Dia Chaco\",\"description\":\"Noticias del Chaco y el mundo\",\"publisher\":{\"@id\":\"https:\\\/\\\/aldiachaco.com.ar\\\/#organization\"},\"alternateName\":\"Al D\u00eda Chaco\",\"potentialAction\":[{\"@type\":\"SearchAction\",\"target\":{\"@type\":\"EntryPoint\",\"urlTemplate\":\"https:\\\/\\\/aldiachaco.com.ar\\\/?s={search_term_string}\"},\"query-input\":{\"@type\":\"PropertyValueSpecification\",\"valueRequired\":true,\"valueName\":\"search_term_string\"}}],\"inLanguage\":\"es-AR\"},{\"@type\":\"Organization\",\"@id\":\"https:\\\/\\\/aldiachaco.com.ar\\\/#organization\",\"name\":\"Al Dia Chaco\",\"url\":\"https:\\\/\\\/aldiachaco.com.ar\\\/\",\"logo\":{\"@type\":\"ImageObject\",\"inLanguage\":\"es-AR\",\"@id\":\"https:\\\/\\\/aldiachaco.com.ar\\\/#\\\/schema\\\/logo\\\/image\\\/\",\"url\":\"https:\\\/\\\/aldiachaco.com.ar\\\/wp-content\\\/uploads\\\/2017\\\/11\\\/AL-DIA-CHACO-L@2x.png\",\"contentUrl\":\"https:\\\/\\\/aldiachaco.com.ar\\\/wp-content\\\/uploads\\\/2017\\\/11\\\/AL-DIA-CHACO-L@2x.png\",\"width\":232,\"height\":60,\"caption\":\"Al Dia Chaco\"},\"image\":{\"@id\":\"https:\\\/\\\/aldiachaco.com.ar\\\/#\\\/schema\\\/logo\\\/image\\\/\"}},{\"@type\":\"Person\",\"@id\":\"https:\\\/\\\/aldiachaco.com.ar\\\/#\\\/schema\\\/person\\\/80113835e512ba580e79a945932487f5\",\"name\":\"aldiachaco.com.ar\",\"image\":{\"@type\":\"ImageObject\",\"inLanguage\":\"es-AR\",\"@id\":\"https:\\\/\\\/aldiachaco.com.ar\\\/wp-content\\\/litespeed\\\/avatar\\\/a7c4ebc5454089d3fd4ef6b87fdd073a.jpg?ver=1777471945\",\"url\":\"https:\\\/\\\/aldiachaco.com.ar\\\/wp-content\\\/litespeed\\\/avatar\\\/a7c4ebc5454089d3fd4ef6b87fdd073a.jpg?ver=1777471945\",\"contentUrl\":\"https:\\\/\\\/aldiachaco.com.ar\\\/wp-content\\\/litespeed\\\/avatar\\\/a7c4ebc5454089d3fd4ef6b87fdd073a.jpg?ver=1777471945\",\"caption\":\"aldiachaco.com.ar\"},\"sameAs\":[\"https:\\\/\\\/aldiachaco.com.ar\"],\"url\":\"https:\\\/\\\/aldiachaco.com.ar\\\/index.php\\\/author\\\/lime-camel-884546-hostingersite-com\\\/\"}]}<\/script>\n<!-- \/ Yoast SEO plugin. -->","yoast_head_json":{"title":"Cuenta regresiva para la llegada de \"S\u00f3 Pra Contrariar\" a Corrientes | Al Dia Chaco","robots":{"index":"index","follow":"follow","max-snippet":"max-snippet:-1","max-image-preview":"max-image-preview:large","max-video-preview":"max-video-preview:-1"},"canonical":"https:\/\/aldiachaco.com.ar\/index.php\/2025\/01\/08\/cuenta-regresiva-para-la-llegada-de-so-pra-contrariar-a-corrientes\/","og_locale":"es_ES","og_type":"article","og_title":"Cuenta regresiva para la llegada de \"S\u00f3 Pra Contrariar\" a Corrientes | Al Dia Chaco","og_description":"El esperado show en Corrientes ser\u00e1 el s\u00e1bado 8 de febrero del 2025, a las 21 horas, en el Anfiteatro Cocomarola (Corrientes). Las entradas anticipadas se pueden adquirir online a trav\u00e9s de\u00a0todoticket.ar\u00a0y en el punto de venta ubicado en Vestigium (San Lorenzo y Pellegrini, Corrientes). La agrupaci\u00f3n nacida en Minas Gerais vuelve luego de una &hellip;","og_url":"https:\/\/aldiachaco.com.ar\/index.php\/2025\/01\/08\/cuenta-regresiva-para-la-llegada-de-so-pra-contrariar-a-corrientes\/","og_site_name":"Al Dia Chaco","article_published_time":"2025-01-08T22:24:37+00:00","og_image":[{"width":850,"height":472,"url":"https:\/\/aldiachaco.com.ar\/wp-content\/uploads\/2025\/01\/168771w850h472c.jpg.webp","type":"image\/webp"}],"author":"aldiachaco.com.ar","twitter_card":"summary_large_image","twitter_misc":{"Escrito por":"aldiachaco.com.ar","Tiempo de lectura":"1 minuto"},"schema":{"@context":"https:\/\/schema.org","@graph":[{"@type":"Article","@id":"https:\/\/aldiachaco.com.ar\/index.php\/2025\/01\/08\/cuenta-regresiva-para-la-llegada-de-so-pra-contrariar-a-corrientes\/#article","isPartOf":{"@id":"https:\/\/aldiachaco.com.ar\/index.php\/2025\/01\/08\/cuenta-regresiva-para-la-llegada-de-so-pra-contrariar-a-corrientes\/"},"author":{"name":"aldiachaco.com.ar","@id":"https:\/\/aldiachaco.com.ar\/#\/schema\/person\/80113835e512ba580e79a945932487f5"},"headline":"Cuenta regresiva para la llegada de &#8220;S\u00f3 Pra Contrariar&#8221; a Corrientes","datePublished":"2025-01-08T22:24:37+00:00","mainEntityOfPage":{"@id":"https:\/\/aldiachaco.com.ar\/index.php\/2025\/01\/08\/cuenta-regresiva-para-la-llegada-de-so-pra-contrariar-a-corrientes\/"},"wordCount":128,"commentCount":0,"publisher":{"@id":"https:\/\/aldiachaco.com.ar\/#organization"},"image":{"@id":"https:\/\/aldiachaco.com.ar\/index.php\/2025\/01\/08\/cuenta-regresiva-para-la-llegada-de-so-pra-contrariar-a-corrientes\/#primaryimage"},"thumbnailUrl":"https:\/\/aldiachaco.com.ar\/wp-content\/uploads\/2025\/01\/168771w850h472c.jpg.webp","articleSection":["M\u00fasica"],"inLanguage":"es-AR","potentialAction":[{"@type":"CommentAction","name":"Comment","target":["https:\/\/aldiachaco.com.ar\/index.php\/2025\/01\/08\/cuenta-regresiva-para-la-llegada-de-so-pra-contrariar-a-corrientes\/#respond"]}]},{"@type":"WebPage","@id":"https:\/\/aldiachaco.com.ar\/index.php\/2025\/01\/08\/cuenta-regresiva-para-la-llegada-de-so-pra-contrariar-a-corrientes\/","url":"https:\/\/aldiachaco.com.ar\/index.php\/2025\/01\/08\/cuenta-regresiva-para-la-llegada-de-so-pra-contrariar-a-corrientes\/","name":"Cuenta regresiva para la llegada de \"S\u00f3 Pra Contrariar\" a Corrientes | Al Dia Chaco","isPartOf":{"@id":"https:\/\/aldiachaco.com.ar\/#website"},"primaryImageOfPage":{"@id":"https:\/\/aldiachaco.com.ar\/index.php\/2025\/01\/08\/cuenta-regresiva-para-la-llegada-de-so-pra-contrariar-a-corrientes\/#primaryimage"},"image":{"@id":"https:\/\/aldiachaco.com.ar\/index.php\/2025\/01\/08\/cuenta-regresiva-para-la-llegada-de-so-pra-contrariar-a-corrientes\/#primaryimage"},"thumbnailUrl":"https:\/\/aldiachaco.com.ar\/wp-content\/uploads\/2025\/01\/168771w850h472c.jpg.webp","datePublished":"2025-01-08T22:24:37+00:00","breadcrumb":{"@id":"https:\/\/aldiachaco.com.ar\/index.php\/2025\/01\/08\/cuenta-regresiva-para-la-llegada-de-so-pra-contrariar-a-corrientes\/#breadcrumb"},"inLanguage":"es-AR","potentialAction":[{"@type":"ReadAction","target":["https:\/\/aldiachaco.com.ar\/index.php\/2025\/01\/08\/cuenta-regresiva-para-la-llegada-de-so-pra-contrariar-a-corrientes\/"]}]},{"@type":"ImageObject","inLanguage":"es-AR","@id":"https:\/\/aldiachaco.com.ar\/index.php\/2025\/01\/08\/cuenta-regresiva-para-la-llegada-de-so-pra-contrariar-a-corrientes\/#primaryimage","url":"https:\/\/aldiachaco.com.ar\/wp-content\/uploads\/2025\/01\/168771w850h472c.jpg.webp","contentUrl":"https:\/\/aldiachaco.com.ar\/wp-content\/uploads\/2025\/01\/168771w850h472c.jpg.webp","width":850,"height":472},{"@type":"BreadcrumbList","@id":"https:\/\/aldiachaco.com.ar\/index.php\/2025\/01\/08\/cuenta-regresiva-para-la-llegada-de-so-pra-contrariar-a-corrientes\/#breadcrumb","itemListElement":[{"@type":"ListItem","position":1,"name":"Home","item":"https:\/\/aldiachaco.com.ar\/"},{"@type":"ListItem","position":2,"name":"Cuenta regresiva para la llegada de &#8220;S\u00f3 Pra Contrariar&#8221; a Corrientes"}]},{"@type":"WebSite","@id":"https:\/\/aldiachaco.com.ar\/#website","url":"https:\/\/aldiachaco.com.ar\/","name":"Al Dia Chaco","description":"Noticias del Chaco y el mundo","publisher":{"@id":"https:\/\/aldiachaco.com.ar\/#organization"},"alternateName":"Al D\u00eda Chaco","potentialAction":[{"@type":"SearchAction","target":{"@type":"EntryPoint","urlTemplate":"https:\/\/aldiachaco.com.ar\/?s={search_term_string}"},"query-input":{"@type":"PropertyValueSpecification","valueRequired":true,"valueName":"search_term_string"}}],"inLanguage":"es-AR"},{"@type":"Organization","@id":"https:\/\/aldiachaco.com.ar\/#organization","name":"Al Dia Chaco","url":"https:\/\/aldiachaco.com.ar\/","logo":{"@type":"ImageObject","inLanguage":"es-AR","@id":"https:\/\/aldiachaco.com.ar\/#\/schema\/logo\/image\/","url":"https:\/\/aldiachaco.com.ar\/wp-content\/uploads\/2017\/11\/AL-DIA-CHACO-L@2x.png","contentUrl":"https:\/\/aldiachaco.com.ar\/wp-content\/uploads\/2017\/11\/AL-DIA-CHACO-L@2x.png","width":232,"height":60,"caption":"Al Dia Chaco"},"image":{"@id":"https:\/\/aldiachaco.com.ar\/#\/schema\/logo\/image\/"}},{"@type":"Person","@id":"https:\/\/aldiachaco.com.ar\/#\/schema\/person\/80113835e512ba580e79a945932487f5","name":"aldiachaco.com.ar","image":{"@type":"ImageObject","inLanguage":"es-AR","@id":"https:\/\/aldiachaco.com.ar\/wp-content\/litespeed\/avatar\/a7c4ebc5454089d3fd4ef6b87fdd073a.jpg?ver=1777471945","url":"https:\/\/aldiachaco.com.ar\/wp-content\/litespeed\/avatar\/a7c4ebc5454089d3fd4ef6b87fdd073a.jpg?ver=1777471945","contentUrl":"https:\/\/aldiachaco.com.ar\/wp-content\/litespeed\/avatar\/a7c4ebc5454089d3fd4ef6b87fdd073a.jpg?ver=1777471945","caption":"aldiachaco.com.ar"},"sameAs":["https:\/\/aldiachaco.com.ar"],"url":"https:\/\/aldiachaco.com.ar\/index.php\/author\/lime-camel-884546-hostingersite-com\/"}]}},"jetpack_publicize_connections":[],"jetpack_featured_media_url":"https:\/\/aldiachaco.com.ar\/wp-content\/uploads\/2025\/01\/168771w850h472c.jpg.webp","jetpack_sharing_enabled":true,"amp_enabled":true,"_links":{"self":[{"href":"https:\/\/aldiachaco.com.ar\/index.php\/wp-json\/wp\/v2\/posts\/10725","targetHints":{"allow":["GET"]}}],"collection":[{"href":"https:\/\/aldiachaco.com.ar\/index.php\/wp-json\/wp\/v2\/posts"}],"about":[{"href":"https:\/\/aldiachaco.com.ar\/index.php\/wp-json\/wp\/v2\/types\/post"}],"author":[{"embeddable":true,"href":"https:\/\/aldiachaco.com.ar\/index.php\/wp-json\/wp\/v2\/users\/1"}],"replies":[{"embeddable":true,"href":"https:\/\/aldiachaco.com.ar\/index.php\/wp-json\/wp\/v2\/comments?post=10725"}],"version-history":[{"count":1,"href":"https:\/\/aldiachaco.com.ar\/index.php\/wp-json\/wp\/v2\/posts\/10725\/revisions"}],"predecessor-version":[{"id":10727,"href":"https:\/\/aldiachaco.com.ar\/index.php\/wp-json\/wp\/v2\/posts\/10725\/revisions\/10727"}],"wp:featuredmedia":[{"embeddable":true,"href":"https:\/\/aldiachaco.com.ar\/index.php\/wp-json\/wp\/v2\/media\/10726"}],"wp:attachment":[{"href":"https:\/\/aldiachaco.com.ar\/index.php\/wp-json\/wp\/v2\/media?parent=10725"}],"wp:term":[{"taxonomy":"category","embeddable":true,"href":"https:\/\/aldiachaco.com.ar\/index.php\/wp-json\/wp\/v2\/categories?post=10725"},{"taxonomy":"post_tag","embeddable":true,"href":"https:\/\/aldiachaco.com.ar\/index.php\/wp-json\/wp\/v2\/tags?post=10725"}],"curies":[{"name":"wp","href":"https:\/\/api.w.org\/{rel}","templated":true}]}}