{"id":10602,"date":"2025-01-03T15:43:40","date_gmt":"2025-01-03T18:43:40","guid":{"rendered":"https:\/\/aldiachaco.com.ar\/?p=10602"},"modified":"2025-01-03T15:51:28","modified_gmt":"2025-01-03T18:51:28","slug":"abel-pintos-vuelve-al-chaco-con-su-gira-verano-2025","status":"publish","type":"post","link":"https:\/\/aldiachaco.com.ar\/index.php\/2025\/01\/03\/abel-pintos-vuelve-al-chaco-con-su-gira-verano-2025\/","title":{"rendered":"Abel Pintos vuelve al Chaco con su Gira Verano 2025"},"content":{"rendered":"<p>Abel Pintos es el artista n\u00famero uno de la escena musical argentina en la actualidad. El 2023 lo cerr\u00f3 con dos Estadios V\u00e9lez totalmente agotados, en donde present\u00f3 su concierto &#8220;Amores y Rarezas&#8221; ante m\u00e1s de 70.000 personas. Durante los meses previos se luci\u00f3 como jurado del exitoso programa Got Talent por la pantalla de Telefe. El a\u00f1o lo hab\u00eda iniciado siendo distinguido con el m\u00e1ximo galard\u00f3n que entrega el Ente de Turismo de Mar del Plata: el Estrella de Mar de Oro, en reconocimiento a la impactante temporada que realiz\u00f3 en la ciudad en donde ofreci\u00f3 12 funciones con localidades agotadas en el Teatro Tronador, cerrando la \u00faltima ante m\u00e1s de 50.000 personas en la m\u00edtica Plaza Col\u00f3n.<\/p>\n<div class=\" large m_image\">\n<figure><picture><source srcset=\"https:\/\/www.diarionorte.com\/content\/bucket\/5\/394565w790h790c.jpg.webp\" type=\"image\/webp\" media=\"(min-width: 640px)\" \/><source srcset=\"https:\/\/www.diarionorte.com\/content\/bucket\/5\/394565w440h440c.jpg.webp\" type=\"image\/webp\" media=\"(min-width: 300px)\" \/><source srcset=\"https:\/\/www.diarionorte.com\/content\/bucket\/5\/394565w790h790c.jpg\" media=\"(min-width: 300px)\" \/><\/picture><\/figure>\n<p>Lleva m\u00e1s de 28 a\u00f1os de carrera, durante la cual edit\u00f3 14 \u00e1lbumes: 12 \u00e1lbumes de estudio y 2 registros en concierto. Dentro de ellos, cabe destacar &#8220;La familia festeja fuerte&#8221;, grabado en diciembre de 2017 en el Estadio de River Plate. Este cont\u00f3 con una edici\u00f3n de lujo en formato libro de fotos, con CD y DVD. Una edici\u00f3n muy especial en su discograf\u00eda que retrata de manera verdaderamente integral lo que sucedi\u00f3 durante esas dos noches inolvidables.<\/p>\n<p>En el 2024 y junto a Luciano Pereira, realizaron 34 shows en el estadio Luna Park (r\u00e9cord absoluto) con entradas agotadas demostrando su gran presente y recibimiento por parte del p\u00fablico argentino.<\/p>\n<\/div>\n","protected":false},"excerpt":{"rendered":"<p>Abel Pintos es el artista n\u00famero uno de la escena musical argentina en la actualidad. El 2023 lo cerr\u00f3 con dos Estadios V\u00e9lez totalmente agotados, en donde present\u00f3 su concierto &#8220;Amores y Rarezas&#8221; ante m\u00e1s de 70.000 personas. Durante los meses previos se luci\u00f3 como jurado del exitoso programa Got Talent por la pantalla de &hellip;<\/p>\n","protected":false},"author":1,"featured_media":10608,"comment_status":"open","ping_status":"open","sticky":false,"template":"","format":"standard","meta":{"content-type":"","_monsterinsights_skip_tracking":false,"_monsterinsights_sitenote_active":false,"_monsterinsights_sitenote_note":"","_monsterinsights_sitenote_category":0,"_jetpack_memberships_contains_paid_content":false,"footnotes":"","jetpack_publicize_message":"","jetpack_publicize_feature_enabled":true,"jetpack_social_post_already_shared":true,"jetpack_social_options":{"image_generator_settings":{"template":"highway","default_image_id":0,"font":"","enabled":false},"version":2}},"categories":[213],"tags":[],"class_list":["post-10602","post","type-post","status-publish","format-standard","has-post-thumbnail","hentry","category-musica"],"yoast_head":"<!-- This site is optimized with the Yoast SEO plugin v27.4 - https:\/\/yoast.com\/product\/yoast-seo-wordpress\/ -->\n<title>Abel Pintos vuelve al Chaco con su Gira Verano 2025 | Al Dia Chaco<\/title>\n<meta name=\"robots\" content=\"index, follow, max-snippet:-1, max-image-preview:large, max-video-preview:-1\" \/>\n<link rel=\"canonical\" href=\"https:\/\/aldiachaco.com.ar\/index.php\/2025\/01\/03\/abel-pintos-vuelve-al-chaco-con-su-gira-verano-2025\/\" \/>\n<meta property=\"og:locale\" content=\"es_ES\" \/>\n<meta property=\"og:type\" content=\"article\" \/>\n<meta property=\"og:title\" content=\"Abel Pintos vuelve al Chaco con su Gira Verano 2025 | Al Dia Chaco\" \/>\n<meta property=\"og:description\" content=\"Abel Pintos es el artista n\u00famero uno de la escena musical argentina en la actualidad. El 2023 lo cerr\u00f3 con dos Estadios V\u00e9lez totalmente agotados, en donde present\u00f3 su concierto &#8220;Amores y Rarezas&#8221; ante m\u00e1s de 70.000 personas. Durante los meses previos se luci\u00f3 como jurado del exitoso programa Got Talent por la pantalla de &hellip;\" \/>\n<meta property=\"og:url\" content=\"https:\/\/aldiachaco.com.ar\/index.php\/2025\/01\/03\/abel-pintos-vuelve-al-chaco-con-su-gira-verano-2025\/\" \/>\n<meta property=\"og:site_name\" content=\"Al Dia Chaco\" \/>\n<meta property=\"article:published_time\" content=\"2025-01-03T18:43:40+00:00\" \/>\n<meta property=\"article:modified_time\" content=\"2025-01-03T18:51:28+00:00\" \/>\n<meta property=\"og:image\" content=\"https:\/\/aldiachaco.com.ar\/wp-content\/uploads\/2025\/01\/a.jpg\" \/>\n\t<meta property=\"og:image:width\" content=\"787\" \/>\n\t<meta property=\"og:image:height\" content=\"573\" \/>\n\t<meta property=\"og:image:type\" content=\"image\/jpeg\" \/>\n<meta name=\"author\" content=\"aldiachaco.com.ar\" \/>\n<meta name=\"twitter:card\" content=\"summary_large_image\" \/>\n<meta name=\"twitter:label1\" content=\"Escrito por\" \/>\n\t<meta name=\"twitter:data1\" content=\"aldiachaco.com.ar\" \/>\n\t<meta name=\"twitter:label2\" content=\"Tiempo de lectura\" \/>\n\t<meta name=\"twitter:data2\" content=\"2 minutos\" \/>\n<script type=\"application\/ld+json\" class=\"yoast-schema-graph\">{\"@context\":\"https:\\\/\\\/schema.org\",\"@graph\":[{\"@type\":\"Article\",\"@id\":\"https:\\\/\\\/aldiachaco.com.ar\\\/index.php\\\/2025\\\/01\\\/03\\\/abel-pintos-vuelve-al-chaco-con-su-gira-verano-2025\\\/#article\",\"isPartOf\":{\"@id\":\"https:\\\/\\\/aldiachaco.com.ar\\\/index.php\\\/2025\\\/01\\\/03\\\/abel-pintos-vuelve-al-chaco-con-su-gira-verano-2025\\\/\"},\"author\":{\"name\":\"aldiachaco.com.ar\",\"@id\":\"https:\\\/\\\/aldiachaco.com.ar\\\/#\\\/schema\\\/person\\\/80113835e512ba580e79a945932487f5\"},\"headline\":\"Abel Pintos vuelve al Chaco con su Gira Verano 2025\",\"datePublished\":\"2025-01-03T18:43:40+00:00\",\"dateModified\":\"2025-01-03T18:51:28+00:00\",\"mainEntityOfPage\":{\"@id\":\"https:\\\/\\\/aldiachaco.com.ar\\\/index.php\\\/2025\\\/01\\\/03\\\/abel-pintos-vuelve-al-chaco-con-su-gira-verano-2025\\\/\"},\"wordCount\":245,\"commentCount\":0,\"publisher\":{\"@id\":\"https:\\\/\\\/aldiachaco.com.ar\\\/#organization\"},\"image\":{\"@id\":\"https:\\\/\\\/aldiachaco.com.ar\\\/index.php\\\/2025\\\/01\\\/03\\\/abel-pintos-vuelve-al-chaco-con-su-gira-verano-2025\\\/#primaryimage\"},\"thumbnailUrl\":\"https:\\\/\\\/aldiachaco.com.ar\\\/wp-content\\\/uploads\\\/2025\\\/01\\\/a.jpg\",\"articleSection\":[\"M\u00fasica\"],\"inLanguage\":\"es-AR\",\"potentialAction\":[{\"@type\":\"CommentAction\",\"name\":\"Comment\",\"target\":[\"https:\\\/\\\/aldiachaco.com.ar\\\/index.php\\\/2025\\\/01\\\/03\\\/abel-pintos-vuelve-al-chaco-con-su-gira-verano-2025\\\/#respond\"]}]},{\"@type\":\"WebPage\",\"@id\":\"https:\\\/\\\/aldiachaco.com.ar\\\/index.php\\\/2025\\\/01\\\/03\\\/abel-pintos-vuelve-al-chaco-con-su-gira-verano-2025\\\/\",\"url\":\"https:\\\/\\\/aldiachaco.com.ar\\\/index.php\\\/2025\\\/01\\\/03\\\/abel-pintos-vuelve-al-chaco-con-su-gira-verano-2025\\\/\",\"name\":\"Abel Pintos vuelve al Chaco con su Gira Verano 2025 | Al Dia Chaco\",\"isPartOf\":{\"@id\":\"https:\\\/\\\/aldiachaco.com.ar\\\/#website\"},\"primaryImageOfPage\":{\"@id\":\"https:\\\/\\\/aldiachaco.com.ar\\\/index.php\\\/2025\\\/01\\\/03\\\/abel-pintos-vuelve-al-chaco-con-su-gira-verano-2025\\\/#primaryimage\"},\"image\":{\"@id\":\"https:\\\/\\\/aldiachaco.com.ar\\\/index.php\\\/2025\\\/01\\\/03\\\/abel-pintos-vuelve-al-chaco-con-su-gira-verano-2025\\\/#primaryimage\"},\"thumbnailUrl\":\"https:\\\/\\\/aldiachaco.com.ar\\\/wp-content\\\/uploads\\\/2025\\\/01\\\/a.jpg\",\"datePublished\":\"2025-01-03T18:43:40+00:00\",\"dateModified\":\"2025-01-03T18:51:28+00:00\",\"breadcrumb\":{\"@id\":\"https:\\\/\\\/aldiachaco.com.ar\\\/index.php\\\/2025\\\/01\\\/03\\\/abel-pintos-vuelve-al-chaco-con-su-gira-verano-2025\\\/#breadcrumb\"},\"inLanguage\":\"es-AR\",\"potentialAction\":[{\"@type\":\"ReadAction\",\"target\":[\"https:\\\/\\\/aldiachaco.com.ar\\\/index.php\\\/2025\\\/01\\\/03\\\/abel-pintos-vuelve-al-chaco-con-su-gira-verano-2025\\\/\"]}]},{\"@type\":\"ImageObject\",\"inLanguage\":\"es-AR\",\"@id\":\"https:\\\/\\\/aldiachaco.com.ar\\\/index.php\\\/2025\\\/01\\\/03\\\/abel-pintos-vuelve-al-chaco-con-su-gira-verano-2025\\\/#primaryimage\",\"url\":\"https:\\\/\\\/aldiachaco.com.ar\\\/wp-content\\\/uploads\\\/2025\\\/01\\\/a.jpg\",\"contentUrl\":\"https:\\\/\\\/aldiachaco.com.ar\\\/wp-content\\\/uploads\\\/2025\\\/01\\\/a.jpg\",\"width\":787,\"height\":573},{\"@type\":\"BreadcrumbList\",\"@id\":\"https:\\\/\\\/aldiachaco.com.ar\\\/index.php\\\/2025\\\/01\\\/03\\\/abel-pintos-vuelve-al-chaco-con-su-gira-verano-2025\\\/#breadcrumb\",\"itemListElement\":[{\"@type\":\"ListItem\",\"position\":1,\"name\":\"Home\",\"item\":\"https:\\\/\\\/aldiachaco.com.ar\\\/\"},{\"@type\":\"ListItem\",\"position\":2,\"name\":\"Abel Pintos vuelve al Chaco con su Gira Verano 2025\"}]},{\"@type\":\"WebSite\",\"@id\":\"https:\\\/\\\/aldiachaco.com.ar\\\/#website\",\"url\":\"https:\\\/\\\/aldiachaco.com.ar\\\/\",\"name\":\"Al Dia Chaco\",\"description\":\"Noticias del Chaco y el mundo\",\"publisher\":{\"@id\":\"https:\\\/\\\/aldiachaco.com.ar\\\/#organization\"},\"alternateName\":\"Al D\u00eda Chaco\",\"potentialAction\":[{\"@type\":\"SearchAction\",\"target\":{\"@type\":\"EntryPoint\",\"urlTemplate\":\"https:\\\/\\\/aldiachaco.com.ar\\\/?s={search_term_string}\"},\"query-input\":{\"@type\":\"PropertyValueSpecification\",\"valueRequired\":true,\"valueName\":\"search_term_string\"}}],\"inLanguage\":\"es-AR\"},{\"@type\":\"Organization\",\"@id\":\"https:\\\/\\\/aldiachaco.com.ar\\\/#organization\",\"name\":\"Al Dia Chaco\",\"url\":\"https:\\\/\\\/aldiachaco.com.ar\\\/\",\"logo\":{\"@type\":\"ImageObject\",\"inLanguage\":\"es-AR\",\"@id\":\"https:\\\/\\\/aldiachaco.com.ar\\\/#\\\/schema\\\/logo\\\/image\\\/\",\"url\":\"https:\\\/\\\/aldiachaco.com.ar\\\/wp-content\\\/uploads\\\/2017\\\/11\\\/AL-DIA-CHACO-L@2x.png\",\"contentUrl\":\"https:\\\/\\\/aldiachaco.com.ar\\\/wp-content\\\/uploads\\\/2017\\\/11\\\/AL-DIA-CHACO-L@2x.png\",\"width\":232,\"height\":60,\"caption\":\"Al Dia Chaco\"},\"image\":{\"@id\":\"https:\\\/\\\/aldiachaco.com.ar\\\/#\\\/schema\\\/logo\\\/image\\\/\"}},{\"@type\":\"Person\",\"@id\":\"https:\\\/\\\/aldiachaco.com.ar\\\/#\\\/schema\\\/person\\\/80113835e512ba580e79a945932487f5\",\"name\":\"aldiachaco.com.ar\",\"image\":{\"@type\":\"ImageObject\",\"inLanguage\":\"es-AR\",\"@id\":\"https:\\\/\\\/aldiachaco.com.ar\\\/wp-content\\\/litespeed\\\/avatar\\\/a7c4ebc5454089d3fd4ef6b87fdd073a.jpg?ver=1777471945\",\"url\":\"https:\\\/\\\/aldiachaco.com.ar\\\/wp-content\\\/litespeed\\\/avatar\\\/a7c4ebc5454089d3fd4ef6b87fdd073a.jpg?ver=1777471945\",\"contentUrl\":\"https:\\\/\\\/aldiachaco.com.ar\\\/wp-content\\\/litespeed\\\/avatar\\\/a7c4ebc5454089d3fd4ef6b87fdd073a.jpg?ver=1777471945\",\"caption\":\"aldiachaco.com.ar\"},\"sameAs\":[\"https:\\\/\\\/aldiachaco.com.ar\"],\"url\":\"https:\\\/\\\/aldiachaco.com.ar\\\/index.php\\\/author\\\/lime-camel-884546-hostingersite-com\\\/\"}]}<\/script>\n<!-- \/ Yoast SEO plugin. -->","yoast_head_json":{"title":"Abel Pintos vuelve al Chaco con su Gira Verano 2025 | Al Dia Chaco","robots":{"index":"index","follow":"follow","max-snippet":"max-snippet:-1","max-image-preview":"max-image-preview:large","max-video-preview":"max-video-preview:-1"},"canonical":"https:\/\/aldiachaco.com.ar\/index.php\/2025\/01\/03\/abel-pintos-vuelve-al-chaco-con-su-gira-verano-2025\/","og_locale":"es_ES","og_type":"article","og_title":"Abel Pintos vuelve al Chaco con su Gira Verano 2025 | Al Dia Chaco","og_description":"Abel Pintos es el artista n\u00famero uno de la escena musical argentina en la actualidad. El 2023 lo cerr\u00f3 con dos Estadios V\u00e9lez totalmente agotados, en donde present\u00f3 su concierto &#8220;Amores y Rarezas&#8221; ante m\u00e1s de 70.000 personas. Durante los meses previos se luci\u00f3 como jurado del exitoso programa Got Talent por la pantalla de &hellip;","og_url":"https:\/\/aldiachaco.com.ar\/index.php\/2025\/01\/03\/abel-pintos-vuelve-al-chaco-con-su-gira-verano-2025\/","og_site_name":"Al Dia Chaco","article_published_time":"2025-01-03T18:43:40+00:00","article_modified_time":"2025-01-03T18:51:28+00:00","og_image":[{"width":787,"height":573,"url":"https:\/\/aldiachaco.com.ar\/wp-content\/uploads\/2025\/01\/a.jpg","type":"image\/jpeg"}],"author":"aldiachaco.com.ar","twitter_card":"summary_large_image","twitter_misc":{"Escrito por":"aldiachaco.com.ar","Tiempo de lectura":"2 minutos"},"schema":{"@context":"https:\/\/schema.org","@graph":[{"@type":"Article","@id":"https:\/\/aldiachaco.com.ar\/index.php\/2025\/01\/03\/abel-pintos-vuelve-al-chaco-con-su-gira-verano-2025\/#article","isPartOf":{"@id":"https:\/\/aldiachaco.com.ar\/index.php\/2025\/01\/03\/abel-pintos-vuelve-al-chaco-con-su-gira-verano-2025\/"},"author":{"name":"aldiachaco.com.ar","@id":"https:\/\/aldiachaco.com.ar\/#\/schema\/person\/80113835e512ba580e79a945932487f5"},"headline":"Abel Pintos vuelve al Chaco con su Gira Verano 2025","datePublished":"2025-01-03T18:43:40+00:00","dateModified":"2025-01-03T18:51:28+00:00","mainEntityOfPage":{"@id":"https:\/\/aldiachaco.com.ar\/index.php\/2025\/01\/03\/abel-pintos-vuelve-al-chaco-con-su-gira-verano-2025\/"},"wordCount":245,"commentCount":0,"publisher":{"@id":"https:\/\/aldiachaco.com.ar\/#organization"},"image":{"@id":"https:\/\/aldiachaco.com.ar\/index.php\/2025\/01\/03\/abel-pintos-vuelve-al-chaco-con-su-gira-verano-2025\/#primaryimage"},"thumbnailUrl":"https:\/\/aldiachaco.com.ar\/wp-content\/uploads\/2025\/01\/a.jpg","articleSection":["M\u00fasica"],"inLanguage":"es-AR","potentialAction":[{"@type":"CommentAction","name":"Comment","target":["https:\/\/aldiachaco.com.ar\/index.php\/2025\/01\/03\/abel-pintos-vuelve-al-chaco-con-su-gira-verano-2025\/#respond"]}]},{"@type":"WebPage","@id":"https:\/\/aldiachaco.com.ar\/index.php\/2025\/01\/03\/abel-pintos-vuelve-al-chaco-con-su-gira-verano-2025\/","url":"https:\/\/aldiachaco.com.ar\/index.php\/2025\/01\/03\/abel-pintos-vuelve-al-chaco-con-su-gira-verano-2025\/","name":"Abel Pintos vuelve al Chaco con su Gira Verano 2025 | Al Dia Chaco","isPartOf":{"@id":"https:\/\/aldiachaco.com.ar\/#website"},"primaryImageOfPage":{"@id":"https:\/\/aldiachaco.com.ar\/index.php\/2025\/01\/03\/abel-pintos-vuelve-al-chaco-con-su-gira-verano-2025\/#primaryimage"},"image":{"@id":"https:\/\/aldiachaco.com.ar\/index.php\/2025\/01\/03\/abel-pintos-vuelve-al-chaco-con-su-gira-verano-2025\/#primaryimage"},"thumbnailUrl":"https:\/\/aldiachaco.com.ar\/wp-content\/uploads\/2025\/01\/a.jpg","datePublished":"2025-01-03T18:43:40+00:00","dateModified":"2025-01-03T18:51:28+00:00","breadcrumb":{"@id":"https:\/\/aldiachaco.com.ar\/index.php\/2025\/01\/03\/abel-pintos-vuelve-al-chaco-con-su-gira-verano-2025\/#breadcrumb"},"inLanguage":"es-AR","potentialAction":[{"@type":"ReadAction","target":["https:\/\/aldiachaco.com.ar\/index.php\/2025\/01\/03\/abel-pintos-vuelve-al-chaco-con-su-gira-verano-2025\/"]}]},{"@type":"ImageObject","inLanguage":"es-AR","@id":"https:\/\/aldiachaco.com.ar\/index.php\/2025\/01\/03\/abel-pintos-vuelve-al-chaco-con-su-gira-verano-2025\/#primaryimage","url":"https:\/\/aldiachaco.com.ar\/wp-content\/uploads\/2025\/01\/a.jpg","contentUrl":"https:\/\/aldiachaco.com.ar\/wp-content\/uploads\/2025\/01\/a.jpg","width":787,"height":573},{"@type":"BreadcrumbList","@id":"https:\/\/aldiachaco.com.ar\/index.php\/2025\/01\/03\/abel-pintos-vuelve-al-chaco-con-su-gira-verano-2025\/#breadcrumb","itemListElement":[{"@type":"ListItem","position":1,"name":"Home","item":"https:\/\/aldiachaco.com.ar\/"},{"@type":"ListItem","position":2,"name":"Abel Pintos vuelve al Chaco con su Gira Verano 2025"}]},{"@type":"WebSite","@id":"https:\/\/aldiachaco.com.ar\/#website","url":"https:\/\/aldiachaco.com.ar\/","name":"Al Dia Chaco","description":"Noticias del Chaco y el mundo","publisher":{"@id":"https:\/\/aldiachaco.com.ar\/#organization"},"alternateName":"Al D\u00eda Chaco","potentialAction":[{"@type":"SearchAction","target":{"@type":"EntryPoint","urlTemplate":"https:\/\/aldiachaco.com.ar\/?s={search_term_string}"},"query-input":{"@type":"PropertyValueSpecification","valueRequired":true,"valueName":"search_term_string"}}],"inLanguage":"es-AR"},{"@type":"Organization","@id":"https:\/\/aldiachaco.com.ar\/#organization","name":"Al Dia Chaco","url":"https:\/\/aldiachaco.com.ar\/","logo":{"@type":"ImageObject","inLanguage":"es-AR","@id":"https:\/\/aldiachaco.com.ar\/#\/schema\/logo\/image\/","url":"https:\/\/aldiachaco.com.ar\/wp-content\/uploads\/2017\/11\/AL-DIA-CHACO-L@2x.png","contentUrl":"https:\/\/aldiachaco.com.ar\/wp-content\/uploads\/2017\/11\/AL-DIA-CHACO-L@2x.png","width":232,"height":60,"caption":"Al Dia Chaco"},"image":{"@id":"https:\/\/aldiachaco.com.ar\/#\/schema\/logo\/image\/"}},{"@type":"Person","@id":"https:\/\/aldiachaco.com.ar\/#\/schema\/person\/80113835e512ba580e79a945932487f5","name":"aldiachaco.com.ar","image":{"@type":"ImageObject","inLanguage":"es-AR","@id":"https:\/\/aldiachaco.com.ar\/wp-content\/litespeed\/avatar\/a7c4ebc5454089d3fd4ef6b87fdd073a.jpg?ver=1777471945","url":"https:\/\/aldiachaco.com.ar\/wp-content\/litespeed\/avatar\/a7c4ebc5454089d3fd4ef6b87fdd073a.jpg?ver=1777471945","contentUrl":"https:\/\/aldiachaco.com.ar\/wp-content\/litespeed\/avatar\/a7c4ebc5454089d3fd4ef6b87fdd073a.jpg?ver=1777471945","caption":"aldiachaco.com.ar"},"sameAs":["https:\/\/aldiachaco.com.ar"],"url":"https:\/\/aldiachaco.com.ar\/index.php\/author\/lime-camel-884546-hostingersite-com\/"}]}},"jetpack_publicize_connections":[],"jetpack_featured_media_url":"https:\/\/aldiachaco.com.ar\/wp-content\/uploads\/2025\/01\/a.jpg","jetpack_sharing_enabled":true,"amp_enabled":true,"_links":{"self":[{"href":"https:\/\/aldiachaco.com.ar\/index.php\/wp-json\/wp\/v2\/posts\/10602","targetHints":{"allow":["GET"]}}],"collection":[{"href":"https:\/\/aldiachaco.com.ar\/index.php\/wp-json\/wp\/v2\/posts"}],"about":[{"href":"https:\/\/aldiachaco.com.ar\/index.php\/wp-json\/wp\/v2\/types\/post"}],"author":[{"embeddable":true,"href":"https:\/\/aldiachaco.com.ar\/index.php\/wp-json\/wp\/v2\/users\/1"}],"replies":[{"embeddable":true,"href":"https:\/\/aldiachaco.com.ar\/index.php\/wp-json\/wp\/v2\/comments?post=10602"}],"version-history":[{"count":1,"href":"https:\/\/aldiachaco.com.ar\/index.php\/wp-json\/wp\/v2\/posts\/10602\/revisions"}],"predecessor-version":[{"id":10604,"href":"https:\/\/aldiachaco.com.ar\/index.php\/wp-json\/wp\/v2\/posts\/10602\/revisions\/10604"}],"wp:featuredmedia":[{"embeddable":true,"href":"https:\/\/aldiachaco.com.ar\/index.php\/wp-json\/wp\/v2\/media\/10608"}],"wp:attachment":[{"href":"https:\/\/aldiachaco.com.ar\/index.php\/wp-json\/wp\/v2\/media?parent=10602"}],"wp:term":[{"taxonomy":"category","embeddable":true,"href":"https:\/\/aldiachaco.com.ar\/index.php\/wp-json\/wp\/v2\/categories?post=10602"},{"taxonomy":"post_tag","embeddable":true,"href":"https:\/\/aldiachaco.com.ar\/index.php\/wp-json\/wp\/v2\/tags?post=10602"}],"curies":[{"name":"wp","href":"https:\/\/api.w.org\/{rel}","templated":true}]}}