{"id":10492,"date":"2024-12-26T16:07:27","date_gmt":"2024-12-26T19:07:27","guid":{"rendered":"https:\/\/aldiachaco.com.ar\/?p=10492"},"modified":"2024-12-26T16:07:27","modified_gmt":"2024-12-26T19:07:27","slug":"plagio-o-inspiracion-ruben-rada-apunta-contra-emilia-mernes-por-su-ultima-cancion","status":"publish","type":"post","link":"https:\/\/aldiachaco.com.ar\/index.php\/2024\/12\/26\/plagio-o-inspiracion-ruben-rada-apunta-contra-emilia-mernes-por-su-ultima-cancion\/","title":{"rendered":"\u00bfPlagio o inspiraci\u00f3n?: Rub\u00e9n Rada apunta contra Emilia Mernes por su \u00faltima canci\u00f3n"},"content":{"rendered":"<p>El reconocido m\u00fasico uruguayo\u00a0<strong>Rub\u00e9n Rada se encuentra en el centro de una controversia tras acusar a la cantante argentina Emilia Mernes de plagiar una de sus composiciones<\/strong>. Seg\u00fan trascendi\u00f3, el artista habr\u00eda identificado\u00a0<strong>una similitud significativa entre su canci\u00f3n &#8220;Cha-Cha, Muchacha&#8221; y el tema &#8220;Novio Gangsta&#8221;, interpretado por la joven estrella del pop latino<\/strong>\u00a0.<\/p>\n<p class=\" aBigClassNameToAvoidCollisionInText\">El conflicto comenz\u00f3 cuando Rada escuch\u00f3 la popular canci\u00f3n de Mernes, que acumula millones de reproducciones en redes sociales y plataformas digitales. Seg\u00fan fuentes cercanas al artista, esta situaci\u00f3n le provoc\u00f3 un profundo malestar, al punto de que su equipo estar\u00eda considerando iniciar acciones legales para proteger los derechos de autor del ic\u00f3nico m\u00fasico.<\/p>\n<p><strong>Desde Uruguay, el entorno de Rub\u00e9n Rada habr\u00eda calificado el caso como un &#8220;plagio total&#8221;, destacando las similitudes entre las melod\u00edas de ambas canciones.<\/strong>\u00a0Aunque las disputas por derechos de autor suelen manejarse con discreci\u00f3n, el descontento de Rada fue evidente y podr\u00eda llevar el caso a la justicia.<\/p>\n<p>Por el momento, ni Emilia Mernes ni Rub\u00e9n Rada han emitido declaraciones p\u00fablicas al respecto. Cabe mencionar que esta no es la primera vez que la cantante de Nogoy\u00e1 enfrenta acusaciones similares. En otra oportunidad, se se\u00f1al\u00f3 a &#8220;Novio Gangsta&#8221; como una posible copia de un tema del colombiano Sebasti\u00e1n Yatra.<\/p>\n","protected":false},"excerpt":{"rendered":"<p>El reconocido m\u00fasico uruguayo\u00a0Rub\u00e9n Rada se encuentra en el centro de una controversia tras acusar a la cantante argentina Emilia Mernes de plagiar una de sus composiciones. Seg\u00fan trascendi\u00f3, el artista habr\u00eda identificado\u00a0una similitud significativa entre su canci\u00f3n &#8220;Cha-Cha, Muchacha&#8221; y el tema &#8220;Novio Gangsta&#8221;, interpretado por la joven estrella del pop latino\u00a0. El conflicto &hellip;<\/p>\n","protected":false},"author":1,"featured_media":10493,"comment_status":"open","ping_status":"open","sticky":false,"template":"","format":"standard","meta":{"content-type":"","_monsterinsights_skip_tracking":false,"_monsterinsights_sitenote_active":false,"_monsterinsights_sitenote_note":"","_monsterinsights_sitenote_category":0,"_jetpack_memberships_contains_paid_content":false,"footnotes":"","jetpack_publicize_message":"","jetpack_publicize_feature_enabled":true,"jetpack_social_post_already_shared":true,"jetpack_social_options":{"image_generator_settings":{"template":"highway","default_image_id":0,"font":"","enabled":false},"version":2}},"categories":[213],"tags":[],"class_list":["post-10492","post","type-post","status-publish","format-standard","has-post-thumbnail","hentry","category-musica"],"yoast_head":"<!-- This site is optimized with the Yoast SEO plugin v27.4 - https:\/\/yoast.com\/product\/yoast-seo-wordpress\/ -->\n<title>\u00bfPlagio o inspiraci\u00f3n?: Rub\u00e9n Rada apunta contra Emilia Mernes por su \u00faltima canci\u00f3n | Al Dia Chaco<\/title>\n<meta name=\"robots\" content=\"index, follow, max-snippet:-1, max-image-preview:large, max-video-preview:-1\" \/>\n<link rel=\"canonical\" href=\"https:\/\/aldiachaco.com.ar\/index.php\/2024\/12\/26\/plagio-o-inspiracion-ruben-rada-apunta-contra-emilia-mernes-por-su-ultima-cancion\/\" \/>\n<meta property=\"og:locale\" content=\"es_ES\" \/>\n<meta property=\"og:type\" content=\"article\" \/>\n<meta property=\"og:title\" content=\"\u00bfPlagio o inspiraci\u00f3n?: Rub\u00e9n Rada apunta contra Emilia Mernes por su \u00faltima canci\u00f3n | Al Dia Chaco\" \/>\n<meta property=\"og:description\" content=\"El reconocido m\u00fasico uruguayo\u00a0Rub\u00e9n Rada se encuentra en el centro de una controversia tras acusar a la cantante argentina Emilia Mernes de plagiar una de sus composiciones. Seg\u00fan trascendi\u00f3, el artista habr\u00eda identificado\u00a0una similitud significativa entre su canci\u00f3n &#8220;Cha-Cha, Muchacha&#8221; y el tema &#8220;Novio Gangsta&#8221;, interpretado por la joven estrella del pop latino\u00a0. El conflicto &hellip;\" \/>\n<meta property=\"og:url\" content=\"https:\/\/aldiachaco.com.ar\/index.php\/2024\/12\/26\/plagio-o-inspiracion-ruben-rada-apunta-contra-emilia-mernes-por-su-ultima-cancion\/\" \/>\n<meta property=\"og:site_name\" content=\"Al Dia Chaco\" \/>\n<meta property=\"article:published_time\" content=\"2024-12-26T19:07:27+00:00\" \/>\n<meta property=\"og:image\" content=\"https:\/\/aldiachaco.com.ar\/wp-content\/uploads\/2024\/12\/172429w850h555c.jpg.webp\" \/>\n\t<meta property=\"og:image:width\" content=\"850\" \/>\n\t<meta property=\"og:image:height\" content=\"555\" \/>\n\t<meta property=\"og:image:type\" content=\"image\/webp\" \/>\n<meta name=\"author\" content=\"aldiachaco.com.ar\" \/>\n<meta name=\"twitter:card\" content=\"summary_large_image\" \/>\n<meta name=\"twitter:label1\" content=\"Escrito por\" \/>\n\t<meta name=\"twitter:data1\" content=\"aldiachaco.com.ar\" \/>\n\t<meta name=\"twitter:label2\" content=\"Tiempo de lectura\" \/>\n\t<meta name=\"twitter:data2\" content=\"2 minutos\" \/>\n<script type=\"application\/ld+json\" class=\"yoast-schema-graph\">{\"@context\":\"https:\\\/\\\/schema.org\",\"@graph\":[{\"@type\":\"Article\",\"@id\":\"https:\\\/\\\/aldiachaco.com.ar\\\/index.php\\\/2024\\\/12\\\/26\\\/plagio-o-inspiracion-ruben-rada-apunta-contra-emilia-mernes-por-su-ultima-cancion\\\/#article\",\"isPartOf\":{\"@id\":\"https:\\\/\\\/aldiachaco.com.ar\\\/index.php\\\/2024\\\/12\\\/26\\\/plagio-o-inspiracion-ruben-rada-apunta-contra-emilia-mernes-por-su-ultima-cancion\\\/\"},\"author\":{\"name\":\"aldiachaco.com.ar\",\"@id\":\"https:\\\/\\\/aldiachaco.com.ar\\\/#\\\/schema\\\/person\\\/80113835e512ba580e79a945932487f5\"},\"headline\":\"\u00bfPlagio o inspiraci\u00f3n?: Rub\u00e9n Rada apunta contra Emilia Mernes por su \u00faltima canci\u00f3n\",\"datePublished\":\"2024-12-26T19:07:27+00:00\",\"mainEntityOfPage\":{\"@id\":\"https:\\\/\\\/aldiachaco.com.ar\\\/index.php\\\/2024\\\/12\\\/26\\\/plagio-o-inspiracion-ruben-rada-apunta-contra-emilia-mernes-por-su-ultima-cancion\\\/\"},\"wordCount\":245,\"commentCount\":0,\"publisher\":{\"@id\":\"https:\\\/\\\/aldiachaco.com.ar\\\/#organization\"},\"image\":{\"@id\":\"https:\\\/\\\/aldiachaco.com.ar\\\/index.php\\\/2024\\\/12\\\/26\\\/plagio-o-inspiracion-ruben-rada-apunta-contra-emilia-mernes-por-su-ultima-cancion\\\/#primaryimage\"},\"thumbnailUrl\":\"https:\\\/\\\/aldiachaco.com.ar\\\/wp-content\\\/uploads\\\/2024\\\/12\\\/172429w850h555c.jpg.webp\",\"articleSection\":[\"M\u00fasica\"],\"inLanguage\":\"es-AR\",\"potentialAction\":[{\"@type\":\"CommentAction\",\"name\":\"Comment\",\"target\":[\"https:\\\/\\\/aldiachaco.com.ar\\\/index.php\\\/2024\\\/12\\\/26\\\/plagio-o-inspiracion-ruben-rada-apunta-contra-emilia-mernes-por-su-ultima-cancion\\\/#respond\"]}]},{\"@type\":\"WebPage\",\"@id\":\"https:\\\/\\\/aldiachaco.com.ar\\\/index.php\\\/2024\\\/12\\\/26\\\/plagio-o-inspiracion-ruben-rada-apunta-contra-emilia-mernes-por-su-ultima-cancion\\\/\",\"url\":\"https:\\\/\\\/aldiachaco.com.ar\\\/index.php\\\/2024\\\/12\\\/26\\\/plagio-o-inspiracion-ruben-rada-apunta-contra-emilia-mernes-por-su-ultima-cancion\\\/\",\"name\":\"\u00bfPlagio o inspiraci\u00f3n?: Rub\u00e9n Rada apunta contra Emilia Mernes por su \u00faltima canci\u00f3n | Al Dia Chaco\",\"isPartOf\":{\"@id\":\"https:\\\/\\\/aldiachaco.com.ar\\\/#website\"},\"primaryImageOfPage\":{\"@id\":\"https:\\\/\\\/aldiachaco.com.ar\\\/index.php\\\/2024\\\/12\\\/26\\\/plagio-o-inspiracion-ruben-rada-apunta-contra-emilia-mernes-por-su-ultima-cancion\\\/#primaryimage\"},\"image\":{\"@id\":\"https:\\\/\\\/aldiachaco.com.ar\\\/index.php\\\/2024\\\/12\\\/26\\\/plagio-o-inspiracion-ruben-rada-apunta-contra-emilia-mernes-por-su-ultima-cancion\\\/#primaryimage\"},\"thumbnailUrl\":\"https:\\\/\\\/aldiachaco.com.ar\\\/wp-content\\\/uploads\\\/2024\\\/12\\\/172429w850h555c.jpg.webp\",\"datePublished\":\"2024-12-26T19:07:27+00:00\",\"breadcrumb\":{\"@id\":\"https:\\\/\\\/aldiachaco.com.ar\\\/index.php\\\/2024\\\/12\\\/26\\\/plagio-o-inspiracion-ruben-rada-apunta-contra-emilia-mernes-por-su-ultima-cancion\\\/#breadcrumb\"},\"inLanguage\":\"es-AR\",\"potentialAction\":[{\"@type\":\"ReadAction\",\"target\":[\"https:\\\/\\\/aldiachaco.com.ar\\\/index.php\\\/2024\\\/12\\\/26\\\/plagio-o-inspiracion-ruben-rada-apunta-contra-emilia-mernes-por-su-ultima-cancion\\\/\"]}]},{\"@type\":\"ImageObject\",\"inLanguage\":\"es-AR\",\"@id\":\"https:\\\/\\\/aldiachaco.com.ar\\\/index.php\\\/2024\\\/12\\\/26\\\/plagio-o-inspiracion-ruben-rada-apunta-contra-emilia-mernes-por-su-ultima-cancion\\\/#primaryimage\",\"url\":\"https:\\\/\\\/aldiachaco.com.ar\\\/wp-content\\\/uploads\\\/2024\\\/12\\\/172429w850h555c.jpg.webp\",\"contentUrl\":\"https:\\\/\\\/aldiachaco.com.ar\\\/wp-content\\\/uploads\\\/2024\\\/12\\\/172429w850h555c.jpg.webp\",\"width\":850,\"height\":555},{\"@type\":\"BreadcrumbList\",\"@id\":\"https:\\\/\\\/aldiachaco.com.ar\\\/index.php\\\/2024\\\/12\\\/26\\\/plagio-o-inspiracion-ruben-rada-apunta-contra-emilia-mernes-por-su-ultima-cancion\\\/#breadcrumb\",\"itemListElement\":[{\"@type\":\"ListItem\",\"position\":1,\"name\":\"Home\",\"item\":\"https:\\\/\\\/aldiachaco.com.ar\\\/\"},{\"@type\":\"ListItem\",\"position\":2,\"name\":\"\u00bfPlagio o inspiraci\u00f3n?: Rub\u00e9n Rada apunta contra Emilia Mernes por su \u00faltima canci\u00f3n\"}]},{\"@type\":\"WebSite\",\"@id\":\"https:\\\/\\\/aldiachaco.com.ar\\\/#website\",\"url\":\"https:\\\/\\\/aldiachaco.com.ar\\\/\",\"name\":\"Al Dia Chaco\",\"description\":\"Noticias del Chaco y el mundo\",\"publisher\":{\"@id\":\"https:\\\/\\\/aldiachaco.com.ar\\\/#organization\"},\"alternateName\":\"Al D\u00eda Chaco\",\"potentialAction\":[{\"@type\":\"SearchAction\",\"target\":{\"@type\":\"EntryPoint\",\"urlTemplate\":\"https:\\\/\\\/aldiachaco.com.ar\\\/?s={search_term_string}\"},\"query-input\":{\"@type\":\"PropertyValueSpecification\",\"valueRequired\":true,\"valueName\":\"search_term_string\"}}],\"inLanguage\":\"es-AR\"},{\"@type\":\"Organization\",\"@id\":\"https:\\\/\\\/aldiachaco.com.ar\\\/#organization\",\"name\":\"Al Dia Chaco\",\"url\":\"https:\\\/\\\/aldiachaco.com.ar\\\/\",\"logo\":{\"@type\":\"ImageObject\",\"inLanguage\":\"es-AR\",\"@id\":\"https:\\\/\\\/aldiachaco.com.ar\\\/#\\\/schema\\\/logo\\\/image\\\/\",\"url\":\"https:\\\/\\\/aldiachaco.com.ar\\\/wp-content\\\/uploads\\\/2017\\\/11\\\/AL-DIA-CHACO-L@2x.png\",\"contentUrl\":\"https:\\\/\\\/aldiachaco.com.ar\\\/wp-content\\\/uploads\\\/2017\\\/11\\\/AL-DIA-CHACO-L@2x.png\",\"width\":232,\"height\":60,\"caption\":\"Al Dia Chaco\"},\"image\":{\"@id\":\"https:\\\/\\\/aldiachaco.com.ar\\\/#\\\/schema\\\/logo\\\/image\\\/\"}},{\"@type\":\"Person\",\"@id\":\"https:\\\/\\\/aldiachaco.com.ar\\\/#\\\/schema\\\/person\\\/80113835e512ba580e79a945932487f5\",\"name\":\"aldiachaco.com.ar\",\"image\":{\"@type\":\"ImageObject\",\"inLanguage\":\"es-AR\",\"@id\":\"https:\\\/\\\/aldiachaco.com.ar\\\/wp-content\\\/litespeed\\\/avatar\\\/a7c4ebc5454089d3fd4ef6b87fdd073a.jpg?ver=1777471945\",\"url\":\"https:\\\/\\\/aldiachaco.com.ar\\\/wp-content\\\/litespeed\\\/avatar\\\/a7c4ebc5454089d3fd4ef6b87fdd073a.jpg?ver=1777471945\",\"contentUrl\":\"https:\\\/\\\/aldiachaco.com.ar\\\/wp-content\\\/litespeed\\\/avatar\\\/a7c4ebc5454089d3fd4ef6b87fdd073a.jpg?ver=1777471945\",\"caption\":\"aldiachaco.com.ar\"},\"sameAs\":[\"https:\\\/\\\/aldiachaco.com.ar\"],\"url\":\"https:\\\/\\\/aldiachaco.com.ar\\\/index.php\\\/author\\\/lime-camel-884546-hostingersite-com\\\/\"}]}<\/script>\n<!-- \/ Yoast SEO plugin. -->","yoast_head_json":{"title":"\u00bfPlagio o inspiraci\u00f3n?: Rub\u00e9n Rada apunta contra Emilia Mernes por su \u00faltima canci\u00f3n | Al Dia Chaco","robots":{"index":"index","follow":"follow","max-snippet":"max-snippet:-1","max-image-preview":"max-image-preview:large","max-video-preview":"max-video-preview:-1"},"canonical":"https:\/\/aldiachaco.com.ar\/index.php\/2024\/12\/26\/plagio-o-inspiracion-ruben-rada-apunta-contra-emilia-mernes-por-su-ultima-cancion\/","og_locale":"es_ES","og_type":"article","og_title":"\u00bfPlagio o inspiraci\u00f3n?: Rub\u00e9n Rada apunta contra Emilia Mernes por su \u00faltima canci\u00f3n | Al Dia Chaco","og_description":"El reconocido m\u00fasico uruguayo\u00a0Rub\u00e9n Rada se encuentra en el centro de una controversia tras acusar a la cantante argentina Emilia Mernes de plagiar una de sus composiciones. Seg\u00fan trascendi\u00f3, el artista habr\u00eda identificado\u00a0una similitud significativa entre su canci\u00f3n &#8220;Cha-Cha, Muchacha&#8221; y el tema &#8220;Novio Gangsta&#8221;, interpretado por la joven estrella del pop latino\u00a0. El conflicto &hellip;","og_url":"https:\/\/aldiachaco.com.ar\/index.php\/2024\/12\/26\/plagio-o-inspiracion-ruben-rada-apunta-contra-emilia-mernes-por-su-ultima-cancion\/","og_site_name":"Al Dia Chaco","article_published_time":"2024-12-26T19:07:27+00:00","og_image":[{"width":850,"height":555,"url":"https:\/\/aldiachaco.com.ar\/wp-content\/uploads\/2024\/12\/172429w850h555c.jpg.webp","type":"image\/webp"}],"author":"aldiachaco.com.ar","twitter_card":"summary_large_image","twitter_misc":{"Escrito por":"aldiachaco.com.ar","Tiempo de lectura":"2 minutos"},"schema":{"@context":"https:\/\/schema.org","@graph":[{"@type":"Article","@id":"https:\/\/aldiachaco.com.ar\/index.php\/2024\/12\/26\/plagio-o-inspiracion-ruben-rada-apunta-contra-emilia-mernes-por-su-ultima-cancion\/#article","isPartOf":{"@id":"https:\/\/aldiachaco.com.ar\/index.php\/2024\/12\/26\/plagio-o-inspiracion-ruben-rada-apunta-contra-emilia-mernes-por-su-ultima-cancion\/"},"author":{"name":"aldiachaco.com.ar","@id":"https:\/\/aldiachaco.com.ar\/#\/schema\/person\/80113835e512ba580e79a945932487f5"},"headline":"\u00bfPlagio o inspiraci\u00f3n?: Rub\u00e9n Rada apunta contra Emilia Mernes por su \u00faltima canci\u00f3n","datePublished":"2024-12-26T19:07:27+00:00","mainEntityOfPage":{"@id":"https:\/\/aldiachaco.com.ar\/index.php\/2024\/12\/26\/plagio-o-inspiracion-ruben-rada-apunta-contra-emilia-mernes-por-su-ultima-cancion\/"},"wordCount":245,"commentCount":0,"publisher":{"@id":"https:\/\/aldiachaco.com.ar\/#organization"},"image":{"@id":"https:\/\/aldiachaco.com.ar\/index.php\/2024\/12\/26\/plagio-o-inspiracion-ruben-rada-apunta-contra-emilia-mernes-por-su-ultima-cancion\/#primaryimage"},"thumbnailUrl":"https:\/\/aldiachaco.com.ar\/wp-content\/uploads\/2024\/12\/172429w850h555c.jpg.webp","articleSection":["M\u00fasica"],"inLanguage":"es-AR","potentialAction":[{"@type":"CommentAction","name":"Comment","target":["https:\/\/aldiachaco.com.ar\/index.php\/2024\/12\/26\/plagio-o-inspiracion-ruben-rada-apunta-contra-emilia-mernes-por-su-ultima-cancion\/#respond"]}]},{"@type":"WebPage","@id":"https:\/\/aldiachaco.com.ar\/index.php\/2024\/12\/26\/plagio-o-inspiracion-ruben-rada-apunta-contra-emilia-mernes-por-su-ultima-cancion\/","url":"https:\/\/aldiachaco.com.ar\/index.php\/2024\/12\/26\/plagio-o-inspiracion-ruben-rada-apunta-contra-emilia-mernes-por-su-ultima-cancion\/","name":"\u00bfPlagio o inspiraci\u00f3n?: Rub\u00e9n Rada apunta contra Emilia Mernes por su \u00faltima canci\u00f3n | Al Dia Chaco","isPartOf":{"@id":"https:\/\/aldiachaco.com.ar\/#website"},"primaryImageOfPage":{"@id":"https:\/\/aldiachaco.com.ar\/index.php\/2024\/12\/26\/plagio-o-inspiracion-ruben-rada-apunta-contra-emilia-mernes-por-su-ultima-cancion\/#primaryimage"},"image":{"@id":"https:\/\/aldiachaco.com.ar\/index.php\/2024\/12\/26\/plagio-o-inspiracion-ruben-rada-apunta-contra-emilia-mernes-por-su-ultima-cancion\/#primaryimage"},"thumbnailUrl":"https:\/\/aldiachaco.com.ar\/wp-content\/uploads\/2024\/12\/172429w850h555c.jpg.webp","datePublished":"2024-12-26T19:07:27+00:00","breadcrumb":{"@id":"https:\/\/aldiachaco.com.ar\/index.php\/2024\/12\/26\/plagio-o-inspiracion-ruben-rada-apunta-contra-emilia-mernes-por-su-ultima-cancion\/#breadcrumb"},"inLanguage":"es-AR","potentialAction":[{"@type":"ReadAction","target":["https:\/\/aldiachaco.com.ar\/index.php\/2024\/12\/26\/plagio-o-inspiracion-ruben-rada-apunta-contra-emilia-mernes-por-su-ultima-cancion\/"]}]},{"@type":"ImageObject","inLanguage":"es-AR","@id":"https:\/\/aldiachaco.com.ar\/index.php\/2024\/12\/26\/plagio-o-inspiracion-ruben-rada-apunta-contra-emilia-mernes-por-su-ultima-cancion\/#primaryimage","url":"https:\/\/aldiachaco.com.ar\/wp-content\/uploads\/2024\/12\/172429w850h555c.jpg.webp","contentUrl":"https:\/\/aldiachaco.com.ar\/wp-content\/uploads\/2024\/12\/172429w850h555c.jpg.webp","width":850,"height":555},{"@type":"BreadcrumbList","@id":"https:\/\/aldiachaco.com.ar\/index.php\/2024\/12\/26\/plagio-o-inspiracion-ruben-rada-apunta-contra-emilia-mernes-por-su-ultima-cancion\/#breadcrumb","itemListElement":[{"@type":"ListItem","position":1,"name":"Home","item":"https:\/\/aldiachaco.com.ar\/"},{"@type":"ListItem","position":2,"name":"\u00bfPlagio o inspiraci\u00f3n?: Rub\u00e9n Rada apunta contra Emilia Mernes por su \u00faltima canci\u00f3n"}]},{"@type":"WebSite","@id":"https:\/\/aldiachaco.com.ar\/#website","url":"https:\/\/aldiachaco.com.ar\/","name":"Al Dia Chaco","description":"Noticias del Chaco y el mundo","publisher":{"@id":"https:\/\/aldiachaco.com.ar\/#organization"},"alternateName":"Al D\u00eda Chaco","potentialAction":[{"@type":"SearchAction","target":{"@type":"EntryPoint","urlTemplate":"https:\/\/aldiachaco.com.ar\/?s={search_term_string}"},"query-input":{"@type":"PropertyValueSpecification","valueRequired":true,"valueName":"search_term_string"}}],"inLanguage":"es-AR"},{"@type":"Organization","@id":"https:\/\/aldiachaco.com.ar\/#organization","name":"Al Dia Chaco","url":"https:\/\/aldiachaco.com.ar\/","logo":{"@type":"ImageObject","inLanguage":"es-AR","@id":"https:\/\/aldiachaco.com.ar\/#\/schema\/logo\/image\/","url":"https:\/\/aldiachaco.com.ar\/wp-content\/uploads\/2017\/11\/AL-DIA-CHACO-L@2x.png","contentUrl":"https:\/\/aldiachaco.com.ar\/wp-content\/uploads\/2017\/11\/AL-DIA-CHACO-L@2x.png","width":232,"height":60,"caption":"Al Dia Chaco"},"image":{"@id":"https:\/\/aldiachaco.com.ar\/#\/schema\/logo\/image\/"}},{"@type":"Person","@id":"https:\/\/aldiachaco.com.ar\/#\/schema\/person\/80113835e512ba580e79a945932487f5","name":"aldiachaco.com.ar","image":{"@type":"ImageObject","inLanguage":"es-AR","@id":"https:\/\/aldiachaco.com.ar\/wp-content\/litespeed\/avatar\/a7c4ebc5454089d3fd4ef6b87fdd073a.jpg?ver=1777471945","url":"https:\/\/aldiachaco.com.ar\/wp-content\/litespeed\/avatar\/a7c4ebc5454089d3fd4ef6b87fdd073a.jpg?ver=1777471945","contentUrl":"https:\/\/aldiachaco.com.ar\/wp-content\/litespeed\/avatar\/a7c4ebc5454089d3fd4ef6b87fdd073a.jpg?ver=1777471945","caption":"aldiachaco.com.ar"},"sameAs":["https:\/\/aldiachaco.com.ar"],"url":"https:\/\/aldiachaco.com.ar\/index.php\/author\/lime-camel-884546-hostingersite-com\/"}]}},"jetpack_publicize_connections":[],"jetpack_featured_media_url":"https:\/\/aldiachaco.com.ar\/wp-content\/uploads\/2024\/12\/172429w850h555c.jpg.webp","jetpack_sharing_enabled":true,"amp_enabled":true,"_links":{"self":[{"href":"https:\/\/aldiachaco.com.ar\/index.php\/wp-json\/wp\/v2\/posts\/10492","targetHints":{"allow":["GET"]}}],"collection":[{"href":"https:\/\/aldiachaco.com.ar\/index.php\/wp-json\/wp\/v2\/posts"}],"about":[{"href":"https:\/\/aldiachaco.com.ar\/index.php\/wp-json\/wp\/v2\/types\/post"}],"author":[{"embeddable":true,"href":"https:\/\/aldiachaco.com.ar\/index.php\/wp-json\/wp\/v2\/users\/1"}],"replies":[{"embeddable":true,"href":"https:\/\/aldiachaco.com.ar\/index.php\/wp-json\/wp\/v2\/comments?post=10492"}],"version-history":[{"count":1,"href":"https:\/\/aldiachaco.com.ar\/index.php\/wp-json\/wp\/v2\/posts\/10492\/revisions"}],"predecessor-version":[{"id":10494,"href":"https:\/\/aldiachaco.com.ar\/index.php\/wp-json\/wp\/v2\/posts\/10492\/revisions\/10494"}],"wp:featuredmedia":[{"embeddable":true,"href":"https:\/\/aldiachaco.com.ar\/index.php\/wp-json\/wp\/v2\/media\/10493"}],"wp:attachment":[{"href":"https:\/\/aldiachaco.com.ar\/index.php\/wp-json\/wp\/v2\/media?parent=10492"}],"wp:term":[{"taxonomy":"category","embeddable":true,"href":"https:\/\/aldiachaco.com.ar\/index.php\/wp-json\/wp\/v2\/categories?post=10492"},{"taxonomy":"post_tag","embeddable":true,"href":"https:\/\/aldiachaco.com.ar\/index.php\/wp-json\/wp\/v2\/tags?post=10492"}],"curies":[{"name":"wp","href":"https:\/\/api.w.org\/{rel}","templated":true}]}}