{"id":10466,"date":"2024-12-20T18:15:52","date_gmt":"2024-12-20T21:15:52","guid":{"rendered":"https:\/\/aldiachaco.com.ar\/?p=10466"},"modified":"2024-12-20T18:15:52","modified_gmt":"2024-12-20T21:15:52","slug":"tini-stoessel-confirmo-que-hara-su-propio-festival-la-fecha-y-los-tres-escenarios-para-celebrar-su-carrera","status":"publish","type":"post","link":"https:\/\/aldiachaco.com.ar\/index.php\/2024\/12\/20\/tini-stoessel-confirmo-que-hara-su-propio-festival-la-fecha-y-los-tres-escenarios-para-celebrar-su-carrera\/","title":{"rendered":"Tini Stoessel confirm\u00f3 que har\u00e1 su propio festival: la fecha y los tres escenarios para celebrar su carrera"},"content":{"rendered":"<p class=\"paragraph\" data-mrf-recirculation=\"Links inline\">A pocos d\u00edas del final de este a\u00f1o, se viene un 2025 muy potente para\u00a0<b>Tini Stoessel<\/b>. La cantante dio una entrevista en\u00a0<i>Rumis<\/i>, ciclo del\u00a0<i>streaming La Casa<\/i>, en donde comparti\u00f3 algunas novedades sobre su vida y su carrera. Entre las m\u00e1s celebradas por sus fans fue la confirmaci\u00f3n de cu\u00e1ndo volver\u00e1 a los escenarios con un show \u00fanico.<\/p>\n<div class=\"news-module\" data-mrf-recirculation=\"IL_Ct0zZTd2RqSjHGMXsLzz7w\" data-testid=\"text-html\" data-mrf-experience=\"IL_Ct0zZTd2RqSjHGMXsLzz7w\">\n<div class=\"recommended-card__image-container\"><\/div>\n<\/div>\n<p class=\"paragraph\" data-mrf-recirculation=\"Links inline\">La artista cont\u00f3 que reci\u00e9n en la segunda mitad del a\u00f1o estrenar\u00e1 un espect\u00e1culo que ir\u00e1 m\u00e1s all\u00e1: ser\u00e1 un festival, que ya sus seguidores comenzaron a llamar \u201cTinipalooza\u201d o \u201cTini\u2019s World\u201d, en el que a trav\u00e9s de sus tres escenarios se celebrar\u00e1 la carrera de la int\u00e9rprete de hits como \u201cLa Triple T\u201d y \u201cFresa\u201d.<\/p>\n<div class=\"inline ad-wrapper\">\n<div class=\"dfpAd ad-inline\">\n<div id=\"infobae\/teleshow\/nota\/inline\" class=\"infobae\/teleshow\/nota\/inline arcad\" data-google-query-id=\"CNrmqOqht4oDFXhNuAQdRV02EQ\">\n<div id=\"google_ads_iframe_\/1058609\/infobae\/teleshow\/nota\/inline_0__container__\"><\/div>\n<\/div>\n<\/div>\n<\/div>\n<p class=\"paragraph\" data-mrf-recirculation=\"Links inline\"><b>\u201cVa a ser en la segunda mitad del a\u00f1o\u201d<\/b>, confirm\u00f3, al ciclo que conducen Lizardo Ponce, Lola Latorre y Leandro Saifir, entre otros, sobre cuando ser\u00e1 la esperada fecha de su regreso.<\/p>\n<div class=\" visual__image\"><\/div>\n<p class=\"paragraph\" data-mrf-recirculation=\"Links inline\">En el \u00faltimo programa de Susana Gim\u00e9nez, hab\u00eda adelantando la novedad.<b>\u00a0\u201cVa a ser el marco de pasar un d\u00eda entero en ese espacio donde va a haber tres escenarios. Va a ser una locura\u201d<\/b>, explic\u00f3 emocionada, al anticipar una experiencia sin precedentes para el p\u00fablico. La propuesta invita a los espectadores a moverse de un escenario a otro, rompiendo con la estructura tradicional de los shows y ofreciendo un despliegue art\u00edstico de gran magnitud.<\/p>\n<div class=\"inline_2_DSK ad-wrapper ad-desktop\">\n<div class=\"dfpAd ad-inline\"><\/div>\n<\/div>\n<p class=\"paragraph\" data-mrf-recirculation=\"Links inline\">En el living de la diva, tambi\u00e9n se refiri\u00f3 a la vuelta a la actuaci\u00f3n que tendr\u00e1 el a\u00f1o que viene con\u00a0<b>Quebranto<\/b>, serie de Disney+, en la que se pone al frente de ficci\u00f3n para adultos, luego de alcanzar la fama mundial gracias a Violetta, que cuenta con escenas de acci\u00f3n que incluyen tiros, sangre y situaciones de violencia.<\/p>\n<div class=\"news-module\" data-mrf-recirculation=\"IL_wPVu_IE4S76a5Gsl0lX8mA\" data-testid=\"text-html\" data-mrf-experience=\"IL_wPVu_IE4S76a5Gsl0lX8mA\">\n<div class=\"recommended-card__image-container\"><\/div>\n<\/div>\n<p class=\"paragraph\" data-mrf-recirculation=\"Links inline\">\u201c<b>Fue un personaje muy demandante emocionalmente. Todos esos meses estuve envuelta en una emoci\u00f3n, me cost\u00f3 bastante salir<\/b>. Eran muchas horas de rodaje con un personaje pesado\u201d, cont\u00f3, mientras se abr\u00eda sobre el compromiso que enfrent\u00f3. \u201cHubo momentos en los que terminaba la escena y tardaba en salir de esa situaci\u00f3n\u201d, revel\u00f3.<\/p>\n<p class=\"paragraph\" data-mrf-recirculation=\"Links inline\">\u201cSiempre me gust\u00f3 actuar, pero sent\u00eda que ten\u00eda que esperar el momento adecuado. Quebranto fue ese momento. Me dio miedo al principio, porque es algo muy fuerte, pero tambi\u00e9n me hizo crecer como artista y como persona\u201d, comparti\u00f3.<\/p>\n<p class=\"paragraph\" data-mrf-recirculation=\"Links inline\">\u201cLo que me hace m\u00e1s feliz es que la gente crece conmigo. Es como si estuvi\u00e9ramos todos en este viaje juntos. Por ellos, sigo so\u00f1ando y anim\u00e1ndome a m\u00e1s\u201d, destac\u00f3, en su entrevista con la conductora. \u201cEl a\u00f1o que viene va a ser muy especial.\u00a0<b>Me estoy preparando para darles lo mejor de m\u00ed, en la m\u00fasica y en la actuaci\u00f3n. Espero que lo disfruten tanto como yo<\/b>\u201d.<\/p>\n<p class=\"paragraph\" data-mrf-recirculation=\"Links inline\">En Rumis tambi\u00e9n Tini se refiri\u00f3 a la esperad\u00edsima colaboraci\u00f3n con Lali Esp\u00f3sito, una dupla que sus fan\u00e1ticos vienen esperando desde hace much\u00edsimo tiempo. Ah\u00ed cont\u00f3 que est\u00e1n trabajando para concretarlo, que existen charlas, pero que a\u00fan no lo concretaron.<\/p>\n<p class=\"paragraph\" data-mrf-recirculation=\"Links inline\">\u201cCon Lali nos hemos mandando muchas canciones&#8230; Yo creo que va a pasar el d\u00eda que las dos tengamos tiempo y nos juntemos las dos en el estudio. Me parece que con su personalidad y su forma de comunicarse a la hora de cantar, de escribir y musicalmente tambi\u00e9n y con mi manera. Creo que las dos en estudio vamos a llegar a algo.\u00a0<b>Las dos tenemos ganas de algo tan especial para nosotras dos<\/b>, y obviamente para la gente, que cuando lo hagamos lo vamos a hacer bien\u201d, se\u00f1al\u00f3.<\/p>\n<p class=\"paragraph\" data-mrf-recirculation=\"Links inline\">Una de las preguntas de Juli Poggio fue sobre la situaci\u00f3n sentimental de la cantante. \u201cTe veo muy hermosa, con una sonrisa y unos ojitos as\u00ed que te brillan. Te quer\u00eda preguntar c\u00f3mo est\u00e1 tu coraz\u00f3n hoy?\u201c, indag\u00f3 la exparticipante de Gran Hermano, provocando que Tini comience a re\u00edrse y elija jugar al misterio. \u201dEst\u00e1 rebien. Est\u00e1 m\u00e1s feliz que nunca\u201d, comparti\u00f3, mientras todos en el programa celebraban.<\/p>\n","protected":false},"excerpt":{"rendered":"<p>A pocos d\u00edas del final de este a\u00f1o, se viene un 2025 muy potente para\u00a0Tini Stoessel. La cantante dio una entrevista en\u00a0Rumis, ciclo del\u00a0streaming La Casa, en donde comparti\u00f3 algunas novedades sobre su vida y su carrera. Entre las m\u00e1s celebradas por sus fans fue la confirmaci\u00f3n de cu\u00e1ndo volver\u00e1 a los escenarios con un &hellip;<\/p>\n","protected":false},"author":1,"featured_media":10467,"comment_status":"open","ping_status":"open","sticky":false,"template":"","format":"standard","meta":{"content-type":"","_monsterinsights_skip_tracking":false,"_monsterinsights_sitenote_active":false,"_monsterinsights_sitenote_note":"","_monsterinsights_sitenote_category":0,"_jetpack_memberships_contains_paid_content":false,"footnotes":"","jetpack_publicize_message":"","jetpack_publicize_feature_enabled":true,"jetpack_social_post_already_shared":true,"jetpack_social_options":{"image_generator_settings":{"template":"highway","default_image_id":0,"font":"","enabled":false},"version":2}},"categories":[213],"tags":[],"class_list":["post-10466","post","type-post","status-publish","format-standard","has-post-thumbnail","hentry","category-musica"],"yoast_head":"<!-- This site is optimized with the Yoast SEO plugin v27.4 - https:\/\/yoast.com\/product\/yoast-seo-wordpress\/ -->\n<title>Tini Stoessel confirm\u00f3 que har\u00e1 su propio festival: la fecha y los tres escenarios para celebrar su carrera | Al Dia Chaco<\/title>\n<meta name=\"robots\" content=\"index, follow, max-snippet:-1, max-image-preview:large, max-video-preview:-1\" \/>\n<link rel=\"canonical\" href=\"https:\/\/aldiachaco.com.ar\/index.php\/2024\/12\/20\/tini-stoessel-confirmo-que-hara-su-propio-festival-la-fecha-y-los-tres-escenarios-para-celebrar-su-carrera\/\" \/>\n<meta property=\"og:locale\" content=\"es_ES\" \/>\n<meta property=\"og:type\" content=\"article\" \/>\n<meta property=\"og:title\" content=\"Tini Stoessel confirm\u00f3 que har\u00e1 su propio festival: la fecha y los tres escenarios para celebrar su carrera | Al Dia Chaco\" \/>\n<meta property=\"og:description\" content=\"A pocos d\u00edas del final de este a\u00f1o, se viene un 2025 muy potente para\u00a0Tini Stoessel. La cantante dio una entrevista en\u00a0Rumis, ciclo del\u00a0streaming La Casa, en donde comparti\u00f3 algunas novedades sobre su vida y su carrera. Entre las m\u00e1s celebradas por sus fans fue la confirmaci\u00f3n de cu\u00e1ndo volver\u00e1 a los escenarios con un &hellip;\" \/>\n<meta property=\"og:url\" content=\"https:\/\/aldiachaco.com.ar\/index.php\/2024\/12\/20\/tini-stoessel-confirmo-que-hara-su-propio-festival-la-fecha-y-los-tres-escenarios-para-celebrar-su-carrera\/\" \/>\n<meta property=\"og:site_name\" content=\"Al Dia Chaco\" \/>\n<meta property=\"article:published_time\" content=\"2024-12-20T21:15:52+00:00\" \/>\n<meta property=\"og:image\" content=\"https:\/\/aldiachaco.com.ar\/wp-content\/uploads\/2024\/12\/7CZOH3FKY5EJ5L7NAFPUQXOIJ4.jpg\" \/>\n\t<meta property=\"og:image:width\" content=\"992\" \/>\n\t<meta property=\"og:image:height\" content=\"558\" \/>\n\t<meta property=\"og:image:type\" content=\"image\/jpeg\" \/>\n<meta name=\"author\" content=\"aldiachaco.com.ar\" \/>\n<meta name=\"twitter:card\" content=\"summary_large_image\" \/>\n<meta name=\"twitter:label1\" content=\"Escrito por\" \/>\n\t<meta name=\"twitter:data1\" content=\"aldiachaco.com.ar\" \/>\n\t<meta name=\"twitter:label2\" content=\"Tiempo de lectura\" \/>\n\t<meta name=\"twitter:data2\" content=\"4 minutos\" \/>\n<script type=\"application\/ld+json\" class=\"yoast-schema-graph\">{\"@context\":\"https:\\\/\\\/schema.org\",\"@graph\":[{\"@type\":\"Article\",\"@id\":\"https:\\\/\\\/aldiachaco.com.ar\\\/index.php\\\/2024\\\/12\\\/20\\\/tini-stoessel-confirmo-que-hara-su-propio-festival-la-fecha-y-los-tres-escenarios-para-celebrar-su-carrera\\\/#article\",\"isPartOf\":{\"@id\":\"https:\\\/\\\/aldiachaco.com.ar\\\/index.php\\\/2024\\\/12\\\/20\\\/tini-stoessel-confirmo-que-hara-su-propio-festival-la-fecha-y-los-tres-escenarios-para-celebrar-su-carrera\\\/\"},\"author\":{\"name\":\"aldiachaco.com.ar\",\"@id\":\"https:\\\/\\\/aldiachaco.com.ar\\\/#\\\/schema\\\/person\\\/80113835e512ba580e79a945932487f5\"},\"headline\":\"Tini Stoessel confirm\u00f3 que har\u00e1 su propio festival: la fecha y los tres escenarios para celebrar su carrera\",\"datePublished\":\"2024-12-20T21:15:52+00:00\",\"mainEntityOfPage\":{\"@id\":\"https:\\\/\\\/aldiachaco.com.ar\\\/index.php\\\/2024\\\/12\\\/20\\\/tini-stoessel-confirmo-que-hara-su-propio-festival-la-fecha-y-los-tres-escenarios-para-celebrar-su-carrera\\\/\"},\"wordCount\":710,\"commentCount\":0,\"publisher\":{\"@id\":\"https:\\\/\\\/aldiachaco.com.ar\\\/#organization\"},\"image\":{\"@id\":\"https:\\\/\\\/aldiachaco.com.ar\\\/index.php\\\/2024\\\/12\\\/20\\\/tini-stoessel-confirmo-que-hara-su-propio-festival-la-fecha-y-los-tres-escenarios-para-celebrar-su-carrera\\\/#primaryimage\"},\"thumbnailUrl\":\"https:\\\/\\\/aldiachaco.com.ar\\\/wp-content\\\/uploads\\\/2024\\\/12\\\/7CZOH3FKY5EJ5L7NAFPUQXOIJ4.jpg\",\"articleSection\":[\"M\u00fasica\"],\"inLanguage\":\"es-AR\",\"potentialAction\":[{\"@type\":\"CommentAction\",\"name\":\"Comment\",\"target\":[\"https:\\\/\\\/aldiachaco.com.ar\\\/index.php\\\/2024\\\/12\\\/20\\\/tini-stoessel-confirmo-que-hara-su-propio-festival-la-fecha-y-los-tres-escenarios-para-celebrar-su-carrera\\\/#respond\"]}]},{\"@type\":\"WebPage\",\"@id\":\"https:\\\/\\\/aldiachaco.com.ar\\\/index.php\\\/2024\\\/12\\\/20\\\/tini-stoessel-confirmo-que-hara-su-propio-festival-la-fecha-y-los-tres-escenarios-para-celebrar-su-carrera\\\/\",\"url\":\"https:\\\/\\\/aldiachaco.com.ar\\\/index.php\\\/2024\\\/12\\\/20\\\/tini-stoessel-confirmo-que-hara-su-propio-festival-la-fecha-y-los-tres-escenarios-para-celebrar-su-carrera\\\/\",\"name\":\"Tini Stoessel confirm\u00f3 que har\u00e1 su propio festival: la fecha y los tres escenarios para celebrar su carrera | Al Dia Chaco\",\"isPartOf\":{\"@id\":\"https:\\\/\\\/aldiachaco.com.ar\\\/#website\"},\"primaryImageOfPage\":{\"@id\":\"https:\\\/\\\/aldiachaco.com.ar\\\/index.php\\\/2024\\\/12\\\/20\\\/tini-stoessel-confirmo-que-hara-su-propio-festival-la-fecha-y-los-tres-escenarios-para-celebrar-su-carrera\\\/#primaryimage\"},\"image\":{\"@id\":\"https:\\\/\\\/aldiachaco.com.ar\\\/index.php\\\/2024\\\/12\\\/20\\\/tini-stoessel-confirmo-que-hara-su-propio-festival-la-fecha-y-los-tres-escenarios-para-celebrar-su-carrera\\\/#primaryimage\"},\"thumbnailUrl\":\"https:\\\/\\\/aldiachaco.com.ar\\\/wp-content\\\/uploads\\\/2024\\\/12\\\/7CZOH3FKY5EJ5L7NAFPUQXOIJ4.jpg\",\"datePublished\":\"2024-12-20T21:15:52+00:00\",\"breadcrumb\":{\"@id\":\"https:\\\/\\\/aldiachaco.com.ar\\\/index.php\\\/2024\\\/12\\\/20\\\/tini-stoessel-confirmo-que-hara-su-propio-festival-la-fecha-y-los-tres-escenarios-para-celebrar-su-carrera\\\/#breadcrumb\"},\"inLanguage\":\"es-AR\",\"potentialAction\":[{\"@type\":\"ReadAction\",\"target\":[\"https:\\\/\\\/aldiachaco.com.ar\\\/index.php\\\/2024\\\/12\\\/20\\\/tini-stoessel-confirmo-que-hara-su-propio-festival-la-fecha-y-los-tres-escenarios-para-celebrar-su-carrera\\\/\"]}]},{\"@type\":\"ImageObject\",\"inLanguage\":\"es-AR\",\"@id\":\"https:\\\/\\\/aldiachaco.com.ar\\\/index.php\\\/2024\\\/12\\\/20\\\/tini-stoessel-confirmo-que-hara-su-propio-festival-la-fecha-y-los-tres-escenarios-para-celebrar-su-carrera\\\/#primaryimage\",\"url\":\"https:\\\/\\\/aldiachaco.com.ar\\\/wp-content\\\/uploads\\\/2024\\\/12\\\/7CZOH3FKY5EJ5L7NAFPUQXOIJ4.jpg\",\"contentUrl\":\"https:\\\/\\\/aldiachaco.com.ar\\\/wp-content\\\/uploads\\\/2024\\\/12\\\/7CZOH3FKY5EJ5L7NAFPUQXOIJ4.jpg\",\"width\":992,\"height\":558},{\"@type\":\"BreadcrumbList\",\"@id\":\"https:\\\/\\\/aldiachaco.com.ar\\\/index.php\\\/2024\\\/12\\\/20\\\/tini-stoessel-confirmo-que-hara-su-propio-festival-la-fecha-y-los-tres-escenarios-para-celebrar-su-carrera\\\/#breadcrumb\",\"itemListElement\":[{\"@type\":\"ListItem\",\"position\":1,\"name\":\"Home\",\"item\":\"https:\\\/\\\/aldiachaco.com.ar\\\/\"},{\"@type\":\"ListItem\",\"position\":2,\"name\":\"Tini Stoessel confirm\u00f3 que har\u00e1 su propio festival: la fecha y los tres escenarios para celebrar su carrera\"}]},{\"@type\":\"WebSite\",\"@id\":\"https:\\\/\\\/aldiachaco.com.ar\\\/#website\",\"url\":\"https:\\\/\\\/aldiachaco.com.ar\\\/\",\"name\":\"Al Dia Chaco\",\"description\":\"Noticias del Chaco y el mundo\",\"publisher\":{\"@id\":\"https:\\\/\\\/aldiachaco.com.ar\\\/#organization\"},\"alternateName\":\"Al D\u00eda Chaco\",\"potentialAction\":[{\"@type\":\"SearchAction\",\"target\":{\"@type\":\"EntryPoint\",\"urlTemplate\":\"https:\\\/\\\/aldiachaco.com.ar\\\/?s={search_term_string}\"},\"query-input\":{\"@type\":\"PropertyValueSpecification\",\"valueRequired\":true,\"valueName\":\"search_term_string\"}}],\"inLanguage\":\"es-AR\"},{\"@type\":\"Organization\",\"@id\":\"https:\\\/\\\/aldiachaco.com.ar\\\/#organization\",\"name\":\"Al Dia Chaco\",\"url\":\"https:\\\/\\\/aldiachaco.com.ar\\\/\",\"logo\":{\"@type\":\"ImageObject\",\"inLanguage\":\"es-AR\",\"@id\":\"https:\\\/\\\/aldiachaco.com.ar\\\/#\\\/schema\\\/logo\\\/image\\\/\",\"url\":\"https:\\\/\\\/aldiachaco.com.ar\\\/wp-content\\\/uploads\\\/2017\\\/11\\\/AL-DIA-CHACO-L@2x.png\",\"contentUrl\":\"https:\\\/\\\/aldiachaco.com.ar\\\/wp-content\\\/uploads\\\/2017\\\/11\\\/AL-DIA-CHACO-L@2x.png\",\"width\":232,\"height\":60,\"caption\":\"Al Dia Chaco\"},\"image\":{\"@id\":\"https:\\\/\\\/aldiachaco.com.ar\\\/#\\\/schema\\\/logo\\\/image\\\/\"}},{\"@type\":\"Person\",\"@id\":\"https:\\\/\\\/aldiachaco.com.ar\\\/#\\\/schema\\\/person\\\/80113835e512ba580e79a945932487f5\",\"name\":\"aldiachaco.com.ar\",\"image\":{\"@type\":\"ImageObject\",\"inLanguage\":\"es-AR\",\"@id\":\"https:\\\/\\\/aldiachaco.com.ar\\\/wp-content\\\/litespeed\\\/avatar\\\/a7c4ebc5454089d3fd4ef6b87fdd073a.jpg?ver=1777471945\",\"url\":\"https:\\\/\\\/aldiachaco.com.ar\\\/wp-content\\\/litespeed\\\/avatar\\\/a7c4ebc5454089d3fd4ef6b87fdd073a.jpg?ver=1777471945\",\"contentUrl\":\"https:\\\/\\\/aldiachaco.com.ar\\\/wp-content\\\/litespeed\\\/avatar\\\/a7c4ebc5454089d3fd4ef6b87fdd073a.jpg?ver=1777471945\",\"caption\":\"aldiachaco.com.ar\"},\"sameAs\":[\"https:\\\/\\\/aldiachaco.com.ar\"],\"url\":\"https:\\\/\\\/aldiachaco.com.ar\\\/index.php\\\/author\\\/lime-camel-884546-hostingersite-com\\\/\"}]}<\/script>\n<!-- \/ Yoast SEO plugin. -->","yoast_head_json":{"title":"Tini Stoessel confirm\u00f3 que har\u00e1 su propio festival: la fecha y los tres escenarios para celebrar su carrera | Al Dia Chaco","robots":{"index":"index","follow":"follow","max-snippet":"max-snippet:-1","max-image-preview":"max-image-preview:large","max-video-preview":"max-video-preview:-1"},"canonical":"https:\/\/aldiachaco.com.ar\/index.php\/2024\/12\/20\/tini-stoessel-confirmo-que-hara-su-propio-festival-la-fecha-y-los-tres-escenarios-para-celebrar-su-carrera\/","og_locale":"es_ES","og_type":"article","og_title":"Tini Stoessel confirm\u00f3 que har\u00e1 su propio festival: la fecha y los tres escenarios para celebrar su carrera | Al Dia Chaco","og_description":"A pocos d\u00edas del final de este a\u00f1o, se viene un 2025 muy potente para\u00a0Tini Stoessel. La cantante dio una entrevista en\u00a0Rumis, ciclo del\u00a0streaming La Casa, en donde comparti\u00f3 algunas novedades sobre su vida y su carrera. Entre las m\u00e1s celebradas por sus fans fue la confirmaci\u00f3n de cu\u00e1ndo volver\u00e1 a los escenarios con un &hellip;","og_url":"https:\/\/aldiachaco.com.ar\/index.php\/2024\/12\/20\/tini-stoessel-confirmo-que-hara-su-propio-festival-la-fecha-y-los-tres-escenarios-para-celebrar-su-carrera\/","og_site_name":"Al Dia Chaco","article_published_time":"2024-12-20T21:15:52+00:00","og_image":[{"width":992,"height":558,"url":"https:\/\/aldiachaco.com.ar\/wp-content\/uploads\/2024\/12\/7CZOH3FKY5EJ5L7NAFPUQXOIJ4.jpg","type":"image\/jpeg"}],"author":"aldiachaco.com.ar","twitter_card":"summary_large_image","twitter_misc":{"Escrito por":"aldiachaco.com.ar","Tiempo de lectura":"4 minutos"},"schema":{"@context":"https:\/\/schema.org","@graph":[{"@type":"Article","@id":"https:\/\/aldiachaco.com.ar\/index.php\/2024\/12\/20\/tini-stoessel-confirmo-que-hara-su-propio-festival-la-fecha-y-los-tres-escenarios-para-celebrar-su-carrera\/#article","isPartOf":{"@id":"https:\/\/aldiachaco.com.ar\/index.php\/2024\/12\/20\/tini-stoessel-confirmo-que-hara-su-propio-festival-la-fecha-y-los-tres-escenarios-para-celebrar-su-carrera\/"},"author":{"name":"aldiachaco.com.ar","@id":"https:\/\/aldiachaco.com.ar\/#\/schema\/person\/80113835e512ba580e79a945932487f5"},"headline":"Tini Stoessel confirm\u00f3 que har\u00e1 su propio festival: la fecha y los tres escenarios para celebrar su carrera","datePublished":"2024-12-20T21:15:52+00:00","mainEntityOfPage":{"@id":"https:\/\/aldiachaco.com.ar\/index.php\/2024\/12\/20\/tini-stoessel-confirmo-que-hara-su-propio-festival-la-fecha-y-los-tres-escenarios-para-celebrar-su-carrera\/"},"wordCount":710,"commentCount":0,"publisher":{"@id":"https:\/\/aldiachaco.com.ar\/#organization"},"image":{"@id":"https:\/\/aldiachaco.com.ar\/index.php\/2024\/12\/20\/tini-stoessel-confirmo-que-hara-su-propio-festival-la-fecha-y-los-tres-escenarios-para-celebrar-su-carrera\/#primaryimage"},"thumbnailUrl":"https:\/\/aldiachaco.com.ar\/wp-content\/uploads\/2024\/12\/7CZOH3FKY5EJ5L7NAFPUQXOIJ4.jpg","articleSection":["M\u00fasica"],"inLanguage":"es-AR","potentialAction":[{"@type":"CommentAction","name":"Comment","target":["https:\/\/aldiachaco.com.ar\/index.php\/2024\/12\/20\/tini-stoessel-confirmo-que-hara-su-propio-festival-la-fecha-y-los-tres-escenarios-para-celebrar-su-carrera\/#respond"]}]},{"@type":"WebPage","@id":"https:\/\/aldiachaco.com.ar\/index.php\/2024\/12\/20\/tini-stoessel-confirmo-que-hara-su-propio-festival-la-fecha-y-los-tres-escenarios-para-celebrar-su-carrera\/","url":"https:\/\/aldiachaco.com.ar\/index.php\/2024\/12\/20\/tini-stoessel-confirmo-que-hara-su-propio-festival-la-fecha-y-los-tres-escenarios-para-celebrar-su-carrera\/","name":"Tini Stoessel confirm\u00f3 que har\u00e1 su propio festival: la fecha y los tres escenarios para celebrar su carrera | Al Dia Chaco","isPartOf":{"@id":"https:\/\/aldiachaco.com.ar\/#website"},"primaryImageOfPage":{"@id":"https:\/\/aldiachaco.com.ar\/index.php\/2024\/12\/20\/tini-stoessel-confirmo-que-hara-su-propio-festival-la-fecha-y-los-tres-escenarios-para-celebrar-su-carrera\/#primaryimage"},"image":{"@id":"https:\/\/aldiachaco.com.ar\/index.php\/2024\/12\/20\/tini-stoessel-confirmo-que-hara-su-propio-festival-la-fecha-y-los-tres-escenarios-para-celebrar-su-carrera\/#primaryimage"},"thumbnailUrl":"https:\/\/aldiachaco.com.ar\/wp-content\/uploads\/2024\/12\/7CZOH3FKY5EJ5L7NAFPUQXOIJ4.jpg","datePublished":"2024-12-20T21:15:52+00:00","breadcrumb":{"@id":"https:\/\/aldiachaco.com.ar\/index.php\/2024\/12\/20\/tini-stoessel-confirmo-que-hara-su-propio-festival-la-fecha-y-los-tres-escenarios-para-celebrar-su-carrera\/#breadcrumb"},"inLanguage":"es-AR","potentialAction":[{"@type":"ReadAction","target":["https:\/\/aldiachaco.com.ar\/index.php\/2024\/12\/20\/tini-stoessel-confirmo-que-hara-su-propio-festival-la-fecha-y-los-tres-escenarios-para-celebrar-su-carrera\/"]}]},{"@type":"ImageObject","inLanguage":"es-AR","@id":"https:\/\/aldiachaco.com.ar\/index.php\/2024\/12\/20\/tini-stoessel-confirmo-que-hara-su-propio-festival-la-fecha-y-los-tres-escenarios-para-celebrar-su-carrera\/#primaryimage","url":"https:\/\/aldiachaco.com.ar\/wp-content\/uploads\/2024\/12\/7CZOH3FKY5EJ5L7NAFPUQXOIJ4.jpg","contentUrl":"https:\/\/aldiachaco.com.ar\/wp-content\/uploads\/2024\/12\/7CZOH3FKY5EJ5L7NAFPUQXOIJ4.jpg","width":992,"height":558},{"@type":"BreadcrumbList","@id":"https:\/\/aldiachaco.com.ar\/index.php\/2024\/12\/20\/tini-stoessel-confirmo-que-hara-su-propio-festival-la-fecha-y-los-tres-escenarios-para-celebrar-su-carrera\/#breadcrumb","itemListElement":[{"@type":"ListItem","position":1,"name":"Home","item":"https:\/\/aldiachaco.com.ar\/"},{"@type":"ListItem","position":2,"name":"Tini Stoessel confirm\u00f3 que har\u00e1 su propio festival: la fecha y los tres escenarios para celebrar su carrera"}]},{"@type":"WebSite","@id":"https:\/\/aldiachaco.com.ar\/#website","url":"https:\/\/aldiachaco.com.ar\/","name":"Al Dia Chaco","description":"Noticias del Chaco y el mundo","publisher":{"@id":"https:\/\/aldiachaco.com.ar\/#organization"},"alternateName":"Al D\u00eda Chaco","potentialAction":[{"@type":"SearchAction","target":{"@type":"EntryPoint","urlTemplate":"https:\/\/aldiachaco.com.ar\/?s={search_term_string}"},"query-input":{"@type":"PropertyValueSpecification","valueRequired":true,"valueName":"search_term_string"}}],"inLanguage":"es-AR"},{"@type":"Organization","@id":"https:\/\/aldiachaco.com.ar\/#organization","name":"Al Dia Chaco","url":"https:\/\/aldiachaco.com.ar\/","logo":{"@type":"ImageObject","inLanguage":"es-AR","@id":"https:\/\/aldiachaco.com.ar\/#\/schema\/logo\/image\/","url":"https:\/\/aldiachaco.com.ar\/wp-content\/uploads\/2017\/11\/AL-DIA-CHACO-L@2x.png","contentUrl":"https:\/\/aldiachaco.com.ar\/wp-content\/uploads\/2017\/11\/AL-DIA-CHACO-L@2x.png","width":232,"height":60,"caption":"Al Dia Chaco"},"image":{"@id":"https:\/\/aldiachaco.com.ar\/#\/schema\/logo\/image\/"}},{"@type":"Person","@id":"https:\/\/aldiachaco.com.ar\/#\/schema\/person\/80113835e512ba580e79a945932487f5","name":"aldiachaco.com.ar","image":{"@type":"ImageObject","inLanguage":"es-AR","@id":"https:\/\/aldiachaco.com.ar\/wp-content\/litespeed\/avatar\/a7c4ebc5454089d3fd4ef6b87fdd073a.jpg?ver=1777471945","url":"https:\/\/aldiachaco.com.ar\/wp-content\/litespeed\/avatar\/a7c4ebc5454089d3fd4ef6b87fdd073a.jpg?ver=1777471945","contentUrl":"https:\/\/aldiachaco.com.ar\/wp-content\/litespeed\/avatar\/a7c4ebc5454089d3fd4ef6b87fdd073a.jpg?ver=1777471945","caption":"aldiachaco.com.ar"},"sameAs":["https:\/\/aldiachaco.com.ar"],"url":"https:\/\/aldiachaco.com.ar\/index.php\/author\/lime-camel-884546-hostingersite-com\/"}]}},"jetpack_publicize_connections":[],"jetpack_featured_media_url":"https:\/\/aldiachaco.com.ar\/wp-content\/uploads\/2024\/12\/7CZOH3FKY5EJ5L7NAFPUQXOIJ4.jpg","jetpack_sharing_enabled":true,"amp_enabled":true,"_links":{"self":[{"href":"https:\/\/aldiachaco.com.ar\/index.php\/wp-json\/wp\/v2\/posts\/10466","targetHints":{"allow":["GET"]}}],"collection":[{"href":"https:\/\/aldiachaco.com.ar\/index.php\/wp-json\/wp\/v2\/posts"}],"about":[{"href":"https:\/\/aldiachaco.com.ar\/index.php\/wp-json\/wp\/v2\/types\/post"}],"author":[{"embeddable":true,"href":"https:\/\/aldiachaco.com.ar\/index.php\/wp-json\/wp\/v2\/users\/1"}],"replies":[{"embeddable":true,"href":"https:\/\/aldiachaco.com.ar\/index.php\/wp-json\/wp\/v2\/comments?post=10466"}],"version-history":[{"count":1,"href":"https:\/\/aldiachaco.com.ar\/index.php\/wp-json\/wp\/v2\/posts\/10466\/revisions"}],"predecessor-version":[{"id":10468,"href":"https:\/\/aldiachaco.com.ar\/index.php\/wp-json\/wp\/v2\/posts\/10466\/revisions\/10468"}],"wp:featuredmedia":[{"embeddable":true,"href":"https:\/\/aldiachaco.com.ar\/index.php\/wp-json\/wp\/v2\/media\/10467"}],"wp:attachment":[{"href":"https:\/\/aldiachaco.com.ar\/index.php\/wp-json\/wp\/v2\/media?parent=10466"}],"wp:term":[{"taxonomy":"category","embeddable":true,"href":"https:\/\/aldiachaco.com.ar\/index.php\/wp-json\/wp\/v2\/categories?post=10466"},{"taxonomy":"post_tag","embeddable":true,"href":"https:\/\/aldiachaco.com.ar\/index.php\/wp-json\/wp\/v2\/tags?post=10466"}],"curies":[{"name":"wp","href":"https:\/\/api.w.org\/{rel}","templated":true}]}}