{"id":10424,"date":"2024-12-19T16:42:46","date_gmt":"2024-12-19T19:42:46","guid":{"rendered":"https:\/\/aldiachaco.com.ar\/?p=10424"},"modified":"2024-12-19T16:42:46","modified_gmt":"2024-12-19T19:42:46","slug":"luis-miguel-cerro-su-gira-mundial-en-buenos-aires-un-adios-a-pura-magia-y-el-ultimo-cara-a-cara-con-sus-fans","status":"publish","type":"post","link":"https:\/\/aldiachaco.com.ar\/index.php\/2024\/12\/19\/luis-miguel-cerro-su-gira-mundial-en-buenos-aires-un-adios-a-pura-magia-y-el-ultimo-cara-a-cara-con-sus-fans\/","title":{"rendered":"Luis Miguel cerr\u00f3 su gira mundial en Buenos Aires: un adi\u00f3s a pura magia y el \u00faltimo cara a cara con sus fans"},"content":{"rendered":"<p class=\"paragraph\" data-mrf-recirculation=\"Links inline\">La noche del 18 de diciembre, el\u00a0<b>Campo Argentino de Polo<\/b>\u00a0se transform\u00f3 en un escenario donde el tiempo pareci\u00f3 detenerse. Las luces se apagaron y, en medio del fervor de una multitud ansiosa, surgi\u00f3 una silueta inconfundible.\u00a0<b>Luis Miguel<\/b>,\u00a0<i>El Sol de M\u00e9xico<\/i>, emergi\u00f3 entre ovaciones y gritos ensordecedores. La voz que conquist\u00f3 generaciones y los gestos que sellaron su estilo brillaron en una despedida tan emocionante como majestuosa. Era m\u00e1s que un recital; era\u00a0el cierre de un ciclo, el final apote\u00f3sico de su\u00a0<b>gira mundial<\/b>.<\/p>\n<div class=\"news-module\" data-mrf-recirculation=\"IL_Ct0zZTd2RqSjHGMXsLzz7w\" data-testid=\"text-html\" data-mrf-experience=\"IL_Ct0zZTd2RqSjHGMXsLzz7w\">\n<div class=\"recommended-card__image-container\"><\/div>\n<\/div>\n<p class=\"paragraph\" data-mrf-recirculation=\"Links inline\">Desde su llegada a la Argentina, el s\u00e1bado 14, el cantante no pas\u00f3 inadvertido. Acompa\u00f1ado por\u00a0la empresaria espa\u00f1ola\u00a0<b>Paloma Cuevas<\/b>,\u00a0el cantante fue blanco de todas las miradas. La pareja, que oficializ\u00f3 su relaci\u00f3n este a\u00f1o, no ocult\u00f3 su felicidad. Entre fotos y miradas c\u00f3mplices, compartieron veladas en ic\u00f3nicas parrillas como\u00a0<i>Don Julio<\/i>\u00a0y\u00a0<i>Caba\u00f1a Las Lilas<\/i>, donde los flashes fueron tan intensos como los aplausos que el artista recibir\u00eda d\u00edas despu\u00e9s. Rodeados de fan\u00e1ticos, guardaespaldas y el bullicio porte\u00f1o, la ciudad los abraz\u00f3 en un romance que parec\u00eda de pel\u00edcula.<\/p>\n<div class=\"inline ad-wrapper\">\n<div class=\"dfpAd ad-inline\">\n<div id=\"infobae\/teleshow\/nota\/inline\" class=\"infobae\/teleshow\/nota\/inline arcad\" data-google-query-id=\"COOr1fvKtIoDFdA9uQYdhqkKQA\">\n<div id=\"google_ads_iframe_\/1058609\/infobae\/teleshow\/nota\/inline_0__container__\"><\/div>\n<\/div>\n<\/div>\n<\/div>\n<p class=\"paragraph\" data-mrf-recirculation=\"Links inline\">Pero el epicentro de la emoci\u00f3n fue el Campo Argentino de Polo. A las 21 en punto, Luis Miguel irrumpi\u00f3 en el escenario con\u00a0<b>\u201cSer\u00e1 que no me amas\u201d<\/b>\u00a0y\u00a0<b>\u201cSuave\u201d<\/b>, cl\u00e1sicos ineludibles que desataron el frenes\u00ed en el p\u00fablico.\u00a0<b>Miles de voces se fundieron en un coro espont\u00e1neo<\/b>\u00a0que retumbaba bajo el cielo estrellado de Buenos Aires. El int\u00e9rprete, impecable en su traje negro, sedujo con su carisma intacto. Esos gestos que sus fan\u00e1ticos conocen de memoria -el movimiento de cabello, la sonrisa c\u00f3mplice, la inclinaci\u00f3n del micr\u00f3fono- hicieron del recital un viaje en el tiempo.<\/p>\n<div class=\"news-module\" data-mrf-recirculation=\"IL_RjJ8XQ94SCCdND4VX9YvyQ\" data-testid=\"text-html\" data-mrf-experience=\"IL_RjJ8XQ94SCCdND4VX9YvyQ\">\n<div class=\"recommended-card__image-container\"><\/div>\n<\/div>\n<p class=\"paragraph\" data-mrf-recirculation=\"Links inline\">La noche no fue solo de \u00e9xitos rom\u00e1nticos.\u00a0<i>LuisMi<\/i>, consciente de la tierra que lo recib\u00eda, rindi\u00f3 homenaje al tango con interpretaciones memorables de \u201cPor una cabeza\u201d, \u201cVolver\u201d y \u201cEl d\u00eda que me quieras\u201d. As\u00ed, el artista teji\u00f3 una conexi\u00f3n profunda con su audiencia. La imagen era perfecta: el escenario te\u00f1ido de luces c\u00e1lidas, el sonido del tango llenando el aire y Luis Miguel en el centro, due\u00f1o absoluto de ese instante.<\/p>\n<div class=\"inline_2_DSK ad-wrapper ad-desktop\">\n<div class=\"dfpAd ad-inline\"><\/div>\n<\/div>\n<p class=\"paragraph\" data-mrf-recirculation=\"Links inline\">Las baladas, por supuesto, marcaron los momentos m\u00e1s \u00edntimos. \u201cHasta que me olvides\u201d y \u201cPor debajo de la mesa\u201d trajeron l\u00e1grimas y suspiros a un p\u00fablico que se balanceaba entre el \u00e9xtasis y la nostalgia. La voz del cantante, inquebrantable, naveg\u00f3 con facilidad entre notas graves y agudas, como si los a\u00f1os no hubieran pasado. Era la misma voz que hizo historia, que enamor\u00f3 corazones en cada rinc\u00f3n del mundo.<\/p>\n<div class=\"news-module\" data-mrf-recirculation=\"IL_wPVu_IE4S76a5Gsl0lX8mA\" data-testid=\"text-html\" data-mrf-experience=\"IL_wPVu_IE4S76a5Gsl0lX8mA\">\n<div class=\"recommended-card__image-container\"><\/div>\n<\/div>\n<p class=\"paragraph\" data-mrf-recirculation=\"Links inline\">El final lleg\u00f3, inevitable pero glorioso. El p\u00fablico respondi\u00f3 con un rugido de amor y admiraci\u00f3n. Minutos despu\u00e9s, escoltado por motos de la polic\u00eda y sus custodios,\u00a0<b>parti\u00f3 rumbo al Aeropuerto de Ezeiza<\/b>. All\u00ed, en la terminal VIP,\u00a0<b>aguardaba su avi\u00f3n privado con destino a Espa\u00f1a<\/b>. Pero antes de despedirse, fiel a su estilo,\u00a0<b>dedic\u00f3 unos minutos m\u00e1s a sus fans.\u00a0<\/b>Se baj\u00f3 del veh\u00edculo, camin\u00f3 hacia las rejas y, bajo un mar de flashes y gritos emocionados, reparti\u00f3 sonrisas y saludos.\u00a0<b>Paloma Cuevas<\/b>, vestida en un delicado celeste, lo acompa\u00f1\u00f3, completando una escena que parec\u00eda salida de una postal.<\/p>\n<p class=\"paragraph\" data-mrf-recirculation=\"Links inline\">El adi\u00f3s de Luis Miguel fue tan elegante como inolvidable. Cerr\u00f3 una gira que lo llev\u00f3 a los rincones m\u00e1s emblem\u00e1ticos del mundo y<b>\u00a0eligi\u00f3 Buenos Aires para su \u00faltima funci\u00f3n.<\/b>\u00a0Una decisi\u00f3n que no sorprende: la capital argentina, con su pasi\u00f3n y melancol\u00eda, parec\u00eda el lugar perfecto para un artista que canta al amor como nadie.<\/p>\n<p class=\"paragraph\" data-mrf-recirculation=\"Links inline\">La m\u00fasica se apag\u00f3. El avi\u00f3n despeg\u00f3. Pero la voz de\u00a0<b>Luis Miguel<\/b>\u00a0seguir\u00e1 resonando en los corazones argentinos.\u00a0<b>El Sol<\/b>\u00a0brill\u00f3 m\u00e1s fuerte que nunca.<\/p>\n","protected":false},"excerpt":{"rendered":"<p>La noche del 18 de diciembre, el\u00a0Campo Argentino de Polo\u00a0se transform\u00f3 en un escenario donde el tiempo pareci\u00f3 detenerse. Las luces se apagaron y, en medio del fervor de una multitud ansiosa, surgi\u00f3 una silueta inconfundible.\u00a0Luis Miguel,\u00a0El Sol de M\u00e9xico, emergi\u00f3 entre ovaciones y gritos ensordecedores. La voz que conquist\u00f3 generaciones y los gestos que &hellip;<\/p>\n","protected":false},"author":1,"featured_media":10425,"comment_status":"open","ping_status":"open","sticky":false,"template":"","format":"standard","meta":{"content-type":"","_monsterinsights_skip_tracking":false,"_monsterinsights_sitenote_active":false,"_monsterinsights_sitenote_note":"","_monsterinsights_sitenote_category":0,"_jetpack_memberships_contains_paid_content":false,"footnotes":"","jetpack_publicize_message":"","jetpack_publicize_feature_enabled":true,"jetpack_social_post_already_shared":true,"jetpack_social_options":{"image_generator_settings":{"template":"highway","default_image_id":0,"font":"","enabled":false},"version":2}},"categories":[213],"tags":[],"class_list":["post-10424","post","type-post","status-publish","format-standard","has-post-thumbnail","hentry","category-musica"],"yoast_head":"<!-- This site is optimized with the Yoast SEO plugin v27.4 - https:\/\/yoast.com\/product\/yoast-seo-wordpress\/ -->\n<title>Luis Miguel cerr\u00f3 su gira mundial en Buenos Aires: un adi\u00f3s a pura magia y el \u00faltimo cara a cara con sus fans | Al Dia Chaco<\/title>\n<meta name=\"robots\" content=\"index, follow, max-snippet:-1, max-image-preview:large, max-video-preview:-1\" \/>\n<link rel=\"canonical\" href=\"https:\/\/aldiachaco.com.ar\/index.php\/2024\/12\/19\/luis-miguel-cerro-su-gira-mundial-en-buenos-aires-un-adios-a-pura-magia-y-el-ultimo-cara-a-cara-con-sus-fans\/\" \/>\n<meta property=\"og:locale\" content=\"es_ES\" \/>\n<meta property=\"og:type\" content=\"article\" \/>\n<meta property=\"og:title\" content=\"Luis Miguel cerr\u00f3 su gira mundial en Buenos Aires: un adi\u00f3s a pura magia y el \u00faltimo cara a cara con sus fans | Al Dia Chaco\" \/>\n<meta property=\"og:description\" content=\"La noche del 18 de diciembre, el\u00a0Campo Argentino de Polo\u00a0se transform\u00f3 en un escenario donde el tiempo pareci\u00f3 detenerse. Las luces se apagaron y, en medio del fervor de una multitud ansiosa, surgi\u00f3 una silueta inconfundible.\u00a0Luis Miguel,\u00a0El Sol de M\u00e9xico, emergi\u00f3 entre ovaciones y gritos ensordecedores. La voz que conquist\u00f3 generaciones y los gestos que &hellip;\" \/>\n<meta property=\"og:url\" content=\"https:\/\/aldiachaco.com.ar\/index.php\/2024\/12\/19\/luis-miguel-cerro-su-gira-mundial-en-buenos-aires-un-adios-a-pura-magia-y-el-ultimo-cara-a-cara-con-sus-fans\/\" \/>\n<meta property=\"og:site_name\" content=\"Al Dia Chaco\" \/>\n<meta property=\"article:published_time\" content=\"2024-12-19T19:42:46+00:00\" \/>\n<meta property=\"og:image\" content=\"https:\/\/aldiachaco.com.ar\/wp-content\/uploads\/2024\/12\/BJHAZG2BLZA2VCYLEMVYI4WVD4.jpg\" \/>\n\t<meta property=\"og:image:width\" content=\"992\" \/>\n\t<meta property=\"og:image:height\" content=\"558\" \/>\n\t<meta property=\"og:image:type\" content=\"image\/jpeg\" \/>\n<meta name=\"author\" content=\"aldiachaco.com.ar\" \/>\n<meta name=\"twitter:card\" content=\"summary_large_image\" \/>\n<meta name=\"twitter:label1\" content=\"Escrito por\" \/>\n\t<meta name=\"twitter:data1\" content=\"aldiachaco.com.ar\" \/>\n\t<meta name=\"twitter:label2\" content=\"Tiempo de lectura\" \/>\n\t<meta name=\"twitter:data2\" content=\"3 minutos\" \/>\n<script type=\"application\/ld+json\" class=\"yoast-schema-graph\">{\"@context\":\"https:\\\/\\\/schema.org\",\"@graph\":[{\"@type\":\"Article\",\"@id\":\"https:\\\/\\\/aldiachaco.com.ar\\\/index.php\\\/2024\\\/12\\\/19\\\/luis-miguel-cerro-su-gira-mundial-en-buenos-aires-un-adios-a-pura-magia-y-el-ultimo-cara-a-cara-con-sus-fans\\\/#article\",\"isPartOf\":{\"@id\":\"https:\\\/\\\/aldiachaco.com.ar\\\/index.php\\\/2024\\\/12\\\/19\\\/luis-miguel-cerro-su-gira-mundial-en-buenos-aires-un-adios-a-pura-magia-y-el-ultimo-cara-a-cara-con-sus-fans\\\/\"},\"author\":{\"name\":\"aldiachaco.com.ar\",\"@id\":\"https:\\\/\\\/aldiachaco.com.ar\\\/#\\\/schema\\\/person\\\/80113835e512ba580e79a945932487f5\"},\"headline\":\"Luis Miguel cerr\u00f3 su gira mundial en Buenos Aires: un adi\u00f3s a pura magia y el \u00faltimo cara a cara con sus fans\",\"datePublished\":\"2024-12-19T19:42:46+00:00\",\"mainEntityOfPage\":{\"@id\":\"https:\\\/\\\/aldiachaco.com.ar\\\/index.php\\\/2024\\\/12\\\/19\\\/luis-miguel-cerro-su-gira-mundial-en-buenos-aires-un-adios-a-pura-magia-y-el-ultimo-cara-a-cara-con-sus-fans\\\/\"},\"wordCount\":682,\"commentCount\":0,\"publisher\":{\"@id\":\"https:\\\/\\\/aldiachaco.com.ar\\\/#organization\"},\"image\":{\"@id\":\"https:\\\/\\\/aldiachaco.com.ar\\\/index.php\\\/2024\\\/12\\\/19\\\/luis-miguel-cerro-su-gira-mundial-en-buenos-aires-un-adios-a-pura-magia-y-el-ultimo-cara-a-cara-con-sus-fans\\\/#primaryimage\"},\"thumbnailUrl\":\"https:\\\/\\\/aldiachaco.com.ar\\\/wp-content\\\/uploads\\\/2024\\\/12\\\/BJHAZG2BLZA2VCYLEMVYI4WVD4.jpg\",\"articleSection\":[\"M\u00fasica\"],\"inLanguage\":\"es-AR\",\"potentialAction\":[{\"@type\":\"CommentAction\",\"name\":\"Comment\",\"target\":[\"https:\\\/\\\/aldiachaco.com.ar\\\/index.php\\\/2024\\\/12\\\/19\\\/luis-miguel-cerro-su-gira-mundial-en-buenos-aires-un-adios-a-pura-magia-y-el-ultimo-cara-a-cara-con-sus-fans\\\/#respond\"]}]},{\"@type\":\"WebPage\",\"@id\":\"https:\\\/\\\/aldiachaco.com.ar\\\/index.php\\\/2024\\\/12\\\/19\\\/luis-miguel-cerro-su-gira-mundial-en-buenos-aires-un-adios-a-pura-magia-y-el-ultimo-cara-a-cara-con-sus-fans\\\/\",\"url\":\"https:\\\/\\\/aldiachaco.com.ar\\\/index.php\\\/2024\\\/12\\\/19\\\/luis-miguel-cerro-su-gira-mundial-en-buenos-aires-un-adios-a-pura-magia-y-el-ultimo-cara-a-cara-con-sus-fans\\\/\",\"name\":\"Luis Miguel cerr\u00f3 su gira mundial en Buenos Aires: un adi\u00f3s a pura magia y el \u00faltimo cara a cara con sus fans | Al Dia Chaco\",\"isPartOf\":{\"@id\":\"https:\\\/\\\/aldiachaco.com.ar\\\/#website\"},\"primaryImageOfPage\":{\"@id\":\"https:\\\/\\\/aldiachaco.com.ar\\\/index.php\\\/2024\\\/12\\\/19\\\/luis-miguel-cerro-su-gira-mundial-en-buenos-aires-un-adios-a-pura-magia-y-el-ultimo-cara-a-cara-con-sus-fans\\\/#primaryimage\"},\"image\":{\"@id\":\"https:\\\/\\\/aldiachaco.com.ar\\\/index.php\\\/2024\\\/12\\\/19\\\/luis-miguel-cerro-su-gira-mundial-en-buenos-aires-un-adios-a-pura-magia-y-el-ultimo-cara-a-cara-con-sus-fans\\\/#primaryimage\"},\"thumbnailUrl\":\"https:\\\/\\\/aldiachaco.com.ar\\\/wp-content\\\/uploads\\\/2024\\\/12\\\/BJHAZG2BLZA2VCYLEMVYI4WVD4.jpg\",\"datePublished\":\"2024-12-19T19:42:46+00:00\",\"breadcrumb\":{\"@id\":\"https:\\\/\\\/aldiachaco.com.ar\\\/index.php\\\/2024\\\/12\\\/19\\\/luis-miguel-cerro-su-gira-mundial-en-buenos-aires-un-adios-a-pura-magia-y-el-ultimo-cara-a-cara-con-sus-fans\\\/#breadcrumb\"},\"inLanguage\":\"es-AR\",\"potentialAction\":[{\"@type\":\"ReadAction\",\"target\":[\"https:\\\/\\\/aldiachaco.com.ar\\\/index.php\\\/2024\\\/12\\\/19\\\/luis-miguel-cerro-su-gira-mundial-en-buenos-aires-un-adios-a-pura-magia-y-el-ultimo-cara-a-cara-con-sus-fans\\\/\"]}]},{\"@type\":\"ImageObject\",\"inLanguage\":\"es-AR\",\"@id\":\"https:\\\/\\\/aldiachaco.com.ar\\\/index.php\\\/2024\\\/12\\\/19\\\/luis-miguel-cerro-su-gira-mundial-en-buenos-aires-un-adios-a-pura-magia-y-el-ultimo-cara-a-cara-con-sus-fans\\\/#primaryimage\",\"url\":\"https:\\\/\\\/aldiachaco.com.ar\\\/wp-content\\\/uploads\\\/2024\\\/12\\\/BJHAZG2BLZA2VCYLEMVYI4WVD4.jpg\",\"contentUrl\":\"https:\\\/\\\/aldiachaco.com.ar\\\/wp-content\\\/uploads\\\/2024\\\/12\\\/BJHAZG2BLZA2VCYLEMVYI4WVD4.jpg\",\"width\":992,\"height\":558},{\"@type\":\"BreadcrumbList\",\"@id\":\"https:\\\/\\\/aldiachaco.com.ar\\\/index.php\\\/2024\\\/12\\\/19\\\/luis-miguel-cerro-su-gira-mundial-en-buenos-aires-un-adios-a-pura-magia-y-el-ultimo-cara-a-cara-con-sus-fans\\\/#breadcrumb\",\"itemListElement\":[{\"@type\":\"ListItem\",\"position\":1,\"name\":\"Home\",\"item\":\"https:\\\/\\\/aldiachaco.com.ar\\\/\"},{\"@type\":\"ListItem\",\"position\":2,\"name\":\"Luis Miguel cerr\u00f3 su gira mundial en Buenos Aires: un adi\u00f3s a pura magia y el \u00faltimo cara a cara con sus fans\"}]},{\"@type\":\"WebSite\",\"@id\":\"https:\\\/\\\/aldiachaco.com.ar\\\/#website\",\"url\":\"https:\\\/\\\/aldiachaco.com.ar\\\/\",\"name\":\"Al Dia Chaco\",\"description\":\"Noticias del Chaco y el mundo\",\"publisher\":{\"@id\":\"https:\\\/\\\/aldiachaco.com.ar\\\/#organization\"},\"alternateName\":\"Al D\u00eda Chaco\",\"potentialAction\":[{\"@type\":\"SearchAction\",\"target\":{\"@type\":\"EntryPoint\",\"urlTemplate\":\"https:\\\/\\\/aldiachaco.com.ar\\\/?s={search_term_string}\"},\"query-input\":{\"@type\":\"PropertyValueSpecification\",\"valueRequired\":true,\"valueName\":\"search_term_string\"}}],\"inLanguage\":\"es-AR\"},{\"@type\":\"Organization\",\"@id\":\"https:\\\/\\\/aldiachaco.com.ar\\\/#organization\",\"name\":\"Al Dia Chaco\",\"url\":\"https:\\\/\\\/aldiachaco.com.ar\\\/\",\"logo\":{\"@type\":\"ImageObject\",\"inLanguage\":\"es-AR\",\"@id\":\"https:\\\/\\\/aldiachaco.com.ar\\\/#\\\/schema\\\/logo\\\/image\\\/\",\"url\":\"https:\\\/\\\/aldiachaco.com.ar\\\/wp-content\\\/uploads\\\/2017\\\/11\\\/AL-DIA-CHACO-L@2x.png\",\"contentUrl\":\"https:\\\/\\\/aldiachaco.com.ar\\\/wp-content\\\/uploads\\\/2017\\\/11\\\/AL-DIA-CHACO-L@2x.png\",\"width\":232,\"height\":60,\"caption\":\"Al Dia Chaco\"},\"image\":{\"@id\":\"https:\\\/\\\/aldiachaco.com.ar\\\/#\\\/schema\\\/logo\\\/image\\\/\"}},{\"@type\":\"Person\",\"@id\":\"https:\\\/\\\/aldiachaco.com.ar\\\/#\\\/schema\\\/person\\\/80113835e512ba580e79a945932487f5\",\"name\":\"aldiachaco.com.ar\",\"image\":{\"@type\":\"ImageObject\",\"inLanguage\":\"es-AR\",\"@id\":\"https:\\\/\\\/aldiachaco.com.ar\\\/wp-content\\\/litespeed\\\/avatar\\\/a7c4ebc5454089d3fd4ef6b87fdd073a.jpg?ver=1777471945\",\"url\":\"https:\\\/\\\/aldiachaco.com.ar\\\/wp-content\\\/litespeed\\\/avatar\\\/a7c4ebc5454089d3fd4ef6b87fdd073a.jpg?ver=1777471945\",\"contentUrl\":\"https:\\\/\\\/aldiachaco.com.ar\\\/wp-content\\\/litespeed\\\/avatar\\\/a7c4ebc5454089d3fd4ef6b87fdd073a.jpg?ver=1777471945\",\"caption\":\"aldiachaco.com.ar\"},\"sameAs\":[\"https:\\\/\\\/aldiachaco.com.ar\"],\"url\":\"https:\\\/\\\/aldiachaco.com.ar\\\/index.php\\\/author\\\/lime-camel-884546-hostingersite-com\\\/\"}]}<\/script>\n<!-- \/ Yoast SEO plugin. -->","yoast_head_json":{"title":"Luis Miguel cerr\u00f3 su gira mundial en Buenos Aires: un adi\u00f3s a pura magia y el \u00faltimo cara a cara con sus fans | Al Dia Chaco","robots":{"index":"index","follow":"follow","max-snippet":"max-snippet:-1","max-image-preview":"max-image-preview:large","max-video-preview":"max-video-preview:-1"},"canonical":"https:\/\/aldiachaco.com.ar\/index.php\/2024\/12\/19\/luis-miguel-cerro-su-gira-mundial-en-buenos-aires-un-adios-a-pura-magia-y-el-ultimo-cara-a-cara-con-sus-fans\/","og_locale":"es_ES","og_type":"article","og_title":"Luis Miguel cerr\u00f3 su gira mundial en Buenos Aires: un adi\u00f3s a pura magia y el \u00faltimo cara a cara con sus fans | Al Dia Chaco","og_description":"La noche del 18 de diciembre, el\u00a0Campo Argentino de Polo\u00a0se transform\u00f3 en un escenario donde el tiempo pareci\u00f3 detenerse. Las luces se apagaron y, en medio del fervor de una multitud ansiosa, surgi\u00f3 una silueta inconfundible.\u00a0Luis Miguel,\u00a0El Sol de M\u00e9xico, emergi\u00f3 entre ovaciones y gritos ensordecedores. La voz que conquist\u00f3 generaciones y los gestos que &hellip;","og_url":"https:\/\/aldiachaco.com.ar\/index.php\/2024\/12\/19\/luis-miguel-cerro-su-gira-mundial-en-buenos-aires-un-adios-a-pura-magia-y-el-ultimo-cara-a-cara-con-sus-fans\/","og_site_name":"Al Dia Chaco","article_published_time":"2024-12-19T19:42:46+00:00","og_image":[{"width":992,"height":558,"url":"https:\/\/aldiachaco.com.ar\/wp-content\/uploads\/2024\/12\/BJHAZG2BLZA2VCYLEMVYI4WVD4.jpg","type":"image\/jpeg"}],"author":"aldiachaco.com.ar","twitter_card":"summary_large_image","twitter_misc":{"Escrito por":"aldiachaco.com.ar","Tiempo de lectura":"3 minutos"},"schema":{"@context":"https:\/\/schema.org","@graph":[{"@type":"Article","@id":"https:\/\/aldiachaco.com.ar\/index.php\/2024\/12\/19\/luis-miguel-cerro-su-gira-mundial-en-buenos-aires-un-adios-a-pura-magia-y-el-ultimo-cara-a-cara-con-sus-fans\/#article","isPartOf":{"@id":"https:\/\/aldiachaco.com.ar\/index.php\/2024\/12\/19\/luis-miguel-cerro-su-gira-mundial-en-buenos-aires-un-adios-a-pura-magia-y-el-ultimo-cara-a-cara-con-sus-fans\/"},"author":{"name":"aldiachaco.com.ar","@id":"https:\/\/aldiachaco.com.ar\/#\/schema\/person\/80113835e512ba580e79a945932487f5"},"headline":"Luis Miguel cerr\u00f3 su gira mundial en Buenos Aires: un adi\u00f3s a pura magia y el \u00faltimo cara a cara con sus fans","datePublished":"2024-12-19T19:42:46+00:00","mainEntityOfPage":{"@id":"https:\/\/aldiachaco.com.ar\/index.php\/2024\/12\/19\/luis-miguel-cerro-su-gira-mundial-en-buenos-aires-un-adios-a-pura-magia-y-el-ultimo-cara-a-cara-con-sus-fans\/"},"wordCount":682,"commentCount":0,"publisher":{"@id":"https:\/\/aldiachaco.com.ar\/#organization"},"image":{"@id":"https:\/\/aldiachaco.com.ar\/index.php\/2024\/12\/19\/luis-miguel-cerro-su-gira-mundial-en-buenos-aires-un-adios-a-pura-magia-y-el-ultimo-cara-a-cara-con-sus-fans\/#primaryimage"},"thumbnailUrl":"https:\/\/aldiachaco.com.ar\/wp-content\/uploads\/2024\/12\/BJHAZG2BLZA2VCYLEMVYI4WVD4.jpg","articleSection":["M\u00fasica"],"inLanguage":"es-AR","potentialAction":[{"@type":"CommentAction","name":"Comment","target":["https:\/\/aldiachaco.com.ar\/index.php\/2024\/12\/19\/luis-miguel-cerro-su-gira-mundial-en-buenos-aires-un-adios-a-pura-magia-y-el-ultimo-cara-a-cara-con-sus-fans\/#respond"]}]},{"@type":"WebPage","@id":"https:\/\/aldiachaco.com.ar\/index.php\/2024\/12\/19\/luis-miguel-cerro-su-gira-mundial-en-buenos-aires-un-adios-a-pura-magia-y-el-ultimo-cara-a-cara-con-sus-fans\/","url":"https:\/\/aldiachaco.com.ar\/index.php\/2024\/12\/19\/luis-miguel-cerro-su-gira-mundial-en-buenos-aires-un-adios-a-pura-magia-y-el-ultimo-cara-a-cara-con-sus-fans\/","name":"Luis Miguel cerr\u00f3 su gira mundial en Buenos Aires: un adi\u00f3s a pura magia y el \u00faltimo cara a cara con sus fans | Al Dia Chaco","isPartOf":{"@id":"https:\/\/aldiachaco.com.ar\/#website"},"primaryImageOfPage":{"@id":"https:\/\/aldiachaco.com.ar\/index.php\/2024\/12\/19\/luis-miguel-cerro-su-gira-mundial-en-buenos-aires-un-adios-a-pura-magia-y-el-ultimo-cara-a-cara-con-sus-fans\/#primaryimage"},"image":{"@id":"https:\/\/aldiachaco.com.ar\/index.php\/2024\/12\/19\/luis-miguel-cerro-su-gira-mundial-en-buenos-aires-un-adios-a-pura-magia-y-el-ultimo-cara-a-cara-con-sus-fans\/#primaryimage"},"thumbnailUrl":"https:\/\/aldiachaco.com.ar\/wp-content\/uploads\/2024\/12\/BJHAZG2BLZA2VCYLEMVYI4WVD4.jpg","datePublished":"2024-12-19T19:42:46+00:00","breadcrumb":{"@id":"https:\/\/aldiachaco.com.ar\/index.php\/2024\/12\/19\/luis-miguel-cerro-su-gira-mundial-en-buenos-aires-un-adios-a-pura-magia-y-el-ultimo-cara-a-cara-con-sus-fans\/#breadcrumb"},"inLanguage":"es-AR","potentialAction":[{"@type":"ReadAction","target":["https:\/\/aldiachaco.com.ar\/index.php\/2024\/12\/19\/luis-miguel-cerro-su-gira-mundial-en-buenos-aires-un-adios-a-pura-magia-y-el-ultimo-cara-a-cara-con-sus-fans\/"]}]},{"@type":"ImageObject","inLanguage":"es-AR","@id":"https:\/\/aldiachaco.com.ar\/index.php\/2024\/12\/19\/luis-miguel-cerro-su-gira-mundial-en-buenos-aires-un-adios-a-pura-magia-y-el-ultimo-cara-a-cara-con-sus-fans\/#primaryimage","url":"https:\/\/aldiachaco.com.ar\/wp-content\/uploads\/2024\/12\/BJHAZG2BLZA2VCYLEMVYI4WVD4.jpg","contentUrl":"https:\/\/aldiachaco.com.ar\/wp-content\/uploads\/2024\/12\/BJHAZG2BLZA2VCYLEMVYI4WVD4.jpg","width":992,"height":558},{"@type":"BreadcrumbList","@id":"https:\/\/aldiachaco.com.ar\/index.php\/2024\/12\/19\/luis-miguel-cerro-su-gira-mundial-en-buenos-aires-un-adios-a-pura-magia-y-el-ultimo-cara-a-cara-con-sus-fans\/#breadcrumb","itemListElement":[{"@type":"ListItem","position":1,"name":"Home","item":"https:\/\/aldiachaco.com.ar\/"},{"@type":"ListItem","position":2,"name":"Luis Miguel cerr\u00f3 su gira mundial en Buenos Aires: un adi\u00f3s a pura magia y el \u00faltimo cara a cara con sus fans"}]},{"@type":"WebSite","@id":"https:\/\/aldiachaco.com.ar\/#website","url":"https:\/\/aldiachaco.com.ar\/","name":"Al Dia Chaco","description":"Noticias del Chaco y el mundo","publisher":{"@id":"https:\/\/aldiachaco.com.ar\/#organization"},"alternateName":"Al D\u00eda Chaco","potentialAction":[{"@type":"SearchAction","target":{"@type":"EntryPoint","urlTemplate":"https:\/\/aldiachaco.com.ar\/?s={search_term_string}"},"query-input":{"@type":"PropertyValueSpecification","valueRequired":true,"valueName":"search_term_string"}}],"inLanguage":"es-AR"},{"@type":"Organization","@id":"https:\/\/aldiachaco.com.ar\/#organization","name":"Al Dia Chaco","url":"https:\/\/aldiachaco.com.ar\/","logo":{"@type":"ImageObject","inLanguage":"es-AR","@id":"https:\/\/aldiachaco.com.ar\/#\/schema\/logo\/image\/","url":"https:\/\/aldiachaco.com.ar\/wp-content\/uploads\/2017\/11\/AL-DIA-CHACO-L@2x.png","contentUrl":"https:\/\/aldiachaco.com.ar\/wp-content\/uploads\/2017\/11\/AL-DIA-CHACO-L@2x.png","width":232,"height":60,"caption":"Al Dia Chaco"},"image":{"@id":"https:\/\/aldiachaco.com.ar\/#\/schema\/logo\/image\/"}},{"@type":"Person","@id":"https:\/\/aldiachaco.com.ar\/#\/schema\/person\/80113835e512ba580e79a945932487f5","name":"aldiachaco.com.ar","image":{"@type":"ImageObject","inLanguage":"es-AR","@id":"https:\/\/aldiachaco.com.ar\/wp-content\/litespeed\/avatar\/a7c4ebc5454089d3fd4ef6b87fdd073a.jpg?ver=1777471945","url":"https:\/\/aldiachaco.com.ar\/wp-content\/litespeed\/avatar\/a7c4ebc5454089d3fd4ef6b87fdd073a.jpg?ver=1777471945","contentUrl":"https:\/\/aldiachaco.com.ar\/wp-content\/litespeed\/avatar\/a7c4ebc5454089d3fd4ef6b87fdd073a.jpg?ver=1777471945","caption":"aldiachaco.com.ar"},"sameAs":["https:\/\/aldiachaco.com.ar"],"url":"https:\/\/aldiachaco.com.ar\/index.php\/author\/lime-camel-884546-hostingersite-com\/"}]}},"jetpack_publicize_connections":[],"jetpack_featured_media_url":"https:\/\/aldiachaco.com.ar\/wp-content\/uploads\/2024\/12\/BJHAZG2BLZA2VCYLEMVYI4WVD4.jpg","jetpack_sharing_enabled":true,"amp_enabled":true,"_links":{"self":[{"href":"https:\/\/aldiachaco.com.ar\/index.php\/wp-json\/wp\/v2\/posts\/10424","targetHints":{"allow":["GET"]}}],"collection":[{"href":"https:\/\/aldiachaco.com.ar\/index.php\/wp-json\/wp\/v2\/posts"}],"about":[{"href":"https:\/\/aldiachaco.com.ar\/index.php\/wp-json\/wp\/v2\/types\/post"}],"author":[{"embeddable":true,"href":"https:\/\/aldiachaco.com.ar\/index.php\/wp-json\/wp\/v2\/users\/1"}],"replies":[{"embeddable":true,"href":"https:\/\/aldiachaco.com.ar\/index.php\/wp-json\/wp\/v2\/comments?post=10424"}],"version-history":[{"count":1,"href":"https:\/\/aldiachaco.com.ar\/index.php\/wp-json\/wp\/v2\/posts\/10424\/revisions"}],"predecessor-version":[{"id":10426,"href":"https:\/\/aldiachaco.com.ar\/index.php\/wp-json\/wp\/v2\/posts\/10424\/revisions\/10426"}],"wp:featuredmedia":[{"embeddable":true,"href":"https:\/\/aldiachaco.com.ar\/index.php\/wp-json\/wp\/v2\/media\/10425"}],"wp:attachment":[{"href":"https:\/\/aldiachaco.com.ar\/index.php\/wp-json\/wp\/v2\/media?parent=10424"}],"wp:term":[{"taxonomy":"category","embeddable":true,"href":"https:\/\/aldiachaco.com.ar\/index.php\/wp-json\/wp\/v2\/categories?post=10424"},{"taxonomy":"post_tag","embeddable":true,"href":"https:\/\/aldiachaco.com.ar\/index.php\/wp-json\/wp\/v2\/tags?post=10424"}],"curies":[{"name":"wp","href":"https:\/\/api.w.org\/{rel}","templated":true}]}}