{"id":10289,"date":"2024-12-16T17:15:02","date_gmt":"2024-12-16T20:15:02","guid":{"rendered":"https:\/\/aldiachaco.com.ar\/?p=10289"},"modified":"2024-12-16T17:15:02","modified_gmt":"2024-12-16T20:15:02","slug":"cono-cocinar-verduras-congeladas-en-la-freidora-de-aire","status":"publish","type":"post","link":"https:\/\/aldiachaco.com.ar\/index.php\/2024\/12\/16\/cono-cocinar-verduras-congeladas-en-la-freidora-de-aire\/","title":{"rendered":"C\u00f3no cocinar verduras congeladas en la freidora de aire"},"content":{"rendered":"<div class=\"text-element\" data-mrf-recirculation=\"Links final articulo\">La\u00a0<b>freidora de aire<\/b>\u00a0es un electrodom\u00e9stico que revolucion\u00f3 la cocina moderna, permitiendo preparar una gran variedad de alimentos con un m\u00ednimo de aceite o incluso sin \u00e9l. Funciona mediante la circulaci\u00f3n de aire caliente a alta velocidad, lo que genera\u00a0una cocci\u00f3n uniforme que imita el proceso de fritura tradicional, pero con un contenido de grasa mucho menor.<\/div>\n<p class=\"paragraph\" data-mrf-recirculation=\"Links inline\">Adem\u00e1s de preparar papas fritas y otros snacks, las freidoras de aire pueden cocinar desde carnes hasta postres, convirti\u00e9ndose en una herramienta imprescindible en muchos hogares por su rapidez, versatilidad y facilidad de uso. Su popularidad ha crecido gracias a su capacidad para producir alimentos crujientes y sabrosos sin la necesidad de sumergirlos en aceite caliente, ofreciendo una alternativa m\u00e1s saludable al m\u00e9todo tradicional de fritura.<\/p>\n<div class=\"news-module\" data-mrf-recirculation=\"IL_GBLs3HYWRq2RgU4Qz8MM1Q\" data-testid=\"text-html\" data-mrf-experience=\"IL_GBLs3HYWRq2RgU4Qz8MM1Q\">\n<div class=\"recommended-card__image-container\"><\/div>\n<\/div>\n<div class=\"headline-wrapper\">\n<h2 class=\"header headline-class-h2\">Precalentamiento para una cocci\u00f3n uniforme<\/h2>\n<\/div>\n<div class=\"inline ad-wrapper\">\n<div class=\"dfpAd ad-inline\"><\/div>\n<\/div>\n<p class=\"paragraph\" data-mrf-recirculation=\"Links inline\">Una de las claves para aprovechar al m\u00e1ximo las\u00a0<b>freidoras de aire<\/b>\u00a0es entender la importancia de\u00a0<b>precalentar el aparato<\/b>. Seg\u00fan Rachel Buck, chef s\u00e9nior de\u00a0<b>Ninja Test Kitchen<\/b>, es fundamental\u00a0<b>precalentar la freidora de aire durante unos tres minutos antes de introducir los alimentos congelados<\/b>. Aunque no siempre es necesario precalentar cuando se recalientan sobras o se cocinan alimentos frescos, el caso de las verduras congeladas es diferente, ya que tardan m\u00e1s en alcanzar la temperatura adecuada.<\/p>\n<p class=\"paragraph\" data-mrf-recirculation=\"Links inline\">Este paso, aparentemente sencillo, permite que el aire caliente circule de manera m\u00e1s eficiente, lo que se traduce en una cocci\u00f3n m\u00e1s r\u00e1pida y uniforme. Adem\u00e1s, al estar ya caliente, la freidora de aire ayuda a que los alimentos mantengan su textura crujiente desde el primer momento.<\/p>\n<div class=\"news-module\" data-mrf-recirculation=\"IL_m3kiGo-8SVS6m0U7OqrZLw\" data-testid=\"text-html\" data-mrf-experience=\"IL_m3kiGo-8SVS6m0U7OqrZLw\">\n<div class=\"recommended-card__image-container\"><\/div>\n<\/div>\n<div class=\" visual__image\"><\/div>\n<div class=\"headline-wrapper\">\n<h2 class=\"header headline-class-h2\">Uso adecuado del aceite y los condimentos<\/h2>\n<\/div>\n<div class=\"inline_2_DSK ad-wrapper ad-desktop\">\n<div class=\"dfpAd ad-inline\"><\/div>\n<\/div>\n<p class=\"paragraph\" data-mrf-recirculation=\"Links inline\">Aunque las\u00a0<b>freidoras de aire<\/b>\u00a0son conocidas por su capacidad para reducir el uso de aceite, no significa que se deban omitir por completo los ingredientes que aportan sabor y textura. Buck recomienda\u00a0<b>agregar aceite o aceite en aerosol<\/b>\u00a0a las verduras congeladas antes de cocinarlas. Este toque de grasa, junto con la elecci\u00f3n de condimentos como sal, pimienta, ajo en polvo o cebolla en polvo, ayuda a que las verduras queden crujientes y sabrosas, sin necesidad de sumergirlas en grandes cantidades de aceite.<\/p>\n<p class=\"paragraph\" data-mrf-recirculation=\"Links inline\">Sin embargo, es crucial que el aceite se mezcle con las verduras antes de introducirlas en la freidora de aire, evitando agregarlo directamente en la canasta del aparato. Si se vierte aceite directamente, la grasa puede generar demasiado humo y hacer que los alimentos se vuelvan grasosos, arruinando el resultado final.<\/p>\n<div class=\"news-module\" data-mrf-recirculation=\"IL_wLyG9sjfRQKb8QO3fSLumw\" data-testid=\"text-html\" data-mrf-experience=\"IL_wLyG9sjfRQKb8QO3fSLumw\">\n<div class=\"recommended-card__image-container\"><\/div>\n<\/div>\n<div class=\"headline-wrapper\">\n<h2 class=\"header headline-class-h2\">Evitar el amontonamiento para una cocci\u00f3n perfecta<\/h2>\n<\/div>\n<p class=\"paragraph\" data-mrf-recirculation=\"Links inline\">Una de las reglas m\u00e1s importantes al cocinar con una freidora de aire es asegurarse de que los alimentos tengan\u00a0<b>suficiente espacio<\/b>\u00a0para que el aire caliente circule libremente alrededor de ellos. Si las verduras congeladas se amontonan en la canasta, el flujo de aire se ve obstaculizado, lo que puede resultar en una cocci\u00f3n irregular y una textura poco crujiente. Para garantizar que las verduras queden perfectamente cocidas, Buck sugiere\u00a0<b>cocinarlas en tandas<\/b>\u00a0si es necesario.<\/p>\n<p class=\"paragraph\" data-mrf-recirculation=\"Links inline\">De esta forma, el aire caliente puede rodear cada pieza de manera eficiente, logrando una cocci\u00f3n uniforme y un acabado crujiente en todos los lados. Tambi\u00e9n se recomienda agitar la canasta a mitad de la cocci\u00f3n para que las verduras se muevan y se cocinen de manera m\u00e1s homog\u00e9nea.<\/p>\n<div class=\" visual__image\"><\/div>\n<div class=\"headline-wrapper\">\n<h2 class=\"header headline-class-h2\">Receta de papas fritas congeladas en freidora de aire<\/h2>\n<\/div>\n<p class=\"paragraph\" data-mrf-recirculation=\"Links inline\">Preparar papas fritas congeladas en la freidora de aire es muy sencillo. Solo necesitas un paquete de papas congeladas y tu freidora de aire. El tiempo de cocci\u00f3n es corto y el resultado es espectacular: unas papas doradas y crujientes sin el exceso de aceite de la fritura tradicional. Es importante no sobrecargar la canasta para que el aire circule bien y las papas se cocinen de manera uniforme.<\/p>\n<p class=\"paragraph\" data-mrf-recirculation=\"Links inline\">El proceso es muy f\u00e1cil. Si bien las papas congeladas ya vienen pre-cocidas, al ponerlas en la freidora de aire, conseguimos un extra de crocancia y un color dorado brillante, ideal para acompa\u00f1ar carnes, ensaladas o simplemente disfrutar con una salsa de tu preferencia. Adem\u00e1s, la freidora de aire no solo hace el proceso m\u00e1s r\u00e1pido, sino tambi\u00e9n mucho m\u00e1s saludable, ya que usa menos aceite.<\/p>\n<div class=\"headline-wrapper\">\n<h3 class=\"header headline-class-h3\">Tiempo de preparaci\u00f3n<\/h3>\n<\/div>\n<p class=\"paragraph\" data-mrf-recirculation=\"Links inline\">Preparar papas fritas congeladas en la freidora de aire lleva alrededor de\u00a0<b>15 a 20 minutos<\/b>\u00a0en total. Aqu\u00ed te detallamos el tiempo de cada paso:<\/p>\n<ul class=\"list\" data-icon=\"\u2b24\">\n<li data-icon=\"\u2b24\"><b>Precalentado de la freidora de aire<\/b>: 3-5 minutos<\/li>\n<li data-icon=\"\u2b24\"><b>Tiempo de cocci\u00f3n<\/b>: 12-15 minutos (dependiendo de la cantidad de papas y el grosor)<\/li>\n<li data-icon=\"\u2b24\"><b>Tiempo de reposo (si es necesario)<\/b>: 2 minutos<\/li>\n<\/ul>\n<div class=\"headline-wrapper\">\n<h3 class=\"header headline-class-h3\">Ingredientes<\/h3>\n<\/div>\n<ul class=\"list\" data-icon=\"\u2b24\">\n<li data-icon=\"\u2b24\">500 gramos de papas fritas congeladas<\/li>\n<li data-icon=\"\u2b24\">1 cucharada de aceite (opcional, si deseas un toque extra de crocancia)<\/li>\n<li data-icon=\"\u2b24\">Sal al gusto<\/li>\n<\/ul>\n<div class=\"headline-wrapper\">\n<h3 class=\"header headline-class-h3\">C\u00f3mo hacer papas fritas congeladas en freidora de aire, paso a paso<\/h3>\n<\/div>\n<ul class=\"list\" data-icon=\"\u2b24\">\n<li data-icon=\"\u2b24\">Precalentar la freidora de aire a 200\u00b0C (aproximadamente 3-5 minutos).<\/li>\n<li data-icon=\"\u2b24\">Colocar las papas fritas congeladas en la canasta de la freidora de aire. Si se prefiere, se puede rociarlas con un poco de aceite para hacerlas a\u00fan m\u00e1s crujientes.<\/li>\n<li data-icon=\"\u2b24\">Cocinar las papas a 200\u00b0C durante 12-15 minutos. A mitad de cocci\u00f3n, agitar la canasta para asegurar que se cocinen de manera uniforme.<\/li>\n<li data-icon=\"\u2b24\">Una vez que las papas est\u00e9n doradas y crujientes, sacarlas de la freidora.<\/li>\n<li data-icon=\"\u2b24\">Servirlas con un toque de sal y disfrutar.<\/li>\n<\/ul>\n<div class=\"headline-wrapper\">\n<h3 class=\"header headline-class-h3\">\u00bfCu\u00e1ntas porciones rinde esta receta?<\/h3>\n<\/div>\n<p class=\"paragraph\" data-mrf-recirculation=\"Links inline\">Esta receta de papas fritas congeladas en la freidora de aire rinde aproximadamente\u00a0<b>2 porciones<\/b>\u00a0de tama\u00f1o est\u00e1ndar, dependiendo de la cantidad que uses.<\/p>\n<div class=\"headline-wrapper\">\n<h3 class=\"header headline-class-h3\">\u00bfCu\u00e1l es el valor nutricional de cada porci\u00f3n de esta receta?<\/h3>\n<\/div>\n<p class=\"paragraph\" data-mrf-recirculation=\"Links inline\">Cada porci\u00f3n de papas fritas congeladas en freidora de aire contiene aproximadamente:<\/p>\n<ul class=\"list\" data-icon=\"\u2b24\">\n<li data-icon=\"\u2b24\"><b>Calor\u00edas<\/b>: 150<\/li>\n<li data-icon=\"\u2b24\"><b>Grasas<\/b>: 7 g<\/li>\n<li data-icon=\"\u2b24\"><b>Grasas saturadas<\/b>: 1 g<\/li>\n<li data-icon=\"\u2b24\"><b>Carbohidratos<\/b>: 22 g<\/li>\n<li data-icon=\"\u2b24\"><b>Az\u00facares<\/b>: 0 g<\/li>\n<li data-icon=\"\u2b24\"><b>Prote\u00ednas<\/b>: 2 g<\/li>\n<\/ul>\n<p class=\"paragraph\" data-mrf-recirculation=\"Links inline\">Cabe se\u00f1alar que estas son estimaciones, y los valores nutricionales precisos dependen de los ingredientes espec\u00edficos utilizados en la preparaci\u00f3n y las cantidades de cada porci\u00f3n.<\/p>\n<div class=\"headline-wrapper\">\n<h3 class=\"header headline-class-h3\">\u00bfCu\u00e1nto tiempo se puede conservar esta preparaci\u00f3n?<\/h3>\n<\/div>\n<p class=\"paragraph\" data-mrf-recirculation=\"Links inline\">Las papas fritas preparadas en la freidora de aire son mejores cuando se sirven frescas, pero puedes conservarlas en un recipiente cerrado en el refrigerador hasta\u00a0<b>2 d\u00edas<\/b>. Si las guardas, es posible que pierdan algo de su crocancia, pero a\u00fan puedes recalentarlas en la freidora de aire para devolverles algo de su textura original.<\/p>\n","protected":false},"excerpt":{"rendered":"<p>La\u00a0freidora de aire\u00a0es un electrodom\u00e9stico que revolucion\u00f3 la cocina moderna, permitiendo preparar una gran variedad de alimentos con un m\u00ednimo de aceite o incluso sin \u00e9l. Funciona mediante la circulaci\u00f3n de aire caliente a alta velocidad, lo que genera\u00a0una cocci\u00f3n uniforme que imita el proceso de fritura tradicional, pero con un contenido de grasa mucho &hellip;<\/p>\n","protected":false},"author":1,"featured_media":10290,"comment_status":"open","ping_status":"open","sticky":false,"template":"","format":"standard","meta":{"content-type":"","_monsterinsights_skip_tracking":false,"_monsterinsights_sitenote_active":false,"_monsterinsights_sitenote_note":"","_monsterinsights_sitenote_category":0,"_jetpack_memberships_contains_paid_content":false,"footnotes":"","jetpack_publicize_message":"","jetpack_publicize_feature_enabled":true,"jetpack_social_post_already_shared":true,"jetpack_social_options":{"image_generator_settings":{"template":"highway","default_image_id":0,"font":"","enabled":false},"version":2}},"categories":[217],"tags":[],"class_list":["post-10289","post","type-post","status-publish","format-standard","has-post-thumbnail","hentry","category-comidas"],"yoast_head":"<!-- This site is optimized with the Yoast SEO plugin v27.4 - https:\/\/yoast.com\/product\/yoast-seo-wordpress\/ -->\n<title>C\u00f3no cocinar verduras congeladas en la freidora de aire | Al Dia Chaco<\/title>\n<meta name=\"robots\" content=\"index, follow, max-snippet:-1, max-image-preview:large, max-video-preview:-1\" \/>\n<link rel=\"canonical\" href=\"https:\/\/aldiachaco.com.ar\/index.php\/2024\/12\/16\/cono-cocinar-verduras-congeladas-en-la-freidora-de-aire\/\" \/>\n<meta property=\"og:locale\" content=\"es_ES\" \/>\n<meta property=\"og:type\" content=\"article\" \/>\n<meta property=\"og:title\" content=\"C\u00f3no cocinar verduras congeladas en la freidora de aire | Al Dia Chaco\" \/>\n<meta property=\"og:description\" content=\"La\u00a0freidora de aire\u00a0es un electrodom\u00e9stico que revolucion\u00f3 la cocina moderna, permitiendo preparar una gran variedad de alimentos con un m\u00ednimo de aceite o incluso sin \u00e9l. Funciona mediante la circulaci\u00f3n de aire caliente a alta velocidad, lo que genera\u00a0una cocci\u00f3n uniforme que imita el proceso de fritura tradicional, pero con un contenido de grasa mucho &hellip;\" \/>\n<meta property=\"og:url\" content=\"https:\/\/aldiachaco.com.ar\/index.php\/2024\/12\/16\/cono-cocinar-verduras-congeladas-en-la-freidora-de-aire\/\" \/>\n<meta property=\"og:site_name\" content=\"Al Dia Chaco\" \/>\n<meta property=\"article:published_time\" content=\"2024-12-16T20:15:02+00:00\" \/>\n<meta property=\"og:image\" content=\"https:\/\/aldiachaco.com.ar\/wp-content\/uploads\/2024\/12\/N5XVNQ75RBFCNIEKNJFT74SYDI.jpg\" \/>\n\t<meta property=\"og:image:width\" content=\"992\" \/>\n\t<meta property=\"og:image:height\" content=\"558\" \/>\n\t<meta property=\"og:image:type\" content=\"image\/jpeg\" \/>\n<meta name=\"author\" content=\"aldiachaco.com.ar\" \/>\n<meta name=\"twitter:card\" content=\"summary_large_image\" \/>\n<meta name=\"twitter:label1\" content=\"Escrito por\" \/>\n\t<meta name=\"twitter:data1\" content=\"aldiachaco.com.ar\" \/>\n\t<meta name=\"twitter:label2\" content=\"Tiempo de lectura\" \/>\n\t<meta name=\"twitter:data2\" content=\"5 minutos\" \/>\n<script type=\"application\/ld+json\" class=\"yoast-schema-graph\">{\"@context\":\"https:\\\/\\\/schema.org\",\"@graph\":[{\"@type\":\"Article\",\"@id\":\"https:\\\/\\\/aldiachaco.com.ar\\\/index.php\\\/2024\\\/12\\\/16\\\/cono-cocinar-verduras-congeladas-en-la-freidora-de-aire\\\/#article\",\"isPartOf\":{\"@id\":\"https:\\\/\\\/aldiachaco.com.ar\\\/index.php\\\/2024\\\/12\\\/16\\\/cono-cocinar-verduras-congeladas-en-la-freidora-de-aire\\\/\"},\"author\":{\"name\":\"aldiachaco.com.ar\",\"@id\":\"https:\\\/\\\/aldiachaco.com.ar\\\/#\\\/schema\\\/person\\\/80113835e512ba580e79a945932487f5\"},\"headline\":\"C\u00f3no cocinar verduras congeladas en la freidora de aire\",\"datePublished\":\"2024-12-16T20:15:02+00:00\",\"mainEntityOfPage\":{\"@id\":\"https:\\\/\\\/aldiachaco.com.ar\\\/index.php\\\/2024\\\/12\\\/16\\\/cono-cocinar-verduras-congeladas-en-la-freidora-de-aire\\\/\"},\"wordCount\":1064,\"commentCount\":0,\"publisher\":{\"@id\":\"https:\\\/\\\/aldiachaco.com.ar\\\/#organization\"},\"image\":{\"@id\":\"https:\\\/\\\/aldiachaco.com.ar\\\/index.php\\\/2024\\\/12\\\/16\\\/cono-cocinar-verduras-congeladas-en-la-freidora-de-aire\\\/#primaryimage\"},\"thumbnailUrl\":\"https:\\\/\\\/aldiachaco.com.ar\\\/wp-content\\\/uploads\\\/2024\\\/12\\\/N5XVNQ75RBFCNIEKNJFT74SYDI.jpg\",\"articleSection\":[\"Comidas\"],\"inLanguage\":\"es-AR\",\"potentialAction\":[{\"@type\":\"CommentAction\",\"name\":\"Comment\",\"target\":[\"https:\\\/\\\/aldiachaco.com.ar\\\/index.php\\\/2024\\\/12\\\/16\\\/cono-cocinar-verduras-congeladas-en-la-freidora-de-aire\\\/#respond\"]}]},{\"@type\":\"WebPage\",\"@id\":\"https:\\\/\\\/aldiachaco.com.ar\\\/index.php\\\/2024\\\/12\\\/16\\\/cono-cocinar-verduras-congeladas-en-la-freidora-de-aire\\\/\",\"url\":\"https:\\\/\\\/aldiachaco.com.ar\\\/index.php\\\/2024\\\/12\\\/16\\\/cono-cocinar-verduras-congeladas-en-la-freidora-de-aire\\\/\",\"name\":\"C\u00f3no cocinar verduras congeladas en la freidora de aire | Al Dia Chaco\",\"isPartOf\":{\"@id\":\"https:\\\/\\\/aldiachaco.com.ar\\\/#website\"},\"primaryImageOfPage\":{\"@id\":\"https:\\\/\\\/aldiachaco.com.ar\\\/index.php\\\/2024\\\/12\\\/16\\\/cono-cocinar-verduras-congeladas-en-la-freidora-de-aire\\\/#primaryimage\"},\"image\":{\"@id\":\"https:\\\/\\\/aldiachaco.com.ar\\\/index.php\\\/2024\\\/12\\\/16\\\/cono-cocinar-verduras-congeladas-en-la-freidora-de-aire\\\/#primaryimage\"},\"thumbnailUrl\":\"https:\\\/\\\/aldiachaco.com.ar\\\/wp-content\\\/uploads\\\/2024\\\/12\\\/N5XVNQ75RBFCNIEKNJFT74SYDI.jpg\",\"datePublished\":\"2024-12-16T20:15:02+00:00\",\"breadcrumb\":{\"@id\":\"https:\\\/\\\/aldiachaco.com.ar\\\/index.php\\\/2024\\\/12\\\/16\\\/cono-cocinar-verduras-congeladas-en-la-freidora-de-aire\\\/#breadcrumb\"},\"inLanguage\":\"es-AR\",\"potentialAction\":[{\"@type\":\"ReadAction\",\"target\":[\"https:\\\/\\\/aldiachaco.com.ar\\\/index.php\\\/2024\\\/12\\\/16\\\/cono-cocinar-verduras-congeladas-en-la-freidora-de-aire\\\/\"]}]},{\"@type\":\"ImageObject\",\"inLanguage\":\"es-AR\",\"@id\":\"https:\\\/\\\/aldiachaco.com.ar\\\/index.php\\\/2024\\\/12\\\/16\\\/cono-cocinar-verduras-congeladas-en-la-freidora-de-aire\\\/#primaryimage\",\"url\":\"https:\\\/\\\/aldiachaco.com.ar\\\/wp-content\\\/uploads\\\/2024\\\/12\\\/N5XVNQ75RBFCNIEKNJFT74SYDI.jpg\",\"contentUrl\":\"https:\\\/\\\/aldiachaco.com.ar\\\/wp-content\\\/uploads\\\/2024\\\/12\\\/N5XVNQ75RBFCNIEKNJFT74SYDI.jpg\",\"width\":992,\"height\":558},{\"@type\":\"BreadcrumbList\",\"@id\":\"https:\\\/\\\/aldiachaco.com.ar\\\/index.php\\\/2024\\\/12\\\/16\\\/cono-cocinar-verduras-congeladas-en-la-freidora-de-aire\\\/#breadcrumb\",\"itemListElement\":[{\"@type\":\"ListItem\",\"position\":1,\"name\":\"Home\",\"item\":\"https:\\\/\\\/aldiachaco.com.ar\\\/\"},{\"@type\":\"ListItem\",\"position\":2,\"name\":\"C\u00f3no cocinar verduras congeladas en la freidora de aire\"}]},{\"@type\":\"WebSite\",\"@id\":\"https:\\\/\\\/aldiachaco.com.ar\\\/#website\",\"url\":\"https:\\\/\\\/aldiachaco.com.ar\\\/\",\"name\":\"Al Dia Chaco\",\"description\":\"Noticias del Chaco y el mundo\",\"publisher\":{\"@id\":\"https:\\\/\\\/aldiachaco.com.ar\\\/#organization\"},\"alternateName\":\"Al D\u00eda Chaco\",\"potentialAction\":[{\"@type\":\"SearchAction\",\"target\":{\"@type\":\"EntryPoint\",\"urlTemplate\":\"https:\\\/\\\/aldiachaco.com.ar\\\/?s={search_term_string}\"},\"query-input\":{\"@type\":\"PropertyValueSpecification\",\"valueRequired\":true,\"valueName\":\"search_term_string\"}}],\"inLanguage\":\"es-AR\"},{\"@type\":\"Organization\",\"@id\":\"https:\\\/\\\/aldiachaco.com.ar\\\/#organization\",\"name\":\"Al Dia Chaco\",\"url\":\"https:\\\/\\\/aldiachaco.com.ar\\\/\",\"logo\":{\"@type\":\"ImageObject\",\"inLanguage\":\"es-AR\",\"@id\":\"https:\\\/\\\/aldiachaco.com.ar\\\/#\\\/schema\\\/logo\\\/image\\\/\",\"url\":\"https:\\\/\\\/aldiachaco.com.ar\\\/wp-content\\\/uploads\\\/2017\\\/11\\\/AL-DIA-CHACO-L@2x.png\",\"contentUrl\":\"https:\\\/\\\/aldiachaco.com.ar\\\/wp-content\\\/uploads\\\/2017\\\/11\\\/AL-DIA-CHACO-L@2x.png\",\"width\":232,\"height\":60,\"caption\":\"Al Dia Chaco\"},\"image\":{\"@id\":\"https:\\\/\\\/aldiachaco.com.ar\\\/#\\\/schema\\\/logo\\\/image\\\/\"}},{\"@type\":\"Person\",\"@id\":\"https:\\\/\\\/aldiachaco.com.ar\\\/#\\\/schema\\\/person\\\/80113835e512ba580e79a945932487f5\",\"name\":\"aldiachaco.com.ar\",\"image\":{\"@type\":\"ImageObject\",\"inLanguage\":\"es-AR\",\"@id\":\"https:\\\/\\\/aldiachaco.com.ar\\\/wp-content\\\/litespeed\\\/avatar\\\/a7c4ebc5454089d3fd4ef6b87fdd073a.jpg?ver=1777471945\",\"url\":\"https:\\\/\\\/aldiachaco.com.ar\\\/wp-content\\\/litespeed\\\/avatar\\\/a7c4ebc5454089d3fd4ef6b87fdd073a.jpg?ver=1777471945\",\"contentUrl\":\"https:\\\/\\\/aldiachaco.com.ar\\\/wp-content\\\/litespeed\\\/avatar\\\/a7c4ebc5454089d3fd4ef6b87fdd073a.jpg?ver=1777471945\",\"caption\":\"aldiachaco.com.ar\"},\"sameAs\":[\"https:\\\/\\\/aldiachaco.com.ar\"],\"url\":\"https:\\\/\\\/aldiachaco.com.ar\\\/index.php\\\/author\\\/lime-camel-884546-hostingersite-com\\\/\"}]}<\/script>\n<!-- \/ Yoast SEO plugin. -->","yoast_head_json":{"title":"C\u00f3no cocinar verduras congeladas en la freidora de aire | Al Dia Chaco","robots":{"index":"index","follow":"follow","max-snippet":"max-snippet:-1","max-image-preview":"max-image-preview:large","max-video-preview":"max-video-preview:-1"},"canonical":"https:\/\/aldiachaco.com.ar\/index.php\/2024\/12\/16\/cono-cocinar-verduras-congeladas-en-la-freidora-de-aire\/","og_locale":"es_ES","og_type":"article","og_title":"C\u00f3no cocinar verduras congeladas en la freidora de aire | Al Dia Chaco","og_description":"La\u00a0freidora de aire\u00a0es un electrodom\u00e9stico que revolucion\u00f3 la cocina moderna, permitiendo preparar una gran variedad de alimentos con un m\u00ednimo de aceite o incluso sin \u00e9l. Funciona mediante la circulaci\u00f3n de aire caliente a alta velocidad, lo que genera\u00a0una cocci\u00f3n uniforme que imita el proceso de fritura tradicional, pero con un contenido de grasa mucho &hellip;","og_url":"https:\/\/aldiachaco.com.ar\/index.php\/2024\/12\/16\/cono-cocinar-verduras-congeladas-en-la-freidora-de-aire\/","og_site_name":"Al Dia Chaco","article_published_time":"2024-12-16T20:15:02+00:00","og_image":[{"width":992,"height":558,"url":"https:\/\/aldiachaco.com.ar\/wp-content\/uploads\/2024\/12\/N5XVNQ75RBFCNIEKNJFT74SYDI.jpg","type":"image\/jpeg"}],"author":"aldiachaco.com.ar","twitter_card":"summary_large_image","twitter_misc":{"Escrito por":"aldiachaco.com.ar","Tiempo de lectura":"5 minutos"},"schema":{"@context":"https:\/\/schema.org","@graph":[{"@type":"Article","@id":"https:\/\/aldiachaco.com.ar\/index.php\/2024\/12\/16\/cono-cocinar-verduras-congeladas-en-la-freidora-de-aire\/#article","isPartOf":{"@id":"https:\/\/aldiachaco.com.ar\/index.php\/2024\/12\/16\/cono-cocinar-verduras-congeladas-en-la-freidora-de-aire\/"},"author":{"name":"aldiachaco.com.ar","@id":"https:\/\/aldiachaco.com.ar\/#\/schema\/person\/80113835e512ba580e79a945932487f5"},"headline":"C\u00f3no cocinar verduras congeladas en la freidora de aire","datePublished":"2024-12-16T20:15:02+00:00","mainEntityOfPage":{"@id":"https:\/\/aldiachaco.com.ar\/index.php\/2024\/12\/16\/cono-cocinar-verduras-congeladas-en-la-freidora-de-aire\/"},"wordCount":1064,"commentCount":0,"publisher":{"@id":"https:\/\/aldiachaco.com.ar\/#organization"},"image":{"@id":"https:\/\/aldiachaco.com.ar\/index.php\/2024\/12\/16\/cono-cocinar-verduras-congeladas-en-la-freidora-de-aire\/#primaryimage"},"thumbnailUrl":"https:\/\/aldiachaco.com.ar\/wp-content\/uploads\/2024\/12\/N5XVNQ75RBFCNIEKNJFT74SYDI.jpg","articleSection":["Comidas"],"inLanguage":"es-AR","potentialAction":[{"@type":"CommentAction","name":"Comment","target":["https:\/\/aldiachaco.com.ar\/index.php\/2024\/12\/16\/cono-cocinar-verduras-congeladas-en-la-freidora-de-aire\/#respond"]}]},{"@type":"WebPage","@id":"https:\/\/aldiachaco.com.ar\/index.php\/2024\/12\/16\/cono-cocinar-verduras-congeladas-en-la-freidora-de-aire\/","url":"https:\/\/aldiachaco.com.ar\/index.php\/2024\/12\/16\/cono-cocinar-verduras-congeladas-en-la-freidora-de-aire\/","name":"C\u00f3no cocinar verduras congeladas en la freidora de aire | Al Dia Chaco","isPartOf":{"@id":"https:\/\/aldiachaco.com.ar\/#website"},"primaryImageOfPage":{"@id":"https:\/\/aldiachaco.com.ar\/index.php\/2024\/12\/16\/cono-cocinar-verduras-congeladas-en-la-freidora-de-aire\/#primaryimage"},"image":{"@id":"https:\/\/aldiachaco.com.ar\/index.php\/2024\/12\/16\/cono-cocinar-verduras-congeladas-en-la-freidora-de-aire\/#primaryimage"},"thumbnailUrl":"https:\/\/aldiachaco.com.ar\/wp-content\/uploads\/2024\/12\/N5XVNQ75RBFCNIEKNJFT74SYDI.jpg","datePublished":"2024-12-16T20:15:02+00:00","breadcrumb":{"@id":"https:\/\/aldiachaco.com.ar\/index.php\/2024\/12\/16\/cono-cocinar-verduras-congeladas-en-la-freidora-de-aire\/#breadcrumb"},"inLanguage":"es-AR","potentialAction":[{"@type":"ReadAction","target":["https:\/\/aldiachaco.com.ar\/index.php\/2024\/12\/16\/cono-cocinar-verduras-congeladas-en-la-freidora-de-aire\/"]}]},{"@type":"ImageObject","inLanguage":"es-AR","@id":"https:\/\/aldiachaco.com.ar\/index.php\/2024\/12\/16\/cono-cocinar-verduras-congeladas-en-la-freidora-de-aire\/#primaryimage","url":"https:\/\/aldiachaco.com.ar\/wp-content\/uploads\/2024\/12\/N5XVNQ75RBFCNIEKNJFT74SYDI.jpg","contentUrl":"https:\/\/aldiachaco.com.ar\/wp-content\/uploads\/2024\/12\/N5XVNQ75RBFCNIEKNJFT74SYDI.jpg","width":992,"height":558},{"@type":"BreadcrumbList","@id":"https:\/\/aldiachaco.com.ar\/index.php\/2024\/12\/16\/cono-cocinar-verduras-congeladas-en-la-freidora-de-aire\/#breadcrumb","itemListElement":[{"@type":"ListItem","position":1,"name":"Home","item":"https:\/\/aldiachaco.com.ar\/"},{"@type":"ListItem","position":2,"name":"C\u00f3no cocinar verduras congeladas en la freidora de aire"}]},{"@type":"WebSite","@id":"https:\/\/aldiachaco.com.ar\/#website","url":"https:\/\/aldiachaco.com.ar\/","name":"Al Dia Chaco","description":"Noticias del Chaco y el mundo","publisher":{"@id":"https:\/\/aldiachaco.com.ar\/#organization"},"alternateName":"Al D\u00eda Chaco","potentialAction":[{"@type":"SearchAction","target":{"@type":"EntryPoint","urlTemplate":"https:\/\/aldiachaco.com.ar\/?s={search_term_string}"},"query-input":{"@type":"PropertyValueSpecification","valueRequired":true,"valueName":"search_term_string"}}],"inLanguage":"es-AR"},{"@type":"Organization","@id":"https:\/\/aldiachaco.com.ar\/#organization","name":"Al Dia Chaco","url":"https:\/\/aldiachaco.com.ar\/","logo":{"@type":"ImageObject","inLanguage":"es-AR","@id":"https:\/\/aldiachaco.com.ar\/#\/schema\/logo\/image\/","url":"https:\/\/aldiachaco.com.ar\/wp-content\/uploads\/2017\/11\/AL-DIA-CHACO-L@2x.png","contentUrl":"https:\/\/aldiachaco.com.ar\/wp-content\/uploads\/2017\/11\/AL-DIA-CHACO-L@2x.png","width":232,"height":60,"caption":"Al Dia Chaco"},"image":{"@id":"https:\/\/aldiachaco.com.ar\/#\/schema\/logo\/image\/"}},{"@type":"Person","@id":"https:\/\/aldiachaco.com.ar\/#\/schema\/person\/80113835e512ba580e79a945932487f5","name":"aldiachaco.com.ar","image":{"@type":"ImageObject","inLanguage":"es-AR","@id":"https:\/\/aldiachaco.com.ar\/wp-content\/litespeed\/avatar\/a7c4ebc5454089d3fd4ef6b87fdd073a.jpg?ver=1777471945","url":"https:\/\/aldiachaco.com.ar\/wp-content\/litespeed\/avatar\/a7c4ebc5454089d3fd4ef6b87fdd073a.jpg?ver=1777471945","contentUrl":"https:\/\/aldiachaco.com.ar\/wp-content\/litespeed\/avatar\/a7c4ebc5454089d3fd4ef6b87fdd073a.jpg?ver=1777471945","caption":"aldiachaco.com.ar"},"sameAs":["https:\/\/aldiachaco.com.ar"],"url":"https:\/\/aldiachaco.com.ar\/index.php\/author\/lime-camel-884546-hostingersite-com\/"}]}},"jetpack_publicize_connections":[],"jetpack_featured_media_url":"https:\/\/aldiachaco.com.ar\/wp-content\/uploads\/2024\/12\/N5XVNQ75RBFCNIEKNJFT74SYDI.jpg","jetpack_sharing_enabled":true,"amp_enabled":true,"_links":{"self":[{"href":"https:\/\/aldiachaco.com.ar\/index.php\/wp-json\/wp\/v2\/posts\/10289","targetHints":{"allow":["GET"]}}],"collection":[{"href":"https:\/\/aldiachaco.com.ar\/index.php\/wp-json\/wp\/v2\/posts"}],"about":[{"href":"https:\/\/aldiachaco.com.ar\/index.php\/wp-json\/wp\/v2\/types\/post"}],"author":[{"embeddable":true,"href":"https:\/\/aldiachaco.com.ar\/index.php\/wp-json\/wp\/v2\/users\/1"}],"replies":[{"embeddable":true,"href":"https:\/\/aldiachaco.com.ar\/index.php\/wp-json\/wp\/v2\/comments?post=10289"}],"version-history":[{"count":1,"href":"https:\/\/aldiachaco.com.ar\/index.php\/wp-json\/wp\/v2\/posts\/10289\/revisions"}],"predecessor-version":[{"id":10291,"href":"https:\/\/aldiachaco.com.ar\/index.php\/wp-json\/wp\/v2\/posts\/10289\/revisions\/10291"}],"wp:featuredmedia":[{"embeddable":true,"href":"https:\/\/aldiachaco.com.ar\/index.php\/wp-json\/wp\/v2\/media\/10290"}],"wp:attachment":[{"href":"https:\/\/aldiachaco.com.ar\/index.php\/wp-json\/wp\/v2\/media?parent=10289"}],"wp:term":[{"taxonomy":"category","embeddable":true,"href":"https:\/\/aldiachaco.com.ar\/index.php\/wp-json\/wp\/v2\/categories?post=10289"},{"taxonomy":"post_tag","embeddable":true,"href":"https:\/\/aldiachaco.com.ar\/index.php\/wp-json\/wp\/v2\/tags?post=10289"}],"curies":[{"name":"wp","href":"https:\/\/api.w.org\/{rel}","templated":true}]}}